{"id":1780,"date":"2018-05-23T14:17:32","date_gmt":"2018-05-23T12:17:32","guid":{"rendered":"https:\/\/www.opuzen.hr\/grad\/?p=1780"},"modified":"2023-10-12T13:31:18","modified_gmt":"2023-10-12T11:31:18","slug":"grad-opuzen-zapoceo-je-sa-realizacijom-projekta-rekonstrukcije-nerazvrstane-ceste-nc97-jasenska","status":"publish","type":"post","link":"https:\/\/www.opuzen.hr\/grad\/grad-opuzen-zapoceo-je-sa-realizacijom-projekta-rekonstrukcije-nerazvrstane-ceste-nc97-jasenska\/","title":{"rendered":"Grad Opuzen zapo\u010deo je sa realizacijom projekta Rekonstrukcije nerazvrstane ceste NC97 &#8211; Jasenska"},"content":{"rendered":"<p>Grad Opuzen zapo\u010deo je sa realizacijom projekta Rekonstrukcije nerazvrstane ceste NC97 &#8211; Jasenska. Izvo\u0111a\u010d radova je PODUZE\u0106E ZA CESTE SPLIT d.d., Sv. Mihovila 1, 21 204 Dugopolje. Vrijednost ugovorenih radova iznosi 4.756.568,51 kuna sa PDV-om. Stru\u010dni nadzor nad izvo\u0111enjem radova obavljat \u0107e GEOPROMING d.o.o., Trg dr. Franje Tu\u0111mana 1, 20350 Metkovi\u0107. Vrijednost ugovorene usluge kompletnog stru\u010dnog nadzora nad izvo\u0111enjem radova na Rekonstrukciji nerazvrstane ceste NC97 &#8211; Jasenska u Opuzenu iznosi 117.500,00 kuna sa PDV-om. Dana 22. svibnja 2018. godine izvo\u0111a\u010d radova uveden je u posao, a rok izvo\u0111enja radova je 4 (\u010detiri) mjeseca.<\/p>\n<p>Za ovaj Projekt je Grad Opuzen, 21. prosinca 2016. godine, podnio Zahtjev za potporu za ulaganje u gra\u0111enje nerazvrstane ceste temeljem natje\u010daja za tip operacije 7.2.2. \u201eUlaganja u gra\u0111enje nerazvrstanih cesta\u201c iz Programa ruralnog razvoja RH za razdoblje 2014. \u2013 2020., a 02. sije\u010dnja 2018. godine zaprimio Odluku o prihvatljivosti te je nakon toga, dana 08. velja\u010de 2018. godine, zaklju\u010den Ugovor o financiranju izme\u0111u Agencije za pla\u0107anja u poljoprivredi, ribarstvu i ruralnom razvoju i Grada Opuzena<\/p>\n<p>Op\u0107i cilj projekta je ulaganje u javnu\/komunalnu infrastrukturu s ciljem pove\u0107anja kvalitete \u017eivota u gradu Opuzenu, smanjenje ruralne depopulacije, za\u0161tita okoli\u0161a te osiguranje preduvjeta za gospodarski rast.<\/p>\n<p><strong>Specifi\u010dni ciljevi:<\/strong><\/p>\n<ul>\n<li>Rekonstrukcijom nerazvrstane ceste omogu\u0107iti sigurniji i kvalitetniji pristup do pojedinih gospodarskih subjekata te osigurati bolju povezanost sa naseljem Buk Vlaka i Poduzetni\u010dkom zonom Opuzen.<\/li>\n<li>Pobolj\u0161anje kvalitete \u017eivota lokalnog stanovni\u0161tva podizanjem komunalnih standarda.<\/li>\n<li>Pobolj\u0161anje javne\/komunalne infrastrukture pove\u0107anjem aktivnosti ulaganja.<\/li>\n<\/ul>\n<p>Provedbom projekta doprinijeti \u0107e se sustavu koji predstavlja uravnote\u017eeni razvoj i cjelokupni napredak na podru\u010dju Grada.<\/p>\n<p>Provedbom projekta izravno se doprinosi pove\u0107anju komunalnog standarda, ure\u0111enosti naselja, boljoj kvaliteti \u017eivota te razvoju osnovnih preduvjeta za razvoj gospodarske aktivnosti.<\/p>\n<p><strong>O\u010dekivani rezultati:<\/strong><\/p>\n<ul>\n<li>Rekonstrukcijom nerazvrstane ceste, sada makadamskog puta, osigurati \u0107e se sigurniji i kvalitetniji prilaz do gospodarskih subjekata te njihovu bolju povezanost sa naseljem Buk Vlaka te Poduzetni\u010dkom zonom Opuzen. Indikator (I): km rekonstruirane ceste. O\u010dekivani rezultat (OR): 7 km.<\/li>\n<li>Pobolj\u0161anje kvalitete \u017eivota lokalnog stanovni\u0161tva aktivnostima ulaganja u javnu\/komunalnu infrastrukturu. I: % stanovni\u0161tva obuhva\u0107en aktivno\u0161\u0107u ulaganja i broj gospodarskih subjekata. OR: 98,96 % stanovni\u0161tva obuhva\u0107eno uslugom i 6 gospodarskih subjekata.<\/li>\n<li>Pove\u0107anje aktivnosti ulaganja u javnu\/komunalnu infrastrukturu. I: % vrijednosti ulaganja u odnosu na prethodnu godinu i broj gospodarskih subjekata\/korisnika infrastrukture. OR: pove\u0107ana vrijednost aktivnosti ulaganja za 200% u odnosu na prethodnu godinu i 6 gospodarskih subjekata.<\/li>\n<\/ul>\n<p><strong><a href=\"https:\/\/www.opuzen.hr\/grad\/rekonstrukcija-nerazvrstane-ceste-nc97-jasenska\/\" target=\"_blank\" rel=\"noopener noreferrer\">Vi\u0161e o Projektu<\/a><\/strong><\/p>\n","protected":false},"excerpt":{"rendered":"<p>Grad Opuzen zapo\u010deo je sa realizacijom projekta Rekonstrukcije nerazvrstane ceste NC97 &#8211; Jasenska. Izvo\u0111a\u010d radova&#8230;<\/p>\n","protected":false},"author":3,"featured_media":1754,"comment_status":"closed","ping_status":"closed","sticky":false,"template":"","format":"standard","meta":{"footnotes":""},"categories":[4,116],"tags":[10,119,118,117],"class_list":["post-1780","post","type-post","status-publish","format-standard","has-post-thumbnail","hentry","category-novosti","category-rekonstrukcija-nerazvrstane-ceste-nc97-jasenska","tag-jasenska","tag-nc97","tag-nerazvrstana-ceste-nc97-jasenska","tag-rekonstrukcija","wpcat-4-id","wpcat-116-id"],"yoast_head":"<!-- This site is optimized with the Yoast SEO plugin v23.1 - https:\/\/yoast.com\/wordpress\/plugins\/seo\/ -->\n<title>Grad Opuzen zapo\u010deo je sa realizacijom projekta Rekonstrukcije nerazvrstane ceste NC97 - Jasenska - Grad Opuzen<\/title>\n<meta name=\"robots\" content=\"index, follow, max-snippet:-1, max-image-preview:large, max-video-preview:-1\" \/>\n<link rel=\"canonical\" href=\"https:\/\/www.opuzen.hr\/grad\/grad-opuzen-zapoceo-je-sa-realizacijom-projekta-rekonstrukcije-nerazvrstane-ceste-nc97-jasenska\/\" \/>\n<meta property=\"og:locale\" content=\"hr_HR\" \/>\n<meta property=\"og:type\" content=\"article\" \/>\n<meta property=\"og:title\" content=\"Grad Opuzen zapo\u010deo je sa realizacijom projekta Rekonstrukcije nerazvrstane ceste NC97 - Jasenska - Grad Opuzen\" \/>\n<meta property=\"og:description\" content=\"Grad Opuzen zapo\u010deo je sa realizacijom projekta Rekonstrukcije nerazvrstane ceste NC97 &#8211; Jasenska. Izvo\u0111a\u010d radova...\" \/>\n<meta property=\"og:url\" content=\"https:\/\/www.opuzen.hr\/grad\/grad-opuzen-zapoceo-je-sa-realizacijom-projekta-rekonstrukcije-nerazvrstane-ceste-nc97-jasenska\/\" \/>\n<meta property=\"og:site_name\" content=\"Grad Opuzen\" \/>\n<meta property=\"article:published_time\" content=\"2018-05-23T12:17:32+00:00\" \/>\n<meta property=\"article:modified_time\" content=\"2023-10-12T11:31:18+00:00\" \/>\n<meta property=\"og:image\" content=\"https:\/\/www.opuzen.hr\/grad\/wp-content\/uploads\/2018\/05\/Rekonstrukcija-NC97-03.jpg\" \/>\n\t<meta property=\"og:image:width\" content=\"1022\" \/>\n\t<meta property=\"og:image:height\" content=\"768\" \/>\n\t<meta property=\"og:image:type\" content=\"image\/jpeg\" \/>\n<meta name=\"author\" content=\"Grad Opuzen\" \/>\n<meta name=\"twitter:card\" content=\"summary_large_image\" \/>\n<meta name=\"twitter:label1\" content=\"Napisao\/la\" \/>\n\t<meta name=\"twitter:data1\" content=\"Grad Opuzen\" \/>\n\t<meta name=\"twitter:label2\" content=\"Procijenjeno vrijeme \u010ditanja\" \/>\n\t<meta name=\"twitter:data2\" content=\"2 minute\" \/>\n<script type=\"application\/ld+json\" class=\"yoast-schema-graph\">{\"@context\":\"https:\/\/schema.org\",\"@graph\":[{\"@type\":\"Article\",\"@id\":\"https:\/\/www.opuzen.hr\/grad\/grad-opuzen-zapoceo-je-sa-realizacijom-projekta-rekonstrukcije-nerazvrstane-ceste-nc97-jasenska\/#article\",\"isPartOf\":{\"@id\":\"https:\/\/www.opuzen.hr\/grad\/grad-opuzen-zapoceo-je-sa-realizacijom-projekta-rekonstrukcije-nerazvrstane-ceste-nc97-jasenska\/\"},\"author\":{\"name\":\"Grad Opuzen\",\"@id\":\"https:\/\/www.opuzen.hr\/grad\/#\/schema\/person\/0a17a9796898e9409a1fa4ca7448a481\"},\"headline\":\"Grad Opuzen zapo\u010deo je sa realizacijom projekta Rekonstrukcije nerazvrstane ceste NC97 &#8211; Jasenska\",\"datePublished\":\"2018-05-23T12:17:32+00:00\",\"dateModified\":\"2023-10-12T11:31:18+00:00\",\"mainEntityOfPage\":{\"@id\":\"https:\/\/www.opuzen.hr\/grad\/grad-opuzen-zapoceo-je-sa-realizacijom-projekta-rekonstrukcije-nerazvrstane-ceste-nc97-jasenska\/\"},\"wordCount\":422,\"publisher\":{\"@id\":\"https:\/\/www.opuzen.hr\/grad\/#organization\"},\"image\":{\"@id\":\"https:\/\/www.opuzen.hr\/grad\/grad-opuzen-zapoceo-je-sa-realizacijom-projekta-rekonstrukcije-nerazvrstane-ceste-nc97-jasenska\/#primaryimage\"},\"thumbnailUrl\":\"https:\/\/www.opuzen.hr\/grad\/wp-content\/uploads\/2018\/05\/Rekonstrukcija-NC97-03.jpg\",\"keywords\":[\"Jasenska\",\"NC97\",\"nerazvrstana ceste NC97 \u2013 Jasenska\",\"Rekonstrukcija\"],\"articleSection\":[\"Novosti\",\"Rekonstrukcija nerazvrstane ceste NC97 - Jasenska\"],\"inLanguage\":\"hr\"},{\"@type\":\"WebPage\",\"@id\":\"https:\/\/www.opuzen.hr\/grad\/grad-opuzen-zapoceo-je-sa-realizacijom-projekta-rekonstrukcije-nerazvrstane-ceste-nc97-jasenska\/\",\"url\":\"https:\/\/www.opuzen.hr\/grad\/grad-opuzen-zapoceo-je-sa-realizacijom-projekta-rekonstrukcije-nerazvrstane-ceste-nc97-jasenska\/\",\"name\":\"Grad Opuzen zapo\u010deo je sa realizacijom projekta Rekonstrukcije nerazvrstane ceste NC97 - Jasenska - Grad Opuzen\",\"isPartOf\":{\"@id\":\"https:\/\/www.opuzen.hr\/grad\/#website\"},\"primaryImageOfPage\":{\"@id\":\"https:\/\/www.opuzen.hr\/grad\/grad-opuzen-zapoceo-je-sa-realizacijom-projekta-rekonstrukcije-nerazvrstane-ceste-nc97-jasenska\/#primaryimage\"},\"image\":{\"@id\":\"https:\/\/www.opuzen.hr\/grad\/grad-opuzen-zapoceo-je-sa-realizacijom-projekta-rekonstrukcije-nerazvrstane-ceste-nc97-jasenska\/#primaryimage\"},\"thumbnailUrl\":\"https:\/\/www.opuzen.hr\/grad\/wp-content\/uploads\/2018\/05\/Rekonstrukcija-NC97-03.jpg\",\"datePublished\":\"2018-05-23T12:17:32+00:00\",\"dateModified\":\"2023-10-12T11:31:18+00:00\",\"breadcrumb\":{\"@id\":\"https:\/\/www.opuzen.hr\/grad\/grad-opuzen-zapoceo-je-sa-realizacijom-projekta-rekonstrukcije-nerazvrstane-ceste-nc97-jasenska\/#breadcrumb\"},\"inLanguage\":\"hr\",\"potentialAction\":[{\"@type\":\"ReadAction\",\"target\":[\"https:\/\/www.opuzen.hr\/grad\/grad-opuzen-zapoceo-je-sa-realizacijom-projekta-rekonstrukcije-nerazvrstane-ceste-nc97-jasenska\/\"]}]},{\"@type\":\"ImageObject\",\"inLanguage\":\"hr\",\"@id\":\"https:\/\/www.opuzen.hr\/grad\/grad-opuzen-zapoceo-je-sa-realizacijom-projekta-rekonstrukcije-nerazvrstane-ceste-nc97-jasenska\/#primaryimage\",\"url\":\"https:\/\/www.opuzen.hr\/grad\/wp-content\/uploads\/2018\/05\/Rekonstrukcija-NC97-03.jpg\",\"contentUrl\":\"https:\/\/www.opuzen.hr\/grad\/wp-content\/uploads\/2018\/05\/Rekonstrukcija-NC97-03.jpg\",\"width\":1022,\"height\":768},{\"@type\":\"BreadcrumbList\",\"@id\":\"https:\/\/www.opuzen.hr\/grad\/grad-opuzen-zapoceo-je-sa-realizacijom-projekta-rekonstrukcije-nerazvrstane-ceste-nc97-jasenska\/#breadcrumb\",\"itemListElement\":[{\"@type\":\"ListItem\",\"position\":1,\"name\":\"Po\u010detna stranica\",\"item\":\"https:\/\/www.opuzen.hr\/grad\/\"},{\"@type\":\"ListItem\",\"position\":2,\"name\":\"Grad Opuzen zapo\u010deo je sa realizacijom projekta Rekonstrukcije nerazvrstane ceste NC97 &#8211; Jasenska\"}]},{\"@type\":\"WebSite\",\"@id\":\"https:\/\/www.opuzen.hr\/grad\/#website\",\"url\":\"https:\/\/www.opuzen.hr\/grad\/\",\"name\":\"Grad Opuzen\",\"description\":\"Slu\u017ebene mre\u017ene stranice Grada Opuzena\",\"publisher\":{\"@id\":\"https:\/\/www.opuzen.hr\/grad\/#organization\"},\"potentialAction\":[{\"@type\":\"SearchAction\",\"target\":{\"@type\":\"EntryPoint\",\"urlTemplate\":\"https:\/\/www.opuzen.hr\/grad\/?s={search_term_string}\"},\"query-input\":\"required name=search_term_string\"}],\"inLanguage\":\"hr\"},{\"@type\":\"Organization\",\"@id\":\"https:\/\/www.opuzen.hr\/grad\/#organization\",\"name\":\"Grad Opuzen\",\"url\":\"https:\/\/www.opuzen.hr\/grad\/\",\"logo\":{\"@type\":\"ImageObject\",\"inLanguage\":\"hr\",\"@id\":\"https:\/\/www.opuzen.hr\/grad\/#\/schema\/logo\/image\/\",\"url\":\"https:\/\/www.opuzen.hr\/grad\/wp-content\/uploads\/2018\/02\/logo-opuzen.jpg\",\"contentUrl\":\"https:\/\/www.opuzen.hr\/grad\/wp-content\/uploads\/2018\/02\/logo-opuzen.jpg\",\"width\":400,\"height\":400,\"caption\":\"Grad Opuzen\"},\"image\":{\"@id\":\"https:\/\/www.opuzen.hr\/grad\/#\/schema\/logo\/image\/\"}},{\"@type\":\"Person\",\"@id\":\"https:\/\/www.opuzen.hr\/grad\/#\/schema\/person\/0a17a9796898e9409a1fa4ca7448a481\",\"name\":\"Grad Opuzen\",\"image\":{\"@type\":\"ImageObject\",\"inLanguage\":\"hr\",\"@id\":\"https:\/\/www.opuzen.hr\/grad\/#\/schema\/person\/image\/\",\"url\":\"https:\/\/secure.gravatar.com\/avatar\/0c54089de4fcf14c0fe3355109a3ac05?s=96&d=mm&r=g\",\"contentUrl\":\"https:\/\/secure.gravatar.com\/avatar\/0c54089de4fcf14c0fe3355109a3ac05?s=96&d=mm&r=g\",\"caption\":\"Grad Opuzen\"},\"url\":\"https:\/\/www.opuzen.hr\/grad\/author\/admin\/\"}]}<\/script>\n<!-- \/ Yoast SEO plugin. -->","yoast_head_json":{"title":"Grad Opuzen zapo\u010deo je sa realizacijom projekta Rekonstrukcije nerazvrstane ceste NC97 - Jasenska - Grad Opuzen","robots":{"index":"index","follow":"follow","max-snippet":"max-snippet:-1","max-image-preview":"max-image-preview:large","max-video-preview":"max-video-preview:-1"},"canonical":"https:\/\/www.opuzen.hr\/grad\/grad-opuzen-zapoceo-je-sa-realizacijom-projekta-rekonstrukcije-nerazvrstane-ceste-nc97-jasenska\/","og_locale":"hr_HR","og_type":"article","og_title":"Grad Opuzen zapo\u010deo je sa realizacijom projekta Rekonstrukcije nerazvrstane ceste NC97 - Jasenska - Grad Opuzen","og_description":"Grad Opuzen zapo\u010deo je sa realizacijom projekta Rekonstrukcije nerazvrstane ceste NC97 &#8211; Jasenska. Izvo\u0111a\u010d radova...","og_url":"https:\/\/www.opuzen.hr\/grad\/grad-opuzen-zapoceo-je-sa-realizacijom-projekta-rekonstrukcije-nerazvrstane-ceste-nc97-jasenska\/","og_site_name":"Grad Opuzen","article_published_time":"2018-05-23T12:17:32+00:00","article_modified_time":"2023-10-12T11:31:18+00:00","og_image":[{"width":1022,"height":768,"url":"https:\/\/www.opuzen.hr\/grad\/wp-content\/uploads\/2018\/05\/Rekonstrukcija-NC97-03.jpg","type":"image\/jpeg"}],"author":"Grad Opuzen","twitter_card":"summary_large_image","twitter_misc":{"Napisao\/la":"Grad Opuzen","Procijenjeno vrijeme \u010ditanja":"2 minute"},"schema":{"@context":"https:\/\/schema.org","@graph":[{"@type":"Article","@id":"https:\/\/www.opuzen.hr\/grad\/grad-opuzen-zapoceo-je-sa-realizacijom-projekta-rekonstrukcije-nerazvrstane-ceste-nc97-jasenska\/#article","isPartOf":{"@id":"https:\/\/www.opuzen.hr\/grad\/grad-opuzen-zapoceo-je-sa-realizacijom-projekta-rekonstrukcije-nerazvrstane-ceste-nc97-jasenska\/"},"author":{"name":"Grad Opuzen","@id":"https:\/\/www.opuzen.hr\/grad\/#\/schema\/person\/0a17a9796898e9409a1fa4ca7448a481"},"headline":"Grad Opuzen zapo\u010deo je sa realizacijom projekta Rekonstrukcije nerazvrstane ceste NC97 &#8211; Jasenska","datePublished":"2018-05-23T12:17:32+00:00","dateModified":"2023-10-12T11:31:18+00:00","mainEntityOfPage":{"@id":"https:\/\/www.opuzen.hr\/grad\/grad-opuzen-zapoceo-je-sa-realizacijom-projekta-rekonstrukcije-nerazvrstane-ceste-nc97-jasenska\/"},"wordCount":422,"publisher":{"@id":"https:\/\/www.opuzen.hr\/grad\/#organization"},"image":{"@id":"https:\/\/www.opuzen.hr\/grad\/grad-opuzen-zapoceo-je-sa-realizacijom-projekta-rekonstrukcije-nerazvrstane-ceste-nc97-jasenska\/#primaryimage"},"thumbnailUrl":"https:\/\/www.opuzen.hr\/grad\/wp-content\/uploads\/2018\/05\/Rekonstrukcija-NC97-03.jpg","keywords":["Jasenska","NC97","nerazvrstana ceste NC97 \u2013 Jasenska","Rekonstrukcija"],"articleSection":["Novosti","Rekonstrukcija nerazvrstane ceste NC97 - Jasenska"],"inLanguage":"hr"},{"@type":"WebPage","@id":"https:\/\/www.opuzen.hr\/grad\/grad-opuzen-zapoceo-je-sa-realizacijom-projekta-rekonstrukcije-nerazvrstane-ceste-nc97-jasenska\/","url":"https:\/\/www.opuzen.hr\/grad\/grad-opuzen-zapoceo-je-sa-realizacijom-projekta-rekonstrukcije-nerazvrstane-ceste-nc97-jasenska\/","name":"Grad Opuzen zapo\u010deo je sa realizacijom projekta Rekonstrukcije nerazvrstane ceste NC97 - Jasenska - Grad Opuzen","isPartOf":{"@id":"https:\/\/www.opuzen.hr\/grad\/#website"},"primaryImageOfPage":{"@id":"https:\/\/www.opuzen.hr\/grad\/grad-opuzen-zapoceo-je-sa-realizacijom-projekta-rekonstrukcije-nerazvrstane-ceste-nc97-jasenska\/#primaryimage"},"image":{"@id":"https:\/\/www.opuzen.hr\/grad\/grad-opuzen-zapoceo-je-sa-realizacijom-projekta-rekonstrukcije-nerazvrstane-ceste-nc97-jasenska\/#primaryimage"},"thumbnailUrl":"https:\/\/www.opuzen.hr\/grad\/wp-content\/uploads\/2018\/05\/Rekonstrukcija-NC97-03.jpg","datePublished":"2018-05-23T12:17:32+00:00","dateModified":"2023-10-12T11:31:18+00:00","breadcrumb":{"@id":"https:\/\/www.opuzen.hr\/grad\/grad-opuzen-zapoceo-je-sa-realizacijom-projekta-rekonstrukcije-nerazvrstane-ceste-nc97-jasenska\/#breadcrumb"},"inLanguage":"hr","potentialAction":[{"@type":"ReadAction","target":["https:\/\/www.opuzen.hr\/grad\/grad-opuzen-zapoceo-je-sa-realizacijom-projekta-rekonstrukcije-nerazvrstane-ceste-nc97-jasenska\/"]}]},{"@type":"ImageObject","inLanguage":"hr","@id":"https:\/\/www.opuzen.hr\/grad\/grad-opuzen-zapoceo-je-sa-realizacijom-projekta-rekonstrukcije-nerazvrstane-ceste-nc97-jasenska\/#primaryimage","url":"https:\/\/www.opuzen.hr\/grad\/wp-content\/uploads\/2018\/05\/Rekonstrukcija-NC97-03.jpg","contentUrl":"https:\/\/www.opuzen.hr\/grad\/wp-content\/uploads\/2018\/05\/Rekonstrukcija-NC97-03.jpg","width":1022,"height":768},{"@type":"BreadcrumbList","@id":"https:\/\/www.opuzen.hr\/grad\/grad-opuzen-zapoceo-je-sa-realizacijom-projekta-rekonstrukcije-nerazvrstane-ceste-nc97-jasenska\/#breadcrumb","itemListElement":[{"@type":"ListItem","position":1,"name":"Po\u010detna stranica","item":"https:\/\/www.opuzen.hr\/grad\/"},{"@type":"ListItem","position":2,"name":"Grad Opuzen zapo\u010deo je sa realizacijom projekta Rekonstrukcije nerazvrstane ceste NC97 &#8211; Jasenska"}]},{"@type":"WebSite","@id":"https:\/\/www.opuzen.hr\/grad\/#website","url":"https:\/\/www.opuzen.hr\/grad\/","name":"Grad Opuzen","description":"Slu\u017ebene mre\u017ene stranice Grada Opuzena","publisher":{"@id":"https:\/\/www.opuzen.hr\/grad\/#organization"},"potentialAction":[{"@type":"SearchAction","target":{"@type":"EntryPoint","urlTemplate":"https:\/\/www.opuzen.hr\/grad\/?s={search_term_string}"},"query-input":"required name=search_term_string"}],"inLanguage":"hr"},{"@type":"Organization","@id":"https:\/\/www.opuzen.hr\/grad\/#organization","name":"Grad Opuzen","url":"https:\/\/www.opuzen.hr\/grad\/","logo":{"@type":"ImageObject","inLanguage":"hr","@id":"https:\/\/www.opuzen.hr\/grad\/#\/schema\/logo\/image\/","url":"https:\/\/www.opuzen.hr\/grad\/wp-content\/uploads\/2018\/02\/logo-opuzen.jpg","contentUrl":"https:\/\/www.opuzen.hr\/grad\/wp-content\/uploads\/2018\/02\/logo-opuzen.jpg","width":400,"height":400,"caption":"Grad Opuzen"},"image":{"@id":"https:\/\/www.opuzen.hr\/grad\/#\/schema\/logo\/image\/"}},{"@type":"Person","@id":"https:\/\/www.opuzen.hr\/grad\/#\/schema\/person\/0a17a9796898e9409a1fa4ca7448a481","name":"Grad Opuzen","image":{"@type":"ImageObject","inLanguage":"hr","@id":"https:\/\/www.opuzen.hr\/grad\/#\/schema\/person\/image\/","url":"https:\/\/secure.gravatar.com\/avatar\/0c54089de4fcf14c0fe3355109a3ac05?s=96&d=mm&r=g","contentUrl":"https:\/\/secure.gravatar.com\/avatar\/0c54089de4fcf14c0fe3355109a3ac05?s=96&d=mm&r=g","caption":"Grad Opuzen"},"url":"https:\/\/www.opuzen.hr\/grad\/author\/admin\/"}]}},"_links":{"self":[{"href":"https:\/\/www.opuzen.hr\/grad\/wp-json\/wp\/v2\/posts\/1780"}],"collection":[{"href":"https:\/\/www.opuzen.hr\/grad\/wp-json\/wp\/v2\/posts"}],"about":[{"href":"https:\/\/www.opuzen.hr\/grad\/wp-json\/wp\/v2\/types\/post"}],"author":[{"embeddable":true,"href":"https:\/\/www.opuzen.hr\/grad\/wp-json\/wp\/v2\/users\/3"}],"replies":[{"embeddable":true,"href":"https:\/\/www.opuzen.hr\/grad\/wp-json\/wp\/v2\/comments?post=1780"}],"version-history":[{"count":3,"href":"https:\/\/www.opuzen.hr\/grad\/wp-json\/wp\/v2\/posts\/1780\/revisions"}],"predecessor-version":[{"id":45886,"href":"https:\/\/www.opuzen.hr\/grad\/wp-json\/wp\/v2\/posts\/1780\/revisions\/45886"}],"wp:featuredmedia":[{"embeddable":true,"href":"https:\/\/www.opuzen.hr\/grad\/wp-json\/wp\/v2\/media\/1754"}],"wp:attachment":[{"href":"https:\/\/www.opuzen.hr\/grad\/wp-json\/wp\/v2\/media?parent=1780"}],"wp:term":[{"taxonomy":"category","embeddable":true,"href":"https:\/\/www.opuzen.hr\/grad\/wp-json\/wp\/v2\/categories?post=1780"},{"taxonomy":"post_tag","embeddable":true,"href":"https:\/\/www.opuzen.hr\/grad\/wp-json\/wp\/v2\/tags?post=1780"}],"curies":[{"name":"wp","href":"https:\/\/api.w.org\/{rel}","templated":true}]}}