{"id":2586,"date":"2018-08-03T13:18:20","date_gmt":"2018-08-03T11:18:20","guid":{"rendered":"https:\/\/www.opuzen.hr\/grad\/?p=2586"},"modified":"2023-10-12T13:30:39","modified_gmt":"2023-10-12T11:30:39","slug":"cestitka-povodom-dana-grada-opuzena-i-blagdana-sv-stjepana","status":"publish","type":"post","link":"https:\/\/www.opuzen.hr\/grad\/cestitka-povodom-dana-grada-opuzena-i-blagdana-sv-stjepana\/","title":{"rendered":"\u010cestitka povodom Dana grada Opuzena i blagdana sv. Stjepana"},"content":{"rendered":"<p>Po\u0161tovane sugra\u0111anke i sugra\u0111ani,<!--more--><\/p>\n<p>U ime Gradskog vije\u0107a i svoje osobno ime, od srca Vam \u010destitam blagdan svetog Stjepana prvomu\u010denika &#8211; Dana \u017eupe i Dana grada Opuzena sa \u017eeljom da svi zajedno uz zagovor nebeskog za\u0161titnika na\u0161 Opuzen izgradimo u grad sretnih i zadovojnih ljudi.<\/p>\n<p>Va\u0161 Gradona\u010delnik<\/p>\n<p>Ivo Mihaljevi\u0107<\/p>\n","protected":false},"excerpt":{"rendered":"<p>Po\u0161tovane sugra\u0111anke i sugra\u0111ani,<\/p>\n","protected":false},"author":3,"featured_media":153,"comment_status":"closed","ping_status":"closed","sticky":false,"template":"","format":"standard","meta":{"footnotes":""},"categories":[4],"tags":[],"class_list":["post-2586","post","type-post","status-publish","format-standard","has-post-thumbnail","hentry","category-novosti","wpcat-4-id"],"yoast_head":"<!-- This site is optimized with the Yoast SEO plugin v23.1 - https:\/\/yoast.com\/wordpress\/plugins\/seo\/ -->\n<title>\u010cestitka povodom Dana grada Opuzena i blagdana sv. Stjepana - Grad Opuzen<\/title>\n<meta name=\"robots\" content=\"index, follow, max-snippet:-1, max-image-preview:large, max-video-preview:-1\" \/>\n<link rel=\"canonical\" href=\"https:\/\/www.opuzen.hr\/grad\/cestitka-povodom-dana-grada-opuzena-i-blagdana-sv-stjepana\/\" \/>\n<meta property=\"og:locale\" content=\"hr_HR\" \/>\n<meta property=\"og:type\" content=\"article\" \/>\n<meta property=\"og:title\" content=\"\u010cestitka povodom Dana grada Opuzena i blagdana sv. Stjepana - Grad Opuzen\" \/>\n<meta property=\"og:description\" content=\"Po\u0161tovane sugra\u0111anke i sugra\u0111ani,\" \/>\n<meta property=\"og:url\" content=\"https:\/\/www.opuzen.hr\/grad\/cestitka-povodom-dana-grada-opuzena-i-blagdana-sv-stjepana\/\" \/>\n<meta property=\"og:site_name\" content=\"Grad Opuzen\" \/>\n<meta property=\"article:published_time\" content=\"2018-08-03T11:18:20+00:00\" \/>\n<meta property=\"article:modified_time\" content=\"2023-10-12T11:30:39+00:00\" \/>\n<meta property=\"og:image\" content=\"https:\/\/www.opuzen.hr\/grad\/wp-content\/uploads\/2018\/02\/Grad-Opuzen-trg-i-vijecnica.jpg\" \/>\n\t<meta property=\"og:image:width\" content=\"2048\" \/>\n\t<meta property=\"og:image:height\" content=\"1365\" \/>\n\t<meta property=\"og:image:type\" content=\"image\/jpeg\" \/>\n<meta name=\"author\" content=\"Grad Opuzen\" \/>\n<meta name=\"twitter:card\" content=\"summary_large_image\" \/>\n<meta name=\"twitter:label1\" content=\"Napisao\/la\" \/>\n\t<meta name=\"twitter:data1\" content=\"Grad Opuzen\" \/>\n<script type=\"application\/ld+json\" class=\"yoast-schema-graph\">{\"@context\":\"https:\/\/schema.org\",\"@graph\":[{\"@type\":\"Article\",\"@id\":\"https:\/\/www.opuzen.hr\/grad\/cestitka-povodom-dana-grada-opuzena-i-blagdana-sv-stjepana\/#article\",\"isPartOf\":{\"@id\":\"https:\/\/www.opuzen.hr\/grad\/cestitka-povodom-dana-grada-opuzena-i-blagdana-sv-stjepana\/\"},\"author\":{\"name\":\"Grad Opuzen\",\"@id\":\"https:\/\/www.opuzen.hr\/grad\/#\/schema\/person\/0a17a9796898e9409a1fa4ca7448a481\"},\"headline\":\"\u010cestitka povodom Dana grada Opuzena i blagdana sv. Stjepana\",\"datePublished\":\"2018-08-03T11:18:20+00:00\",\"dateModified\":\"2023-10-12T11:30:39+00:00\",\"mainEntityOfPage\":{\"@id\":\"https:\/\/www.opuzen.hr\/grad\/cestitka-povodom-dana-grada-opuzena-i-blagdana-sv-stjepana\/\"},\"wordCount\":65,\"publisher\":{\"@id\":\"https:\/\/www.opuzen.hr\/grad\/#organization\"},\"image\":{\"@id\":\"https:\/\/www.opuzen.hr\/grad\/cestitka-povodom-dana-grada-opuzena-i-blagdana-sv-stjepana\/#primaryimage\"},\"thumbnailUrl\":\"https:\/\/www.opuzen.hr\/grad\/wp-content\/uploads\/2018\/02\/Grad-Opuzen-trg-i-vijecnica.jpg\",\"articleSection\":[\"Novosti\"],\"inLanguage\":\"hr\"},{\"@type\":\"WebPage\",\"@id\":\"https:\/\/www.opuzen.hr\/grad\/cestitka-povodom-dana-grada-opuzena-i-blagdana-sv-stjepana\/\",\"url\":\"https:\/\/www.opuzen.hr\/grad\/cestitka-povodom-dana-grada-opuzena-i-blagdana-sv-stjepana\/\",\"name\":\"\u010cestitka povodom Dana grada Opuzena i blagdana sv. Stjepana - Grad Opuzen\",\"isPartOf\":{\"@id\":\"https:\/\/www.opuzen.hr\/grad\/#website\"},\"primaryImageOfPage\":{\"@id\":\"https:\/\/www.opuzen.hr\/grad\/cestitka-povodom-dana-grada-opuzena-i-blagdana-sv-stjepana\/#primaryimage\"},\"image\":{\"@id\":\"https:\/\/www.opuzen.hr\/grad\/cestitka-povodom-dana-grada-opuzena-i-blagdana-sv-stjepana\/#primaryimage\"},\"thumbnailUrl\":\"https:\/\/www.opuzen.hr\/grad\/wp-content\/uploads\/2018\/02\/Grad-Opuzen-trg-i-vijecnica.jpg\",\"datePublished\":\"2018-08-03T11:18:20+00:00\",\"dateModified\":\"2023-10-12T11:30:39+00:00\",\"breadcrumb\":{\"@id\":\"https:\/\/www.opuzen.hr\/grad\/cestitka-povodom-dana-grada-opuzena-i-blagdana-sv-stjepana\/#breadcrumb\"},\"inLanguage\":\"hr\",\"potentialAction\":[{\"@type\":\"ReadAction\",\"target\":[\"https:\/\/www.opuzen.hr\/grad\/cestitka-povodom-dana-grada-opuzena-i-blagdana-sv-stjepana\/\"]}]},{\"@type\":\"ImageObject\",\"inLanguage\":\"hr\",\"@id\":\"https:\/\/www.opuzen.hr\/grad\/cestitka-povodom-dana-grada-opuzena-i-blagdana-sv-stjepana\/#primaryimage\",\"url\":\"https:\/\/www.opuzen.hr\/grad\/wp-content\/uploads\/2018\/02\/Grad-Opuzen-trg-i-vijecnica.jpg\",\"contentUrl\":\"https:\/\/www.opuzen.hr\/grad\/wp-content\/uploads\/2018\/02\/Grad-Opuzen-trg-i-vijecnica.jpg\",\"width\":2048,\"height\":1365},{\"@type\":\"BreadcrumbList\",\"@id\":\"https:\/\/www.opuzen.hr\/grad\/cestitka-povodom-dana-grada-opuzena-i-blagdana-sv-stjepana\/#breadcrumb\",\"itemListElement\":[{\"@type\":\"ListItem\",\"position\":1,\"name\":\"Po\u010detna stranica\",\"item\":\"https:\/\/www.opuzen.hr\/grad\/\"},{\"@type\":\"ListItem\",\"position\":2,\"name\":\"\u010cestitka povodom Dana grada Opuzena i blagdana sv. Stjepana\"}]},{\"@type\":\"WebSite\",\"@id\":\"https:\/\/www.opuzen.hr\/grad\/#website\",\"url\":\"https:\/\/www.opuzen.hr\/grad\/\",\"name\":\"Grad Opuzen\",\"description\":\"Slu\u017ebene mre\u017ene stranice Grada Opuzena\",\"publisher\":{\"@id\":\"https:\/\/www.opuzen.hr\/grad\/#organization\"},\"potentialAction\":[{\"@type\":\"SearchAction\",\"target\":{\"@type\":\"EntryPoint\",\"urlTemplate\":\"https:\/\/www.opuzen.hr\/grad\/?s={search_term_string}\"},\"query-input\":\"required name=search_term_string\"}],\"inLanguage\":\"hr\"},{\"@type\":\"Organization\",\"@id\":\"https:\/\/www.opuzen.hr\/grad\/#organization\",\"name\":\"Grad Opuzen\",\"url\":\"https:\/\/www.opuzen.hr\/grad\/\",\"logo\":{\"@type\":\"ImageObject\",\"inLanguage\":\"hr\",\"@id\":\"https:\/\/www.opuzen.hr\/grad\/#\/schema\/logo\/image\/\",\"url\":\"https:\/\/www.opuzen.hr\/grad\/wp-content\/uploads\/2018\/02\/logo-opuzen.jpg\",\"contentUrl\":\"https:\/\/www.opuzen.hr\/grad\/wp-content\/uploads\/2018\/02\/logo-opuzen.jpg\",\"width\":400,\"height\":400,\"caption\":\"Grad Opuzen\"},\"image\":{\"@id\":\"https:\/\/www.opuzen.hr\/grad\/#\/schema\/logo\/image\/\"}},{\"@type\":\"Person\",\"@id\":\"https:\/\/www.opuzen.hr\/grad\/#\/schema\/person\/0a17a9796898e9409a1fa4ca7448a481\",\"name\":\"Grad Opuzen\",\"image\":{\"@type\":\"ImageObject\",\"inLanguage\":\"hr\",\"@id\":\"https:\/\/www.opuzen.hr\/grad\/#\/schema\/person\/image\/\",\"url\":\"https:\/\/secure.gravatar.com\/avatar\/0c54089de4fcf14c0fe3355109a3ac05?s=96&d=mm&r=g\",\"contentUrl\":\"https:\/\/secure.gravatar.com\/avatar\/0c54089de4fcf14c0fe3355109a3ac05?s=96&d=mm&r=g\",\"caption\":\"Grad Opuzen\"},\"url\":\"https:\/\/www.opuzen.hr\/grad\/author\/admin\/\"}]}<\/script>\n<!-- \/ Yoast SEO plugin. -->","yoast_head_json":{"title":"\u010cestitka povodom Dana grada Opuzena i blagdana sv. Stjepana - Grad Opuzen","robots":{"index":"index","follow":"follow","max-snippet":"max-snippet:-1","max-image-preview":"max-image-preview:large","max-video-preview":"max-video-preview:-1"},"canonical":"https:\/\/www.opuzen.hr\/grad\/cestitka-povodom-dana-grada-opuzena-i-blagdana-sv-stjepana\/","og_locale":"hr_HR","og_type":"article","og_title":"\u010cestitka povodom Dana grada Opuzena i blagdana sv. Stjepana - Grad Opuzen","og_description":"Po\u0161tovane sugra\u0111anke i sugra\u0111ani,","og_url":"https:\/\/www.opuzen.hr\/grad\/cestitka-povodom-dana-grada-opuzena-i-blagdana-sv-stjepana\/","og_site_name":"Grad Opuzen","article_published_time":"2018-08-03T11:18:20+00:00","article_modified_time":"2023-10-12T11:30:39+00:00","og_image":[{"width":2048,"height":1365,"url":"https:\/\/www.opuzen.hr\/grad\/wp-content\/uploads\/2018\/02\/Grad-Opuzen-trg-i-vijecnica.jpg","type":"image\/jpeg"}],"author":"Grad Opuzen","twitter_card":"summary_large_image","twitter_misc":{"Napisao\/la":"Grad Opuzen"},"schema":{"@context":"https:\/\/schema.org","@graph":[{"@type":"Article","@id":"https:\/\/www.opuzen.hr\/grad\/cestitka-povodom-dana-grada-opuzena-i-blagdana-sv-stjepana\/#article","isPartOf":{"@id":"https:\/\/www.opuzen.hr\/grad\/cestitka-povodom-dana-grada-opuzena-i-blagdana-sv-stjepana\/"},"author":{"name":"Grad Opuzen","@id":"https:\/\/www.opuzen.hr\/grad\/#\/schema\/person\/0a17a9796898e9409a1fa4ca7448a481"},"headline":"\u010cestitka povodom Dana grada Opuzena i blagdana sv. Stjepana","datePublished":"2018-08-03T11:18:20+00:00","dateModified":"2023-10-12T11:30:39+00:00","mainEntityOfPage":{"@id":"https:\/\/www.opuzen.hr\/grad\/cestitka-povodom-dana-grada-opuzena-i-blagdana-sv-stjepana\/"},"wordCount":65,"publisher":{"@id":"https:\/\/www.opuzen.hr\/grad\/#organization"},"image":{"@id":"https:\/\/www.opuzen.hr\/grad\/cestitka-povodom-dana-grada-opuzena-i-blagdana-sv-stjepana\/#primaryimage"},"thumbnailUrl":"https:\/\/www.opuzen.hr\/grad\/wp-content\/uploads\/2018\/02\/Grad-Opuzen-trg-i-vijecnica.jpg","articleSection":["Novosti"],"inLanguage":"hr"},{"@type":"WebPage","@id":"https:\/\/www.opuzen.hr\/grad\/cestitka-povodom-dana-grada-opuzena-i-blagdana-sv-stjepana\/","url":"https:\/\/www.opuzen.hr\/grad\/cestitka-povodom-dana-grada-opuzena-i-blagdana-sv-stjepana\/","name":"\u010cestitka povodom Dana grada Opuzena i blagdana sv. Stjepana - Grad Opuzen","isPartOf":{"@id":"https:\/\/www.opuzen.hr\/grad\/#website"},"primaryImageOfPage":{"@id":"https:\/\/www.opuzen.hr\/grad\/cestitka-povodom-dana-grada-opuzena-i-blagdana-sv-stjepana\/#primaryimage"},"image":{"@id":"https:\/\/www.opuzen.hr\/grad\/cestitka-povodom-dana-grada-opuzena-i-blagdana-sv-stjepana\/#primaryimage"},"thumbnailUrl":"https:\/\/www.opuzen.hr\/grad\/wp-content\/uploads\/2018\/02\/Grad-Opuzen-trg-i-vijecnica.jpg","datePublished":"2018-08-03T11:18:20+00:00","dateModified":"2023-10-12T11:30:39+00:00","breadcrumb":{"@id":"https:\/\/www.opuzen.hr\/grad\/cestitka-povodom-dana-grada-opuzena-i-blagdana-sv-stjepana\/#breadcrumb"},"inLanguage":"hr","potentialAction":[{"@type":"ReadAction","target":["https:\/\/www.opuzen.hr\/grad\/cestitka-povodom-dana-grada-opuzena-i-blagdana-sv-stjepana\/"]}]},{"@type":"ImageObject","inLanguage":"hr","@id":"https:\/\/www.opuzen.hr\/grad\/cestitka-povodom-dana-grada-opuzena-i-blagdana-sv-stjepana\/#primaryimage","url":"https:\/\/www.opuzen.hr\/grad\/wp-content\/uploads\/2018\/02\/Grad-Opuzen-trg-i-vijecnica.jpg","contentUrl":"https:\/\/www.opuzen.hr\/grad\/wp-content\/uploads\/2018\/02\/Grad-Opuzen-trg-i-vijecnica.jpg","width":2048,"height":1365},{"@type":"BreadcrumbList","@id":"https:\/\/www.opuzen.hr\/grad\/cestitka-povodom-dana-grada-opuzena-i-blagdana-sv-stjepana\/#breadcrumb","itemListElement":[{"@type":"ListItem","position":1,"name":"Po\u010detna stranica","item":"https:\/\/www.opuzen.hr\/grad\/"},{"@type":"ListItem","position":2,"name":"\u010cestitka povodom Dana grada Opuzena i blagdana sv. Stjepana"}]},{"@type":"WebSite","@id":"https:\/\/www.opuzen.hr\/grad\/#website","url":"https:\/\/www.opuzen.hr\/grad\/","name":"Grad Opuzen","description":"Slu\u017ebene mre\u017ene stranice Grada Opuzena","publisher":{"@id":"https:\/\/www.opuzen.hr\/grad\/#organization"},"potentialAction":[{"@type":"SearchAction","target":{"@type":"EntryPoint","urlTemplate":"https:\/\/www.opuzen.hr\/grad\/?s={search_term_string}"},"query-input":"required name=search_term_string"}],"inLanguage":"hr"},{"@type":"Organization","@id":"https:\/\/www.opuzen.hr\/grad\/#organization","name":"Grad Opuzen","url":"https:\/\/www.opuzen.hr\/grad\/","logo":{"@type":"ImageObject","inLanguage":"hr","@id":"https:\/\/www.opuzen.hr\/grad\/#\/schema\/logo\/image\/","url":"https:\/\/www.opuzen.hr\/grad\/wp-content\/uploads\/2018\/02\/logo-opuzen.jpg","contentUrl":"https:\/\/www.opuzen.hr\/grad\/wp-content\/uploads\/2018\/02\/logo-opuzen.jpg","width":400,"height":400,"caption":"Grad Opuzen"},"image":{"@id":"https:\/\/www.opuzen.hr\/grad\/#\/schema\/logo\/image\/"}},{"@type":"Person","@id":"https:\/\/www.opuzen.hr\/grad\/#\/schema\/person\/0a17a9796898e9409a1fa4ca7448a481","name":"Grad Opuzen","image":{"@type":"ImageObject","inLanguage":"hr","@id":"https:\/\/www.opuzen.hr\/grad\/#\/schema\/person\/image\/","url":"https:\/\/secure.gravatar.com\/avatar\/0c54089de4fcf14c0fe3355109a3ac05?s=96&d=mm&r=g","contentUrl":"https:\/\/secure.gravatar.com\/avatar\/0c54089de4fcf14c0fe3355109a3ac05?s=96&d=mm&r=g","caption":"Grad Opuzen"},"url":"https:\/\/www.opuzen.hr\/grad\/author\/admin\/"}]}},"_links":{"self":[{"href":"https:\/\/www.opuzen.hr\/grad\/wp-json\/wp\/v2\/posts\/2586"}],"collection":[{"href":"https:\/\/www.opuzen.hr\/grad\/wp-json\/wp\/v2\/posts"}],"about":[{"href":"https:\/\/www.opuzen.hr\/grad\/wp-json\/wp\/v2\/types\/post"}],"author":[{"embeddable":true,"href":"https:\/\/www.opuzen.hr\/grad\/wp-json\/wp\/v2\/users\/3"}],"replies":[{"embeddable":true,"href":"https:\/\/www.opuzen.hr\/grad\/wp-json\/wp\/v2\/comments?post=2586"}],"version-history":[{"count":1,"href":"https:\/\/www.opuzen.hr\/grad\/wp-json\/wp\/v2\/posts\/2586\/revisions"}],"predecessor-version":[{"id":2587,"href":"https:\/\/www.opuzen.hr\/grad\/wp-json\/wp\/v2\/posts\/2586\/revisions\/2587"}],"wp:featuredmedia":[{"embeddable":true,"href":"https:\/\/www.opuzen.hr\/grad\/wp-json\/wp\/v2\/media\/153"}],"wp:attachment":[{"href":"https:\/\/www.opuzen.hr\/grad\/wp-json\/wp\/v2\/media?parent=2586"}],"wp:term":[{"taxonomy":"category","embeddable":true,"href":"https:\/\/www.opuzen.hr\/grad\/wp-json\/wp\/v2\/categories?post=2586"},{"taxonomy":"post_tag","embeddable":true,"href":"https:\/\/www.opuzen.hr\/grad\/wp-json\/wp\/v2\/tags?post=2586"}],"curies":[{"name":"wp","href":"https:\/\/api.w.org\/{rel}","templated":true}]}}