{"id":2796,"date":"2018-08-15T11:49:58","date_gmt":"2018-08-15T09:49:58","guid":{"rendered":"https:\/\/www.opuzen.hr\/grad\/?p=2796"},"modified":"2023-10-12T13:30:28","modified_gmt":"2023-10-12T11:30:28","slug":"10-neretvanski-pjesnicki-susreti-maslini-u-lice","status":"publish","type":"post","link":"https:\/\/www.opuzen.hr\/grad\/10-neretvanski-pjesnicki-susreti-maslini-u-lice\/","title":{"rendered":"10. neretvanski pjesni\u010dki susreti &#8220;Maslini u lice&#8221;"},"content":{"rendered":"<p>Trodnevna manifestacija \u201eMaslini u lice\u201c zapo\u010dela je prigodnim programom koji se prvi dan odr\u017eao u nedjelju 12. kolovoza 2018. godine u Gradskom kulturnom sredi\u0161tu Metkovi\u0107. <!--more--><\/p>\n<p>13. kolovoza 2018. godine program je odr\u017ean u Opuzenu, na Poljanici Mate Pe\u010di\u0107a uz glazbene ugo\u0111aje opuzenske klape \u201eNa kantunu\u201c i slikoviti ambijent opuzenske kale, Konobe pod maslinom i crkve Svetog Stjepana Prvomu\u010denika. Neretvanska riznica umjetnina u Podgradini mjesto je gdje je odr\u017ean zadnji dio programa, 14. kolovoza 2018. godine.<\/p>\n<p>U sklopu manifestacije organizirano je razgledavanje kri\u017enog puta na skalinima svetog Roka i pogled s fortice na Neretvansku dolinu. U programu sudjeluju: \u0110uro Vidmarovi\u0107 &#8211; predsjednik Dru\u0161tva hrvatskih knji\u017eevnika i Enerika Bija\u010d &#8211; predsjednica Susreta, Ljubo Krmek &#8211; predsjednik Ju\u017enohrvatskog ogranka DHK, Ivan Babi\u0107, Hrvoje Barbir, Katarina Bari\u0161i\u0107, Zoran Bo\u0161kovi\u0107, Stanko Krnji\u0107, Ru\u017eica Martinovi\u0107\u2013Vlahovi\u0107 , Pero Pavlovi\u0107, Stjepan \u0160e\u0161elj, Domagoj Vidovi\u0107, Miro Vidovi\u0107, Vesna Vidovi\u0107 i dobitnik\/ca Nagrade \u201eNeretvanska maslina\u201c 2018. godine.<\/p>\n<p>&nbsp;<\/p>\n","protected":false},"excerpt":{"rendered":"<p>Trodnevna manifestacija \u201eMaslini u lice\u201c zapo\u010dela je prigodnim programom koji se prvi dan odr\u017eao u&#8230;<\/p>\n","protected":false},"author":3,"featured_media":2801,"comment_status":"closed","ping_status":"closed","sticky":false,"template":"","format":"standard","meta":{"footnotes":""},"categories":[4],"tags":[143,264],"class_list":["post-2796","post","type-post","status-publish","format-standard","has-post-thumbnail","hentry","category-novosti","tag-dogadanja","tag-maslini-u-lice","wpcat-4-id"],"yoast_head":"<!-- This site is optimized with the Yoast SEO plugin v23.1 - https:\/\/yoast.com\/wordpress\/plugins\/seo\/ -->\n<title>10. neretvanski pjesni\u010dki susreti &quot;Maslini u lice&quot; - Grad Opuzen<\/title>\n<meta name=\"robots\" content=\"index, follow, max-snippet:-1, max-image-preview:large, max-video-preview:-1\" \/>\n<link rel=\"canonical\" href=\"https:\/\/www.opuzen.hr\/grad\/10-neretvanski-pjesnicki-susreti-maslini-u-lice\/\" \/>\n<meta property=\"og:locale\" content=\"hr_HR\" \/>\n<meta property=\"og:type\" content=\"article\" \/>\n<meta property=\"og:title\" content=\"10. neretvanski pjesni\u010dki susreti &quot;Maslini u lice&quot; - Grad Opuzen\" \/>\n<meta property=\"og:description\" content=\"Trodnevna manifestacija \u201eMaslini u lice\u201c zapo\u010dela je prigodnim programom koji se prvi dan odr\u017eao u...\" \/>\n<meta property=\"og:url\" content=\"https:\/\/www.opuzen.hr\/grad\/10-neretvanski-pjesnicki-susreti-maslini-u-lice\/\" \/>\n<meta property=\"og:site_name\" content=\"Grad Opuzen\" \/>\n<meta property=\"article:published_time\" content=\"2018-08-15T09:49:58+00:00\" \/>\n<meta property=\"article:modified_time\" content=\"2023-10-12T11:30:28+00:00\" \/>\n<meta property=\"og:image\" content=\"https:\/\/www.opuzen.hr\/grad\/wp-content\/uploads\/2018\/08\/Maslini-u-lice-05-1024x683.jpg\" \/>\n\t<meta property=\"og:image:width\" content=\"1024\" \/>\n\t<meta property=\"og:image:height\" content=\"683\" \/>\n\t<meta property=\"og:image:type\" content=\"image\/jpeg\" \/>\n<meta name=\"author\" content=\"Grad Opuzen\" \/>\n<meta name=\"twitter:card\" content=\"summary_large_image\" \/>\n<meta name=\"twitter:label1\" content=\"Napisao\/la\" \/>\n\t<meta name=\"twitter:data1\" content=\"Grad Opuzen\" \/>\n\t<meta name=\"twitter:label2\" content=\"Procijenjeno vrijeme \u010ditanja\" \/>\n\t<meta name=\"twitter:data2\" content=\"1 minuta\" \/>\n<script type=\"application\/ld+json\" class=\"yoast-schema-graph\">{\"@context\":\"https:\/\/schema.org\",\"@graph\":[{\"@type\":\"Article\",\"@id\":\"https:\/\/www.opuzen.hr\/grad\/10-neretvanski-pjesnicki-susreti-maslini-u-lice\/#article\",\"isPartOf\":{\"@id\":\"https:\/\/www.opuzen.hr\/grad\/10-neretvanski-pjesnicki-susreti-maslini-u-lice\/\"},\"author\":{\"name\":\"Grad Opuzen\",\"@id\":\"https:\/\/www.opuzen.hr\/grad\/#\/schema\/person\/0a17a9796898e9409a1fa4ca7448a481\"},\"headline\":\"10. neretvanski pjesni\u010dki susreti &#8220;Maslini u lice&#8221;\",\"datePublished\":\"2018-08-15T09:49:58+00:00\",\"dateModified\":\"2023-10-12T11:30:28+00:00\",\"mainEntityOfPage\":{\"@id\":\"https:\/\/www.opuzen.hr\/grad\/10-neretvanski-pjesnicki-susreti-maslini-u-lice\/\"},\"wordCount\":166,\"publisher\":{\"@id\":\"https:\/\/www.opuzen.hr\/grad\/#organization\"},\"image\":{\"@id\":\"https:\/\/www.opuzen.hr\/grad\/10-neretvanski-pjesnicki-susreti-maslini-u-lice\/#primaryimage\"},\"thumbnailUrl\":\"https:\/\/www.opuzen.hr\/grad\/wp-content\/uploads\/2018\/08\/Maslini-u-lice-05.jpg\",\"keywords\":[\"Doga\u0111anja\",\"Maslini u lice\"],\"articleSection\":[\"Novosti\"],\"inLanguage\":\"hr\"},{\"@type\":\"WebPage\",\"@id\":\"https:\/\/www.opuzen.hr\/grad\/10-neretvanski-pjesnicki-susreti-maslini-u-lice\/\",\"url\":\"https:\/\/www.opuzen.hr\/grad\/10-neretvanski-pjesnicki-susreti-maslini-u-lice\/\",\"name\":\"10. neretvanski pjesni\u010dki susreti \\\"Maslini u lice\\\" - Grad Opuzen\",\"isPartOf\":{\"@id\":\"https:\/\/www.opuzen.hr\/grad\/#website\"},\"primaryImageOfPage\":{\"@id\":\"https:\/\/www.opuzen.hr\/grad\/10-neretvanski-pjesnicki-susreti-maslini-u-lice\/#primaryimage\"},\"image\":{\"@id\":\"https:\/\/www.opuzen.hr\/grad\/10-neretvanski-pjesnicki-susreti-maslini-u-lice\/#primaryimage\"},\"thumbnailUrl\":\"https:\/\/www.opuzen.hr\/grad\/wp-content\/uploads\/2018\/08\/Maslini-u-lice-05.jpg\",\"datePublished\":\"2018-08-15T09:49:58+00:00\",\"dateModified\":\"2023-10-12T11:30:28+00:00\",\"breadcrumb\":{\"@id\":\"https:\/\/www.opuzen.hr\/grad\/10-neretvanski-pjesnicki-susreti-maslini-u-lice\/#breadcrumb\"},\"inLanguage\":\"hr\",\"potentialAction\":[{\"@type\":\"ReadAction\",\"target\":[\"https:\/\/www.opuzen.hr\/grad\/10-neretvanski-pjesnicki-susreti-maslini-u-lice\/\"]}]},{\"@type\":\"ImageObject\",\"inLanguage\":\"hr\",\"@id\":\"https:\/\/www.opuzen.hr\/grad\/10-neretvanski-pjesnicki-susreti-maslini-u-lice\/#primaryimage\",\"url\":\"https:\/\/www.opuzen.hr\/grad\/wp-content\/uploads\/2018\/08\/Maslini-u-lice-05.jpg\",\"contentUrl\":\"https:\/\/www.opuzen.hr\/grad\/wp-content\/uploads\/2018\/08\/Maslini-u-lice-05.jpg\",\"width\":5472,\"height\":3648},{\"@type\":\"BreadcrumbList\",\"@id\":\"https:\/\/www.opuzen.hr\/grad\/10-neretvanski-pjesnicki-susreti-maslini-u-lice\/#breadcrumb\",\"itemListElement\":[{\"@type\":\"ListItem\",\"position\":1,\"name\":\"Po\u010detna stranica\",\"item\":\"https:\/\/www.opuzen.hr\/grad\/\"},{\"@type\":\"ListItem\",\"position\":2,\"name\":\"10. neretvanski pjesni\u010dki susreti &#8220;Maslini u lice&#8221;\"}]},{\"@type\":\"WebSite\",\"@id\":\"https:\/\/www.opuzen.hr\/grad\/#website\",\"url\":\"https:\/\/www.opuzen.hr\/grad\/\",\"name\":\"Grad Opuzen\",\"description\":\"Slu\u017ebene mre\u017ene stranice Grada Opuzena\",\"publisher\":{\"@id\":\"https:\/\/www.opuzen.hr\/grad\/#organization\"},\"potentialAction\":[{\"@type\":\"SearchAction\",\"target\":{\"@type\":\"EntryPoint\",\"urlTemplate\":\"https:\/\/www.opuzen.hr\/grad\/?s={search_term_string}\"},\"query-input\":\"required name=search_term_string\"}],\"inLanguage\":\"hr\"},{\"@type\":\"Organization\",\"@id\":\"https:\/\/www.opuzen.hr\/grad\/#organization\",\"name\":\"Grad Opuzen\",\"url\":\"https:\/\/www.opuzen.hr\/grad\/\",\"logo\":{\"@type\":\"ImageObject\",\"inLanguage\":\"hr\",\"@id\":\"https:\/\/www.opuzen.hr\/grad\/#\/schema\/logo\/image\/\",\"url\":\"https:\/\/www.opuzen.hr\/grad\/wp-content\/uploads\/2018\/02\/logo-opuzen.jpg\",\"contentUrl\":\"https:\/\/www.opuzen.hr\/grad\/wp-content\/uploads\/2018\/02\/logo-opuzen.jpg\",\"width\":400,\"height\":400,\"caption\":\"Grad Opuzen\"},\"image\":{\"@id\":\"https:\/\/www.opuzen.hr\/grad\/#\/schema\/logo\/image\/\"}},{\"@type\":\"Person\",\"@id\":\"https:\/\/www.opuzen.hr\/grad\/#\/schema\/person\/0a17a9796898e9409a1fa4ca7448a481\",\"name\":\"Grad Opuzen\",\"image\":{\"@type\":\"ImageObject\",\"inLanguage\":\"hr\",\"@id\":\"https:\/\/www.opuzen.hr\/grad\/#\/schema\/person\/image\/\",\"url\":\"https:\/\/secure.gravatar.com\/avatar\/0c54089de4fcf14c0fe3355109a3ac05?s=96&d=mm&r=g\",\"contentUrl\":\"https:\/\/secure.gravatar.com\/avatar\/0c54089de4fcf14c0fe3355109a3ac05?s=96&d=mm&r=g\",\"caption\":\"Grad Opuzen\"},\"url\":\"https:\/\/www.opuzen.hr\/grad\/author\/admin\/\"}]}<\/script>\n<!-- \/ Yoast SEO plugin. -->","yoast_head_json":{"title":"10. neretvanski pjesni\u010dki susreti \"Maslini u lice\" - Grad Opuzen","robots":{"index":"index","follow":"follow","max-snippet":"max-snippet:-1","max-image-preview":"max-image-preview:large","max-video-preview":"max-video-preview:-1"},"canonical":"https:\/\/www.opuzen.hr\/grad\/10-neretvanski-pjesnicki-susreti-maslini-u-lice\/","og_locale":"hr_HR","og_type":"article","og_title":"10. neretvanski pjesni\u010dki susreti \"Maslini u lice\" - Grad Opuzen","og_description":"Trodnevna manifestacija \u201eMaslini u lice\u201c zapo\u010dela je prigodnim programom koji se prvi dan odr\u017eao u...","og_url":"https:\/\/www.opuzen.hr\/grad\/10-neretvanski-pjesnicki-susreti-maslini-u-lice\/","og_site_name":"Grad Opuzen","article_published_time":"2018-08-15T09:49:58+00:00","article_modified_time":"2023-10-12T11:30:28+00:00","og_image":[{"width":1024,"height":683,"url":"https:\/\/www.opuzen.hr\/grad\/wp-content\/uploads\/2018\/08\/Maslini-u-lice-05-1024x683.jpg","type":"image\/jpeg"}],"author":"Grad Opuzen","twitter_card":"summary_large_image","twitter_misc":{"Napisao\/la":"Grad Opuzen","Procijenjeno vrijeme \u010ditanja":"1 minuta"},"schema":{"@context":"https:\/\/schema.org","@graph":[{"@type":"Article","@id":"https:\/\/www.opuzen.hr\/grad\/10-neretvanski-pjesnicki-susreti-maslini-u-lice\/#article","isPartOf":{"@id":"https:\/\/www.opuzen.hr\/grad\/10-neretvanski-pjesnicki-susreti-maslini-u-lice\/"},"author":{"name":"Grad Opuzen","@id":"https:\/\/www.opuzen.hr\/grad\/#\/schema\/person\/0a17a9796898e9409a1fa4ca7448a481"},"headline":"10. neretvanski pjesni\u010dki susreti &#8220;Maslini u lice&#8221;","datePublished":"2018-08-15T09:49:58+00:00","dateModified":"2023-10-12T11:30:28+00:00","mainEntityOfPage":{"@id":"https:\/\/www.opuzen.hr\/grad\/10-neretvanski-pjesnicki-susreti-maslini-u-lice\/"},"wordCount":166,"publisher":{"@id":"https:\/\/www.opuzen.hr\/grad\/#organization"},"image":{"@id":"https:\/\/www.opuzen.hr\/grad\/10-neretvanski-pjesnicki-susreti-maslini-u-lice\/#primaryimage"},"thumbnailUrl":"https:\/\/www.opuzen.hr\/grad\/wp-content\/uploads\/2018\/08\/Maslini-u-lice-05.jpg","keywords":["Doga\u0111anja","Maslini u lice"],"articleSection":["Novosti"],"inLanguage":"hr"},{"@type":"WebPage","@id":"https:\/\/www.opuzen.hr\/grad\/10-neretvanski-pjesnicki-susreti-maslini-u-lice\/","url":"https:\/\/www.opuzen.hr\/grad\/10-neretvanski-pjesnicki-susreti-maslini-u-lice\/","name":"10. neretvanski pjesni\u010dki susreti \"Maslini u lice\" - Grad Opuzen","isPartOf":{"@id":"https:\/\/www.opuzen.hr\/grad\/#website"},"primaryImageOfPage":{"@id":"https:\/\/www.opuzen.hr\/grad\/10-neretvanski-pjesnicki-susreti-maslini-u-lice\/#primaryimage"},"image":{"@id":"https:\/\/www.opuzen.hr\/grad\/10-neretvanski-pjesnicki-susreti-maslini-u-lice\/#primaryimage"},"thumbnailUrl":"https:\/\/www.opuzen.hr\/grad\/wp-content\/uploads\/2018\/08\/Maslini-u-lice-05.jpg","datePublished":"2018-08-15T09:49:58+00:00","dateModified":"2023-10-12T11:30:28+00:00","breadcrumb":{"@id":"https:\/\/www.opuzen.hr\/grad\/10-neretvanski-pjesnicki-susreti-maslini-u-lice\/#breadcrumb"},"inLanguage":"hr","potentialAction":[{"@type":"ReadAction","target":["https:\/\/www.opuzen.hr\/grad\/10-neretvanski-pjesnicki-susreti-maslini-u-lice\/"]}]},{"@type":"ImageObject","inLanguage":"hr","@id":"https:\/\/www.opuzen.hr\/grad\/10-neretvanski-pjesnicki-susreti-maslini-u-lice\/#primaryimage","url":"https:\/\/www.opuzen.hr\/grad\/wp-content\/uploads\/2018\/08\/Maslini-u-lice-05.jpg","contentUrl":"https:\/\/www.opuzen.hr\/grad\/wp-content\/uploads\/2018\/08\/Maslini-u-lice-05.jpg","width":5472,"height":3648},{"@type":"BreadcrumbList","@id":"https:\/\/www.opuzen.hr\/grad\/10-neretvanski-pjesnicki-susreti-maslini-u-lice\/#breadcrumb","itemListElement":[{"@type":"ListItem","position":1,"name":"Po\u010detna stranica","item":"https:\/\/www.opuzen.hr\/grad\/"},{"@type":"ListItem","position":2,"name":"10. neretvanski pjesni\u010dki susreti &#8220;Maslini u lice&#8221;"}]},{"@type":"WebSite","@id":"https:\/\/www.opuzen.hr\/grad\/#website","url":"https:\/\/www.opuzen.hr\/grad\/","name":"Grad Opuzen","description":"Slu\u017ebene mre\u017ene stranice Grada Opuzena","publisher":{"@id":"https:\/\/www.opuzen.hr\/grad\/#organization"},"potentialAction":[{"@type":"SearchAction","target":{"@type":"EntryPoint","urlTemplate":"https:\/\/www.opuzen.hr\/grad\/?s={search_term_string}"},"query-input":"required name=search_term_string"}],"inLanguage":"hr"},{"@type":"Organization","@id":"https:\/\/www.opuzen.hr\/grad\/#organization","name":"Grad Opuzen","url":"https:\/\/www.opuzen.hr\/grad\/","logo":{"@type":"ImageObject","inLanguage":"hr","@id":"https:\/\/www.opuzen.hr\/grad\/#\/schema\/logo\/image\/","url":"https:\/\/www.opuzen.hr\/grad\/wp-content\/uploads\/2018\/02\/logo-opuzen.jpg","contentUrl":"https:\/\/www.opuzen.hr\/grad\/wp-content\/uploads\/2018\/02\/logo-opuzen.jpg","width":400,"height":400,"caption":"Grad Opuzen"},"image":{"@id":"https:\/\/www.opuzen.hr\/grad\/#\/schema\/logo\/image\/"}},{"@type":"Person","@id":"https:\/\/www.opuzen.hr\/grad\/#\/schema\/person\/0a17a9796898e9409a1fa4ca7448a481","name":"Grad Opuzen","image":{"@type":"ImageObject","inLanguage":"hr","@id":"https:\/\/www.opuzen.hr\/grad\/#\/schema\/person\/image\/","url":"https:\/\/secure.gravatar.com\/avatar\/0c54089de4fcf14c0fe3355109a3ac05?s=96&d=mm&r=g","contentUrl":"https:\/\/secure.gravatar.com\/avatar\/0c54089de4fcf14c0fe3355109a3ac05?s=96&d=mm&r=g","caption":"Grad Opuzen"},"url":"https:\/\/www.opuzen.hr\/grad\/author\/admin\/"}]}},"_links":{"self":[{"href":"https:\/\/www.opuzen.hr\/grad\/wp-json\/wp\/v2\/posts\/2796"}],"collection":[{"href":"https:\/\/www.opuzen.hr\/grad\/wp-json\/wp\/v2\/posts"}],"about":[{"href":"https:\/\/www.opuzen.hr\/grad\/wp-json\/wp\/v2\/types\/post"}],"author":[{"embeddable":true,"href":"https:\/\/www.opuzen.hr\/grad\/wp-json\/wp\/v2\/users\/3"}],"replies":[{"embeddable":true,"href":"https:\/\/www.opuzen.hr\/grad\/wp-json\/wp\/v2\/comments?post=2796"}],"version-history":[{"count":2,"href":"https:\/\/www.opuzen.hr\/grad\/wp-json\/wp\/v2\/posts\/2796\/revisions"}],"predecessor-version":[{"id":2803,"href":"https:\/\/www.opuzen.hr\/grad\/wp-json\/wp\/v2\/posts\/2796\/revisions\/2803"}],"wp:featuredmedia":[{"embeddable":true,"href":"https:\/\/www.opuzen.hr\/grad\/wp-json\/wp\/v2\/media\/2801"}],"wp:attachment":[{"href":"https:\/\/www.opuzen.hr\/grad\/wp-json\/wp\/v2\/media?parent=2796"}],"wp:term":[{"taxonomy":"category","embeddable":true,"href":"https:\/\/www.opuzen.hr\/grad\/wp-json\/wp\/v2\/categories?post=2796"},{"taxonomy":"post_tag","embeddable":true,"href":"https:\/\/www.opuzen.hr\/grad\/wp-json\/wp\/v2\/tags?post=2796"}],"curies":[{"name":"wp","href":"https:\/\/api.w.org\/{rel}","templated":true}]}}