{"id":2824,"date":"2018-08-24T12:00:02","date_gmt":"2018-08-24T10:00:02","guid":{"rendered":"https:\/\/www.opuzen.hr\/grad\/?p=2824"},"modified":"2023-10-12T13:30:28","modified_gmt":"2023-10-12T11:30:28","slug":"odrzan-sastanak-na-temu-plasman-uroda-mandarina-u-2018-godini","status":"publish","type":"post","link":"https:\/\/www.opuzen.hr\/grad\/odrzan-sastanak-na-temu-plasman-uroda-mandarina-u-2018-godini\/","title":{"rendered":"Odr\u017ean sastanak na temu: Plasman uroda mandarina u 2018. godini"},"content":{"rendered":"<p>Ju\u010der, 23. kolovoza 2018. godine odr\u017ean je sastanak na temu Plasman uroda mandarina u 2018. godini. Sastanak je predvodio \u017eupan Nikola Dobroslavi\u0107 sa suradnicima, zamjenicom \u017daklinom Marevi\u0107, dr\u017eavnom tajnicom u Ministarstvu poljoprivrede Marijom Vu\u010dkovi\u0107, gradona\u010delnikom grada Opuzena Ivom Mihaljevi\u0107em i ostalim gradona\u010delnicima i na\u010delnicima s podru\u010dja Doline Neretve, te je glavni akcent stavljen na interes da ovogodi\u0161nja mandarina \u0161to br\u017ee i kvalitetnije dospije do krajnjih potro\u0161a\u010da.<!--more--><\/p>\n<p>Sastanku su nazo\u010dili i brojni proizvo\u0111a\u010di kao i otkupljiva\u010di mandarina koji su istaknuli kako se ove godine o\u010dekuje urod do 50 tisu\u0107a tona mandarina, a kao glavni problem isti\u010du nedostatak radne snage. Na sastanku je donesen zaklju\u010dak kako \u0107e se formirati radna skupina koja obuhva\u0107a sve predstavnike proizvo\u0111a\u010da, otkupljiva\u010da, predstavnike lokalne samouprave i \u017dupaniju kako bi se problemi vezani za plasman uroda mandarine rije\u0161ili u \u0161to kra\u0107em roku.<\/p>\n<p>&nbsp;<\/p>\n","protected":false},"excerpt":{"rendered":"<p>Ju\u010der, 23. kolovoza 2018. godine odr\u017ean je sastanak na temu Plasman uroda mandarina u 2018&#8230;.<\/p>\n","protected":false},"author":3,"featured_media":2826,"comment_status":"closed","ping_status":"closed","sticky":false,"template":"","format":"standard","meta":{"footnotes":""},"categories":[4],"tags":[265],"class_list":["post-2824","post","type-post","status-publish","format-standard","has-post-thumbnail","hentry","category-novosti","tag-mandarine","wpcat-4-id"],"yoast_head":"<!-- This site is optimized with the Yoast SEO plugin v23.1 - https:\/\/yoast.com\/wordpress\/plugins\/seo\/ -->\n<title>Odr\u017ean sastanak na temu: Plasman uroda mandarina u 2018. godini - Grad Opuzen<\/title>\n<meta name=\"robots\" content=\"index, follow, max-snippet:-1, max-image-preview:large, max-video-preview:-1\" \/>\n<link rel=\"canonical\" href=\"https:\/\/www.opuzen.hr\/grad\/odrzan-sastanak-na-temu-plasman-uroda-mandarina-u-2018-godini\/\" \/>\n<meta property=\"og:locale\" content=\"hr_HR\" \/>\n<meta property=\"og:type\" content=\"article\" \/>\n<meta property=\"og:title\" content=\"Odr\u017ean sastanak na temu: Plasman uroda mandarina u 2018. godini - Grad Opuzen\" \/>\n<meta property=\"og:description\" content=\"Ju\u010der, 23. kolovoza 2018. godine odr\u017ean je sastanak na temu Plasman uroda mandarina u 2018....\" \/>\n<meta property=\"og:url\" content=\"https:\/\/www.opuzen.hr\/grad\/odrzan-sastanak-na-temu-plasman-uroda-mandarina-u-2018-godini\/\" \/>\n<meta property=\"og:site_name\" content=\"Grad Opuzen\" \/>\n<meta property=\"article:published_time\" content=\"2018-08-24T10:00:02+00:00\" \/>\n<meta property=\"article:modified_time\" content=\"2023-10-12T11:30:28+00:00\" \/>\n<meta property=\"og:image\" content=\"https:\/\/www.opuzen.hr\/grad\/wp-content\/uploads\/2018\/08\/IMG_2047-1024x683.jpg\" \/>\n\t<meta property=\"og:image:width\" content=\"1024\" \/>\n\t<meta property=\"og:image:height\" content=\"683\" \/>\n\t<meta property=\"og:image:type\" content=\"image\/jpeg\" \/>\n<meta name=\"author\" content=\"Grad Opuzen\" \/>\n<meta name=\"twitter:card\" content=\"summary_large_image\" \/>\n<meta name=\"twitter:label1\" content=\"Napisao\/la\" \/>\n\t<meta name=\"twitter:data1\" content=\"Grad Opuzen\" \/>\n\t<meta name=\"twitter:label2\" content=\"Procijenjeno vrijeme \u010ditanja\" \/>\n\t<meta name=\"twitter:data2\" content=\"1 minuta\" \/>\n<script type=\"application\/ld+json\" class=\"yoast-schema-graph\">{\"@context\":\"https:\/\/schema.org\",\"@graph\":[{\"@type\":\"Article\",\"@id\":\"https:\/\/www.opuzen.hr\/grad\/odrzan-sastanak-na-temu-plasman-uroda-mandarina-u-2018-godini\/#article\",\"isPartOf\":{\"@id\":\"https:\/\/www.opuzen.hr\/grad\/odrzan-sastanak-na-temu-plasman-uroda-mandarina-u-2018-godini\/\"},\"author\":{\"name\":\"Grad Opuzen\",\"@id\":\"https:\/\/www.opuzen.hr\/grad\/#\/schema\/person\/0a17a9796898e9409a1fa4ca7448a481\"},\"headline\":\"Odr\u017ean sastanak na temu: Plasman uroda mandarina u 2018. godini\",\"datePublished\":\"2018-08-24T10:00:02+00:00\",\"dateModified\":\"2023-10-12T11:30:28+00:00\",\"mainEntityOfPage\":{\"@id\":\"https:\/\/www.opuzen.hr\/grad\/odrzan-sastanak-na-temu-plasman-uroda-mandarina-u-2018-godini\/\"},\"wordCount\":168,\"publisher\":{\"@id\":\"https:\/\/www.opuzen.hr\/grad\/#organization\"},\"image\":{\"@id\":\"https:\/\/www.opuzen.hr\/grad\/odrzan-sastanak-na-temu-plasman-uroda-mandarina-u-2018-godini\/#primaryimage\"},\"thumbnailUrl\":\"https:\/\/www.opuzen.hr\/grad\/wp-content\/uploads\/2018\/08\/IMG_2047.jpg\",\"keywords\":[\"Mandarine\"],\"articleSection\":[\"Novosti\"],\"inLanguage\":\"hr\"},{\"@type\":\"WebPage\",\"@id\":\"https:\/\/www.opuzen.hr\/grad\/odrzan-sastanak-na-temu-plasman-uroda-mandarina-u-2018-godini\/\",\"url\":\"https:\/\/www.opuzen.hr\/grad\/odrzan-sastanak-na-temu-plasman-uroda-mandarina-u-2018-godini\/\",\"name\":\"Odr\u017ean sastanak na temu: Plasman uroda mandarina u 2018. godini - Grad Opuzen\",\"isPartOf\":{\"@id\":\"https:\/\/www.opuzen.hr\/grad\/#website\"},\"primaryImageOfPage\":{\"@id\":\"https:\/\/www.opuzen.hr\/grad\/odrzan-sastanak-na-temu-plasman-uroda-mandarina-u-2018-godini\/#primaryimage\"},\"image\":{\"@id\":\"https:\/\/www.opuzen.hr\/grad\/odrzan-sastanak-na-temu-plasman-uroda-mandarina-u-2018-godini\/#primaryimage\"},\"thumbnailUrl\":\"https:\/\/www.opuzen.hr\/grad\/wp-content\/uploads\/2018\/08\/IMG_2047.jpg\",\"datePublished\":\"2018-08-24T10:00:02+00:00\",\"dateModified\":\"2023-10-12T11:30:28+00:00\",\"breadcrumb\":{\"@id\":\"https:\/\/www.opuzen.hr\/grad\/odrzan-sastanak-na-temu-plasman-uroda-mandarina-u-2018-godini\/#breadcrumb\"},\"inLanguage\":\"hr\",\"potentialAction\":[{\"@type\":\"ReadAction\",\"target\":[\"https:\/\/www.opuzen.hr\/grad\/odrzan-sastanak-na-temu-plasman-uroda-mandarina-u-2018-godini\/\"]}]},{\"@type\":\"ImageObject\",\"inLanguage\":\"hr\",\"@id\":\"https:\/\/www.opuzen.hr\/grad\/odrzan-sastanak-na-temu-plasman-uroda-mandarina-u-2018-godini\/#primaryimage\",\"url\":\"https:\/\/www.opuzen.hr\/grad\/wp-content\/uploads\/2018\/08\/IMG_2047.jpg\",\"contentUrl\":\"https:\/\/www.opuzen.hr\/grad\/wp-content\/uploads\/2018\/08\/IMG_2047.jpg\",\"width\":5472,\"height\":3648},{\"@type\":\"BreadcrumbList\",\"@id\":\"https:\/\/www.opuzen.hr\/grad\/odrzan-sastanak-na-temu-plasman-uroda-mandarina-u-2018-godini\/#breadcrumb\",\"itemListElement\":[{\"@type\":\"ListItem\",\"position\":1,\"name\":\"Po\u010detna stranica\",\"item\":\"https:\/\/www.opuzen.hr\/grad\/\"},{\"@type\":\"ListItem\",\"position\":2,\"name\":\"Odr\u017ean sastanak na temu: Plasman uroda mandarina u 2018. godini\"}]},{\"@type\":\"WebSite\",\"@id\":\"https:\/\/www.opuzen.hr\/grad\/#website\",\"url\":\"https:\/\/www.opuzen.hr\/grad\/\",\"name\":\"Grad Opuzen\",\"description\":\"Slu\u017ebene mre\u017ene stranice Grada Opuzena\",\"publisher\":{\"@id\":\"https:\/\/www.opuzen.hr\/grad\/#organization\"},\"potentialAction\":[{\"@type\":\"SearchAction\",\"target\":{\"@type\":\"EntryPoint\",\"urlTemplate\":\"https:\/\/www.opuzen.hr\/grad\/?s={search_term_string}\"},\"query-input\":\"required name=search_term_string\"}],\"inLanguage\":\"hr\"},{\"@type\":\"Organization\",\"@id\":\"https:\/\/www.opuzen.hr\/grad\/#organization\",\"name\":\"Grad Opuzen\",\"url\":\"https:\/\/www.opuzen.hr\/grad\/\",\"logo\":{\"@type\":\"ImageObject\",\"inLanguage\":\"hr\",\"@id\":\"https:\/\/www.opuzen.hr\/grad\/#\/schema\/logo\/image\/\",\"url\":\"https:\/\/www.opuzen.hr\/grad\/wp-content\/uploads\/2018\/02\/logo-opuzen.jpg\",\"contentUrl\":\"https:\/\/www.opuzen.hr\/grad\/wp-content\/uploads\/2018\/02\/logo-opuzen.jpg\",\"width\":400,\"height\":400,\"caption\":\"Grad Opuzen\"},\"image\":{\"@id\":\"https:\/\/www.opuzen.hr\/grad\/#\/schema\/logo\/image\/\"}},{\"@type\":\"Person\",\"@id\":\"https:\/\/www.opuzen.hr\/grad\/#\/schema\/person\/0a17a9796898e9409a1fa4ca7448a481\",\"name\":\"Grad Opuzen\",\"image\":{\"@type\":\"ImageObject\",\"inLanguage\":\"hr\",\"@id\":\"https:\/\/www.opuzen.hr\/grad\/#\/schema\/person\/image\/\",\"url\":\"https:\/\/secure.gravatar.com\/avatar\/0c54089de4fcf14c0fe3355109a3ac05?s=96&d=mm&r=g\",\"contentUrl\":\"https:\/\/secure.gravatar.com\/avatar\/0c54089de4fcf14c0fe3355109a3ac05?s=96&d=mm&r=g\",\"caption\":\"Grad Opuzen\"},\"url\":\"https:\/\/www.opuzen.hr\/grad\/author\/admin\/\"}]}<\/script>\n<!-- \/ Yoast SEO plugin. -->","yoast_head_json":{"title":"Odr\u017ean sastanak na temu: Plasman uroda mandarina u 2018. godini - Grad Opuzen","robots":{"index":"index","follow":"follow","max-snippet":"max-snippet:-1","max-image-preview":"max-image-preview:large","max-video-preview":"max-video-preview:-1"},"canonical":"https:\/\/www.opuzen.hr\/grad\/odrzan-sastanak-na-temu-plasman-uroda-mandarina-u-2018-godini\/","og_locale":"hr_HR","og_type":"article","og_title":"Odr\u017ean sastanak na temu: Plasman uroda mandarina u 2018. godini - Grad Opuzen","og_description":"Ju\u010der, 23. kolovoza 2018. godine odr\u017ean je sastanak na temu Plasman uroda mandarina u 2018....","og_url":"https:\/\/www.opuzen.hr\/grad\/odrzan-sastanak-na-temu-plasman-uroda-mandarina-u-2018-godini\/","og_site_name":"Grad Opuzen","article_published_time":"2018-08-24T10:00:02+00:00","article_modified_time":"2023-10-12T11:30:28+00:00","og_image":[{"width":1024,"height":683,"url":"https:\/\/www.opuzen.hr\/grad\/wp-content\/uploads\/2018\/08\/IMG_2047-1024x683.jpg","type":"image\/jpeg"}],"author":"Grad Opuzen","twitter_card":"summary_large_image","twitter_misc":{"Napisao\/la":"Grad Opuzen","Procijenjeno vrijeme \u010ditanja":"1 minuta"},"schema":{"@context":"https:\/\/schema.org","@graph":[{"@type":"Article","@id":"https:\/\/www.opuzen.hr\/grad\/odrzan-sastanak-na-temu-plasman-uroda-mandarina-u-2018-godini\/#article","isPartOf":{"@id":"https:\/\/www.opuzen.hr\/grad\/odrzan-sastanak-na-temu-plasman-uroda-mandarina-u-2018-godini\/"},"author":{"name":"Grad Opuzen","@id":"https:\/\/www.opuzen.hr\/grad\/#\/schema\/person\/0a17a9796898e9409a1fa4ca7448a481"},"headline":"Odr\u017ean sastanak na temu: Plasman uroda mandarina u 2018. godini","datePublished":"2018-08-24T10:00:02+00:00","dateModified":"2023-10-12T11:30:28+00:00","mainEntityOfPage":{"@id":"https:\/\/www.opuzen.hr\/grad\/odrzan-sastanak-na-temu-plasman-uroda-mandarina-u-2018-godini\/"},"wordCount":168,"publisher":{"@id":"https:\/\/www.opuzen.hr\/grad\/#organization"},"image":{"@id":"https:\/\/www.opuzen.hr\/grad\/odrzan-sastanak-na-temu-plasman-uroda-mandarina-u-2018-godini\/#primaryimage"},"thumbnailUrl":"https:\/\/www.opuzen.hr\/grad\/wp-content\/uploads\/2018\/08\/IMG_2047.jpg","keywords":["Mandarine"],"articleSection":["Novosti"],"inLanguage":"hr"},{"@type":"WebPage","@id":"https:\/\/www.opuzen.hr\/grad\/odrzan-sastanak-na-temu-plasman-uroda-mandarina-u-2018-godini\/","url":"https:\/\/www.opuzen.hr\/grad\/odrzan-sastanak-na-temu-plasman-uroda-mandarina-u-2018-godini\/","name":"Odr\u017ean sastanak na temu: Plasman uroda mandarina u 2018. godini - Grad Opuzen","isPartOf":{"@id":"https:\/\/www.opuzen.hr\/grad\/#website"},"primaryImageOfPage":{"@id":"https:\/\/www.opuzen.hr\/grad\/odrzan-sastanak-na-temu-plasman-uroda-mandarina-u-2018-godini\/#primaryimage"},"image":{"@id":"https:\/\/www.opuzen.hr\/grad\/odrzan-sastanak-na-temu-plasman-uroda-mandarina-u-2018-godini\/#primaryimage"},"thumbnailUrl":"https:\/\/www.opuzen.hr\/grad\/wp-content\/uploads\/2018\/08\/IMG_2047.jpg","datePublished":"2018-08-24T10:00:02+00:00","dateModified":"2023-10-12T11:30:28+00:00","breadcrumb":{"@id":"https:\/\/www.opuzen.hr\/grad\/odrzan-sastanak-na-temu-plasman-uroda-mandarina-u-2018-godini\/#breadcrumb"},"inLanguage":"hr","potentialAction":[{"@type":"ReadAction","target":["https:\/\/www.opuzen.hr\/grad\/odrzan-sastanak-na-temu-plasman-uroda-mandarina-u-2018-godini\/"]}]},{"@type":"ImageObject","inLanguage":"hr","@id":"https:\/\/www.opuzen.hr\/grad\/odrzan-sastanak-na-temu-plasman-uroda-mandarina-u-2018-godini\/#primaryimage","url":"https:\/\/www.opuzen.hr\/grad\/wp-content\/uploads\/2018\/08\/IMG_2047.jpg","contentUrl":"https:\/\/www.opuzen.hr\/grad\/wp-content\/uploads\/2018\/08\/IMG_2047.jpg","width":5472,"height":3648},{"@type":"BreadcrumbList","@id":"https:\/\/www.opuzen.hr\/grad\/odrzan-sastanak-na-temu-plasman-uroda-mandarina-u-2018-godini\/#breadcrumb","itemListElement":[{"@type":"ListItem","position":1,"name":"Po\u010detna stranica","item":"https:\/\/www.opuzen.hr\/grad\/"},{"@type":"ListItem","position":2,"name":"Odr\u017ean sastanak na temu: Plasman uroda mandarina u 2018. godini"}]},{"@type":"WebSite","@id":"https:\/\/www.opuzen.hr\/grad\/#website","url":"https:\/\/www.opuzen.hr\/grad\/","name":"Grad Opuzen","description":"Slu\u017ebene mre\u017ene stranice Grada Opuzena","publisher":{"@id":"https:\/\/www.opuzen.hr\/grad\/#organization"},"potentialAction":[{"@type":"SearchAction","target":{"@type":"EntryPoint","urlTemplate":"https:\/\/www.opuzen.hr\/grad\/?s={search_term_string}"},"query-input":"required name=search_term_string"}],"inLanguage":"hr"},{"@type":"Organization","@id":"https:\/\/www.opuzen.hr\/grad\/#organization","name":"Grad Opuzen","url":"https:\/\/www.opuzen.hr\/grad\/","logo":{"@type":"ImageObject","inLanguage":"hr","@id":"https:\/\/www.opuzen.hr\/grad\/#\/schema\/logo\/image\/","url":"https:\/\/www.opuzen.hr\/grad\/wp-content\/uploads\/2018\/02\/logo-opuzen.jpg","contentUrl":"https:\/\/www.opuzen.hr\/grad\/wp-content\/uploads\/2018\/02\/logo-opuzen.jpg","width":400,"height":400,"caption":"Grad Opuzen"},"image":{"@id":"https:\/\/www.opuzen.hr\/grad\/#\/schema\/logo\/image\/"}},{"@type":"Person","@id":"https:\/\/www.opuzen.hr\/grad\/#\/schema\/person\/0a17a9796898e9409a1fa4ca7448a481","name":"Grad Opuzen","image":{"@type":"ImageObject","inLanguage":"hr","@id":"https:\/\/www.opuzen.hr\/grad\/#\/schema\/person\/image\/","url":"https:\/\/secure.gravatar.com\/avatar\/0c54089de4fcf14c0fe3355109a3ac05?s=96&d=mm&r=g","contentUrl":"https:\/\/secure.gravatar.com\/avatar\/0c54089de4fcf14c0fe3355109a3ac05?s=96&d=mm&r=g","caption":"Grad Opuzen"},"url":"https:\/\/www.opuzen.hr\/grad\/author\/admin\/"}]}},"_links":{"self":[{"href":"https:\/\/www.opuzen.hr\/grad\/wp-json\/wp\/v2\/posts\/2824"}],"collection":[{"href":"https:\/\/www.opuzen.hr\/grad\/wp-json\/wp\/v2\/posts"}],"about":[{"href":"https:\/\/www.opuzen.hr\/grad\/wp-json\/wp\/v2\/types\/post"}],"author":[{"embeddable":true,"href":"https:\/\/www.opuzen.hr\/grad\/wp-json\/wp\/v2\/users\/3"}],"replies":[{"embeddable":true,"href":"https:\/\/www.opuzen.hr\/grad\/wp-json\/wp\/v2\/comments?post=2824"}],"version-history":[{"count":1,"href":"https:\/\/www.opuzen.hr\/grad\/wp-json\/wp\/v2\/posts\/2824\/revisions"}],"predecessor-version":[{"id":2827,"href":"https:\/\/www.opuzen.hr\/grad\/wp-json\/wp\/v2\/posts\/2824\/revisions\/2827"}],"wp:featuredmedia":[{"embeddable":true,"href":"https:\/\/www.opuzen.hr\/grad\/wp-json\/wp\/v2\/media\/2826"}],"wp:attachment":[{"href":"https:\/\/www.opuzen.hr\/grad\/wp-json\/wp\/v2\/media?parent=2824"}],"wp:term":[{"taxonomy":"category","embeddable":true,"href":"https:\/\/www.opuzen.hr\/grad\/wp-json\/wp\/v2\/categories?post=2824"},{"taxonomy":"post_tag","embeddable":true,"href":"https:\/\/www.opuzen.hr\/grad\/wp-json\/wp\/v2\/tags?post=2824"}],"curies":[{"name":"wp","href":"https:\/\/api.w.org\/{rel}","templated":true}]}}