{"id":2921,"date":"2018-09-13T23:04:20","date_gmt":"2018-09-13T21:04:20","guid":{"rendered":"https:\/\/www.opuzen.hr\/grad\/?p=2921"},"modified":"2023-10-12T13:30:16","modified_gmt":"2023-10-12T11:30:16","slug":"obiljezena-dvadeseta-godisnjica-pokretanja-inicijative-za-provedbom-katastarskih-izmjera-i-obnovom-zemljisnih-knjiga-na-podrucju-doline-rijeke-neretve","status":"publish","type":"post","link":"https:\/\/www.opuzen.hr\/grad\/obiljezena-dvadeseta-godisnjica-pokretanja-inicijative-za-provedbom-katastarskih-izmjera-i-obnovom-zemljisnih-knjiga-na-podrucju-doline-rijeke-neretve\/","title":{"rendered":"Obilje\u017eena dvadeseta godi\u0161njica pokretanja inicijative za provedbom katastarskih izmjera i obnovom zemlji\u0161nih knjiga na podru\u010dju doline rijeke Neretve"},"content":{"rendered":"<p>Na prigodnom skupu koji se odr\u017eao 13. rujna 2018. godine obilje\u017eena je dvadeseta godi\u0161njica pokretanja inicijative za provedbom katastarskih izmjera i obnove\/osnivanja zemlji\u0161njih knjiga na podru\u010dju doline rijeke Neretve.<\/p>\n<p><!--more--><br \/>\nPrigodnom skupu nazo\u010dili su gradona\u010delnici i na\u010delnici doline Neretve, Predsjednik Kluba zastupnik Hrvatske demokratske zajednice u Hrvatskom Saboru gospodin Branko Ba\u010di\u0107, ravnatelj Dr\u017eavne geodetske uprave gospodin Damir \u0160antek te predstavnici Ministarstva pravosu\u0111a i nadle\u017enog Op\u0107inskog suda. Uvodnu rije\u010d imao je gradona\u010delnik grada Opuzena gospodin Ivo Mihaljevi\u0107, dok je gospodin Damir \u0160antek dao pregled do sada obavljenih poslova, a tako\u0111er predlo\u017eio i daljnje mjere vezane za aktivnosti koje su preostale kako bi se iste dovr\u0161ile u realnim vremenskim okvirima.<\/p>\n<p>&nbsp;<\/p>\n<div id='gallery-1' class='gallery galleryid-2921 gallery-columns-5 gallery-size-cmsmasters-project-full-thumb'><figure class='gallery-item'>\n\t\t\t<div class='gallery-icon landscape'>\n\t\t\t\t<a href='https:\/\/www.opuzen.hr\/grad\/wp-content\/uploads\/2018\/09\/20god-katizmdolinaner-05.jpg'><img fetchpriority=\"high\" decoding=\"async\" width=\"1160\" height=\"650\" src=\"https:\/\/www.opuzen.hr\/grad\/wp-content\/uploads\/2018\/09\/20god-katizmdolinaner-05-1160x650.jpg\" class=\"attachment-cmsmasters-project-full-thumb size-cmsmasters-project-full-thumb\" alt=\"\" \/><\/a>\n\t\t\t<\/div><\/figure><figure class='gallery-item'>\n\t\t\t<div class='gallery-icon landscape'>\n\t\t\t\t<a href='https:\/\/www.opuzen.hr\/grad\/wp-content\/uploads\/2018\/09\/20god-katizmdolinaner-03.jpg'><img decoding=\"async\" width=\"1160\" height=\"650\" src=\"https:\/\/www.opuzen.hr\/grad\/wp-content\/uploads\/2018\/09\/20god-katizmdolinaner-03-1160x650.jpg\" class=\"attachment-cmsmasters-project-full-thumb size-cmsmasters-project-full-thumb\" alt=\"\" \/><\/a>\n\t\t\t<\/div><\/figure><figure class='gallery-item'>\n\t\t\t<div class='gallery-icon landscape'>\n\t\t\t\t<a href='https:\/\/www.opuzen.hr\/grad\/wp-content\/uploads\/2018\/09\/20god-katizmdolinaner-01.jpg'><img decoding=\"async\" width=\"1160\" height=\"650\" src=\"https:\/\/www.opuzen.hr\/grad\/wp-content\/uploads\/2018\/09\/20god-katizmdolinaner-01-1160x650.jpg\" class=\"attachment-cmsmasters-project-full-thumb size-cmsmasters-project-full-thumb\" alt=\"\" \/><\/a>\n\t\t\t<\/div><\/figure><figure class='gallery-item'>\n\t\t\t<div class='gallery-icon landscape'>\n\t\t\t\t<a href='https:\/\/www.opuzen.hr\/grad\/wp-content\/uploads\/2018\/09\/20god-katizmdolinaner-07.jpg'><img loading=\"lazy\" decoding=\"async\" width=\"1160\" height=\"650\" src=\"https:\/\/www.opuzen.hr\/grad\/wp-content\/uploads\/2018\/09\/20god-katizmdolinaner-07-1160x650.jpg\" class=\"attachment-cmsmasters-project-full-thumb size-cmsmasters-project-full-thumb\" alt=\"\" \/><\/a>\n\t\t\t<\/div><\/figure><figure class='gallery-item'>\n\t\t\t<div class='gallery-icon landscape'>\n\t\t\t\t<a href='https:\/\/www.opuzen.hr\/grad\/wp-content\/uploads\/2018\/09\/20god-katizmdolinaner-09.jpg'><img loading=\"lazy\" decoding=\"async\" width=\"1160\" height=\"650\" src=\"https:\/\/www.opuzen.hr\/grad\/wp-content\/uploads\/2018\/09\/20god-katizmdolinaner-09-1160x650.jpg\" class=\"attachment-cmsmasters-project-full-thumb size-cmsmasters-project-full-thumb\" alt=\"\" \/><\/a>\n\t\t\t<\/div><\/figure>\n\t\t<\/div>\n\n","protected":false},"excerpt":{"rendered":"<p>Na prigodnom skupu koji se odr\u017eao 13. rujna 2018. godine obilje\u017eena je dvadeseta godi\u0161njica pokretanja&#8230;<\/p>\n","protected":false},"author":3,"featured_media":2912,"comment_status":"closed","ping_status":"closed","sticky":false,"template":"","format":"standard","meta":{"footnotes":""},"categories":[4],"tags":[],"class_list":["post-2921","post","type-post","status-publish","format-standard","has-post-thumbnail","hentry","category-novosti","wpcat-4-id"],"yoast_head":"<!-- This site is optimized with the Yoast SEO plugin v23.1 - https:\/\/yoast.com\/wordpress\/plugins\/seo\/ -->\n<title>Obilje\u017eena dvadeseta godi\u0161njica pokretanja inicijative za provedbom katastarskih izmjera i obnovom zemlji\u0161nih knjiga na podru\u010dju doline rijeke Neretve - Grad Opuzen<\/title>\n<meta name=\"robots\" content=\"index, follow, max-snippet:-1, max-image-preview:large, max-video-preview:-1\" \/>\n<link rel=\"canonical\" href=\"https:\/\/www.opuzen.hr\/grad\/obiljezena-dvadeseta-godisnjica-pokretanja-inicijative-za-provedbom-katastarskih-izmjera-i-obnovom-zemljisnih-knjiga-na-podrucju-doline-rijeke-neretve\/\" \/>\n<meta property=\"og:locale\" content=\"hr_HR\" \/>\n<meta property=\"og:type\" content=\"article\" \/>\n<meta property=\"og:title\" content=\"Obilje\u017eena dvadeseta godi\u0161njica pokretanja inicijative za provedbom katastarskih izmjera i obnovom zemlji\u0161nih knjiga na podru\u010dju doline rijeke Neretve - Grad Opuzen\" \/>\n<meta property=\"og:description\" content=\"Na prigodnom skupu koji se odr\u017eao 13. rujna 2018. godine obilje\u017eena je dvadeseta godi\u0161njica pokretanja...\" \/>\n<meta property=\"og:url\" content=\"https:\/\/www.opuzen.hr\/grad\/obiljezena-dvadeseta-godisnjica-pokretanja-inicijative-za-provedbom-katastarskih-izmjera-i-obnovom-zemljisnih-knjiga-na-podrucju-doline-rijeke-neretve\/\" \/>\n<meta property=\"og:site_name\" content=\"Grad Opuzen\" \/>\n<meta property=\"article:published_time\" content=\"2018-09-13T21:04:20+00:00\" \/>\n<meta property=\"article:modified_time\" content=\"2023-10-12T11:30:16+00:00\" \/>\n<meta property=\"og:image\" content=\"https:\/\/www.opuzen.hr\/grad\/wp-content\/uploads\/2018\/09\/20god-katizmdolinaner-01.jpg\" \/>\n\t<meta property=\"og:image:width\" content=\"2048\" \/>\n\t<meta property=\"og:image:height\" content=\"1365\" \/>\n\t<meta property=\"og:image:type\" content=\"image\/jpeg\" \/>\n<meta name=\"author\" content=\"Grad Opuzen\" \/>\n<meta name=\"twitter:card\" content=\"summary_large_image\" \/>\n<meta name=\"twitter:label1\" content=\"Napisao\/la\" \/>\n\t<meta name=\"twitter:data1\" content=\"Grad Opuzen\" \/>\n\t<meta name=\"twitter:label2\" content=\"Procijenjeno vrijeme \u010ditanja\" \/>\n\t<meta name=\"twitter:data2\" content=\"1 minuta\" \/>\n<script type=\"application\/ld+json\" class=\"yoast-schema-graph\">{\"@context\":\"https:\/\/schema.org\",\"@graph\":[{\"@type\":\"Article\",\"@id\":\"https:\/\/www.opuzen.hr\/grad\/obiljezena-dvadeseta-godisnjica-pokretanja-inicijative-za-provedbom-katastarskih-izmjera-i-obnovom-zemljisnih-knjiga-na-podrucju-doline-rijeke-neretve\/#article\",\"isPartOf\":{\"@id\":\"https:\/\/www.opuzen.hr\/grad\/obiljezena-dvadeseta-godisnjica-pokretanja-inicijative-za-provedbom-katastarskih-izmjera-i-obnovom-zemljisnih-knjiga-na-podrucju-doline-rijeke-neretve\/\"},\"author\":{\"name\":\"Grad Opuzen\",\"@id\":\"https:\/\/www.opuzen.hr\/grad\/#\/schema\/person\/0a17a9796898e9409a1fa4ca7448a481\"},\"headline\":\"Obilje\u017eena dvadeseta godi\u0161njica pokretanja inicijative za provedbom katastarskih izmjera i obnovom zemlji\u0161nih knjiga na podru\u010dju doline rijeke Neretve\",\"datePublished\":\"2018-09-13T21:04:20+00:00\",\"dateModified\":\"2023-10-12T11:30:16+00:00\",\"mainEntityOfPage\":{\"@id\":\"https:\/\/www.opuzen.hr\/grad\/obiljezena-dvadeseta-godisnjica-pokretanja-inicijative-za-provedbom-katastarskih-izmjera-i-obnovom-zemljisnih-knjiga-na-podrucju-doline-rijeke-neretve\/\"},\"wordCount\":153,\"publisher\":{\"@id\":\"https:\/\/www.opuzen.hr\/grad\/#organization\"},\"image\":{\"@id\":\"https:\/\/www.opuzen.hr\/grad\/obiljezena-dvadeseta-godisnjica-pokretanja-inicijative-za-provedbom-katastarskih-izmjera-i-obnovom-zemljisnih-knjiga-na-podrucju-doline-rijeke-neretve\/#primaryimage\"},\"thumbnailUrl\":\"https:\/\/www.opuzen.hr\/grad\/wp-content\/uploads\/2018\/09\/20god-katizmdolinaner-01.jpg\",\"articleSection\":[\"Novosti\"],\"inLanguage\":\"hr\"},{\"@type\":\"WebPage\",\"@id\":\"https:\/\/www.opuzen.hr\/grad\/obiljezena-dvadeseta-godisnjica-pokretanja-inicijative-za-provedbom-katastarskih-izmjera-i-obnovom-zemljisnih-knjiga-na-podrucju-doline-rijeke-neretve\/\",\"url\":\"https:\/\/www.opuzen.hr\/grad\/obiljezena-dvadeseta-godisnjica-pokretanja-inicijative-za-provedbom-katastarskih-izmjera-i-obnovom-zemljisnih-knjiga-na-podrucju-doline-rijeke-neretve\/\",\"name\":\"Obilje\u017eena dvadeseta godi\u0161njica pokretanja inicijative za provedbom katastarskih izmjera i obnovom zemlji\u0161nih knjiga na podru\u010dju doline rijeke Neretve - Grad Opuzen\",\"isPartOf\":{\"@id\":\"https:\/\/www.opuzen.hr\/grad\/#website\"},\"primaryImageOfPage\":{\"@id\":\"https:\/\/www.opuzen.hr\/grad\/obiljezena-dvadeseta-godisnjica-pokretanja-inicijative-za-provedbom-katastarskih-izmjera-i-obnovom-zemljisnih-knjiga-na-podrucju-doline-rijeke-neretve\/#primaryimage\"},\"image\":{\"@id\":\"https:\/\/www.opuzen.hr\/grad\/obiljezena-dvadeseta-godisnjica-pokretanja-inicijative-za-provedbom-katastarskih-izmjera-i-obnovom-zemljisnih-knjiga-na-podrucju-doline-rijeke-neretve\/#primaryimage\"},\"thumbnailUrl\":\"https:\/\/www.opuzen.hr\/grad\/wp-content\/uploads\/2018\/09\/20god-katizmdolinaner-01.jpg\",\"datePublished\":\"2018-09-13T21:04:20+00:00\",\"dateModified\":\"2023-10-12T11:30:16+00:00\",\"breadcrumb\":{\"@id\":\"https:\/\/www.opuzen.hr\/grad\/obiljezena-dvadeseta-godisnjica-pokretanja-inicijative-za-provedbom-katastarskih-izmjera-i-obnovom-zemljisnih-knjiga-na-podrucju-doline-rijeke-neretve\/#breadcrumb\"},\"inLanguage\":\"hr\",\"potentialAction\":[{\"@type\":\"ReadAction\",\"target\":[\"https:\/\/www.opuzen.hr\/grad\/obiljezena-dvadeseta-godisnjica-pokretanja-inicijative-za-provedbom-katastarskih-izmjera-i-obnovom-zemljisnih-knjiga-na-podrucju-doline-rijeke-neretve\/\"]}]},{\"@type\":\"ImageObject\",\"inLanguage\":\"hr\",\"@id\":\"https:\/\/www.opuzen.hr\/grad\/obiljezena-dvadeseta-godisnjica-pokretanja-inicijative-za-provedbom-katastarskih-izmjera-i-obnovom-zemljisnih-knjiga-na-podrucju-doline-rijeke-neretve\/#primaryimage\",\"url\":\"https:\/\/www.opuzen.hr\/grad\/wp-content\/uploads\/2018\/09\/20god-katizmdolinaner-01.jpg\",\"contentUrl\":\"https:\/\/www.opuzen.hr\/grad\/wp-content\/uploads\/2018\/09\/20god-katizmdolinaner-01.jpg\",\"width\":2048,\"height\":1365},{\"@type\":\"BreadcrumbList\",\"@id\":\"https:\/\/www.opuzen.hr\/grad\/obiljezena-dvadeseta-godisnjica-pokretanja-inicijative-za-provedbom-katastarskih-izmjera-i-obnovom-zemljisnih-knjiga-na-podrucju-doline-rijeke-neretve\/#breadcrumb\",\"itemListElement\":[{\"@type\":\"ListItem\",\"position\":1,\"name\":\"Po\u010detna stranica\",\"item\":\"https:\/\/www.opuzen.hr\/grad\/\"},{\"@type\":\"ListItem\",\"position\":2,\"name\":\"Obilje\u017eena dvadeseta godi\u0161njica pokretanja inicijative za provedbom katastarskih izmjera i obnovom zemlji\u0161nih knjiga na podru\u010dju doline rijeke Neretve\"}]},{\"@type\":\"WebSite\",\"@id\":\"https:\/\/www.opuzen.hr\/grad\/#website\",\"url\":\"https:\/\/www.opuzen.hr\/grad\/\",\"name\":\"Grad Opuzen\",\"description\":\"Slu\u017ebene mre\u017ene stranice Grada Opuzena\",\"publisher\":{\"@id\":\"https:\/\/www.opuzen.hr\/grad\/#organization\"},\"potentialAction\":[{\"@type\":\"SearchAction\",\"target\":{\"@type\":\"EntryPoint\",\"urlTemplate\":\"https:\/\/www.opuzen.hr\/grad\/?s={search_term_string}\"},\"query-input\":\"required name=search_term_string\"}],\"inLanguage\":\"hr\"},{\"@type\":\"Organization\",\"@id\":\"https:\/\/www.opuzen.hr\/grad\/#organization\",\"name\":\"Grad Opuzen\",\"url\":\"https:\/\/www.opuzen.hr\/grad\/\",\"logo\":{\"@type\":\"ImageObject\",\"inLanguage\":\"hr\",\"@id\":\"https:\/\/www.opuzen.hr\/grad\/#\/schema\/logo\/image\/\",\"url\":\"https:\/\/www.opuzen.hr\/grad\/wp-content\/uploads\/2018\/02\/logo-opuzen.jpg\",\"contentUrl\":\"https:\/\/www.opuzen.hr\/grad\/wp-content\/uploads\/2018\/02\/logo-opuzen.jpg\",\"width\":400,\"height\":400,\"caption\":\"Grad Opuzen\"},\"image\":{\"@id\":\"https:\/\/www.opuzen.hr\/grad\/#\/schema\/logo\/image\/\"}},{\"@type\":\"Person\",\"@id\":\"https:\/\/www.opuzen.hr\/grad\/#\/schema\/person\/0a17a9796898e9409a1fa4ca7448a481\",\"name\":\"Grad Opuzen\",\"image\":{\"@type\":\"ImageObject\",\"inLanguage\":\"hr\",\"@id\":\"https:\/\/www.opuzen.hr\/grad\/#\/schema\/person\/image\/\",\"url\":\"https:\/\/secure.gravatar.com\/avatar\/0c54089de4fcf14c0fe3355109a3ac05?s=96&d=mm&r=g\",\"contentUrl\":\"https:\/\/secure.gravatar.com\/avatar\/0c54089de4fcf14c0fe3355109a3ac05?s=96&d=mm&r=g\",\"caption\":\"Grad Opuzen\"},\"url\":\"https:\/\/www.opuzen.hr\/grad\/author\/admin\/\"}]}<\/script>\n<!-- \/ Yoast SEO plugin. -->","yoast_head_json":{"title":"Obilje\u017eena dvadeseta godi\u0161njica pokretanja inicijative za provedbom katastarskih izmjera i obnovom zemlji\u0161nih knjiga na podru\u010dju doline rijeke Neretve - Grad Opuzen","robots":{"index":"index","follow":"follow","max-snippet":"max-snippet:-1","max-image-preview":"max-image-preview:large","max-video-preview":"max-video-preview:-1"},"canonical":"https:\/\/www.opuzen.hr\/grad\/obiljezena-dvadeseta-godisnjica-pokretanja-inicijative-za-provedbom-katastarskih-izmjera-i-obnovom-zemljisnih-knjiga-na-podrucju-doline-rijeke-neretve\/","og_locale":"hr_HR","og_type":"article","og_title":"Obilje\u017eena dvadeseta godi\u0161njica pokretanja inicijative za provedbom katastarskih izmjera i obnovom zemlji\u0161nih knjiga na podru\u010dju doline rijeke Neretve - Grad Opuzen","og_description":"Na prigodnom skupu koji se odr\u017eao 13. rujna 2018. godine obilje\u017eena je dvadeseta godi\u0161njica pokretanja...","og_url":"https:\/\/www.opuzen.hr\/grad\/obiljezena-dvadeseta-godisnjica-pokretanja-inicijative-za-provedbom-katastarskih-izmjera-i-obnovom-zemljisnih-knjiga-na-podrucju-doline-rijeke-neretve\/","og_site_name":"Grad Opuzen","article_published_time":"2018-09-13T21:04:20+00:00","article_modified_time":"2023-10-12T11:30:16+00:00","og_image":[{"width":2048,"height":1365,"url":"https:\/\/www.opuzen.hr\/grad\/wp-content\/uploads\/2018\/09\/20god-katizmdolinaner-01.jpg","type":"image\/jpeg"}],"author":"Grad Opuzen","twitter_card":"summary_large_image","twitter_misc":{"Napisao\/la":"Grad Opuzen","Procijenjeno vrijeme \u010ditanja":"1 minuta"},"schema":{"@context":"https:\/\/schema.org","@graph":[{"@type":"Article","@id":"https:\/\/www.opuzen.hr\/grad\/obiljezena-dvadeseta-godisnjica-pokretanja-inicijative-za-provedbom-katastarskih-izmjera-i-obnovom-zemljisnih-knjiga-na-podrucju-doline-rijeke-neretve\/#article","isPartOf":{"@id":"https:\/\/www.opuzen.hr\/grad\/obiljezena-dvadeseta-godisnjica-pokretanja-inicijative-za-provedbom-katastarskih-izmjera-i-obnovom-zemljisnih-knjiga-na-podrucju-doline-rijeke-neretve\/"},"author":{"name":"Grad Opuzen","@id":"https:\/\/www.opuzen.hr\/grad\/#\/schema\/person\/0a17a9796898e9409a1fa4ca7448a481"},"headline":"Obilje\u017eena dvadeseta godi\u0161njica pokretanja inicijative za provedbom katastarskih izmjera i obnovom zemlji\u0161nih knjiga na podru\u010dju doline rijeke Neretve","datePublished":"2018-09-13T21:04:20+00:00","dateModified":"2023-10-12T11:30:16+00:00","mainEntityOfPage":{"@id":"https:\/\/www.opuzen.hr\/grad\/obiljezena-dvadeseta-godisnjica-pokretanja-inicijative-za-provedbom-katastarskih-izmjera-i-obnovom-zemljisnih-knjiga-na-podrucju-doline-rijeke-neretve\/"},"wordCount":153,"publisher":{"@id":"https:\/\/www.opuzen.hr\/grad\/#organization"},"image":{"@id":"https:\/\/www.opuzen.hr\/grad\/obiljezena-dvadeseta-godisnjica-pokretanja-inicijative-za-provedbom-katastarskih-izmjera-i-obnovom-zemljisnih-knjiga-na-podrucju-doline-rijeke-neretve\/#primaryimage"},"thumbnailUrl":"https:\/\/www.opuzen.hr\/grad\/wp-content\/uploads\/2018\/09\/20god-katizmdolinaner-01.jpg","articleSection":["Novosti"],"inLanguage":"hr"},{"@type":"WebPage","@id":"https:\/\/www.opuzen.hr\/grad\/obiljezena-dvadeseta-godisnjica-pokretanja-inicijative-za-provedbom-katastarskih-izmjera-i-obnovom-zemljisnih-knjiga-na-podrucju-doline-rijeke-neretve\/","url":"https:\/\/www.opuzen.hr\/grad\/obiljezena-dvadeseta-godisnjica-pokretanja-inicijative-za-provedbom-katastarskih-izmjera-i-obnovom-zemljisnih-knjiga-na-podrucju-doline-rijeke-neretve\/","name":"Obilje\u017eena dvadeseta godi\u0161njica pokretanja inicijative za provedbom katastarskih izmjera i obnovom zemlji\u0161nih knjiga na podru\u010dju doline rijeke Neretve - Grad Opuzen","isPartOf":{"@id":"https:\/\/www.opuzen.hr\/grad\/#website"},"primaryImageOfPage":{"@id":"https:\/\/www.opuzen.hr\/grad\/obiljezena-dvadeseta-godisnjica-pokretanja-inicijative-za-provedbom-katastarskih-izmjera-i-obnovom-zemljisnih-knjiga-na-podrucju-doline-rijeke-neretve\/#primaryimage"},"image":{"@id":"https:\/\/www.opuzen.hr\/grad\/obiljezena-dvadeseta-godisnjica-pokretanja-inicijative-za-provedbom-katastarskih-izmjera-i-obnovom-zemljisnih-knjiga-na-podrucju-doline-rijeke-neretve\/#primaryimage"},"thumbnailUrl":"https:\/\/www.opuzen.hr\/grad\/wp-content\/uploads\/2018\/09\/20god-katizmdolinaner-01.jpg","datePublished":"2018-09-13T21:04:20+00:00","dateModified":"2023-10-12T11:30:16+00:00","breadcrumb":{"@id":"https:\/\/www.opuzen.hr\/grad\/obiljezena-dvadeseta-godisnjica-pokretanja-inicijative-za-provedbom-katastarskih-izmjera-i-obnovom-zemljisnih-knjiga-na-podrucju-doline-rijeke-neretve\/#breadcrumb"},"inLanguage":"hr","potentialAction":[{"@type":"ReadAction","target":["https:\/\/www.opuzen.hr\/grad\/obiljezena-dvadeseta-godisnjica-pokretanja-inicijative-za-provedbom-katastarskih-izmjera-i-obnovom-zemljisnih-knjiga-na-podrucju-doline-rijeke-neretve\/"]}]},{"@type":"ImageObject","inLanguage":"hr","@id":"https:\/\/www.opuzen.hr\/grad\/obiljezena-dvadeseta-godisnjica-pokretanja-inicijative-za-provedbom-katastarskih-izmjera-i-obnovom-zemljisnih-knjiga-na-podrucju-doline-rijeke-neretve\/#primaryimage","url":"https:\/\/www.opuzen.hr\/grad\/wp-content\/uploads\/2018\/09\/20god-katizmdolinaner-01.jpg","contentUrl":"https:\/\/www.opuzen.hr\/grad\/wp-content\/uploads\/2018\/09\/20god-katizmdolinaner-01.jpg","width":2048,"height":1365},{"@type":"BreadcrumbList","@id":"https:\/\/www.opuzen.hr\/grad\/obiljezena-dvadeseta-godisnjica-pokretanja-inicijative-za-provedbom-katastarskih-izmjera-i-obnovom-zemljisnih-knjiga-na-podrucju-doline-rijeke-neretve\/#breadcrumb","itemListElement":[{"@type":"ListItem","position":1,"name":"Po\u010detna stranica","item":"https:\/\/www.opuzen.hr\/grad\/"},{"@type":"ListItem","position":2,"name":"Obilje\u017eena dvadeseta godi\u0161njica pokretanja inicijative za provedbom katastarskih izmjera i obnovom zemlji\u0161nih knjiga na podru\u010dju doline rijeke Neretve"}]},{"@type":"WebSite","@id":"https:\/\/www.opuzen.hr\/grad\/#website","url":"https:\/\/www.opuzen.hr\/grad\/","name":"Grad Opuzen","description":"Slu\u017ebene mre\u017ene stranice Grada Opuzena","publisher":{"@id":"https:\/\/www.opuzen.hr\/grad\/#organization"},"potentialAction":[{"@type":"SearchAction","target":{"@type":"EntryPoint","urlTemplate":"https:\/\/www.opuzen.hr\/grad\/?s={search_term_string}"},"query-input":"required name=search_term_string"}],"inLanguage":"hr"},{"@type":"Organization","@id":"https:\/\/www.opuzen.hr\/grad\/#organization","name":"Grad Opuzen","url":"https:\/\/www.opuzen.hr\/grad\/","logo":{"@type":"ImageObject","inLanguage":"hr","@id":"https:\/\/www.opuzen.hr\/grad\/#\/schema\/logo\/image\/","url":"https:\/\/www.opuzen.hr\/grad\/wp-content\/uploads\/2018\/02\/logo-opuzen.jpg","contentUrl":"https:\/\/www.opuzen.hr\/grad\/wp-content\/uploads\/2018\/02\/logo-opuzen.jpg","width":400,"height":400,"caption":"Grad Opuzen"},"image":{"@id":"https:\/\/www.opuzen.hr\/grad\/#\/schema\/logo\/image\/"}},{"@type":"Person","@id":"https:\/\/www.opuzen.hr\/grad\/#\/schema\/person\/0a17a9796898e9409a1fa4ca7448a481","name":"Grad Opuzen","image":{"@type":"ImageObject","inLanguage":"hr","@id":"https:\/\/www.opuzen.hr\/grad\/#\/schema\/person\/image\/","url":"https:\/\/secure.gravatar.com\/avatar\/0c54089de4fcf14c0fe3355109a3ac05?s=96&d=mm&r=g","contentUrl":"https:\/\/secure.gravatar.com\/avatar\/0c54089de4fcf14c0fe3355109a3ac05?s=96&d=mm&r=g","caption":"Grad Opuzen"},"url":"https:\/\/www.opuzen.hr\/grad\/author\/admin\/"}]}},"_links":{"self":[{"href":"https:\/\/www.opuzen.hr\/grad\/wp-json\/wp\/v2\/posts\/2921"}],"collection":[{"href":"https:\/\/www.opuzen.hr\/grad\/wp-json\/wp\/v2\/posts"}],"about":[{"href":"https:\/\/www.opuzen.hr\/grad\/wp-json\/wp\/v2\/types\/post"}],"author":[{"embeddable":true,"href":"https:\/\/www.opuzen.hr\/grad\/wp-json\/wp\/v2\/users\/3"}],"replies":[{"embeddable":true,"href":"https:\/\/www.opuzen.hr\/grad\/wp-json\/wp\/v2\/comments?post=2921"}],"version-history":[{"count":1,"href":"https:\/\/www.opuzen.hr\/grad\/wp-json\/wp\/v2\/posts\/2921\/revisions"}],"predecessor-version":[{"id":2922,"href":"https:\/\/www.opuzen.hr\/grad\/wp-json\/wp\/v2\/posts\/2921\/revisions\/2922"}],"wp:featuredmedia":[{"embeddable":true,"href":"https:\/\/www.opuzen.hr\/grad\/wp-json\/wp\/v2\/media\/2912"}],"wp:attachment":[{"href":"https:\/\/www.opuzen.hr\/grad\/wp-json\/wp\/v2\/media?parent=2921"}],"wp:term":[{"taxonomy":"category","embeddable":true,"href":"https:\/\/www.opuzen.hr\/grad\/wp-json\/wp\/v2\/categories?post=2921"},{"taxonomy":"post_tag","embeddable":true,"href":"https:\/\/www.opuzen.hr\/grad\/wp-json\/wp\/v2\/tags?post=2921"}],"curies":[{"name":"wp","href":"https:\/\/api.w.org\/{rel}","templated":true}]}}