{"id":2926,"date":"2018-09-18T09:27:26","date_gmt":"2018-09-18T07:27:26","guid":{"rendered":"https:\/\/www.opuzen.hr\/grad\/?p=2926"},"modified":"2023-10-12T13:30:16","modified_gmt":"2023-10-12T11:30:16","slug":"obavijest-o-upisu-djece-u-djecji-vrtic-opuzen","status":"publish","type":"post","link":"https:\/\/www.opuzen.hr\/grad\/obavijest-o-upisu-djece-u-djecji-vrtic-opuzen\/","title":{"rendered":"Obavijest o upisu djece u Dje\u010dji vrti\u0107 Opuzen"},"content":{"rendered":"<p>Obavje\u0161tavaju se roditelji koji su zainteresirani za upis djece u Dje\u010dji vrti\u0107 Opuzen, da \u0107e se upis djece za pedago\u0161ku 2018.\/2019. godinu provoditi od 19. do 28. rujna 2018. godine, svakog radnog dana od 8:00 \u2013 11:00 sati u Upravi Dje\u010djeg vrti\u0107a Opuzen, Zagreba\u010dka 3\/1.<!--more--><br \/>\nU Vrti\u0107 se mogu upisati djeca s navr\u0161enom jednom do tri godine \u017eivota (djeca jasli\u010dke dobi).<\/p>\n<p>Za upis je potrebno prilo\u017eiti:<\/p>\n<ul>\n<li>popunjen Zahtjev za upis djeteta (Zahtjev mo\u017eete preuzeti u Vrti\u0107u i na slu\u017ebenoj internet stranici Grada Opuzena)<\/li>\n<li>preslika rodnog lista djeteta (bez obzira na datum izdavanja)<\/li>\n<li>potvrdu o zaposlenju roditelja\/staratelja<\/li>\n<li>uvjerenje o mjestu prebivali\u0161ta \u2013 boravi\u0161ta ili preslika osobne iskaznice roditelja\/staratelja (obje strane osobne iskaznice)<\/li>\n<li>potvrda o obavljenom sistematskom zdravstvenom pregledu pred\u0161kolskog djeteta prije upisa u dje\u010dji vrti\u0107<\/li>\n<\/ul>\n<p>Molimo roditelje da se pridr\u017eavaju navedenih termina te prilo\u017ee tra\u017eenu dokumentaciju, jer Povjerenstvo za upis nepravovremene i nepotpune zahtjeve ne\u0107e uzimati u obradu.<br \/>\nListe s kona\u010dnim brojem djece biti \u0107e objavljene na oglasnoj plo\u010di Vrti\u0107a.<\/p>\n<p>Naknadnih upisa ne\u0107e biti pa se roditelji mole da pravovremeno podnesu zahtjeve za upis.<\/p>\n<p>Putem priloga mo\u017eete preuzeti Obavijest i Zahtjev za upis, ili putem poveznice <a href=\"https:\/\/www.opuzen.hr\/grad\/gradske-ustanove\/djecji-vrtic-opuzen\/\" target=\"_blank\" rel=\"noopener noreferrer\">Dokumenti &#8211; Dje\u010dji vrti\u0107 Opuzen<\/a>.<\/p>\n<p>&nbsp;<\/p>\n<!-- WP Attachments -->\r\n        <div style=\"width:100%;margin:10px 0 10px 0;\">\r\n            <h3>Prilozi sadr\u017eaju:<\/h3>\r\n        <ul class=\"post-attachments\"><li class=\"post-attachment mime-application-pdf\">                                \r\n<a target=\"_blank\" href=\"https:\/\/www.opuzen.hr\/grad\/obavijest-o-upisu-djece-u-djecji-vrtic-opuzen\/?download=2928\">Obavijest o upisu, Dje\u010dji vrti\u0107 Opuzen<\/a><div style=\"float:right;\">77 kB \/ Preuzeto: 459<\/div>\r\n<br><small><\/small><\/li><li class=\"post-attachment mime-application-msword\">                                \r\n<a target=\"_blank\" href=\"https:\/\/www.opuzen.hr\/grad\/obavijest-o-upisu-djece-u-djecji-vrtic-opuzen\/?download=2927\">Zahtjev za upis u Dje\u010dji vrti\u0107 Opuzen<\/a><div style=\"float:right;\">60 kB \/ Preuzeto: 512<\/div>\r\n<br><small><\/small><\/li><\/ul><\/div>","protected":false},"excerpt":{"rendered":"<p>Obavje\u0161tavaju se roditelji koji su zainteresirani za upis djece u Dje\u010dji vrti\u0107 Opuzen, da \u0107e&#8230;<\/p>\n","protected":false},"author":3,"featured_media":615,"comment_status":"closed","ping_status":"closed","sticky":false,"template":"","format":"standard","meta":{"footnotes":""},"categories":[4,3],"tags":[137,11],"class_list":["post-2926","post","type-post","status-publish","format-standard","has-post-thumbnail","hentry","category-novosti","category-obavijesti-gradanima","tag-djecji-vrtic","tag-opuzen","wpcat-4-id","wpcat-3-id"],"yoast_head":"<!-- This site is optimized with the Yoast SEO plugin v23.1 - https:\/\/yoast.com\/wordpress\/plugins\/seo\/ -->\n<title>Obavijest o upisu djece u Dje\u010dji vrti\u0107 Opuzen - Grad Opuzen<\/title>\n<meta name=\"robots\" content=\"index, follow, max-snippet:-1, max-image-preview:large, max-video-preview:-1\" \/>\n<link rel=\"canonical\" href=\"https:\/\/www.opuzen.hr\/grad\/obavijest-o-upisu-djece-u-djecji-vrtic-opuzen\/\" \/>\n<meta property=\"og:locale\" content=\"hr_HR\" \/>\n<meta property=\"og:type\" content=\"article\" \/>\n<meta property=\"og:title\" content=\"Obavijest o upisu djece u Dje\u010dji vrti\u0107 Opuzen - Grad Opuzen\" \/>\n<meta property=\"og:description\" content=\"Obavje\u0161tavaju se roditelji koji su zainteresirani za upis djece u Dje\u010dji vrti\u0107 Opuzen, da \u0107e...\" \/>\n<meta property=\"og:url\" content=\"https:\/\/www.opuzen.hr\/grad\/obavijest-o-upisu-djece-u-djecji-vrtic-opuzen\/\" \/>\n<meta property=\"og:site_name\" content=\"Grad Opuzen\" \/>\n<meta property=\"article:published_time\" content=\"2018-09-18T07:27:26+00:00\" \/>\n<meta property=\"article:modified_time\" content=\"2023-10-12T11:30:16+00:00\" \/>\n<meta property=\"og:image\" content=\"https:\/\/www.opuzen.hr\/grad\/wp-content\/uploads\/2018\/03\/djvrticop.jpeg\" \/>\n\t<meta property=\"og:image:width\" content=\"510\" \/>\n\t<meta property=\"og:image:height\" content=\"340\" \/>\n\t<meta property=\"og:image:type\" content=\"image\/jpeg\" \/>\n<meta name=\"author\" content=\"Grad Opuzen\" \/>\n<meta name=\"twitter:card\" content=\"summary_large_image\" \/>\n<meta name=\"twitter:label1\" content=\"Napisao\/la\" \/>\n\t<meta name=\"twitter:data1\" content=\"Grad Opuzen\" \/>\n\t<meta name=\"twitter:label2\" content=\"Procijenjeno vrijeme \u010ditanja\" \/>\n\t<meta name=\"twitter:data2\" content=\"1 minuta\" \/>\n<script type=\"application\/ld+json\" class=\"yoast-schema-graph\">{\"@context\":\"https:\/\/schema.org\",\"@graph\":[{\"@type\":\"Article\",\"@id\":\"https:\/\/www.opuzen.hr\/grad\/obavijest-o-upisu-djece-u-djecji-vrtic-opuzen\/#article\",\"isPartOf\":{\"@id\":\"https:\/\/www.opuzen.hr\/grad\/obavijest-o-upisu-djece-u-djecji-vrtic-opuzen\/\"},\"author\":{\"name\":\"Grad Opuzen\",\"@id\":\"https:\/\/www.opuzen.hr\/grad\/#\/schema\/person\/0a17a9796898e9409a1fa4ca7448a481\"},\"headline\":\"Obavijest o upisu djece u Dje\u010dji vrti\u0107 Opuzen\",\"datePublished\":\"2018-09-18T07:27:26+00:00\",\"dateModified\":\"2023-10-12T11:30:16+00:00\",\"mainEntityOfPage\":{\"@id\":\"https:\/\/www.opuzen.hr\/grad\/obavijest-o-upisu-djece-u-djecji-vrtic-opuzen\/\"},\"wordCount\":219,\"publisher\":{\"@id\":\"https:\/\/www.opuzen.hr\/grad\/#organization\"},\"image\":{\"@id\":\"https:\/\/www.opuzen.hr\/grad\/obavijest-o-upisu-djece-u-djecji-vrtic-opuzen\/#primaryimage\"},\"thumbnailUrl\":\"https:\/\/www.opuzen.hr\/grad\/wp-content\/uploads\/2018\/03\/djvrticop.jpeg\",\"keywords\":[\"dje\u010dji vrti\u0107\",\"Opuzen\"],\"articleSection\":[\"Novosti\",\"Obavijesti gra\u0111anima\"],\"inLanguage\":\"hr\"},{\"@type\":\"WebPage\",\"@id\":\"https:\/\/www.opuzen.hr\/grad\/obavijest-o-upisu-djece-u-djecji-vrtic-opuzen\/\",\"url\":\"https:\/\/www.opuzen.hr\/grad\/obavijest-o-upisu-djece-u-djecji-vrtic-opuzen\/\",\"name\":\"Obavijest o upisu djece u Dje\u010dji vrti\u0107 Opuzen - Grad Opuzen\",\"isPartOf\":{\"@id\":\"https:\/\/www.opuzen.hr\/grad\/#website\"},\"primaryImageOfPage\":{\"@id\":\"https:\/\/www.opuzen.hr\/grad\/obavijest-o-upisu-djece-u-djecji-vrtic-opuzen\/#primaryimage\"},\"image\":{\"@id\":\"https:\/\/www.opuzen.hr\/grad\/obavijest-o-upisu-djece-u-djecji-vrtic-opuzen\/#primaryimage\"},\"thumbnailUrl\":\"https:\/\/www.opuzen.hr\/grad\/wp-content\/uploads\/2018\/03\/djvrticop.jpeg\",\"datePublished\":\"2018-09-18T07:27:26+00:00\",\"dateModified\":\"2023-10-12T11:30:16+00:00\",\"breadcrumb\":{\"@id\":\"https:\/\/www.opuzen.hr\/grad\/obavijest-o-upisu-djece-u-djecji-vrtic-opuzen\/#breadcrumb\"},\"inLanguage\":\"hr\",\"potentialAction\":[{\"@type\":\"ReadAction\",\"target\":[\"https:\/\/www.opuzen.hr\/grad\/obavijest-o-upisu-djece-u-djecji-vrtic-opuzen\/\"]}]},{\"@type\":\"ImageObject\",\"inLanguage\":\"hr\",\"@id\":\"https:\/\/www.opuzen.hr\/grad\/obavijest-o-upisu-djece-u-djecji-vrtic-opuzen\/#primaryimage\",\"url\":\"https:\/\/www.opuzen.hr\/grad\/wp-content\/uploads\/2018\/03\/djvrticop.jpeg\",\"contentUrl\":\"https:\/\/www.opuzen.hr\/grad\/wp-content\/uploads\/2018\/03\/djvrticop.jpeg\",\"width\":510,\"height\":340},{\"@type\":\"BreadcrumbList\",\"@id\":\"https:\/\/www.opuzen.hr\/grad\/obavijest-o-upisu-djece-u-djecji-vrtic-opuzen\/#breadcrumb\",\"itemListElement\":[{\"@type\":\"ListItem\",\"position\":1,\"name\":\"Po\u010detna stranica\",\"item\":\"https:\/\/www.opuzen.hr\/grad\/\"},{\"@type\":\"ListItem\",\"position\":2,\"name\":\"Obavijest o upisu djece u Dje\u010dji vrti\u0107 Opuzen\"}]},{\"@type\":\"WebSite\",\"@id\":\"https:\/\/www.opuzen.hr\/grad\/#website\",\"url\":\"https:\/\/www.opuzen.hr\/grad\/\",\"name\":\"Grad Opuzen\",\"description\":\"Slu\u017ebene mre\u017ene stranice Grada Opuzena\",\"publisher\":{\"@id\":\"https:\/\/www.opuzen.hr\/grad\/#organization\"},\"potentialAction\":[{\"@type\":\"SearchAction\",\"target\":{\"@type\":\"EntryPoint\",\"urlTemplate\":\"https:\/\/www.opuzen.hr\/grad\/?s={search_term_string}\"},\"query-input\":\"required name=search_term_string\"}],\"inLanguage\":\"hr\"},{\"@type\":\"Organization\",\"@id\":\"https:\/\/www.opuzen.hr\/grad\/#organization\",\"name\":\"Grad Opuzen\",\"url\":\"https:\/\/www.opuzen.hr\/grad\/\",\"logo\":{\"@type\":\"ImageObject\",\"inLanguage\":\"hr\",\"@id\":\"https:\/\/www.opuzen.hr\/grad\/#\/schema\/logo\/image\/\",\"url\":\"https:\/\/www.opuzen.hr\/grad\/wp-content\/uploads\/2018\/02\/logo-opuzen.jpg\",\"contentUrl\":\"https:\/\/www.opuzen.hr\/grad\/wp-content\/uploads\/2018\/02\/logo-opuzen.jpg\",\"width\":400,\"height\":400,\"caption\":\"Grad Opuzen\"},\"image\":{\"@id\":\"https:\/\/www.opuzen.hr\/grad\/#\/schema\/logo\/image\/\"}},{\"@type\":\"Person\",\"@id\":\"https:\/\/www.opuzen.hr\/grad\/#\/schema\/person\/0a17a9796898e9409a1fa4ca7448a481\",\"name\":\"Grad Opuzen\",\"image\":{\"@type\":\"ImageObject\",\"inLanguage\":\"hr\",\"@id\":\"https:\/\/www.opuzen.hr\/grad\/#\/schema\/person\/image\/\",\"url\":\"https:\/\/secure.gravatar.com\/avatar\/0c54089de4fcf14c0fe3355109a3ac05?s=96&d=mm&r=g\",\"contentUrl\":\"https:\/\/secure.gravatar.com\/avatar\/0c54089de4fcf14c0fe3355109a3ac05?s=96&d=mm&r=g\",\"caption\":\"Grad Opuzen\"},\"url\":\"https:\/\/www.opuzen.hr\/grad\/author\/admin\/\"}]}<\/script>\n<!-- \/ Yoast SEO plugin. -->","yoast_head_json":{"title":"Obavijest o upisu djece u Dje\u010dji vrti\u0107 Opuzen - Grad Opuzen","robots":{"index":"index","follow":"follow","max-snippet":"max-snippet:-1","max-image-preview":"max-image-preview:large","max-video-preview":"max-video-preview:-1"},"canonical":"https:\/\/www.opuzen.hr\/grad\/obavijest-o-upisu-djece-u-djecji-vrtic-opuzen\/","og_locale":"hr_HR","og_type":"article","og_title":"Obavijest o upisu djece u Dje\u010dji vrti\u0107 Opuzen - Grad Opuzen","og_description":"Obavje\u0161tavaju se roditelji koji su zainteresirani za upis djece u Dje\u010dji vrti\u0107 Opuzen, da \u0107e...","og_url":"https:\/\/www.opuzen.hr\/grad\/obavijest-o-upisu-djece-u-djecji-vrtic-opuzen\/","og_site_name":"Grad Opuzen","article_published_time":"2018-09-18T07:27:26+00:00","article_modified_time":"2023-10-12T11:30:16+00:00","og_image":[{"width":510,"height":340,"url":"https:\/\/www.opuzen.hr\/grad\/wp-content\/uploads\/2018\/03\/djvrticop.jpeg","type":"image\/jpeg"}],"author":"Grad Opuzen","twitter_card":"summary_large_image","twitter_misc":{"Napisao\/la":"Grad Opuzen","Procijenjeno vrijeme \u010ditanja":"1 minuta"},"schema":{"@context":"https:\/\/schema.org","@graph":[{"@type":"Article","@id":"https:\/\/www.opuzen.hr\/grad\/obavijest-o-upisu-djece-u-djecji-vrtic-opuzen\/#article","isPartOf":{"@id":"https:\/\/www.opuzen.hr\/grad\/obavijest-o-upisu-djece-u-djecji-vrtic-opuzen\/"},"author":{"name":"Grad Opuzen","@id":"https:\/\/www.opuzen.hr\/grad\/#\/schema\/person\/0a17a9796898e9409a1fa4ca7448a481"},"headline":"Obavijest o upisu djece u Dje\u010dji vrti\u0107 Opuzen","datePublished":"2018-09-18T07:27:26+00:00","dateModified":"2023-10-12T11:30:16+00:00","mainEntityOfPage":{"@id":"https:\/\/www.opuzen.hr\/grad\/obavijest-o-upisu-djece-u-djecji-vrtic-opuzen\/"},"wordCount":219,"publisher":{"@id":"https:\/\/www.opuzen.hr\/grad\/#organization"},"image":{"@id":"https:\/\/www.opuzen.hr\/grad\/obavijest-o-upisu-djece-u-djecji-vrtic-opuzen\/#primaryimage"},"thumbnailUrl":"https:\/\/www.opuzen.hr\/grad\/wp-content\/uploads\/2018\/03\/djvrticop.jpeg","keywords":["dje\u010dji vrti\u0107","Opuzen"],"articleSection":["Novosti","Obavijesti gra\u0111anima"],"inLanguage":"hr"},{"@type":"WebPage","@id":"https:\/\/www.opuzen.hr\/grad\/obavijest-o-upisu-djece-u-djecji-vrtic-opuzen\/","url":"https:\/\/www.opuzen.hr\/grad\/obavijest-o-upisu-djece-u-djecji-vrtic-opuzen\/","name":"Obavijest o upisu djece u Dje\u010dji vrti\u0107 Opuzen - Grad Opuzen","isPartOf":{"@id":"https:\/\/www.opuzen.hr\/grad\/#website"},"primaryImageOfPage":{"@id":"https:\/\/www.opuzen.hr\/grad\/obavijest-o-upisu-djece-u-djecji-vrtic-opuzen\/#primaryimage"},"image":{"@id":"https:\/\/www.opuzen.hr\/grad\/obavijest-o-upisu-djece-u-djecji-vrtic-opuzen\/#primaryimage"},"thumbnailUrl":"https:\/\/www.opuzen.hr\/grad\/wp-content\/uploads\/2018\/03\/djvrticop.jpeg","datePublished":"2018-09-18T07:27:26+00:00","dateModified":"2023-10-12T11:30:16+00:00","breadcrumb":{"@id":"https:\/\/www.opuzen.hr\/grad\/obavijest-o-upisu-djece-u-djecji-vrtic-opuzen\/#breadcrumb"},"inLanguage":"hr","potentialAction":[{"@type":"ReadAction","target":["https:\/\/www.opuzen.hr\/grad\/obavijest-o-upisu-djece-u-djecji-vrtic-opuzen\/"]}]},{"@type":"ImageObject","inLanguage":"hr","@id":"https:\/\/www.opuzen.hr\/grad\/obavijest-o-upisu-djece-u-djecji-vrtic-opuzen\/#primaryimage","url":"https:\/\/www.opuzen.hr\/grad\/wp-content\/uploads\/2018\/03\/djvrticop.jpeg","contentUrl":"https:\/\/www.opuzen.hr\/grad\/wp-content\/uploads\/2018\/03\/djvrticop.jpeg","width":510,"height":340},{"@type":"BreadcrumbList","@id":"https:\/\/www.opuzen.hr\/grad\/obavijest-o-upisu-djece-u-djecji-vrtic-opuzen\/#breadcrumb","itemListElement":[{"@type":"ListItem","position":1,"name":"Po\u010detna stranica","item":"https:\/\/www.opuzen.hr\/grad\/"},{"@type":"ListItem","position":2,"name":"Obavijest o upisu djece u Dje\u010dji vrti\u0107 Opuzen"}]},{"@type":"WebSite","@id":"https:\/\/www.opuzen.hr\/grad\/#website","url":"https:\/\/www.opuzen.hr\/grad\/","name":"Grad Opuzen","description":"Slu\u017ebene mre\u017ene stranice Grada Opuzena","publisher":{"@id":"https:\/\/www.opuzen.hr\/grad\/#organization"},"potentialAction":[{"@type":"SearchAction","target":{"@type":"EntryPoint","urlTemplate":"https:\/\/www.opuzen.hr\/grad\/?s={search_term_string}"},"query-input":"required name=search_term_string"}],"inLanguage":"hr"},{"@type":"Organization","@id":"https:\/\/www.opuzen.hr\/grad\/#organization","name":"Grad Opuzen","url":"https:\/\/www.opuzen.hr\/grad\/","logo":{"@type":"ImageObject","inLanguage":"hr","@id":"https:\/\/www.opuzen.hr\/grad\/#\/schema\/logo\/image\/","url":"https:\/\/www.opuzen.hr\/grad\/wp-content\/uploads\/2018\/02\/logo-opuzen.jpg","contentUrl":"https:\/\/www.opuzen.hr\/grad\/wp-content\/uploads\/2018\/02\/logo-opuzen.jpg","width":400,"height":400,"caption":"Grad Opuzen"},"image":{"@id":"https:\/\/www.opuzen.hr\/grad\/#\/schema\/logo\/image\/"}},{"@type":"Person","@id":"https:\/\/www.opuzen.hr\/grad\/#\/schema\/person\/0a17a9796898e9409a1fa4ca7448a481","name":"Grad Opuzen","image":{"@type":"ImageObject","inLanguage":"hr","@id":"https:\/\/www.opuzen.hr\/grad\/#\/schema\/person\/image\/","url":"https:\/\/secure.gravatar.com\/avatar\/0c54089de4fcf14c0fe3355109a3ac05?s=96&d=mm&r=g","contentUrl":"https:\/\/secure.gravatar.com\/avatar\/0c54089de4fcf14c0fe3355109a3ac05?s=96&d=mm&r=g","caption":"Grad Opuzen"},"url":"https:\/\/www.opuzen.hr\/grad\/author\/admin\/"}]}},"_links":{"self":[{"href":"https:\/\/www.opuzen.hr\/grad\/wp-json\/wp\/v2\/posts\/2926"}],"collection":[{"href":"https:\/\/www.opuzen.hr\/grad\/wp-json\/wp\/v2\/posts"}],"about":[{"href":"https:\/\/www.opuzen.hr\/grad\/wp-json\/wp\/v2\/types\/post"}],"author":[{"embeddable":true,"href":"https:\/\/www.opuzen.hr\/grad\/wp-json\/wp\/v2\/users\/3"}],"replies":[{"embeddable":true,"href":"https:\/\/www.opuzen.hr\/grad\/wp-json\/wp\/v2\/comments?post=2926"}],"version-history":[{"count":2,"href":"https:\/\/www.opuzen.hr\/grad\/wp-json\/wp\/v2\/posts\/2926\/revisions"}],"predecessor-version":[{"id":45866,"href":"https:\/\/www.opuzen.hr\/grad\/wp-json\/wp\/v2\/posts\/2926\/revisions\/45866"}],"wp:featuredmedia":[{"embeddable":true,"href":"https:\/\/www.opuzen.hr\/grad\/wp-json\/wp\/v2\/media\/615"}],"wp:attachment":[{"href":"https:\/\/www.opuzen.hr\/grad\/wp-json\/wp\/v2\/media?parent=2926"}],"wp:term":[{"taxonomy":"category","embeddable":true,"href":"https:\/\/www.opuzen.hr\/grad\/wp-json\/wp\/v2\/categories?post=2926"},{"taxonomy":"post_tag","embeddable":true,"href":"https:\/\/www.opuzen.hr\/grad\/wp-json\/wp\/v2\/tags?post=2926"}],"curies":[{"name":"wp","href":"https:\/\/api.w.org\/{rel}","templated":true}]}}