{"id":3036,"date":"2018-10-05T22:41:53","date_gmt":"2018-10-05T20:41:53","guid":{"rendered":"https:\/\/www.opuzen.hr\/grad\/?p=3036"},"modified":"2023-10-12T13:30:15","modified_gmt":"2023-10-12T11:30:15","slug":"pojacani-nadzor-vozila-i-vozaca","status":"publish","type":"post","link":"https:\/\/www.opuzen.hr\/grad\/pojacani-nadzor-vozila-i-vozaca\/","title":{"rendered":"Poja\u010dani nadzor vozila i voza\u010da"},"content":{"rendered":"<p>U prvih osam mjeseci 2018. godine, u prometnim nesre\u0107ama na podru\u010dju Republike Hrvatske smrtno je stradalo 217 osoba, odnosno isti broj kao i 2017. godine (poginulo 217 osoba), a tijekom mjeseca rujna nastavljen je nezadovoljavaju\u0107i trend smrtnog stradavanja, odnosno do 20. rujna 2018. godine, poginule su 234 osobe, odnosno 3 osobe ili 1,3% vi\u0161e nego na isti dan 2017. godine (231 poginulih osoba). <!--more--><\/p>\n<p>Dok je u prvih osam mjeseci 2018. godine, u prometnim nesre\u0107ama na podru\u010dju POLICIJSKE UPRAVE DUBROVA\u010cKO-NERETVANSKE smrtno stradalo 11 osoba, odnosno 57 % vi\u0161e nego 2017. godine (poginulo 7 osoba).<br \/>\nAnalizom podataka o prometnim nesre\u0107ama sa smrtno stradalim osobama za prvih osam mjeseci 2018. godine proizlazi da su sudionici nesre\u0107a smrtno stradavali naj\u010de\u0161\u0107e zbog gre\u0161aka koje se odnose na vo\u017enju pod utjecajem alkohola, nepropisnu i neprimjerenu brzinu vo\u017enje uvjetima prometa na cestama, naleta na pje\u0161ake i bicikliste. Tijekom 2018. godine sudionici ve\u0107eg broja nesre\u0107a bili su i voza\u010di mopeda i motocikala, pri \u010demu je kod voza\u010da motocikala evidentiran porast broja smrtno stradalih (42) u odnosu na 2017. godinu (26) za \u010dak 61,5%.<\/p>\n<p>S obzirom na navedeno, a u cilju zaustavljanja navedenog negativnog trenda, odnosno preveniranja prometnih nesre\u0107a i njihovih posljedica te pove\u0107anja ukupne\u00a0razine sigurnosti prometa na cestama, policija \u0107e do kraja 2018. godine kontinuirano, a posebice u dane vikenda, poduzimati poja\u010dane aktivnosti, usmjerene prioritetno na spre\u010davanje i sankcioniranje najte\u017eih prekr\u0161aja, posebice tzv. \u201e\u010detiri glavne ubojice u prometu\u201c, kao i prekr\u0161aje voza\u010da mopeda i motocikala.<\/p>\n<p><strong>Dopis mo\u017eete u cijelosti preuzeti putem priloga sadr\u017eaja.<\/strong><\/p>\n<!-- WP Attachments -->\r\n        <div style=\"width:100%;margin:10px 0 10px 0;\">\r\n            <h3>Prilozi sadr\u017eaju:<\/h3>\r\n        <ul class=\"post-attachments\"><li class=\"post-attachment mime-application-pdf\">                                \r\n<a target=\"_blank\" href=\"https:\/\/www.opuzen.hr\/grad\/pojacani-nadzor-vozila-i-vozaca\/?download=3037\">Dopis - medijima - Poja\u010dane aktivnosti 2018 +<\/a><div style=\"float:right;\">202 kB \/ Preuzeto: 507<\/div>\r\n<br><small><\/small><\/li><\/ul><\/div>","protected":false},"excerpt":{"rendered":"<p>U prvih osam mjeseci 2018. godine, u prometnim nesre\u0107ama na podru\u010dju Republike Hrvatske smrtno je&#8230;<\/p>\n","protected":false},"author":3,"featured_media":3038,"comment_status":"closed","ping_status":"closed","sticky":false,"template":"","format":"standard","meta":{"footnotes":""},"categories":[4,3],"tags":[],"class_list":["post-3036","post","type-post","status-publish","format-standard","has-post-thumbnail","hentry","category-novosti","category-obavijesti-gradanima","wpcat-4-id","wpcat-3-id"],"yoast_head":"<!-- This site is optimized with the Yoast SEO plugin v23.1 - https:\/\/yoast.com\/wordpress\/plugins\/seo\/ -->\n<title>Poja\u010dani nadzor vozila i voza\u010da - Grad Opuzen<\/title>\n<meta name=\"robots\" content=\"index, follow, max-snippet:-1, max-image-preview:large, max-video-preview:-1\" \/>\n<link rel=\"canonical\" href=\"https:\/\/www.opuzen.hr\/grad\/pojacani-nadzor-vozila-i-vozaca\/\" \/>\n<meta property=\"og:locale\" content=\"hr_HR\" \/>\n<meta property=\"og:type\" content=\"article\" \/>\n<meta property=\"og:title\" content=\"Poja\u010dani nadzor vozila i voza\u010da - Grad Opuzen\" \/>\n<meta property=\"og:description\" content=\"U prvih osam mjeseci 2018. godine, u prometnim nesre\u0107ama na podru\u010dju Republike Hrvatske smrtno je...\" \/>\n<meta property=\"og:url\" content=\"https:\/\/www.opuzen.hr\/grad\/pojacani-nadzor-vozila-i-vozaca\/\" \/>\n<meta property=\"og:site_name\" content=\"Grad Opuzen\" \/>\n<meta property=\"article:published_time\" content=\"2018-10-05T20:41:53+00:00\" \/>\n<meta property=\"article:modified_time\" content=\"2023-10-12T11:30:15+00:00\" \/>\n<meta property=\"og:image\" content=\"https:\/\/www.opuzen.hr\/grad\/wp-content\/uploads\/2018\/10\/pojacani-nadzor.jpg\" \/>\n\t<meta property=\"og:image:width\" content=\"4000\" \/>\n\t<meta property=\"og:image:height\" content=\"2664\" \/>\n\t<meta property=\"og:image:type\" content=\"image\/jpeg\" \/>\n<meta name=\"author\" content=\"Grad Opuzen\" \/>\n<meta name=\"twitter:card\" content=\"summary_large_image\" \/>\n<meta name=\"twitter:label1\" content=\"Napisao\/la\" \/>\n\t<meta name=\"twitter:data1\" content=\"Grad Opuzen\" \/>\n\t<meta name=\"twitter:label2\" content=\"Procijenjeno vrijeme \u010ditanja\" \/>\n\t<meta name=\"twitter:data2\" content=\"1 minuta\" \/>\n<script type=\"application\/ld+json\" class=\"yoast-schema-graph\">{\"@context\":\"https:\/\/schema.org\",\"@graph\":[{\"@type\":\"Article\",\"@id\":\"https:\/\/www.opuzen.hr\/grad\/pojacani-nadzor-vozila-i-vozaca\/#article\",\"isPartOf\":{\"@id\":\"https:\/\/www.opuzen.hr\/grad\/pojacani-nadzor-vozila-i-vozaca\/\"},\"author\":{\"name\":\"Grad Opuzen\",\"@id\":\"https:\/\/www.opuzen.hr\/grad\/#\/schema\/person\/0a17a9796898e9409a1fa4ca7448a481\"},\"headline\":\"Poja\u010dani nadzor vozila i voza\u010da\",\"datePublished\":\"2018-10-05T20:41:53+00:00\",\"dateModified\":\"2023-10-12T11:30:15+00:00\",\"mainEntityOfPage\":{\"@id\":\"https:\/\/www.opuzen.hr\/grad\/pojacani-nadzor-vozila-i-vozaca\/\"},\"wordCount\":259,\"publisher\":{\"@id\":\"https:\/\/www.opuzen.hr\/grad\/#organization\"},\"image\":{\"@id\":\"https:\/\/www.opuzen.hr\/grad\/pojacani-nadzor-vozila-i-vozaca\/#primaryimage\"},\"thumbnailUrl\":\"https:\/\/www.opuzen.hr\/grad\/wp-content\/uploads\/2018\/10\/pojacani-nadzor.jpg\",\"articleSection\":[\"Novosti\",\"Obavijesti gra\u0111anima\"],\"inLanguage\":\"hr\"},{\"@type\":\"WebPage\",\"@id\":\"https:\/\/www.opuzen.hr\/grad\/pojacani-nadzor-vozila-i-vozaca\/\",\"url\":\"https:\/\/www.opuzen.hr\/grad\/pojacani-nadzor-vozila-i-vozaca\/\",\"name\":\"Poja\u010dani nadzor vozila i voza\u010da - Grad Opuzen\",\"isPartOf\":{\"@id\":\"https:\/\/www.opuzen.hr\/grad\/#website\"},\"primaryImageOfPage\":{\"@id\":\"https:\/\/www.opuzen.hr\/grad\/pojacani-nadzor-vozila-i-vozaca\/#primaryimage\"},\"image\":{\"@id\":\"https:\/\/www.opuzen.hr\/grad\/pojacani-nadzor-vozila-i-vozaca\/#primaryimage\"},\"thumbnailUrl\":\"https:\/\/www.opuzen.hr\/grad\/wp-content\/uploads\/2018\/10\/pojacani-nadzor.jpg\",\"datePublished\":\"2018-10-05T20:41:53+00:00\",\"dateModified\":\"2023-10-12T11:30:15+00:00\",\"breadcrumb\":{\"@id\":\"https:\/\/www.opuzen.hr\/grad\/pojacani-nadzor-vozila-i-vozaca\/#breadcrumb\"},\"inLanguage\":\"hr\",\"potentialAction\":[{\"@type\":\"ReadAction\",\"target\":[\"https:\/\/www.opuzen.hr\/grad\/pojacani-nadzor-vozila-i-vozaca\/\"]}]},{\"@type\":\"ImageObject\",\"inLanguage\":\"hr\",\"@id\":\"https:\/\/www.opuzen.hr\/grad\/pojacani-nadzor-vozila-i-vozaca\/#primaryimage\",\"url\":\"https:\/\/www.opuzen.hr\/grad\/wp-content\/uploads\/2018\/10\/pojacani-nadzor.jpg\",\"contentUrl\":\"https:\/\/www.opuzen.hr\/grad\/wp-content\/uploads\/2018\/10\/pojacani-nadzor.jpg\",\"width\":4000,\"height\":2664,\"caption\":\"\u010cista Mala: \u010cetiri osobe su ozlije\u0111ene u sudaru dva automobila 29.07.2018., Cista Mala - Prometna nesreca na krizanju drzavne ceste D-59 i zupanijske ceste za Cistu Veliku u kojoj se sudjelovala dva vozila, a cetiri osobe ozlijedjene. Photo: Hrvoje Jelavic\/PIXSELL\"},{\"@type\":\"BreadcrumbList\",\"@id\":\"https:\/\/www.opuzen.hr\/grad\/pojacani-nadzor-vozila-i-vozaca\/#breadcrumb\",\"itemListElement\":[{\"@type\":\"ListItem\",\"position\":1,\"name\":\"Po\u010detna stranica\",\"item\":\"https:\/\/www.opuzen.hr\/grad\/\"},{\"@type\":\"ListItem\",\"position\":2,\"name\":\"Poja\u010dani nadzor vozila i voza\u010da\"}]},{\"@type\":\"WebSite\",\"@id\":\"https:\/\/www.opuzen.hr\/grad\/#website\",\"url\":\"https:\/\/www.opuzen.hr\/grad\/\",\"name\":\"Grad Opuzen\",\"description\":\"Slu\u017ebene mre\u017ene stranice Grada Opuzena\",\"publisher\":{\"@id\":\"https:\/\/www.opuzen.hr\/grad\/#organization\"},\"potentialAction\":[{\"@type\":\"SearchAction\",\"target\":{\"@type\":\"EntryPoint\",\"urlTemplate\":\"https:\/\/www.opuzen.hr\/grad\/?s={search_term_string}\"},\"query-input\":\"required name=search_term_string\"}],\"inLanguage\":\"hr\"},{\"@type\":\"Organization\",\"@id\":\"https:\/\/www.opuzen.hr\/grad\/#organization\",\"name\":\"Grad Opuzen\",\"url\":\"https:\/\/www.opuzen.hr\/grad\/\",\"logo\":{\"@type\":\"ImageObject\",\"inLanguage\":\"hr\",\"@id\":\"https:\/\/www.opuzen.hr\/grad\/#\/schema\/logo\/image\/\",\"url\":\"https:\/\/www.opuzen.hr\/grad\/wp-content\/uploads\/2018\/02\/logo-opuzen.jpg\",\"contentUrl\":\"https:\/\/www.opuzen.hr\/grad\/wp-content\/uploads\/2018\/02\/logo-opuzen.jpg\",\"width\":400,\"height\":400,\"caption\":\"Grad Opuzen\"},\"image\":{\"@id\":\"https:\/\/www.opuzen.hr\/grad\/#\/schema\/logo\/image\/\"}},{\"@type\":\"Person\",\"@id\":\"https:\/\/www.opuzen.hr\/grad\/#\/schema\/person\/0a17a9796898e9409a1fa4ca7448a481\",\"name\":\"Grad Opuzen\",\"image\":{\"@type\":\"ImageObject\",\"inLanguage\":\"hr\",\"@id\":\"https:\/\/www.opuzen.hr\/grad\/#\/schema\/person\/image\/\",\"url\":\"https:\/\/secure.gravatar.com\/avatar\/0c54089de4fcf14c0fe3355109a3ac05?s=96&d=mm&r=g\",\"contentUrl\":\"https:\/\/secure.gravatar.com\/avatar\/0c54089de4fcf14c0fe3355109a3ac05?s=96&d=mm&r=g\",\"caption\":\"Grad Opuzen\"},\"url\":\"https:\/\/www.opuzen.hr\/grad\/author\/admin\/\"}]}<\/script>\n<!-- \/ Yoast SEO plugin. -->","yoast_head_json":{"title":"Poja\u010dani nadzor vozila i voza\u010da - Grad Opuzen","robots":{"index":"index","follow":"follow","max-snippet":"max-snippet:-1","max-image-preview":"max-image-preview:large","max-video-preview":"max-video-preview:-1"},"canonical":"https:\/\/www.opuzen.hr\/grad\/pojacani-nadzor-vozila-i-vozaca\/","og_locale":"hr_HR","og_type":"article","og_title":"Poja\u010dani nadzor vozila i voza\u010da - Grad Opuzen","og_description":"U prvih osam mjeseci 2018. godine, u prometnim nesre\u0107ama na podru\u010dju Republike Hrvatske smrtno je...","og_url":"https:\/\/www.opuzen.hr\/grad\/pojacani-nadzor-vozila-i-vozaca\/","og_site_name":"Grad Opuzen","article_published_time":"2018-10-05T20:41:53+00:00","article_modified_time":"2023-10-12T11:30:15+00:00","og_image":[{"width":4000,"height":2664,"url":"https:\/\/www.opuzen.hr\/grad\/wp-content\/uploads\/2018\/10\/pojacani-nadzor.jpg","type":"image\/jpeg"}],"author":"Grad Opuzen","twitter_card":"summary_large_image","twitter_misc":{"Napisao\/la":"Grad Opuzen","Procijenjeno vrijeme \u010ditanja":"1 minuta"},"schema":{"@context":"https:\/\/schema.org","@graph":[{"@type":"Article","@id":"https:\/\/www.opuzen.hr\/grad\/pojacani-nadzor-vozila-i-vozaca\/#article","isPartOf":{"@id":"https:\/\/www.opuzen.hr\/grad\/pojacani-nadzor-vozila-i-vozaca\/"},"author":{"name":"Grad Opuzen","@id":"https:\/\/www.opuzen.hr\/grad\/#\/schema\/person\/0a17a9796898e9409a1fa4ca7448a481"},"headline":"Poja\u010dani nadzor vozila i voza\u010da","datePublished":"2018-10-05T20:41:53+00:00","dateModified":"2023-10-12T11:30:15+00:00","mainEntityOfPage":{"@id":"https:\/\/www.opuzen.hr\/grad\/pojacani-nadzor-vozila-i-vozaca\/"},"wordCount":259,"publisher":{"@id":"https:\/\/www.opuzen.hr\/grad\/#organization"},"image":{"@id":"https:\/\/www.opuzen.hr\/grad\/pojacani-nadzor-vozila-i-vozaca\/#primaryimage"},"thumbnailUrl":"https:\/\/www.opuzen.hr\/grad\/wp-content\/uploads\/2018\/10\/pojacani-nadzor.jpg","articleSection":["Novosti","Obavijesti gra\u0111anima"],"inLanguage":"hr"},{"@type":"WebPage","@id":"https:\/\/www.opuzen.hr\/grad\/pojacani-nadzor-vozila-i-vozaca\/","url":"https:\/\/www.opuzen.hr\/grad\/pojacani-nadzor-vozila-i-vozaca\/","name":"Poja\u010dani nadzor vozila i voza\u010da - Grad Opuzen","isPartOf":{"@id":"https:\/\/www.opuzen.hr\/grad\/#website"},"primaryImageOfPage":{"@id":"https:\/\/www.opuzen.hr\/grad\/pojacani-nadzor-vozila-i-vozaca\/#primaryimage"},"image":{"@id":"https:\/\/www.opuzen.hr\/grad\/pojacani-nadzor-vozila-i-vozaca\/#primaryimage"},"thumbnailUrl":"https:\/\/www.opuzen.hr\/grad\/wp-content\/uploads\/2018\/10\/pojacani-nadzor.jpg","datePublished":"2018-10-05T20:41:53+00:00","dateModified":"2023-10-12T11:30:15+00:00","breadcrumb":{"@id":"https:\/\/www.opuzen.hr\/grad\/pojacani-nadzor-vozila-i-vozaca\/#breadcrumb"},"inLanguage":"hr","potentialAction":[{"@type":"ReadAction","target":["https:\/\/www.opuzen.hr\/grad\/pojacani-nadzor-vozila-i-vozaca\/"]}]},{"@type":"ImageObject","inLanguage":"hr","@id":"https:\/\/www.opuzen.hr\/grad\/pojacani-nadzor-vozila-i-vozaca\/#primaryimage","url":"https:\/\/www.opuzen.hr\/grad\/wp-content\/uploads\/2018\/10\/pojacani-nadzor.jpg","contentUrl":"https:\/\/www.opuzen.hr\/grad\/wp-content\/uploads\/2018\/10\/pojacani-nadzor.jpg","width":4000,"height":2664,"caption":"\u010cista Mala: \u010cetiri osobe su ozlije\u0111ene u sudaru dva automobila 29.07.2018., Cista Mala - Prometna nesreca na krizanju drzavne ceste D-59 i zupanijske ceste za Cistu Veliku u kojoj se sudjelovala dva vozila, a cetiri osobe ozlijedjene. Photo: Hrvoje Jelavic\/PIXSELL"},{"@type":"BreadcrumbList","@id":"https:\/\/www.opuzen.hr\/grad\/pojacani-nadzor-vozila-i-vozaca\/#breadcrumb","itemListElement":[{"@type":"ListItem","position":1,"name":"Po\u010detna stranica","item":"https:\/\/www.opuzen.hr\/grad\/"},{"@type":"ListItem","position":2,"name":"Poja\u010dani nadzor vozila i voza\u010da"}]},{"@type":"WebSite","@id":"https:\/\/www.opuzen.hr\/grad\/#website","url":"https:\/\/www.opuzen.hr\/grad\/","name":"Grad Opuzen","description":"Slu\u017ebene mre\u017ene stranice Grada Opuzena","publisher":{"@id":"https:\/\/www.opuzen.hr\/grad\/#organization"},"potentialAction":[{"@type":"SearchAction","target":{"@type":"EntryPoint","urlTemplate":"https:\/\/www.opuzen.hr\/grad\/?s={search_term_string}"},"query-input":"required name=search_term_string"}],"inLanguage":"hr"},{"@type":"Organization","@id":"https:\/\/www.opuzen.hr\/grad\/#organization","name":"Grad Opuzen","url":"https:\/\/www.opuzen.hr\/grad\/","logo":{"@type":"ImageObject","inLanguage":"hr","@id":"https:\/\/www.opuzen.hr\/grad\/#\/schema\/logo\/image\/","url":"https:\/\/www.opuzen.hr\/grad\/wp-content\/uploads\/2018\/02\/logo-opuzen.jpg","contentUrl":"https:\/\/www.opuzen.hr\/grad\/wp-content\/uploads\/2018\/02\/logo-opuzen.jpg","width":400,"height":400,"caption":"Grad Opuzen"},"image":{"@id":"https:\/\/www.opuzen.hr\/grad\/#\/schema\/logo\/image\/"}},{"@type":"Person","@id":"https:\/\/www.opuzen.hr\/grad\/#\/schema\/person\/0a17a9796898e9409a1fa4ca7448a481","name":"Grad Opuzen","image":{"@type":"ImageObject","inLanguage":"hr","@id":"https:\/\/www.opuzen.hr\/grad\/#\/schema\/person\/image\/","url":"https:\/\/secure.gravatar.com\/avatar\/0c54089de4fcf14c0fe3355109a3ac05?s=96&d=mm&r=g","contentUrl":"https:\/\/secure.gravatar.com\/avatar\/0c54089de4fcf14c0fe3355109a3ac05?s=96&d=mm&r=g","caption":"Grad Opuzen"},"url":"https:\/\/www.opuzen.hr\/grad\/author\/admin\/"}]}},"_links":{"self":[{"href":"https:\/\/www.opuzen.hr\/grad\/wp-json\/wp\/v2\/posts\/3036"}],"collection":[{"href":"https:\/\/www.opuzen.hr\/grad\/wp-json\/wp\/v2\/posts"}],"about":[{"href":"https:\/\/www.opuzen.hr\/grad\/wp-json\/wp\/v2\/types\/post"}],"author":[{"embeddable":true,"href":"https:\/\/www.opuzen.hr\/grad\/wp-json\/wp\/v2\/users\/3"}],"replies":[{"embeddable":true,"href":"https:\/\/www.opuzen.hr\/grad\/wp-json\/wp\/v2\/comments?post=3036"}],"version-history":[{"count":1,"href":"https:\/\/www.opuzen.hr\/grad\/wp-json\/wp\/v2\/posts\/3036\/revisions"}],"predecessor-version":[{"id":3039,"href":"https:\/\/www.opuzen.hr\/grad\/wp-json\/wp\/v2\/posts\/3036\/revisions\/3039"}],"wp:featuredmedia":[{"embeddable":true,"href":"https:\/\/www.opuzen.hr\/grad\/wp-json\/wp\/v2\/media\/3038"}],"wp:attachment":[{"href":"https:\/\/www.opuzen.hr\/grad\/wp-json\/wp\/v2\/media?parent=3036"}],"wp:term":[{"taxonomy":"category","embeddable":true,"href":"https:\/\/www.opuzen.hr\/grad\/wp-json\/wp\/v2\/categories?post=3036"},{"taxonomy":"post_tag","embeddable":true,"href":"https:\/\/www.opuzen.hr\/grad\/wp-json\/wp\/v2\/tags?post=3036"}],"curies":[{"name":"wp","href":"https:\/\/api.w.org\/{rel}","templated":true}]}}