{"id":3066,"date":"2018-10-19T20:53:14","date_gmt":"2018-10-19T18:53:14","guid":{"rendered":"https:\/\/www.opuzen.hr\/grad\/?p=3066"},"modified":"2023-10-12T13:30:15","modified_gmt":"2023-10-12T11:30:15","slug":"zapocela-provedba-3-cef-telecom-projekta-ministarstva-gospodarstva-poduzetnistva-i-obrta","status":"publish","type":"post","link":"https:\/\/www.opuzen.hr\/grad\/zapocela-provedba-3-cef-telecom-projekta-ministarstva-gospodarstva-poduzetnistva-i-obrta\/","title":{"rendered":"Zapo\u010dela provedba 3. CEF Telecom projekta Ministarstva gospodarstva, poduzetni\u0161tva i obrta \u010diji partner je i Grad Opuzen"},"content":{"rendered":"<p>Dana 12. listopada 2018. godine, u Ministarstvu gospodarstva, poduzetni\u0161tva i obrta, odr\u017eano je javno predstavljanje projekta &#8220;In-LoRe (Croatian eInvoicing for Local and Regional Authorities)&#8221; kojim je zapo\u010dela jednogodi\u0161nja suradnja Ministarstva gospodarstva, poduzetni\u0161tva i obrta, kao nositelja projekta, s do sada najve\u0107im brojem konzorcijskih partnera, odnosno njih ukupno 80. Na predstavljanju projekta sudjelovao je ministar gospodarstva, poduzetni\u0161tva i obrta Darko Horvat koji je u svom govoru naglasio kako 2019. godina mora biti godina digitalizacije Hrvatske \u010dija je glavna svrha stvaranje jednostavnije, fleksibilnije i br\u017ee javne nabave, s ciljem smanjenja tro\u0161kova za poduzetnike.<br \/>\n<!--more--><\/p>\n<p>Uz ministra Darka Horvata, na predstavljanju projekta prisustvovali su i voditelj Predstavni\u0161tva Europske komisije u RH Branko Bari\u010devi\u0107, dr\u017eavna tajnica Ministarstva uprave Katica Prpi\u0107, pomo\u0107nica ministra gospodarstva, poduzetni\u0161tva i obrta Ivana Soi\u0107, izaslanik gradona\u010delnika Grada Zagreba, zamjenik pro\u010delnice za gospodarstvo Ivan Ivankovi\u0107 te mnogi drugi.<\/p>\n<p>Va\u017enost digitalizacije Hrvatske potvrdio je u svom govoru i voditelj Predstavni\u0161tva Europske komisije u RH Branko Bari\u010devi\u0107 te istaknuo da upravo digitalizacija predstavlja jedan od glavnih prioriteta Europske komisije.<br \/>\nU nastavku su Maja Radi\u0161i\u0107 \u017duvani\u0107, voditeljica Slu\u017ebe za digitalno gospodarstvo Ministarstva gospodarstva, poduzetni\u0161tva i obrta te Andreja Kajtaz, direktorica Sektora komercijalnih digitalnih rje\u0161enja Financijske agencije, predstavile Kona\u010dni prijedlog Zakona o elektroni\u010dkom izdavanju ra\u010duna u javnoj nabavi kojim \u0107e se u hrvatsko zakonodavstvo prenijeti Direktiva 2014\/55\/EU o elektroni\u010dkom izdavanju ra\u010duna u javnoj nabavi. Zakon \u0107e se primjenjivati na elektroni\u010dke ra\u010dune koji su izdani temeljem ugovora o javnoj nabavi koju provode javni, sektorski i drugi naru\u010ditelji.<\/p>\n<p>Nakon odr\u017eanog javnog predstavljanja projekta, s predstavnicima projektnih partnera odr\u017ean je i inicijalni sastanak partnera na kojem su prezentirane projektne aktivnosti, rokovi izvr\u0161enja, kao i metodologija provedbe projekta.<br \/>\nProjekt se financira u okviru Programa CEF (Connecting Europe Facility \u2013 Instrument za povezivanje Europe) i nastavlja na rezultate dva prethodno financirana CEF projekta u okviru kojih je platforma &#8220;eRa\u010dun za dr\u017eavu&#8221; nadogra\u0111ena i uskla\u0111ena s Europskom normom (EN), razvijene su eDelivery PEPPOL pristupne to\u010dke te je zapo\u010deta integracija jedinica lokalne i regionalne samouprave na navedenu platformu.<\/p>\n<p>Cilj projekta je poticanje \u0161irenja i ubrzanje kori\u0161tenja strukturiranog elektroni\u010dkog ra\u010duna od strane javne uprave, nacionalno i prekograni\u010dno, kroz osiguravanje tehni\u010dkih i operativnih preduvjeta tijela javne uprave za integraciju sa sredi\u0161njom platformom &#8220;eRa\u010dun za dr\u017eavu&#8221;.<\/p>\n<p>Projektom se \u017eeli posti\u0107i daljnja transformacija javnog i dr\u017eavnog sektora za uvo\u0111enje digitalnih procedura u procese fakturiranja, kao i ostvarivanje svih ostalih prednosti koje donose elektroni\u010dko fakturiranje i kori\u0161tenje eRa\u010duna.<br \/>\nProjekt In-LoRe, \u010dija je provedba zapo\u010dela 3. rujna 2018. godine i trajat \u0107e godinu dana, predstavlja najve\u0107i nacionalni projektni konzorcij koji za cilj ima osposobljavanje javne uprave za razmjenu eRa\u010duna, kao i pripremu tijela javne uprave za njihove predostoje\u0107e obveze vezane uz primjenu eRa\u010duna. Ukupna vrijednost projekta iznosi 1.021.025,23 \u20ac, od \u010dega Europska komisija sufinancira 75% prihvatljivih tro\u0161kova, odnosno 765.769 \u20ac.<\/p>\n<p><strong>Broj Ugovora: INEA\/CEF\/ICT\/A2017\/1557629<\/strong><br \/>\n<strong>Oznaka projekta: 2017-HR-IA-0143<\/strong><\/p>\n<p>&nbsp;<\/p>\n<p><img fetchpriority=\"high\" decoding=\"async\" class=\"alignnone size-full wp-image-3069\" src=\"https:\/\/www.opuzen.hr\/grad\/wp-content\/uploads\/2018\/10\/LOGO20EU.jpg\" alt=\"\" width=\"600\" height=\"84\" srcset=\"https:\/\/www.opuzen.hr\/grad\/wp-content\/uploads\/2018\/10\/LOGO20EU.jpg 600w, https:\/\/www.opuzen.hr\/grad\/wp-content\/uploads\/2018\/10\/LOGO20EU-300x42.jpg 300w, https:\/\/www.opuzen.hr\/grad\/wp-content\/uploads\/2018\/10\/LOGO20EU-580x81.jpg 580w\" sizes=\"(max-width: 600px) 100vw, 600px\" \/><\/p>\n","protected":false},"excerpt":{"rendered":"<p>Dana 12. listopada 2018. godine, u Ministarstvu gospodarstva, poduzetni\u0161tva i obrta, odr\u017eano je javno predstavljanje&#8230;<\/p>\n","protected":false},"author":3,"featured_media":3067,"comment_status":"closed","ping_status":"closed","sticky":false,"template":"","format":"standard","meta":{"footnotes":""},"categories":[279,278,22,4],"tags":[280,282,285,283,144,281],"class_list":["post-3066","post","type-post","status-publish","format-standard","has-post-thumbnail","hentry","category-cef","category-cef-telecom","category-eu","category-novosti","tag-cef","tag-cef-telecom","tag-in-lore","tag-inea","tag-ministarstvo-gospodarstva","tag-telecom","wpcat-279-id","wpcat-278-id","wpcat-22-id","wpcat-4-id"],"yoast_head":"<!-- This site is optimized with the Yoast SEO plugin v23.1 - https:\/\/yoast.com\/wordpress\/plugins\/seo\/ -->\n<title>Zapo\u010dela provedba 3. CEF Telecom projekta Ministarstva gospodarstva, poduzetni\u0161tva i obrta \u010diji partner je i Grad Opuzen - Grad Opuzen<\/title>\n<meta name=\"robots\" content=\"index, follow, max-snippet:-1, max-image-preview:large, max-video-preview:-1\" \/>\n<link rel=\"canonical\" href=\"https:\/\/www.opuzen.hr\/grad\/zapocela-provedba-3-cef-telecom-projekta-ministarstva-gospodarstva-poduzetnistva-i-obrta\/\" \/>\n<meta property=\"og:locale\" content=\"hr_HR\" \/>\n<meta property=\"og:type\" content=\"article\" \/>\n<meta property=\"og:title\" content=\"Zapo\u010dela provedba 3. CEF Telecom projekta Ministarstva gospodarstva, poduzetni\u0161tva i obrta \u010diji partner je i Grad Opuzen - Grad Opuzen\" \/>\n<meta property=\"og:description\" content=\"Dana 12. listopada 2018. godine, u Ministarstvu gospodarstva, poduzetni\u0161tva i obrta, odr\u017eano je javno predstavljanje...\" \/>\n<meta property=\"og:url\" content=\"https:\/\/www.opuzen.hr\/grad\/zapocela-provedba-3-cef-telecom-projekta-ministarstva-gospodarstva-poduzetnistva-i-obrta\/\" \/>\n<meta property=\"og:site_name\" content=\"Grad Opuzen\" \/>\n<meta property=\"article:published_time\" content=\"2018-10-19T18:53:14+00:00\" \/>\n<meta property=\"article:modified_time\" content=\"2023-10-12T11:30:15+00:00\" \/>\n<meta property=\"og:image\" content=\"https:\/\/www.opuzen.hr\/grad\/wp-content\/uploads\/2018\/10\/CEF-Telecom-picture-1.jpg\" \/>\n\t<meta property=\"og:image:width\" content=\"600\" \/>\n\t<meta property=\"og:image:height\" content=\"400\" \/>\n\t<meta property=\"og:image:type\" content=\"image\/jpeg\" \/>\n<meta name=\"author\" content=\"Grad Opuzen\" \/>\n<meta name=\"twitter:card\" content=\"summary_large_image\" \/>\n<meta name=\"twitter:label1\" content=\"Napisao\/la\" \/>\n\t<meta name=\"twitter:data1\" content=\"Grad Opuzen\" \/>\n\t<meta name=\"twitter:label2\" content=\"Procijenjeno vrijeme \u010ditanja\" \/>\n\t<meta name=\"twitter:data2\" content=\"3 minute\" \/>\n<script type=\"application\/ld+json\" class=\"yoast-schema-graph\">{\"@context\":\"https:\/\/schema.org\",\"@graph\":[{\"@type\":\"Article\",\"@id\":\"https:\/\/www.opuzen.hr\/grad\/zapocela-provedba-3-cef-telecom-projekta-ministarstva-gospodarstva-poduzetnistva-i-obrta\/#article\",\"isPartOf\":{\"@id\":\"https:\/\/www.opuzen.hr\/grad\/zapocela-provedba-3-cef-telecom-projekta-ministarstva-gospodarstva-poduzetnistva-i-obrta\/\"},\"author\":{\"name\":\"Grad Opuzen\",\"@id\":\"https:\/\/www.opuzen.hr\/grad\/#\/schema\/person\/0a17a9796898e9409a1fa4ca7448a481\"},\"headline\":\"Zapo\u010dela provedba 3. CEF Telecom projekta Ministarstva gospodarstva, poduzetni\u0161tva i obrta \u010diji partner je i Grad Opuzen\",\"datePublished\":\"2018-10-19T18:53:14+00:00\",\"dateModified\":\"2023-10-12T11:30:15+00:00\",\"mainEntityOfPage\":{\"@id\":\"https:\/\/www.opuzen.hr\/grad\/zapocela-provedba-3-cef-telecom-projekta-ministarstva-gospodarstva-poduzetnistva-i-obrta\/\"},\"wordCount\":527,\"publisher\":{\"@id\":\"https:\/\/www.opuzen.hr\/grad\/#organization\"},\"image\":{\"@id\":\"https:\/\/www.opuzen.hr\/grad\/zapocela-provedba-3-cef-telecom-projekta-ministarstva-gospodarstva-poduzetnistva-i-obrta\/#primaryimage\"},\"thumbnailUrl\":\"https:\/\/www.opuzen.hr\/grad\/wp-content\/uploads\/2018\/10\/CEF-Telecom-picture-1.jpg\",\"keywords\":[\"CEF\",\"CEF Telecom\",\"In-LoRe\",\"INEA\",\"Ministarstvo gospodarstva\",\"Telecom\"],\"articleSection\":[\"CEF\",\"CEF Telecom\",\"EU\",\"Novosti\"],\"inLanguage\":\"hr\"},{\"@type\":\"WebPage\",\"@id\":\"https:\/\/www.opuzen.hr\/grad\/zapocela-provedba-3-cef-telecom-projekta-ministarstva-gospodarstva-poduzetnistva-i-obrta\/\",\"url\":\"https:\/\/www.opuzen.hr\/grad\/zapocela-provedba-3-cef-telecom-projekta-ministarstva-gospodarstva-poduzetnistva-i-obrta\/\",\"name\":\"Zapo\u010dela provedba 3. CEF Telecom projekta Ministarstva gospodarstva, poduzetni\u0161tva i obrta \u010diji partner je i Grad Opuzen - Grad Opuzen\",\"isPartOf\":{\"@id\":\"https:\/\/www.opuzen.hr\/grad\/#website\"},\"primaryImageOfPage\":{\"@id\":\"https:\/\/www.opuzen.hr\/grad\/zapocela-provedba-3-cef-telecom-projekta-ministarstva-gospodarstva-poduzetnistva-i-obrta\/#primaryimage\"},\"image\":{\"@id\":\"https:\/\/www.opuzen.hr\/grad\/zapocela-provedba-3-cef-telecom-projekta-ministarstva-gospodarstva-poduzetnistva-i-obrta\/#primaryimage\"},\"thumbnailUrl\":\"https:\/\/www.opuzen.hr\/grad\/wp-content\/uploads\/2018\/10\/CEF-Telecom-picture-1.jpg\",\"datePublished\":\"2018-10-19T18:53:14+00:00\",\"dateModified\":\"2023-10-12T11:30:15+00:00\",\"breadcrumb\":{\"@id\":\"https:\/\/www.opuzen.hr\/grad\/zapocela-provedba-3-cef-telecom-projekta-ministarstva-gospodarstva-poduzetnistva-i-obrta\/#breadcrumb\"},\"inLanguage\":\"hr\",\"potentialAction\":[{\"@type\":\"ReadAction\",\"target\":[\"https:\/\/www.opuzen.hr\/grad\/zapocela-provedba-3-cef-telecom-projekta-ministarstva-gospodarstva-poduzetnistva-i-obrta\/\"]}]},{\"@type\":\"ImageObject\",\"inLanguage\":\"hr\",\"@id\":\"https:\/\/www.opuzen.hr\/grad\/zapocela-provedba-3-cef-telecom-projekta-ministarstva-gospodarstva-poduzetnistva-i-obrta\/#primaryimage\",\"url\":\"https:\/\/www.opuzen.hr\/grad\/wp-content\/uploads\/2018\/10\/CEF-Telecom-picture-1.jpg\",\"contentUrl\":\"https:\/\/www.opuzen.hr\/grad\/wp-content\/uploads\/2018\/10\/CEF-Telecom-picture-1.jpg\",\"width\":600,\"height\":400},{\"@type\":\"BreadcrumbList\",\"@id\":\"https:\/\/www.opuzen.hr\/grad\/zapocela-provedba-3-cef-telecom-projekta-ministarstva-gospodarstva-poduzetnistva-i-obrta\/#breadcrumb\",\"itemListElement\":[{\"@type\":\"ListItem\",\"position\":1,\"name\":\"Po\u010detna stranica\",\"item\":\"https:\/\/www.opuzen.hr\/grad\/\"},{\"@type\":\"ListItem\",\"position\":2,\"name\":\"Zapo\u010dela provedba 3. CEF Telecom projekta Ministarstva gospodarstva, poduzetni\u0161tva i obrta \u010diji partner je i Grad Opuzen\"}]},{\"@type\":\"WebSite\",\"@id\":\"https:\/\/www.opuzen.hr\/grad\/#website\",\"url\":\"https:\/\/www.opuzen.hr\/grad\/\",\"name\":\"Grad Opuzen\",\"description\":\"Slu\u017ebene mre\u017ene stranice Grada Opuzena\",\"publisher\":{\"@id\":\"https:\/\/www.opuzen.hr\/grad\/#organization\"},\"potentialAction\":[{\"@type\":\"SearchAction\",\"target\":{\"@type\":\"EntryPoint\",\"urlTemplate\":\"https:\/\/www.opuzen.hr\/grad\/?s={search_term_string}\"},\"query-input\":\"required name=search_term_string\"}],\"inLanguage\":\"hr\"},{\"@type\":\"Organization\",\"@id\":\"https:\/\/www.opuzen.hr\/grad\/#organization\",\"name\":\"Grad Opuzen\",\"url\":\"https:\/\/www.opuzen.hr\/grad\/\",\"logo\":{\"@type\":\"ImageObject\",\"inLanguage\":\"hr\",\"@id\":\"https:\/\/www.opuzen.hr\/grad\/#\/schema\/logo\/image\/\",\"url\":\"https:\/\/www.opuzen.hr\/grad\/wp-content\/uploads\/2018\/02\/logo-opuzen.jpg\",\"contentUrl\":\"https:\/\/www.opuzen.hr\/grad\/wp-content\/uploads\/2018\/02\/logo-opuzen.jpg\",\"width\":400,\"height\":400,\"caption\":\"Grad Opuzen\"},\"image\":{\"@id\":\"https:\/\/www.opuzen.hr\/grad\/#\/schema\/logo\/image\/\"}},{\"@type\":\"Person\",\"@id\":\"https:\/\/www.opuzen.hr\/grad\/#\/schema\/person\/0a17a9796898e9409a1fa4ca7448a481\",\"name\":\"Grad Opuzen\",\"image\":{\"@type\":\"ImageObject\",\"inLanguage\":\"hr\",\"@id\":\"https:\/\/www.opuzen.hr\/grad\/#\/schema\/person\/image\/\",\"url\":\"https:\/\/secure.gravatar.com\/avatar\/0c54089de4fcf14c0fe3355109a3ac05?s=96&d=mm&r=g\",\"contentUrl\":\"https:\/\/secure.gravatar.com\/avatar\/0c54089de4fcf14c0fe3355109a3ac05?s=96&d=mm&r=g\",\"caption\":\"Grad Opuzen\"},\"url\":\"https:\/\/www.opuzen.hr\/grad\/author\/admin\/\"}]}<\/script>\n<!-- \/ Yoast SEO plugin. -->","yoast_head_json":{"title":"Zapo\u010dela provedba 3. CEF Telecom projekta Ministarstva gospodarstva, poduzetni\u0161tva i obrta \u010diji partner je i Grad Opuzen - Grad Opuzen","robots":{"index":"index","follow":"follow","max-snippet":"max-snippet:-1","max-image-preview":"max-image-preview:large","max-video-preview":"max-video-preview:-1"},"canonical":"https:\/\/www.opuzen.hr\/grad\/zapocela-provedba-3-cef-telecom-projekta-ministarstva-gospodarstva-poduzetnistva-i-obrta\/","og_locale":"hr_HR","og_type":"article","og_title":"Zapo\u010dela provedba 3. CEF Telecom projekta Ministarstva gospodarstva, poduzetni\u0161tva i obrta \u010diji partner je i Grad Opuzen - Grad Opuzen","og_description":"Dana 12. listopada 2018. godine, u Ministarstvu gospodarstva, poduzetni\u0161tva i obrta, odr\u017eano je javno predstavljanje...","og_url":"https:\/\/www.opuzen.hr\/grad\/zapocela-provedba-3-cef-telecom-projekta-ministarstva-gospodarstva-poduzetnistva-i-obrta\/","og_site_name":"Grad Opuzen","article_published_time":"2018-10-19T18:53:14+00:00","article_modified_time":"2023-10-12T11:30:15+00:00","og_image":[{"width":600,"height":400,"url":"https:\/\/www.opuzen.hr\/grad\/wp-content\/uploads\/2018\/10\/CEF-Telecom-picture-1.jpg","type":"image\/jpeg"}],"author":"Grad Opuzen","twitter_card":"summary_large_image","twitter_misc":{"Napisao\/la":"Grad Opuzen","Procijenjeno vrijeme \u010ditanja":"3 minute"},"schema":{"@context":"https:\/\/schema.org","@graph":[{"@type":"Article","@id":"https:\/\/www.opuzen.hr\/grad\/zapocela-provedba-3-cef-telecom-projekta-ministarstva-gospodarstva-poduzetnistva-i-obrta\/#article","isPartOf":{"@id":"https:\/\/www.opuzen.hr\/grad\/zapocela-provedba-3-cef-telecom-projekta-ministarstva-gospodarstva-poduzetnistva-i-obrta\/"},"author":{"name":"Grad Opuzen","@id":"https:\/\/www.opuzen.hr\/grad\/#\/schema\/person\/0a17a9796898e9409a1fa4ca7448a481"},"headline":"Zapo\u010dela provedba 3. CEF Telecom projekta Ministarstva gospodarstva, poduzetni\u0161tva i obrta \u010diji partner je i Grad Opuzen","datePublished":"2018-10-19T18:53:14+00:00","dateModified":"2023-10-12T11:30:15+00:00","mainEntityOfPage":{"@id":"https:\/\/www.opuzen.hr\/grad\/zapocela-provedba-3-cef-telecom-projekta-ministarstva-gospodarstva-poduzetnistva-i-obrta\/"},"wordCount":527,"publisher":{"@id":"https:\/\/www.opuzen.hr\/grad\/#organization"},"image":{"@id":"https:\/\/www.opuzen.hr\/grad\/zapocela-provedba-3-cef-telecom-projekta-ministarstva-gospodarstva-poduzetnistva-i-obrta\/#primaryimage"},"thumbnailUrl":"https:\/\/www.opuzen.hr\/grad\/wp-content\/uploads\/2018\/10\/CEF-Telecom-picture-1.jpg","keywords":["CEF","CEF Telecom","In-LoRe","INEA","Ministarstvo gospodarstva","Telecom"],"articleSection":["CEF","CEF Telecom","EU","Novosti"],"inLanguage":"hr"},{"@type":"WebPage","@id":"https:\/\/www.opuzen.hr\/grad\/zapocela-provedba-3-cef-telecom-projekta-ministarstva-gospodarstva-poduzetnistva-i-obrta\/","url":"https:\/\/www.opuzen.hr\/grad\/zapocela-provedba-3-cef-telecom-projekta-ministarstva-gospodarstva-poduzetnistva-i-obrta\/","name":"Zapo\u010dela provedba 3. CEF Telecom projekta Ministarstva gospodarstva, poduzetni\u0161tva i obrta \u010diji partner je i Grad Opuzen - Grad Opuzen","isPartOf":{"@id":"https:\/\/www.opuzen.hr\/grad\/#website"},"primaryImageOfPage":{"@id":"https:\/\/www.opuzen.hr\/grad\/zapocela-provedba-3-cef-telecom-projekta-ministarstva-gospodarstva-poduzetnistva-i-obrta\/#primaryimage"},"image":{"@id":"https:\/\/www.opuzen.hr\/grad\/zapocela-provedba-3-cef-telecom-projekta-ministarstva-gospodarstva-poduzetnistva-i-obrta\/#primaryimage"},"thumbnailUrl":"https:\/\/www.opuzen.hr\/grad\/wp-content\/uploads\/2018\/10\/CEF-Telecom-picture-1.jpg","datePublished":"2018-10-19T18:53:14+00:00","dateModified":"2023-10-12T11:30:15+00:00","breadcrumb":{"@id":"https:\/\/www.opuzen.hr\/grad\/zapocela-provedba-3-cef-telecom-projekta-ministarstva-gospodarstva-poduzetnistva-i-obrta\/#breadcrumb"},"inLanguage":"hr","potentialAction":[{"@type":"ReadAction","target":["https:\/\/www.opuzen.hr\/grad\/zapocela-provedba-3-cef-telecom-projekta-ministarstva-gospodarstva-poduzetnistva-i-obrta\/"]}]},{"@type":"ImageObject","inLanguage":"hr","@id":"https:\/\/www.opuzen.hr\/grad\/zapocela-provedba-3-cef-telecom-projekta-ministarstva-gospodarstva-poduzetnistva-i-obrta\/#primaryimage","url":"https:\/\/www.opuzen.hr\/grad\/wp-content\/uploads\/2018\/10\/CEF-Telecom-picture-1.jpg","contentUrl":"https:\/\/www.opuzen.hr\/grad\/wp-content\/uploads\/2018\/10\/CEF-Telecom-picture-1.jpg","width":600,"height":400},{"@type":"BreadcrumbList","@id":"https:\/\/www.opuzen.hr\/grad\/zapocela-provedba-3-cef-telecom-projekta-ministarstva-gospodarstva-poduzetnistva-i-obrta\/#breadcrumb","itemListElement":[{"@type":"ListItem","position":1,"name":"Po\u010detna stranica","item":"https:\/\/www.opuzen.hr\/grad\/"},{"@type":"ListItem","position":2,"name":"Zapo\u010dela provedba 3. CEF Telecom projekta Ministarstva gospodarstva, poduzetni\u0161tva i obrta \u010diji partner je i Grad Opuzen"}]},{"@type":"WebSite","@id":"https:\/\/www.opuzen.hr\/grad\/#website","url":"https:\/\/www.opuzen.hr\/grad\/","name":"Grad Opuzen","description":"Slu\u017ebene mre\u017ene stranice Grada Opuzena","publisher":{"@id":"https:\/\/www.opuzen.hr\/grad\/#organization"},"potentialAction":[{"@type":"SearchAction","target":{"@type":"EntryPoint","urlTemplate":"https:\/\/www.opuzen.hr\/grad\/?s={search_term_string}"},"query-input":"required name=search_term_string"}],"inLanguage":"hr"},{"@type":"Organization","@id":"https:\/\/www.opuzen.hr\/grad\/#organization","name":"Grad Opuzen","url":"https:\/\/www.opuzen.hr\/grad\/","logo":{"@type":"ImageObject","inLanguage":"hr","@id":"https:\/\/www.opuzen.hr\/grad\/#\/schema\/logo\/image\/","url":"https:\/\/www.opuzen.hr\/grad\/wp-content\/uploads\/2018\/02\/logo-opuzen.jpg","contentUrl":"https:\/\/www.opuzen.hr\/grad\/wp-content\/uploads\/2018\/02\/logo-opuzen.jpg","width":400,"height":400,"caption":"Grad Opuzen"},"image":{"@id":"https:\/\/www.opuzen.hr\/grad\/#\/schema\/logo\/image\/"}},{"@type":"Person","@id":"https:\/\/www.opuzen.hr\/grad\/#\/schema\/person\/0a17a9796898e9409a1fa4ca7448a481","name":"Grad Opuzen","image":{"@type":"ImageObject","inLanguage":"hr","@id":"https:\/\/www.opuzen.hr\/grad\/#\/schema\/person\/image\/","url":"https:\/\/secure.gravatar.com\/avatar\/0c54089de4fcf14c0fe3355109a3ac05?s=96&d=mm&r=g","contentUrl":"https:\/\/secure.gravatar.com\/avatar\/0c54089de4fcf14c0fe3355109a3ac05?s=96&d=mm&r=g","caption":"Grad Opuzen"},"url":"https:\/\/www.opuzen.hr\/grad\/author\/admin\/"}]}},"_links":{"self":[{"href":"https:\/\/www.opuzen.hr\/grad\/wp-json\/wp\/v2\/posts\/3066"}],"collection":[{"href":"https:\/\/www.opuzen.hr\/grad\/wp-json\/wp\/v2\/posts"}],"about":[{"href":"https:\/\/www.opuzen.hr\/grad\/wp-json\/wp\/v2\/types\/post"}],"author":[{"embeddable":true,"href":"https:\/\/www.opuzen.hr\/grad\/wp-json\/wp\/v2\/users\/3"}],"replies":[{"embeddable":true,"href":"https:\/\/www.opuzen.hr\/grad\/wp-json\/wp\/v2\/comments?post=3066"}],"version-history":[{"count":3,"href":"https:\/\/www.opuzen.hr\/grad\/wp-json\/wp\/v2\/posts\/3066\/revisions"}],"predecessor-version":[{"id":3072,"href":"https:\/\/www.opuzen.hr\/grad\/wp-json\/wp\/v2\/posts\/3066\/revisions\/3072"}],"wp:featuredmedia":[{"embeddable":true,"href":"https:\/\/www.opuzen.hr\/grad\/wp-json\/wp\/v2\/media\/3067"}],"wp:attachment":[{"href":"https:\/\/www.opuzen.hr\/grad\/wp-json\/wp\/v2\/media?parent=3066"}],"wp:term":[{"taxonomy":"category","embeddable":true,"href":"https:\/\/www.opuzen.hr\/grad\/wp-json\/wp\/v2\/categories?post=3066"},{"taxonomy":"post_tag","embeddable":true,"href":"https:\/\/www.opuzen.hr\/grad\/wp-json\/wp\/v2\/tags?post=3066"}],"curies":[{"name":"wp","href":"https:\/\/api.w.org\/{rel}","templated":true}]}}