{"id":3116,"date":"2018-11-15T06:45:12","date_gmt":"2018-11-15T05:45:12","guid":{"rendered":"https:\/\/www.opuzen.hr\/grad\/?p=3116"},"modified":"2023-10-12T13:30:04","modified_gmt":"2023-10-12T11:30:04","slug":"objava-prvog-natjecaja-flag-a-juzni-jadran","status":"publish","type":"post","link":"https:\/\/www.opuzen.hr\/grad\/objava-prvog-natjecaja-flag-a-juzni-jadran\/","title":{"rendered":"Objava prvog natje\u010daja FLAG-a Ju\u017eni Jadran"},"content":{"rendered":"<p>Na temelju \u010dlanka 13. Pravilnika o uvjetima, kriterijima, na\u010dinu odabira, financiranja i provedbe lokalnih razvojnih strategija u ribarstvu (\u201eNarodne novine\u201c, broj 73\/2018) (u daljnjem tekstu Pravilnik LRSR) i Lokalne razvojne strategije u ribarstvu, lokalne akcijske grupe u ribarstvu \u201eJu\u017eni Jadran\u201c, FLAG Ju\u017eni Jadran raspisuje FLAG NATJE\u010cAJ za dodjelu potpore za provedbu operacija u okviru Mjere 2.2. Diverzifikacija\/diferencijacija tr\u017ei\u0161ta iz Lokalne razvojne strategije u ribarstvu, lokalne akcijske grupe u ribarstvu \u201eJu\u017eni Jadran\u201c (u daljnjem tekstu \u201eLRSR\u201c).<!--more--><br \/>\n<strong>PREDMET NATJE\u010cAJA<\/strong><\/p>\n<p>Predmet natje\u010daja je dodjela javne potpore za provedbu operacija u okviru odobrene mjere LRSR u cilju izgradnje i za\u0161tite tr\u017ei\u0161ta lokalnih proizvoda za korisnike projekta koji imaju sjedi\u0161te\/prebivali\u0161te unutar ribarstvenog podru\u010dja FLAG-a Ju\u017eni Jadran. Mjera 2.2. Diverzifikacija\/diferencijacija tr\u017ei\u0161ta (u daljnjem tekstu: \u201eMjera 2.2.\u201c) se odnosi na ulaganja koja doprinose pove\u0107anju prihoda djelatnicima u sektoru ribarstva kroz stvaranje i ja\u010danje prepoznatljivosti i za\u0161tite (tzv. \u201ebrendiranje\u201c) proizvoda ribarskog podru\u010dja radi isticanja posebnosti lokalnih ribljih i akvakulturnih proizvoda kako bi se \u0161to vi\u0161e prilagodili potrebama tr\u017ei\u0161ta za lokalnim proizvodima ribarstva sa svog podru\u010dja.<\/p>\n<p><strong>Putem priloga sadr\u017eaja mo\u017eete preuzeti tekst Natje\u010daja u cijelosti.<\/strong><\/p>\n<!-- WP Attachments -->\r\n        <div style=\"width:100%;margin:10px 0 10px 0;\">\r\n            <h3>Prilozi sadr\u017eaju:<\/h3>\r\n        <ul class=\"post-attachments\"><li class=\"post-attachment mime-application-pdf\">                                \r\n<a target=\"_blank\" href=\"https:\/\/www.opuzen.hr\/grad\/objava-prvog-natjecaja-flag-a-juzni-jadran\/?download=3117\">FLAG natjecaj JJ 12112018<\/a><div style=\"float:right;\">213 kB \/ Preuzeto: 425<\/div>\r\n<br><small><\/small><\/li><\/ul><\/div>","protected":false},"excerpt":{"rendered":"<p>Na temelju \u010dlanka 13. Pravilnika o uvjetima, kriterijima, na\u010dinu odabira, financiranja i provedbe lokalnih razvojnih&#8230;<\/p>\n","protected":false},"author":3,"featured_media":3118,"comment_status":"closed","ping_status":"closed","sticky":false,"template":"","format":"standard","meta":{"footnotes":""},"categories":[4],"tags":[286,287],"class_list":["post-3116","post","type-post","status-publish","format-standard","has-post-thumbnail","hentry","category-novosti","tag-flag-juzni-jadran","tag-ribarstvo","wpcat-4-id"],"yoast_head":"<!-- This site is optimized with the Yoast SEO plugin v23.1 - https:\/\/yoast.com\/wordpress\/plugins\/seo\/ -->\n<title>Objava prvog natje\u010daja FLAG-a Ju\u017eni Jadran - Grad Opuzen<\/title>\n<meta name=\"robots\" content=\"index, follow, max-snippet:-1, max-image-preview:large, max-video-preview:-1\" \/>\n<link rel=\"canonical\" href=\"https:\/\/www.opuzen.hr\/grad\/objava-prvog-natjecaja-flag-a-juzni-jadran\/\" \/>\n<meta property=\"og:locale\" content=\"hr_HR\" \/>\n<meta property=\"og:type\" content=\"article\" \/>\n<meta property=\"og:title\" content=\"Objava prvog natje\u010daja FLAG-a Ju\u017eni Jadran - Grad Opuzen\" \/>\n<meta property=\"og:description\" content=\"Na temelju \u010dlanka 13. Pravilnika o uvjetima, kriterijima, na\u010dinu odabira, financiranja i provedbe lokalnih razvojnih...\" \/>\n<meta property=\"og:url\" content=\"https:\/\/www.opuzen.hr\/grad\/objava-prvog-natjecaja-flag-a-juzni-jadran\/\" \/>\n<meta property=\"og:site_name\" content=\"Grad Opuzen\" \/>\n<meta property=\"article:published_time\" content=\"2018-11-15T05:45:12+00:00\" \/>\n<meta property=\"article:modified_time\" content=\"2023-10-12T11:30:04+00:00\" \/>\n<meta property=\"og:image\" content=\"https:\/\/www.opuzen.hr\/grad\/wp-content\/uploads\/2018\/11\/ribe.jpg\" \/>\n\t<meta property=\"og:image:width\" content=\"800\" \/>\n\t<meta property=\"og:image:height\" content=\"534\" \/>\n\t<meta property=\"og:image:type\" content=\"image\/jpeg\" \/>\n<meta name=\"author\" content=\"Grad Opuzen\" \/>\n<meta name=\"twitter:card\" content=\"summary_large_image\" \/>\n<meta name=\"twitter:label1\" content=\"Napisao\/la\" \/>\n\t<meta name=\"twitter:data1\" content=\"Grad Opuzen\" \/>\n\t<meta name=\"twitter:label2\" content=\"Procijenjeno vrijeme \u010ditanja\" \/>\n\t<meta name=\"twitter:data2\" content=\"1 minuta\" \/>\n<script type=\"application\/ld+json\" class=\"yoast-schema-graph\">{\"@context\":\"https:\/\/schema.org\",\"@graph\":[{\"@type\":\"Article\",\"@id\":\"https:\/\/www.opuzen.hr\/grad\/objava-prvog-natjecaja-flag-a-juzni-jadran\/#article\",\"isPartOf\":{\"@id\":\"https:\/\/www.opuzen.hr\/grad\/objava-prvog-natjecaja-flag-a-juzni-jadran\/\"},\"author\":{\"name\":\"Grad Opuzen\",\"@id\":\"https:\/\/www.opuzen.hr\/grad\/#\/schema\/person\/0a17a9796898e9409a1fa4ca7448a481\"},\"headline\":\"Objava prvog natje\u010daja FLAG-a Ju\u017eni Jadran\",\"datePublished\":\"2018-11-15T05:45:12+00:00\",\"dateModified\":\"2023-10-12T11:30:04+00:00\",\"mainEntityOfPage\":{\"@id\":\"https:\/\/www.opuzen.hr\/grad\/objava-prvog-natjecaja-flag-a-juzni-jadran\/\"},\"wordCount\":211,\"publisher\":{\"@id\":\"https:\/\/www.opuzen.hr\/grad\/#organization\"},\"image\":{\"@id\":\"https:\/\/www.opuzen.hr\/grad\/objava-prvog-natjecaja-flag-a-juzni-jadran\/#primaryimage\"},\"thumbnailUrl\":\"https:\/\/www.opuzen.hr\/grad\/wp-content\/uploads\/2018\/11\/ribe.jpg\",\"keywords\":[\"FLAG Ju\u017eni jadran\",\"ribarstvo\"],\"articleSection\":[\"Novosti\"],\"inLanguage\":\"hr\"},{\"@type\":\"WebPage\",\"@id\":\"https:\/\/www.opuzen.hr\/grad\/objava-prvog-natjecaja-flag-a-juzni-jadran\/\",\"url\":\"https:\/\/www.opuzen.hr\/grad\/objava-prvog-natjecaja-flag-a-juzni-jadran\/\",\"name\":\"Objava prvog natje\u010daja FLAG-a Ju\u017eni Jadran - Grad Opuzen\",\"isPartOf\":{\"@id\":\"https:\/\/www.opuzen.hr\/grad\/#website\"},\"primaryImageOfPage\":{\"@id\":\"https:\/\/www.opuzen.hr\/grad\/objava-prvog-natjecaja-flag-a-juzni-jadran\/#primaryimage\"},\"image\":{\"@id\":\"https:\/\/www.opuzen.hr\/grad\/objava-prvog-natjecaja-flag-a-juzni-jadran\/#primaryimage\"},\"thumbnailUrl\":\"https:\/\/www.opuzen.hr\/grad\/wp-content\/uploads\/2018\/11\/ribe.jpg\",\"datePublished\":\"2018-11-15T05:45:12+00:00\",\"dateModified\":\"2023-10-12T11:30:04+00:00\",\"breadcrumb\":{\"@id\":\"https:\/\/www.opuzen.hr\/grad\/objava-prvog-natjecaja-flag-a-juzni-jadran\/#breadcrumb\"},\"inLanguage\":\"hr\",\"potentialAction\":[{\"@type\":\"ReadAction\",\"target\":[\"https:\/\/www.opuzen.hr\/grad\/objava-prvog-natjecaja-flag-a-juzni-jadran\/\"]}]},{\"@type\":\"ImageObject\",\"inLanguage\":\"hr\",\"@id\":\"https:\/\/www.opuzen.hr\/grad\/objava-prvog-natjecaja-flag-a-juzni-jadran\/#primaryimage\",\"url\":\"https:\/\/www.opuzen.hr\/grad\/wp-content\/uploads\/2018\/11\/ribe.jpg\",\"contentUrl\":\"https:\/\/www.opuzen.hr\/grad\/wp-content\/uploads\/2018\/11\/ribe.jpg\",\"width\":800,\"height\":534},{\"@type\":\"BreadcrumbList\",\"@id\":\"https:\/\/www.opuzen.hr\/grad\/objava-prvog-natjecaja-flag-a-juzni-jadran\/#breadcrumb\",\"itemListElement\":[{\"@type\":\"ListItem\",\"position\":1,\"name\":\"Po\u010detna stranica\",\"item\":\"https:\/\/www.opuzen.hr\/grad\/\"},{\"@type\":\"ListItem\",\"position\":2,\"name\":\"Objava prvog natje\u010daja FLAG-a Ju\u017eni Jadran\"}]},{\"@type\":\"WebSite\",\"@id\":\"https:\/\/www.opuzen.hr\/grad\/#website\",\"url\":\"https:\/\/www.opuzen.hr\/grad\/\",\"name\":\"Grad Opuzen\",\"description\":\"Slu\u017ebene mre\u017ene stranice Grada Opuzena\",\"publisher\":{\"@id\":\"https:\/\/www.opuzen.hr\/grad\/#organization\"},\"potentialAction\":[{\"@type\":\"SearchAction\",\"target\":{\"@type\":\"EntryPoint\",\"urlTemplate\":\"https:\/\/www.opuzen.hr\/grad\/?s={search_term_string}\"},\"query-input\":\"required name=search_term_string\"}],\"inLanguage\":\"hr\"},{\"@type\":\"Organization\",\"@id\":\"https:\/\/www.opuzen.hr\/grad\/#organization\",\"name\":\"Grad Opuzen\",\"url\":\"https:\/\/www.opuzen.hr\/grad\/\",\"logo\":{\"@type\":\"ImageObject\",\"inLanguage\":\"hr\",\"@id\":\"https:\/\/www.opuzen.hr\/grad\/#\/schema\/logo\/image\/\",\"url\":\"https:\/\/www.opuzen.hr\/grad\/wp-content\/uploads\/2018\/02\/logo-opuzen.jpg\",\"contentUrl\":\"https:\/\/www.opuzen.hr\/grad\/wp-content\/uploads\/2018\/02\/logo-opuzen.jpg\",\"width\":400,\"height\":400,\"caption\":\"Grad Opuzen\"},\"image\":{\"@id\":\"https:\/\/www.opuzen.hr\/grad\/#\/schema\/logo\/image\/\"}},{\"@type\":\"Person\",\"@id\":\"https:\/\/www.opuzen.hr\/grad\/#\/schema\/person\/0a17a9796898e9409a1fa4ca7448a481\",\"name\":\"Grad Opuzen\",\"image\":{\"@type\":\"ImageObject\",\"inLanguage\":\"hr\",\"@id\":\"https:\/\/www.opuzen.hr\/grad\/#\/schema\/person\/image\/\",\"url\":\"https:\/\/secure.gravatar.com\/avatar\/0c54089de4fcf14c0fe3355109a3ac05?s=96&d=mm&r=g\",\"contentUrl\":\"https:\/\/secure.gravatar.com\/avatar\/0c54089de4fcf14c0fe3355109a3ac05?s=96&d=mm&r=g\",\"caption\":\"Grad Opuzen\"},\"url\":\"https:\/\/www.opuzen.hr\/grad\/author\/admin\/\"}]}<\/script>\n<!-- \/ Yoast SEO plugin. -->","yoast_head_json":{"title":"Objava prvog natje\u010daja FLAG-a Ju\u017eni Jadran - Grad Opuzen","robots":{"index":"index","follow":"follow","max-snippet":"max-snippet:-1","max-image-preview":"max-image-preview:large","max-video-preview":"max-video-preview:-1"},"canonical":"https:\/\/www.opuzen.hr\/grad\/objava-prvog-natjecaja-flag-a-juzni-jadran\/","og_locale":"hr_HR","og_type":"article","og_title":"Objava prvog natje\u010daja FLAG-a Ju\u017eni Jadran - Grad Opuzen","og_description":"Na temelju \u010dlanka 13. Pravilnika o uvjetima, kriterijima, na\u010dinu odabira, financiranja i provedbe lokalnih razvojnih...","og_url":"https:\/\/www.opuzen.hr\/grad\/objava-prvog-natjecaja-flag-a-juzni-jadran\/","og_site_name":"Grad Opuzen","article_published_time":"2018-11-15T05:45:12+00:00","article_modified_time":"2023-10-12T11:30:04+00:00","og_image":[{"width":800,"height":534,"url":"https:\/\/www.opuzen.hr\/grad\/wp-content\/uploads\/2018\/11\/ribe.jpg","type":"image\/jpeg"}],"author":"Grad Opuzen","twitter_card":"summary_large_image","twitter_misc":{"Napisao\/la":"Grad Opuzen","Procijenjeno vrijeme \u010ditanja":"1 minuta"},"schema":{"@context":"https:\/\/schema.org","@graph":[{"@type":"Article","@id":"https:\/\/www.opuzen.hr\/grad\/objava-prvog-natjecaja-flag-a-juzni-jadran\/#article","isPartOf":{"@id":"https:\/\/www.opuzen.hr\/grad\/objava-prvog-natjecaja-flag-a-juzni-jadran\/"},"author":{"name":"Grad Opuzen","@id":"https:\/\/www.opuzen.hr\/grad\/#\/schema\/person\/0a17a9796898e9409a1fa4ca7448a481"},"headline":"Objava prvog natje\u010daja FLAG-a Ju\u017eni Jadran","datePublished":"2018-11-15T05:45:12+00:00","dateModified":"2023-10-12T11:30:04+00:00","mainEntityOfPage":{"@id":"https:\/\/www.opuzen.hr\/grad\/objava-prvog-natjecaja-flag-a-juzni-jadran\/"},"wordCount":211,"publisher":{"@id":"https:\/\/www.opuzen.hr\/grad\/#organization"},"image":{"@id":"https:\/\/www.opuzen.hr\/grad\/objava-prvog-natjecaja-flag-a-juzni-jadran\/#primaryimage"},"thumbnailUrl":"https:\/\/www.opuzen.hr\/grad\/wp-content\/uploads\/2018\/11\/ribe.jpg","keywords":["FLAG Ju\u017eni jadran","ribarstvo"],"articleSection":["Novosti"],"inLanguage":"hr"},{"@type":"WebPage","@id":"https:\/\/www.opuzen.hr\/grad\/objava-prvog-natjecaja-flag-a-juzni-jadran\/","url":"https:\/\/www.opuzen.hr\/grad\/objava-prvog-natjecaja-flag-a-juzni-jadran\/","name":"Objava prvog natje\u010daja FLAG-a Ju\u017eni Jadran - Grad Opuzen","isPartOf":{"@id":"https:\/\/www.opuzen.hr\/grad\/#website"},"primaryImageOfPage":{"@id":"https:\/\/www.opuzen.hr\/grad\/objava-prvog-natjecaja-flag-a-juzni-jadran\/#primaryimage"},"image":{"@id":"https:\/\/www.opuzen.hr\/grad\/objava-prvog-natjecaja-flag-a-juzni-jadran\/#primaryimage"},"thumbnailUrl":"https:\/\/www.opuzen.hr\/grad\/wp-content\/uploads\/2018\/11\/ribe.jpg","datePublished":"2018-11-15T05:45:12+00:00","dateModified":"2023-10-12T11:30:04+00:00","breadcrumb":{"@id":"https:\/\/www.opuzen.hr\/grad\/objava-prvog-natjecaja-flag-a-juzni-jadran\/#breadcrumb"},"inLanguage":"hr","potentialAction":[{"@type":"ReadAction","target":["https:\/\/www.opuzen.hr\/grad\/objava-prvog-natjecaja-flag-a-juzni-jadran\/"]}]},{"@type":"ImageObject","inLanguage":"hr","@id":"https:\/\/www.opuzen.hr\/grad\/objava-prvog-natjecaja-flag-a-juzni-jadran\/#primaryimage","url":"https:\/\/www.opuzen.hr\/grad\/wp-content\/uploads\/2018\/11\/ribe.jpg","contentUrl":"https:\/\/www.opuzen.hr\/grad\/wp-content\/uploads\/2018\/11\/ribe.jpg","width":800,"height":534},{"@type":"BreadcrumbList","@id":"https:\/\/www.opuzen.hr\/grad\/objava-prvog-natjecaja-flag-a-juzni-jadran\/#breadcrumb","itemListElement":[{"@type":"ListItem","position":1,"name":"Po\u010detna stranica","item":"https:\/\/www.opuzen.hr\/grad\/"},{"@type":"ListItem","position":2,"name":"Objava prvog natje\u010daja FLAG-a Ju\u017eni Jadran"}]},{"@type":"WebSite","@id":"https:\/\/www.opuzen.hr\/grad\/#website","url":"https:\/\/www.opuzen.hr\/grad\/","name":"Grad Opuzen","description":"Slu\u017ebene mre\u017ene stranice Grada Opuzena","publisher":{"@id":"https:\/\/www.opuzen.hr\/grad\/#organization"},"potentialAction":[{"@type":"SearchAction","target":{"@type":"EntryPoint","urlTemplate":"https:\/\/www.opuzen.hr\/grad\/?s={search_term_string}"},"query-input":"required name=search_term_string"}],"inLanguage":"hr"},{"@type":"Organization","@id":"https:\/\/www.opuzen.hr\/grad\/#organization","name":"Grad Opuzen","url":"https:\/\/www.opuzen.hr\/grad\/","logo":{"@type":"ImageObject","inLanguage":"hr","@id":"https:\/\/www.opuzen.hr\/grad\/#\/schema\/logo\/image\/","url":"https:\/\/www.opuzen.hr\/grad\/wp-content\/uploads\/2018\/02\/logo-opuzen.jpg","contentUrl":"https:\/\/www.opuzen.hr\/grad\/wp-content\/uploads\/2018\/02\/logo-opuzen.jpg","width":400,"height":400,"caption":"Grad Opuzen"},"image":{"@id":"https:\/\/www.opuzen.hr\/grad\/#\/schema\/logo\/image\/"}},{"@type":"Person","@id":"https:\/\/www.opuzen.hr\/grad\/#\/schema\/person\/0a17a9796898e9409a1fa4ca7448a481","name":"Grad Opuzen","image":{"@type":"ImageObject","inLanguage":"hr","@id":"https:\/\/www.opuzen.hr\/grad\/#\/schema\/person\/image\/","url":"https:\/\/secure.gravatar.com\/avatar\/0c54089de4fcf14c0fe3355109a3ac05?s=96&d=mm&r=g","contentUrl":"https:\/\/secure.gravatar.com\/avatar\/0c54089de4fcf14c0fe3355109a3ac05?s=96&d=mm&r=g","caption":"Grad Opuzen"},"url":"https:\/\/www.opuzen.hr\/grad\/author\/admin\/"}]}},"_links":{"self":[{"href":"https:\/\/www.opuzen.hr\/grad\/wp-json\/wp\/v2\/posts\/3116"}],"collection":[{"href":"https:\/\/www.opuzen.hr\/grad\/wp-json\/wp\/v2\/posts"}],"about":[{"href":"https:\/\/www.opuzen.hr\/grad\/wp-json\/wp\/v2\/types\/post"}],"author":[{"embeddable":true,"href":"https:\/\/www.opuzen.hr\/grad\/wp-json\/wp\/v2\/users\/3"}],"replies":[{"embeddable":true,"href":"https:\/\/www.opuzen.hr\/grad\/wp-json\/wp\/v2\/comments?post=3116"}],"version-history":[{"count":1,"href":"https:\/\/www.opuzen.hr\/grad\/wp-json\/wp\/v2\/posts\/3116\/revisions"}],"predecessor-version":[{"id":3119,"href":"https:\/\/www.opuzen.hr\/grad\/wp-json\/wp\/v2\/posts\/3116\/revisions\/3119"}],"wp:featuredmedia":[{"embeddable":true,"href":"https:\/\/www.opuzen.hr\/grad\/wp-json\/wp\/v2\/media\/3118"}],"wp:attachment":[{"href":"https:\/\/www.opuzen.hr\/grad\/wp-json\/wp\/v2\/media?parent=3116"}],"wp:term":[{"taxonomy":"category","embeddable":true,"href":"https:\/\/www.opuzen.hr\/grad\/wp-json\/wp\/v2\/categories?post=3116"},{"taxonomy":"post_tag","embeddable":true,"href":"https:\/\/www.opuzen.hr\/grad\/wp-json\/wp\/v2\/tags?post=3116"}],"curies":[{"name":"wp","href":"https:\/\/api.w.org\/{rel}","templated":true}]}}