{"id":3200,"date":"2018-12-16T10:34:22","date_gmt":"2018-12-16T09:34:22","guid":{"rendered":"https:\/\/www.opuzen.hr\/grad\/?p=3200"},"modified":"2023-10-12T13:30:02","modified_gmt":"2023-10-12T11:30:02","slug":"advent-u-opuzenu","status":"publish","type":"post","link":"https:\/\/www.opuzen.hr\/grad\/advent-u-opuzenu\/","title":{"rendered":"Advent u Opuzenu"},"content":{"rendered":"<h2 style=\"text-align: center;\"><strong>Bo\u017ei\u0107 je vrijeme ljubavi, veselja, ali i dru\u017eenja, stoga pridru\u017eimo se svi i zajedno sudjelujmo u radostima koje pru\u017ea ovo \u010darobno doba godine!\u00a0<\/strong><\/h2>\r\n<p><br \/><!--more--><\/p>\r\n<h3 style=\"text-align: center;\"><strong>ADVENT U OPUZENU (PJACA)<\/strong><\/h3>\r\n<p>&nbsp;<\/p>\r\n<p style=\"text-align: center;\"><strong>17. prosinca 2018. PONEDJELJAK<\/strong><\/p>\r\n<ul style=\"text-align: center;\">\r\n<li>11:00 sati\r\n<ul>\r\n<li>KI\u0106ENJE BO\u017dI\u0106NOG DRVCA NA PJACI ( V. razred O.\u0160.. Opuzen uz svoje nastavnice iz likovne i tehni\u010dke kulture)<\/li>\r\n<\/ul>\r\n<\/li>\r\n<\/ul>\r\n<p>&nbsp;<\/p>\r\n<p style=\"text-align: center;\"><strong>18. prosinca 2018. UTORAK<\/strong><\/p>\r\n<ul style=\"text-align: center;\">\r\n<li>18:00 sati\r\n<ul>\r\n<li>KONCERT GLAZBENE \u0160KOLE (Predvorje O.\u0160. OPUZEN)<\/li>\r\n<\/ul>\r\n<\/li>\r\n<\/ul>\r\n<p>&nbsp;<\/p>\r\n<p style=\"text-align: center;\"><strong>20. prosinca 2018. \u010cETVRTAK (OD 9:00 SATI)<\/strong><\/p>\r\n<ul style=\"text-align: center;\">\r\n<li>09:00 sati\r\n<ul>\r\n<li>O. \u0160. OPUZEN \u2013 BO\u017dI\u0106NI SAJAM: Prodaja Bo\u017ei\u0107nih ukrasa i slastica<\/li>\r\n<li>DJE\u010cJI VRTI\u0106 OPUZEN: Bo\u017ei\u0107ni nastup najmla\u0111ih<\/li>\r\n<li>SREDNJA POLJOPRIVREDNA I TEHNI\u010cKA \u0160KOLA OPUZEN: BO\u017dI\u0106NI SAJAM; prigodna prodaja proizvoda \u0160kolske zadruge pravljenje i prodaja fritula<\/li>\r\n<\/ul>\r\n<\/li>\r\n<\/ul>\r\n<p style=\"text-align: center; padding-left: 60px;\"><strong>*<em> Bo\u017ei\u0107ni slatki stol za mali\u0161ane; fotografiranje s Djedom Bo\u017ei\u0107njakom<\/em><\/strong><\/p>\r\n<ul style=\"text-align: center;\">\r\n<li>15:30 sati\r\n<ul>\r\n<li>PROJEKCIJA BO\u017dI\u0106NOG IGRANOG FILMA ( Predvorje O. \u0160. OPUZEN)<\/li>\r\n<\/ul>\r\n<\/li>\r\n<li>19:00 sati\r\n<ul>\r\n<li>KONCERT GRADSKE GLAZBE, KLAPE ARIJA I<br \/>KLAPE NA KANTUNU ( Predvorje O.\u0160. OPUZEN)<\/li>\r\n<\/ul>\r\n<\/li>\r\n<\/ul>\r\n<p>&nbsp;<\/p>\r\n<p style=\"text-align: center;\"><strong>21. prosinca 2018. PETAK<\/strong><\/p>\r\n<ul>\r\n<li style=\"text-align: center;\">9:00 sati\r\n<ul>\r\n<li>O.\u0160. OPUZEN: BO\u017dI\u0106NI SAJAM &#8211; Prodaja bo\u017ei\u0107nih ukrasa i slastica<\/li>\r\n<li>S.\u0160.OPUZEN: BO\u017dI\u0106NI SAJAM &#8211; Prigodna prodaja proizvoda \u0160kolske zadruge<\/li>\r\n<\/ul>\r\n<\/li>\r\n<li style=\"text-align: center;\">10:00 sati\r\n<ul>\r\n<li>PRIREDBA OSNOVNO\u0160KOLACA<\/li>\r\n<\/ul>\r\n<\/li>\r\n<li style=\"text-align: center;\">15:00 sati\r\n<ul>\r\n<li style=\"text-align: center;\">Udruga Stari Most:<br \/>OKUPLJANJE UZ PRIGODNU BO\u017dI\u0106NU GLAZBU<\/li>\r\n<li style=\"text-align: center;\">GASTRO PONUDA: KOBASICE I KUHANO VINO BO\u017dI\u0106NA TOMBOLA<\/li>\r\n<\/ul>\r\n<\/li>\r\n<\/ul>\r\n\r\n<p>&nbsp;<\/p>\r\n<!-- WP Attachments -->\r\n        <div style=\"width:100%;margin:10px 0 10px 0;\">\r\n            <h3>Prilozi sadr\u017eaju:<\/h3>\r\n        <ul class=\"post-attachments\"><li class=\"post-attachment mime-application-pdf\">                                \r\n<a target=\"_blank\" href=\"https:\/\/www.opuzen.hr\/grad\/advent-u-opuzenu\/?download=3233\">Grad Opuzen_Advent u Opuzenu plakat<\/a><div style=\"float:right;\">35 kB \/ Preuzeto: 537<\/div>\r\n<br><small><\/small><\/li><\/ul><\/div>","protected":false},"excerpt":{"rendered":"<p>Bo\u017ei\u0107 je vrijeme ljubavi, veselja, ali i dru\u017eenja, stoga pridru\u017eimo se svi i zajedno sudjelujmo&#8230;<\/p>\n","protected":false},"author":3,"featured_media":3201,"comment_status":"closed","ping_status":"closed","sticky":false,"template":"","format":"standard","meta":{"footnotes":""},"categories":[139,4,3],"tags":[296,297,295],"class_list":["post-3200","post","type-post","status-publish","format-standard","has-post-thumbnail","hentry","category-dogadanja-u-gradu","category-novosti","category-obavijesti-gradanima","tag-advent-u-opuzenu","tag-asdvent","tag-bozic","wpcat-139-id","wpcat-4-id","wpcat-3-id"],"yoast_head":"<!-- This site is optimized with the Yoast SEO plugin v23.1 - https:\/\/yoast.com\/wordpress\/plugins\/seo\/ -->\n<title>Advent u Opuzenu - Grad Opuzen<\/title>\n<meta name=\"robots\" content=\"index, follow, max-snippet:-1, max-image-preview:large, max-video-preview:-1\" \/>\n<link rel=\"canonical\" href=\"https:\/\/www.opuzen.hr\/grad\/advent-u-opuzenu\/\" \/>\n<meta property=\"og:locale\" content=\"hr_HR\" \/>\n<meta property=\"og:type\" content=\"article\" \/>\n<meta property=\"og:title\" content=\"Advent u Opuzenu - Grad Opuzen\" \/>\n<meta property=\"og:description\" content=\"Bo\u017ei\u0107 je vrijeme ljubavi, veselja, ali i dru\u017eenja, stoga pridru\u017eimo se svi i zajedno sudjelujmo...\" \/>\n<meta property=\"og:url\" content=\"https:\/\/www.opuzen.hr\/grad\/advent-u-opuzenu\/\" \/>\n<meta property=\"og:site_name\" content=\"Grad Opuzen\" \/>\n<meta property=\"article:published_time\" content=\"2018-12-16T09:34:22+00:00\" \/>\n<meta property=\"article:modified_time\" content=\"2023-10-12T11:30:02+00:00\" \/>\n<meta property=\"og:image\" content=\"https:\/\/www.opuzen.hr\/grad\/wp-content\/uploads\/2018\/12\/Advent-u-Opuzenu.png\" \/>\n\t<meta property=\"og:image:width\" content=\"800\" \/>\n\t<meta property=\"og:image:height\" content=\"400\" \/>\n\t<meta property=\"og:image:type\" content=\"image\/png\" \/>\n<meta name=\"author\" content=\"Grad Opuzen\" \/>\n<meta name=\"twitter:card\" content=\"summary_large_image\" \/>\n<meta name=\"twitter:label1\" content=\"Napisao\/la\" \/>\n\t<meta name=\"twitter:data1\" content=\"Grad Opuzen\" \/>\n\t<meta name=\"twitter:label2\" content=\"Procijenjeno vrijeme \u010ditanja\" \/>\n\t<meta name=\"twitter:data2\" content=\"1 minuta\" \/>\n<script type=\"application\/ld+json\" class=\"yoast-schema-graph\">{\"@context\":\"https:\/\/schema.org\",\"@graph\":[{\"@type\":\"Article\",\"@id\":\"https:\/\/www.opuzen.hr\/grad\/advent-u-opuzenu\/#article\",\"isPartOf\":{\"@id\":\"https:\/\/www.opuzen.hr\/grad\/advent-u-opuzenu\/\"},\"author\":{\"name\":\"Grad Opuzen\",\"@id\":\"https:\/\/www.opuzen.hr\/grad\/#\/schema\/person\/0a17a9796898e9409a1fa4ca7448a481\"},\"headline\":\"Advent u Opuzenu\",\"datePublished\":\"2018-12-16T09:34:22+00:00\",\"dateModified\":\"2023-10-12T11:30:02+00:00\",\"mainEntityOfPage\":{\"@id\":\"https:\/\/www.opuzen.hr\/grad\/advent-u-opuzenu\/\"},\"wordCount\":210,\"publisher\":{\"@id\":\"https:\/\/www.opuzen.hr\/grad\/#organization\"},\"image\":{\"@id\":\"https:\/\/www.opuzen.hr\/grad\/advent-u-opuzenu\/#primaryimage\"},\"thumbnailUrl\":\"https:\/\/www.opuzen.hr\/grad\/wp-content\/uploads\/2018\/12\/Advent-u-Opuzenu.png\",\"keywords\":[\"Advent u Opuzenu\",\"Asdvent\",\"Bo\u017ei\u0107\"],\"articleSection\":[\"Doga\u0111anja u gradu\",\"Novosti\",\"Obavijesti gra\u0111anima\"],\"inLanguage\":\"hr\"},{\"@type\":\"WebPage\",\"@id\":\"https:\/\/www.opuzen.hr\/grad\/advent-u-opuzenu\/\",\"url\":\"https:\/\/www.opuzen.hr\/grad\/advent-u-opuzenu\/\",\"name\":\"Advent u Opuzenu - Grad Opuzen\",\"isPartOf\":{\"@id\":\"https:\/\/www.opuzen.hr\/grad\/#website\"},\"primaryImageOfPage\":{\"@id\":\"https:\/\/www.opuzen.hr\/grad\/advent-u-opuzenu\/#primaryimage\"},\"image\":{\"@id\":\"https:\/\/www.opuzen.hr\/grad\/advent-u-opuzenu\/#primaryimage\"},\"thumbnailUrl\":\"https:\/\/www.opuzen.hr\/grad\/wp-content\/uploads\/2018\/12\/Advent-u-Opuzenu.png\",\"datePublished\":\"2018-12-16T09:34:22+00:00\",\"dateModified\":\"2023-10-12T11:30:02+00:00\",\"breadcrumb\":{\"@id\":\"https:\/\/www.opuzen.hr\/grad\/advent-u-opuzenu\/#breadcrumb\"},\"inLanguage\":\"hr\",\"potentialAction\":[{\"@type\":\"ReadAction\",\"target\":[\"https:\/\/www.opuzen.hr\/grad\/advent-u-opuzenu\/\"]}]},{\"@type\":\"ImageObject\",\"inLanguage\":\"hr\",\"@id\":\"https:\/\/www.opuzen.hr\/grad\/advent-u-opuzenu\/#primaryimage\",\"url\":\"https:\/\/www.opuzen.hr\/grad\/wp-content\/uploads\/2018\/12\/Advent-u-Opuzenu.png\",\"contentUrl\":\"https:\/\/www.opuzen.hr\/grad\/wp-content\/uploads\/2018\/12\/Advent-u-Opuzenu.png\",\"width\":800,\"height\":400},{\"@type\":\"BreadcrumbList\",\"@id\":\"https:\/\/www.opuzen.hr\/grad\/advent-u-opuzenu\/#breadcrumb\",\"itemListElement\":[{\"@type\":\"ListItem\",\"position\":1,\"name\":\"Po\u010detna stranica\",\"item\":\"https:\/\/www.opuzen.hr\/grad\/\"},{\"@type\":\"ListItem\",\"position\":2,\"name\":\"Advent u Opuzenu\"}]},{\"@type\":\"WebSite\",\"@id\":\"https:\/\/www.opuzen.hr\/grad\/#website\",\"url\":\"https:\/\/www.opuzen.hr\/grad\/\",\"name\":\"Grad Opuzen\",\"description\":\"Slu\u017ebene mre\u017ene stranice Grada Opuzena\",\"publisher\":{\"@id\":\"https:\/\/www.opuzen.hr\/grad\/#organization\"},\"potentialAction\":[{\"@type\":\"SearchAction\",\"target\":{\"@type\":\"EntryPoint\",\"urlTemplate\":\"https:\/\/www.opuzen.hr\/grad\/?s={search_term_string}\"},\"query-input\":\"required name=search_term_string\"}],\"inLanguage\":\"hr\"},{\"@type\":\"Organization\",\"@id\":\"https:\/\/www.opuzen.hr\/grad\/#organization\",\"name\":\"Grad Opuzen\",\"url\":\"https:\/\/www.opuzen.hr\/grad\/\",\"logo\":{\"@type\":\"ImageObject\",\"inLanguage\":\"hr\",\"@id\":\"https:\/\/www.opuzen.hr\/grad\/#\/schema\/logo\/image\/\",\"url\":\"https:\/\/www.opuzen.hr\/grad\/wp-content\/uploads\/2018\/02\/logo-opuzen.jpg\",\"contentUrl\":\"https:\/\/www.opuzen.hr\/grad\/wp-content\/uploads\/2018\/02\/logo-opuzen.jpg\",\"width\":400,\"height\":400,\"caption\":\"Grad Opuzen\"},\"image\":{\"@id\":\"https:\/\/www.opuzen.hr\/grad\/#\/schema\/logo\/image\/\"}},{\"@type\":\"Person\",\"@id\":\"https:\/\/www.opuzen.hr\/grad\/#\/schema\/person\/0a17a9796898e9409a1fa4ca7448a481\",\"name\":\"Grad Opuzen\",\"image\":{\"@type\":\"ImageObject\",\"inLanguage\":\"hr\",\"@id\":\"https:\/\/www.opuzen.hr\/grad\/#\/schema\/person\/image\/\",\"url\":\"https:\/\/secure.gravatar.com\/avatar\/0c54089de4fcf14c0fe3355109a3ac05?s=96&d=mm&r=g\",\"contentUrl\":\"https:\/\/secure.gravatar.com\/avatar\/0c54089de4fcf14c0fe3355109a3ac05?s=96&d=mm&r=g\",\"caption\":\"Grad Opuzen\"},\"url\":\"https:\/\/www.opuzen.hr\/grad\/author\/admin\/\"}]}<\/script>\n<!-- \/ Yoast SEO plugin. -->","yoast_head_json":{"title":"Advent u Opuzenu - Grad Opuzen","robots":{"index":"index","follow":"follow","max-snippet":"max-snippet:-1","max-image-preview":"max-image-preview:large","max-video-preview":"max-video-preview:-1"},"canonical":"https:\/\/www.opuzen.hr\/grad\/advent-u-opuzenu\/","og_locale":"hr_HR","og_type":"article","og_title":"Advent u Opuzenu - Grad Opuzen","og_description":"Bo\u017ei\u0107 je vrijeme ljubavi, veselja, ali i dru\u017eenja, stoga pridru\u017eimo se svi i zajedno sudjelujmo...","og_url":"https:\/\/www.opuzen.hr\/grad\/advent-u-opuzenu\/","og_site_name":"Grad Opuzen","article_published_time":"2018-12-16T09:34:22+00:00","article_modified_time":"2023-10-12T11:30:02+00:00","og_image":[{"width":800,"height":400,"url":"https:\/\/www.opuzen.hr\/grad\/wp-content\/uploads\/2018\/12\/Advent-u-Opuzenu.png","type":"image\/png"}],"author":"Grad Opuzen","twitter_card":"summary_large_image","twitter_misc":{"Napisao\/la":"Grad Opuzen","Procijenjeno vrijeme \u010ditanja":"1 minuta"},"schema":{"@context":"https:\/\/schema.org","@graph":[{"@type":"Article","@id":"https:\/\/www.opuzen.hr\/grad\/advent-u-opuzenu\/#article","isPartOf":{"@id":"https:\/\/www.opuzen.hr\/grad\/advent-u-opuzenu\/"},"author":{"name":"Grad Opuzen","@id":"https:\/\/www.opuzen.hr\/grad\/#\/schema\/person\/0a17a9796898e9409a1fa4ca7448a481"},"headline":"Advent u Opuzenu","datePublished":"2018-12-16T09:34:22+00:00","dateModified":"2023-10-12T11:30:02+00:00","mainEntityOfPage":{"@id":"https:\/\/www.opuzen.hr\/grad\/advent-u-opuzenu\/"},"wordCount":210,"publisher":{"@id":"https:\/\/www.opuzen.hr\/grad\/#organization"},"image":{"@id":"https:\/\/www.opuzen.hr\/grad\/advent-u-opuzenu\/#primaryimage"},"thumbnailUrl":"https:\/\/www.opuzen.hr\/grad\/wp-content\/uploads\/2018\/12\/Advent-u-Opuzenu.png","keywords":["Advent u Opuzenu","Asdvent","Bo\u017ei\u0107"],"articleSection":["Doga\u0111anja u gradu","Novosti","Obavijesti gra\u0111anima"],"inLanguage":"hr"},{"@type":"WebPage","@id":"https:\/\/www.opuzen.hr\/grad\/advent-u-opuzenu\/","url":"https:\/\/www.opuzen.hr\/grad\/advent-u-opuzenu\/","name":"Advent u Opuzenu - Grad Opuzen","isPartOf":{"@id":"https:\/\/www.opuzen.hr\/grad\/#website"},"primaryImageOfPage":{"@id":"https:\/\/www.opuzen.hr\/grad\/advent-u-opuzenu\/#primaryimage"},"image":{"@id":"https:\/\/www.opuzen.hr\/grad\/advent-u-opuzenu\/#primaryimage"},"thumbnailUrl":"https:\/\/www.opuzen.hr\/grad\/wp-content\/uploads\/2018\/12\/Advent-u-Opuzenu.png","datePublished":"2018-12-16T09:34:22+00:00","dateModified":"2023-10-12T11:30:02+00:00","breadcrumb":{"@id":"https:\/\/www.opuzen.hr\/grad\/advent-u-opuzenu\/#breadcrumb"},"inLanguage":"hr","potentialAction":[{"@type":"ReadAction","target":["https:\/\/www.opuzen.hr\/grad\/advent-u-opuzenu\/"]}]},{"@type":"ImageObject","inLanguage":"hr","@id":"https:\/\/www.opuzen.hr\/grad\/advent-u-opuzenu\/#primaryimage","url":"https:\/\/www.opuzen.hr\/grad\/wp-content\/uploads\/2018\/12\/Advent-u-Opuzenu.png","contentUrl":"https:\/\/www.opuzen.hr\/grad\/wp-content\/uploads\/2018\/12\/Advent-u-Opuzenu.png","width":800,"height":400},{"@type":"BreadcrumbList","@id":"https:\/\/www.opuzen.hr\/grad\/advent-u-opuzenu\/#breadcrumb","itemListElement":[{"@type":"ListItem","position":1,"name":"Po\u010detna stranica","item":"https:\/\/www.opuzen.hr\/grad\/"},{"@type":"ListItem","position":2,"name":"Advent u Opuzenu"}]},{"@type":"WebSite","@id":"https:\/\/www.opuzen.hr\/grad\/#website","url":"https:\/\/www.opuzen.hr\/grad\/","name":"Grad Opuzen","description":"Slu\u017ebene mre\u017ene stranice Grada Opuzena","publisher":{"@id":"https:\/\/www.opuzen.hr\/grad\/#organization"},"potentialAction":[{"@type":"SearchAction","target":{"@type":"EntryPoint","urlTemplate":"https:\/\/www.opuzen.hr\/grad\/?s={search_term_string}"},"query-input":"required name=search_term_string"}],"inLanguage":"hr"},{"@type":"Organization","@id":"https:\/\/www.opuzen.hr\/grad\/#organization","name":"Grad Opuzen","url":"https:\/\/www.opuzen.hr\/grad\/","logo":{"@type":"ImageObject","inLanguage":"hr","@id":"https:\/\/www.opuzen.hr\/grad\/#\/schema\/logo\/image\/","url":"https:\/\/www.opuzen.hr\/grad\/wp-content\/uploads\/2018\/02\/logo-opuzen.jpg","contentUrl":"https:\/\/www.opuzen.hr\/grad\/wp-content\/uploads\/2018\/02\/logo-opuzen.jpg","width":400,"height":400,"caption":"Grad Opuzen"},"image":{"@id":"https:\/\/www.opuzen.hr\/grad\/#\/schema\/logo\/image\/"}},{"@type":"Person","@id":"https:\/\/www.opuzen.hr\/grad\/#\/schema\/person\/0a17a9796898e9409a1fa4ca7448a481","name":"Grad Opuzen","image":{"@type":"ImageObject","inLanguage":"hr","@id":"https:\/\/www.opuzen.hr\/grad\/#\/schema\/person\/image\/","url":"https:\/\/secure.gravatar.com\/avatar\/0c54089de4fcf14c0fe3355109a3ac05?s=96&d=mm&r=g","contentUrl":"https:\/\/secure.gravatar.com\/avatar\/0c54089de4fcf14c0fe3355109a3ac05?s=96&d=mm&r=g","caption":"Grad Opuzen"},"url":"https:\/\/www.opuzen.hr\/grad\/author\/admin\/"}]}},"_links":{"self":[{"href":"https:\/\/www.opuzen.hr\/grad\/wp-json\/wp\/v2\/posts\/3200"}],"collection":[{"href":"https:\/\/www.opuzen.hr\/grad\/wp-json\/wp\/v2\/posts"}],"about":[{"href":"https:\/\/www.opuzen.hr\/grad\/wp-json\/wp\/v2\/types\/post"}],"author":[{"embeddable":true,"href":"https:\/\/www.opuzen.hr\/grad\/wp-json\/wp\/v2\/users\/3"}],"replies":[{"embeddable":true,"href":"https:\/\/www.opuzen.hr\/grad\/wp-json\/wp\/v2\/comments?post=3200"}],"version-history":[{"count":8,"href":"https:\/\/www.opuzen.hr\/grad\/wp-json\/wp\/v2\/posts\/3200\/revisions"}],"predecessor-version":[{"id":3235,"href":"https:\/\/www.opuzen.hr\/grad\/wp-json\/wp\/v2\/posts\/3200\/revisions\/3235"}],"wp:featuredmedia":[{"embeddable":true,"href":"https:\/\/www.opuzen.hr\/grad\/wp-json\/wp\/v2\/media\/3201"}],"wp:attachment":[{"href":"https:\/\/www.opuzen.hr\/grad\/wp-json\/wp\/v2\/media?parent=3200"}],"wp:term":[{"taxonomy":"category","embeddable":true,"href":"https:\/\/www.opuzen.hr\/grad\/wp-json\/wp\/v2\/categories?post=3200"},{"taxonomy":"post_tag","embeddable":true,"href":"https:\/\/www.opuzen.hr\/grad\/wp-json\/wp\/v2\/tags?post=3200"}],"curies":[{"name":"wp","href":"https:\/\/api.w.org\/{rel}","templated":true}]}}