{"id":3334,"date":"2019-01-14T14:03:04","date_gmt":"2019-01-14T13:03:04","guid":{"rendered":"https:\/\/www.opuzen.hr\/grad\/?p=3334"},"modified":"2023-10-12T13:29:50","modified_gmt":"2023-10-12T11:29:50","slug":"proglasen-dan-zalosti-u-utorak-povodom-smrtnog-stradanja-djelatnika-hep-a","status":"publish","type":"post","link":"https:\/\/www.opuzen.hr\/grad\/proglasen-dan-zalosti-u-utorak-povodom-smrtnog-stradanja-djelatnika-hep-a\/","title":{"rendered":"Progla\u0161en Dan \u017ealosti u utorak povodom smrtnog stradanja djelatnika HEP-a"},"content":{"rendered":"<p>\u017dupan Dubrova\u010dko-neretvanske \u017eupanije Nikola Dobroslavi\u0107 progla\u0161ava utorak 15. sije\u010dnja 2019. godine, Danom \u017ealosti u Dubrova\u010dko-neretvanskoj \u017eupaniji povodom smrtnog stradanja djelatnika HEP-a u katastrofalnom po\u017earu u HE Dubrovniku u Platu.<!--more--><\/p>\n<p>Dan \u017ealosti ozna\u010dava se obveznim isticanjem zastave Republike Hrvatske na pola koplja na svim zgradama u kojima su smje\u0161tena tijela dr\u017eavne vlasti i tijela jedinica lokalne i podru\u010dne(regionalne) samouprave, te zgradama u kojima je sjedi\u0161te ili se obavlja djelatnost pravnih osoba, odnosno u kojima fizi\u010dke osobe obavljaju samostalnu djelatnost.<\/p>\n<p>Na Dan \u017dalosti ne mogu se odr\u017eavati zabavne priredbe.<\/p>\n<p>Pravne osobe koje obavljaju televizijsku i radijsku djelatnost svoje programe prilagodit \u0107e obilje\u017eavanju Dana \u017ealosti na na\u010din da \u0107e emitirati programe koji po svojoj naravi odgovaraju obilje\u017eavanju tog dana.<\/p>\n<p>Odluku mo\u017eete preuzeti putem priloga sadr\u017eaja.<\/p>\n<!-- WP Attachments -->\r\n        <div style=\"width:100%;margin:10px 0 10px 0;\">\r\n            <h3>Prilozi sadr\u017eaju:<\/h3>\r\n        <ul class=\"post-attachments\"><li class=\"post-attachment mime-application-pdf\">                                \r\n<a target=\"_blank\" href=\"https:\/\/www.opuzen.hr\/grad\/proglasen-dan-zalosti-u-utorak-povodom-smrtnog-stradanja-djelatnika-hep-a\/?download=3336\">ODLUKA o progla\u0161enju Dana \u017ealosti u Dubrova\u010dko-neretvanskoj \u017eupaniji povodom te\u0161ke nesre\u0107e<\/a><div style=\"float:right;\">476 kB \/ Preuzeto: 403<\/div>\r\n<br><small><\/small><\/li><\/ul><\/div>","protected":false},"excerpt":{"rendered":"<p>\u017dupan Dubrova\u010dko-neretvanske \u017eupanije Nikola Dobroslavi\u0107 progla\u0161ava utorak 15. sije\u010dnja 2019. godine, Danom \u017ealosti u Dubrova\u010dko-neretvanskoj&#8230;<\/p>\n","protected":false},"author":3,"featured_media":3335,"comment_status":"closed","ping_status":"closed","sticky":false,"template":"","format":"standard","meta":{"footnotes":""},"categories":[4,3],"tags":[300],"class_list":["post-3334","post","type-post","status-publish","format-standard","has-post-thumbnail","hentry","category-novosti","category-obavijesti-gradanima","tag-dan-zalosti","wpcat-4-id","wpcat-3-id"],"yoast_head":"<!-- This site is optimized with the Yoast SEO plugin v23.1 - https:\/\/yoast.com\/wordpress\/plugins\/seo\/ -->\n<title>Progla\u0161en Dan \u017ealosti u utorak povodom smrtnog stradanja djelatnika HEP-a - Grad Opuzen<\/title>\n<meta name=\"robots\" content=\"index, follow, max-snippet:-1, max-image-preview:large, max-video-preview:-1\" \/>\n<link rel=\"canonical\" href=\"https:\/\/www.opuzen.hr\/grad\/proglasen-dan-zalosti-u-utorak-povodom-smrtnog-stradanja-djelatnika-hep-a\/\" \/>\n<meta property=\"og:locale\" content=\"hr_HR\" \/>\n<meta property=\"og:type\" content=\"article\" \/>\n<meta property=\"og:title\" content=\"Progla\u0161en Dan \u017ealosti u utorak povodom smrtnog stradanja djelatnika HEP-a - Grad Opuzen\" \/>\n<meta property=\"og:description\" content=\"\u017dupan Dubrova\u010dko-neretvanske \u017eupanije Nikola Dobroslavi\u0107 progla\u0161ava utorak 15. sije\u010dnja 2019. godine, Danom \u017ealosti u Dubrova\u010dko-neretvanskoj...\" \/>\n<meta property=\"og:url\" content=\"https:\/\/www.opuzen.hr\/grad\/proglasen-dan-zalosti-u-utorak-povodom-smrtnog-stradanja-djelatnika-hep-a\/\" \/>\n<meta property=\"og:site_name\" content=\"Grad Opuzen\" \/>\n<meta property=\"article:published_time\" content=\"2019-01-14T13:03:04+00:00\" \/>\n<meta property=\"article:modified_time\" content=\"2023-10-12T11:29:50+00:00\" \/>\n<meta property=\"og:image\" content=\"https:\/\/www.opuzen.hr\/grad\/wp-content\/uploads\/2019\/01\/dan-\u017ealosti-660x330.jpg\" \/>\n\t<meta property=\"og:image:width\" content=\"660\" \/>\n\t<meta property=\"og:image:height\" content=\"330\" \/>\n\t<meta property=\"og:image:type\" content=\"image\/jpeg\" \/>\n<meta name=\"author\" content=\"Grad Opuzen\" \/>\n<meta name=\"twitter:card\" content=\"summary_large_image\" \/>\n<meta name=\"twitter:label1\" content=\"Napisao\/la\" \/>\n\t<meta name=\"twitter:data1\" content=\"Grad Opuzen\" \/>\n\t<meta name=\"twitter:label2\" content=\"Procijenjeno vrijeme \u010ditanja\" \/>\n\t<meta name=\"twitter:data2\" content=\"1 minuta\" \/>\n<script type=\"application\/ld+json\" class=\"yoast-schema-graph\">{\"@context\":\"https:\/\/schema.org\",\"@graph\":[{\"@type\":\"Article\",\"@id\":\"https:\/\/www.opuzen.hr\/grad\/proglasen-dan-zalosti-u-utorak-povodom-smrtnog-stradanja-djelatnika-hep-a\/#article\",\"isPartOf\":{\"@id\":\"https:\/\/www.opuzen.hr\/grad\/proglasen-dan-zalosti-u-utorak-povodom-smrtnog-stradanja-djelatnika-hep-a\/\"},\"author\":{\"name\":\"Grad Opuzen\",\"@id\":\"https:\/\/www.opuzen.hr\/grad\/#\/schema\/person\/0a17a9796898e9409a1fa4ca7448a481\"},\"headline\":\"Progla\u0161en Dan \u017ealosti u utorak povodom smrtnog stradanja djelatnika HEP-a\",\"datePublished\":\"2019-01-14T13:03:04+00:00\",\"dateModified\":\"2023-10-12T11:29:50+00:00\",\"mainEntityOfPage\":{\"@id\":\"https:\/\/www.opuzen.hr\/grad\/proglasen-dan-zalosti-u-utorak-povodom-smrtnog-stradanja-djelatnika-hep-a\/\"},\"wordCount\":149,\"publisher\":{\"@id\":\"https:\/\/www.opuzen.hr\/grad\/#organization\"},\"image\":{\"@id\":\"https:\/\/www.opuzen.hr\/grad\/proglasen-dan-zalosti-u-utorak-povodom-smrtnog-stradanja-djelatnika-hep-a\/#primaryimage\"},\"thumbnailUrl\":\"https:\/\/www.opuzen.hr\/grad\/wp-content\/uploads\/2019\/01\/dan-\u017ealosti-660x330.jpg\",\"keywords\":[\"Dan \u017ealosti\"],\"articleSection\":[\"Novosti\",\"Obavijesti gra\u0111anima\"],\"inLanguage\":\"hr\"},{\"@type\":\"WebPage\",\"@id\":\"https:\/\/www.opuzen.hr\/grad\/proglasen-dan-zalosti-u-utorak-povodom-smrtnog-stradanja-djelatnika-hep-a\/\",\"url\":\"https:\/\/www.opuzen.hr\/grad\/proglasen-dan-zalosti-u-utorak-povodom-smrtnog-stradanja-djelatnika-hep-a\/\",\"name\":\"Progla\u0161en Dan \u017ealosti u utorak povodom smrtnog stradanja djelatnika HEP-a - Grad Opuzen\",\"isPartOf\":{\"@id\":\"https:\/\/www.opuzen.hr\/grad\/#website\"},\"primaryImageOfPage\":{\"@id\":\"https:\/\/www.opuzen.hr\/grad\/proglasen-dan-zalosti-u-utorak-povodom-smrtnog-stradanja-djelatnika-hep-a\/#primaryimage\"},\"image\":{\"@id\":\"https:\/\/www.opuzen.hr\/grad\/proglasen-dan-zalosti-u-utorak-povodom-smrtnog-stradanja-djelatnika-hep-a\/#primaryimage\"},\"thumbnailUrl\":\"https:\/\/www.opuzen.hr\/grad\/wp-content\/uploads\/2019\/01\/dan-\u017ealosti-660x330.jpg\",\"datePublished\":\"2019-01-14T13:03:04+00:00\",\"dateModified\":\"2023-10-12T11:29:50+00:00\",\"breadcrumb\":{\"@id\":\"https:\/\/www.opuzen.hr\/grad\/proglasen-dan-zalosti-u-utorak-povodom-smrtnog-stradanja-djelatnika-hep-a\/#breadcrumb\"},\"inLanguage\":\"hr\",\"potentialAction\":[{\"@type\":\"ReadAction\",\"target\":[\"https:\/\/www.opuzen.hr\/grad\/proglasen-dan-zalosti-u-utorak-povodom-smrtnog-stradanja-djelatnika-hep-a\/\"]}]},{\"@type\":\"ImageObject\",\"inLanguage\":\"hr\",\"@id\":\"https:\/\/www.opuzen.hr\/grad\/proglasen-dan-zalosti-u-utorak-povodom-smrtnog-stradanja-djelatnika-hep-a\/#primaryimage\",\"url\":\"https:\/\/www.opuzen.hr\/grad\/wp-content\/uploads\/2019\/01\/dan-\u017ealosti-660x330.jpg\",\"contentUrl\":\"https:\/\/www.opuzen.hr\/grad\/wp-content\/uploads\/2019\/01\/dan-\u017ealosti-660x330.jpg\",\"width\":660,\"height\":330},{\"@type\":\"BreadcrumbList\",\"@id\":\"https:\/\/www.opuzen.hr\/grad\/proglasen-dan-zalosti-u-utorak-povodom-smrtnog-stradanja-djelatnika-hep-a\/#breadcrumb\",\"itemListElement\":[{\"@type\":\"ListItem\",\"position\":1,\"name\":\"Po\u010detna stranica\",\"item\":\"https:\/\/www.opuzen.hr\/grad\/\"},{\"@type\":\"ListItem\",\"position\":2,\"name\":\"Progla\u0161en Dan \u017ealosti u utorak povodom smrtnog stradanja djelatnika HEP-a\"}]},{\"@type\":\"WebSite\",\"@id\":\"https:\/\/www.opuzen.hr\/grad\/#website\",\"url\":\"https:\/\/www.opuzen.hr\/grad\/\",\"name\":\"Grad Opuzen\",\"description\":\"Slu\u017ebene mre\u017ene stranice Grada Opuzena\",\"publisher\":{\"@id\":\"https:\/\/www.opuzen.hr\/grad\/#organization\"},\"potentialAction\":[{\"@type\":\"SearchAction\",\"target\":{\"@type\":\"EntryPoint\",\"urlTemplate\":\"https:\/\/www.opuzen.hr\/grad\/?s={search_term_string}\"},\"query-input\":\"required name=search_term_string\"}],\"inLanguage\":\"hr\"},{\"@type\":\"Organization\",\"@id\":\"https:\/\/www.opuzen.hr\/grad\/#organization\",\"name\":\"Grad Opuzen\",\"url\":\"https:\/\/www.opuzen.hr\/grad\/\",\"logo\":{\"@type\":\"ImageObject\",\"inLanguage\":\"hr\",\"@id\":\"https:\/\/www.opuzen.hr\/grad\/#\/schema\/logo\/image\/\",\"url\":\"https:\/\/www.opuzen.hr\/grad\/wp-content\/uploads\/2018\/02\/logo-opuzen.jpg\",\"contentUrl\":\"https:\/\/www.opuzen.hr\/grad\/wp-content\/uploads\/2018\/02\/logo-opuzen.jpg\",\"width\":400,\"height\":400,\"caption\":\"Grad Opuzen\"},\"image\":{\"@id\":\"https:\/\/www.opuzen.hr\/grad\/#\/schema\/logo\/image\/\"}},{\"@type\":\"Person\",\"@id\":\"https:\/\/www.opuzen.hr\/grad\/#\/schema\/person\/0a17a9796898e9409a1fa4ca7448a481\",\"name\":\"Grad Opuzen\",\"image\":{\"@type\":\"ImageObject\",\"inLanguage\":\"hr\",\"@id\":\"https:\/\/www.opuzen.hr\/grad\/#\/schema\/person\/image\/\",\"url\":\"https:\/\/secure.gravatar.com\/avatar\/0c54089de4fcf14c0fe3355109a3ac05?s=96&d=mm&r=g\",\"contentUrl\":\"https:\/\/secure.gravatar.com\/avatar\/0c54089de4fcf14c0fe3355109a3ac05?s=96&d=mm&r=g\",\"caption\":\"Grad Opuzen\"},\"url\":\"https:\/\/www.opuzen.hr\/grad\/author\/admin\/\"}]}<\/script>\n<!-- \/ Yoast SEO plugin. -->","yoast_head_json":{"title":"Progla\u0161en Dan \u017ealosti u utorak povodom smrtnog stradanja djelatnika HEP-a - Grad Opuzen","robots":{"index":"index","follow":"follow","max-snippet":"max-snippet:-1","max-image-preview":"max-image-preview:large","max-video-preview":"max-video-preview:-1"},"canonical":"https:\/\/www.opuzen.hr\/grad\/proglasen-dan-zalosti-u-utorak-povodom-smrtnog-stradanja-djelatnika-hep-a\/","og_locale":"hr_HR","og_type":"article","og_title":"Progla\u0161en Dan \u017ealosti u utorak povodom smrtnog stradanja djelatnika HEP-a - Grad Opuzen","og_description":"\u017dupan Dubrova\u010dko-neretvanske \u017eupanije Nikola Dobroslavi\u0107 progla\u0161ava utorak 15. sije\u010dnja 2019. godine, Danom \u017ealosti u Dubrova\u010dko-neretvanskoj...","og_url":"https:\/\/www.opuzen.hr\/grad\/proglasen-dan-zalosti-u-utorak-povodom-smrtnog-stradanja-djelatnika-hep-a\/","og_site_name":"Grad Opuzen","article_published_time":"2019-01-14T13:03:04+00:00","article_modified_time":"2023-10-12T11:29:50+00:00","og_image":[{"width":660,"height":330,"url":"https:\/\/www.opuzen.hr\/grad\/wp-content\/uploads\/2019\/01\/dan-\u017ealosti-660x330.jpg","type":"image\/jpeg"}],"author":"Grad Opuzen","twitter_card":"summary_large_image","twitter_misc":{"Napisao\/la":"Grad Opuzen","Procijenjeno vrijeme \u010ditanja":"1 minuta"},"schema":{"@context":"https:\/\/schema.org","@graph":[{"@type":"Article","@id":"https:\/\/www.opuzen.hr\/grad\/proglasen-dan-zalosti-u-utorak-povodom-smrtnog-stradanja-djelatnika-hep-a\/#article","isPartOf":{"@id":"https:\/\/www.opuzen.hr\/grad\/proglasen-dan-zalosti-u-utorak-povodom-smrtnog-stradanja-djelatnika-hep-a\/"},"author":{"name":"Grad Opuzen","@id":"https:\/\/www.opuzen.hr\/grad\/#\/schema\/person\/0a17a9796898e9409a1fa4ca7448a481"},"headline":"Progla\u0161en Dan \u017ealosti u utorak povodom smrtnog stradanja djelatnika HEP-a","datePublished":"2019-01-14T13:03:04+00:00","dateModified":"2023-10-12T11:29:50+00:00","mainEntityOfPage":{"@id":"https:\/\/www.opuzen.hr\/grad\/proglasen-dan-zalosti-u-utorak-povodom-smrtnog-stradanja-djelatnika-hep-a\/"},"wordCount":149,"publisher":{"@id":"https:\/\/www.opuzen.hr\/grad\/#organization"},"image":{"@id":"https:\/\/www.opuzen.hr\/grad\/proglasen-dan-zalosti-u-utorak-povodom-smrtnog-stradanja-djelatnika-hep-a\/#primaryimage"},"thumbnailUrl":"https:\/\/www.opuzen.hr\/grad\/wp-content\/uploads\/2019\/01\/dan-\u017ealosti-660x330.jpg","keywords":["Dan \u017ealosti"],"articleSection":["Novosti","Obavijesti gra\u0111anima"],"inLanguage":"hr"},{"@type":"WebPage","@id":"https:\/\/www.opuzen.hr\/grad\/proglasen-dan-zalosti-u-utorak-povodom-smrtnog-stradanja-djelatnika-hep-a\/","url":"https:\/\/www.opuzen.hr\/grad\/proglasen-dan-zalosti-u-utorak-povodom-smrtnog-stradanja-djelatnika-hep-a\/","name":"Progla\u0161en Dan \u017ealosti u utorak povodom smrtnog stradanja djelatnika HEP-a - Grad Opuzen","isPartOf":{"@id":"https:\/\/www.opuzen.hr\/grad\/#website"},"primaryImageOfPage":{"@id":"https:\/\/www.opuzen.hr\/grad\/proglasen-dan-zalosti-u-utorak-povodom-smrtnog-stradanja-djelatnika-hep-a\/#primaryimage"},"image":{"@id":"https:\/\/www.opuzen.hr\/grad\/proglasen-dan-zalosti-u-utorak-povodom-smrtnog-stradanja-djelatnika-hep-a\/#primaryimage"},"thumbnailUrl":"https:\/\/www.opuzen.hr\/grad\/wp-content\/uploads\/2019\/01\/dan-\u017ealosti-660x330.jpg","datePublished":"2019-01-14T13:03:04+00:00","dateModified":"2023-10-12T11:29:50+00:00","breadcrumb":{"@id":"https:\/\/www.opuzen.hr\/grad\/proglasen-dan-zalosti-u-utorak-povodom-smrtnog-stradanja-djelatnika-hep-a\/#breadcrumb"},"inLanguage":"hr","potentialAction":[{"@type":"ReadAction","target":["https:\/\/www.opuzen.hr\/grad\/proglasen-dan-zalosti-u-utorak-povodom-smrtnog-stradanja-djelatnika-hep-a\/"]}]},{"@type":"ImageObject","inLanguage":"hr","@id":"https:\/\/www.opuzen.hr\/grad\/proglasen-dan-zalosti-u-utorak-povodom-smrtnog-stradanja-djelatnika-hep-a\/#primaryimage","url":"https:\/\/www.opuzen.hr\/grad\/wp-content\/uploads\/2019\/01\/dan-\u017ealosti-660x330.jpg","contentUrl":"https:\/\/www.opuzen.hr\/grad\/wp-content\/uploads\/2019\/01\/dan-\u017ealosti-660x330.jpg","width":660,"height":330},{"@type":"BreadcrumbList","@id":"https:\/\/www.opuzen.hr\/grad\/proglasen-dan-zalosti-u-utorak-povodom-smrtnog-stradanja-djelatnika-hep-a\/#breadcrumb","itemListElement":[{"@type":"ListItem","position":1,"name":"Po\u010detna stranica","item":"https:\/\/www.opuzen.hr\/grad\/"},{"@type":"ListItem","position":2,"name":"Progla\u0161en Dan \u017ealosti u utorak povodom smrtnog stradanja djelatnika HEP-a"}]},{"@type":"WebSite","@id":"https:\/\/www.opuzen.hr\/grad\/#website","url":"https:\/\/www.opuzen.hr\/grad\/","name":"Grad Opuzen","description":"Slu\u017ebene mre\u017ene stranice Grada Opuzena","publisher":{"@id":"https:\/\/www.opuzen.hr\/grad\/#organization"},"potentialAction":[{"@type":"SearchAction","target":{"@type":"EntryPoint","urlTemplate":"https:\/\/www.opuzen.hr\/grad\/?s={search_term_string}"},"query-input":"required name=search_term_string"}],"inLanguage":"hr"},{"@type":"Organization","@id":"https:\/\/www.opuzen.hr\/grad\/#organization","name":"Grad Opuzen","url":"https:\/\/www.opuzen.hr\/grad\/","logo":{"@type":"ImageObject","inLanguage":"hr","@id":"https:\/\/www.opuzen.hr\/grad\/#\/schema\/logo\/image\/","url":"https:\/\/www.opuzen.hr\/grad\/wp-content\/uploads\/2018\/02\/logo-opuzen.jpg","contentUrl":"https:\/\/www.opuzen.hr\/grad\/wp-content\/uploads\/2018\/02\/logo-opuzen.jpg","width":400,"height":400,"caption":"Grad Opuzen"},"image":{"@id":"https:\/\/www.opuzen.hr\/grad\/#\/schema\/logo\/image\/"}},{"@type":"Person","@id":"https:\/\/www.opuzen.hr\/grad\/#\/schema\/person\/0a17a9796898e9409a1fa4ca7448a481","name":"Grad Opuzen","image":{"@type":"ImageObject","inLanguage":"hr","@id":"https:\/\/www.opuzen.hr\/grad\/#\/schema\/person\/image\/","url":"https:\/\/secure.gravatar.com\/avatar\/0c54089de4fcf14c0fe3355109a3ac05?s=96&d=mm&r=g","contentUrl":"https:\/\/secure.gravatar.com\/avatar\/0c54089de4fcf14c0fe3355109a3ac05?s=96&d=mm&r=g","caption":"Grad Opuzen"},"url":"https:\/\/www.opuzen.hr\/grad\/author\/admin\/"}]}},"_links":{"self":[{"href":"https:\/\/www.opuzen.hr\/grad\/wp-json\/wp\/v2\/posts\/3334"}],"collection":[{"href":"https:\/\/www.opuzen.hr\/grad\/wp-json\/wp\/v2\/posts"}],"about":[{"href":"https:\/\/www.opuzen.hr\/grad\/wp-json\/wp\/v2\/types\/post"}],"author":[{"embeddable":true,"href":"https:\/\/www.opuzen.hr\/grad\/wp-json\/wp\/v2\/users\/3"}],"replies":[{"embeddable":true,"href":"https:\/\/www.opuzen.hr\/grad\/wp-json\/wp\/v2\/comments?post=3334"}],"version-history":[{"count":1,"href":"https:\/\/www.opuzen.hr\/grad\/wp-json\/wp\/v2\/posts\/3334\/revisions"}],"predecessor-version":[{"id":3337,"href":"https:\/\/www.opuzen.hr\/grad\/wp-json\/wp\/v2\/posts\/3334\/revisions\/3337"}],"wp:featuredmedia":[{"embeddable":true,"href":"https:\/\/www.opuzen.hr\/grad\/wp-json\/wp\/v2\/media\/3335"}],"wp:attachment":[{"href":"https:\/\/www.opuzen.hr\/grad\/wp-json\/wp\/v2\/media?parent=3334"}],"wp:term":[{"taxonomy":"category","embeddable":true,"href":"https:\/\/www.opuzen.hr\/grad\/wp-json\/wp\/v2\/categories?post=3334"},{"taxonomy":"post_tag","embeddable":true,"href":"https:\/\/www.opuzen.hr\/grad\/wp-json\/wp\/v2\/tags?post=3334"}],"curies":[{"name":"wp","href":"https:\/\/api.w.org\/{rel}","templated":true}]}}