{"id":3342,"date":"2019-01-14T07:47:12","date_gmt":"2019-01-14T06:47:12","guid":{"rendered":"https:\/\/www.opuzen.hr\/grad\/?p=3342"},"modified":"2023-10-12T13:29:50","modified_gmt":"2023-10-12T11:29:50","slug":"mikrofon-je-vas-2019-prijavite-se-na-audiciju-za-festival-u-opuzenu","status":"publish","type":"post","link":"https:\/\/www.opuzen.hr\/grad\/mikrofon-je-vas-2019-prijavite-se-na-audiciju-za-festival-u-opuzenu\/","title":{"rendered":"MIKROFON JE VA\u0160 2019 &#8211; Prijavite se na audiciju za festival u Opuzenu"},"content":{"rendered":"<p>Udruga za o\u010duvanje neretvanske ba\u0161tine iz Opuzena organizira audiciju za Festival mladih talenata \u201cMikrofon je va\u0161 2019.\u201d u Opuzenu. Mo\u017eete se prijaviti do 25. sije\u010dnja 2019. na broj mobitela 095 4888 488. Organizacijski pokrovitelj manifestacije je Grad Opuzen.<!--more--><\/p>\n","protected":false},"excerpt":{"rendered":"<p>Udruga za o\u010duvanje neretvanske ba\u0161tine iz Opuzena organizira audiciju za Festival mladih talenata \u201cMikrofon je&#8230;<\/p>\n","protected":false},"author":3,"featured_media":3343,"comment_status":"closed","ping_status":"closed","sticky":false,"template":"","format":"standard","meta":{"footnotes":""},"categories":[4,3],"tags":[216],"class_list":["post-3342","post","type-post","status-publish","format-standard","has-post-thumbnail","hentry","category-novosti","category-obavijesti-gradanima","tag-festival","wpcat-4-id","wpcat-3-id"],"yoast_head":"<!-- This site is optimized with the Yoast SEO plugin v23.1 - https:\/\/yoast.com\/wordpress\/plugins\/seo\/ -->\n<title>MIKROFON JE VA\u0160 2019 - Prijavite se na audiciju za festival u Opuzenu - Grad Opuzen<\/title>\n<meta name=\"robots\" content=\"index, follow, max-snippet:-1, max-image-preview:large, max-video-preview:-1\" \/>\n<link rel=\"canonical\" href=\"https:\/\/www.opuzen.hr\/grad\/mikrofon-je-vas-2019-prijavite-se-na-audiciju-za-festival-u-opuzenu\/\" \/>\n<meta property=\"og:locale\" content=\"hr_HR\" \/>\n<meta property=\"og:type\" content=\"article\" \/>\n<meta property=\"og:title\" content=\"MIKROFON JE VA\u0160 2019 - Prijavite se na audiciju za festival u Opuzenu - Grad Opuzen\" \/>\n<meta property=\"og:description\" content=\"Udruga za o\u010duvanje neretvanske ba\u0161tine iz Opuzena organizira audiciju za Festival mladih talenata \u201cMikrofon je...\" \/>\n<meta property=\"og:url\" content=\"https:\/\/www.opuzen.hr\/grad\/mikrofon-je-vas-2019-prijavite-se-na-audiciju-za-festival-u-opuzenu\/\" \/>\n<meta property=\"og:site_name\" content=\"Grad Opuzen\" \/>\n<meta property=\"article:published_time\" content=\"2019-01-14T06:47:12+00:00\" \/>\n<meta property=\"article:modified_time\" content=\"2023-10-12T11:29:50+00:00\" \/>\n<meta property=\"og:image\" content=\"https:\/\/www.opuzen.hr\/grad\/wp-content\/uploads\/2019\/01\/mikrofon-je-vas-opuzen.jpg\" \/>\n\t<meta property=\"og:image:width\" content=\"1600\" \/>\n\t<meta property=\"og:image:height\" content=\"1104\" \/>\n\t<meta property=\"og:image:type\" content=\"image\/jpeg\" \/>\n<meta name=\"author\" content=\"Grad Opuzen\" \/>\n<meta name=\"twitter:card\" content=\"summary_large_image\" \/>\n<meta name=\"twitter:label1\" content=\"Napisao\/la\" \/>\n\t<meta name=\"twitter:data1\" content=\"Grad Opuzen\" \/>\n<script type=\"application\/ld+json\" class=\"yoast-schema-graph\">{\"@context\":\"https:\/\/schema.org\",\"@graph\":[{\"@type\":\"Article\",\"@id\":\"https:\/\/www.opuzen.hr\/grad\/mikrofon-je-vas-2019-prijavite-se-na-audiciju-za-festival-u-opuzenu\/#article\",\"isPartOf\":{\"@id\":\"https:\/\/www.opuzen.hr\/grad\/mikrofon-je-vas-2019-prijavite-se-na-audiciju-za-festival-u-opuzenu\/\"},\"author\":{\"name\":\"Grad Opuzen\",\"@id\":\"https:\/\/www.opuzen.hr\/grad\/#\/schema\/person\/0a17a9796898e9409a1fa4ca7448a481\"},\"headline\":\"MIKROFON JE VA\u0160 2019 &#8211; Prijavite se na audiciju za festival u Opuzenu\",\"datePublished\":\"2019-01-14T06:47:12+00:00\",\"dateModified\":\"2023-10-12T11:29:50+00:00\",\"mainEntityOfPage\":{\"@id\":\"https:\/\/www.opuzen.hr\/grad\/mikrofon-je-vas-2019-prijavite-se-na-audiciju-za-festival-u-opuzenu\/\"},\"wordCount\":48,\"publisher\":{\"@id\":\"https:\/\/www.opuzen.hr\/grad\/#organization\"},\"image\":{\"@id\":\"https:\/\/www.opuzen.hr\/grad\/mikrofon-je-vas-2019-prijavite-se-na-audiciju-za-festival-u-opuzenu\/#primaryimage\"},\"thumbnailUrl\":\"https:\/\/www.opuzen.hr\/grad\/wp-content\/uploads\/2019\/01\/mikrofon-je-vas-opuzen.jpg\",\"keywords\":[\"Festival\"],\"articleSection\":[\"Novosti\",\"Obavijesti gra\u0111anima\"],\"inLanguage\":\"hr\"},{\"@type\":\"WebPage\",\"@id\":\"https:\/\/www.opuzen.hr\/grad\/mikrofon-je-vas-2019-prijavite-se-na-audiciju-za-festival-u-opuzenu\/\",\"url\":\"https:\/\/www.opuzen.hr\/grad\/mikrofon-je-vas-2019-prijavite-se-na-audiciju-za-festival-u-opuzenu\/\",\"name\":\"MIKROFON JE VA\u0160 2019 - Prijavite se na audiciju za festival u Opuzenu - Grad Opuzen\",\"isPartOf\":{\"@id\":\"https:\/\/www.opuzen.hr\/grad\/#website\"},\"primaryImageOfPage\":{\"@id\":\"https:\/\/www.opuzen.hr\/grad\/mikrofon-je-vas-2019-prijavite-se-na-audiciju-za-festival-u-opuzenu\/#primaryimage\"},\"image\":{\"@id\":\"https:\/\/www.opuzen.hr\/grad\/mikrofon-je-vas-2019-prijavite-se-na-audiciju-za-festival-u-opuzenu\/#primaryimage\"},\"thumbnailUrl\":\"https:\/\/www.opuzen.hr\/grad\/wp-content\/uploads\/2019\/01\/mikrofon-je-vas-opuzen.jpg\",\"datePublished\":\"2019-01-14T06:47:12+00:00\",\"dateModified\":\"2023-10-12T11:29:50+00:00\",\"breadcrumb\":{\"@id\":\"https:\/\/www.opuzen.hr\/grad\/mikrofon-je-vas-2019-prijavite-se-na-audiciju-za-festival-u-opuzenu\/#breadcrumb\"},\"inLanguage\":\"hr\",\"potentialAction\":[{\"@type\":\"ReadAction\",\"target\":[\"https:\/\/www.opuzen.hr\/grad\/mikrofon-je-vas-2019-prijavite-se-na-audiciju-za-festival-u-opuzenu\/\"]}]},{\"@type\":\"ImageObject\",\"inLanguage\":\"hr\",\"@id\":\"https:\/\/www.opuzen.hr\/grad\/mikrofon-je-vas-2019-prijavite-se-na-audiciju-za-festival-u-opuzenu\/#primaryimage\",\"url\":\"https:\/\/www.opuzen.hr\/grad\/wp-content\/uploads\/2019\/01\/mikrofon-je-vas-opuzen.jpg\",\"contentUrl\":\"https:\/\/www.opuzen.hr\/grad\/wp-content\/uploads\/2019\/01\/mikrofon-je-vas-opuzen.jpg\",\"width\":1600,\"height\":1104},{\"@type\":\"BreadcrumbList\",\"@id\":\"https:\/\/www.opuzen.hr\/grad\/mikrofon-je-vas-2019-prijavite-se-na-audiciju-za-festival-u-opuzenu\/#breadcrumb\",\"itemListElement\":[{\"@type\":\"ListItem\",\"position\":1,\"name\":\"Po\u010detna stranica\",\"item\":\"https:\/\/www.opuzen.hr\/grad\/\"},{\"@type\":\"ListItem\",\"position\":2,\"name\":\"MIKROFON JE VA\u0160 2019 &#8211; Prijavite se na audiciju za festival u Opuzenu\"}]},{\"@type\":\"WebSite\",\"@id\":\"https:\/\/www.opuzen.hr\/grad\/#website\",\"url\":\"https:\/\/www.opuzen.hr\/grad\/\",\"name\":\"Grad Opuzen\",\"description\":\"Slu\u017ebene mre\u017ene stranice Grada Opuzena\",\"publisher\":{\"@id\":\"https:\/\/www.opuzen.hr\/grad\/#organization\"},\"potentialAction\":[{\"@type\":\"SearchAction\",\"target\":{\"@type\":\"EntryPoint\",\"urlTemplate\":\"https:\/\/www.opuzen.hr\/grad\/?s={search_term_string}\"},\"query-input\":\"required name=search_term_string\"}],\"inLanguage\":\"hr\"},{\"@type\":\"Organization\",\"@id\":\"https:\/\/www.opuzen.hr\/grad\/#organization\",\"name\":\"Grad Opuzen\",\"url\":\"https:\/\/www.opuzen.hr\/grad\/\",\"logo\":{\"@type\":\"ImageObject\",\"inLanguage\":\"hr\",\"@id\":\"https:\/\/www.opuzen.hr\/grad\/#\/schema\/logo\/image\/\",\"url\":\"https:\/\/www.opuzen.hr\/grad\/wp-content\/uploads\/2018\/02\/logo-opuzen.jpg\",\"contentUrl\":\"https:\/\/www.opuzen.hr\/grad\/wp-content\/uploads\/2018\/02\/logo-opuzen.jpg\",\"width\":400,\"height\":400,\"caption\":\"Grad Opuzen\"},\"image\":{\"@id\":\"https:\/\/www.opuzen.hr\/grad\/#\/schema\/logo\/image\/\"}},{\"@type\":\"Person\",\"@id\":\"https:\/\/www.opuzen.hr\/grad\/#\/schema\/person\/0a17a9796898e9409a1fa4ca7448a481\",\"name\":\"Grad Opuzen\",\"image\":{\"@type\":\"ImageObject\",\"inLanguage\":\"hr\",\"@id\":\"https:\/\/www.opuzen.hr\/grad\/#\/schema\/person\/image\/\",\"url\":\"https:\/\/secure.gravatar.com\/avatar\/0c54089de4fcf14c0fe3355109a3ac05?s=96&d=mm&r=g\",\"contentUrl\":\"https:\/\/secure.gravatar.com\/avatar\/0c54089de4fcf14c0fe3355109a3ac05?s=96&d=mm&r=g\",\"caption\":\"Grad Opuzen\"},\"url\":\"https:\/\/www.opuzen.hr\/grad\/author\/admin\/\"}]}<\/script>\n<!-- \/ Yoast SEO plugin. -->","yoast_head_json":{"title":"MIKROFON JE VA\u0160 2019 - Prijavite se na audiciju za festival u Opuzenu - Grad Opuzen","robots":{"index":"index","follow":"follow","max-snippet":"max-snippet:-1","max-image-preview":"max-image-preview:large","max-video-preview":"max-video-preview:-1"},"canonical":"https:\/\/www.opuzen.hr\/grad\/mikrofon-je-vas-2019-prijavite-se-na-audiciju-za-festival-u-opuzenu\/","og_locale":"hr_HR","og_type":"article","og_title":"MIKROFON JE VA\u0160 2019 - Prijavite se na audiciju za festival u Opuzenu - Grad Opuzen","og_description":"Udruga za o\u010duvanje neretvanske ba\u0161tine iz Opuzena organizira audiciju za Festival mladih talenata \u201cMikrofon je...","og_url":"https:\/\/www.opuzen.hr\/grad\/mikrofon-je-vas-2019-prijavite-se-na-audiciju-za-festival-u-opuzenu\/","og_site_name":"Grad Opuzen","article_published_time":"2019-01-14T06:47:12+00:00","article_modified_time":"2023-10-12T11:29:50+00:00","og_image":[{"width":1600,"height":1104,"url":"https:\/\/www.opuzen.hr\/grad\/wp-content\/uploads\/2019\/01\/mikrofon-je-vas-opuzen.jpg","type":"image\/jpeg"}],"author":"Grad Opuzen","twitter_card":"summary_large_image","twitter_misc":{"Napisao\/la":"Grad Opuzen"},"schema":{"@context":"https:\/\/schema.org","@graph":[{"@type":"Article","@id":"https:\/\/www.opuzen.hr\/grad\/mikrofon-je-vas-2019-prijavite-se-na-audiciju-za-festival-u-opuzenu\/#article","isPartOf":{"@id":"https:\/\/www.opuzen.hr\/grad\/mikrofon-je-vas-2019-prijavite-se-na-audiciju-za-festival-u-opuzenu\/"},"author":{"name":"Grad Opuzen","@id":"https:\/\/www.opuzen.hr\/grad\/#\/schema\/person\/0a17a9796898e9409a1fa4ca7448a481"},"headline":"MIKROFON JE VA\u0160 2019 &#8211; Prijavite se na audiciju za festival u Opuzenu","datePublished":"2019-01-14T06:47:12+00:00","dateModified":"2023-10-12T11:29:50+00:00","mainEntityOfPage":{"@id":"https:\/\/www.opuzen.hr\/grad\/mikrofon-je-vas-2019-prijavite-se-na-audiciju-za-festival-u-opuzenu\/"},"wordCount":48,"publisher":{"@id":"https:\/\/www.opuzen.hr\/grad\/#organization"},"image":{"@id":"https:\/\/www.opuzen.hr\/grad\/mikrofon-je-vas-2019-prijavite-se-na-audiciju-za-festival-u-opuzenu\/#primaryimage"},"thumbnailUrl":"https:\/\/www.opuzen.hr\/grad\/wp-content\/uploads\/2019\/01\/mikrofon-je-vas-opuzen.jpg","keywords":["Festival"],"articleSection":["Novosti","Obavijesti gra\u0111anima"],"inLanguage":"hr"},{"@type":"WebPage","@id":"https:\/\/www.opuzen.hr\/grad\/mikrofon-je-vas-2019-prijavite-se-na-audiciju-za-festival-u-opuzenu\/","url":"https:\/\/www.opuzen.hr\/grad\/mikrofon-je-vas-2019-prijavite-se-na-audiciju-za-festival-u-opuzenu\/","name":"MIKROFON JE VA\u0160 2019 - Prijavite se na audiciju za festival u Opuzenu - Grad Opuzen","isPartOf":{"@id":"https:\/\/www.opuzen.hr\/grad\/#website"},"primaryImageOfPage":{"@id":"https:\/\/www.opuzen.hr\/grad\/mikrofon-je-vas-2019-prijavite-se-na-audiciju-za-festival-u-opuzenu\/#primaryimage"},"image":{"@id":"https:\/\/www.opuzen.hr\/grad\/mikrofon-je-vas-2019-prijavite-se-na-audiciju-za-festival-u-opuzenu\/#primaryimage"},"thumbnailUrl":"https:\/\/www.opuzen.hr\/grad\/wp-content\/uploads\/2019\/01\/mikrofon-je-vas-opuzen.jpg","datePublished":"2019-01-14T06:47:12+00:00","dateModified":"2023-10-12T11:29:50+00:00","breadcrumb":{"@id":"https:\/\/www.opuzen.hr\/grad\/mikrofon-je-vas-2019-prijavite-se-na-audiciju-za-festival-u-opuzenu\/#breadcrumb"},"inLanguage":"hr","potentialAction":[{"@type":"ReadAction","target":["https:\/\/www.opuzen.hr\/grad\/mikrofon-je-vas-2019-prijavite-se-na-audiciju-za-festival-u-opuzenu\/"]}]},{"@type":"ImageObject","inLanguage":"hr","@id":"https:\/\/www.opuzen.hr\/grad\/mikrofon-je-vas-2019-prijavite-se-na-audiciju-za-festival-u-opuzenu\/#primaryimage","url":"https:\/\/www.opuzen.hr\/grad\/wp-content\/uploads\/2019\/01\/mikrofon-je-vas-opuzen.jpg","contentUrl":"https:\/\/www.opuzen.hr\/grad\/wp-content\/uploads\/2019\/01\/mikrofon-je-vas-opuzen.jpg","width":1600,"height":1104},{"@type":"BreadcrumbList","@id":"https:\/\/www.opuzen.hr\/grad\/mikrofon-je-vas-2019-prijavite-se-na-audiciju-za-festival-u-opuzenu\/#breadcrumb","itemListElement":[{"@type":"ListItem","position":1,"name":"Po\u010detna stranica","item":"https:\/\/www.opuzen.hr\/grad\/"},{"@type":"ListItem","position":2,"name":"MIKROFON JE VA\u0160 2019 &#8211; Prijavite se na audiciju za festival u Opuzenu"}]},{"@type":"WebSite","@id":"https:\/\/www.opuzen.hr\/grad\/#website","url":"https:\/\/www.opuzen.hr\/grad\/","name":"Grad Opuzen","description":"Slu\u017ebene mre\u017ene stranice Grada Opuzena","publisher":{"@id":"https:\/\/www.opuzen.hr\/grad\/#organization"},"potentialAction":[{"@type":"SearchAction","target":{"@type":"EntryPoint","urlTemplate":"https:\/\/www.opuzen.hr\/grad\/?s={search_term_string}"},"query-input":"required name=search_term_string"}],"inLanguage":"hr"},{"@type":"Organization","@id":"https:\/\/www.opuzen.hr\/grad\/#organization","name":"Grad Opuzen","url":"https:\/\/www.opuzen.hr\/grad\/","logo":{"@type":"ImageObject","inLanguage":"hr","@id":"https:\/\/www.opuzen.hr\/grad\/#\/schema\/logo\/image\/","url":"https:\/\/www.opuzen.hr\/grad\/wp-content\/uploads\/2018\/02\/logo-opuzen.jpg","contentUrl":"https:\/\/www.opuzen.hr\/grad\/wp-content\/uploads\/2018\/02\/logo-opuzen.jpg","width":400,"height":400,"caption":"Grad Opuzen"},"image":{"@id":"https:\/\/www.opuzen.hr\/grad\/#\/schema\/logo\/image\/"}},{"@type":"Person","@id":"https:\/\/www.opuzen.hr\/grad\/#\/schema\/person\/0a17a9796898e9409a1fa4ca7448a481","name":"Grad Opuzen","image":{"@type":"ImageObject","inLanguage":"hr","@id":"https:\/\/www.opuzen.hr\/grad\/#\/schema\/person\/image\/","url":"https:\/\/secure.gravatar.com\/avatar\/0c54089de4fcf14c0fe3355109a3ac05?s=96&d=mm&r=g","contentUrl":"https:\/\/secure.gravatar.com\/avatar\/0c54089de4fcf14c0fe3355109a3ac05?s=96&d=mm&r=g","caption":"Grad Opuzen"},"url":"https:\/\/www.opuzen.hr\/grad\/author\/admin\/"}]}},"_links":{"self":[{"href":"https:\/\/www.opuzen.hr\/grad\/wp-json\/wp\/v2\/posts\/3342"}],"collection":[{"href":"https:\/\/www.opuzen.hr\/grad\/wp-json\/wp\/v2\/posts"}],"about":[{"href":"https:\/\/www.opuzen.hr\/grad\/wp-json\/wp\/v2\/types\/post"}],"author":[{"embeddable":true,"href":"https:\/\/www.opuzen.hr\/grad\/wp-json\/wp\/v2\/users\/3"}],"replies":[{"embeddable":true,"href":"https:\/\/www.opuzen.hr\/grad\/wp-json\/wp\/v2\/comments?post=3342"}],"version-history":[{"count":1,"href":"https:\/\/www.opuzen.hr\/grad\/wp-json\/wp\/v2\/posts\/3342\/revisions"}],"predecessor-version":[{"id":3344,"href":"https:\/\/www.opuzen.hr\/grad\/wp-json\/wp\/v2\/posts\/3342\/revisions\/3344"}],"wp:featuredmedia":[{"embeddable":true,"href":"https:\/\/www.opuzen.hr\/grad\/wp-json\/wp\/v2\/media\/3343"}],"wp:attachment":[{"href":"https:\/\/www.opuzen.hr\/grad\/wp-json\/wp\/v2\/media?parent=3342"}],"wp:term":[{"taxonomy":"category","embeddable":true,"href":"https:\/\/www.opuzen.hr\/grad\/wp-json\/wp\/v2\/categories?post=3342"},{"taxonomy":"post_tag","embeddable":true,"href":"https:\/\/www.opuzen.hr\/grad\/wp-json\/wp\/v2\/tags?post=3342"}],"curies":[{"name":"wp","href":"https:\/\/api.w.org\/{rel}","templated":true}]}}