{"id":3354,"date":"2019-01-24T07:37:36","date_gmt":"2019-01-24T06:37:36","guid":{"rendered":"https:\/\/www.opuzen.hr\/grad\/?p=3354"},"modified":"2023-10-12T13:29:50","modified_gmt":"2023-10-12T11:29:50","slug":"sazvana-xvii-sjednica-gradskog-vijeca-grada-opuzena","status":"publish","type":"post","link":"https:\/\/www.opuzen.hr\/grad\/sazvana-xvii-sjednica-gradskog-vijeca-grada-opuzena\/","title":{"rendered":"Sazvana XVII. sjednica Gradskog vije\u0107a Grada Opuzena"},"content":{"rendered":"<h3>XVII. sjednicu Gradskog vije\u0107a Grada Opuzena odr\u017eat \u0107e se dana 30. sije\u010dnja 2019. godine (srijeda) s po\u010detkom u 14:30 sati u velikoj dvorani Gradske vije\u0107nice, Trg kralja Tomislava 1.<!--more--><\/h3>\n<p>Predlo\u017een je slijede\u0107i <strong>Dnevni red<\/strong><\/p>\n<p>1. Usvajanje zapisnika XVI. sjednice Gradskog vije\u0107a<br \/>\n2. Aktualni sat<br \/>\n3. Prijedlog izmjene i dopune Odluke na\u010dinu i uvjetima sudjelovanja roditelja u ekonomskoj cijeni programa Dje\u010djeg vrti\u0107a Opuzen<br \/>\n4. Prijedlog odluke o utvr\u0111ivanju visine godi\u0161njeg pau\u0161alnog poreza na dohodak za iznajmljiva\u010de smje\u0161taja na podru\u010dju Grada Opuzena za 2019. godinu<br \/>\n5. Prijedlog Odluke o izmjeni Odluke o koeficijentima za obra\u010dun pla\u0107a slu\u017ebenika i namje\u0161tenika u Jedinstvenom upravnom odjelu Grada Opuzena<\/p>\n<h5><\/h5>\n<h5 class=\"x_MsoNormal\"><strong>NAPOMENA:<br \/>\nGra\u0111ani mogu ostvariti neposredan uvid u rad Gradskog vije\u0107a i istodobno se mo\u017ee osigurati nazo\u010dnost za maksimalno 10 osoba pri \u010demu \u0107e se voditi ra\u010duna o redoslijedu prijavljivanja.<\/strong><\/h5>\n<p><b>Poziv za odr\u017eavanje mo\u017eete preuzeti putem <a href=\"https:\/\/drive.google.com\/file\/d\/17vgr0BDBE9a2FviyZ0yMFZAxaIoBxCmg\/view?usp=sharing\">Poveznice<\/a> ili u kategoriji <a href=\"https:\/\/www.opuzen.hr\/grad\/dokumenti\/\" target=\"_blank\" rel=\"noopener noreferrer\">Dokumenti<\/a> \u2013 <a href=\"https:\/\/www.opuzen.hr\/grad\/gradsko-vijece\/sjednice-gradskog-vijeca\/\" target=\"_blank\" rel=\"noopener noreferrer\">Sjednice Gradskog vije\u0107a<\/a> <\/b><\/p>\n","protected":false},"excerpt":{"rendered":"<p>XVII. sjednicu Gradskog vije\u0107a Grada Opuzena odr\u017eat \u0107e se dana 30. sije\u010dnja 2019. godine (srijeda)&#8230;<\/p>\n","protected":false},"author":3,"featured_media":29,"comment_status":"closed","ping_status":"closed","sticky":false,"template":"","format":"standard","meta":{"footnotes":""},"categories":[27,4],"tags":[70],"class_list":["post-3354","post","type-post","status-publish","format-standard","has-post-thumbnail","hentry","category-gradsko-vijece","category-novosti","tag-gradsko-vijece","wpcat-27-id","wpcat-4-id"],"yoast_head":"<!-- This site is optimized with the Yoast SEO plugin v23.1 - https:\/\/yoast.com\/wordpress\/plugins\/seo\/ -->\n<title>Sazvana XVII. sjednica Gradskog vije\u0107a Grada Opuzena - Grad Opuzen<\/title>\n<meta name=\"robots\" content=\"index, follow, max-snippet:-1, max-image-preview:large, max-video-preview:-1\" \/>\n<link rel=\"canonical\" href=\"https:\/\/www.opuzen.hr\/grad\/sazvana-xvii-sjednica-gradskog-vijeca-grada-opuzena\/\" \/>\n<meta property=\"og:locale\" content=\"hr_HR\" \/>\n<meta property=\"og:type\" content=\"article\" \/>\n<meta property=\"og:title\" content=\"Sazvana XVII. sjednica Gradskog vije\u0107a Grada Opuzena - Grad Opuzen\" \/>\n<meta property=\"og:description\" content=\"XVII. sjednicu Gradskog vije\u0107a Grada Opuzena odr\u017eat \u0107e se dana 30. sije\u010dnja 2019. godine (srijeda)...\" \/>\n<meta property=\"og:url\" content=\"https:\/\/www.opuzen.hr\/grad\/sazvana-xvii-sjednica-gradskog-vijeca-grada-opuzena\/\" \/>\n<meta property=\"og:site_name\" content=\"Grad Opuzen\" \/>\n<meta property=\"article:published_time\" content=\"2019-01-24T06:37:36+00:00\" \/>\n<meta property=\"article:modified_time\" content=\"2023-10-12T11:29:50+00:00\" \/>\n<meta property=\"og:image\" content=\"https:\/\/www.opuzen.hr\/grad\/wp-content\/uploads\/2018\/02\/Grad_Opuzen_SLSTR_intro-e1519545580645.jpeg\" \/>\n\t<meta property=\"og:image:width\" content=\"800\" \/>\n\t<meta property=\"og:image:height\" content=\"498\" \/>\n\t<meta property=\"og:image:type\" content=\"image\/jpeg\" \/>\n<meta name=\"author\" content=\"Grad Opuzen\" \/>\n<meta name=\"twitter:card\" content=\"summary_large_image\" \/>\n<meta name=\"twitter:label1\" content=\"Napisao\/la\" \/>\n\t<meta name=\"twitter:data1\" content=\"Grad Opuzen\" \/>\n\t<meta name=\"twitter:label2\" content=\"Procijenjeno vrijeme \u010ditanja\" \/>\n\t<meta name=\"twitter:data2\" content=\"1 minuta\" \/>\n<script type=\"application\/ld+json\" class=\"yoast-schema-graph\">{\"@context\":\"https:\/\/schema.org\",\"@graph\":[{\"@type\":\"Article\",\"@id\":\"https:\/\/www.opuzen.hr\/grad\/sazvana-xvii-sjednica-gradskog-vijeca-grada-opuzena\/#article\",\"isPartOf\":{\"@id\":\"https:\/\/www.opuzen.hr\/grad\/sazvana-xvii-sjednica-gradskog-vijeca-grada-opuzena\/\"},\"author\":{\"name\":\"Grad Opuzen\",\"@id\":\"https:\/\/www.opuzen.hr\/grad\/#\/schema\/person\/0a17a9796898e9409a1fa4ca7448a481\"},\"headline\":\"Sazvana XVII. sjednica Gradskog vije\u0107a Grada Opuzena\",\"datePublished\":\"2019-01-24T06:37:36+00:00\",\"dateModified\":\"2023-10-12T11:29:50+00:00\",\"mainEntityOfPage\":{\"@id\":\"https:\/\/www.opuzen.hr\/grad\/sazvana-xvii-sjednica-gradskog-vijeca-grada-opuzena\/\"},\"wordCount\":172,\"publisher\":{\"@id\":\"https:\/\/www.opuzen.hr\/grad\/#organization\"},\"image\":{\"@id\":\"https:\/\/www.opuzen.hr\/grad\/sazvana-xvii-sjednica-gradskog-vijeca-grada-opuzena\/#primaryimage\"},\"thumbnailUrl\":\"https:\/\/www.opuzen.hr\/grad\/wp-content\/uploads\/2018\/02\/Grad_Opuzen_SLSTR_intro-e1519545580645.jpeg\",\"keywords\":[\"Gradsko vije\u0107e\"],\"articleSection\":[\"Gradsko vije\u0107e\",\"Novosti\"],\"inLanguage\":\"hr\"},{\"@type\":\"WebPage\",\"@id\":\"https:\/\/www.opuzen.hr\/grad\/sazvana-xvii-sjednica-gradskog-vijeca-grada-opuzena\/\",\"url\":\"https:\/\/www.opuzen.hr\/grad\/sazvana-xvii-sjednica-gradskog-vijeca-grada-opuzena\/\",\"name\":\"Sazvana XVII. sjednica Gradskog vije\u0107a Grada Opuzena - Grad Opuzen\",\"isPartOf\":{\"@id\":\"https:\/\/www.opuzen.hr\/grad\/#website\"},\"primaryImageOfPage\":{\"@id\":\"https:\/\/www.opuzen.hr\/grad\/sazvana-xvii-sjednica-gradskog-vijeca-grada-opuzena\/#primaryimage\"},\"image\":{\"@id\":\"https:\/\/www.opuzen.hr\/grad\/sazvana-xvii-sjednica-gradskog-vijeca-grada-opuzena\/#primaryimage\"},\"thumbnailUrl\":\"https:\/\/www.opuzen.hr\/grad\/wp-content\/uploads\/2018\/02\/Grad_Opuzen_SLSTR_intro-e1519545580645.jpeg\",\"datePublished\":\"2019-01-24T06:37:36+00:00\",\"dateModified\":\"2023-10-12T11:29:50+00:00\",\"breadcrumb\":{\"@id\":\"https:\/\/www.opuzen.hr\/grad\/sazvana-xvii-sjednica-gradskog-vijeca-grada-opuzena\/#breadcrumb\"},\"inLanguage\":\"hr\",\"potentialAction\":[{\"@type\":\"ReadAction\",\"target\":[\"https:\/\/www.opuzen.hr\/grad\/sazvana-xvii-sjednica-gradskog-vijeca-grada-opuzena\/\"]}]},{\"@type\":\"ImageObject\",\"inLanguage\":\"hr\",\"@id\":\"https:\/\/www.opuzen.hr\/grad\/sazvana-xvii-sjednica-gradskog-vijeca-grada-opuzena\/#primaryimage\",\"url\":\"https:\/\/www.opuzen.hr\/grad\/wp-content\/uploads\/2018\/02\/Grad_Opuzen_SLSTR_intro-e1519545580645.jpeg\",\"contentUrl\":\"https:\/\/www.opuzen.hr\/grad\/wp-content\/uploads\/2018\/02\/Grad_Opuzen_SLSTR_intro-e1519545580645.jpeg\",\"width\":800,\"height\":498},{\"@type\":\"BreadcrumbList\",\"@id\":\"https:\/\/www.opuzen.hr\/grad\/sazvana-xvii-sjednica-gradskog-vijeca-grada-opuzena\/#breadcrumb\",\"itemListElement\":[{\"@type\":\"ListItem\",\"position\":1,\"name\":\"Po\u010detna stranica\",\"item\":\"https:\/\/www.opuzen.hr\/grad\/\"},{\"@type\":\"ListItem\",\"position\":2,\"name\":\"Sazvana XVII. sjednica Gradskog vije\u0107a Grada Opuzena\"}]},{\"@type\":\"WebSite\",\"@id\":\"https:\/\/www.opuzen.hr\/grad\/#website\",\"url\":\"https:\/\/www.opuzen.hr\/grad\/\",\"name\":\"Grad Opuzen\",\"description\":\"Slu\u017ebene mre\u017ene stranice Grada Opuzena\",\"publisher\":{\"@id\":\"https:\/\/www.opuzen.hr\/grad\/#organization\"},\"potentialAction\":[{\"@type\":\"SearchAction\",\"target\":{\"@type\":\"EntryPoint\",\"urlTemplate\":\"https:\/\/www.opuzen.hr\/grad\/?s={search_term_string}\"},\"query-input\":\"required name=search_term_string\"}],\"inLanguage\":\"hr\"},{\"@type\":\"Organization\",\"@id\":\"https:\/\/www.opuzen.hr\/grad\/#organization\",\"name\":\"Grad Opuzen\",\"url\":\"https:\/\/www.opuzen.hr\/grad\/\",\"logo\":{\"@type\":\"ImageObject\",\"inLanguage\":\"hr\",\"@id\":\"https:\/\/www.opuzen.hr\/grad\/#\/schema\/logo\/image\/\",\"url\":\"https:\/\/www.opuzen.hr\/grad\/wp-content\/uploads\/2018\/02\/logo-opuzen.jpg\",\"contentUrl\":\"https:\/\/www.opuzen.hr\/grad\/wp-content\/uploads\/2018\/02\/logo-opuzen.jpg\",\"width\":400,\"height\":400,\"caption\":\"Grad Opuzen\"},\"image\":{\"@id\":\"https:\/\/www.opuzen.hr\/grad\/#\/schema\/logo\/image\/\"}},{\"@type\":\"Person\",\"@id\":\"https:\/\/www.opuzen.hr\/grad\/#\/schema\/person\/0a17a9796898e9409a1fa4ca7448a481\",\"name\":\"Grad Opuzen\",\"image\":{\"@type\":\"ImageObject\",\"inLanguage\":\"hr\",\"@id\":\"https:\/\/www.opuzen.hr\/grad\/#\/schema\/person\/image\/\",\"url\":\"https:\/\/secure.gravatar.com\/avatar\/0c54089de4fcf14c0fe3355109a3ac05?s=96&d=mm&r=g\",\"contentUrl\":\"https:\/\/secure.gravatar.com\/avatar\/0c54089de4fcf14c0fe3355109a3ac05?s=96&d=mm&r=g\",\"caption\":\"Grad Opuzen\"},\"url\":\"https:\/\/www.opuzen.hr\/grad\/author\/admin\/\"}]}<\/script>\n<!-- \/ Yoast SEO plugin. -->","yoast_head_json":{"title":"Sazvana XVII. sjednica Gradskog vije\u0107a Grada Opuzena - Grad Opuzen","robots":{"index":"index","follow":"follow","max-snippet":"max-snippet:-1","max-image-preview":"max-image-preview:large","max-video-preview":"max-video-preview:-1"},"canonical":"https:\/\/www.opuzen.hr\/grad\/sazvana-xvii-sjednica-gradskog-vijeca-grada-opuzena\/","og_locale":"hr_HR","og_type":"article","og_title":"Sazvana XVII. sjednica Gradskog vije\u0107a Grada Opuzena - Grad Opuzen","og_description":"XVII. sjednicu Gradskog vije\u0107a Grada Opuzena odr\u017eat \u0107e se dana 30. sije\u010dnja 2019. godine (srijeda)...","og_url":"https:\/\/www.opuzen.hr\/grad\/sazvana-xvii-sjednica-gradskog-vijeca-grada-opuzena\/","og_site_name":"Grad Opuzen","article_published_time":"2019-01-24T06:37:36+00:00","article_modified_time":"2023-10-12T11:29:50+00:00","og_image":[{"width":800,"height":498,"url":"https:\/\/www.opuzen.hr\/grad\/wp-content\/uploads\/2018\/02\/Grad_Opuzen_SLSTR_intro-e1519545580645.jpeg","type":"image\/jpeg"}],"author":"Grad Opuzen","twitter_card":"summary_large_image","twitter_misc":{"Napisao\/la":"Grad Opuzen","Procijenjeno vrijeme \u010ditanja":"1 minuta"},"schema":{"@context":"https:\/\/schema.org","@graph":[{"@type":"Article","@id":"https:\/\/www.opuzen.hr\/grad\/sazvana-xvii-sjednica-gradskog-vijeca-grada-opuzena\/#article","isPartOf":{"@id":"https:\/\/www.opuzen.hr\/grad\/sazvana-xvii-sjednica-gradskog-vijeca-grada-opuzena\/"},"author":{"name":"Grad Opuzen","@id":"https:\/\/www.opuzen.hr\/grad\/#\/schema\/person\/0a17a9796898e9409a1fa4ca7448a481"},"headline":"Sazvana XVII. sjednica Gradskog vije\u0107a Grada Opuzena","datePublished":"2019-01-24T06:37:36+00:00","dateModified":"2023-10-12T11:29:50+00:00","mainEntityOfPage":{"@id":"https:\/\/www.opuzen.hr\/grad\/sazvana-xvii-sjednica-gradskog-vijeca-grada-opuzena\/"},"wordCount":172,"publisher":{"@id":"https:\/\/www.opuzen.hr\/grad\/#organization"},"image":{"@id":"https:\/\/www.opuzen.hr\/grad\/sazvana-xvii-sjednica-gradskog-vijeca-grada-opuzena\/#primaryimage"},"thumbnailUrl":"https:\/\/www.opuzen.hr\/grad\/wp-content\/uploads\/2018\/02\/Grad_Opuzen_SLSTR_intro-e1519545580645.jpeg","keywords":["Gradsko vije\u0107e"],"articleSection":["Gradsko vije\u0107e","Novosti"],"inLanguage":"hr"},{"@type":"WebPage","@id":"https:\/\/www.opuzen.hr\/grad\/sazvana-xvii-sjednica-gradskog-vijeca-grada-opuzena\/","url":"https:\/\/www.opuzen.hr\/grad\/sazvana-xvii-sjednica-gradskog-vijeca-grada-opuzena\/","name":"Sazvana XVII. sjednica Gradskog vije\u0107a Grada Opuzena - Grad Opuzen","isPartOf":{"@id":"https:\/\/www.opuzen.hr\/grad\/#website"},"primaryImageOfPage":{"@id":"https:\/\/www.opuzen.hr\/grad\/sazvana-xvii-sjednica-gradskog-vijeca-grada-opuzena\/#primaryimage"},"image":{"@id":"https:\/\/www.opuzen.hr\/grad\/sazvana-xvii-sjednica-gradskog-vijeca-grada-opuzena\/#primaryimage"},"thumbnailUrl":"https:\/\/www.opuzen.hr\/grad\/wp-content\/uploads\/2018\/02\/Grad_Opuzen_SLSTR_intro-e1519545580645.jpeg","datePublished":"2019-01-24T06:37:36+00:00","dateModified":"2023-10-12T11:29:50+00:00","breadcrumb":{"@id":"https:\/\/www.opuzen.hr\/grad\/sazvana-xvii-sjednica-gradskog-vijeca-grada-opuzena\/#breadcrumb"},"inLanguage":"hr","potentialAction":[{"@type":"ReadAction","target":["https:\/\/www.opuzen.hr\/grad\/sazvana-xvii-sjednica-gradskog-vijeca-grada-opuzena\/"]}]},{"@type":"ImageObject","inLanguage":"hr","@id":"https:\/\/www.opuzen.hr\/grad\/sazvana-xvii-sjednica-gradskog-vijeca-grada-opuzena\/#primaryimage","url":"https:\/\/www.opuzen.hr\/grad\/wp-content\/uploads\/2018\/02\/Grad_Opuzen_SLSTR_intro-e1519545580645.jpeg","contentUrl":"https:\/\/www.opuzen.hr\/grad\/wp-content\/uploads\/2018\/02\/Grad_Opuzen_SLSTR_intro-e1519545580645.jpeg","width":800,"height":498},{"@type":"BreadcrumbList","@id":"https:\/\/www.opuzen.hr\/grad\/sazvana-xvii-sjednica-gradskog-vijeca-grada-opuzena\/#breadcrumb","itemListElement":[{"@type":"ListItem","position":1,"name":"Po\u010detna stranica","item":"https:\/\/www.opuzen.hr\/grad\/"},{"@type":"ListItem","position":2,"name":"Sazvana XVII. sjednica Gradskog vije\u0107a Grada Opuzena"}]},{"@type":"WebSite","@id":"https:\/\/www.opuzen.hr\/grad\/#website","url":"https:\/\/www.opuzen.hr\/grad\/","name":"Grad Opuzen","description":"Slu\u017ebene mre\u017ene stranice Grada Opuzena","publisher":{"@id":"https:\/\/www.opuzen.hr\/grad\/#organization"},"potentialAction":[{"@type":"SearchAction","target":{"@type":"EntryPoint","urlTemplate":"https:\/\/www.opuzen.hr\/grad\/?s={search_term_string}"},"query-input":"required name=search_term_string"}],"inLanguage":"hr"},{"@type":"Organization","@id":"https:\/\/www.opuzen.hr\/grad\/#organization","name":"Grad Opuzen","url":"https:\/\/www.opuzen.hr\/grad\/","logo":{"@type":"ImageObject","inLanguage":"hr","@id":"https:\/\/www.opuzen.hr\/grad\/#\/schema\/logo\/image\/","url":"https:\/\/www.opuzen.hr\/grad\/wp-content\/uploads\/2018\/02\/logo-opuzen.jpg","contentUrl":"https:\/\/www.opuzen.hr\/grad\/wp-content\/uploads\/2018\/02\/logo-opuzen.jpg","width":400,"height":400,"caption":"Grad Opuzen"},"image":{"@id":"https:\/\/www.opuzen.hr\/grad\/#\/schema\/logo\/image\/"}},{"@type":"Person","@id":"https:\/\/www.opuzen.hr\/grad\/#\/schema\/person\/0a17a9796898e9409a1fa4ca7448a481","name":"Grad Opuzen","image":{"@type":"ImageObject","inLanguage":"hr","@id":"https:\/\/www.opuzen.hr\/grad\/#\/schema\/person\/image\/","url":"https:\/\/secure.gravatar.com\/avatar\/0c54089de4fcf14c0fe3355109a3ac05?s=96&d=mm&r=g","contentUrl":"https:\/\/secure.gravatar.com\/avatar\/0c54089de4fcf14c0fe3355109a3ac05?s=96&d=mm&r=g","caption":"Grad Opuzen"},"url":"https:\/\/www.opuzen.hr\/grad\/author\/admin\/"}]}},"_links":{"self":[{"href":"https:\/\/www.opuzen.hr\/grad\/wp-json\/wp\/v2\/posts\/3354"}],"collection":[{"href":"https:\/\/www.opuzen.hr\/grad\/wp-json\/wp\/v2\/posts"}],"about":[{"href":"https:\/\/www.opuzen.hr\/grad\/wp-json\/wp\/v2\/types\/post"}],"author":[{"embeddable":true,"href":"https:\/\/www.opuzen.hr\/grad\/wp-json\/wp\/v2\/users\/3"}],"replies":[{"embeddable":true,"href":"https:\/\/www.opuzen.hr\/grad\/wp-json\/wp\/v2\/comments?post=3354"}],"version-history":[{"count":2,"href":"https:\/\/www.opuzen.hr\/grad\/wp-json\/wp\/v2\/posts\/3354\/revisions"}],"predecessor-version":[{"id":45858,"href":"https:\/\/www.opuzen.hr\/grad\/wp-json\/wp\/v2\/posts\/3354\/revisions\/45858"}],"wp:featuredmedia":[{"embeddable":true,"href":"https:\/\/www.opuzen.hr\/grad\/wp-json\/wp\/v2\/media\/29"}],"wp:attachment":[{"href":"https:\/\/www.opuzen.hr\/grad\/wp-json\/wp\/v2\/media?parent=3354"}],"wp:term":[{"taxonomy":"category","embeddable":true,"href":"https:\/\/www.opuzen.hr\/grad\/wp-json\/wp\/v2\/categories?post=3354"},{"taxonomy":"post_tag","embeddable":true,"href":"https:\/\/www.opuzen.hr\/grad\/wp-json\/wp\/v2\/tags?post=3354"}],"curies":[{"name":"wp","href":"https:\/\/api.w.org\/{rel}","templated":true}]}}