{"id":3376,"date":"2019-02-06T14:16:51","date_gmt":"2019-02-06T13:16:51","guid":{"rendered":"https:\/\/www.opuzen.hr\/grad\/?p=3376"},"modified":"2023-10-12T13:29:50","modified_gmt":"2023-10-12T11:29:50","slug":"regionalni-dani-eu-fondova-odrzat-ce-se-u-opuzenu","status":"publish","type":"post","link":"https:\/\/www.opuzen.hr\/grad\/regionalni-dani-eu-fondova-odrzat-ce-se-u-opuzenu\/","title":{"rendered":"Regionalni dani EU fondova odr\u017eat \u0107e se u Opuzenu"},"content":{"rendered":"<p>Ministarstvo regionalnoga razvoja i fondova Europske unije u suradnji s institucijama u sustavu upravljanja i kontrole kori\u0161tenja EU fondova i Gradom Opuzenom organizira informativno-edukativno doga\u0111anje s ciljem informiranja javnosti o kori\u0161tenju fondova Europske unije.<!--more--><\/p>\n<p><span style=\"display: inline !important; float: none; background-color: transparent; color: #333333; cursor: text; font-family: Arial,Helvetica,'Nimbus Sans L',sans-serif; font-size: 13px; font-style: normal; font-variant: normal; font-weight: 400; letter-spacing: normal; orphans: 2; text-align: left; text-decoration: none; text-indent: 0px; text-transform: none; -webkit-text-stroke-width: 0px; white-space: normal; word-spacing: 0px;\">\u201cRegionalni dani EU fondova\u201d odr\u017eat \u0107e se 15. velja\u010de 2019. u Gradskoj vije\u0107nici Grada Opuzena (Trg kralja Tomislava 1) s po\u010detkom u 10 sati.<\/span><\/p>\n<p>\u201eRegionalne dane EU fondova\u201c pozdravnim govorima otvorit \u0107e g. Ivo Mihaljevi\u0107, gradona\u010delnik Opuzena, kao i predstavnik Ministarstva regionalnoga razvoja i fondova Europske unije. Informativno \u2013 edukativni dio doga\u0111anja zapo\u010det \u0107e panel diskusijom pod nazivom \u201eRazvoj Opuzena kroz fondove Europske unije\u201c na kojoj \u0107e sudjelovati predstavnici institucija i lokalni poduzetnici s iskustvom kori\u0161tenja sredstava iz fondova Europske unije. Nastavno na panel diskusiju uslijedit \u0107e stru\u010dna predavanja pod nazivom \u201cEU fondovi kao mogu\u0107nost financiranja\u201d na kojima \u0107e se predstaviti aktualni i budu\u0107i natje\u010daji.<\/p>\n<p>Po zavr\u0161etku stru\u010dnih predavanja odr\u017eat \u0107e se edukacija \u201cPredstavljanje mjera ruralnog razvoja i postupak prijave na natje\u010daj\u201d na kojoj \u0107e se predstaviti aktualne mogu\u0107nosti financiranja u okviru mjera ruralnog razvoja i upoznati posjetitelje s procesom prijave putem AGRONET aplikacije. Zaklju\u010dno, svi sudionici imat \u0107e mogu\u0107nost postaviti pitanja vezana uz fondove EU.<\/p>\n<p>Doga\u0111aj \u201cRegionalni dani EU fondova\u201d namijenjen je svim gra\u0111anima zainteresiranima za mogu\u0107nosti kori\u0161tenja fondova Europske unije. Putem interaktivnih radionica, panel diskusija i edukativnih sadr\u017eaja, polaznici \u0107e uz korisne savjete ujedno imati priliku razmijeniti iskustva i povezati se s predava\u010dima i drugim sudionicima, sa svrhom ja\u010danja suradnje na svim razinama i realizacije \u0161to ve\u0107eg broja projekata.<\/p>\n<p>Prijavite se na besplatne edukacije na poveznici, saznajte sve o mogu\u0107nostima kori\u0161tenja EU sredstava i postanite dio svijeta EU fondova!<\/p>\n<p><strong>Program doga\u0111anja dostupan je putem priloga sadr\u017eaja.<\/strong><\/p>\n<!-- WP Attachments -->\r\n        <div style=\"width:100%;margin:10px 0 10px 0;\">\r\n            <h3>Prilozi sadr\u017eaju:<\/h3>\r\n        <ul class=\"post-attachments\"><li class=\"post-attachment mime-application-pdf\">                                \r\n<a target=\"_blank\" href=\"https:\/\/www.opuzen.hr\/grad\/regionalni-dani-eu-fondova-odrzat-ce-se-u-opuzenu\/?download=3398\">Eu fondovi program Opuzen<\/a><div style=\"float:right;\">777 kB \/ Preuzeto: 405<\/div>\r\n<br><small><\/small><\/li><\/ul><\/div>","protected":false},"excerpt":{"rendered":"<p>Ministarstvo regionalnoga razvoja i fondova Europske unije u suradnji s institucijama u sustavu upravljanja i&#8230;<\/p>\n","protected":false},"author":3,"featured_media":3377,"comment_status":"closed","ping_status":"closed","sticky":false,"template":"","format":"standard","meta":{"footnotes":""},"categories":[4,3],"tags":[34,107,301],"class_list":["post-3376","post","type-post","status-publish","format-standard","has-post-thumbnail","hentry","category-novosti","category-obavijesti-gradanima","tag-eu","tag-ministarstvom-regionalnoga-razvoja-i-fondova-europske-unije","tag-regionalni-dani-eu-fondova","wpcat-4-id","wpcat-3-id"],"yoast_head":"<!-- This site is optimized with the Yoast SEO plugin v23.1 - https:\/\/yoast.com\/wordpress\/plugins\/seo\/ -->\n<title>Regionalni dani EU fondova odr\u017eat \u0107e se u Opuzenu - Grad Opuzen<\/title>\n<meta name=\"robots\" content=\"index, follow, max-snippet:-1, max-image-preview:large, max-video-preview:-1\" \/>\n<link rel=\"canonical\" href=\"https:\/\/www.opuzen.hr\/grad\/regionalni-dani-eu-fondova-odrzat-ce-se-u-opuzenu\/\" \/>\n<meta property=\"og:locale\" content=\"hr_HR\" \/>\n<meta property=\"og:type\" content=\"article\" \/>\n<meta property=\"og:title\" content=\"Regionalni dani EU fondova odr\u017eat \u0107e se u Opuzenu - Grad Opuzen\" \/>\n<meta property=\"og:description\" content=\"Ministarstvo regionalnoga razvoja i fondova Europske unije u suradnji s institucijama u sustavu upravljanja i...\" \/>\n<meta property=\"og:url\" content=\"https:\/\/www.opuzen.hr\/grad\/regionalni-dani-eu-fondova-odrzat-ce-se-u-opuzenu\/\" \/>\n<meta property=\"og:site_name\" content=\"Grad Opuzen\" \/>\n<meta property=\"article:published_time\" content=\"2019-02-06T13:16:51+00:00\" \/>\n<meta property=\"article:modified_time\" content=\"2023-10-12T11:29:50+00:00\" \/>\n<meta property=\"og:image\" content=\"https:\/\/www.opuzen.hr\/grad\/wp-content\/uploads\/2019\/02\/thumbnail_16-9-Goran-SafarekHaloPixPIXSELL_PXL_HPX_101118_22637765.jpg\" \/>\n\t<meta property=\"og:image:width\" content=\"1280\" \/>\n\t<meta property=\"og:image:height\" content=\"720\" \/>\n\t<meta property=\"og:image:type\" content=\"image\/jpeg\" \/>\n<meta name=\"author\" content=\"Grad Opuzen\" \/>\n<meta name=\"twitter:card\" content=\"summary_large_image\" \/>\n<meta name=\"twitter:label1\" content=\"Napisao\/la\" \/>\n\t<meta name=\"twitter:data1\" content=\"Grad Opuzen\" \/>\n\t<meta name=\"twitter:label2\" content=\"Procijenjeno vrijeme \u010ditanja\" \/>\n\t<meta name=\"twitter:data2\" content=\"2 minute\" \/>\n<script type=\"application\/ld+json\" class=\"yoast-schema-graph\">{\"@context\":\"https:\/\/schema.org\",\"@graph\":[{\"@type\":\"Article\",\"@id\":\"https:\/\/www.opuzen.hr\/grad\/regionalni-dani-eu-fondova-odrzat-ce-se-u-opuzenu\/#article\",\"isPartOf\":{\"@id\":\"https:\/\/www.opuzen.hr\/grad\/regionalni-dani-eu-fondova-odrzat-ce-se-u-opuzenu\/\"},\"author\":{\"name\":\"Grad Opuzen\",\"@id\":\"https:\/\/www.opuzen.hr\/grad\/#\/schema\/person\/0a17a9796898e9409a1fa4ca7448a481\"},\"headline\":\"Regionalni dani EU fondova odr\u017eat \u0107e se u Opuzenu\",\"datePublished\":\"2019-02-06T13:16:51+00:00\",\"dateModified\":\"2023-10-12T11:29:50+00:00\",\"mainEntityOfPage\":{\"@id\":\"https:\/\/www.opuzen.hr\/grad\/regionalni-dani-eu-fondova-odrzat-ce-se-u-opuzenu\/\"},\"wordCount\":311,\"publisher\":{\"@id\":\"https:\/\/www.opuzen.hr\/grad\/#organization\"},\"image\":{\"@id\":\"https:\/\/www.opuzen.hr\/grad\/regionalni-dani-eu-fondova-odrzat-ce-se-u-opuzenu\/#primaryimage\"},\"thumbnailUrl\":\"https:\/\/www.opuzen.hr\/grad\/wp-content\/uploads\/2019\/02\/thumbnail_16-9-Goran-SafarekHaloPixPIXSELL_PXL_HPX_101118_22637765.jpg\",\"keywords\":[\"EU\",\"Ministarstvom regionalnoga razvoja i fondova Europske unije\",\"Regionalni dani EU Fondova\"],\"articleSection\":[\"Novosti\",\"Obavijesti gra\u0111anima\"],\"inLanguage\":\"hr\"},{\"@type\":\"WebPage\",\"@id\":\"https:\/\/www.opuzen.hr\/grad\/regionalni-dani-eu-fondova-odrzat-ce-se-u-opuzenu\/\",\"url\":\"https:\/\/www.opuzen.hr\/grad\/regionalni-dani-eu-fondova-odrzat-ce-se-u-opuzenu\/\",\"name\":\"Regionalni dani EU fondova odr\u017eat \u0107e se u Opuzenu - Grad Opuzen\",\"isPartOf\":{\"@id\":\"https:\/\/www.opuzen.hr\/grad\/#website\"},\"primaryImageOfPage\":{\"@id\":\"https:\/\/www.opuzen.hr\/grad\/regionalni-dani-eu-fondova-odrzat-ce-se-u-opuzenu\/#primaryimage\"},\"image\":{\"@id\":\"https:\/\/www.opuzen.hr\/grad\/regionalni-dani-eu-fondova-odrzat-ce-se-u-opuzenu\/#primaryimage\"},\"thumbnailUrl\":\"https:\/\/www.opuzen.hr\/grad\/wp-content\/uploads\/2019\/02\/thumbnail_16-9-Goran-SafarekHaloPixPIXSELL_PXL_HPX_101118_22637765.jpg\",\"datePublished\":\"2019-02-06T13:16:51+00:00\",\"dateModified\":\"2023-10-12T11:29:50+00:00\",\"breadcrumb\":{\"@id\":\"https:\/\/www.opuzen.hr\/grad\/regionalni-dani-eu-fondova-odrzat-ce-se-u-opuzenu\/#breadcrumb\"},\"inLanguage\":\"hr\",\"potentialAction\":[{\"@type\":\"ReadAction\",\"target\":[\"https:\/\/www.opuzen.hr\/grad\/regionalni-dani-eu-fondova-odrzat-ce-se-u-opuzenu\/\"]}]},{\"@type\":\"ImageObject\",\"inLanguage\":\"hr\",\"@id\":\"https:\/\/www.opuzen.hr\/grad\/regionalni-dani-eu-fondova-odrzat-ce-se-u-opuzenu\/#primaryimage\",\"url\":\"https:\/\/www.opuzen.hr\/grad\/wp-content\/uploads\/2019\/02\/thumbnail_16-9-Goran-SafarekHaloPixPIXSELL_PXL_HPX_101118_22637765.jpg\",\"contentUrl\":\"https:\/\/www.opuzen.hr\/grad\/wp-content\/uploads\/2019\/02\/thumbnail_16-9-Goran-SafarekHaloPixPIXSELL_PXL_HPX_101118_22637765.jpg\",\"width\":1280,\"height\":720},{\"@type\":\"BreadcrumbList\",\"@id\":\"https:\/\/www.opuzen.hr\/grad\/regionalni-dani-eu-fondova-odrzat-ce-se-u-opuzenu\/#breadcrumb\",\"itemListElement\":[{\"@type\":\"ListItem\",\"position\":1,\"name\":\"Po\u010detna stranica\",\"item\":\"https:\/\/www.opuzen.hr\/grad\/\"},{\"@type\":\"ListItem\",\"position\":2,\"name\":\"Regionalni dani EU fondova odr\u017eat \u0107e se u Opuzenu\"}]},{\"@type\":\"WebSite\",\"@id\":\"https:\/\/www.opuzen.hr\/grad\/#website\",\"url\":\"https:\/\/www.opuzen.hr\/grad\/\",\"name\":\"Grad Opuzen\",\"description\":\"Slu\u017ebene mre\u017ene stranice Grada Opuzena\",\"publisher\":{\"@id\":\"https:\/\/www.opuzen.hr\/grad\/#organization\"},\"potentialAction\":[{\"@type\":\"SearchAction\",\"target\":{\"@type\":\"EntryPoint\",\"urlTemplate\":\"https:\/\/www.opuzen.hr\/grad\/?s={search_term_string}\"},\"query-input\":\"required name=search_term_string\"}],\"inLanguage\":\"hr\"},{\"@type\":\"Organization\",\"@id\":\"https:\/\/www.opuzen.hr\/grad\/#organization\",\"name\":\"Grad Opuzen\",\"url\":\"https:\/\/www.opuzen.hr\/grad\/\",\"logo\":{\"@type\":\"ImageObject\",\"inLanguage\":\"hr\",\"@id\":\"https:\/\/www.opuzen.hr\/grad\/#\/schema\/logo\/image\/\",\"url\":\"https:\/\/www.opuzen.hr\/grad\/wp-content\/uploads\/2018\/02\/logo-opuzen.jpg\",\"contentUrl\":\"https:\/\/www.opuzen.hr\/grad\/wp-content\/uploads\/2018\/02\/logo-opuzen.jpg\",\"width\":400,\"height\":400,\"caption\":\"Grad Opuzen\"},\"image\":{\"@id\":\"https:\/\/www.opuzen.hr\/grad\/#\/schema\/logo\/image\/\"}},{\"@type\":\"Person\",\"@id\":\"https:\/\/www.opuzen.hr\/grad\/#\/schema\/person\/0a17a9796898e9409a1fa4ca7448a481\",\"name\":\"Grad Opuzen\",\"image\":{\"@type\":\"ImageObject\",\"inLanguage\":\"hr\",\"@id\":\"https:\/\/www.opuzen.hr\/grad\/#\/schema\/person\/image\/\",\"url\":\"https:\/\/secure.gravatar.com\/avatar\/0c54089de4fcf14c0fe3355109a3ac05?s=96&d=mm&r=g\",\"contentUrl\":\"https:\/\/secure.gravatar.com\/avatar\/0c54089de4fcf14c0fe3355109a3ac05?s=96&d=mm&r=g\",\"caption\":\"Grad Opuzen\"},\"url\":\"https:\/\/www.opuzen.hr\/grad\/author\/admin\/\"}]}<\/script>\n<!-- \/ Yoast SEO plugin. -->","yoast_head_json":{"title":"Regionalni dani EU fondova odr\u017eat \u0107e se u Opuzenu - Grad Opuzen","robots":{"index":"index","follow":"follow","max-snippet":"max-snippet:-1","max-image-preview":"max-image-preview:large","max-video-preview":"max-video-preview:-1"},"canonical":"https:\/\/www.opuzen.hr\/grad\/regionalni-dani-eu-fondova-odrzat-ce-se-u-opuzenu\/","og_locale":"hr_HR","og_type":"article","og_title":"Regionalni dani EU fondova odr\u017eat \u0107e se u Opuzenu - Grad Opuzen","og_description":"Ministarstvo regionalnoga razvoja i fondova Europske unije u suradnji s institucijama u sustavu upravljanja i...","og_url":"https:\/\/www.opuzen.hr\/grad\/regionalni-dani-eu-fondova-odrzat-ce-se-u-opuzenu\/","og_site_name":"Grad Opuzen","article_published_time":"2019-02-06T13:16:51+00:00","article_modified_time":"2023-10-12T11:29:50+00:00","og_image":[{"width":1280,"height":720,"url":"https:\/\/www.opuzen.hr\/grad\/wp-content\/uploads\/2019\/02\/thumbnail_16-9-Goran-SafarekHaloPixPIXSELL_PXL_HPX_101118_22637765.jpg","type":"image\/jpeg"}],"author":"Grad Opuzen","twitter_card":"summary_large_image","twitter_misc":{"Napisao\/la":"Grad Opuzen","Procijenjeno vrijeme \u010ditanja":"2 minute"},"schema":{"@context":"https:\/\/schema.org","@graph":[{"@type":"Article","@id":"https:\/\/www.opuzen.hr\/grad\/regionalni-dani-eu-fondova-odrzat-ce-se-u-opuzenu\/#article","isPartOf":{"@id":"https:\/\/www.opuzen.hr\/grad\/regionalni-dani-eu-fondova-odrzat-ce-se-u-opuzenu\/"},"author":{"name":"Grad Opuzen","@id":"https:\/\/www.opuzen.hr\/grad\/#\/schema\/person\/0a17a9796898e9409a1fa4ca7448a481"},"headline":"Regionalni dani EU fondova odr\u017eat \u0107e se u Opuzenu","datePublished":"2019-02-06T13:16:51+00:00","dateModified":"2023-10-12T11:29:50+00:00","mainEntityOfPage":{"@id":"https:\/\/www.opuzen.hr\/grad\/regionalni-dani-eu-fondova-odrzat-ce-se-u-opuzenu\/"},"wordCount":311,"publisher":{"@id":"https:\/\/www.opuzen.hr\/grad\/#organization"},"image":{"@id":"https:\/\/www.opuzen.hr\/grad\/regionalni-dani-eu-fondova-odrzat-ce-se-u-opuzenu\/#primaryimage"},"thumbnailUrl":"https:\/\/www.opuzen.hr\/grad\/wp-content\/uploads\/2019\/02\/thumbnail_16-9-Goran-SafarekHaloPixPIXSELL_PXL_HPX_101118_22637765.jpg","keywords":["EU","Ministarstvom regionalnoga razvoja i fondova Europske unije","Regionalni dani EU Fondova"],"articleSection":["Novosti","Obavijesti gra\u0111anima"],"inLanguage":"hr"},{"@type":"WebPage","@id":"https:\/\/www.opuzen.hr\/grad\/regionalni-dani-eu-fondova-odrzat-ce-se-u-opuzenu\/","url":"https:\/\/www.opuzen.hr\/grad\/regionalni-dani-eu-fondova-odrzat-ce-se-u-opuzenu\/","name":"Regionalni dani EU fondova odr\u017eat \u0107e se u Opuzenu - Grad Opuzen","isPartOf":{"@id":"https:\/\/www.opuzen.hr\/grad\/#website"},"primaryImageOfPage":{"@id":"https:\/\/www.opuzen.hr\/grad\/regionalni-dani-eu-fondova-odrzat-ce-se-u-opuzenu\/#primaryimage"},"image":{"@id":"https:\/\/www.opuzen.hr\/grad\/regionalni-dani-eu-fondova-odrzat-ce-se-u-opuzenu\/#primaryimage"},"thumbnailUrl":"https:\/\/www.opuzen.hr\/grad\/wp-content\/uploads\/2019\/02\/thumbnail_16-9-Goran-SafarekHaloPixPIXSELL_PXL_HPX_101118_22637765.jpg","datePublished":"2019-02-06T13:16:51+00:00","dateModified":"2023-10-12T11:29:50+00:00","breadcrumb":{"@id":"https:\/\/www.opuzen.hr\/grad\/regionalni-dani-eu-fondova-odrzat-ce-se-u-opuzenu\/#breadcrumb"},"inLanguage":"hr","potentialAction":[{"@type":"ReadAction","target":["https:\/\/www.opuzen.hr\/grad\/regionalni-dani-eu-fondova-odrzat-ce-se-u-opuzenu\/"]}]},{"@type":"ImageObject","inLanguage":"hr","@id":"https:\/\/www.opuzen.hr\/grad\/regionalni-dani-eu-fondova-odrzat-ce-se-u-opuzenu\/#primaryimage","url":"https:\/\/www.opuzen.hr\/grad\/wp-content\/uploads\/2019\/02\/thumbnail_16-9-Goran-SafarekHaloPixPIXSELL_PXL_HPX_101118_22637765.jpg","contentUrl":"https:\/\/www.opuzen.hr\/grad\/wp-content\/uploads\/2019\/02\/thumbnail_16-9-Goran-SafarekHaloPixPIXSELL_PXL_HPX_101118_22637765.jpg","width":1280,"height":720},{"@type":"BreadcrumbList","@id":"https:\/\/www.opuzen.hr\/grad\/regionalni-dani-eu-fondova-odrzat-ce-se-u-opuzenu\/#breadcrumb","itemListElement":[{"@type":"ListItem","position":1,"name":"Po\u010detna stranica","item":"https:\/\/www.opuzen.hr\/grad\/"},{"@type":"ListItem","position":2,"name":"Regionalni dani EU fondova odr\u017eat \u0107e se u Opuzenu"}]},{"@type":"WebSite","@id":"https:\/\/www.opuzen.hr\/grad\/#website","url":"https:\/\/www.opuzen.hr\/grad\/","name":"Grad Opuzen","description":"Slu\u017ebene mre\u017ene stranice Grada Opuzena","publisher":{"@id":"https:\/\/www.opuzen.hr\/grad\/#organization"},"potentialAction":[{"@type":"SearchAction","target":{"@type":"EntryPoint","urlTemplate":"https:\/\/www.opuzen.hr\/grad\/?s={search_term_string}"},"query-input":"required name=search_term_string"}],"inLanguage":"hr"},{"@type":"Organization","@id":"https:\/\/www.opuzen.hr\/grad\/#organization","name":"Grad Opuzen","url":"https:\/\/www.opuzen.hr\/grad\/","logo":{"@type":"ImageObject","inLanguage":"hr","@id":"https:\/\/www.opuzen.hr\/grad\/#\/schema\/logo\/image\/","url":"https:\/\/www.opuzen.hr\/grad\/wp-content\/uploads\/2018\/02\/logo-opuzen.jpg","contentUrl":"https:\/\/www.opuzen.hr\/grad\/wp-content\/uploads\/2018\/02\/logo-opuzen.jpg","width":400,"height":400,"caption":"Grad Opuzen"},"image":{"@id":"https:\/\/www.opuzen.hr\/grad\/#\/schema\/logo\/image\/"}},{"@type":"Person","@id":"https:\/\/www.opuzen.hr\/grad\/#\/schema\/person\/0a17a9796898e9409a1fa4ca7448a481","name":"Grad Opuzen","image":{"@type":"ImageObject","inLanguage":"hr","@id":"https:\/\/www.opuzen.hr\/grad\/#\/schema\/person\/image\/","url":"https:\/\/secure.gravatar.com\/avatar\/0c54089de4fcf14c0fe3355109a3ac05?s=96&d=mm&r=g","contentUrl":"https:\/\/secure.gravatar.com\/avatar\/0c54089de4fcf14c0fe3355109a3ac05?s=96&d=mm&r=g","caption":"Grad Opuzen"},"url":"https:\/\/www.opuzen.hr\/grad\/author\/admin\/"}]}},"_links":{"self":[{"href":"https:\/\/www.opuzen.hr\/grad\/wp-json\/wp\/v2\/posts\/3376"}],"collection":[{"href":"https:\/\/www.opuzen.hr\/grad\/wp-json\/wp\/v2\/posts"}],"about":[{"href":"https:\/\/www.opuzen.hr\/grad\/wp-json\/wp\/v2\/types\/post"}],"author":[{"embeddable":true,"href":"https:\/\/www.opuzen.hr\/grad\/wp-json\/wp\/v2\/users\/3"}],"replies":[{"embeddable":true,"href":"https:\/\/www.opuzen.hr\/grad\/wp-json\/wp\/v2\/comments?post=3376"}],"version-history":[{"count":5,"href":"https:\/\/www.opuzen.hr\/grad\/wp-json\/wp\/v2\/posts\/3376\/revisions"}],"predecessor-version":[{"id":3399,"href":"https:\/\/www.opuzen.hr\/grad\/wp-json\/wp\/v2\/posts\/3376\/revisions\/3399"}],"wp:featuredmedia":[{"embeddable":true,"href":"https:\/\/www.opuzen.hr\/grad\/wp-json\/wp\/v2\/media\/3377"}],"wp:attachment":[{"href":"https:\/\/www.opuzen.hr\/grad\/wp-json\/wp\/v2\/media?parent=3376"}],"wp:term":[{"taxonomy":"category","embeddable":true,"href":"https:\/\/www.opuzen.hr\/grad\/wp-json\/wp\/v2\/categories?post=3376"},{"taxonomy":"post_tag","embeddable":true,"href":"https:\/\/www.opuzen.hr\/grad\/wp-json\/wp\/v2\/tags?post=3376"}],"curies":[{"name":"wp","href":"https:\/\/api.w.org\/{rel}","templated":true}]}}