{"id":3420,"date":"2019-02-20T10:13:24","date_gmt":"2019-02-20T09:13:24","guid":{"rendered":"https:\/\/www.opuzen.hr\/grad\/?p=3420"},"modified":"2023-10-12T13:29:49","modified_gmt":"2023-10-12T11:29:49","slug":"poziv-za-dostavu-podatka-za-utvrdivanje-poreza-na-kuce-za-odmor-za-2019-godinu","status":"publish","type":"post","link":"https:\/\/www.opuzen.hr\/grad\/poziv-za-dostavu-podatka-za-utvrdivanje-poreza-na-kuce-za-odmor-za-2019-godinu\/","title":{"rendered":"Poziv za dostavu podatka za utvr\u0111ivanje poreza na ku\u0107e za odmor za 2019. godinu"},"content":{"rendered":"<p>Na temelju \u010dlanka 20. Zakona o lokalnim porezima (\u201cNarodne novine\u201d, broj: 115\/16 i 101\/17) i Odluke o porezima Grada Opuzena (\u201cSlu\u017ebeni glasnik Grada Opuzena\u201d, broj 5\/13), Jedinstveni upravni odjel Grada Opuzena objavljuje Poziv za dostavu podatka za utvr\u0111ivanje poreza na ku\u0107e za odmor za 2019. godinu<!--more--><\/p>\n<p>Pozivaju se svi vlasnici ku\u0107a za odmor na podru\u010dju grada Opuzena da do 31. o\u017eujka 2019. godine dostave prijavu podataka o ku\u0107i za odmor radi utvr\u0111ivanja poreza na ku\u0107e za odmor u 2019. godini.<\/p>\n<p>Prema \u010dlanku 25. Zakona o lokalnim porezima i \u010dlanku 7. Odluke o porezima Grada Opuzena, propisano je da je obveznik poreza na ku\u0107u za odmor pravna ili fizi\u010dka osoba koja je vlasnik ku\u0107e za odmor na podru\u010dju grada Opuzena. Vlasnikom, odnosno suvlasnikom, smatra se i osoba koja je izvanknji\u017eni vlasnik odnosno suvlasnik ukoliko se to mo\u017ee utvrditi drugim dokazima kojima se mo\u017ee dokazati da je netko stekao nekretninu pravnim poslom, odlukom suda, naslje\u0111ivanjem i na temelju zakona, a nije uknji\u017een u zemlji\u0161nim knjigama. Suvlasnici ku\u0107e za odmor su obveznici poreza na ku\u0107e za odmor u razmjeru koji odgovara njihovim suvlasni\u010dkim dijelovima odnosno u onom dijelu koji je fizi\u010dkom razdiobom pripao pojedinom suvlasniku.<\/p>\n<p>Ku\u0107om za odmor smatra se svaka zgrada ili dio zgrade (stan) koji se koristi povremeno ili sezonski. Ku\u0107om za odmor ne smatraju se gospodarske zgrade koje slu\u017ee za smje\u0161taj poljoprivrednih strojeva, oru\u0111a i drugog pribora.<br \/>\nPorez na ku\u0107u za odmor, prema Zakonu, ne pla\u0107a se na ku\u0107e za odmor koje se ne mogu koristiti zbog ratnih razaranja i prirodnih nepogoda (poplava, po\u017ear, potres) te starosti i tro\u0161nosti.<br \/>\nPorez na ku\u0107u za odmor pla\u0107a se prema \u010detvornom metru korisne povr\u0161ine sukladno \u010dlanku 8. Odluke o porezima Grada Opuzena.<\/p>\n<p>Za nepodno\u0161enje prijave s podacima nu\u017enim za utvr\u0111ivanje poreza predvi\u0111ene su nov\u010dane kazne sukladno \u010dlanku 56. Zakona o lokalnim porezima.<\/p>\n<p>Obrazac prijave mo\u017ee se podi\u0107i u Gradu Opuzenu, Trg kralja Tomislava 1, 20355 Opuzen ili na internet stranici <a href=\"http:\/\/www.opuzen.hr\">www.opuzen.hr<\/a>.<\/p>\n<p>Molimo da prilo\u017eeni obrazac popunite te ga, sa popratnom dokumentacijom, dostavite u pisarnicu Grada Opuzena, po\u0161tom na adresu Grad Opuzen, Trg kralja Tomislava 1, 20355 Opuzen ili na e-mail adresu <a href=\"&#109;&#97;&#x69;l&#116;&#x6f;&#x3a;o&#112;&#x75;&#x7a;e&#110;&#x40;&#x6f;p&#117;&#x7a;&#x65;n&#46;&#x68;&#x72;\">o&#112;&#117;&#x7a;&#x65;&#x6e;&#64;o&#112;&#117;&#x7a;&#x65;&#x6e;&#46;&#104;&#114;<\/a>.<\/p>\n<h5><strong>Putem priloga mo\u017eete preuzeti Poziv i obrazac.<\/strong><\/h5>\n<p>&nbsp;<\/p>\n<!-- WP Attachments -->\r\n        <div style=\"width:100%;margin:10px 0 10px 0;\">\r\n            <h3>Prilozi sadr\u017eaju:<\/h3>\r\n        <ul class=\"post-attachments\"><li class=\"post-attachment mime-application-pdf\">                                \r\n<a target=\"_blank\" href=\"https:\/\/www.opuzen.hr\/grad\/poziv-za-dostavu-podatka-za-utvrdivanje-poreza-na-kuce-za-odmor-za-2019-godinu\/?download=3423\">Poziv za dostavu podatka za utvr\u0111ivanje poreza na ku\u0107e za odmor za 2019. godinu<\/a><div style=\"float:right;\">124 kB \/ Preuzeto: 406<\/div>\r\n<br><small><\/small><\/li><li class=\"post-attachment mime-application-msword\">                                \r\n<a target=\"_blank\" href=\"https:\/\/www.opuzen.hr\/grad\/poziv-za-dostavu-podatka-za-utvrdivanje-poreza-na-kuce-za-odmor-za-2019-godinu\/?download=3424\">Prijava poreza na ku\u0107u za odmor Grad Opuzen<\/a><div style=\"float:right;\">37 kB \/ Preuzeto: 487<\/div>\r\n<br><small><\/small><\/li><\/ul><\/div>","protected":false},"excerpt":{"rendered":"<p>Na temelju \u010dlanka 20. Zakona o lokalnim porezima (\u201cNarodne novine\u201d, broj: 115\/16 i 101\/17) i&#8230;<\/p>\n","protected":false},"author":3,"featured_media":3421,"comment_status":"closed","ping_status":"closed","sticky":false,"template":"","format":"standard","meta":{"footnotes":""},"categories":[4,3,226],"tags":[],"class_list":["post-3420","post","type-post","status-publish","format-standard","has-post-thumbnail","hentry","category-novosti","category-obavijesti-gradanima","category-pozivi","wpcat-4-id","wpcat-3-id","wpcat-226-id"],"yoast_head":"<!-- This site is optimized with the Yoast SEO plugin v23.1 - https:\/\/yoast.com\/wordpress\/plugins\/seo\/ -->\n<title>Poziv za dostavu podatka za utvr\u0111ivanje poreza na ku\u0107e za odmor za 2019. godinu - Grad Opuzen<\/title>\n<meta name=\"robots\" content=\"index, follow, max-snippet:-1, max-image-preview:large, max-video-preview:-1\" \/>\n<link rel=\"canonical\" href=\"https:\/\/www.opuzen.hr\/grad\/poziv-za-dostavu-podatka-za-utvrdivanje-poreza-na-kuce-za-odmor-za-2019-godinu\/\" \/>\n<meta property=\"og:locale\" content=\"hr_HR\" \/>\n<meta property=\"og:type\" content=\"article\" \/>\n<meta property=\"og:title\" content=\"Poziv za dostavu podatka za utvr\u0111ivanje poreza na ku\u0107e za odmor za 2019. godinu - Grad Opuzen\" \/>\n<meta property=\"og:description\" content=\"Na temelju \u010dlanka 20. Zakona o lokalnim porezima (\u201cNarodne novine\u201d, broj: 115\/16 i 101\/17) i...\" \/>\n<meta property=\"og:url\" content=\"https:\/\/www.opuzen.hr\/grad\/poziv-za-dostavu-podatka-za-utvrdivanje-poreza-na-kuce-za-odmor-za-2019-godinu\/\" \/>\n<meta property=\"og:site_name\" content=\"Grad Opuzen\" \/>\n<meta property=\"article:published_time\" content=\"2019-02-20T09:13:24+00:00\" \/>\n<meta property=\"article:modified_time\" content=\"2023-10-12T11:29:49+00:00\" \/>\n<meta property=\"og:image\" content=\"https:\/\/www.opuzen.hr\/grad\/wp-content\/uploads\/2019\/02\/obveze-iznajmljiva\u010da.jpg\" \/>\n\t<meta property=\"og:image:width\" content=\"847\" \/>\n\t<meta property=\"og:image:height\" content=\"565\" \/>\n\t<meta property=\"og:image:type\" content=\"image\/jpeg\" \/>\n<meta name=\"author\" content=\"Grad Opuzen\" \/>\n<meta name=\"twitter:card\" content=\"summary_large_image\" \/>\n<meta name=\"twitter:label1\" content=\"Napisao\/la\" \/>\n\t<meta name=\"twitter:data1\" content=\"Grad Opuzen\" \/>\n\t<meta name=\"twitter:label2\" content=\"Procijenjeno vrijeme \u010ditanja\" \/>\n\t<meta name=\"twitter:data2\" content=\"2 minute\" \/>\n<script type=\"application\/ld+json\" class=\"yoast-schema-graph\">{\"@context\":\"https:\/\/schema.org\",\"@graph\":[{\"@type\":\"Article\",\"@id\":\"https:\/\/www.opuzen.hr\/grad\/poziv-za-dostavu-podatka-za-utvrdivanje-poreza-na-kuce-za-odmor-za-2019-godinu\/#article\",\"isPartOf\":{\"@id\":\"https:\/\/www.opuzen.hr\/grad\/poziv-za-dostavu-podatka-za-utvrdivanje-poreza-na-kuce-za-odmor-za-2019-godinu\/\"},\"author\":{\"name\":\"Grad Opuzen\",\"@id\":\"https:\/\/www.opuzen.hr\/grad\/#\/schema\/person\/0a17a9796898e9409a1fa4ca7448a481\"},\"headline\":\"Poziv za dostavu podatka za utvr\u0111ivanje poreza na ku\u0107e za odmor za 2019. godinu\",\"datePublished\":\"2019-02-20T09:13:24+00:00\",\"dateModified\":\"2023-10-12T11:29:49+00:00\",\"mainEntityOfPage\":{\"@id\":\"https:\/\/www.opuzen.hr\/grad\/poziv-za-dostavu-podatka-za-utvrdivanje-poreza-na-kuce-za-odmor-za-2019-godinu\/\"},\"wordCount\":406,\"publisher\":{\"@id\":\"https:\/\/www.opuzen.hr\/grad\/#organization\"},\"image\":{\"@id\":\"https:\/\/www.opuzen.hr\/grad\/poziv-za-dostavu-podatka-za-utvrdivanje-poreza-na-kuce-za-odmor-za-2019-godinu\/#primaryimage\"},\"thumbnailUrl\":\"https:\/\/www.opuzen.hr\/grad\/wp-content\/uploads\/2019\/02\/obveze-iznajmljiva\u010da.jpg\",\"articleSection\":[\"Novosti\",\"Obavijesti gra\u0111anima\",\"Pozivi\"],\"inLanguage\":\"hr\"},{\"@type\":\"WebPage\",\"@id\":\"https:\/\/www.opuzen.hr\/grad\/poziv-za-dostavu-podatka-za-utvrdivanje-poreza-na-kuce-za-odmor-za-2019-godinu\/\",\"url\":\"https:\/\/www.opuzen.hr\/grad\/poziv-za-dostavu-podatka-za-utvrdivanje-poreza-na-kuce-za-odmor-za-2019-godinu\/\",\"name\":\"Poziv za dostavu podatka za utvr\u0111ivanje poreza na ku\u0107e za odmor za 2019. godinu - Grad Opuzen\",\"isPartOf\":{\"@id\":\"https:\/\/www.opuzen.hr\/grad\/#website\"},\"primaryImageOfPage\":{\"@id\":\"https:\/\/www.opuzen.hr\/grad\/poziv-za-dostavu-podatka-za-utvrdivanje-poreza-na-kuce-za-odmor-za-2019-godinu\/#primaryimage\"},\"image\":{\"@id\":\"https:\/\/www.opuzen.hr\/grad\/poziv-za-dostavu-podatka-za-utvrdivanje-poreza-na-kuce-za-odmor-za-2019-godinu\/#primaryimage\"},\"thumbnailUrl\":\"https:\/\/www.opuzen.hr\/grad\/wp-content\/uploads\/2019\/02\/obveze-iznajmljiva\u010da.jpg\",\"datePublished\":\"2019-02-20T09:13:24+00:00\",\"dateModified\":\"2023-10-12T11:29:49+00:00\",\"breadcrumb\":{\"@id\":\"https:\/\/www.opuzen.hr\/grad\/poziv-za-dostavu-podatka-za-utvrdivanje-poreza-na-kuce-za-odmor-za-2019-godinu\/#breadcrumb\"},\"inLanguage\":\"hr\",\"potentialAction\":[{\"@type\":\"ReadAction\",\"target\":[\"https:\/\/www.opuzen.hr\/grad\/poziv-za-dostavu-podatka-za-utvrdivanje-poreza-na-kuce-za-odmor-za-2019-godinu\/\"]}]},{\"@type\":\"ImageObject\",\"inLanguage\":\"hr\",\"@id\":\"https:\/\/www.opuzen.hr\/grad\/poziv-za-dostavu-podatka-za-utvrdivanje-poreza-na-kuce-za-odmor-za-2019-godinu\/#primaryimage\",\"url\":\"https:\/\/www.opuzen.hr\/grad\/wp-content\/uploads\/2019\/02\/obveze-iznajmljiva\u010da.jpg\",\"contentUrl\":\"https:\/\/www.opuzen.hr\/grad\/wp-content\/uploads\/2019\/02\/obveze-iznajmljiva\u010da.jpg\",\"width\":847,\"height\":565,\"caption\":\"95383767 - close-up of a house model with red roof on sandy beach\"},{\"@type\":\"BreadcrumbList\",\"@id\":\"https:\/\/www.opuzen.hr\/grad\/poziv-za-dostavu-podatka-za-utvrdivanje-poreza-na-kuce-za-odmor-za-2019-godinu\/#breadcrumb\",\"itemListElement\":[{\"@type\":\"ListItem\",\"position\":1,\"name\":\"Po\u010detna stranica\",\"item\":\"https:\/\/www.opuzen.hr\/grad\/\"},{\"@type\":\"ListItem\",\"position\":2,\"name\":\"Poziv za dostavu podatka za utvr\u0111ivanje poreza na ku\u0107e za odmor za 2019. godinu\"}]},{\"@type\":\"WebSite\",\"@id\":\"https:\/\/www.opuzen.hr\/grad\/#website\",\"url\":\"https:\/\/www.opuzen.hr\/grad\/\",\"name\":\"Grad Opuzen\",\"description\":\"Slu\u017ebene mre\u017ene stranice Grada Opuzena\",\"publisher\":{\"@id\":\"https:\/\/www.opuzen.hr\/grad\/#organization\"},\"potentialAction\":[{\"@type\":\"SearchAction\",\"target\":{\"@type\":\"EntryPoint\",\"urlTemplate\":\"https:\/\/www.opuzen.hr\/grad\/?s={search_term_string}\"},\"query-input\":\"required name=search_term_string\"}],\"inLanguage\":\"hr\"},{\"@type\":\"Organization\",\"@id\":\"https:\/\/www.opuzen.hr\/grad\/#organization\",\"name\":\"Grad Opuzen\",\"url\":\"https:\/\/www.opuzen.hr\/grad\/\",\"logo\":{\"@type\":\"ImageObject\",\"inLanguage\":\"hr\",\"@id\":\"https:\/\/www.opuzen.hr\/grad\/#\/schema\/logo\/image\/\",\"url\":\"https:\/\/www.opuzen.hr\/grad\/wp-content\/uploads\/2018\/02\/logo-opuzen.jpg\",\"contentUrl\":\"https:\/\/www.opuzen.hr\/grad\/wp-content\/uploads\/2018\/02\/logo-opuzen.jpg\",\"width\":400,\"height\":400,\"caption\":\"Grad Opuzen\"},\"image\":{\"@id\":\"https:\/\/www.opuzen.hr\/grad\/#\/schema\/logo\/image\/\"}},{\"@type\":\"Person\",\"@id\":\"https:\/\/www.opuzen.hr\/grad\/#\/schema\/person\/0a17a9796898e9409a1fa4ca7448a481\",\"name\":\"Grad Opuzen\",\"image\":{\"@type\":\"ImageObject\",\"inLanguage\":\"hr\",\"@id\":\"https:\/\/www.opuzen.hr\/grad\/#\/schema\/person\/image\/\",\"url\":\"https:\/\/secure.gravatar.com\/avatar\/0c54089de4fcf14c0fe3355109a3ac05?s=96&d=mm&r=g\",\"contentUrl\":\"https:\/\/secure.gravatar.com\/avatar\/0c54089de4fcf14c0fe3355109a3ac05?s=96&d=mm&r=g\",\"caption\":\"Grad Opuzen\"},\"url\":\"https:\/\/www.opuzen.hr\/grad\/author\/admin\/\"}]}<\/script>\n<!-- \/ Yoast SEO plugin. -->","yoast_head_json":{"title":"Poziv za dostavu podatka za utvr\u0111ivanje poreza na ku\u0107e za odmor za 2019. godinu - Grad Opuzen","robots":{"index":"index","follow":"follow","max-snippet":"max-snippet:-1","max-image-preview":"max-image-preview:large","max-video-preview":"max-video-preview:-1"},"canonical":"https:\/\/www.opuzen.hr\/grad\/poziv-za-dostavu-podatka-za-utvrdivanje-poreza-na-kuce-za-odmor-za-2019-godinu\/","og_locale":"hr_HR","og_type":"article","og_title":"Poziv za dostavu podatka za utvr\u0111ivanje poreza na ku\u0107e za odmor za 2019. godinu - Grad Opuzen","og_description":"Na temelju \u010dlanka 20. Zakona o lokalnim porezima (\u201cNarodne novine\u201d, broj: 115\/16 i 101\/17) i...","og_url":"https:\/\/www.opuzen.hr\/grad\/poziv-za-dostavu-podatka-za-utvrdivanje-poreza-na-kuce-za-odmor-za-2019-godinu\/","og_site_name":"Grad Opuzen","article_published_time":"2019-02-20T09:13:24+00:00","article_modified_time":"2023-10-12T11:29:49+00:00","og_image":[{"width":847,"height":565,"url":"https:\/\/www.opuzen.hr\/grad\/wp-content\/uploads\/2019\/02\/obveze-iznajmljiva\u010da.jpg","type":"image\/jpeg"}],"author":"Grad Opuzen","twitter_card":"summary_large_image","twitter_misc":{"Napisao\/la":"Grad Opuzen","Procijenjeno vrijeme \u010ditanja":"2 minute"},"schema":{"@context":"https:\/\/schema.org","@graph":[{"@type":"Article","@id":"https:\/\/www.opuzen.hr\/grad\/poziv-za-dostavu-podatka-za-utvrdivanje-poreza-na-kuce-za-odmor-za-2019-godinu\/#article","isPartOf":{"@id":"https:\/\/www.opuzen.hr\/grad\/poziv-za-dostavu-podatka-za-utvrdivanje-poreza-na-kuce-za-odmor-za-2019-godinu\/"},"author":{"name":"Grad Opuzen","@id":"https:\/\/www.opuzen.hr\/grad\/#\/schema\/person\/0a17a9796898e9409a1fa4ca7448a481"},"headline":"Poziv za dostavu podatka za utvr\u0111ivanje poreza na ku\u0107e za odmor za 2019. godinu","datePublished":"2019-02-20T09:13:24+00:00","dateModified":"2023-10-12T11:29:49+00:00","mainEntityOfPage":{"@id":"https:\/\/www.opuzen.hr\/grad\/poziv-za-dostavu-podatka-za-utvrdivanje-poreza-na-kuce-za-odmor-za-2019-godinu\/"},"wordCount":406,"publisher":{"@id":"https:\/\/www.opuzen.hr\/grad\/#organization"},"image":{"@id":"https:\/\/www.opuzen.hr\/grad\/poziv-za-dostavu-podatka-za-utvrdivanje-poreza-na-kuce-za-odmor-za-2019-godinu\/#primaryimage"},"thumbnailUrl":"https:\/\/www.opuzen.hr\/grad\/wp-content\/uploads\/2019\/02\/obveze-iznajmljiva\u010da.jpg","articleSection":["Novosti","Obavijesti gra\u0111anima","Pozivi"],"inLanguage":"hr"},{"@type":"WebPage","@id":"https:\/\/www.opuzen.hr\/grad\/poziv-za-dostavu-podatka-za-utvrdivanje-poreza-na-kuce-za-odmor-za-2019-godinu\/","url":"https:\/\/www.opuzen.hr\/grad\/poziv-za-dostavu-podatka-za-utvrdivanje-poreza-na-kuce-za-odmor-za-2019-godinu\/","name":"Poziv za dostavu podatka za utvr\u0111ivanje poreza na ku\u0107e za odmor za 2019. godinu - Grad Opuzen","isPartOf":{"@id":"https:\/\/www.opuzen.hr\/grad\/#website"},"primaryImageOfPage":{"@id":"https:\/\/www.opuzen.hr\/grad\/poziv-za-dostavu-podatka-za-utvrdivanje-poreza-na-kuce-za-odmor-za-2019-godinu\/#primaryimage"},"image":{"@id":"https:\/\/www.opuzen.hr\/grad\/poziv-za-dostavu-podatka-za-utvrdivanje-poreza-na-kuce-za-odmor-za-2019-godinu\/#primaryimage"},"thumbnailUrl":"https:\/\/www.opuzen.hr\/grad\/wp-content\/uploads\/2019\/02\/obveze-iznajmljiva\u010da.jpg","datePublished":"2019-02-20T09:13:24+00:00","dateModified":"2023-10-12T11:29:49+00:00","breadcrumb":{"@id":"https:\/\/www.opuzen.hr\/grad\/poziv-za-dostavu-podatka-za-utvrdivanje-poreza-na-kuce-za-odmor-za-2019-godinu\/#breadcrumb"},"inLanguage":"hr","potentialAction":[{"@type":"ReadAction","target":["https:\/\/www.opuzen.hr\/grad\/poziv-za-dostavu-podatka-za-utvrdivanje-poreza-na-kuce-za-odmor-za-2019-godinu\/"]}]},{"@type":"ImageObject","inLanguage":"hr","@id":"https:\/\/www.opuzen.hr\/grad\/poziv-za-dostavu-podatka-za-utvrdivanje-poreza-na-kuce-za-odmor-za-2019-godinu\/#primaryimage","url":"https:\/\/www.opuzen.hr\/grad\/wp-content\/uploads\/2019\/02\/obveze-iznajmljiva\u010da.jpg","contentUrl":"https:\/\/www.opuzen.hr\/grad\/wp-content\/uploads\/2019\/02\/obveze-iznajmljiva\u010da.jpg","width":847,"height":565,"caption":"95383767 - close-up of a house model with red roof on sandy beach"},{"@type":"BreadcrumbList","@id":"https:\/\/www.opuzen.hr\/grad\/poziv-za-dostavu-podatka-za-utvrdivanje-poreza-na-kuce-za-odmor-za-2019-godinu\/#breadcrumb","itemListElement":[{"@type":"ListItem","position":1,"name":"Po\u010detna stranica","item":"https:\/\/www.opuzen.hr\/grad\/"},{"@type":"ListItem","position":2,"name":"Poziv za dostavu podatka za utvr\u0111ivanje poreza na ku\u0107e za odmor za 2019. godinu"}]},{"@type":"WebSite","@id":"https:\/\/www.opuzen.hr\/grad\/#website","url":"https:\/\/www.opuzen.hr\/grad\/","name":"Grad Opuzen","description":"Slu\u017ebene mre\u017ene stranice Grada Opuzena","publisher":{"@id":"https:\/\/www.opuzen.hr\/grad\/#organization"},"potentialAction":[{"@type":"SearchAction","target":{"@type":"EntryPoint","urlTemplate":"https:\/\/www.opuzen.hr\/grad\/?s={search_term_string}"},"query-input":"required name=search_term_string"}],"inLanguage":"hr"},{"@type":"Organization","@id":"https:\/\/www.opuzen.hr\/grad\/#organization","name":"Grad Opuzen","url":"https:\/\/www.opuzen.hr\/grad\/","logo":{"@type":"ImageObject","inLanguage":"hr","@id":"https:\/\/www.opuzen.hr\/grad\/#\/schema\/logo\/image\/","url":"https:\/\/www.opuzen.hr\/grad\/wp-content\/uploads\/2018\/02\/logo-opuzen.jpg","contentUrl":"https:\/\/www.opuzen.hr\/grad\/wp-content\/uploads\/2018\/02\/logo-opuzen.jpg","width":400,"height":400,"caption":"Grad Opuzen"},"image":{"@id":"https:\/\/www.opuzen.hr\/grad\/#\/schema\/logo\/image\/"}},{"@type":"Person","@id":"https:\/\/www.opuzen.hr\/grad\/#\/schema\/person\/0a17a9796898e9409a1fa4ca7448a481","name":"Grad Opuzen","image":{"@type":"ImageObject","inLanguage":"hr","@id":"https:\/\/www.opuzen.hr\/grad\/#\/schema\/person\/image\/","url":"https:\/\/secure.gravatar.com\/avatar\/0c54089de4fcf14c0fe3355109a3ac05?s=96&d=mm&r=g","contentUrl":"https:\/\/secure.gravatar.com\/avatar\/0c54089de4fcf14c0fe3355109a3ac05?s=96&d=mm&r=g","caption":"Grad Opuzen"},"url":"https:\/\/www.opuzen.hr\/grad\/author\/admin\/"}]}},"_links":{"self":[{"href":"https:\/\/www.opuzen.hr\/grad\/wp-json\/wp\/v2\/posts\/3420"}],"collection":[{"href":"https:\/\/www.opuzen.hr\/grad\/wp-json\/wp\/v2\/posts"}],"about":[{"href":"https:\/\/www.opuzen.hr\/grad\/wp-json\/wp\/v2\/types\/post"}],"author":[{"embeddable":true,"href":"https:\/\/www.opuzen.hr\/grad\/wp-json\/wp\/v2\/users\/3"}],"replies":[{"embeddable":true,"href":"https:\/\/www.opuzen.hr\/grad\/wp-json\/wp\/v2\/comments?post=3420"}],"version-history":[{"count":4,"href":"https:\/\/www.opuzen.hr\/grad\/wp-json\/wp\/v2\/posts\/3420\/revisions"}],"predecessor-version":[{"id":3427,"href":"https:\/\/www.opuzen.hr\/grad\/wp-json\/wp\/v2\/posts\/3420\/revisions\/3427"}],"wp:featuredmedia":[{"embeddable":true,"href":"https:\/\/www.opuzen.hr\/grad\/wp-json\/wp\/v2\/media\/3421"}],"wp:attachment":[{"href":"https:\/\/www.opuzen.hr\/grad\/wp-json\/wp\/v2\/media?parent=3420"}],"wp:term":[{"taxonomy":"category","embeddable":true,"href":"https:\/\/www.opuzen.hr\/grad\/wp-json\/wp\/v2\/categories?post=3420"},{"taxonomy":"post_tag","embeddable":true,"href":"https:\/\/www.opuzen.hr\/grad\/wp-json\/wp\/v2\/tags?post=3420"}],"curies":[{"name":"wp","href":"https:\/\/api.w.org\/{rel}","templated":true}]}}