{"id":3529,"date":"2019-03-11T12:10:55","date_gmt":"2019-03-11T11:10:55","guid":{"rendered":"https:\/\/www.opuzen.hr\/grad\/?p=3529"},"modified":"2023-10-12T13:29:36","modified_gmt":"2023-10-12T11:29:36","slug":"otvoreno-savjetovanje-s-javnoscu-o-komunalnoj-naknadi-i-komunlanom-doprinosu","status":"publish","type":"post","link":"https:\/\/www.opuzen.hr\/grad\/otvoreno-savjetovanje-s-javnoscu-o-komunalnoj-naknadi-i-komunlanom-doprinosu\/","title":{"rendered":"Otvoreno savjetovanje s javno\u0161\u0107u o komunalnoj naknadi i komunlanom doprinosu"},"content":{"rendered":"<p>Trenuto je otvoreno savjetovanje s javno\u0161\u0107u vezano uz dono\u0161enje Odluke o komunalnoj naknadi i komunalnom doprinosu.<!--more--><\/p>\n<div class=\"icon_box_text\">\n<ul>\n<li><strong>Odluka o komunalnoj naknadi<\/strong><\/li>\n<\/ul>\n<p><strong>Po\u010detak savjetovanja<\/strong>: 11. o\u017eujka 2019. godine<br \/>\n<strong>Zavr\u0161etak savjetovanja<\/strong>: 26. o\u017eujka 2019. godine<\/p>\n<ul>\n<li><strong>Odluka o komunalnom doprinosu<\/strong><\/li>\n<\/ul>\n<p><strong>Po\u010detak savjetovanja<\/strong>: 11. o\u017eujka 2019. godine<br \/>\n<strong>Zavr\u0161etak savjetovanja<\/strong>: 26. o\u017eujka 2019. godine<\/p>\n<\/div>\n<p>Potrebne infomracije, prijedlog odluka i potrebne obrasce za sudjelovanje u savjetovanju mo\u017eete preuzeti putem poveznice: <a href=\"https:\/\/www.opuzen.hr\/grad\/transparentno\/savjetovanje-u-tijeku\/\" target=\"_blank\" rel=\"noopener noreferrer\"><strong>Savjetovanje u tijeku<\/strong><\/a><\/p>\n<p>Putem slijede\u0107e poveznice mo\u017eete saznati ne\u0161to vi\u0161e o samom postupku savjetovanja s javno\u0161\u0107u: <strong><a href=\"https:\/\/www.opuzen.hr\/grad\/transparentno\/o-postupku-savjetovanja\/\" target=\"_blank\" rel=\"noopener noreferrer\">Savjetovanje s javno\u0161\u0107u<\/a><\/strong><\/p>\n","protected":false},"excerpt":{"rendered":"<p>Trenuto je otvoreno savjetovanje s javno\u0161\u0107u vezano uz dono\u0161enje Odluke o komunalnoj naknadi i komunalnom&#8230;<\/p>\n","protected":false},"author":3,"featured_media":1407,"comment_status":"closed","ping_status":"closed","sticky":false,"template":"","format":"standard","meta":{"footnotes":""},"categories":[4,3],"tags":[314],"class_list":["post-3529","post","type-post","status-publish","format-standard","has-post-thumbnail","hentry","category-novosti","category-obavijesti-gradanima","tag-savjetovanje-s-javnoscu","wpcat-4-id","wpcat-3-id"],"yoast_head":"<!-- This site is optimized with the Yoast SEO plugin v23.1 - https:\/\/yoast.com\/wordpress\/plugins\/seo\/ -->\n<title>Otvoreno savjetovanje s javno\u0161\u0107u o komunalnoj naknadi i komunlanom doprinosu - Grad Opuzen<\/title>\n<meta name=\"robots\" content=\"index, follow, max-snippet:-1, max-image-preview:large, max-video-preview:-1\" \/>\n<link rel=\"canonical\" href=\"https:\/\/www.opuzen.hr\/grad\/otvoreno-savjetovanje-s-javnoscu-o-komunalnoj-naknadi-i-komunlanom-doprinosu\/\" \/>\n<meta property=\"og:locale\" content=\"hr_HR\" \/>\n<meta property=\"og:type\" content=\"article\" \/>\n<meta property=\"og:title\" content=\"Otvoreno savjetovanje s javno\u0161\u0107u o komunalnoj naknadi i komunlanom doprinosu - Grad Opuzen\" \/>\n<meta property=\"og:description\" content=\"Trenuto je otvoreno savjetovanje s javno\u0161\u0107u vezano uz dono\u0161enje Odluke o komunalnoj naknadi i komunalnom...\" \/>\n<meta property=\"og:url\" content=\"https:\/\/www.opuzen.hr\/grad\/otvoreno-savjetovanje-s-javnoscu-o-komunalnoj-naknadi-i-komunlanom-doprinosu\/\" \/>\n<meta property=\"og:site_name\" content=\"Grad Opuzen\" \/>\n<meta property=\"article:published_time\" content=\"2019-03-11T11:10:55+00:00\" \/>\n<meta property=\"article:modified_time\" content=\"2023-10-12T11:29:36+00:00\" \/>\n<meta property=\"og:image\" content=\"https:\/\/www.opuzen.hr\/grad\/wp-content\/uploads\/2018\/05\/e-savjetovanja.jpg\" \/>\n\t<meta property=\"og:image:width\" content=\"1200\" \/>\n\t<meta property=\"og:image:height\" content=\"800\" \/>\n\t<meta property=\"og:image:type\" content=\"image\/jpeg\" \/>\n<meta name=\"author\" content=\"Grad Opuzen\" \/>\n<meta name=\"twitter:card\" content=\"summary_large_image\" \/>\n<meta name=\"twitter:label1\" content=\"Napisao\/la\" \/>\n\t<meta name=\"twitter:data1\" content=\"Grad Opuzen\" \/>\n<script type=\"application\/ld+json\" class=\"yoast-schema-graph\">{\"@context\":\"https:\/\/schema.org\",\"@graph\":[{\"@type\":\"Article\",\"@id\":\"https:\/\/www.opuzen.hr\/grad\/otvoreno-savjetovanje-s-javnoscu-o-komunalnoj-naknadi-i-komunlanom-doprinosu\/#article\",\"isPartOf\":{\"@id\":\"https:\/\/www.opuzen.hr\/grad\/otvoreno-savjetovanje-s-javnoscu-o-komunalnoj-naknadi-i-komunlanom-doprinosu\/\"},\"author\":{\"name\":\"Grad Opuzen\",\"@id\":\"https:\/\/www.opuzen.hr\/grad\/#\/schema\/person\/0a17a9796898e9409a1fa4ca7448a481\"},\"headline\":\"Otvoreno savjetovanje s javno\u0161\u0107u o komunalnoj naknadi i komunlanom doprinosu\",\"datePublished\":\"2019-03-11T11:10:55+00:00\",\"dateModified\":\"2023-10-12T11:29:36+00:00\",\"mainEntityOfPage\":{\"@id\":\"https:\/\/www.opuzen.hr\/grad\/otvoreno-savjetovanje-s-javnoscu-o-komunalnoj-naknadi-i-komunlanom-doprinosu\/\"},\"wordCount\":102,\"publisher\":{\"@id\":\"https:\/\/www.opuzen.hr\/grad\/#organization\"},\"image\":{\"@id\":\"https:\/\/www.opuzen.hr\/grad\/otvoreno-savjetovanje-s-javnoscu-o-komunalnoj-naknadi-i-komunlanom-doprinosu\/#primaryimage\"},\"thumbnailUrl\":\"https:\/\/www.opuzen.hr\/grad\/wp-content\/uploads\/2018\/05\/e-savjetovanja.jpg\",\"keywords\":[\"Savjetovanje s javno\u0161\u0107u\"],\"articleSection\":[\"Novosti\",\"Obavijesti gra\u0111anima\"],\"inLanguage\":\"hr\"},{\"@type\":\"WebPage\",\"@id\":\"https:\/\/www.opuzen.hr\/grad\/otvoreno-savjetovanje-s-javnoscu-o-komunalnoj-naknadi-i-komunlanom-doprinosu\/\",\"url\":\"https:\/\/www.opuzen.hr\/grad\/otvoreno-savjetovanje-s-javnoscu-o-komunalnoj-naknadi-i-komunlanom-doprinosu\/\",\"name\":\"Otvoreno savjetovanje s javno\u0161\u0107u o komunalnoj naknadi i komunlanom doprinosu - Grad Opuzen\",\"isPartOf\":{\"@id\":\"https:\/\/www.opuzen.hr\/grad\/#website\"},\"primaryImageOfPage\":{\"@id\":\"https:\/\/www.opuzen.hr\/grad\/otvoreno-savjetovanje-s-javnoscu-o-komunalnoj-naknadi-i-komunlanom-doprinosu\/#primaryimage\"},\"image\":{\"@id\":\"https:\/\/www.opuzen.hr\/grad\/otvoreno-savjetovanje-s-javnoscu-o-komunalnoj-naknadi-i-komunlanom-doprinosu\/#primaryimage\"},\"thumbnailUrl\":\"https:\/\/www.opuzen.hr\/grad\/wp-content\/uploads\/2018\/05\/e-savjetovanja.jpg\",\"datePublished\":\"2019-03-11T11:10:55+00:00\",\"dateModified\":\"2023-10-12T11:29:36+00:00\",\"breadcrumb\":{\"@id\":\"https:\/\/www.opuzen.hr\/grad\/otvoreno-savjetovanje-s-javnoscu-o-komunalnoj-naknadi-i-komunlanom-doprinosu\/#breadcrumb\"},\"inLanguage\":\"hr\",\"potentialAction\":[{\"@type\":\"ReadAction\",\"target\":[\"https:\/\/www.opuzen.hr\/grad\/otvoreno-savjetovanje-s-javnoscu-o-komunalnoj-naknadi-i-komunlanom-doprinosu\/\"]}]},{\"@type\":\"ImageObject\",\"inLanguage\":\"hr\",\"@id\":\"https:\/\/www.opuzen.hr\/grad\/otvoreno-savjetovanje-s-javnoscu-o-komunalnoj-naknadi-i-komunlanom-doprinosu\/#primaryimage\",\"url\":\"https:\/\/www.opuzen.hr\/grad\/wp-content\/uploads\/2018\/05\/e-savjetovanja.jpg\",\"contentUrl\":\"https:\/\/www.opuzen.hr\/grad\/wp-content\/uploads\/2018\/05\/e-savjetovanja.jpg\",\"width\":1200,\"height\":800},{\"@type\":\"BreadcrumbList\",\"@id\":\"https:\/\/www.opuzen.hr\/grad\/otvoreno-savjetovanje-s-javnoscu-o-komunalnoj-naknadi-i-komunlanom-doprinosu\/#breadcrumb\",\"itemListElement\":[{\"@type\":\"ListItem\",\"position\":1,\"name\":\"Po\u010detna stranica\",\"item\":\"https:\/\/www.opuzen.hr\/grad\/\"},{\"@type\":\"ListItem\",\"position\":2,\"name\":\"Otvoreno savjetovanje s javno\u0161\u0107u o komunalnoj naknadi i komunlanom doprinosu\"}]},{\"@type\":\"WebSite\",\"@id\":\"https:\/\/www.opuzen.hr\/grad\/#website\",\"url\":\"https:\/\/www.opuzen.hr\/grad\/\",\"name\":\"Grad Opuzen\",\"description\":\"Slu\u017ebene mre\u017ene stranice Grada Opuzena\",\"publisher\":{\"@id\":\"https:\/\/www.opuzen.hr\/grad\/#organization\"},\"potentialAction\":[{\"@type\":\"SearchAction\",\"target\":{\"@type\":\"EntryPoint\",\"urlTemplate\":\"https:\/\/www.opuzen.hr\/grad\/?s={search_term_string}\"},\"query-input\":\"required name=search_term_string\"}],\"inLanguage\":\"hr\"},{\"@type\":\"Organization\",\"@id\":\"https:\/\/www.opuzen.hr\/grad\/#organization\",\"name\":\"Grad Opuzen\",\"url\":\"https:\/\/www.opuzen.hr\/grad\/\",\"logo\":{\"@type\":\"ImageObject\",\"inLanguage\":\"hr\",\"@id\":\"https:\/\/www.opuzen.hr\/grad\/#\/schema\/logo\/image\/\",\"url\":\"https:\/\/www.opuzen.hr\/grad\/wp-content\/uploads\/2018\/02\/logo-opuzen.jpg\",\"contentUrl\":\"https:\/\/www.opuzen.hr\/grad\/wp-content\/uploads\/2018\/02\/logo-opuzen.jpg\",\"width\":400,\"height\":400,\"caption\":\"Grad Opuzen\"},\"image\":{\"@id\":\"https:\/\/www.opuzen.hr\/grad\/#\/schema\/logo\/image\/\"}},{\"@type\":\"Person\",\"@id\":\"https:\/\/www.opuzen.hr\/grad\/#\/schema\/person\/0a17a9796898e9409a1fa4ca7448a481\",\"name\":\"Grad Opuzen\",\"image\":{\"@type\":\"ImageObject\",\"inLanguage\":\"hr\",\"@id\":\"https:\/\/www.opuzen.hr\/grad\/#\/schema\/person\/image\/\",\"url\":\"https:\/\/secure.gravatar.com\/avatar\/0c54089de4fcf14c0fe3355109a3ac05?s=96&d=mm&r=g\",\"contentUrl\":\"https:\/\/secure.gravatar.com\/avatar\/0c54089de4fcf14c0fe3355109a3ac05?s=96&d=mm&r=g\",\"caption\":\"Grad Opuzen\"},\"url\":\"https:\/\/www.opuzen.hr\/grad\/author\/admin\/\"}]}<\/script>\n<!-- \/ Yoast SEO plugin. -->","yoast_head_json":{"title":"Otvoreno savjetovanje s javno\u0161\u0107u o komunalnoj naknadi i komunlanom doprinosu - Grad Opuzen","robots":{"index":"index","follow":"follow","max-snippet":"max-snippet:-1","max-image-preview":"max-image-preview:large","max-video-preview":"max-video-preview:-1"},"canonical":"https:\/\/www.opuzen.hr\/grad\/otvoreno-savjetovanje-s-javnoscu-o-komunalnoj-naknadi-i-komunlanom-doprinosu\/","og_locale":"hr_HR","og_type":"article","og_title":"Otvoreno savjetovanje s javno\u0161\u0107u o komunalnoj naknadi i komunlanom doprinosu - Grad Opuzen","og_description":"Trenuto je otvoreno savjetovanje s javno\u0161\u0107u vezano uz dono\u0161enje Odluke o komunalnoj naknadi i komunalnom...","og_url":"https:\/\/www.opuzen.hr\/grad\/otvoreno-savjetovanje-s-javnoscu-o-komunalnoj-naknadi-i-komunlanom-doprinosu\/","og_site_name":"Grad Opuzen","article_published_time":"2019-03-11T11:10:55+00:00","article_modified_time":"2023-10-12T11:29:36+00:00","og_image":[{"width":1200,"height":800,"url":"https:\/\/www.opuzen.hr\/grad\/wp-content\/uploads\/2018\/05\/e-savjetovanja.jpg","type":"image\/jpeg"}],"author":"Grad Opuzen","twitter_card":"summary_large_image","twitter_misc":{"Napisao\/la":"Grad Opuzen"},"schema":{"@context":"https:\/\/schema.org","@graph":[{"@type":"Article","@id":"https:\/\/www.opuzen.hr\/grad\/otvoreno-savjetovanje-s-javnoscu-o-komunalnoj-naknadi-i-komunlanom-doprinosu\/#article","isPartOf":{"@id":"https:\/\/www.opuzen.hr\/grad\/otvoreno-savjetovanje-s-javnoscu-o-komunalnoj-naknadi-i-komunlanom-doprinosu\/"},"author":{"name":"Grad Opuzen","@id":"https:\/\/www.opuzen.hr\/grad\/#\/schema\/person\/0a17a9796898e9409a1fa4ca7448a481"},"headline":"Otvoreno savjetovanje s javno\u0161\u0107u o komunalnoj naknadi i komunlanom doprinosu","datePublished":"2019-03-11T11:10:55+00:00","dateModified":"2023-10-12T11:29:36+00:00","mainEntityOfPage":{"@id":"https:\/\/www.opuzen.hr\/grad\/otvoreno-savjetovanje-s-javnoscu-o-komunalnoj-naknadi-i-komunlanom-doprinosu\/"},"wordCount":102,"publisher":{"@id":"https:\/\/www.opuzen.hr\/grad\/#organization"},"image":{"@id":"https:\/\/www.opuzen.hr\/grad\/otvoreno-savjetovanje-s-javnoscu-o-komunalnoj-naknadi-i-komunlanom-doprinosu\/#primaryimage"},"thumbnailUrl":"https:\/\/www.opuzen.hr\/grad\/wp-content\/uploads\/2018\/05\/e-savjetovanja.jpg","keywords":["Savjetovanje s javno\u0161\u0107u"],"articleSection":["Novosti","Obavijesti gra\u0111anima"],"inLanguage":"hr"},{"@type":"WebPage","@id":"https:\/\/www.opuzen.hr\/grad\/otvoreno-savjetovanje-s-javnoscu-o-komunalnoj-naknadi-i-komunlanom-doprinosu\/","url":"https:\/\/www.opuzen.hr\/grad\/otvoreno-savjetovanje-s-javnoscu-o-komunalnoj-naknadi-i-komunlanom-doprinosu\/","name":"Otvoreno savjetovanje s javno\u0161\u0107u o komunalnoj naknadi i komunlanom doprinosu - Grad Opuzen","isPartOf":{"@id":"https:\/\/www.opuzen.hr\/grad\/#website"},"primaryImageOfPage":{"@id":"https:\/\/www.opuzen.hr\/grad\/otvoreno-savjetovanje-s-javnoscu-o-komunalnoj-naknadi-i-komunlanom-doprinosu\/#primaryimage"},"image":{"@id":"https:\/\/www.opuzen.hr\/grad\/otvoreno-savjetovanje-s-javnoscu-o-komunalnoj-naknadi-i-komunlanom-doprinosu\/#primaryimage"},"thumbnailUrl":"https:\/\/www.opuzen.hr\/grad\/wp-content\/uploads\/2018\/05\/e-savjetovanja.jpg","datePublished":"2019-03-11T11:10:55+00:00","dateModified":"2023-10-12T11:29:36+00:00","breadcrumb":{"@id":"https:\/\/www.opuzen.hr\/grad\/otvoreno-savjetovanje-s-javnoscu-o-komunalnoj-naknadi-i-komunlanom-doprinosu\/#breadcrumb"},"inLanguage":"hr","potentialAction":[{"@type":"ReadAction","target":["https:\/\/www.opuzen.hr\/grad\/otvoreno-savjetovanje-s-javnoscu-o-komunalnoj-naknadi-i-komunlanom-doprinosu\/"]}]},{"@type":"ImageObject","inLanguage":"hr","@id":"https:\/\/www.opuzen.hr\/grad\/otvoreno-savjetovanje-s-javnoscu-o-komunalnoj-naknadi-i-komunlanom-doprinosu\/#primaryimage","url":"https:\/\/www.opuzen.hr\/grad\/wp-content\/uploads\/2018\/05\/e-savjetovanja.jpg","contentUrl":"https:\/\/www.opuzen.hr\/grad\/wp-content\/uploads\/2018\/05\/e-savjetovanja.jpg","width":1200,"height":800},{"@type":"BreadcrumbList","@id":"https:\/\/www.opuzen.hr\/grad\/otvoreno-savjetovanje-s-javnoscu-o-komunalnoj-naknadi-i-komunlanom-doprinosu\/#breadcrumb","itemListElement":[{"@type":"ListItem","position":1,"name":"Po\u010detna stranica","item":"https:\/\/www.opuzen.hr\/grad\/"},{"@type":"ListItem","position":2,"name":"Otvoreno savjetovanje s javno\u0161\u0107u o komunalnoj naknadi i komunlanom doprinosu"}]},{"@type":"WebSite","@id":"https:\/\/www.opuzen.hr\/grad\/#website","url":"https:\/\/www.opuzen.hr\/grad\/","name":"Grad Opuzen","description":"Slu\u017ebene mre\u017ene stranice Grada Opuzena","publisher":{"@id":"https:\/\/www.opuzen.hr\/grad\/#organization"},"potentialAction":[{"@type":"SearchAction","target":{"@type":"EntryPoint","urlTemplate":"https:\/\/www.opuzen.hr\/grad\/?s={search_term_string}"},"query-input":"required name=search_term_string"}],"inLanguage":"hr"},{"@type":"Organization","@id":"https:\/\/www.opuzen.hr\/grad\/#organization","name":"Grad Opuzen","url":"https:\/\/www.opuzen.hr\/grad\/","logo":{"@type":"ImageObject","inLanguage":"hr","@id":"https:\/\/www.opuzen.hr\/grad\/#\/schema\/logo\/image\/","url":"https:\/\/www.opuzen.hr\/grad\/wp-content\/uploads\/2018\/02\/logo-opuzen.jpg","contentUrl":"https:\/\/www.opuzen.hr\/grad\/wp-content\/uploads\/2018\/02\/logo-opuzen.jpg","width":400,"height":400,"caption":"Grad Opuzen"},"image":{"@id":"https:\/\/www.opuzen.hr\/grad\/#\/schema\/logo\/image\/"}},{"@type":"Person","@id":"https:\/\/www.opuzen.hr\/grad\/#\/schema\/person\/0a17a9796898e9409a1fa4ca7448a481","name":"Grad Opuzen","image":{"@type":"ImageObject","inLanguage":"hr","@id":"https:\/\/www.opuzen.hr\/grad\/#\/schema\/person\/image\/","url":"https:\/\/secure.gravatar.com\/avatar\/0c54089de4fcf14c0fe3355109a3ac05?s=96&d=mm&r=g","contentUrl":"https:\/\/secure.gravatar.com\/avatar\/0c54089de4fcf14c0fe3355109a3ac05?s=96&d=mm&r=g","caption":"Grad Opuzen"},"url":"https:\/\/www.opuzen.hr\/grad\/author\/admin\/"}]}},"_links":{"self":[{"href":"https:\/\/www.opuzen.hr\/grad\/wp-json\/wp\/v2\/posts\/3529"}],"collection":[{"href":"https:\/\/www.opuzen.hr\/grad\/wp-json\/wp\/v2\/posts"}],"about":[{"href":"https:\/\/www.opuzen.hr\/grad\/wp-json\/wp\/v2\/types\/post"}],"author":[{"embeddable":true,"href":"https:\/\/www.opuzen.hr\/grad\/wp-json\/wp\/v2\/users\/3"}],"replies":[{"embeddable":true,"href":"https:\/\/www.opuzen.hr\/grad\/wp-json\/wp\/v2\/comments?post=3529"}],"version-history":[{"count":1,"href":"https:\/\/www.opuzen.hr\/grad\/wp-json\/wp\/v2\/posts\/3529\/revisions"}],"predecessor-version":[{"id":3530,"href":"https:\/\/www.opuzen.hr\/grad\/wp-json\/wp\/v2\/posts\/3529\/revisions\/3530"}],"wp:featuredmedia":[{"embeddable":true,"href":"https:\/\/www.opuzen.hr\/grad\/wp-json\/wp\/v2\/media\/1407"}],"wp:attachment":[{"href":"https:\/\/www.opuzen.hr\/grad\/wp-json\/wp\/v2\/media?parent=3529"}],"wp:term":[{"taxonomy":"category","embeddable":true,"href":"https:\/\/www.opuzen.hr\/grad\/wp-json\/wp\/v2\/categories?post=3529"},{"taxonomy":"post_tag","embeddable":true,"href":"https:\/\/www.opuzen.hr\/grad\/wp-json\/wp\/v2\/tags?post=3529"}],"curies":[{"name":"wp","href":"https:\/\/api.w.org\/{rel}","templated":true}]}}