{"id":3585,"date":"2019-04-01T08:26:00","date_gmt":"2019-04-01T06:26:00","guid":{"rendered":"https:\/\/www.opuzen.hr\/grad\/?p=3585"},"modified":"2023-10-12T13:29:36","modified_gmt":"2023-10-12T11:29:36","slug":"obavijest-o-upisu-u-program-izobrazbe-za-odrzivu-uporabu-pesticida","status":"publish","type":"post","link":"https:\/\/www.opuzen.hr\/grad\/obavijest-o-upisu-u-program-izobrazbe-za-odrzivu-uporabu-pesticida\/","title":{"rendered":"Obavijest o upisu u Program izobrazbe za odr\u017eivu uporabu pesticida"},"content":{"rendered":"<p>U\u010dili\u0161te Virtus \u2013 ustanova za obrazovanje odraslih upisuje polaznike u PROGRAM IZOBRAZBE ZA ODR\u017dIVU UPORABU PESTICIDA.<!--more--><\/p>\n<p style=\"text-align: justify;\">Sukladno Zakonu o odr\u017eivoj uporabi pesticida (NN 14\/14) sredstva za za\u0161titu bilja u poljo-ljekarnama ne mogu se kupiti bez posebne iskaznice tj. rje\u0161enja koja \u0107e poljoprivredni proizvo\u0111a\u010di dobiti nakon zavr\u0161ene edukacije. Svrha je postizanje odr\u017eive uporabe pesticida, smanjenje rizika i negativnih u\u010dinaka od uporabe pesticida na na\u010din koji osigurava visoku razinu za\u0161tite zdravlja ljudi, \u017eivotinja i okoli\u0161a te poticanje integrirane za\u0161tite bilja i primjena alternativnih metoda i tehnika poput nekemijskih mjera za\u0161tite bilja radi postizanja odr\u017eive i konkurentne poljoprivrede.<\/p>\n<p><strong>U\u010dili\u0161te Virtus provodi sljede\u0107e vrste izobrazbe:<\/strong><\/p>\n<ul>\n<li>Modul za profesionalne korisnike<\/li>\n<li>Modul za distributere<\/li>\n<li>Modul za savjetnike<\/li>\n<\/ul>\n<p><strong>U\u010dili\u0161te Virtus izvodi programe osposobljavanja za slijede\u0107a poljoprivredna zanimanja:<\/strong><\/p>\n<ul>\n<li>vo\u0111enje obiteljskog poljoprivrednog gospodarstva (opg)<\/li>\n<li>vinar-vinogradar<\/li>\n<li>maslinar<\/li>\n<li>vo\u0107ar<\/li>\n<li>p\u010delar<\/li>\n<li>proizvo\u0111a\u010d povr\u0107a<\/li>\n<li>uzgajiva\u010d i prera\u0111iva\u010d ljekovitog i aromati\u010dnog bilja<\/li>\n<li>mljekar-sirar<\/li>\n<li>proizvo\u0111a\u010d doma\u0107ih pr\u0161uta<\/li>\n<li>proizvo\u0111a\u010d alkoholnih i bezalkoholnih pi\u0107a<\/li>\n<li>rukovatelj pokretnim poljoprivrednim i \u0161umarskim strojevima<\/li>\n<li>izobrazba za odr\u017eivu uporabu pesticida<\/li>\n<\/ul>\n<p>Za vi\u0161e informacija i prijavu u program izobrazbe obratite se s povjerenjem:<\/p>\n<p><strong>Tel:<\/strong> 021\/410-018<br \/>\n<strong>Mob:<\/strong> 098\/162-5101<br \/>\n<strong>Mail:<\/strong> <a href=\"&#x6d;&#97;&#x69;&#108;t&#x6f;&#58;i&#x6e;&#102;&#x6f;&#x40;u&#x63;&#105;l&#x69;&#115;&#x74;&#x65;-&#x76;&#105;r&#x74;&#117;s&#x2e;&#104;&#x72;\">&#105;&#x6e;f&#111;&#x40;u&#99;&#x69;l&#x69;&#x73;&#116;&#x65;-&#118;&#x69;r&#116;&#x75;s&#x2e;&#x68;&#114;<\/a><br \/>\n<strong>Web:<\/strong> <a href=\"http:\/\/www.uciliste-virtus.hr\/\">http:\/\/www.uciliste-virtus.hr\/<\/a><\/p>\n","protected":false},"excerpt":{"rendered":"<p>U\u010dili\u0161te Virtus \u2013 ustanova za obrazovanje odraslih upisuje polaznike u PROGRAM IZOBRAZBE ZA ODR\u017dIVU UPORABU&#8230;<\/p>\n","protected":false},"author":3,"featured_media":3586,"comment_status":"closed","ping_status":"closed","sticky":false,"template":"","format":"standard","meta":{"footnotes":""},"categories":[4,3],"tags":[87,318],"class_list":["post-3585","post","type-post","status-publish","format-standard","has-post-thumbnail","hentry","category-novosti","category-obavijesti-gradanima","tag-obrazovanje","tag-uciliste","wpcat-4-id","wpcat-3-id"],"yoast_head":"<!-- This site is optimized with the Yoast SEO plugin v23.1 - https:\/\/yoast.com\/wordpress\/plugins\/seo\/ -->\n<title>Obavijest o upisu u Program izobrazbe za odr\u017eivu uporabu pesticida - Grad Opuzen<\/title>\n<meta name=\"robots\" content=\"index, follow, max-snippet:-1, max-image-preview:large, max-video-preview:-1\" \/>\n<link rel=\"canonical\" href=\"https:\/\/www.opuzen.hr\/grad\/obavijest-o-upisu-u-program-izobrazbe-za-odrzivu-uporabu-pesticida\/\" \/>\n<meta property=\"og:locale\" content=\"hr_HR\" \/>\n<meta property=\"og:type\" content=\"article\" \/>\n<meta property=\"og:title\" content=\"Obavijest o upisu u Program izobrazbe za odr\u017eivu uporabu pesticida - Grad Opuzen\" \/>\n<meta property=\"og:description\" content=\"U\u010dili\u0161te Virtus \u2013 ustanova za obrazovanje odraslih upisuje polaznike u PROGRAM IZOBRAZBE ZA ODR\u017dIVU UPORABU...\" \/>\n<meta property=\"og:url\" content=\"https:\/\/www.opuzen.hr\/grad\/obavijest-o-upisu-u-program-izobrazbe-za-odrzivu-uporabu-pesticida\/\" \/>\n<meta property=\"og:site_name\" content=\"Grad Opuzen\" \/>\n<meta property=\"article:published_time\" content=\"2019-04-01T06:26:00+00:00\" \/>\n<meta property=\"article:modified_time\" content=\"2023-10-12T11:29:36+00:00\" \/>\n<meta property=\"og:image\" content=\"https:\/\/www.opuzen.hr\/grad\/wp-content\/uploads\/2019\/04\/uciliste-virtus_XL.jpg\" \/>\n\t<meta property=\"og:image:width\" content=\"900\" \/>\n\t<meta property=\"og:image:height\" content=\"633\" \/>\n\t<meta property=\"og:image:type\" content=\"image\/jpeg\" \/>\n<meta name=\"author\" content=\"Grad Opuzen\" \/>\n<meta name=\"twitter:card\" content=\"summary_large_image\" \/>\n<meta name=\"twitter:label1\" content=\"Napisao\/la\" \/>\n\t<meta name=\"twitter:data1\" content=\"Grad Opuzen\" \/>\n\t<meta name=\"twitter:label2\" content=\"Procijenjeno vrijeme \u010ditanja\" \/>\n\t<meta name=\"twitter:data2\" content=\"1 minuta\" \/>\n<script type=\"application\/ld+json\" class=\"yoast-schema-graph\">{\"@context\":\"https:\/\/schema.org\",\"@graph\":[{\"@type\":\"Article\",\"@id\":\"https:\/\/www.opuzen.hr\/grad\/obavijest-o-upisu-u-program-izobrazbe-za-odrzivu-uporabu-pesticida\/#article\",\"isPartOf\":{\"@id\":\"https:\/\/www.opuzen.hr\/grad\/obavijest-o-upisu-u-program-izobrazbe-za-odrzivu-uporabu-pesticida\/\"},\"author\":{\"name\":\"Grad Opuzen\",\"@id\":\"https:\/\/www.opuzen.hr\/grad\/#\/schema\/person\/0a17a9796898e9409a1fa4ca7448a481\"},\"headline\":\"Obavijest o upisu u Program izobrazbe za odr\u017eivu uporabu pesticida\",\"datePublished\":\"2019-04-01T06:26:00+00:00\",\"dateModified\":\"2023-10-12T11:29:36+00:00\",\"mainEntityOfPage\":{\"@id\":\"https:\/\/www.opuzen.hr\/grad\/obavijest-o-upisu-u-program-izobrazbe-za-odrzivu-uporabu-pesticida\/\"},\"wordCount\":229,\"publisher\":{\"@id\":\"https:\/\/www.opuzen.hr\/grad\/#organization\"},\"image\":{\"@id\":\"https:\/\/www.opuzen.hr\/grad\/obavijest-o-upisu-u-program-izobrazbe-za-odrzivu-uporabu-pesticida\/#primaryimage\"},\"thumbnailUrl\":\"https:\/\/www.opuzen.hr\/grad\/wp-content\/uploads\/2019\/04\/uciliste-virtus_XL.jpg\",\"keywords\":[\"Obrazovanje\",\"u\u010dili\u0161te\"],\"articleSection\":[\"Novosti\",\"Obavijesti gra\u0111anima\"],\"inLanguage\":\"hr\"},{\"@type\":\"WebPage\",\"@id\":\"https:\/\/www.opuzen.hr\/grad\/obavijest-o-upisu-u-program-izobrazbe-za-odrzivu-uporabu-pesticida\/\",\"url\":\"https:\/\/www.opuzen.hr\/grad\/obavijest-o-upisu-u-program-izobrazbe-za-odrzivu-uporabu-pesticida\/\",\"name\":\"Obavijest o upisu u Program izobrazbe za odr\u017eivu uporabu pesticida - Grad Opuzen\",\"isPartOf\":{\"@id\":\"https:\/\/www.opuzen.hr\/grad\/#website\"},\"primaryImageOfPage\":{\"@id\":\"https:\/\/www.opuzen.hr\/grad\/obavijest-o-upisu-u-program-izobrazbe-za-odrzivu-uporabu-pesticida\/#primaryimage\"},\"image\":{\"@id\":\"https:\/\/www.opuzen.hr\/grad\/obavijest-o-upisu-u-program-izobrazbe-za-odrzivu-uporabu-pesticida\/#primaryimage\"},\"thumbnailUrl\":\"https:\/\/www.opuzen.hr\/grad\/wp-content\/uploads\/2019\/04\/uciliste-virtus_XL.jpg\",\"datePublished\":\"2019-04-01T06:26:00+00:00\",\"dateModified\":\"2023-10-12T11:29:36+00:00\",\"breadcrumb\":{\"@id\":\"https:\/\/www.opuzen.hr\/grad\/obavijest-o-upisu-u-program-izobrazbe-za-odrzivu-uporabu-pesticida\/#breadcrumb\"},\"inLanguage\":\"hr\",\"potentialAction\":[{\"@type\":\"ReadAction\",\"target\":[\"https:\/\/www.opuzen.hr\/grad\/obavijest-o-upisu-u-program-izobrazbe-za-odrzivu-uporabu-pesticida\/\"]}]},{\"@type\":\"ImageObject\",\"inLanguage\":\"hr\",\"@id\":\"https:\/\/www.opuzen.hr\/grad\/obavijest-o-upisu-u-program-izobrazbe-za-odrzivu-uporabu-pesticida\/#primaryimage\",\"url\":\"https:\/\/www.opuzen.hr\/grad\/wp-content\/uploads\/2019\/04\/uciliste-virtus_XL.jpg\",\"contentUrl\":\"https:\/\/www.opuzen.hr\/grad\/wp-content\/uploads\/2019\/04\/uciliste-virtus_XL.jpg\",\"width\":900,\"height\":633},{\"@type\":\"BreadcrumbList\",\"@id\":\"https:\/\/www.opuzen.hr\/grad\/obavijest-o-upisu-u-program-izobrazbe-za-odrzivu-uporabu-pesticida\/#breadcrumb\",\"itemListElement\":[{\"@type\":\"ListItem\",\"position\":1,\"name\":\"Po\u010detna stranica\",\"item\":\"https:\/\/www.opuzen.hr\/grad\/\"},{\"@type\":\"ListItem\",\"position\":2,\"name\":\"Obavijest o upisu u Program izobrazbe za odr\u017eivu uporabu pesticida\"}]},{\"@type\":\"WebSite\",\"@id\":\"https:\/\/www.opuzen.hr\/grad\/#website\",\"url\":\"https:\/\/www.opuzen.hr\/grad\/\",\"name\":\"Grad Opuzen\",\"description\":\"Slu\u017ebene mre\u017ene stranice Grada Opuzena\",\"publisher\":{\"@id\":\"https:\/\/www.opuzen.hr\/grad\/#organization\"},\"potentialAction\":[{\"@type\":\"SearchAction\",\"target\":{\"@type\":\"EntryPoint\",\"urlTemplate\":\"https:\/\/www.opuzen.hr\/grad\/?s={search_term_string}\"},\"query-input\":\"required name=search_term_string\"}],\"inLanguage\":\"hr\"},{\"@type\":\"Organization\",\"@id\":\"https:\/\/www.opuzen.hr\/grad\/#organization\",\"name\":\"Grad Opuzen\",\"url\":\"https:\/\/www.opuzen.hr\/grad\/\",\"logo\":{\"@type\":\"ImageObject\",\"inLanguage\":\"hr\",\"@id\":\"https:\/\/www.opuzen.hr\/grad\/#\/schema\/logo\/image\/\",\"url\":\"https:\/\/www.opuzen.hr\/grad\/wp-content\/uploads\/2018\/02\/logo-opuzen.jpg\",\"contentUrl\":\"https:\/\/www.opuzen.hr\/grad\/wp-content\/uploads\/2018\/02\/logo-opuzen.jpg\",\"width\":400,\"height\":400,\"caption\":\"Grad Opuzen\"},\"image\":{\"@id\":\"https:\/\/www.opuzen.hr\/grad\/#\/schema\/logo\/image\/\"}},{\"@type\":\"Person\",\"@id\":\"https:\/\/www.opuzen.hr\/grad\/#\/schema\/person\/0a17a9796898e9409a1fa4ca7448a481\",\"name\":\"Grad Opuzen\",\"image\":{\"@type\":\"ImageObject\",\"inLanguage\":\"hr\",\"@id\":\"https:\/\/www.opuzen.hr\/grad\/#\/schema\/person\/image\/\",\"url\":\"https:\/\/secure.gravatar.com\/avatar\/0c54089de4fcf14c0fe3355109a3ac05?s=96&d=mm&r=g\",\"contentUrl\":\"https:\/\/secure.gravatar.com\/avatar\/0c54089de4fcf14c0fe3355109a3ac05?s=96&d=mm&r=g\",\"caption\":\"Grad Opuzen\"},\"url\":\"https:\/\/www.opuzen.hr\/grad\/author\/admin\/\"}]}<\/script>\n<!-- \/ Yoast SEO plugin. -->","yoast_head_json":{"title":"Obavijest o upisu u Program izobrazbe za odr\u017eivu uporabu pesticida - Grad Opuzen","robots":{"index":"index","follow":"follow","max-snippet":"max-snippet:-1","max-image-preview":"max-image-preview:large","max-video-preview":"max-video-preview:-1"},"canonical":"https:\/\/www.opuzen.hr\/grad\/obavijest-o-upisu-u-program-izobrazbe-za-odrzivu-uporabu-pesticida\/","og_locale":"hr_HR","og_type":"article","og_title":"Obavijest o upisu u Program izobrazbe za odr\u017eivu uporabu pesticida - Grad Opuzen","og_description":"U\u010dili\u0161te Virtus \u2013 ustanova za obrazovanje odraslih upisuje polaznike u PROGRAM IZOBRAZBE ZA ODR\u017dIVU UPORABU...","og_url":"https:\/\/www.opuzen.hr\/grad\/obavijest-o-upisu-u-program-izobrazbe-za-odrzivu-uporabu-pesticida\/","og_site_name":"Grad Opuzen","article_published_time":"2019-04-01T06:26:00+00:00","article_modified_time":"2023-10-12T11:29:36+00:00","og_image":[{"width":900,"height":633,"url":"https:\/\/www.opuzen.hr\/grad\/wp-content\/uploads\/2019\/04\/uciliste-virtus_XL.jpg","type":"image\/jpeg"}],"author":"Grad Opuzen","twitter_card":"summary_large_image","twitter_misc":{"Napisao\/la":"Grad Opuzen","Procijenjeno vrijeme \u010ditanja":"1 minuta"},"schema":{"@context":"https:\/\/schema.org","@graph":[{"@type":"Article","@id":"https:\/\/www.opuzen.hr\/grad\/obavijest-o-upisu-u-program-izobrazbe-za-odrzivu-uporabu-pesticida\/#article","isPartOf":{"@id":"https:\/\/www.opuzen.hr\/grad\/obavijest-o-upisu-u-program-izobrazbe-za-odrzivu-uporabu-pesticida\/"},"author":{"name":"Grad Opuzen","@id":"https:\/\/www.opuzen.hr\/grad\/#\/schema\/person\/0a17a9796898e9409a1fa4ca7448a481"},"headline":"Obavijest o upisu u Program izobrazbe za odr\u017eivu uporabu pesticida","datePublished":"2019-04-01T06:26:00+00:00","dateModified":"2023-10-12T11:29:36+00:00","mainEntityOfPage":{"@id":"https:\/\/www.opuzen.hr\/grad\/obavijest-o-upisu-u-program-izobrazbe-za-odrzivu-uporabu-pesticida\/"},"wordCount":229,"publisher":{"@id":"https:\/\/www.opuzen.hr\/grad\/#organization"},"image":{"@id":"https:\/\/www.opuzen.hr\/grad\/obavijest-o-upisu-u-program-izobrazbe-za-odrzivu-uporabu-pesticida\/#primaryimage"},"thumbnailUrl":"https:\/\/www.opuzen.hr\/grad\/wp-content\/uploads\/2019\/04\/uciliste-virtus_XL.jpg","keywords":["Obrazovanje","u\u010dili\u0161te"],"articleSection":["Novosti","Obavijesti gra\u0111anima"],"inLanguage":"hr"},{"@type":"WebPage","@id":"https:\/\/www.opuzen.hr\/grad\/obavijest-o-upisu-u-program-izobrazbe-za-odrzivu-uporabu-pesticida\/","url":"https:\/\/www.opuzen.hr\/grad\/obavijest-o-upisu-u-program-izobrazbe-za-odrzivu-uporabu-pesticida\/","name":"Obavijest o upisu u Program izobrazbe za odr\u017eivu uporabu pesticida - Grad Opuzen","isPartOf":{"@id":"https:\/\/www.opuzen.hr\/grad\/#website"},"primaryImageOfPage":{"@id":"https:\/\/www.opuzen.hr\/grad\/obavijest-o-upisu-u-program-izobrazbe-za-odrzivu-uporabu-pesticida\/#primaryimage"},"image":{"@id":"https:\/\/www.opuzen.hr\/grad\/obavijest-o-upisu-u-program-izobrazbe-za-odrzivu-uporabu-pesticida\/#primaryimage"},"thumbnailUrl":"https:\/\/www.opuzen.hr\/grad\/wp-content\/uploads\/2019\/04\/uciliste-virtus_XL.jpg","datePublished":"2019-04-01T06:26:00+00:00","dateModified":"2023-10-12T11:29:36+00:00","breadcrumb":{"@id":"https:\/\/www.opuzen.hr\/grad\/obavijest-o-upisu-u-program-izobrazbe-za-odrzivu-uporabu-pesticida\/#breadcrumb"},"inLanguage":"hr","potentialAction":[{"@type":"ReadAction","target":["https:\/\/www.opuzen.hr\/grad\/obavijest-o-upisu-u-program-izobrazbe-za-odrzivu-uporabu-pesticida\/"]}]},{"@type":"ImageObject","inLanguage":"hr","@id":"https:\/\/www.opuzen.hr\/grad\/obavijest-o-upisu-u-program-izobrazbe-za-odrzivu-uporabu-pesticida\/#primaryimage","url":"https:\/\/www.opuzen.hr\/grad\/wp-content\/uploads\/2019\/04\/uciliste-virtus_XL.jpg","contentUrl":"https:\/\/www.opuzen.hr\/grad\/wp-content\/uploads\/2019\/04\/uciliste-virtus_XL.jpg","width":900,"height":633},{"@type":"BreadcrumbList","@id":"https:\/\/www.opuzen.hr\/grad\/obavijest-o-upisu-u-program-izobrazbe-za-odrzivu-uporabu-pesticida\/#breadcrumb","itemListElement":[{"@type":"ListItem","position":1,"name":"Po\u010detna stranica","item":"https:\/\/www.opuzen.hr\/grad\/"},{"@type":"ListItem","position":2,"name":"Obavijest o upisu u Program izobrazbe za odr\u017eivu uporabu pesticida"}]},{"@type":"WebSite","@id":"https:\/\/www.opuzen.hr\/grad\/#website","url":"https:\/\/www.opuzen.hr\/grad\/","name":"Grad Opuzen","description":"Slu\u017ebene mre\u017ene stranice Grada Opuzena","publisher":{"@id":"https:\/\/www.opuzen.hr\/grad\/#organization"},"potentialAction":[{"@type":"SearchAction","target":{"@type":"EntryPoint","urlTemplate":"https:\/\/www.opuzen.hr\/grad\/?s={search_term_string}"},"query-input":"required name=search_term_string"}],"inLanguage":"hr"},{"@type":"Organization","@id":"https:\/\/www.opuzen.hr\/grad\/#organization","name":"Grad Opuzen","url":"https:\/\/www.opuzen.hr\/grad\/","logo":{"@type":"ImageObject","inLanguage":"hr","@id":"https:\/\/www.opuzen.hr\/grad\/#\/schema\/logo\/image\/","url":"https:\/\/www.opuzen.hr\/grad\/wp-content\/uploads\/2018\/02\/logo-opuzen.jpg","contentUrl":"https:\/\/www.opuzen.hr\/grad\/wp-content\/uploads\/2018\/02\/logo-opuzen.jpg","width":400,"height":400,"caption":"Grad Opuzen"},"image":{"@id":"https:\/\/www.opuzen.hr\/grad\/#\/schema\/logo\/image\/"}},{"@type":"Person","@id":"https:\/\/www.opuzen.hr\/grad\/#\/schema\/person\/0a17a9796898e9409a1fa4ca7448a481","name":"Grad Opuzen","image":{"@type":"ImageObject","inLanguage":"hr","@id":"https:\/\/www.opuzen.hr\/grad\/#\/schema\/person\/image\/","url":"https:\/\/secure.gravatar.com\/avatar\/0c54089de4fcf14c0fe3355109a3ac05?s=96&d=mm&r=g","contentUrl":"https:\/\/secure.gravatar.com\/avatar\/0c54089de4fcf14c0fe3355109a3ac05?s=96&d=mm&r=g","caption":"Grad Opuzen"},"url":"https:\/\/www.opuzen.hr\/grad\/author\/admin\/"}]}},"_links":{"self":[{"href":"https:\/\/www.opuzen.hr\/grad\/wp-json\/wp\/v2\/posts\/3585"}],"collection":[{"href":"https:\/\/www.opuzen.hr\/grad\/wp-json\/wp\/v2\/posts"}],"about":[{"href":"https:\/\/www.opuzen.hr\/grad\/wp-json\/wp\/v2\/types\/post"}],"author":[{"embeddable":true,"href":"https:\/\/www.opuzen.hr\/grad\/wp-json\/wp\/v2\/users\/3"}],"replies":[{"embeddable":true,"href":"https:\/\/www.opuzen.hr\/grad\/wp-json\/wp\/v2\/comments?post=3585"}],"version-history":[{"count":2,"href":"https:\/\/www.opuzen.hr\/grad\/wp-json\/wp\/v2\/posts\/3585\/revisions"}],"predecessor-version":[{"id":3588,"href":"https:\/\/www.opuzen.hr\/grad\/wp-json\/wp\/v2\/posts\/3585\/revisions\/3588"}],"wp:featuredmedia":[{"embeddable":true,"href":"https:\/\/www.opuzen.hr\/grad\/wp-json\/wp\/v2\/media\/3586"}],"wp:attachment":[{"href":"https:\/\/www.opuzen.hr\/grad\/wp-json\/wp\/v2\/media?parent=3585"}],"wp:term":[{"taxonomy":"category","embeddable":true,"href":"https:\/\/www.opuzen.hr\/grad\/wp-json\/wp\/v2\/categories?post=3585"},{"taxonomy":"post_tag","embeddable":true,"href":"https:\/\/www.opuzen.hr\/grad\/wp-json\/wp\/v2\/tags?post=3585"}],"curies":[{"name":"wp","href":"https:\/\/api.w.org\/{rel}","templated":true}]}}