{"id":3667,"date":"2019-05-24T15:08:53","date_gmt":"2019-05-24T13:08:53","guid":{"rendered":"https:\/\/www.opuzen.hr\/grad\/?p=3667"},"modified":"2023-10-12T13:29:25","modified_gmt":"2023-10-12T11:29:25","slug":"dopuna-dnevnog-reda-xix-sjednice-gradskog-vijeca-grada-opuzena","status":"publish","type":"post","link":"https:\/\/www.opuzen.hr\/grad\/dopuna-dnevnog-reda-xix-sjednice-gradskog-vijeca-grada-opuzena\/","title":{"rendered":"Dopuna dnevnog reda XIX. sjednice Gradskog vije\u0107a Grada Opuzena"},"content":{"rendered":"<p>Na temelju \u010dlanka 95. Poslovnika o radu Gradskog vije\u0107a Grada Opuzena (\u201cSlu\u017ebeni glasnik Grada Opuzena\u201c br. 3\/13 i 3\/17) predla\u017eem dopunu dnevnog reda XIX. sjednice Gradskog vije\u0107a Grada Opuzena koja \u0107e se odr\u017eati u utorak, 28. svibnja 2019. godine u Gradskoj vije\u0107nici Grada Opuzena s po\u010detkom u 1330 sati<!--more--><\/p>\n<p>Iza to\u010dke 3. dnevnog reda, dodaju se nove to\u010dke koje glase:<\/p>\n<p>4. \u201ePrijedlog zaklju\u010dka o usvajanju Izvje\u0161\u0107a o izvr\u0161enju Programa gradnje objekata i ure\u0111aja komunalne infrastrukture na podru\u010dju Grada Opuzena za 2018. godinu<\/p>\n<p>5. Prijedlog zaklju\u010dka o usvajanju Izvje\u0161\u0107a o izvr\u0161enju Programa odr\u017eavanja komunalne infrastrukture na podru\u010dju Grada Opuzena za 2018. godinu<\/p>\n<p>6. Prijedlog zaklju\u010dka o usvajanju Izvje\u0161\u0107a o izvr\u0161enju Programa javnih potreba u kulturi Grada Opuzena za 2018. godinu<\/p>\n<p>7. Prijedlog zaklju\u010dka o usvajanju Izvje\u0161\u0107a o izvr\u0161enju Programa javnih potreba u sportu Grada Opuzena za 2018. godinu<\/p>\n<p>8. Prijedlog zaklju\u010dka o usvajanju Izvje\u0161\u0107a o izvr\u0161enju Socijalnog programa Grada Opuzena za 2018. godinu\u201c.<\/p>\n<h5 class=\"x_MsoNormal\"><strong>NAPOMENA:<br \/>\nGra\u0111ani mogu ostvariti neposredan uvid u rad Gradskog vije\u0107a i istodobno se mo\u017ee osigurati nazo\u010dnost za maksimalno 10 osoba pri \u010demu \u0107e se voditi ra\u010duna o redoslijedu prijavljivanja.<\/strong><\/h5>\n<ul>\n<li><b>Dopunu za odr\u017eavanje mo\u017eete preuzeti putem <a href=\"https:\/\/drive.google.com\/file\/d\/1eMITKn_gNb1qB8ywOwsldylWVBapPG8H\/view?usp=sharing\" target=\"_blank\" rel=\"noopener noreferrer\">Poveznice<\/a> ili u kategoriji <a href=\"https:\/\/www.opuzen.hr\/grad\/dokumenti\/\" target=\"_blank\" rel=\"noopener noreferrer\">Dokumenti<\/a> \u2013 <a href=\"https:\/\/www.opuzen.hr\/grad\/gradsko-vijece\/sjednice-gradskog-vijeca\/\" target=\"_blank\" rel=\"noopener noreferrer\">Sjednice Gradskog vije\u0107a<\/a><\/b><\/li>\n<li><b>Poziv za odr\u017eavanje mo\u017eete preuzeti putem <a href=\"https:\/\/drive.google.com\/file\/d\/14d2xNPqFXNSSyY9e7A9AB942DvDMro9x\/view?usp=sharing\">Poveznice<\/a> ili u kategoriji <a href=\"https:\/\/www.opuzen.hr\/grad\/dokumenti\/\" target=\"_blank\" rel=\"noopener noreferrer\">Dokumenti<\/a> \u2013 <a href=\"https:\/\/www.opuzen.hr\/grad\/gradsko-vijece\/sjednice-gradskog-vijeca\/\" target=\"_blank\" rel=\"noopener noreferrer\">Sjednice Gradskog vije\u0107a<\/a><\/b><b><\/b><\/li>\n<\/ul>\n","protected":false},"excerpt":{"rendered":"<p>Na temelju \u010dlanka 95. Poslovnika o radu Gradskog vije\u0107a Grada Opuzena (\u201cSlu\u017ebeni glasnik Grada Opuzena\u201c&#8230;<\/p>\n","protected":false},"author":3,"featured_media":29,"comment_status":"closed","ping_status":"closed","sticky":false,"template":"","format":"standard","meta":{"footnotes":""},"categories":[27,4,3],"tags":[],"class_list":["post-3667","post","type-post","status-publish","format-standard","has-post-thumbnail","hentry","category-gradsko-vijece","category-novosti","category-obavijesti-gradanima","wpcat-27-id","wpcat-4-id","wpcat-3-id"],"yoast_head":"<!-- This site is optimized with the Yoast SEO plugin v23.1 - https:\/\/yoast.com\/wordpress\/plugins\/seo\/ -->\n<title>Dopuna dnevnog reda XIX. sjednice Gradskog vije\u0107a Grada Opuzena - Grad Opuzen<\/title>\n<meta name=\"robots\" content=\"index, follow, max-snippet:-1, max-image-preview:large, max-video-preview:-1\" \/>\n<link rel=\"canonical\" href=\"https:\/\/www.opuzen.hr\/grad\/dopuna-dnevnog-reda-xix-sjednice-gradskog-vijeca-grada-opuzena\/\" \/>\n<meta property=\"og:locale\" content=\"hr_HR\" \/>\n<meta property=\"og:type\" content=\"article\" \/>\n<meta property=\"og:title\" content=\"Dopuna dnevnog reda XIX. sjednice Gradskog vije\u0107a Grada Opuzena - Grad Opuzen\" \/>\n<meta property=\"og:description\" content=\"Na temelju \u010dlanka 95. Poslovnika o radu Gradskog vije\u0107a Grada Opuzena (\u201cSlu\u017ebeni glasnik Grada Opuzena\u201c...\" \/>\n<meta property=\"og:url\" content=\"https:\/\/www.opuzen.hr\/grad\/dopuna-dnevnog-reda-xix-sjednice-gradskog-vijeca-grada-opuzena\/\" \/>\n<meta property=\"og:site_name\" content=\"Grad Opuzen\" \/>\n<meta property=\"article:published_time\" content=\"2019-05-24T13:08:53+00:00\" \/>\n<meta property=\"article:modified_time\" content=\"2023-10-12T11:29:25+00:00\" \/>\n<meta property=\"og:image\" content=\"https:\/\/www.opuzen.hr\/grad\/wp-content\/uploads\/2018\/02\/Grad_Opuzen_SLSTR_intro-e1519545580645.jpeg\" \/>\n\t<meta property=\"og:image:width\" content=\"800\" \/>\n\t<meta property=\"og:image:height\" content=\"498\" \/>\n\t<meta property=\"og:image:type\" content=\"image\/jpeg\" \/>\n<meta name=\"author\" content=\"Grad Opuzen\" \/>\n<meta name=\"twitter:card\" content=\"summary_large_image\" \/>\n<meta name=\"twitter:label1\" content=\"Napisao\/la\" \/>\n\t<meta name=\"twitter:data1\" content=\"Grad Opuzen\" \/>\n\t<meta name=\"twitter:label2\" content=\"Procijenjeno vrijeme \u010ditanja\" \/>\n\t<meta name=\"twitter:data2\" content=\"1 minuta\" \/>\n<script type=\"application\/ld+json\" class=\"yoast-schema-graph\">{\"@context\":\"https:\/\/schema.org\",\"@graph\":[{\"@type\":\"Article\",\"@id\":\"https:\/\/www.opuzen.hr\/grad\/dopuna-dnevnog-reda-xix-sjednice-gradskog-vijeca-grada-opuzena\/#article\",\"isPartOf\":{\"@id\":\"https:\/\/www.opuzen.hr\/grad\/dopuna-dnevnog-reda-xix-sjednice-gradskog-vijeca-grada-opuzena\/\"},\"author\":{\"name\":\"Grad Opuzen\",\"@id\":\"https:\/\/www.opuzen.hr\/grad\/#\/schema\/person\/0a17a9796898e9409a1fa4ca7448a481\"},\"headline\":\"Dopuna dnevnog reda XIX. sjednice Gradskog vije\u0107a Grada Opuzena\",\"datePublished\":\"2019-05-24T13:08:53+00:00\",\"dateModified\":\"2023-10-12T11:29:25+00:00\",\"mainEntityOfPage\":{\"@id\":\"https:\/\/www.opuzen.hr\/grad\/dopuna-dnevnog-reda-xix-sjednice-gradskog-vijeca-grada-opuzena\/\"},\"wordCount\":240,\"publisher\":{\"@id\":\"https:\/\/www.opuzen.hr\/grad\/#organization\"},\"image\":{\"@id\":\"https:\/\/www.opuzen.hr\/grad\/dopuna-dnevnog-reda-xix-sjednice-gradskog-vijeca-grada-opuzena\/#primaryimage\"},\"thumbnailUrl\":\"https:\/\/www.opuzen.hr\/grad\/wp-content\/uploads\/2018\/02\/Grad_Opuzen_SLSTR_intro-e1519545580645.jpeg\",\"articleSection\":[\"Gradsko vije\u0107e\",\"Novosti\",\"Obavijesti gra\u0111anima\"],\"inLanguage\":\"hr\"},{\"@type\":\"WebPage\",\"@id\":\"https:\/\/www.opuzen.hr\/grad\/dopuna-dnevnog-reda-xix-sjednice-gradskog-vijeca-grada-opuzena\/\",\"url\":\"https:\/\/www.opuzen.hr\/grad\/dopuna-dnevnog-reda-xix-sjednice-gradskog-vijeca-grada-opuzena\/\",\"name\":\"Dopuna dnevnog reda XIX. sjednice Gradskog vije\u0107a Grada Opuzena - Grad Opuzen\",\"isPartOf\":{\"@id\":\"https:\/\/www.opuzen.hr\/grad\/#website\"},\"primaryImageOfPage\":{\"@id\":\"https:\/\/www.opuzen.hr\/grad\/dopuna-dnevnog-reda-xix-sjednice-gradskog-vijeca-grada-opuzena\/#primaryimage\"},\"image\":{\"@id\":\"https:\/\/www.opuzen.hr\/grad\/dopuna-dnevnog-reda-xix-sjednice-gradskog-vijeca-grada-opuzena\/#primaryimage\"},\"thumbnailUrl\":\"https:\/\/www.opuzen.hr\/grad\/wp-content\/uploads\/2018\/02\/Grad_Opuzen_SLSTR_intro-e1519545580645.jpeg\",\"datePublished\":\"2019-05-24T13:08:53+00:00\",\"dateModified\":\"2023-10-12T11:29:25+00:00\",\"breadcrumb\":{\"@id\":\"https:\/\/www.opuzen.hr\/grad\/dopuna-dnevnog-reda-xix-sjednice-gradskog-vijeca-grada-opuzena\/#breadcrumb\"},\"inLanguage\":\"hr\",\"potentialAction\":[{\"@type\":\"ReadAction\",\"target\":[\"https:\/\/www.opuzen.hr\/grad\/dopuna-dnevnog-reda-xix-sjednice-gradskog-vijeca-grada-opuzena\/\"]}]},{\"@type\":\"ImageObject\",\"inLanguage\":\"hr\",\"@id\":\"https:\/\/www.opuzen.hr\/grad\/dopuna-dnevnog-reda-xix-sjednice-gradskog-vijeca-grada-opuzena\/#primaryimage\",\"url\":\"https:\/\/www.opuzen.hr\/grad\/wp-content\/uploads\/2018\/02\/Grad_Opuzen_SLSTR_intro-e1519545580645.jpeg\",\"contentUrl\":\"https:\/\/www.opuzen.hr\/grad\/wp-content\/uploads\/2018\/02\/Grad_Opuzen_SLSTR_intro-e1519545580645.jpeg\",\"width\":800,\"height\":498},{\"@type\":\"BreadcrumbList\",\"@id\":\"https:\/\/www.opuzen.hr\/grad\/dopuna-dnevnog-reda-xix-sjednice-gradskog-vijeca-grada-opuzena\/#breadcrumb\",\"itemListElement\":[{\"@type\":\"ListItem\",\"position\":1,\"name\":\"Po\u010detna stranica\",\"item\":\"https:\/\/www.opuzen.hr\/grad\/\"},{\"@type\":\"ListItem\",\"position\":2,\"name\":\"Dopuna dnevnog reda XIX. sjednice Gradskog vije\u0107a Grada Opuzena\"}]},{\"@type\":\"WebSite\",\"@id\":\"https:\/\/www.opuzen.hr\/grad\/#website\",\"url\":\"https:\/\/www.opuzen.hr\/grad\/\",\"name\":\"Grad Opuzen\",\"description\":\"Slu\u017ebene mre\u017ene stranice Grada Opuzena\",\"publisher\":{\"@id\":\"https:\/\/www.opuzen.hr\/grad\/#organization\"},\"potentialAction\":[{\"@type\":\"SearchAction\",\"target\":{\"@type\":\"EntryPoint\",\"urlTemplate\":\"https:\/\/www.opuzen.hr\/grad\/?s={search_term_string}\"},\"query-input\":\"required name=search_term_string\"}],\"inLanguage\":\"hr\"},{\"@type\":\"Organization\",\"@id\":\"https:\/\/www.opuzen.hr\/grad\/#organization\",\"name\":\"Grad Opuzen\",\"url\":\"https:\/\/www.opuzen.hr\/grad\/\",\"logo\":{\"@type\":\"ImageObject\",\"inLanguage\":\"hr\",\"@id\":\"https:\/\/www.opuzen.hr\/grad\/#\/schema\/logo\/image\/\",\"url\":\"https:\/\/www.opuzen.hr\/grad\/wp-content\/uploads\/2018\/02\/logo-opuzen.jpg\",\"contentUrl\":\"https:\/\/www.opuzen.hr\/grad\/wp-content\/uploads\/2018\/02\/logo-opuzen.jpg\",\"width\":400,\"height\":400,\"caption\":\"Grad Opuzen\"},\"image\":{\"@id\":\"https:\/\/www.opuzen.hr\/grad\/#\/schema\/logo\/image\/\"}},{\"@type\":\"Person\",\"@id\":\"https:\/\/www.opuzen.hr\/grad\/#\/schema\/person\/0a17a9796898e9409a1fa4ca7448a481\",\"name\":\"Grad Opuzen\",\"image\":{\"@type\":\"ImageObject\",\"inLanguage\":\"hr\",\"@id\":\"https:\/\/www.opuzen.hr\/grad\/#\/schema\/person\/image\/\",\"url\":\"https:\/\/secure.gravatar.com\/avatar\/0c54089de4fcf14c0fe3355109a3ac05?s=96&d=mm&r=g\",\"contentUrl\":\"https:\/\/secure.gravatar.com\/avatar\/0c54089de4fcf14c0fe3355109a3ac05?s=96&d=mm&r=g\",\"caption\":\"Grad Opuzen\"},\"url\":\"https:\/\/www.opuzen.hr\/grad\/author\/admin\/\"}]}<\/script>\n<!-- \/ Yoast SEO plugin. -->","yoast_head_json":{"title":"Dopuna dnevnog reda XIX. sjednice Gradskog vije\u0107a Grada Opuzena - Grad Opuzen","robots":{"index":"index","follow":"follow","max-snippet":"max-snippet:-1","max-image-preview":"max-image-preview:large","max-video-preview":"max-video-preview:-1"},"canonical":"https:\/\/www.opuzen.hr\/grad\/dopuna-dnevnog-reda-xix-sjednice-gradskog-vijeca-grada-opuzena\/","og_locale":"hr_HR","og_type":"article","og_title":"Dopuna dnevnog reda XIX. sjednice Gradskog vije\u0107a Grada Opuzena - Grad Opuzen","og_description":"Na temelju \u010dlanka 95. Poslovnika o radu Gradskog vije\u0107a Grada Opuzena (\u201cSlu\u017ebeni glasnik Grada Opuzena\u201c...","og_url":"https:\/\/www.opuzen.hr\/grad\/dopuna-dnevnog-reda-xix-sjednice-gradskog-vijeca-grada-opuzena\/","og_site_name":"Grad Opuzen","article_published_time":"2019-05-24T13:08:53+00:00","article_modified_time":"2023-10-12T11:29:25+00:00","og_image":[{"width":800,"height":498,"url":"https:\/\/www.opuzen.hr\/grad\/wp-content\/uploads\/2018\/02\/Grad_Opuzen_SLSTR_intro-e1519545580645.jpeg","type":"image\/jpeg"}],"author":"Grad Opuzen","twitter_card":"summary_large_image","twitter_misc":{"Napisao\/la":"Grad Opuzen","Procijenjeno vrijeme \u010ditanja":"1 minuta"},"schema":{"@context":"https:\/\/schema.org","@graph":[{"@type":"Article","@id":"https:\/\/www.opuzen.hr\/grad\/dopuna-dnevnog-reda-xix-sjednice-gradskog-vijeca-grada-opuzena\/#article","isPartOf":{"@id":"https:\/\/www.opuzen.hr\/grad\/dopuna-dnevnog-reda-xix-sjednice-gradskog-vijeca-grada-opuzena\/"},"author":{"name":"Grad Opuzen","@id":"https:\/\/www.opuzen.hr\/grad\/#\/schema\/person\/0a17a9796898e9409a1fa4ca7448a481"},"headline":"Dopuna dnevnog reda XIX. sjednice Gradskog vije\u0107a Grada Opuzena","datePublished":"2019-05-24T13:08:53+00:00","dateModified":"2023-10-12T11:29:25+00:00","mainEntityOfPage":{"@id":"https:\/\/www.opuzen.hr\/grad\/dopuna-dnevnog-reda-xix-sjednice-gradskog-vijeca-grada-opuzena\/"},"wordCount":240,"publisher":{"@id":"https:\/\/www.opuzen.hr\/grad\/#organization"},"image":{"@id":"https:\/\/www.opuzen.hr\/grad\/dopuna-dnevnog-reda-xix-sjednice-gradskog-vijeca-grada-opuzena\/#primaryimage"},"thumbnailUrl":"https:\/\/www.opuzen.hr\/grad\/wp-content\/uploads\/2018\/02\/Grad_Opuzen_SLSTR_intro-e1519545580645.jpeg","articleSection":["Gradsko vije\u0107e","Novosti","Obavijesti gra\u0111anima"],"inLanguage":"hr"},{"@type":"WebPage","@id":"https:\/\/www.opuzen.hr\/grad\/dopuna-dnevnog-reda-xix-sjednice-gradskog-vijeca-grada-opuzena\/","url":"https:\/\/www.opuzen.hr\/grad\/dopuna-dnevnog-reda-xix-sjednice-gradskog-vijeca-grada-opuzena\/","name":"Dopuna dnevnog reda XIX. sjednice Gradskog vije\u0107a Grada Opuzena - Grad Opuzen","isPartOf":{"@id":"https:\/\/www.opuzen.hr\/grad\/#website"},"primaryImageOfPage":{"@id":"https:\/\/www.opuzen.hr\/grad\/dopuna-dnevnog-reda-xix-sjednice-gradskog-vijeca-grada-opuzena\/#primaryimage"},"image":{"@id":"https:\/\/www.opuzen.hr\/grad\/dopuna-dnevnog-reda-xix-sjednice-gradskog-vijeca-grada-opuzena\/#primaryimage"},"thumbnailUrl":"https:\/\/www.opuzen.hr\/grad\/wp-content\/uploads\/2018\/02\/Grad_Opuzen_SLSTR_intro-e1519545580645.jpeg","datePublished":"2019-05-24T13:08:53+00:00","dateModified":"2023-10-12T11:29:25+00:00","breadcrumb":{"@id":"https:\/\/www.opuzen.hr\/grad\/dopuna-dnevnog-reda-xix-sjednice-gradskog-vijeca-grada-opuzena\/#breadcrumb"},"inLanguage":"hr","potentialAction":[{"@type":"ReadAction","target":["https:\/\/www.opuzen.hr\/grad\/dopuna-dnevnog-reda-xix-sjednice-gradskog-vijeca-grada-opuzena\/"]}]},{"@type":"ImageObject","inLanguage":"hr","@id":"https:\/\/www.opuzen.hr\/grad\/dopuna-dnevnog-reda-xix-sjednice-gradskog-vijeca-grada-opuzena\/#primaryimage","url":"https:\/\/www.opuzen.hr\/grad\/wp-content\/uploads\/2018\/02\/Grad_Opuzen_SLSTR_intro-e1519545580645.jpeg","contentUrl":"https:\/\/www.opuzen.hr\/grad\/wp-content\/uploads\/2018\/02\/Grad_Opuzen_SLSTR_intro-e1519545580645.jpeg","width":800,"height":498},{"@type":"BreadcrumbList","@id":"https:\/\/www.opuzen.hr\/grad\/dopuna-dnevnog-reda-xix-sjednice-gradskog-vijeca-grada-opuzena\/#breadcrumb","itemListElement":[{"@type":"ListItem","position":1,"name":"Po\u010detna stranica","item":"https:\/\/www.opuzen.hr\/grad\/"},{"@type":"ListItem","position":2,"name":"Dopuna dnevnog reda XIX. sjednice Gradskog vije\u0107a Grada Opuzena"}]},{"@type":"WebSite","@id":"https:\/\/www.opuzen.hr\/grad\/#website","url":"https:\/\/www.opuzen.hr\/grad\/","name":"Grad Opuzen","description":"Slu\u017ebene mre\u017ene stranice Grada Opuzena","publisher":{"@id":"https:\/\/www.opuzen.hr\/grad\/#organization"},"potentialAction":[{"@type":"SearchAction","target":{"@type":"EntryPoint","urlTemplate":"https:\/\/www.opuzen.hr\/grad\/?s={search_term_string}"},"query-input":"required name=search_term_string"}],"inLanguage":"hr"},{"@type":"Organization","@id":"https:\/\/www.opuzen.hr\/grad\/#organization","name":"Grad Opuzen","url":"https:\/\/www.opuzen.hr\/grad\/","logo":{"@type":"ImageObject","inLanguage":"hr","@id":"https:\/\/www.opuzen.hr\/grad\/#\/schema\/logo\/image\/","url":"https:\/\/www.opuzen.hr\/grad\/wp-content\/uploads\/2018\/02\/logo-opuzen.jpg","contentUrl":"https:\/\/www.opuzen.hr\/grad\/wp-content\/uploads\/2018\/02\/logo-opuzen.jpg","width":400,"height":400,"caption":"Grad Opuzen"},"image":{"@id":"https:\/\/www.opuzen.hr\/grad\/#\/schema\/logo\/image\/"}},{"@type":"Person","@id":"https:\/\/www.opuzen.hr\/grad\/#\/schema\/person\/0a17a9796898e9409a1fa4ca7448a481","name":"Grad Opuzen","image":{"@type":"ImageObject","inLanguage":"hr","@id":"https:\/\/www.opuzen.hr\/grad\/#\/schema\/person\/image\/","url":"https:\/\/secure.gravatar.com\/avatar\/0c54089de4fcf14c0fe3355109a3ac05?s=96&d=mm&r=g","contentUrl":"https:\/\/secure.gravatar.com\/avatar\/0c54089de4fcf14c0fe3355109a3ac05?s=96&d=mm&r=g","caption":"Grad Opuzen"},"url":"https:\/\/www.opuzen.hr\/grad\/author\/admin\/"}]}},"_links":{"self":[{"href":"https:\/\/www.opuzen.hr\/grad\/wp-json\/wp\/v2\/posts\/3667"}],"collection":[{"href":"https:\/\/www.opuzen.hr\/grad\/wp-json\/wp\/v2\/posts"}],"about":[{"href":"https:\/\/www.opuzen.hr\/grad\/wp-json\/wp\/v2\/types\/post"}],"author":[{"embeddable":true,"href":"https:\/\/www.opuzen.hr\/grad\/wp-json\/wp\/v2\/users\/3"}],"replies":[{"embeddable":true,"href":"https:\/\/www.opuzen.hr\/grad\/wp-json\/wp\/v2\/comments?post=3667"}],"version-history":[{"count":1,"href":"https:\/\/www.opuzen.hr\/grad\/wp-json\/wp\/v2\/posts\/3667\/revisions"}],"predecessor-version":[{"id":3668,"href":"https:\/\/www.opuzen.hr\/grad\/wp-json\/wp\/v2\/posts\/3667\/revisions\/3668"}],"wp:featuredmedia":[{"embeddable":true,"href":"https:\/\/www.opuzen.hr\/grad\/wp-json\/wp\/v2\/media\/29"}],"wp:attachment":[{"href":"https:\/\/www.opuzen.hr\/grad\/wp-json\/wp\/v2\/media?parent=3667"}],"wp:term":[{"taxonomy":"category","embeddable":true,"href":"https:\/\/www.opuzen.hr\/grad\/wp-json\/wp\/v2\/categories?post=3667"},{"taxonomy":"post_tag","embeddable":true,"href":"https:\/\/www.opuzen.hr\/grad\/wp-json\/wp\/v2\/tags?post=3667"}],"curies":[{"name":"wp","href":"https:\/\/api.w.org\/{rel}","templated":true}]}}