{"id":3674,"date":"2019-05-31T13:05:55","date_gmt":"2019-05-31T11:05:55","guid":{"rendered":"https:\/\/www.opuzen.hr\/grad\/?p=3674"},"modified":"2023-10-12T13:29:25","modified_gmt":"2023-10-12T11:29:25","slug":"djecji-vrtic-opuzen-poziva-vas-na-dane-otvorenih-vrata","status":"publish","type":"post","link":"https:\/\/www.opuzen.hr\/grad\/djecji-vrtic-opuzen-poziva-vas-na-dane-otvorenih-vrata\/","title":{"rendered":"Dje\u010dji vrti\u0107 Opuzen poziva vas na Dane otvorenih vrata"},"content":{"rendered":"<p>Dani otvorenih vrata odr\u017eat \u0107e se\u00a0od 4.6. do 7.6.2019. Posjetite nas, razgledajte na\u0161 vrti\u0107, pogledajte kako djeca u\u010de putem igre i raznih aktivnosti, dru\u017eite se s nama\u2026<!--more--><\/p>\n<p><strong>4.6. (UTORAK):<\/strong><\/p>\n<ul>\n<li>10.30 sati &#8211; Otvorenje izlo\u017ebe dje\u010djih likovnih radova u Likovnom salonu Opuzen. Izlo\u017eba \u0107e biti otvorena do petka (7.6.) u vremenu od 9.00 do 12.00 sati i od 18.00 do 20.00 sati.<\/li>\n<li>10.00-11.00 sati \u2013 igre na igrali\u0161tu dje\u010djeg vrti\u0107a<\/li>\n<\/ul>\n<p><strong>5.6.(SRIJEDA):<\/strong><\/p>\n<ul>\n<li>9.00-10.00 sati \u2013 srednja &#8211; mla\u0111a odgojna skupina &#8211; \u201e\u010citanje bajki\u201c<\/li>\n<li>10.00-11.00 sati \u2013 mla\u0111a odgojna skupina \u2013 radionica izrade slikovnica<\/li>\n<li>10.30-11.30 sati \u2013 srednja &#8211; mla\u0111a odgojna skupina \u2013 likovna radionica \u201eMorski motivi\u201c<\/li>\n<\/ul>\n<p><strong>6.6.(\u010cETVRTAK):<\/strong><\/p>\n<ul>\n<li>9.00-10.30 sati \u2013 srednja &#8211; starija A odgojna skupina\n<ul>\n<li>likovna radionica izrade umjetni\u010dkih instalacija u prostoru<\/li>\n<\/ul>\n<\/li>\n<li>10.00-11.00 sati \u2013 srednja &#8211; starija B odgojna skupina \u2013 radionica izrade lutki<\/li>\n<li>16.00-17.00 sati \u2013 jasli\u010dka odgojna skupina \u2013 likovna radionica \u201eMorska rapsodija\u201c<\/li>\n<li>17.00-18.00 sati \u2013 srednja &#8211; starija C odgojna skupina\n<ul>\n<li>&#8220;Izrada slike na dasci\u201c (grupni rad sudionika): oslikavanje oblutaka, tkanje, oblikovanje prirodnim materijalima<\/li>\n<\/ul>\n<\/li>\n<\/ul>\n<p><strong>7.6.(PETAK):<\/strong><\/p>\n<ul>\n<li>9.00-10.30 sati \u2013 srednja &#8211; starija A odgojna skupina\n<ul>\n<li>radionica izrade glazbenih instrumenata (\u0161u\u0161kalica) iz iskori\u0161tenih materijala<\/li>\n<\/ul>\n<\/li>\n<li>10.00-11.00 sati \u2013 srednja &#8211; starija B odgojna skupina (roditelji djeci)\n<ul>\n<li>predstava kazali\u0161ta sjena \u201eDjed i repa\u201c<\/li>\n<\/ul>\n<\/li>\n<\/ul>\n<p>Do\u0111ite i upoznajte na\u0161 vrti\u0107!<\/p>\n","protected":false},"excerpt":{"rendered":"<p>Dani otvorenih vrata odr\u017eat \u0107e se\u00a0od 4.6. do 7.6.2019. Posjetite nas, razgledajte na\u0161 vrti\u0107, pogledajte&#8230;<\/p>\n","protected":false},"author":3,"featured_media":615,"comment_status":"closed","ping_status":"closed","sticky":false,"template":"","format":"standard","meta":{"footnotes":""},"categories":[97,4,3],"tags":[328,276],"class_list":["post-3674","post","type-post","status-publish","format-standard","has-post-thumbnail","hentry","category-djecji-vrtic-opuzen","category-novosti","category-obavijesti-gradanima","tag-dani-otvorenih-vrata","tag-djecji-vrtic-opuzen","wpcat-97-id","wpcat-4-id","wpcat-3-id"],"yoast_head":"<!-- This site is optimized with the Yoast SEO plugin v23.1 - https:\/\/yoast.com\/wordpress\/plugins\/seo\/ -->\n<title>Dje\u010dji vrti\u0107 Opuzen poziva vas na Dane otvorenih vrata - Grad Opuzen<\/title>\n<meta name=\"robots\" content=\"index, follow, max-snippet:-1, max-image-preview:large, max-video-preview:-1\" \/>\n<link rel=\"canonical\" href=\"https:\/\/www.opuzen.hr\/grad\/djecji-vrtic-opuzen-poziva-vas-na-dane-otvorenih-vrata\/\" \/>\n<meta property=\"og:locale\" content=\"hr_HR\" \/>\n<meta property=\"og:type\" content=\"article\" \/>\n<meta property=\"og:title\" content=\"Dje\u010dji vrti\u0107 Opuzen poziva vas na Dane otvorenih vrata - Grad Opuzen\" \/>\n<meta property=\"og:description\" content=\"Dani otvorenih vrata odr\u017eat \u0107e se\u00a0od 4.6. do 7.6.2019. Posjetite nas, razgledajte na\u0161 vrti\u0107, pogledajte...\" \/>\n<meta property=\"og:url\" content=\"https:\/\/www.opuzen.hr\/grad\/djecji-vrtic-opuzen-poziva-vas-na-dane-otvorenih-vrata\/\" \/>\n<meta property=\"og:site_name\" content=\"Grad Opuzen\" \/>\n<meta property=\"article:published_time\" content=\"2019-05-31T11:05:55+00:00\" \/>\n<meta property=\"article:modified_time\" content=\"2023-10-12T11:29:25+00:00\" \/>\n<meta property=\"og:image\" content=\"https:\/\/www.opuzen.hr\/grad\/wp-content\/uploads\/2018\/03\/djvrticop.jpeg\" \/>\n\t<meta property=\"og:image:width\" content=\"510\" \/>\n\t<meta property=\"og:image:height\" content=\"340\" \/>\n\t<meta property=\"og:image:type\" content=\"image\/jpeg\" \/>\n<meta name=\"author\" content=\"Grad Opuzen\" \/>\n<meta name=\"twitter:card\" content=\"summary_large_image\" \/>\n<meta name=\"twitter:label1\" content=\"Napisao\/la\" \/>\n\t<meta name=\"twitter:data1\" content=\"Grad Opuzen\" \/>\n\t<meta name=\"twitter:label2\" content=\"Procijenjeno vrijeme \u010ditanja\" \/>\n\t<meta name=\"twitter:data2\" content=\"1 minuta\" \/>\n<script type=\"application\/ld+json\" class=\"yoast-schema-graph\">{\"@context\":\"https:\/\/schema.org\",\"@graph\":[{\"@type\":\"Article\",\"@id\":\"https:\/\/www.opuzen.hr\/grad\/djecji-vrtic-opuzen-poziva-vas-na-dane-otvorenih-vrata\/#article\",\"isPartOf\":{\"@id\":\"https:\/\/www.opuzen.hr\/grad\/djecji-vrtic-opuzen-poziva-vas-na-dane-otvorenih-vrata\/\"},\"author\":{\"name\":\"Grad Opuzen\",\"@id\":\"https:\/\/www.opuzen.hr\/grad\/#\/schema\/person\/0a17a9796898e9409a1fa4ca7448a481\"},\"headline\":\"Dje\u010dji vrti\u0107 Opuzen poziva vas na Dane otvorenih vrata\",\"datePublished\":\"2019-05-31T11:05:55+00:00\",\"dateModified\":\"2023-10-12T11:29:25+00:00\",\"mainEntityOfPage\":{\"@id\":\"https:\/\/www.opuzen.hr\/grad\/djecji-vrtic-opuzen-poziva-vas-na-dane-otvorenih-vrata\/\"},\"wordCount\":213,\"publisher\":{\"@id\":\"https:\/\/www.opuzen.hr\/grad\/#organization\"},\"image\":{\"@id\":\"https:\/\/www.opuzen.hr\/grad\/djecji-vrtic-opuzen-poziva-vas-na-dane-otvorenih-vrata\/#primaryimage\"},\"thumbnailUrl\":\"https:\/\/www.opuzen.hr\/grad\/wp-content\/uploads\/2018\/03\/djvrticop.jpeg\",\"keywords\":[\"Dani otvorenih vrata\",\"Dje\u010dji vrti\u0107 Opuzen\"],\"articleSection\":[\"Dje\u010dji vrti\u0107 Opuzen\",\"Novosti\",\"Obavijesti gra\u0111anima\"],\"inLanguage\":\"hr\"},{\"@type\":\"WebPage\",\"@id\":\"https:\/\/www.opuzen.hr\/grad\/djecji-vrtic-opuzen-poziva-vas-na-dane-otvorenih-vrata\/\",\"url\":\"https:\/\/www.opuzen.hr\/grad\/djecji-vrtic-opuzen-poziva-vas-na-dane-otvorenih-vrata\/\",\"name\":\"Dje\u010dji vrti\u0107 Opuzen poziva vas na Dane otvorenih vrata - Grad Opuzen\",\"isPartOf\":{\"@id\":\"https:\/\/www.opuzen.hr\/grad\/#website\"},\"primaryImageOfPage\":{\"@id\":\"https:\/\/www.opuzen.hr\/grad\/djecji-vrtic-opuzen-poziva-vas-na-dane-otvorenih-vrata\/#primaryimage\"},\"image\":{\"@id\":\"https:\/\/www.opuzen.hr\/grad\/djecji-vrtic-opuzen-poziva-vas-na-dane-otvorenih-vrata\/#primaryimage\"},\"thumbnailUrl\":\"https:\/\/www.opuzen.hr\/grad\/wp-content\/uploads\/2018\/03\/djvrticop.jpeg\",\"datePublished\":\"2019-05-31T11:05:55+00:00\",\"dateModified\":\"2023-10-12T11:29:25+00:00\",\"breadcrumb\":{\"@id\":\"https:\/\/www.opuzen.hr\/grad\/djecji-vrtic-opuzen-poziva-vas-na-dane-otvorenih-vrata\/#breadcrumb\"},\"inLanguage\":\"hr\",\"potentialAction\":[{\"@type\":\"ReadAction\",\"target\":[\"https:\/\/www.opuzen.hr\/grad\/djecji-vrtic-opuzen-poziva-vas-na-dane-otvorenih-vrata\/\"]}]},{\"@type\":\"ImageObject\",\"inLanguage\":\"hr\",\"@id\":\"https:\/\/www.opuzen.hr\/grad\/djecji-vrtic-opuzen-poziva-vas-na-dane-otvorenih-vrata\/#primaryimage\",\"url\":\"https:\/\/www.opuzen.hr\/grad\/wp-content\/uploads\/2018\/03\/djvrticop.jpeg\",\"contentUrl\":\"https:\/\/www.opuzen.hr\/grad\/wp-content\/uploads\/2018\/03\/djvrticop.jpeg\",\"width\":510,\"height\":340},{\"@type\":\"BreadcrumbList\",\"@id\":\"https:\/\/www.opuzen.hr\/grad\/djecji-vrtic-opuzen-poziva-vas-na-dane-otvorenih-vrata\/#breadcrumb\",\"itemListElement\":[{\"@type\":\"ListItem\",\"position\":1,\"name\":\"Po\u010detna stranica\",\"item\":\"https:\/\/www.opuzen.hr\/grad\/\"},{\"@type\":\"ListItem\",\"position\":2,\"name\":\"Dje\u010dji vrti\u0107 Opuzen poziva vas na Dane otvorenih vrata\"}]},{\"@type\":\"WebSite\",\"@id\":\"https:\/\/www.opuzen.hr\/grad\/#website\",\"url\":\"https:\/\/www.opuzen.hr\/grad\/\",\"name\":\"Grad Opuzen\",\"description\":\"Slu\u017ebene mre\u017ene stranice Grada Opuzena\",\"publisher\":{\"@id\":\"https:\/\/www.opuzen.hr\/grad\/#organization\"},\"potentialAction\":[{\"@type\":\"SearchAction\",\"target\":{\"@type\":\"EntryPoint\",\"urlTemplate\":\"https:\/\/www.opuzen.hr\/grad\/?s={search_term_string}\"},\"query-input\":\"required name=search_term_string\"}],\"inLanguage\":\"hr\"},{\"@type\":\"Organization\",\"@id\":\"https:\/\/www.opuzen.hr\/grad\/#organization\",\"name\":\"Grad Opuzen\",\"url\":\"https:\/\/www.opuzen.hr\/grad\/\",\"logo\":{\"@type\":\"ImageObject\",\"inLanguage\":\"hr\",\"@id\":\"https:\/\/www.opuzen.hr\/grad\/#\/schema\/logo\/image\/\",\"url\":\"https:\/\/www.opuzen.hr\/grad\/wp-content\/uploads\/2018\/02\/logo-opuzen.jpg\",\"contentUrl\":\"https:\/\/www.opuzen.hr\/grad\/wp-content\/uploads\/2018\/02\/logo-opuzen.jpg\",\"width\":400,\"height\":400,\"caption\":\"Grad Opuzen\"},\"image\":{\"@id\":\"https:\/\/www.opuzen.hr\/grad\/#\/schema\/logo\/image\/\"}},{\"@type\":\"Person\",\"@id\":\"https:\/\/www.opuzen.hr\/grad\/#\/schema\/person\/0a17a9796898e9409a1fa4ca7448a481\",\"name\":\"Grad Opuzen\",\"image\":{\"@type\":\"ImageObject\",\"inLanguage\":\"hr\",\"@id\":\"https:\/\/www.opuzen.hr\/grad\/#\/schema\/person\/image\/\",\"url\":\"https:\/\/secure.gravatar.com\/avatar\/0c54089de4fcf14c0fe3355109a3ac05?s=96&d=mm&r=g\",\"contentUrl\":\"https:\/\/secure.gravatar.com\/avatar\/0c54089de4fcf14c0fe3355109a3ac05?s=96&d=mm&r=g\",\"caption\":\"Grad Opuzen\"},\"url\":\"https:\/\/www.opuzen.hr\/grad\/author\/admin\/\"}]}<\/script>\n<!-- \/ Yoast SEO plugin. -->","yoast_head_json":{"title":"Dje\u010dji vrti\u0107 Opuzen poziva vas na Dane otvorenih vrata - Grad Opuzen","robots":{"index":"index","follow":"follow","max-snippet":"max-snippet:-1","max-image-preview":"max-image-preview:large","max-video-preview":"max-video-preview:-1"},"canonical":"https:\/\/www.opuzen.hr\/grad\/djecji-vrtic-opuzen-poziva-vas-na-dane-otvorenih-vrata\/","og_locale":"hr_HR","og_type":"article","og_title":"Dje\u010dji vrti\u0107 Opuzen poziva vas na Dane otvorenih vrata - Grad Opuzen","og_description":"Dani otvorenih vrata odr\u017eat \u0107e se\u00a0od 4.6. do 7.6.2019. Posjetite nas, razgledajte na\u0161 vrti\u0107, pogledajte...","og_url":"https:\/\/www.opuzen.hr\/grad\/djecji-vrtic-opuzen-poziva-vas-na-dane-otvorenih-vrata\/","og_site_name":"Grad Opuzen","article_published_time":"2019-05-31T11:05:55+00:00","article_modified_time":"2023-10-12T11:29:25+00:00","og_image":[{"width":510,"height":340,"url":"https:\/\/www.opuzen.hr\/grad\/wp-content\/uploads\/2018\/03\/djvrticop.jpeg","type":"image\/jpeg"}],"author":"Grad Opuzen","twitter_card":"summary_large_image","twitter_misc":{"Napisao\/la":"Grad Opuzen","Procijenjeno vrijeme \u010ditanja":"1 minuta"},"schema":{"@context":"https:\/\/schema.org","@graph":[{"@type":"Article","@id":"https:\/\/www.opuzen.hr\/grad\/djecji-vrtic-opuzen-poziva-vas-na-dane-otvorenih-vrata\/#article","isPartOf":{"@id":"https:\/\/www.opuzen.hr\/grad\/djecji-vrtic-opuzen-poziva-vas-na-dane-otvorenih-vrata\/"},"author":{"name":"Grad Opuzen","@id":"https:\/\/www.opuzen.hr\/grad\/#\/schema\/person\/0a17a9796898e9409a1fa4ca7448a481"},"headline":"Dje\u010dji vrti\u0107 Opuzen poziva vas na Dane otvorenih vrata","datePublished":"2019-05-31T11:05:55+00:00","dateModified":"2023-10-12T11:29:25+00:00","mainEntityOfPage":{"@id":"https:\/\/www.opuzen.hr\/grad\/djecji-vrtic-opuzen-poziva-vas-na-dane-otvorenih-vrata\/"},"wordCount":213,"publisher":{"@id":"https:\/\/www.opuzen.hr\/grad\/#organization"},"image":{"@id":"https:\/\/www.opuzen.hr\/grad\/djecji-vrtic-opuzen-poziva-vas-na-dane-otvorenih-vrata\/#primaryimage"},"thumbnailUrl":"https:\/\/www.opuzen.hr\/grad\/wp-content\/uploads\/2018\/03\/djvrticop.jpeg","keywords":["Dani otvorenih vrata","Dje\u010dji vrti\u0107 Opuzen"],"articleSection":["Dje\u010dji vrti\u0107 Opuzen","Novosti","Obavijesti gra\u0111anima"],"inLanguage":"hr"},{"@type":"WebPage","@id":"https:\/\/www.opuzen.hr\/grad\/djecji-vrtic-opuzen-poziva-vas-na-dane-otvorenih-vrata\/","url":"https:\/\/www.opuzen.hr\/grad\/djecji-vrtic-opuzen-poziva-vas-na-dane-otvorenih-vrata\/","name":"Dje\u010dji vrti\u0107 Opuzen poziva vas na Dane otvorenih vrata - Grad Opuzen","isPartOf":{"@id":"https:\/\/www.opuzen.hr\/grad\/#website"},"primaryImageOfPage":{"@id":"https:\/\/www.opuzen.hr\/grad\/djecji-vrtic-opuzen-poziva-vas-na-dane-otvorenih-vrata\/#primaryimage"},"image":{"@id":"https:\/\/www.opuzen.hr\/grad\/djecji-vrtic-opuzen-poziva-vas-na-dane-otvorenih-vrata\/#primaryimage"},"thumbnailUrl":"https:\/\/www.opuzen.hr\/grad\/wp-content\/uploads\/2018\/03\/djvrticop.jpeg","datePublished":"2019-05-31T11:05:55+00:00","dateModified":"2023-10-12T11:29:25+00:00","breadcrumb":{"@id":"https:\/\/www.opuzen.hr\/grad\/djecji-vrtic-opuzen-poziva-vas-na-dane-otvorenih-vrata\/#breadcrumb"},"inLanguage":"hr","potentialAction":[{"@type":"ReadAction","target":["https:\/\/www.opuzen.hr\/grad\/djecji-vrtic-opuzen-poziva-vas-na-dane-otvorenih-vrata\/"]}]},{"@type":"ImageObject","inLanguage":"hr","@id":"https:\/\/www.opuzen.hr\/grad\/djecji-vrtic-opuzen-poziva-vas-na-dane-otvorenih-vrata\/#primaryimage","url":"https:\/\/www.opuzen.hr\/grad\/wp-content\/uploads\/2018\/03\/djvrticop.jpeg","contentUrl":"https:\/\/www.opuzen.hr\/grad\/wp-content\/uploads\/2018\/03\/djvrticop.jpeg","width":510,"height":340},{"@type":"BreadcrumbList","@id":"https:\/\/www.opuzen.hr\/grad\/djecji-vrtic-opuzen-poziva-vas-na-dane-otvorenih-vrata\/#breadcrumb","itemListElement":[{"@type":"ListItem","position":1,"name":"Po\u010detna stranica","item":"https:\/\/www.opuzen.hr\/grad\/"},{"@type":"ListItem","position":2,"name":"Dje\u010dji vrti\u0107 Opuzen poziva vas na Dane otvorenih vrata"}]},{"@type":"WebSite","@id":"https:\/\/www.opuzen.hr\/grad\/#website","url":"https:\/\/www.opuzen.hr\/grad\/","name":"Grad Opuzen","description":"Slu\u017ebene mre\u017ene stranice Grada Opuzena","publisher":{"@id":"https:\/\/www.opuzen.hr\/grad\/#organization"},"potentialAction":[{"@type":"SearchAction","target":{"@type":"EntryPoint","urlTemplate":"https:\/\/www.opuzen.hr\/grad\/?s={search_term_string}"},"query-input":"required name=search_term_string"}],"inLanguage":"hr"},{"@type":"Organization","@id":"https:\/\/www.opuzen.hr\/grad\/#organization","name":"Grad Opuzen","url":"https:\/\/www.opuzen.hr\/grad\/","logo":{"@type":"ImageObject","inLanguage":"hr","@id":"https:\/\/www.opuzen.hr\/grad\/#\/schema\/logo\/image\/","url":"https:\/\/www.opuzen.hr\/grad\/wp-content\/uploads\/2018\/02\/logo-opuzen.jpg","contentUrl":"https:\/\/www.opuzen.hr\/grad\/wp-content\/uploads\/2018\/02\/logo-opuzen.jpg","width":400,"height":400,"caption":"Grad Opuzen"},"image":{"@id":"https:\/\/www.opuzen.hr\/grad\/#\/schema\/logo\/image\/"}},{"@type":"Person","@id":"https:\/\/www.opuzen.hr\/grad\/#\/schema\/person\/0a17a9796898e9409a1fa4ca7448a481","name":"Grad Opuzen","image":{"@type":"ImageObject","inLanguage":"hr","@id":"https:\/\/www.opuzen.hr\/grad\/#\/schema\/person\/image\/","url":"https:\/\/secure.gravatar.com\/avatar\/0c54089de4fcf14c0fe3355109a3ac05?s=96&d=mm&r=g","contentUrl":"https:\/\/secure.gravatar.com\/avatar\/0c54089de4fcf14c0fe3355109a3ac05?s=96&d=mm&r=g","caption":"Grad Opuzen"},"url":"https:\/\/www.opuzen.hr\/grad\/author\/admin\/"}]}},"_links":{"self":[{"href":"https:\/\/www.opuzen.hr\/grad\/wp-json\/wp\/v2\/posts\/3674"}],"collection":[{"href":"https:\/\/www.opuzen.hr\/grad\/wp-json\/wp\/v2\/posts"}],"about":[{"href":"https:\/\/www.opuzen.hr\/grad\/wp-json\/wp\/v2\/types\/post"}],"author":[{"embeddable":true,"href":"https:\/\/www.opuzen.hr\/grad\/wp-json\/wp\/v2\/users\/3"}],"replies":[{"embeddable":true,"href":"https:\/\/www.opuzen.hr\/grad\/wp-json\/wp\/v2\/comments?post=3674"}],"version-history":[{"count":1,"href":"https:\/\/www.opuzen.hr\/grad\/wp-json\/wp\/v2\/posts\/3674\/revisions"}],"predecessor-version":[{"id":3675,"href":"https:\/\/www.opuzen.hr\/grad\/wp-json\/wp\/v2\/posts\/3674\/revisions\/3675"}],"wp:featuredmedia":[{"embeddable":true,"href":"https:\/\/www.opuzen.hr\/grad\/wp-json\/wp\/v2\/media\/615"}],"wp:attachment":[{"href":"https:\/\/www.opuzen.hr\/grad\/wp-json\/wp\/v2\/media?parent=3674"}],"wp:term":[{"taxonomy":"category","embeddable":true,"href":"https:\/\/www.opuzen.hr\/grad\/wp-json\/wp\/v2\/categories?post=3674"},{"taxonomy":"post_tag","embeddable":true,"href":"https:\/\/www.opuzen.hr\/grad\/wp-json\/wp\/v2\/tags?post=3674"}],"curies":[{"name":"wp","href":"https:\/\/api.w.org\/{rel}","templated":true}]}}