{"id":42017,"date":"2022-02-08T13:29:21","date_gmt":"2022-02-08T12:29:21","guid":{"rendered":"https:\/\/www.opuzen.hr\/grad\/?p=42017"},"modified":"2023-10-12T13:26:35","modified_gmt":"2023-10-12T11:26:35","slug":"uskoro-obiljezavamo-dan-broja-112","status":"publish","type":"post","link":"https:\/\/www.opuzen.hr\/grad\/uskoro-obiljezavamo-dan-broja-112\/","title":{"rendered":"Uskoro obilje\u017eavamo dan broja 112!"},"content":{"rendered":"\n<p>Vije\u0107e Europskih zajednica je 29. srpnja 1991. godine donijelo Odluku  o ustanovljenju jedinstvenog europskog broja za hitne slu\u017ebe 112  (Council Decision 91\/396\/EEC), koji sve hitne slu\u017ebe integrira u  jedinstveni sustav te se ove godine obilje\u017eava 31. ro\u0111endan jedinstvenog  europskog broja za hitne slu\u017ebe 112 u Europskoj uniji.  Predstavnici Europske komisije, Europskog parlamenta i Vije\u0107a Europe su   11. velja\u010de 2009. godine potpisali tripartitnu deklaraciju kojom je 11.   velja\u010de (11.2.) ustanovljen kao Dan europskog broja 112.<\/p>\n\n\n\n<p>  <strong>Besplatnim pozivom na broj 112 u bilo kojoj dr\u017eavi \u010dlanici Europske   unije mo\u017eete zatra\u017eiti pomo\u0107 hitnih slu\u017ebi (policije, vatrogasaca, hitne   medicinske slu\u017ebe). <\/strong> <\/p>\n\n\n\n<ul class=\"wp-block-list\"><li>Broj 112 je dostupan u svim \u010dlanicama Europske unije.<\/li><li>Pozivi na broj 112 su besplatni i dostupni od 0 do 24  sata, 7 dana u tjednu.<\/li><li>Pozivatelj ne treba znati telefonske brojeve svake pojedine hitne slu\u017ebe i teritorijalnu nadle\u017enost gdjegod se nalazio na podru\u010dju Europske unije.<\/li><li> Pozivom na broj 112 mo\u017ee se zatra\u017eiti pomo\u0107 bilo koje hitne slu\u017ebe (policija, vatrogasci, hitna medicinska<\/li><li> pomo\u0107, traganje i spa\u0161avanje na moru, gorska slu\u017eba spa\u0161avanja i dr.).<\/li><li> \u0160tedi se vrijeme jer operater nakon dojave na broj 112 alarmira sve hitne slu\u017ebe potrebne u konkretnom slu\u010daju.<\/li><li> Sustav 112 omogu\u0107ava lociranje pozivatelja u hitnoj situaciji.<\/li><li> Na broj 112 mogu se zaprimiti pozivi na stranim jezicima.<\/li><\/ul>\n\n\n\n<div class=\"wp-block-file\"><a href=\"https:\/\/www.opuzen.hr\/grad\/wp-content\/uploads\/2022\/02\/2022-Bro\u0161ura-web.pdf\">2022-Bro\u0161ura-web<\/a><a href=\"https:\/\/www.opuzen.hr\/grad\/wp-content\/uploads\/2022\/02\/2022-Bro\u0161ura-web.pdf\" class=\"wp-block-file__button\" download>Preuzmi<\/a><\/div>\n\n\n<!-- WP Attachments -->\r\n        <div style=\"width:100%;margin:10px 0 10px 0;\">\r\n            <h3>Prilozi sadr\u017eaju:<\/h3>\r\n        <ul class=\"post-attachments\"><li class=\"post-attachment mime-application-pdf\">                                \r\n<a target=\"_blank\" href=\"https:\/\/www.opuzen.hr\/grad\/uskoro-obiljezavamo-dan-broja-112\/?download=42018\">2022-Bro\u0161ura-web<\/a><div style=\"float:right;\">2 MB \/ Preuzeto: 258<\/div>\r\n<br><small><\/small><\/li><\/ul><\/div>","protected":false},"excerpt":{"rendered":"<p>Vije\u0107e Europskih zajednica je 29. srpnja 1991. godine donijelo Odluku o ustanovljenju jedinstvenog europskog broja&#8230;<\/p>\n","protected":false},"author":3,"featured_media":42020,"comment_status":"closed","ping_status":"closed","sticky":false,"template":"","format":"standard","meta":{"footnotes":""},"categories":[4],"tags":[],"class_list":["post-42017","post","type-post","status-publish","format-standard","has-post-thumbnail","hentry","category-novosti","wpcat-4-id"],"yoast_head":"<!-- This site is optimized with the Yoast SEO plugin v23.1 - https:\/\/yoast.com\/wordpress\/plugins\/seo\/ -->\n<title>Uskoro obilje\u017eavamo dan broja 112! - Grad Opuzen<\/title>\n<meta name=\"robots\" content=\"index, follow, max-snippet:-1, max-image-preview:large, max-video-preview:-1\" \/>\n<link rel=\"canonical\" href=\"https:\/\/www.opuzen.hr\/grad\/uskoro-obiljezavamo-dan-broja-112\/\" \/>\n<meta property=\"og:locale\" content=\"hr_HR\" \/>\n<meta property=\"og:type\" content=\"article\" \/>\n<meta property=\"og:title\" content=\"Uskoro obilje\u017eavamo dan broja 112! - Grad Opuzen\" \/>\n<meta property=\"og:description\" content=\"Vije\u0107e Europskih zajednica je 29. srpnja 1991. godine donijelo Odluku o ustanovljenju jedinstvenog europskog broja...\" \/>\n<meta property=\"og:url\" content=\"https:\/\/www.opuzen.hr\/grad\/uskoro-obiljezavamo-dan-broja-112\/\" \/>\n<meta property=\"og:site_name\" content=\"Grad Opuzen\" \/>\n<meta property=\"article:published_time\" content=\"2022-02-08T12:29:21+00:00\" \/>\n<meta property=\"article:modified_time\" content=\"2023-10-12T11:26:35+00:00\" \/>\n<meta property=\"og:image\" content=\"https:\/\/www.opuzen.hr\/grad\/wp-content\/uploads\/2022\/02\/112.jpg\" \/>\n\t<meta property=\"og:image:width\" content=\"448\" \/>\n\t<meta property=\"og:image:height\" content=\"500\" \/>\n\t<meta property=\"og:image:type\" content=\"image\/jpeg\" \/>\n<meta name=\"author\" content=\"Grad Opuzen\" \/>\n<meta name=\"twitter:card\" content=\"summary_large_image\" \/>\n<meta name=\"twitter:label1\" content=\"Napisao\/la\" \/>\n\t<meta name=\"twitter:data1\" content=\"Grad Opuzen\" \/>\n\t<meta name=\"twitter:label2\" content=\"Procijenjeno vrijeme \u010ditanja\" \/>\n\t<meta name=\"twitter:data2\" content=\"1 minuta\" \/>\n<script type=\"application\/ld+json\" class=\"yoast-schema-graph\">{\"@context\":\"https:\/\/schema.org\",\"@graph\":[{\"@type\":\"Article\",\"@id\":\"https:\/\/www.opuzen.hr\/grad\/uskoro-obiljezavamo-dan-broja-112\/#article\",\"isPartOf\":{\"@id\":\"https:\/\/www.opuzen.hr\/grad\/uskoro-obiljezavamo-dan-broja-112\/\"},\"author\":{\"name\":\"Grad Opuzen\",\"@id\":\"https:\/\/www.opuzen.hr\/grad\/#\/schema\/person\/0a17a9796898e9409a1fa4ca7448a481\"},\"headline\":\"Uskoro obilje\u017eavamo dan broja 112!\",\"datePublished\":\"2022-02-08T12:29:21+00:00\",\"dateModified\":\"2023-10-12T11:26:35+00:00\",\"mainEntityOfPage\":{\"@id\":\"https:\/\/www.opuzen.hr\/grad\/uskoro-obiljezavamo-dan-broja-112\/\"},\"wordCount\":219,\"publisher\":{\"@id\":\"https:\/\/www.opuzen.hr\/grad\/#organization\"},\"image\":{\"@id\":\"https:\/\/www.opuzen.hr\/grad\/uskoro-obiljezavamo-dan-broja-112\/#primaryimage\"},\"thumbnailUrl\":\"https:\/\/www.opuzen.hr\/grad\/wp-content\/uploads\/2022\/02\/112.jpg\",\"articleSection\":[\"Novosti\"],\"inLanguage\":\"hr\"},{\"@type\":\"WebPage\",\"@id\":\"https:\/\/www.opuzen.hr\/grad\/uskoro-obiljezavamo-dan-broja-112\/\",\"url\":\"https:\/\/www.opuzen.hr\/grad\/uskoro-obiljezavamo-dan-broja-112\/\",\"name\":\"Uskoro obilje\u017eavamo dan broja 112! - Grad Opuzen\",\"isPartOf\":{\"@id\":\"https:\/\/www.opuzen.hr\/grad\/#website\"},\"primaryImageOfPage\":{\"@id\":\"https:\/\/www.opuzen.hr\/grad\/uskoro-obiljezavamo-dan-broja-112\/#primaryimage\"},\"image\":{\"@id\":\"https:\/\/www.opuzen.hr\/grad\/uskoro-obiljezavamo-dan-broja-112\/#primaryimage\"},\"thumbnailUrl\":\"https:\/\/www.opuzen.hr\/grad\/wp-content\/uploads\/2022\/02\/112.jpg\",\"datePublished\":\"2022-02-08T12:29:21+00:00\",\"dateModified\":\"2023-10-12T11:26:35+00:00\",\"breadcrumb\":{\"@id\":\"https:\/\/www.opuzen.hr\/grad\/uskoro-obiljezavamo-dan-broja-112\/#breadcrumb\"},\"inLanguage\":\"hr\",\"potentialAction\":[{\"@type\":\"ReadAction\",\"target\":[\"https:\/\/www.opuzen.hr\/grad\/uskoro-obiljezavamo-dan-broja-112\/\"]}]},{\"@type\":\"ImageObject\",\"inLanguage\":\"hr\",\"@id\":\"https:\/\/www.opuzen.hr\/grad\/uskoro-obiljezavamo-dan-broja-112\/#primaryimage\",\"url\":\"https:\/\/www.opuzen.hr\/grad\/wp-content\/uploads\/2022\/02\/112.jpg\",\"contentUrl\":\"https:\/\/www.opuzen.hr\/grad\/wp-content\/uploads\/2022\/02\/112.jpg\",\"width\":\"448\",\"height\":\"500\"},{\"@type\":\"BreadcrumbList\",\"@id\":\"https:\/\/www.opuzen.hr\/grad\/uskoro-obiljezavamo-dan-broja-112\/#breadcrumb\",\"itemListElement\":[{\"@type\":\"ListItem\",\"position\":1,\"name\":\"Po\u010detna stranica\",\"item\":\"https:\/\/www.opuzen.hr\/grad\/\"},{\"@type\":\"ListItem\",\"position\":2,\"name\":\"Uskoro obilje\u017eavamo dan broja 112!\"}]},{\"@type\":\"WebSite\",\"@id\":\"https:\/\/www.opuzen.hr\/grad\/#website\",\"url\":\"https:\/\/www.opuzen.hr\/grad\/\",\"name\":\"Grad Opuzen\",\"description\":\"Slu\u017ebene mre\u017ene stranice Grada Opuzena\",\"publisher\":{\"@id\":\"https:\/\/www.opuzen.hr\/grad\/#organization\"},\"potentialAction\":[{\"@type\":\"SearchAction\",\"target\":{\"@type\":\"EntryPoint\",\"urlTemplate\":\"https:\/\/www.opuzen.hr\/grad\/?s={search_term_string}\"},\"query-input\":\"required name=search_term_string\"}],\"inLanguage\":\"hr\"},{\"@type\":\"Organization\",\"@id\":\"https:\/\/www.opuzen.hr\/grad\/#organization\",\"name\":\"Grad Opuzen\",\"url\":\"https:\/\/www.opuzen.hr\/grad\/\",\"logo\":{\"@type\":\"ImageObject\",\"inLanguage\":\"hr\",\"@id\":\"https:\/\/www.opuzen.hr\/grad\/#\/schema\/logo\/image\/\",\"url\":\"https:\/\/www.opuzen.hr\/grad\/wp-content\/uploads\/2018\/02\/logo-opuzen.jpg\",\"contentUrl\":\"https:\/\/www.opuzen.hr\/grad\/wp-content\/uploads\/2018\/02\/logo-opuzen.jpg\",\"width\":400,\"height\":400,\"caption\":\"Grad Opuzen\"},\"image\":{\"@id\":\"https:\/\/www.opuzen.hr\/grad\/#\/schema\/logo\/image\/\"}},{\"@type\":\"Person\",\"@id\":\"https:\/\/www.opuzen.hr\/grad\/#\/schema\/person\/0a17a9796898e9409a1fa4ca7448a481\",\"name\":\"Grad Opuzen\",\"image\":{\"@type\":\"ImageObject\",\"inLanguage\":\"hr\",\"@id\":\"https:\/\/www.opuzen.hr\/grad\/#\/schema\/person\/image\/\",\"url\":\"https:\/\/secure.gravatar.com\/avatar\/0c54089de4fcf14c0fe3355109a3ac05?s=96&d=mm&r=g\",\"contentUrl\":\"https:\/\/secure.gravatar.com\/avatar\/0c54089de4fcf14c0fe3355109a3ac05?s=96&d=mm&r=g\",\"caption\":\"Grad Opuzen\"},\"url\":\"https:\/\/www.opuzen.hr\/grad\/author\/admin\/\"}]}<\/script>\n<!-- \/ Yoast SEO plugin. -->","yoast_head_json":{"title":"Uskoro obilje\u017eavamo dan broja 112! - Grad Opuzen","robots":{"index":"index","follow":"follow","max-snippet":"max-snippet:-1","max-image-preview":"max-image-preview:large","max-video-preview":"max-video-preview:-1"},"canonical":"https:\/\/www.opuzen.hr\/grad\/uskoro-obiljezavamo-dan-broja-112\/","og_locale":"hr_HR","og_type":"article","og_title":"Uskoro obilje\u017eavamo dan broja 112! - Grad Opuzen","og_description":"Vije\u0107e Europskih zajednica je 29. srpnja 1991. godine donijelo Odluku o ustanovljenju jedinstvenog europskog broja...","og_url":"https:\/\/www.opuzen.hr\/grad\/uskoro-obiljezavamo-dan-broja-112\/","og_site_name":"Grad Opuzen","article_published_time":"2022-02-08T12:29:21+00:00","article_modified_time":"2023-10-12T11:26:35+00:00","og_image":[{"width":448,"height":500,"url":"https:\/\/www.opuzen.hr\/grad\/wp-content\/uploads\/2022\/02\/112.jpg","type":"image\/jpeg"}],"author":"Grad Opuzen","twitter_card":"summary_large_image","twitter_misc":{"Napisao\/la":"Grad Opuzen","Procijenjeno vrijeme \u010ditanja":"1 minuta"},"schema":{"@context":"https:\/\/schema.org","@graph":[{"@type":"Article","@id":"https:\/\/www.opuzen.hr\/grad\/uskoro-obiljezavamo-dan-broja-112\/#article","isPartOf":{"@id":"https:\/\/www.opuzen.hr\/grad\/uskoro-obiljezavamo-dan-broja-112\/"},"author":{"name":"Grad Opuzen","@id":"https:\/\/www.opuzen.hr\/grad\/#\/schema\/person\/0a17a9796898e9409a1fa4ca7448a481"},"headline":"Uskoro obilje\u017eavamo dan broja 112!","datePublished":"2022-02-08T12:29:21+00:00","dateModified":"2023-10-12T11:26:35+00:00","mainEntityOfPage":{"@id":"https:\/\/www.opuzen.hr\/grad\/uskoro-obiljezavamo-dan-broja-112\/"},"wordCount":219,"publisher":{"@id":"https:\/\/www.opuzen.hr\/grad\/#organization"},"image":{"@id":"https:\/\/www.opuzen.hr\/grad\/uskoro-obiljezavamo-dan-broja-112\/#primaryimage"},"thumbnailUrl":"https:\/\/www.opuzen.hr\/grad\/wp-content\/uploads\/2022\/02\/112.jpg","articleSection":["Novosti"],"inLanguage":"hr"},{"@type":"WebPage","@id":"https:\/\/www.opuzen.hr\/grad\/uskoro-obiljezavamo-dan-broja-112\/","url":"https:\/\/www.opuzen.hr\/grad\/uskoro-obiljezavamo-dan-broja-112\/","name":"Uskoro obilje\u017eavamo dan broja 112! - Grad Opuzen","isPartOf":{"@id":"https:\/\/www.opuzen.hr\/grad\/#website"},"primaryImageOfPage":{"@id":"https:\/\/www.opuzen.hr\/grad\/uskoro-obiljezavamo-dan-broja-112\/#primaryimage"},"image":{"@id":"https:\/\/www.opuzen.hr\/grad\/uskoro-obiljezavamo-dan-broja-112\/#primaryimage"},"thumbnailUrl":"https:\/\/www.opuzen.hr\/grad\/wp-content\/uploads\/2022\/02\/112.jpg","datePublished":"2022-02-08T12:29:21+00:00","dateModified":"2023-10-12T11:26:35+00:00","breadcrumb":{"@id":"https:\/\/www.opuzen.hr\/grad\/uskoro-obiljezavamo-dan-broja-112\/#breadcrumb"},"inLanguage":"hr","potentialAction":[{"@type":"ReadAction","target":["https:\/\/www.opuzen.hr\/grad\/uskoro-obiljezavamo-dan-broja-112\/"]}]},{"@type":"ImageObject","inLanguage":"hr","@id":"https:\/\/www.opuzen.hr\/grad\/uskoro-obiljezavamo-dan-broja-112\/#primaryimage","url":"https:\/\/www.opuzen.hr\/grad\/wp-content\/uploads\/2022\/02\/112.jpg","contentUrl":"https:\/\/www.opuzen.hr\/grad\/wp-content\/uploads\/2022\/02\/112.jpg","width":"448","height":"500"},{"@type":"BreadcrumbList","@id":"https:\/\/www.opuzen.hr\/grad\/uskoro-obiljezavamo-dan-broja-112\/#breadcrumb","itemListElement":[{"@type":"ListItem","position":1,"name":"Po\u010detna stranica","item":"https:\/\/www.opuzen.hr\/grad\/"},{"@type":"ListItem","position":2,"name":"Uskoro obilje\u017eavamo dan broja 112!"}]},{"@type":"WebSite","@id":"https:\/\/www.opuzen.hr\/grad\/#website","url":"https:\/\/www.opuzen.hr\/grad\/","name":"Grad Opuzen","description":"Slu\u017ebene mre\u017ene stranice Grada Opuzena","publisher":{"@id":"https:\/\/www.opuzen.hr\/grad\/#organization"},"potentialAction":[{"@type":"SearchAction","target":{"@type":"EntryPoint","urlTemplate":"https:\/\/www.opuzen.hr\/grad\/?s={search_term_string}"},"query-input":"required name=search_term_string"}],"inLanguage":"hr"},{"@type":"Organization","@id":"https:\/\/www.opuzen.hr\/grad\/#organization","name":"Grad Opuzen","url":"https:\/\/www.opuzen.hr\/grad\/","logo":{"@type":"ImageObject","inLanguage":"hr","@id":"https:\/\/www.opuzen.hr\/grad\/#\/schema\/logo\/image\/","url":"https:\/\/www.opuzen.hr\/grad\/wp-content\/uploads\/2018\/02\/logo-opuzen.jpg","contentUrl":"https:\/\/www.opuzen.hr\/grad\/wp-content\/uploads\/2018\/02\/logo-opuzen.jpg","width":400,"height":400,"caption":"Grad Opuzen"},"image":{"@id":"https:\/\/www.opuzen.hr\/grad\/#\/schema\/logo\/image\/"}},{"@type":"Person","@id":"https:\/\/www.opuzen.hr\/grad\/#\/schema\/person\/0a17a9796898e9409a1fa4ca7448a481","name":"Grad Opuzen","image":{"@type":"ImageObject","inLanguage":"hr","@id":"https:\/\/www.opuzen.hr\/grad\/#\/schema\/person\/image\/","url":"https:\/\/secure.gravatar.com\/avatar\/0c54089de4fcf14c0fe3355109a3ac05?s=96&d=mm&r=g","contentUrl":"https:\/\/secure.gravatar.com\/avatar\/0c54089de4fcf14c0fe3355109a3ac05?s=96&d=mm&r=g","caption":"Grad Opuzen"},"url":"https:\/\/www.opuzen.hr\/grad\/author\/admin\/"}]}},"_links":{"self":[{"href":"https:\/\/www.opuzen.hr\/grad\/wp-json\/wp\/v2\/posts\/42017"}],"collection":[{"href":"https:\/\/www.opuzen.hr\/grad\/wp-json\/wp\/v2\/posts"}],"about":[{"href":"https:\/\/www.opuzen.hr\/grad\/wp-json\/wp\/v2\/types\/post"}],"author":[{"embeddable":true,"href":"https:\/\/www.opuzen.hr\/grad\/wp-json\/wp\/v2\/users\/3"}],"replies":[{"embeddable":true,"href":"https:\/\/www.opuzen.hr\/grad\/wp-json\/wp\/v2\/comments?post=42017"}],"version-history":[{"count":1,"href":"https:\/\/www.opuzen.hr\/grad\/wp-json\/wp\/v2\/posts\/42017\/revisions"}],"predecessor-version":[{"id":42019,"href":"https:\/\/www.opuzen.hr\/grad\/wp-json\/wp\/v2\/posts\/42017\/revisions\/42019"}],"wp:featuredmedia":[{"embeddable":true,"href":"https:\/\/www.opuzen.hr\/grad\/wp-json\/wp\/v2\/media\/42020"}],"wp:attachment":[{"href":"https:\/\/www.opuzen.hr\/grad\/wp-json\/wp\/v2\/media?parent=42017"}],"wp:term":[{"taxonomy":"category","embeddable":true,"href":"https:\/\/www.opuzen.hr\/grad\/wp-json\/wp\/v2\/categories?post=42017"},{"taxonomy":"post_tag","embeddable":true,"href":"https:\/\/www.opuzen.hr\/grad\/wp-json\/wp\/v2\/tags?post=42017"}],"curies":[{"name":"wp","href":"https:\/\/api.w.org\/{rel}","templated":true}]}}