{"id":42075,"date":"2022-03-07T09:36:30","date_gmt":"2022-03-07T08:36:30","guid":{"rendered":"https:\/\/www.opuzen.hr\/grad\/?p=42075"},"modified":"2023-10-12T13:26:19","modified_gmt":"2023-10-12T11:26:19","slug":"tecaj-prerade-voca","status":"publish","type":"post","link":"https:\/\/www.opuzen.hr\/grad\/tecaj-prerade-voca\/","title":{"rendered":"Te\u010daj prerade vo\u0107a"},"content":{"rendered":"\n<p>U organizaciji Ministarstva poljoprivrede, Uprave\nza stru\u010dnu podr\u0161ku razvoju poljoprivrede, u okviru Mjere 1 &#8220;Preno\u0161enje\nznanja i aktivnosti informiranja&#8221;, planira se izvedba te\u010daja \u201e<strong>Prerada vo\u0107a<\/strong>\u201c &nbsp;za poljoprivrednike, u trajanju\n22.3.-25.3.2022. na podru\u010dju Neretve. <\/p>\n\n\n\n<p>Te\u010daj je&nbsp;\nnamijenjen svim zainteresiranim poljoprivrednicima, koji su upisani u\nUpisnik poljoprivrednika kao nositelji ili \u010dlanovi, bilo da se ve\u0107 bave\npreradom vo\u0107a ili to tek namjeravaju. Program edukacije sadr\u017ei teme koje\nobra\u0111uju preradu vo\u0107a u sok, d\u017eem, marmeladu, pekmez, kompot, ulje, vo\u0107ni ocat,\nvo\u0107no vino, vo\u0107ne rakije i su\u0161enje vo\u0107a. Sudionicima izobrazbe koji&nbsp; zavr\u0161e program osposobljavanja izdaje se\npotvrda o zavr\u0161enom programu osposobljavanja, koja&nbsp; kasnije slu\u017ei za upis dopunskih djelatnosti\nprerade vo\u0107a na OPG-u , a poha\u0111anje te\u010daja za polaznike je besplatno.<\/p>\n\n\n\n<p>Da bi organizacija i provedba te\u010daja bila \u0161to\nuspje\u0161nija, pozivamo zainteresirane da se jave putem e-po\u0161te: &#122;&#x6f;r&#97;&#x6e;&#46;&#x6b;&#x61;&#106;&#x69;c&#64;&#x6d;p&#115;&#x2e;&#104;&#x72;\nili na mobitel 091\/488-2786, pozivom ili slanjem poruke da \u017eele poha\u0111ati te\u010daj\niz prerade vo\u0107a, uz \u0161to \u0107e navesti svoje ime i prezime i mati\u010dni broj OPG-a,\nSOPG-a, PG-a kojeg su \u010dlanovi. Za sve ostale informacije se javite na mobitel\nili putem e-po\u0161te.<\/p>\n\n\n\n<p>Do sada imamo odre\u0111eni broj prijava, stoga ako\nste zainteresirani za te\u010daj, ne oklijevajte, ve\u0107 se javite \u010dim prije da mo\u017eemo\nprema polaznicima prilagoditi lokaciju izvo\u0111enja te\u010daja, a u slu\u010daju pove\u0107anog\ninteresa mo\u017eemo po potrebi ponoviti te\u010daj.<\/p>\n","protected":false},"excerpt":{"rendered":"<p>U organizaciji Ministarstva poljoprivrede, Uprave za stru\u010dnu podr\u0161ku razvoju poljoprivrede, u okviru Mjere 1 &#8220;Preno\u0161enje&#8230;<\/p>\n","protected":false},"author":3,"featured_media":42076,"comment_status":"closed","ping_status":"closed","sticky":false,"template":"","format":"standard","meta":{"footnotes":""},"categories":[4],"tags":[],"class_list":["post-42075","post","type-post","status-publish","format-standard","has-post-thumbnail","hentry","category-novosti","wpcat-4-id"],"yoast_head":"<!-- This site is optimized with the Yoast SEO plugin v23.1 - https:\/\/yoast.com\/wordpress\/plugins\/seo\/ -->\n<title>Te\u010daj prerade vo\u0107a - Grad Opuzen<\/title>\n<meta name=\"robots\" content=\"index, follow, max-snippet:-1, max-image-preview:large, max-video-preview:-1\" \/>\n<link rel=\"canonical\" href=\"https:\/\/www.opuzen.hr\/grad\/tecaj-prerade-voca\/\" \/>\n<meta property=\"og:locale\" content=\"hr_HR\" \/>\n<meta property=\"og:type\" content=\"article\" \/>\n<meta property=\"og:title\" content=\"Te\u010daj prerade vo\u0107a - Grad Opuzen\" \/>\n<meta property=\"og:description\" content=\"U organizaciji Ministarstva poljoprivrede, Uprave za stru\u010dnu podr\u0161ku razvoju poljoprivrede, u okviru Mjere 1 &#8220;Preno\u0161enje...\" \/>\n<meta property=\"og:url\" content=\"https:\/\/www.opuzen.hr\/grad\/tecaj-prerade-voca\/\" \/>\n<meta property=\"og:site_name\" content=\"Grad Opuzen\" \/>\n<meta property=\"article:published_time\" content=\"2022-03-07T08:36:30+00:00\" \/>\n<meta property=\"article:modified_time\" content=\"2023-10-12T11:26:19+00:00\" \/>\n<meta property=\"og:image\" content=\"https:\/\/www.opuzen.hr\/grad\/wp-content\/uploads\/2022\/03\/140814-nabu-apfelernte-im-muensterland-bernd-schaller4.jpeg\" \/>\n\t<meta property=\"og:image:width\" content=\"680\" \/>\n\t<meta property=\"og:image:height\" content=\"453\" \/>\n\t<meta property=\"og:image:type\" content=\"image\/jpeg\" \/>\n<meta name=\"author\" content=\"Grad Opuzen\" \/>\n<meta name=\"twitter:card\" content=\"summary_large_image\" \/>\n<meta name=\"twitter:label1\" content=\"Napisao\/la\" \/>\n\t<meta name=\"twitter:data1\" content=\"Grad Opuzen\" \/>\n\t<meta name=\"twitter:label2\" content=\"Procijenjeno vrijeme \u010ditanja\" \/>\n\t<meta name=\"twitter:data2\" content=\"1 minuta\" \/>\n<script type=\"application\/ld+json\" class=\"yoast-schema-graph\">{\"@context\":\"https:\/\/schema.org\",\"@graph\":[{\"@type\":\"Article\",\"@id\":\"https:\/\/www.opuzen.hr\/grad\/tecaj-prerade-voca\/#article\",\"isPartOf\":{\"@id\":\"https:\/\/www.opuzen.hr\/grad\/tecaj-prerade-voca\/\"},\"author\":{\"name\":\"Grad Opuzen\",\"@id\":\"https:\/\/www.opuzen.hr\/grad\/#\/schema\/person\/0a17a9796898e9409a1fa4ca7448a481\"},\"headline\":\"Te\u010daj prerade vo\u0107a\",\"datePublished\":\"2022-03-07T08:36:30+00:00\",\"dateModified\":\"2023-10-12T11:26:19+00:00\",\"mainEntityOfPage\":{\"@id\":\"https:\/\/www.opuzen.hr\/grad\/tecaj-prerade-voca\/\"},\"wordCount\":263,\"publisher\":{\"@id\":\"https:\/\/www.opuzen.hr\/grad\/#organization\"},\"image\":{\"@id\":\"https:\/\/www.opuzen.hr\/grad\/tecaj-prerade-voca\/#primaryimage\"},\"thumbnailUrl\":\"https:\/\/www.opuzen.hr\/grad\/wp-content\/uploads\/2022\/03\/140814-nabu-apfelernte-im-muensterland-bernd-schaller4.jpeg\",\"articleSection\":[\"Novosti\"],\"inLanguage\":\"hr\"},{\"@type\":\"WebPage\",\"@id\":\"https:\/\/www.opuzen.hr\/grad\/tecaj-prerade-voca\/\",\"url\":\"https:\/\/www.opuzen.hr\/grad\/tecaj-prerade-voca\/\",\"name\":\"Te\u010daj prerade vo\u0107a - Grad Opuzen\",\"isPartOf\":{\"@id\":\"https:\/\/www.opuzen.hr\/grad\/#website\"},\"primaryImageOfPage\":{\"@id\":\"https:\/\/www.opuzen.hr\/grad\/tecaj-prerade-voca\/#primaryimage\"},\"image\":{\"@id\":\"https:\/\/www.opuzen.hr\/grad\/tecaj-prerade-voca\/#primaryimage\"},\"thumbnailUrl\":\"https:\/\/www.opuzen.hr\/grad\/wp-content\/uploads\/2022\/03\/140814-nabu-apfelernte-im-muensterland-bernd-schaller4.jpeg\",\"datePublished\":\"2022-03-07T08:36:30+00:00\",\"dateModified\":\"2023-10-12T11:26:19+00:00\",\"breadcrumb\":{\"@id\":\"https:\/\/www.opuzen.hr\/grad\/tecaj-prerade-voca\/#breadcrumb\"},\"inLanguage\":\"hr\",\"potentialAction\":[{\"@type\":\"ReadAction\",\"target\":[\"https:\/\/www.opuzen.hr\/grad\/tecaj-prerade-voca\/\"]}]},{\"@type\":\"ImageObject\",\"inLanguage\":\"hr\",\"@id\":\"https:\/\/www.opuzen.hr\/grad\/tecaj-prerade-voca\/#primaryimage\",\"url\":\"https:\/\/www.opuzen.hr\/grad\/wp-content\/uploads\/2022\/03\/140814-nabu-apfelernte-im-muensterland-bernd-schaller4.jpeg\",\"contentUrl\":\"https:\/\/www.opuzen.hr\/grad\/wp-content\/uploads\/2022\/03\/140814-nabu-apfelernte-im-muensterland-bernd-schaller4.jpeg\",\"width\":\"680\",\"height\":\"453\"},{\"@type\":\"BreadcrumbList\",\"@id\":\"https:\/\/www.opuzen.hr\/grad\/tecaj-prerade-voca\/#breadcrumb\",\"itemListElement\":[{\"@type\":\"ListItem\",\"position\":1,\"name\":\"Po\u010detna stranica\",\"item\":\"https:\/\/www.opuzen.hr\/grad\/\"},{\"@type\":\"ListItem\",\"position\":2,\"name\":\"Te\u010daj prerade vo\u0107a\"}]},{\"@type\":\"WebSite\",\"@id\":\"https:\/\/www.opuzen.hr\/grad\/#website\",\"url\":\"https:\/\/www.opuzen.hr\/grad\/\",\"name\":\"Grad Opuzen\",\"description\":\"Slu\u017ebene mre\u017ene stranice Grada Opuzena\",\"publisher\":{\"@id\":\"https:\/\/www.opuzen.hr\/grad\/#organization\"},\"potentialAction\":[{\"@type\":\"SearchAction\",\"target\":{\"@type\":\"EntryPoint\",\"urlTemplate\":\"https:\/\/www.opuzen.hr\/grad\/?s={search_term_string}\"},\"query-input\":\"required name=search_term_string\"}],\"inLanguage\":\"hr\"},{\"@type\":\"Organization\",\"@id\":\"https:\/\/www.opuzen.hr\/grad\/#organization\",\"name\":\"Grad Opuzen\",\"url\":\"https:\/\/www.opuzen.hr\/grad\/\",\"logo\":{\"@type\":\"ImageObject\",\"inLanguage\":\"hr\",\"@id\":\"https:\/\/www.opuzen.hr\/grad\/#\/schema\/logo\/image\/\",\"url\":\"https:\/\/www.opuzen.hr\/grad\/wp-content\/uploads\/2018\/02\/logo-opuzen.jpg\",\"contentUrl\":\"https:\/\/www.opuzen.hr\/grad\/wp-content\/uploads\/2018\/02\/logo-opuzen.jpg\",\"width\":400,\"height\":400,\"caption\":\"Grad Opuzen\"},\"image\":{\"@id\":\"https:\/\/www.opuzen.hr\/grad\/#\/schema\/logo\/image\/\"}},{\"@type\":\"Person\",\"@id\":\"https:\/\/www.opuzen.hr\/grad\/#\/schema\/person\/0a17a9796898e9409a1fa4ca7448a481\",\"name\":\"Grad Opuzen\",\"image\":{\"@type\":\"ImageObject\",\"inLanguage\":\"hr\",\"@id\":\"https:\/\/www.opuzen.hr\/grad\/#\/schema\/person\/image\/\",\"url\":\"https:\/\/secure.gravatar.com\/avatar\/0c54089de4fcf14c0fe3355109a3ac05?s=96&d=mm&r=g\",\"contentUrl\":\"https:\/\/secure.gravatar.com\/avatar\/0c54089de4fcf14c0fe3355109a3ac05?s=96&d=mm&r=g\",\"caption\":\"Grad Opuzen\"},\"url\":\"https:\/\/www.opuzen.hr\/grad\/author\/admin\/\"}]}<\/script>\n<!-- \/ Yoast SEO plugin. -->","yoast_head_json":{"title":"Te\u010daj prerade vo\u0107a - Grad Opuzen","robots":{"index":"index","follow":"follow","max-snippet":"max-snippet:-1","max-image-preview":"max-image-preview:large","max-video-preview":"max-video-preview:-1"},"canonical":"https:\/\/www.opuzen.hr\/grad\/tecaj-prerade-voca\/","og_locale":"hr_HR","og_type":"article","og_title":"Te\u010daj prerade vo\u0107a - Grad Opuzen","og_description":"U organizaciji Ministarstva poljoprivrede, Uprave za stru\u010dnu podr\u0161ku razvoju poljoprivrede, u okviru Mjere 1 &#8220;Preno\u0161enje...","og_url":"https:\/\/www.opuzen.hr\/grad\/tecaj-prerade-voca\/","og_site_name":"Grad Opuzen","article_published_time":"2022-03-07T08:36:30+00:00","article_modified_time":"2023-10-12T11:26:19+00:00","og_image":[{"width":680,"height":453,"url":"https:\/\/www.opuzen.hr\/grad\/wp-content\/uploads\/2022\/03\/140814-nabu-apfelernte-im-muensterland-bernd-schaller4.jpeg","type":"image\/jpeg"}],"author":"Grad Opuzen","twitter_card":"summary_large_image","twitter_misc":{"Napisao\/la":"Grad Opuzen","Procijenjeno vrijeme \u010ditanja":"1 minuta"},"schema":{"@context":"https:\/\/schema.org","@graph":[{"@type":"Article","@id":"https:\/\/www.opuzen.hr\/grad\/tecaj-prerade-voca\/#article","isPartOf":{"@id":"https:\/\/www.opuzen.hr\/grad\/tecaj-prerade-voca\/"},"author":{"name":"Grad Opuzen","@id":"https:\/\/www.opuzen.hr\/grad\/#\/schema\/person\/0a17a9796898e9409a1fa4ca7448a481"},"headline":"Te\u010daj prerade vo\u0107a","datePublished":"2022-03-07T08:36:30+00:00","dateModified":"2023-10-12T11:26:19+00:00","mainEntityOfPage":{"@id":"https:\/\/www.opuzen.hr\/grad\/tecaj-prerade-voca\/"},"wordCount":263,"publisher":{"@id":"https:\/\/www.opuzen.hr\/grad\/#organization"},"image":{"@id":"https:\/\/www.opuzen.hr\/grad\/tecaj-prerade-voca\/#primaryimage"},"thumbnailUrl":"https:\/\/www.opuzen.hr\/grad\/wp-content\/uploads\/2022\/03\/140814-nabu-apfelernte-im-muensterland-bernd-schaller4.jpeg","articleSection":["Novosti"],"inLanguage":"hr"},{"@type":"WebPage","@id":"https:\/\/www.opuzen.hr\/grad\/tecaj-prerade-voca\/","url":"https:\/\/www.opuzen.hr\/grad\/tecaj-prerade-voca\/","name":"Te\u010daj prerade vo\u0107a - Grad Opuzen","isPartOf":{"@id":"https:\/\/www.opuzen.hr\/grad\/#website"},"primaryImageOfPage":{"@id":"https:\/\/www.opuzen.hr\/grad\/tecaj-prerade-voca\/#primaryimage"},"image":{"@id":"https:\/\/www.opuzen.hr\/grad\/tecaj-prerade-voca\/#primaryimage"},"thumbnailUrl":"https:\/\/www.opuzen.hr\/grad\/wp-content\/uploads\/2022\/03\/140814-nabu-apfelernte-im-muensterland-bernd-schaller4.jpeg","datePublished":"2022-03-07T08:36:30+00:00","dateModified":"2023-10-12T11:26:19+00:00","breadcrumb":{"@id":"https:\/\/www.opuzen.hr\/grad\/tecaj-prerade-voca\/#breadcrumb"},"inLanguage":"hr","potentialAction":[{"@type":"ReadAction","target":["https:\/\/www.opuzen.hr\/grad\/tecaj-prerade-voca\/"]}]},{"@type":"ImageObject","inLanguage":"hr","@id":"https:\/\/www.opuzen.hr\/grad\/tecaj-prerade-voca\/#primaryimage","url":"https:\/\/www.opuzen.hr\/grad\/wp-content\/uploads\/2022\/03\/140814-nabu-apfelernte-im-muensterland-bernd-schaller4.jpeg","contentUrl":"https:\/\/www.opuzen.hr\/grad\/wp-content\/uploads\/2022\/03\/140814-nabu-apfelernte-im-muensterland-bernd-schaller4.jpeg","width":"680","height":"453"},{"@type":"BreadcrumbList","@id":"https:\/\/www.opuzen.hr\/grad\/tecaj-prerade-voca\/#breadcrumb","itemListElement":[{"@type":"ListItem","position":1,"name":"Po\u010detna stranica","item":"https:\/\/www.opuzen.hr\/grad\/"},{"@type":"ListItem","position":2,"name":"Te\u010daj prerade vo\u0107a"}]},{"@type":"WebSite","@id":"https:\/\/www.opuzen.hr\/grad\/#website","url":"https:\/\/www.opuzen.hr\/grad\/","name":"Grad Opuzen","description":"Slu\u017ebene mre\u017ene stranice Grada Opuzena","publisher":{"@id":"https:\/\/www.opuzen.hr\/grad\/#organization"},"potentialAction":[{"@type":"SearchAction","target":{"@type":"EntryPoint","urlTemplate":"https:\/\/www.opuzen.hr\/grad\/?s={search_term_string}"},"query-input":"required name=search_term_string"}],"inLanguage":"hr"},{"@type":"Organization","@id":"https:\/\/www.opuzen.hr\/grad\/#organization","name":"Grad Opuzen","url":"https:\/\/www.opuzen.hr\/grad\/","logo":{"@type":"ImageObject","inLanguage":"hr","@id":"https:\/\/www.opuzen.hr\/grad\/#\/schema\/logo\/image\/","url":"https:\/\/www.opuzen.hr\/grad\/wp-content\/uploads\/2018\/02\/logo-opuzen.jpg","contentUrl":"https:\/\/www.opuzen.hr\/grad\/wp-content\/uploads\/2018\/02\/logo-opuzen.jpg","width":400,"height":400,"caption":"Grad Opuzen"},"image":{"@id":"https:\/\/www.opuzen.hr\/grad\/#\/schema\/logo\/image\/"}},{"@type":"Person","@id":"https:\/\/www.opuzen.hr\/grad\/#\/schema\/person\/0a17a9796898e9409a1fa4ca7448a481","name":"Grad Opuzen","image":{"@type":"ImageObject","inLanguage":"hr","@id":"https:\/\/www.opuzen.hr\/grad\/#\/schema\/person\/image\/","url":"https:\/\/secure.gravatar.com\/avatar\/0c54089de4fcf14c0fe3355109a3ac05?s=96&d=mm&r=g","contentUrl":"https:\/\/secure.gravatar.com\/avatar\/0c54089de4fcf14c0fe3355109a3ac05?s=96&d=mm&r=g","caption":"Grad Opuzen"},"url":"https:\/\/www.opuzen.hr\/grad\/author\/admin\/"}]}},"_links":{"self":[{"href":"https:\/\/www.opuzen.hr\/grad\/wp-json\/wp\/v2\/posts\/42075"}],"collection":[{"href":"https:\/\/www.opuzen.hr\/grad\/wp-json\/wp\/v2\/posts"}],"about":[{"href":"https:\/\/www.opuzen.hr\/grad\/wp-json\/wp\/v2\/types\/post"}],"author":[{"embeddable":true,"href":"https:\/\/www.opuzen.hr\/grad\/wp-json\/wp\/v2\/users\/3"}],"replies":[{"embeddable":true,"href":"https:\/\/www.opuzen.hr\/grad\/wp-json\/wp\/v2\/comments?post=42075"}],"version-history":[{"count":1,"href":"https:\/\/www.opuzen.hr\/grad\/wp-json\/wp\/v2\/posts\/42075\/revisions"}],"predecessor-version":[{"id":42077,"href":"https:\/\/www.opuzen.hr\/grad\/wp-json\/wp\/v2\/posts\/42075\/revisions\/42077"}],"wp:featuredmedia":[{"embeddable":true,"href":"https:\/\/www.opuzen.hr\/grad\/wp-json\/wp\/v2\/media\/42076"}],"wp:attachment":[{"href":"https:\/\/www.opuzen.hr\/grad\/wp-json\/wp\/v2\/media?parent=42075"}],"wp:term":[{"taxonomy":"category","embeddable":true,"href":"https:\/\/www.opuzen.hr\/grad\/wp-json\/wp\/v2\/categories?post=42075"},{"taxonomy":"post_tag","embeddable":true,"href":"https:\/\/www.opuzen.hr\/grad\/wp-json\/wp\/v2\/tags?post=42075"}],"curies":[{"name":"wp","href":"https:\/\/api.w.org\/{rel}","templated":true}]}}