{"id":42207,"date":"2022-03-22T14:43:21","date_gmt":"2022-03-22T13:43:21","guid":{"rendered":"https:\/\/www.opuzen.hr\/grad\/?p=42207"},"modified":"2023-10-12T13:26:19","modified_gmt":"2023-10-12T11:26:19","slug":"sastalo-povjerenstvo-za-mandarine-u-opuzenu","status":"publish","type":"post","link":"https:\/\/www.opuzen.hr\/grad\/sastalo-povjerenstvo-za-mandarine-u-opuzenu\/","title":{"rendered":"Sastalo se Povjerenstvo za mandarine u Opuzenu"},"content":{"rendered":"\n<p>18. o\u017eujka 2022, na  pro\u0161irenoj Sjednici  Povjerenstva za mandarine Dubrova\u010dko-neretvanske \u017eupanije, u Opuzenu su  uz \u010dlanove Povjerenstva bili nazo\u010dni i djelatnici Zavoda za mediteranske  kulture, Sveu\u010dili\u0161ta u Dubrovniku. Uprili\u010dene su dvije prezentacije na  temu \u201cMati\u010dnjak visokih kategorija agruma, Poku\u0161ali\u0161te \u010ciba\u010da\u201d i  \u201cKorelacija uzgojnih uvjeta i kakvo\u0107e uroda ranih sorata mandarine  Zorica rana, Ichumare, Iwasaki u dolini Neretve\u201d.<\/p>\n\n\n\n<p>Mati\u010dnjak visokih kategorija agruma je\n projekt bezvirusnog mati\u010dnog nasada agruma, \u010dije odr\u017eavanje se provodi u\n Poku\u0161ali\u0161tu \u010ciba\u010da. Radi se o projektu financiranom u sklopu programa \npodizanja kvalitete mati\u010dnih nasada koje provodi Ministarstvo \npoljoprivrede. Temeljne aktivnosti Programa su nabava\/ozdravljenje vrsta\n i sorata agruma \u2013 sortna lista RH, izgradnja tzv. mre\u017earnika, \neksploatacija nasada i kao nastavak Programa \u2013 uspostava Regionalnog \nlaboratorijskog centra za pra\u0107enje zdravstvenog stanja bilja, podizanje \nosnovnog mati\u010dnog nasada na otvorenom i introdukcija novog sortimenta.<\/p>\n\n\n\n<p>Cilj predstavljenog stru\u010dno \nistra\u017eiva\u010dkog projekta o ranim sortama mandarina je utvrditi optimalne \nrokove berbe za spomenute sorte na lokalitetima kojima bi se pokrili sva\n mikroklimatski razli\u010dita podru\u010dja Neretve. Nadalje, ustanoviti \nobilje\u017eja sorata na ispitivanim lokalitetima i ponuditi prijedlog sorte \nza sadnju novih i obnovu starih agrumika za pojedine lokalitete. \nLokaliteti obuhva\u0107eni ovim stru\u010dno-istra\u017eiva\u010dkim projektom su Vidrice, \nJasenska, Bostanac, Modri\u010d, Glog i podru\u010dje Metkovi\u0107a.<\/p>\n\n\n\n<p>Na sjednici su predstavljeni rezultati  mjerenja saliniteta na podru\u010dju doline Neretve te \u0161tetnosti djelovanja  prodora slane vode u obuhvatu Donje Neretve, koje provode Fakultet  gra\u0111evinarstva arhitekture i geodezije Sveu\u010dili\u0161ta u Splitu, Hrvatske  vode i DUNEA u sklopu europskog projekta MoST.&nbsp;Predstavljen je i projekt  Sustav navodnjavanja \u201eGlog\u201c koji je zavr\u0161en, te za koji je ishodovana  Uporabna dozvola koja jo\u0161 nije pravomo\u0107na. Da bi se Sustav stavio u  funkciju potrebno ga je predati na upravljanje certificiranim tvrtkama  za koje \u0107e biti raspisana javna nabava \u2013 istaknuto je danas u Opuzenu.<\/p>\n","protected":false},"excerpt":{"rendered":"<p>18. o\u017eujka 2022, na pro\u0161irenoj Sjednici Povjerenstva za mandarine Dubrova\u010dko-neretvanske \u017eupanije, u Opuzenu su uz&#8230;<\/p>\n","protected":false},"author":3,"featured_media":42208,"comment_status":"closed","ping_status":"closed","sticky":false,"template":"","format":"standard","meta":{"footnotes":""},"categories":[4],"tags":[],"class_list":["post-42207","post","type-post","status-publish","format-standard","has-post-thumbnail","hentry","category-novosti","wpcat-4-id"],"yoast_head":"<!-- This site is optimized with the Yoast SEO plugin v23.1 - https:\/\/yoast.com\/wordpress\/plugins\/seo\/ -->\n<title>Sastalo se Povjerenstvo za mandarine u Opuzenu - Grad Opuzen<\/title>\n<meta name=\"robots\" content=\"index, follow, max-snippet:-1, max-image-preview:large, max-video-preview:-1\" \/>\n<link rel=\"canonical\" href=\"https:\/\/www.opuzen.hr\/grad\/sastalo-povjerenstvo-za-mandarine-u-opuzenu\/\" \/>\n<meta property=\"og:locale\" content=\"hr_HR\" \/>\n<meta property=\"og:type\" content=\"article\" \/>\n<meta property=\"og:title\" content=\"Sastalo se Povjerenstvo za mandarine u Opuzenu - Grad Opuzen\" \/>\n<meta property=\"og:description\" content=\"18. o\u017eujka 2022, na pro\u0161irenoj Sjednici Povjerenstva za mandarine Dubrova\u010dko-neretvanske \u017eupanije, u Opuzenu su uz...\" \/>\n<meta property=\"og:url\" content=\"https:\/\/www.opuzen.hr\/grad\/sastalo-povjerenstvo-za-mandarine-u-opuzenu\/\" \/>\n<meta property=\"og:site_name\" content=\"Grad Opuzen\" \/>\n<meta property=\"article:published_time\" content=\"2022-03-22T13:43:21+00:00\" \/>\n<meta property=\"article:modified_time\" content=\"2023-10-12T11:26:19+00:00\" \/>\n<meta property=\"og:image\" content=\"https:\/\/www.opuzen.hr\/grad\/wp-content\/uploads\/2022\/03\/SLIKA-3-crop.jpg\" \/>\n\t<meta property=\"og:image:width\" content=\"1200\" \/>\n\t<meta property=\"og:image:height\" content=\"800\" \/>\n\t<meta property=\"og:image:type\" content=\"image\/jpeg\" \/>\n<meta name=\"author\" content=\"Grad Opuzen\" \/>\n<meta name=\"twitter:card\" content=\"summary_large_image\" \/>\n<meta name=\"twitter:label1\" content=\"Napisao\/la\" \/>\n\t<meta name=\"twitter:data1\" content=\"Grad Opuzen\" \/>\n\t<meta name=\"twitter:label2\" content=\"Procijenjeno vrijeme \u010ditanja\" \/>\n\t<meta name=\"twitter:data2\" content=\"2 minute\" \/>\n<script type=\"application\/ld+json\" class=\"yoast-schema-graph\">{\"@context\":\"https:\/\/schema.org\",\"@graph\":[{\"@type\":\"Article\",\"@id\":\"https:\/\/www.opuzen.hr\/grad\/sastalo-povjerenstvo-za-mandarine-u-opuzenu\/#article\",\"isPartOf\":{\"@id\":\"https:\/\/www.opuzen.hr\/grad\/sastalo-povjerenstvo-za-mandarine-u-opuzenu\/\"},\"author\":{\"name\":\"Grad Opuzen\",\"@id\":\"https:\/\/www.opuzen.hr\/grad\/#\/schema\/person\/0a17a9796898e9409a1fa4ca7448a481\"},\"headline\":\"Sastalo se Povjerenstvo za mandarine u Opuzenu\",\"datePublished\":\"2022-03-22T13:43:21+00:00\",\"dateModified\":\"2023-10-12T11:26:19+00:00\",\"mainEntityOfPage\":{\"@id\":\"https:\/\/www.opuzen.hr\/grad\/sastalo-povjerenstvo-za-mandarine-u-opuzenu\/\"},\"wordCount\":328,\"publisher\":{\"@id\":\"https:\/\/www.opuzen.hr\/grad\/#organization\"},\"image\":{\"@id\":\"https:\/\/www.opuzen.hr\/grad\/sastalo-povjerenstvo-za-mandarine-u-opuzenu\/#primaryimage\"},\"thumbnailUrl\":\"https:\/\/www.opuzen.hr\/grad\/wp-content\/uploads\/2022\/03\/SLIKA-3-crop.jpg\",\"articleSection\":[\"Novosti\"],\"inLanguage\":\"hr\"},{\"@type\":\"WebPage\",\"@id\":\"https:\/\/www.opuzen.hr\/grad\/sastalo-povjerenstvo-za-mandarine-u-opuzenu\/\",\"url\":\"https:\/\/www.opuzen.hr\/grad\/sastalo-povjerenstvo-za-mandarine-u-opuzenu\/\",\"name\":\"Sastalo se Povjerenstvo za mandarine u Opuzenu - Grad Opuzen\",\"isPartOf\":{\"@id\":\"https:\/\/www.opuzen.hr\/grad\/#website\"},\"primaryImageOfPage\":{\"@id\":\"https:\/\/www.opuzen.hr\/grad\/sastalo-povjerenstvo-za-mandarine-u-opuzenu\/#primaryimage\"},\"image\":{\"@id\":\"https:\/\/www.opuzen.hr\/grad\/sastalo-povjerenstvo-za-mandarine-u-opuzenu\/#primaryimage\"},\"thumbnailUrl\":\"https:\/\/www.opuzen.hr\/grad\/wp-content\/uploads\/2022\/03\/SLIKA-3-crop.jpg\",\"datePublished\":\"2022-03-22T13:43:21+00:00\",\"dateModified\":\"2023-10-12T11:26:19+00:00\",\"breadcrumb\":{\"@id\":\"https:\/\/www.opuzen.hr\/grad\/sastalo-povjerenstvo-za-mandarine-u-opuzenu\/#breadcrumb\"},\"inLanguage\":\"hr\",\"potentialAction\":[{\"@type\":\"ReadAction\",\"target\":[\"https:\/\/www.opuzen.hr\/grad\/sastalo-povjerenstvo-za-mandarine-u-opuzenu\/\"]}]},{\"@type\":\"ImageObject\",\"inLanguage\":\"hr\",\"@id\":\"https:\/\/www.opuzen.hr\/grad\/sastalo-povjerenstvo-za-mandarine-u-opuzenu\/#primaryimage\",\"url\":\"https:\/\/www.opuzen.hr\/grad\/wp-content\/uploads\/2022\/03\/SLIKA-3-crop.jpg\",\"contentUrl\":\"https:\/\/www.opuzen.hr\/grad\/wp-content\/uploads\/2022\/03\/SLIKA-3-crop.jpg\",\"width\":\"1200\",\"height\":\"800\"},{\"@type\":\"BreadcrumbList\",\"@id\":\"https:\/\/www.opuzen.hr\/grad\/sastalo-povjerenstvo-za-mandarine-u-opuzenu\/#breadcrumb\",\"itemListElement\":[{\"@type\":\"ListItem\",\"position\":1,\"name\":\"Po\u010detna stranica\",\"item\":\"https:\/\/www.opuzen.hr\/grad\/\"},{\"@type\":\"ListItem\",\"position\":2,\"name\":\"Sastalo se Povjerenstvo za mandarine u Opuzenu\"}]},{\"@type\":\"WebSite\",\"@id\":\"https:\/\/www.opuzen.hr\/grad\/#website\",\"url\":\"https:\/\/www.opuzen.hr\/grad\/\",\"name\":\"Grad Opuzen\",\"description\":\"Slu\u017ebene mre\u017ene stranice Grada Opuzena\",\"publisher\":{\"@id\":\"https:\/\/www.opuzen.hr\/grad\/#organization\"},\"potentialAction\":[{\"@type\":\"SearchAction\",\"target\":{\"@type\":\"EntryPoint\",\"urlTemplate\":\"https:\/\/www.opuzen.hr\/grad\/?s={search_term_string}\"},\"query-input\":\"required name=search_term_string\"}],\"inLanguage\":\"hr\"},{\"@type\":\"Organization\",\"@id\":\"https:\/\/www.opuzen.hr\/grad\/#organization\",\"name\":\"Grad Opuzen\",\"url\":\"https:\/\/www.opuzen.hr\/grad\/\",\"logo\":{\"@type\":\"ImageObject\",\"inLanguage\":\"hr\",\"@id\":\"https:\/\/www.opuzen.hr\/grad\/#\/schema\/logo\/image\/\",\"url\":\"https:\/\/www.opuzen.hr\/grad\/wp-content\/uploads\/2018\/02\/logo-opuzen.jpg\",\"contentUrl\":\"https:\/\/www.opuzen.hr\/grad\/wp-content\/uploads\/2018\/02\/logo-opuzen.jpg\",\"width\":400,\"height\":400,\"caption\":\"Grad Opuzen\"},\"image\":{\"@id\":\"https:\/\/www.opuzen.hr\/grad\/#\/schema\/logo\/image\/\"}},{\"@type\":\"Person\",\"@id\":\"https:\/\/www.opuzen.hr\/grad\/#\/schema\/person\/0a17a9796898e9409a1fa4ca7448a481\",\"name\":\"Grad Opuzen\",\"image\":{\"@type\":\"ImageObject\",\"inLanguage\":\"hr\",\"@id\":\"https:\/\/www.opuzen.hr\/grad\/#\/schema\/person\/image\/\",\"url\":\"https:\/\/secure.gravatar.com\/avatar\/0c54089de4fcf14c0fe3355109a3ac05?s=96&d=mm&r=g\",\"contentUrl\":\"https:\/\/secure.gravatar.com\/avatar\/0c54089de4fcf14c0fe3355109a3ac05?s=96&d=mm&r=g\",\"caption\":\"Grad Opuzen\"},\"url\":\"https:\/\/www.opuzen.hr\/grad\/author\/admin\/\"}]}<\/script>\n<!-- \/ Yoast SEO plugin. -->","yoast_head_json":{"title":"Sastalo se Povjerenstvo za mandarine u Opuzenu - Grad Opuzen","robots":{"index":"index","follow":"follow","max-snippet":"max-snippet:-1","max-image-preview":"max-image-preview:large","max-video-preview":"max-video-preview:-1"},"canonical":"https:\/\/www.opuzen.hr\/grad\/sastalo-povjerenstvo-za-mandarine-u-opuzenu\/","og_locale":"hr_HR","og_type":"article","og_title":"Sastalo se Povjerenstvo za mandarine u Opuzenu - Grad Opuzen","og_description":"18. o\u017eujka 2022, na pro\u0161irenoj Sjednici Povjerenstva za mandarine Dubrova\u010dko-neretvanske \u017eupanije, u Opuzenu su uz...","og_url":"https:\/\/www.opuzen.hr\/grad\/sastalo-povjerenstvo-za-mandarine-u-opuzenu\/","og_site_name":"Grad Opuzen","article_published_time":"2022-03-22T13:43:21+00:00","article_modified_time":"2023-10-12T11:26:19+00:00","og_image":[{"width":1200,"height":800,"url":"https:\/\/www.opuzen.hr\/grad\/wp-content\/uploads\/2022\/03\/SLIKA-3-crop.jpg","type":"image\/jpeg"}],"author":"Grad Opuzen","twitter_card":"summary_large_image","twitter_misc":{"Napisao\/la":"Grad Opuzen","Procijenjeno vrijeme \u010ditanja":"2 minute"},"schema":{"@context":"https:\/\/schema.org","@graph":[{"@type":"Article","@id":"https:\/\/www.opuzen.hr\/grad\/sastalo-povjerenstvo-za-mandarine-u-opuzenu\/#article","isPartOf":{"@id":"https:\/\/www.opuzen.hr\/grad\/sastalo-povjerenstvo-za-mandarine-u-opuzenu\/"},"author":{"name":"Grad Opuzen","@id":"https:\/\/www.opuzen.hr\/grad\/#\/schema\/person\/0a17a9796898e9409a1fa4ca7448a481"},"headline":"Sastalo se Povjerenstvo za mandarine u Opuzenu","datePublished":"2022-03-22T13:43:21+00:00","dateModified":"2023-10-12T11:26:19+00:00","mainEntityOfPage":{"@id":"https:\/\/www.opuzen.hr\/grad\/sastalo-povjerenstvo-za-mandarine-u-opuzenu\/"},"wordCount":328,"publisher":{"@id":"https:\/\/www.opuzen.hr\/grad\/#organization"},"image":{"@id":"https:\/\/www.opuzen.hr\/grad\/sastalo-povjerenstvo-za-mandarine-u-opuzenu\/#primaryimage"},"thumbnailUrl":"https:\/\/www.opuzen.hr\/grad\/wp-content\/uploads\/2022\/03\/SLIKA-3-crop.jpg","articleSection":["Novosti"],"inLanguage":"hr"},{"@type":"WebPage","@id":"https:\/\/www.opuzen.hr\/grad\/sastalo-povjerenstvo-za-mandarine-u-opuzenu\/","url":"https:\/\/www.opuzen.hr\/grad\/sastalo-povjerenstvo-za-mandarine-u-opuzenu\/","name":"Sastalo se Povjerenstvo za mandarine u Opuzenu - Grad Opuzen","isPartOf":{"@id":"https:\/\/www.opuzen.hr\/grad\/#website"},"primaryImageOfPage":{"@id":"https:\/\/www.opuzen.hr\/grad\/sastalo-povjerenstvo-za-mandarine-u-opuzenu\/#primaryimage"},"image":{"@id":"https:\/\/www.opuzen.hr\/grad\/sastalo-povjerenstvo-za-mandarine-u-opuzenu\/#primaryimage"},"thumbnailUrl":"https:\/\/www.opuzen.hr\/grad\/wp-content\/uploads\/2022\/03\/SLIKA-3-crop.jpg","datePublished":"2022-03-22T13:43:21+00:00","dateModified":"2023-10-12T11:26:19+00:00","breadcrumb":{"@id":"https:\/\/www.opuzen.hr\/grad\/sastalo-povjerenstvo-za-mandarine-u-opuzenu\/#breadcrumb"},"inLanguage":"hr","potentialAction":[{"@type":"ReadAction","target":["https:\/\/www.opuzen.hr\/grad\/sastalo-povjerenstvo-za-mandarine-u-opuzenu\/"]}]},{"@type":"ImageObject","inLanguage":"hr","@id":"https:\/\/www.opuzen.hr\/grad\/sastalo-povjerenstvo-za-mandarine-u-opuzenu\/#primaryimage","url":"https:\/\/www.opuzen.hr\/grad\/wp-content\/uploads\/2022\/03\/SLIKA-3-crop.jpg","contentUrl":"https:\/\/www.opuzen.hr\/grad\/wp-content\/uploads\/2022\/03\/SLIKA-3-crop.jpg","width":"1200","height":"800"},{"@type":"BreadcrumbList","@id":"https:\/\/www.opuzen.hr\/grad\/sastalo-povjerenstvo-za-mandarine-u-opuzenu\/#breadcrumb","itemListElement":[{"@type":"ListItem","position":1,"name":"Po\u010detna stranica","item":"https:\/\/www.opuzen.hr\/grad\/"},{"@type":"ListItem","position":2,"name":"Sastalo se Povjerenstvo za mandarine u Opuzenu"}]},{"@type":"WebSite","@id":"https:\/\/www.opuzen.hr\/grad\/#website","url":"https:\/\/www.opuzen.hr\/grad\/","name":"Grad Opuzen","description":"Slu\u017ebene mre\u017ene stranice Grada Opuzena","publisher":{"@id":"https:\/\/www.opuzen.hr\/grad\/#organization"},"potentialAction":[{"@type":"SearchAction","target":{"@type":"EntryPoint","urlTemplate":"https:\/\/www.opuzen.hr\/grad\/?s={search_term_string}"},"query-input":"required name=search_term_string"}],"inLanguage":"hr"},{"@type":"Organization","@id":"https:\/\/www.opuzen.hr\/grad\/#organization","name":"Grad Opuzen","url":"https:\/\/www.opuzen.hr\/grad\/","logo":{"@type":"ImageObject","inLanguage":"hr","@id":"https:\/\/www.opuzen.hr\/grad\/#\/schema\/logo\/image\/","url":"https:\/\/www.opuzen.hr\/grad\/wp-content\/uploads\/2018\/02\/logo-opuzen.jpg","contentUrl":"https:\/\/www.opuzen.hr\/grad\/wp-content\/uploads\/2018\/02\/logo-opuzen.jpg","width":400,"height":400,"caption":"Grad Opuzen"},"image":{"@id":"https:\/\/www.opuzen.hr\/grad\/#\/schema\/logo\/image\/"}},{"@type":"Person","@id":"https:\/\/www.opuzen.hr\/grad\/#\/schema\/person\/0a17a9796898e9409a1fa4ca7448a481","name":"Grad Opuzen","image":{"@type":"ImageObject","inLanguage":"hr","@id":"https:\/\/www.opuzen.hr\/grad\/#\/schema\/person\/image\/","url":"https:\/\/secure.gravatar.com\/avatar\/0c54089de4fcf14c0fe3355109a3ac05?s=96&d=mm&r=g","contentUrl":"https:\/\/secure.gravatar.com\/avatar\/0c54089de4fcf14c0fe3355109a3ac05?s=96&d=mm&r=g","caption":"Grad Opuzen"},"url":"https:\/\/www.opuzen.hr\/grad\/author\/admin\/"}]}},"_links":{"self":[{"href":"https:\/\/www.opuzen.hr\/grad\/wp-json\/wp\/v2\/posts\/42207"}],"collection":[{"href":"https:\/\/www.opuzen.hr\/grad\/wp-json\/wp\/v2\/posts"}],"about":[{"href":"https:\/\/www.opuzen.hr\/grad\/wp-json\/wp\/v2\/types\/post"}],"author":[{"embeddable":true,"href":"https:\/\/www.opuzen.hr\/grad\/wp-json\/wp\/v2\/users\/3"}],"replies":[{"embeddable":true,"href":"https:\/\/www.opuzen.hr\/grad\/wp-json\/wp\/v2\/comments?post=42207"}],"version-history":[{"count":2,"href":"https:\/\/www.opuzen.hr\/grad\/wp-json\/wp\/v2\/posts\/42207\/revisions"}],"predecessor-version":[{"id":42210,"href":"https:\/\/www.opuzen.hr\/grad\/wp-json\/wp\/v2\/posts\/42207\/revisions\/42210"}],"wp:featuredmedia":[{"embeddable":true,"href":"https:\/\/www.opuzen.hr\/grad\/wp-json\/wp\/v2\/media\/42208"}],"wp:attachment":[{"href":"https:\/\/www.opuzen.hr\/grad\/wp-json\/wp\/v2\/media?parent=42207"}],"wp:term":[{"taxonomy":"category","embeddable":true,"href":"https:\/\/www.opuzen.hr\/grad\/wp-json\/wp\/v2\/categories?post=42207"},{"taxonomy":"post_tag","embeddable":true,"href":"https:\/\/www.opuzen.hr\/grad\/wp-json\/wp\/v2\/tags?post=42207"}],"curies":[{"name":"wp","href":"https:\/\/api.w.org\/{rel}","templated":true}]}}