{"id":42297,"date":"2022-03-25T17:14:35","date_gmt":"2022-03-25T16:14:35","guid":{"rendered":"https:\/\/www.opuzen.hr\/grad\/?p=42297"},"modified":"2023-10-12T13:25:56","modified_gmt":"2023-10-12T11:25:56","slug":"obavijest-korisnicima-poljoprivrednog-zemljista-u-vlasnistvu-rh-na-podrucju-grada-opuzena","status":"publish","type":"post","link":"https:\/\/www.opuzen.hr\/grad\/obavijest-korisnicima-poljoprivrednog-zemljista-u-vlasnistvu-rh-na-podrucju-grada-opuzena\/","title":{"rendered":"Obavijest korisnicima poljoprivrednog zemlji\u0161ta u vlasni\u0161tvu RH na podru\u010dju Grada Opuzena"},"content":{"rendered":"\n<p> Obavje\u0161tavaju se svi korisnici poljoprivrednog zemlji\u0161ta u vlasni\u0161tvu Republike Hrvatske na podru\u010dju Grada Opuzena kojima Ugovori o privremenom kori\u0161tenju uskoro istje\u010du, a imaju namjeru predmetno zemlji\u0161te nastaviti obra\u0111ivati i u mirnom su posjedu istog, da mogu podnijeti zahtjeve za sklapanje ugovora o privremenom kori\u0161tenju poljoprivrednoga zemlji\u0161ta na rok do dvije (2) godine, odnosno do raspisivanja javnog natje\u010daja sukladno odredbama Zakona o poljoprivrednom zemlji\u0161tu.<\/p>\n\n\n\n<p> Za sve upite i nejasno\u0107e mo\u017eete nas kontaktirati ili na broj telefona 020\/671-139 ili na e-mail <a href=\"&#109;a&#105;l&#116;o&#x3a;o&#x70;u&#x7a;e&#x6e;&#64;&#x6f;p&#x75;z&#x65;n&#x2e;h&#x72;\">op&#117;&#122;&#x65;&#x6e;&#x40;&#x6f;pu&#122;&#101;&#x6e;&#x2e;&#x68;&#x72;<\/a> svaki radni dan od 8,00 do 14,00 sati <\/p>\n\n\n\n<p>\nDetaljnije o pozivu ispod preuzmite dokument i obrazac zahtjeva: \n\n<\/p>\n<!-- WP Attachments -->\r\n        <div style=\"width:100%;margin:10px 0 10px 0;\">\r\n            <h3>Prilozi sadr\u017eaju:<\/h3>\r\n        <ul class=\"post-attachments\"><li class=\"post-attachment mime-application-vnd-openxmlformats-officedocument-wordprocessingml-document\">                                \r\n<a target=\"_blank\" href=\"https:\/\/www.opuzen.hr\/grad\/obavijest-korisnicima-poljoprivrednog-zemljista-u-vlasnistvu-rh-na-podrucju-grada-opuzena\/?download=42298\">poziv-obavijest-za-sklapanje-Ugovora-o-privremenu-koristenju<\/a><div style=\"float:right;\">36 kB \/ Preuzeto: 517<\/div>\r\n<br><small><\/small><\/li><li class=\"post-attachment mime-application-vnd-oasis-opendocument-text\">                                \r\n<a target=\"_blank\" href=\"https:\/\/www.opuzen.hr\/grad\/obavijest-korisnicima-poljoprivrednog-zemljista-u-vlasnistvu-rh-na-podrucju-grada-opuzena\/?download=42299\">ZAHTJEV-ZA-SKLAPANJE-UGOVORA-O-PRIVREMENOM-KORI\u0160TENJU<\/a><div style=\"float:right;\">12 kB \/ Preuzeto: 542<\/div>\r\n<br><small><\/small><\/li><\/ul><\/div>","protected":false},"excerpt":{"rendered":"<p>Obavje\u0161tavaju se svi korisnici poljoprivrednog zemlji\u0161ta u vlasni\u0161tvu Republike Hrvatske na podru\u010dju Grada Opuzena kojima&#8230;<\/p>\n","protected":false},"author":3,"featured_media":42083,"comment_status":"closed","ping_status":"closed","sticky":false,"template":"","format":"standard","meta":{"footnotes":""},"categories":[4],"tags":[],"class_list":["post-42297","post","type-post","status-publish","format-standard","has-post-thumbnail","hentry","category-novosti","wpcat-4-id"],"yoast_head":"<!-- This site is optimized with the Yoast SEO plugin v23.1 - https:\/\/yoast.com\/wordpress\/plugins\/seo\/ -->\n<title>Obavijest korisnicima poljoprivrednog zemlji\u0161ta u vlasni\u0161tvu RH na podru\u010dju Grada Opuzena - Grad Opuzen<\/title>\n<meta name=\"robots\" content=\"index, follow, max-snippet:-1, max-image-preview:large, max-video-preview:-1\" \/>\n<link rel=\"canonical\" href=\"https:\/\/www.opuzen.hr\/grad\/obavijest-korisnicima-poljoprivrednog-zemljista-u-vlasnistvu-rh-na-podrucju-grada-opuzena\/\" \/>\n<meta property=\"og:locale\" content=\"hr_HR\" \/>\n<meta property=\"og:type\" content=\"article\" \/>\n<meta property=\"og:title\" content=\"Obavijest korisnicima poljoprivrednog zemlji\u0161ta u vlasni\u0161tvu RH na podru\u010dju Grada Opuzena - Grad Opuzen\" \/>\n<meta property=\"og:description\" content=\"Obavje\u0161tavaju se svi korisnici poljoprivrednog zemlji\u0161ta u vlasni\u0161tvu Republike Hrvatske na podru\u010dju Grada Opuzena kojima...\" \/>\n<meta property=\"og:url\" content=\"https:\/\/www.opuzen.hr\/grad\/obavijest-korisnicima-poljoprivrednog-zemljista-u-vlasnistvu-rh-na-podrucju-grada-opuzena\/\" \/>\n<meta property=\"og:site_name\" content=\"Grad Opuzen\" \/>\n<meta property=\"article:published_time\" content=\"2022-03-25T16:14:35+00:00\" \/>\n<meta property=\"article:modified_time\" content=\"2023-10-12T11:25:56+00:00\" \/>\n<meta property=\"og:image\" content=\"https:\/\/www.opuzen.hr\/grad\/wp-content\/uploads\/2022\/03\/seljak2.jpg\" \/>\n\t<meta property=\"og:image:width\" content=\"860\" \/>\n\t<meta property=\"og:image:height\" content=\"547\" \/>\n\t<meta property=\"og:image:type\" content=\"image\/jpeg\" \/>\n<meta name=\"author\" content=\"Grad Opuzen\" \/>\n<meta name=\"twitter:card\" content=\"summary_large_image\" \/>\n<meta name=\"twitter:label1\" content=\"Napisao\/la\" \/>\n\t<meta name=\"twitter:data1\" content=\"Grad Opuzen\" \/>\n\t<meta name=\"twitter:label2\" content=\"Procijenjeno vrijeme \u010ditanja\" \/>\n\t<meta name=\"twitter:data2\" content=\"1 minuta\" \/>\n<script type=\"application\/ld+json\" class=\"yoast-schema-graph\">{\"@context\":\"https:\/\/schema.org\",\"@graph\":[{\"@type\":\"Article\",\"@id\":\"https:\/\/www.opuzen.hr\/grad\/obavijest-korisnicima-poljoprivrednog-zemljista-u-vlasnistvu-rh-na-podrucju-grada-opuzena\/#article\",\"isPartOf\":{\"@id\":\"https:\/\/www.opuzen.hr\/grad\/obavijest-korisnicima-poljoprivrednog-zemljista-u-vlasnistvu-rh-na-podrucju-grada-opuzena\/\"},\"author\":{\"name\":\"Grad Opuzen\",\"@id\":\"https:\/\/www.opuzen.hr\/grad\/#\/schema\/person\/0a17a9796898e9409a1fa4ca7448a481\"},\"headline\":\"Obavijest korisnicima poljoprivrednog zemlji\u0161ta u vlasni\u0161tvu RH na podru\u010dju Grada Opuzena\",\"datePublished\":\"2022-03-25T16:14:35+00:00\",\"dateModified\":\"2023-10-12T11:25:56+00:00\",\"mainEntityOfPage\":{\"@id\":\"https:\/\/www.opuzen.hr\/grad\/obavijest-korisnicima-poljoprivrednog-zemljista-u-vlasnistvu-rh-na-podrucju-grada-opuzena\/\"},\"wordCount\":124,\"publisher\":{\"@id\":\"https:\/\/www.opuzen.hr\/grad\/#organization\"},\"image\":{\"@id\":\"https:\/\/www.opuzen.hr\/grad\/obavijest-korisnicima-poljoprivrednog-zemljista-u-vlasnistvu-rh-na-podrucju-grada-opuzena\/#primaryimage\"},\"thumbnailUrl\":\"https:\/\/www.opuzen.hr\/grad\/wp-content\/uploads\/2022\/03\/seljak2.jpg\",\"articleSection\":[\"Novosti\"],\"inLanguage\":\"hr\"},{\"@type\":\"WebPage\",\"@id\":\"https:\/\/www.opuzen.hr\/grad\/obavijest-korisnicima-poljoprivrednog-zemljista-u-vlasnistvu-rh-na-podrucju-grada-opuzena\/\",\"url\":\"https:\/\/www.opuzen.hr\/grad\/obavijest-korisnicima-poljoprivrednog-zemljista-u-vlasnistvu-rh-na-podrucju-grada-opuzena\/\",\"name\":\"Obavijest korisnicima poljoprivrednog zemlji\u0161ta u vlasni\u0161tvu RH na podru\u010dju Grada Opuzena - Grad Opuzen\",\"isPartOf\":{\"@id\":\"https:\/\/www.opuzen.hr\/grad\/#website\"},\"primaryImageOfPage\":{\"@id\":\"https:\/\/www.opuzen.hr\/grad\/obavijest-korisnicima-poljoprivrednog-zemljista-u-vlasnistvu-rh-na-podrucju-grada-opuzena\/#primaryimage\"},\"image\":{\"@id\":\"https:\/\/www.opuzen.hr\/grad\/obavijest-korisnicima-poljoprivrednog-zemljista-u-vlasnistvu-rh-na-podrucju-grada-opuzena\/#primaryimage\"},\"thumbnailUrl\":\"https:\/\/www.opuzen.hr\/grad\/wp-content\/uploads\/2022\/03\/seljak2.jpg\",\"datePublished\":\"2022-03-25T16:14:35+00:00\",\"dateModified\":\"2023-10-12T11:25:56+00:00\",\"breadcrumb\":{\"@id\":\"https:\/\/www.opuzen.hr\/grad\/obavijest-korisnicima-poljoprivrednog-zemljista-u-vlasnistvu-rh-na-podrucju-grada-opuzena\/#breadcrumb\"},\"inLanguage\":\"hr\",\"potentialAction\":[{\"@type\":\"ReadAction\",\"target\":[\"https:\/\/www.opuzen.hr\/grad\/obavijest-korisnicima-poljoprivrednog-zemljista-u-vlasnistvu-rh-na-podrucju-grada-opuzena\/\"]}]},{\"@type\":\"ImageObject\",\"inLanguage\":\"hr\",\"@id\":\"https:\/\/www.opuzen.hr\/grad\/obavijest-korisnicima-poljoprivrednog-zemljista-u-vlasnistvu-rh-na-podrucju-grada-opuzena\/#primaryimage\",\"url\":\"https:\/\/www.opuzen.hr\/grad\/wp-content\/uploads\/2022\/03\/seljak2.jpg\",\"contentUrl\":\"https:\/\/www.opuzen.hr\/grad\/wp-content\/uploads\/2022\/03\/seljak2.jpg\",\"width\":\"860\",\"height\":\"547\"},{\"@type\":\"BreadcrumbList\",\"@id\":\"https:\/\/www.opuzen.hr\/grad\/obavijest-korisnicima-poljoprivrednog-zemljista-u-vlasnistvu-rh-na-podrucju-grada-opuzena\/#breadcrumb\",\"itemListElement\":[{\"@type\":\"ListItem\",\"position\":1,\"name\":\"Po\u010detna stranica\",\"item\":\"https:\/\/www.opuzen.hr\/grad\/\"},{\"@type\":\"ListItem\",\"position\":2,\"name\":\"Obavijest korisnicima poljoprivrednog zemlji\u0161ta u vlasni\u0161tvu RH na podru\u010dju Grada Opuzena\"}]},{\"@type\":\"WebSite\",\"@id\":\"https:\/\/www.opuzen.hr\/grad\/#website\",\"url\":\"https:\/\/www.opuzen.hr\/grad\/\",\"name\":\"Grad Opuzen\",\"description\":\"Slu\u017ebene mre\u017ene stranice Grada Opuzena\",\"publisher\":{\"@id\":\"https:\/\/www.opuzen.hr\/grad\/#organization\"},\"potentialAction\":[{\"@type\":\"SearchAction\",\"target\":{\"@type\":\"EntryPoint\",\"urlTemplate\":\"https:\/\/www.opuzen.hr\/grad\/?s={search_term_string}\"},\"query-input\":\"required name=search_term_string\"}],\"inLanguage\":\"hr\"},{\"@type\":\"Organization\",\"@id\":\"https:\/\/www.opuzen.hr\/grad\/#organization\",\"name\":\"Grad Opuzen\",\"url\":\"https:\/\/www.opuzen.hr\/grad\/\",\"logo\":{\"@type\":\"ImageObject\",\"inLanguage\":\"hr\",\"@id\":\"https:\/\/www.opuzen.hr\/grad\/#\/schema\/logo\/image\/\",\"url\":\"https:\/\/www.opuzen.hr\/grad\/wp-content\/uploads\/2018\/02\/logo-opuzen.jpg\",\"contentUrl\":\"https:\/\/www.opuzen.hr\/grad\/wp-content\/uploads\/2018\/02\/logo-opuzen.jpg\",\"width\":400,\"height\":400,\"caption\":\"Grad Opuzen\"},\"image\":{\"@id\":\"https:\/\/www.opuzen.hr\/grad\/#\/schema\/logo\/image\/\"}},{\"@type\":\"Person\",\"@id\":\"https:\/\/www.opuzen.hr\/grad\/#\/schema\/person\/0a17a9796898e9409a1fa4ca7448a481\",\"name\":\"Grad Opuzen\",\"image\":{\"@type\":\"ImageObject\",\"inLanguage\":\"hr\",\"@id\":\"https:\/\/www.opuzen.hr\/grad\/#\/schema\/person\/image\/\",\"url\":\"https:\/\/secure.gravatar.com\/avatar\/0c54089de4fcf14c0fe3355109a3ac05?s=96&d=mm&r=g\",\"contentUrl\":\"https:\/\/secure.gravatar.com\/avatar\/0c54089de4fcf14c0fe3355109a3ac05?s=96&d=mm&r=g\",\"caption\":\"Grad Opuzen\"},\"url\":\"https:\/\/www.opuzen.hr\/grad\/author\/admin\/\"}]}<\/script>\n<!-- \/ Yoast SEO plugin. -->","yoast_head_json":{"title":"Obavijest korisnicima poljoprivrednog zemlji\u0161ta u vlasni\u0161tvu RH na podru\u010dju Grada Opuzena - Grad Opuzen","robots":{"index":"index","follow":"follow","max-snippet":"max-snippet:-1","max-image-preview":"max-image-preview:large","max-video-preview":"max-video-preview:-1"},"canonical":"https:\/\/www.opuzen.hr\/grad\/obavijest-korisnicima-poljoprivrednog-zemljista-u-vlasnistvu-rh-na-podrucju-grada-opuzena\/","og_locale":"hr_HR","og_type":"article","og_title":"Obavijest korisnicima poljoprivrednog zemlji\u0161ta u vlasni\u0161tvu RH na podru\u010dju Grada Opuzena - Grad Opuzen","og_description":"Obavje\u0161tavaju se svi korisnici poljoprivrednog zemlji\u0161ta u vlasni\u0161tvu Republike Hrvatske na podru\u010dju Grada Opuzena kojima...","og_url":"https:\/\/www.opuzen.hr\/grad\/obavijest-korisnicima-poljoprivrednog-zemljista-u-vlasnistvu-rh-na-podrucju-grada-opuzena\/","og_site_name":"Grad Opuzen","article_published_time":"2022-03-25T16:14:35+00:00","article_modified_time":"2023-10-12T11:25:56+00:00","og_image":[{"width":860,"height":547,"url":"https:\/\/www.opuzen.hr\/grad\/wp-content\/uploads\/2022\/03\/seljak2.jpg","type":"image\/jpeg"}],"author":"Grad Opuzen","twitter_card":"summary_large_image","twitter_misc":{"Napisao\/la":"Grad Opuzen","Procijenjeno vrijeme \u010ditanja":"1 minuta"},"schema":{"@context":"https:\/\/schema.org","@graph":[{"@type":"Article","@id":"https:\/\/www.opuzen.hr\/grad\/obavijest-korisnicima-poljoprivrednog-zemljista-u-vlasnistvu-rh-na-podrucju-grada-opuzena\/#article","isPartOf":{"@id":"https:\/\/www.opuzen.hr\/grad\/obavijest-korisnicima-poljoprivrednog-zemljista-u-vlasnistvu-rh-na-podrucju-grada-opuzena\/"},"author":{"name":"Grad Opuzen","@id":"https:\/\/www.opuzen.hr\/grad\/#\/schema\/person\/0a17a9796898e9409a1fa4ca7448a481"},"headline":"Obavijest korisnicima poljoprivrednog zemlji\u0161ta u vlasni\u0161tvu RH na podru\u010dju Grada Opuzena","datePublished":"2022-03-25T16:14:35+00:00","dateModified":"2023-10-12T11:25:56+00:00","mainEntityOfPage":{"@id":"https:\/\/www.opuzen.hr\/grad\/obavijest-korisnicima-poljoprivrednog-zemljista-u-vlasnistvu-rh-na-podrucju-grada-opuzena\/"},"wordCount":124,"publisher":{"@id":"https:\/\/www.opuzen.hr\/grad\/#organization"},"image":{"@id":"https:\/\/www.opuzen.hr\/grad\/obavijest-korisnicima-poljoprivrednog-zemljista-u-vlasnistvu-rh-na-podrucju-grada-opuzena\/#primaryimage"},"thumbnailUrl":"https:\/\/www.opuzen.hr\/grad\/wp-content\/uploads\/2022\/03\/seljak2.jpg","articleSection":["Novosti"],"inLanguage":"hr"},{"@type":"WebPage","@id":"https:\/\/www.opuzen.hr\/grad\/obavijest-korisnicima-poljoprivrednog-zemljista-u-vlasnistvu-rh-na-podrucju-grada-opuzena\/","url":"https:\/\/www.opuzen.hr\/grad\/obavijest-korisnicima-poljoprivrednog-zemljista-u-vlasnistvu-rh-na-podrucju-grada-opuzena\/","name":"Obavijest korisnicima poljoprivrednog zemlji\u0161ta u vlasni\u0161tvu RH na podru\u010dju Grada Opuzena - Grad Opuzen","isPartOf":{"@id":"https:\/\/www.opuzen.hr\/grad\/#website"},"primaryImageOfPage":{"@id":"https:\/\/www.opuzen.hr\/grad\/obavijest-korisnicima-poljoprivrednog-zemljista-u-vlasnistvu-rh-na-podrucju-grada-opuzena\/#primaryimage"},"image":{"@id":"https:\/\/www.opuzen.hr\/grad\/obavijest-korisnicima-poljoprivrednog-zemljista-u-vlasnistvu-rh-na-podrucju-grada-opuzena\/#primaryimage"},"thumbnailUrl":"https:\/\/www.opuzen.hr\/grad\/wp-content\/uploads\/2022\/03\/seljak2.jpg","datePublished":"2022-03-25T16:14:35+00:00","dateModified":"2023-10-12T11:25:56+00:00","breadcrumb":{"@id":"https:\/\/www.opuzen.hr\/grad\/obavijest-korisnicima-poljoprivrednog-zemljista-u-vlasnistvu-rh-na-podrucju-grada-opuzena\/#breadcrumb"},"inLanguage":"hr","potentialAction":[{"@type":"ReadAction","target":["https:\/\/www.opuzen.hr\/grad\/obavijest-korisnicima-poljoprivrednog-zemljista-u-vlasnistvu-rh-na-podrucju-grada-opuzena\/"]}]},{"@type":"ImageObject","inLanguage":"hr","@id":"https:\/\/www.opuzen.hr\/grad\/obavijest-korisnicima-poljoprivrednog-zemljista-u-vlasnistvu-rh-na-podrucju-grada-opuzena\/#primaryimage","url":"https:\/\/www.opuzen.hr\/grad\/wp-content\/uploads\/2022\/03\/seljak2.jpg","contentUrl":"https:\/\/www.opuzen.hr\/grad\/wp-content\/uploads\/2022\/03\/seljak2.jpg","width":"860","height":"547"},{"@type":"BreadcrumbList","@id":"https:\/\/www.opuzen.hr\/grad\/obavijest-korisnicima-poljoprivrednog-zemljista-u-vlasnistvu-rh-na-podrucju-grada-opuzena\/#breadcrumb","itemListElement":[{"@type":"ListItem","position":1,"name":"Po\u010detna stranica","item":"https:\/\/www.opuzen.hr\/grad\/"},{"@type":"ListItem","position":2,"name":"Obavijest korisnicima poljoprivrednog zemlji\u0161ta u vlasni\u0161tvu RH na podru\u010dju Grada Opuzena"}]},{"@type":"WebSite","@id":"https:\/\/www.opuzen.hr\/grad\/#website","url":"https:\/\/www.opuzen.hr\/grad\/","name":"Grad Opuzen","description":"Slu\u017ebene mre\u017ene stranice Grada Opuzena","publisher":{"@id":"https:\/\/www.opuzen.hr\/grad\/#organization"},"potentialAction":[{"@type":"SearchAction","target":{"@type":"EntryPoint","urlTemplate":"https:\/\/www.opuzen.hr\/grad\/?s={search_term_string}"},"query-input":"required name=search_term_string"}],"inLanguage":"hr"},{"@type":"Organization","@id":"https:\/\/www.opuzen.hr\/grad\/#organization","name":"Grad Opuzen","url":"https:\/\/www.opuzen.hr\/grad\/","logo":{"@type":"ImageObject","inLanguage":"hr","@id":"https:\/\/www.opuzen.hr\/grad\/#\/schema\/logo\/image\/","url":"https:\/\/www.opuzen.hr\/grad\/wp-content\/uploads\/2018\/02\/logo-opuzen.jpg","contentUrl":"https:\/\/www.opuzen.hr\/grad\/wp-content\/uploads\/2018\/02\/logo-opuzen.jpg","width":400,"height":400,"caption":"Grad Opuzen"},"image":{"@id":"https:\/\/www.opuzen.hr\/grad\/#\/schema\/logo\/image\/"}},{"@type":"Person","@id":"https:\/\/www.opuzen.hr\/grad\/#\/schema\/person\/0a17a9796898e9409a1fa4ca7448a481","name":"Grad Opuzen","image":{"@type":"ImageObject","inLanguage":"hr","@id":"https:\/\/www.opuzen.hr\/grad\/#\/schema\/person\/image\/","url":"https:\/\/secure.gravatar.com\/avatar\/0c54089de4fcf14c0fe3355109a3ac05?s=96&d=mm&r=g","contentUrl":"https:\/\/secure.gravatar.com\/avatar\/0c54089de4fcf14c0fe3355109a3ac05?s=96&d=mm&r=g","caption":"Grad Opuzen"},"url":"https:\/\/www.opuzen.hr\/grad\/author\/admin\/"}]}},"_links":{"self":[{"href":"https:\/\/www.opuzen.hr\/grad\/wp-json\/wp\/v2\/posts\/42297"}],"collection":[{"href":"https:\/\/www.opuzen.hr\/grad\/wp-json\/wp\/v2\/posts"}],"about":[{"href":"https:\/\/www.opuzen.hr\/grad\/wp-json\/wp\/v2\/types\/post"}],"author":[{"embeddable":true,"href":"https:\/\/www.opuzen.hr\/grad\/wp-json\/wp\/v2\/users\/3"}],"replies":[{"embeddable":true,"href":"https:\/\/www.opuzen.hr\/grad\/wp-json\/wp\/v2\/comments?post=42297"}],"version-history":[{"count":3,"href":"https:\/\/www.opuzen.hr\/grad\/wp-json\/wp\/v2\/posts\/42297\/revisions"}],"predecessor-version":[{"id":42302,"href":"https:\/\/www.opuzen.hr\/grad\/wp-json\/wp\/v2\/posts\/42297\/revisions\/42302"}],"wp:featuredmedia":[{"embeddable":true,"href":"https:\/\/www.opuzen.hr\/grad\/wp-json\/wp\/v2\/media\/42083"}],"wp:attachment":[{"href":"https:\/\/www.opuzen.hr\/grad\/wp-json\/wp\/v2\/media?parent=42297"}],"wp:term":[{"taxonomy":"category","embeddable":true,"href":"https:\/\/www.opuzen.hr\/grad\/wp-json\/wp\/v2\/categories?post=42297"},{"taxonomy":"post_tag","embeddable":true,"href":"https:\/\/www.opuzen.hr\/grad\/wp-json\/wp\/v2\/tags?post=42297"}],"curies":[{"name":"wp","href":"https:\/\/api.w.org\/{rel}","templated":true}]}}