{"id":42388,"date":"2022-04-22T09:45:18","date_gmt":"2022-04-22T07:45:18","guid":{"rendered":"https:\/\/www.opuzen.hr\/grad\/?p=42388"},"modified":"2023-10-12T13:25:55","modified_gmt":"2023-10-12T11:25:55","slug":"zajedno-do-eu-potpora-za-opuzen","status":"publish","type":"post","link":"https:\/\/www.opuzen.hr\/grad\/zajedno-do-eu-potpora-za-opuzen\/","title":{"rendered":"Zajedno do EU potpora za Opuzen"},"content":{"rendered":"\n<p>Pozivamo obrtnike, poduzetnike\ni ravnatelje ustanova iz Opuzena na besplatne <strong>Poduzetni\u010dke susrete: &#8220;Zajedno do EU potpora za Opuzen&#8221;<\/strong><\/p>\n\n\n\n<p>Doma\u0107in radionice je <strong>gradona\u010delnik Ivan Mataga<\/strong>, a cilj je <strong>povezati javni sektor i poduzetnike, kako\nbi zajedno saznali o prilikama za financiranje projekata koji bi pobolj\u0161ali\n\u017eivot stanovnika u Opuzenu. <\/strong><\/p>\n\n\n\n<p><strong>Susret je predvi\u0111en u utorak, 26. travnja, s po\u010detkom u 13 sati,&nbsp; u Gradskoj Vije\u0107nici (Trg kralja Tomislava 1). Direktor Poduzetni\u010dkog akceleratora Split i UHY Savjetovanja Kre\u0161imir Budi\u0161a prezentirat \u0107e stanovnicima Opuzena kako iskoristiti mogu\u0107nosti EU fondova<\/strong>.<\/p>\n\n\n\n<p>Za Hrvatsku je, naime, 2021. godine zapo\u010delo novo sedmogodi\u0161nje razdoblje u kojemu \u0107e na raspolaganju biti 13,7 milijardi eura za \u201eklasi\u010dne\u201c fondove i dodatnih 9,3 milijarde eura iz Fonda za oporavak i otpornost. Stru\u010dnjaci iz Poduzetni\u010dkog akceleratora Split i UHY Savjetovanja \u0107e Opuzencima <strong>sugerirati koji fondovi i projekti imaju \u0161ansu za bespovratna sredstava. <\/strong><\/p>\n\n\n\n<p>Poduzetni\u010dke susrete\norganizira Poduzetni\u010dki akcelerator u sklopu projekta &#8220;<strong>STech Standard \u2013 Poduzetni\u0161tvo na\ndlanu&#8221;,<\/strong> koji se provodi u periodu od 1. travnja 2020. do 1. svibnja\n2022. godine. Ukupna vrijednost projekta je 799.909,32 kn, od \u010dega 595.097,73\nkn iz Europskog fonda za regionalni razvoj kroz Operativni program\nKonkurentnost i kohezija 2014.-2020. Poduzetni\u010dki akcelerator i UHY\nSavjetovanje su \u010dlanice poslovne mre\u017ee UHY in Croatia za ra\u010dunovodstvo,\nreviziju i EU fondove.<\/p>\n\n\n\n<p>O\u010dekivano trajanje radionice\nje 60 minuta,<strong> a sudjelovanje je potpuno\nBESPLATNO<\/strong>. <strong>Saznajte kako Opuzen i njeni stanovnici mogu unaprijedi uvjete \u017eivota i\nposlovanja u svom gradu.<\/strong><\/p>\n","protected":false},"excerpt":{"rendered":"<p>Pozivamo obrtnike, poduzetnike i ravnatelje ustanova iz Opuzena na besplatne Poduzetni\u010dke susrete: &#8220;Zajedno do EU&#8230;<\/p>\n","protected":false},"author":3,"featured_media":42389,"comment_status":"closed","ping_status":"closed","sticky":false,"template":"","format":"standard","meta":{"footnotes":""},"categories":[4],"tags":[],"class_list":["post-42388","post","type-post","status-publish","format-standard","has-post-thumbnail","hentry","category-novosti","wpcat-4-id"],"yoast_head":"<!-- This site is optimized with the Yoast SEO plugin v23.1 - https:\/\/yoast.com\/wordpress\/plugins\/seo\/ -->\n<title>Zajedno do EU potpora za Opuzen - Grad Opuzen<\/title>\n<meta name=\"robots\" content=\"index, follow, max-snippet:-1, max-image-preview:large, max-video-preview:-1\" \/>\n<link rel=\"canonical\" href=\"https:\/\/www.opuzen.hr\/grad\/zajedno-do-eu-potpora-za-opuzen\/\" \/>\n<meta property=\"og:locale\" content=\"hr_HR\" \/>\n<meta property=\"og:type\" content=\"article\" \/>\n<meta property=\"og:title\" content=\"Zajedno do EU potpora za Opuzen - Grad Opuzen\" \/>\n<meta property=\"og:description\" content=\"Pozivamo obrtnike, poduzetnike i ravnatelje ustanova iz Opuzena na besplatne Poduzetni\u010dke susrete: &#8220;Zajedno do EU...\" \/>\n<meta property=\"og:url\" content=\"https:\/\/www.opuzen.hr\/grad\/zajedno-do-eu-potpora-za-opuzen\/\" \/>\n<meta property=\"og:site_name\" content=\"Grad Opuzen\" \/>\n<meta property=\"article:published_time\" content=\"2022-04-22T07:45:18+00:00\" \/>\n<meta property=\"article:modified_time\" content=\"2023-10-12T11:25:55+00:00\" \/>\n<meta property=\"og:image\" content=\"https:\/\/www.opuzen.hr\/grad\/wp-content\/uploads\/2022\/04\/Poduzetni\u010dki-susreti-\u2013-E-pozivnica-1200x6281.png\" \/>\n\t<meta property=\"og:image:width\" content=\"1200\" \/>\n\t<meta property=\"og:image:height\" content=\"628\" \/>\n\t<meta property=\"og:image:type\" content=\"image\/png\" \/>\n<meta name=\"author\" content=\"Grad Opuzen\" \/>\n<meta name=\"twitter:card\" content=\"summary_large_image\" \/>\n<meta name=\"twitter:label1\" content=\"Napisao\/la\" \/>\n\t<meta name=\"twitter:data1\" content=\"Grad Opuzen\" \/>\n\t<meta name=\"twitter:label2\" content=\"Procijenjeno vrijeme \u010ditanja\" \/>\n\t<meta name=\"twitter:data2\" content=\"1 minuta\" \/>\n<script type=\"application\/ld+json\" class=\"yoast-schema-graph\">{\"@context\":\"https:\/\/schema.org\",\"@graph\":[{\"@type\":\"Article\",\"@id\":\"https:\/\/www.opuzen.hr\/grad\/zajedno-do-eu-potpora-za-opuzen\/#article\",\"isPartOf\":{\"@id\":\"https:\/\/www.opuzen.hr\/grad\/zajedno-do-eu-potpora-za-opuzen\/\"},\"author\":{\"name\":\"Grad Opuzen\",\"@id\":\"https:\/\/www.opuzen.hr\/grad\/#\/schema\/person\/0a17a9796898e9409a1fa4ca7448a481\"},\"headline\":\"Zajedno do EU potpora za Opuzen\",\"datePublished\":\"2022-04-22T07:45:18+00:00\",\"dateModified\":\"2023-10-12T11:25:55+00:00\",\"mainEntityOfPage\":{\"@id\":\"https:\/\/www.opuzen.hr\/grad\/zajedno-do-eu-potpora-za-opuzen\/\"},\"wordCount\":249,\"publisher\":{\"@id\":\"https:\/\/www.opuzen.hr\/grad\/#organization\"},\"image\":{\"@id\":\"https:\/\/www.opuzen.hr\/grad\/zajedno-do-eu-potpora-za-opuzen\/#primaryimage\"},\"thumbnailUrl\":\"https:\/\/www.opuzen.hr\/grad\/wp-content\/uploads\/2022\/04\/Poduzetni\u010dki-susreti-\u2013-E-pozivnica-1200x6281.png\",\"articleSection\":[\"Novosti\"],\"inLanguage\":\"hr\"},{\"@type\":\"WebPage\",\"@id\":\"https:\/\/www.opuzen.hr\/grad\/zajedno-do-eu-potpora-za-opuzen\/\",\"url\":\"https:\/\/www.opuzen.hr\/grad\/zajedno-do-eu-potpora-za-opuzen\/\",\"name\":\"Zajedno do EU potpora za Opuzen - Grad Opuzen\",\"isPartOf\":{\"@id\":\"https:\/\/www.opuzen.hr\/grad\/#website\"},\"primaryImageOfPage\":{\"@id\":\"https:\/\/www.opuzen.hr\/grad\/zajedno-do-eu-potpora-za-opuzen\/#primaryimage\"},\"image\":{\"@id\":\"https:\/\/www.opuzen.hr\/grad\/zajedno-do-eu-potpora-za-opuzen\/#primaryimage\"},\"thumbnailUrl\":\"https:\/\/www.opuzen.hr\/grad\/wp-content\/uploads\/2022\/04\/Poduzetni\u010dki-susreti-\u2013-E-pozivnica-1200x6281.png\",\"datePublished\":\"2022-04-22T07:45:18+00:00\",\"dateModified\":\"2023-10-12T11:25:55+00:00\",\"breadcrumb\":{\"@id\":\"https:\/\/www.opuzen.hr\/grad\/zajedno-do-eu-potpora-za-opuzen\/#breadcrumb\"},\"inLanguage\":\"hr\",\"potentialAction\":[{\"@type\":\"ReadAction\",\"target\":[\"https:\/\/www.opuzen.hr\/grad\/zajedno-do-eu-potpora-za-opuzen\/\"]}]},{\"@type\":\"ImageObject\",\"inLanguage\":\"hr\",\"@id\":\"https:\/\/www.opuzen.hr\/grad\/zajedno-do-eu-potpora-za-opuzen\/#primaryimage\",\"url\":\"https:\/\/www.opuzen.hr\/grad\/wp-content\/uploads\/2022\/04\/Poduzetni\u010dki-susreti-\u2013-E-pozivnica-1200x6281.png\",\"contentUrl\":\"https:\/\/www.opuzen.hr\/grad\/wp-content\/uploads\/2022\/04\/Poduzetni\u010dki-susreti-\u2013-E-pozivnica-1200x6281.png\",\"width\":\"1200\",\"height\":\"628\"},{\"@type\":\"BreadcrumbList\",\"@id\":\"https:\/\/www.opuzen.hr\/grad\/zajedno-do-eu-potpora-za-opuzen\/#breadcrumb\",\"itemListElement\":[{\"@type\":\"ListItem\",\"position\":1,\"name\":\"Po\u010detna stranica\",\"item\":\"https:\/\/www.opuzen.hr\/grad\/\"},{\"@type\":\"ListItem\",\"position\":2,\"name\":\"Zajedno do EU potpora za Opuzen\"}]},{\"@type\":\"WebSite\",\"@id\":\"https:\/\/www.opuzen.hr\/grad\/#website\",\"url\":\"https:\/\/www.opuzen.hr\/grad\/\",\"name\":\"Grad Opuzen\",\"description\":\"Slu\u017ebene mre\u017ene stranice Grada Opuzena\",\"publisher\":{\"@id\":\"https:\/\/www.opuzen.hr\/grad\/#organization\"},\"potentialAction\":[{\"@type\":\"SearchAction\",\"target\":{\"@type\":\"EntryPoint\",\"urlTemplate\":\"https:\/\/www.opuzen.hr\/grad\/?s={search_term_string}\"},\"query-input\":\"required name=search_term_string\"}],\"inLanguage\":\"hr\"},{\"@type\":\"Organization\",\"@id\":\"https:\/\/www.opuzen.hr\/grad\/#organization\",\"name\":\"Grad Opuzen\",\"url\":\"https:\/\/www.opuzen.hr\/grad\/\",\"logo\":{\"@type\":\"ImageObject\",\"inLanguage\":\"hr\",\"@id\":\"https:\/\/www.opuzen.hr\/grad\/#\/schema\/logo\/image\/\",\"url\":\"https:\/\/www.opuzen.hr\/grad\/wp-content\/uploads\/2018\/02\/logo-opuzen.jpg\",\"contentUrl\":\"https:\/\/www.opuzen.hr\/grad\/wp-content\/uploads\/2018\/02\/logo-opuzen.jpg\",\"width\":400,\"height\":400,\"caption\":\"Grad Opuzen\"},\"image\":{\"@id\":\"https:\/\/www.opuzen.hr\/grad\/#\/schema\/logo\/image\/\"}},{\"@type\":\"Person\",\"@id\":\"https:\/\/www.opuzen.hr\/grad\/#\/schema\/person\/0a17a9796898e9409a1fa4ca7448a481\",\"name\":\"Grad Opuzen\",\"image\":{\"@type\":\"ImageObject\",\"inLanguage\":\"hr\",\"@id\":\"https:\/\/www.opuzen.hr\/grad\/#\/schema\/person\/image\/\",\"url\":\"https:\/\/secure.gravatar.com\/avatar\/0c54089de4fcf14c0fe3355109a3ac05?s=96&d=mm&r=g\",\"contentUrl\":\"https:\/\/secure.gravatar.com\/avatar\/0c54089de4fcf14c0fe3355109a3ac05?s=96&d=mm&r=g\",\"caption\":\"Grad Opuzen\"},\"url\":\"https:\/\/www.opuzen.hr\/grad\/author\/admin\/\"}]}<\/script>\n<!-- \/ Yoast SEO plugin. -->","yoast_head_json":{"title":"Zajedno do EU potpora za Opuzen - Grad Opuzen","robots":{"index":"index","follow":"follow","max-snippet":"max-snippet:-1","max-image-preview":"max-image-preview:large","max-video-preview":"max-video-preview:-1"},"canonical":"https:\/\/www.opuzen.hr\/grad\/zajedno-do-eu-potpora-za-opuzen\/","og_locale":"hr_HR","og_type":"article","og_title":"Zajedno do EU potpora za Opuzen - Grad Opuzen","og_description":"Pozivamo obrtnike, poduzetnike i ravnatelje ustanova iz Opuzena na besplatne Poduzetni\u010dke susrete: &#8220;Zajedno do EU...","og_url":"https:\/\/www.opuzen.hr\/grad\/zajedno-do-eu-potpora-za-opuzen\/","og_site_name":"Grad Opuzen","article_published_time":"2022-04-22T07:45:18+00:00","article_modified_time":"2023-10-12T11:25:55+00:00","og_image":[{"width":1200,"height":628,"url":"https:\/\/www.opuzen.hr\/grad\/wp-content\/uploads\/2022\/04\/Poduzetni\u010dki-susreti-\u2013-E-pozivnica-1200x6281.png","type":"image\/png"}],"author":"Grad Opuzen","twitter_card":"summary_large_image","twitter_misc":{"Napisao\/la":"Grad Opuzen","Procijenjeno vrijeme \u010ditanja":"1 minuta"},"schema":{"@context":"https:\/\/schema.org","@graph":[{"@type":"Article","@id":"https:\/\/www.opuzen.hr\/grad\/zajedno-do-eu-potpora-za-opuzen\/#article","isPartOf":{"@id":"https:\/\/www.opuzen.hr\/grad\/zajedno-do-eu-potpora-za-opuzen\/"},"author":{"name":"Grad Opuzen","@id":"https:\/\/www.opuzen.hr\/grad\/#\/schema\/person\/0a17a9796898e9409a1fa4ca7448a481"},"headline":"Zajedno do EU potpora za Opuzen","datePublished":"2022-04-22T07:45:18+00:00","dateModified":"2023-10-12T11:25:55+00:00","mainEntityOfPage":{"@id":"https:\/\/www.opuzen.hr\/grad\/zajedno-do-eu-potpora-za-opuzen\/"},"wordCount":249,"publisher":{"@id":"https:\/\/www.opuzen.hr\/grad\/#organization"},"image":{"@id":"https:\/\/www.opuzen.hr\/grad\/zajedno-do-eu-potpora-za-opuzen\/#primaryimage"},"thumbnailUrl":"https:\/\/www.opuzen.hr\/grad\/wp-content\/uploads\/2022\/04\/Poduzetni\u010dki-susreti-\u2013-E-pozivnica-1200x6281.png","articleSection":["Novosti"],"inLanguage":"hr"},{"@type":"WebPage","@id":"https:\/\/www.opuzen.hr\/grad\/zajedno-do-eu-potpora-za-opuzen\/","url":"https:\/\/www.opuzen.hr\/grad\/zajedno-do-eu-potpora-za-opuzen\/","name":"Zajedno do EU potpora za Opuzen - Grad Opuzen","isPartOf":{"@id":"https:\/\/www.opuzen.hr\/grad\/#website"},"primaryImageOfPage":{"@id":"https:\/\/www.opuzen.hr\/grad\/zajedno-do-eu-potpora-za-opuzen\/#primaryimage"},"image":{"@id":"https:\/\/www.opuzen.hr\/grad\/zajedno-do-eu-potpora-za-opuzen\/#primaryimage"},"thumbnailUrl":"https:\/\/www.opuzen.hr\/grad\/wp-content\/uploads\/2022\/04\/Poduzetni\u010dki-susreti-\u2013-E-pozivnica-1200x6281.png","datePublished":"2022-04-22T07:45:18+00:00","dateModified":"2023-10-12T11:25:55+00:00","breadcrumb":{"@id":"https:\/\/www.opuzen.hr\/grad\/zajedno-do-eu-potpora-za-opuzen\/#breadcrumb"},"inLanguage":"hr","potentialAction":[{"@type":"ReadAction","target":["https:\/\/www.opuzen.hr\/grad\/zajedno-do-eu-potpora-za-opuzen\/"]}]},{"@type":"ImageObject","inLanguage":"hr","@id":"https:\/\/www.opuzen.hr\/grad\/zajedno-do-eu-potpora-za-opuzen\/#primaryimage","url":"https:\/\/www.opuzen.hr\/grad\/wp-content\/uploads\/2022\/04\/Poduzetni\u010dki-susreti-\u2013-E-pozivnica-1200x6281.png","contentUrl":"https:\/\/www.opuzen.hr\/grad\/wp-content\/uploads\/2022\/04\/Poduzetni\u010dki-susreti-\u2013-E-pozivnica-1200x6281.png","width":"1200","height":"628"},{"@type":"BreadcrumbList","@id":"https:\/\/www.opuzen.hr\/grad\/zajedno-do-eu-potpora-za-opuzen\/#breadcrumb","itemListElement":[{"@type":"ListItem","position":1,"name":"Po\u010detna stranica","item":"https:\/\/www.opuzen.hr\/grad\/"},{"@type":"ListItem","position":2,"name":"Zajedno do EU potpora za Opuzen"}]},{"@type":"WebSite","@id":"https:\/\/www.opuzen.hr\/grad\/#website","url":"https:\/\/www.opuzen.hr\/grad\/","name":"Grad Opuzen","description":"Slu\u017ebene mre\u017ene stranice Grada Opuzena","publisher":{"@id":"https:\/\/www.opuzen.hr\/grad\/#organization"},"potentialAction":[{"@type":"SearchAction","target":{"@type":"EntryPoint","urlTemplate":"https:\/\/www.opuzen.hr\/grad\/?s={search_term_string}"},"query-input":"required name=search_term_string"}],"inLanguage":"hr"},{"@type":"Organization","@id":"https:\/\/www.opuzen.hr\/grad\/#organization","name":"Grad Opuzen","url":"https:\/\/www.opuzen.hr\/grad\/","logo":{"@type":"ImageObject","inLanguage":"hr","@id":"https:\/\/www.opuzen.hr\/grad\/#\/schema\/logo\/image\/","url":"https:\/\/www.opuzen.hr\/grad\/wp-content\/uploads\/2018\/02\/logo-opuzen.jpg","contentUrl":"https:\/\/www.opuzen.hr\/grad\/wp-content\/uploads\/2018\/02\/logo-opuzen.jpg","width":400,"height":400,"caption":"Grad Opuzen"},"image":{"@id":"https:\/\/www.opuzen.hr\/grad\/#\/schema\/logo\/image\/"}},{"@type":"Person","@id":"https:\/\/www.opuzen.hr\/grad\/#\/schema\/person\/0a17a9796898e9409a1fa4ca7448a481","name":"Grad Opuzen","image":{"@type":"ImageObject","inLanguage":"hr","@id":"https:\/\/www.opuzen.hr\/grad\/#\/schema\/person\/image\/","url":"https:\/\/secure.gravatar.com\/avatar\/0c54089de4fcf14c0fe3355109a3ac05?s=96&d=mm&r=g","contentUrl":"https:\/\/secure.gravatar.com\/avatar\/0c54089de4fcf14c0fe3355109a3ac05?s=96&d=mm&r=g","caption":"Grad Opuzen"},"url":"https:\/\/www.opuzen.hr\/grad\/author\/admin\/"}]}},"_links":{"self":[{"href":"https:\/\/www.opuzen.hr\/grad\/wp-json\/wp\/v2\/posts\/42388"}],"collection":[{"href":"https:\/\/www.opuzen.hr\/grad\/wp-json\/wp\/v2\/posts"}],"about":[{"href":"https:\/\/www.opuzen.hr\/grad\/wp-json\/wp\/v2\/types\/post"}],"author":[{"embeddable":true,"href":"https:\/\/www.opuzen.hr\/grad\/wp-json\/wp\/v2\/users\/3"}],"replies":[{"embeddable":true,"href":"https:\/\/www.opuzen.hr\/grad\/wp-json\/wp\/v2\/comments?post=42388"}],"version-history":[{"count":2,"href":"https:\/\/www.opuzen.hr\/grad\/wp-json\/wp\/v2\/posts\/42388\/revisions"}],"predecessor-version":[{"id":42391,"href":"https:\/\/www.opuzen.hr\/grad\/wp-json\/wp\/v2\/posts\/42388\/revisions\/42391"}],"wp:featuredmedia":[{"embeddable":true,"href":"https:\/\/www.opuzen.hr\/grad\/wp-json\/wp\/v2\/media\/42389"}],"wp:attachment":[{"href":"https:\/\/www.opuzen.hr\/grad\/wp-json\/wp\/v2\/media?parent=42388"}],"wp:term":[{"taxonomy":"category","embeddable":true,"href":"https:\/\/www.opuzen.hr\/grad\/wp-json\/wp\/v2\/categories?post=42388"},{"taxonomy":"post_tag","embeddable":true,"href":"https:\/\/www.opuzen.hr\/grad\/wp-json\/wp\/v2\/tags?post=42388"}],"curies":[{"name":"wp","href":"https:\/\/api.w.org\/{rel}","templated":true}]}}