{"id":42432,"date":"2022-05-16T14:44:56","date_gmt":"2022-05-16T12:44:56","guid":{"rendered":"https:\/\/www.opuzen.hr\/grad\/?p=42432"},"modified":"2023-10-12T13:25:55","modified_gmt":"2023-10-12T11:25:55","slug":"sovice-u-posjeti-gradonacelniku","status":"publish","type":"post","link":"https:\/\/www.opuzen.hr\/grad\/sovice-u-posjeti-gradonacelniku\/","title":{"rendered":"\u201e SOVICE \u201c U POSJETI  GRADONA\u010cELNIKU"},"content":{"rendered":"\n<p><\/p>\n\n\n\n<p>U sklopu aktivnosti\u00a0 <strong>ZANIMANJA<\/strong> \u00a0djeca iz odgojne skupine \u201eSovice\u201c Dje\u010djeg vrti\u0107a Opuzen pro\u0161li su tjedan posjetila Gradsku upravu grada Opuzena, gdje ih je u veliku Gradsku vije\u0107nicu primio gradona\u010delnik Ivan Mataga.<\/p>\n\n\n\n<p>Gradona\u010delnik je odgovarao na sva zanimljiva dje\u010dja\npitanja od \u0161kolovanja,opisa posla,najdra\u017ee \u017eivotinje,boje\u2026<\/p>\n\n\n\n<p>Nakon razgovora djeca su otpjevala pjesmu i darovala ga crte\u017eom na\u0161eg mista za \u0161to su zaslu\u017eeno nagra\u0111ena sokom i slatki\u0161ima.<\/p>\n\n\n\n<ul class=\"wp-block-gallery columns-3 is-cropped wp-block-gallery-1 is-layout-flex wp-block-gallery-is-layout-flex\"><li class=\"blocks-gallery-item\"><figure><a href=\"https:\/\/www.opuzen.hr\/grad\/wp-content\/uploads\/2022\/05\/IMG_7487-1-1024x683.jpg\"><img fetchpriority=\"high\" decoding=\"async\" width=\"1024\" height=\"683\" src=\"https:\/\/www.opuzen.hr\/grad\/wp-content\/uploads\/2022\/05\/IMG_7487-1-1024x683.jpg\" alt=\"\" data-id=\"42448\" data-link=\"https:\/\/www.opuzen.hr\/grad\/?attachment_id=42448\" class=\"wp-image-42448\" srcset=\"https:\/\/www.opuzen.hr\/grad\/wp-content\/uploads\/2022\/05\/IMG_7487-1-1024x683.jpg 1024w, https:\/\/www.opuzen.hr\/grad\/wp-content\/uploads\/2022\/05\/IMG_7487-1-300x200.jpg 300w, https:\/\/www.opuzen.hr\/grad\/wp-content\/uploads\/2022\/05\/IMG_7487-1-768x512.jpg 768w, https:\/\/www.opuzen.hr\/grad\/wp-content\/uploads\/2022\/05\/IMG_7487-1-600x400.jpg 600w, https:\/\/www.opuzen.hr\/grad\/wp-content\/uploads\/2022\/05\/IMG_7487-1-177x118.jpg 177w, https:\/\/www.opuzen.hr\/grad\/wp-content\/uploads\/2022\/05\/IMG_7487-1-150x100.jpg 150w\" sizes=\"(max-width: 1024px) 100vw, 1024px\" \/><\/a><\/figure><\/li><li class=\"blocks-gallery-item\"><figure><a href=\"https:\/\/www.opuzen.hr\/grad\/wp-content\/uploads\/2022\/05\/IMG_7489-1-1024x683.jpg\"><img decoding=\"async\" width=\"1024\" height=\"683\" src=\"https:\/\/www.opuzen.hr\/grad\/wp-content\/uploads\/2022\/05\/IMG_7489-1-1024x683.jpg\" alt=\"\" data-id=\"42449\" data-link=\"https:\/\/www.opuzen.hr\/grad\/?attachment_id=42449\" class=\"wp-image-42449\" srcset=\"https:\/\/www.opuzen.hr\/grad\/wp-content\/uploads\/2022\/05\/IMG_7489-1-1024x683.jpg 1024w, https:\/\/www.opuzen.hr\/grad\/wp-content\/uploads\/2022\/05\/IMG_7489-1-300x200.jpg 300w, https:\/\/www.opuzen.hr\/grad\/wp-content\/uploads\/2022\/05\/IMG_7489-1-768x512.jpg 768w, https:\/\/www.opuzen.hr\/grad\/wp-content\/uploads\/2022\/05\/IMG_7489-1-600x400.jpg 600w, https:\/\/www.opuzen.hr\/grad\/wp-content\/uploads\/2022\/05\/IMG_7489-1-177x118.jpg 177w, https:\/\/www.opuzen.hr\/grad\/wp-content\/uploads\/2022\/05\/IMG_7489-1-150x100.jpg 150w\" sizes=\"(max-width: 1024px) 100vw, 1024px\" \/><\/a><\/figure><\/li><li class=\"blocks-gallery-item\"><figure><a href=\"https:\/\/www.opuzen.hr\/grad\/wp-content\/uploads\/2022\/05\/IMG_7491-1-1024x683.jpg\"><img decoding=\"async\" width=\"1024\" height=\"683\" src=\"https:\/\/www.opuzen.hr\/grad\/wp-content\/uploads\/2022\/05\/IMG_7491-1-1024x683.jpg\" alt=\"\" data-id=\"42450\" data-link=\"https:\/\/www.opuzen.hr\/grad\/?attachment_id=42450\" class=\"wp-image-42450\" srcset=\"https:\/\/www.opuzen.hr\/grad\/wp-content\/uploads\/2022\/05\/IMG_7491-1-1024x683.jpg 1024w, https:\/\/www.opuzen.hr\/grad\/wp-content\/uploads\/2022\/05\/IMG_7491-1-300x200.jpg 300w, https:\/\/www.opuzen.hr\/grad\/wp-content\/uploads\/2022\/05\/IMG_7491-1-768x512.jpg 768w, https:\/\/www.opuzen.hr\/grad\/wp-content\/uploads\/2022\/05\/IMG_7491-1-600x400.jpg 600w, https:\/\/www.opuzen.hr\/grad\/wp-content\/uploads\/2022\/05\/IMG_7491-1-177x118.jpg 177w, https:\/\/www.opuzen.hr\/grad\/wp-content\/uploads\/2022\/05\/IMG_7491-1-150x100.jpg 150w\" sizes=\"(max-width: 1024px) 100vw, 1024px\" \/><\/a><\/figure><\/li><li class=\"blocks-gallery-item\"><figure><a href=\"https:\/\/www.opuzen.hr\/grad\/wp-content\/uploads\/2022\/05\/IMG_7492-1-1024x683.jpg\"><img loading=\"lazy\" decoding=\"async\" width=\"1024\" height=\"683\" src=\"https:\/\/www.opuzen.hr\/grad\/wp-content\/uploads\/2022\/05\/IMG_7492-1-1024x683.jpg\" alt=\"\" data-id=\"42451\" data-link=\"https:\/\/www.opuzen.hr\/grad\/?attachment_id=42451\" class=\"wp-image-42451\" srcset=\"https:\/\/www.opuzen.hr\/grad\/wp-content\/uploads\/2022\/05\/IMG_7492-1-1024x683.jpg 1024w, https:\/\/www.opuzen.hr\/grad\/wp-content\/uploads\/2022\/05\/IMG_7492-1-300x200.jpg 300w, https:\/\/www.opuzen.hr\/grad\/wp-content\/uploads\/2022\/05\/IMG_7492-1-768x512.jpg 768w, https:\/\/www.opuzen.hr\/grad\/wp-content\/uploads\/2022\/05\/IMG_7492-1-600x400.jpg 600w, https:\/\/www.opuzen.hr\/grad\/wp-content\/uploads\/2022\/05\/IMG_7492-1-177x118.jpg 177w, https:\/\/www.opuzen.hr\/grad\/wp-content\/uploads\/2022\/05\/IMG_7492-1-150x100.jpg 150w\" sizes=\"(max-width: 1024px) 100vw, 1024px\" \/><\/a><\/figure><\/li><li class=\"blocks-gallery-item\"><figure><a href=\"https:\/\/www.opuzen.hr\/grad\/wp-content\/uploads\/2022\/05\/IMG_7494-1-1024x683.jpg\"><img loading=\"lazy\" decoding=\"async\" width=\"1024\" height=\"683\" src=\"https:\/\/www.opuzen.hr\/grad\/wp-content\/uploads\/2022\/05\/IMG_7494-1-1024x683.jpg\" alt=\"\" data-id=\"42454\" data-link=\"https:\/\/www.opuzen.hr\/grad\/?attachment_id=42454\" class=\"wp-image-42454\" srcset=\"https:\/\/www.opuzen.hr\/grad\/wp-content\/uploads\/2022\/05\/IMG_7494-1-1024x683.jpg 1024w, https:\/\/www.opuzen.hr\/grad\/wp-content\/uploads\/2022\/05\/IMG_7494-1-300x200.jpg 300w, https:\/\/www.opuzen.hr\/grad\/wp-content\/uploads\/2022\/05\/IMG_7494-1-768x512.jpg 768w, https:\/\/www.opuzen.hr\/grad\/wp-content\/uploads\/2022\/05\/IMG_7494-1-600x400.jpg 600w, https:\/\/www.opuzen.hr\/grad\/wp-content\/uploads\/2022\/05\/IMG_7494-1-177x118.jpg 177w, https:\/\/www.opuzen.hr\/grad\/wp-content\/uploads\/2022\/05\/IMG_7494-1-150x100.jpg 150w\" sizes=\"(max-width: 1024px) 100vw, 1024px\" \/><\/a><\/figure><\/li><li class=\"blocks-gallery-item\"><figure><a href=\"https:\/\/www.opuzen.hr\/grad\/wp-content\/uploads\/2022\/05\/IMG_7495-1-1024x683.jpg\"><img loading=\"lazy\" decoding=\"async\" width=\"1024\" height=\"683\" src=\"https:\/\/www.opuzen.hr\/grad\/wp-content\/uploads\/2022\/05\/IMG_7495-1-1024x683.jpg\" alt=\"\" data-id=\"42455\" data-link=\"https:\/\/www.opuzen.hr\/grad\/?attachment_id=42455\" class=\"wp-image-42455\" srcset=\"https:\/\/www.opuzen.hr\/grad\/wp-content\/uploads\/2022\/05\/IMG_7495-1-1024x683.jpg 1024w, https:\/\/www.opuzen.hr\/grad\/wp-content\/uploads\/2022\/05\/IMG_7495-1-300x200.jpg 300w, https:\/\/www.opuzen.hr\/grad\/wp-content\/uploads\/2022\/05\/IMG_7495-1-768x512.jpg 768w, https:\/\/www.opuzen.hr\/grad\/wp-content\/uploads\/2022\/05\/IMG_7495-1-600x400.jpg 600w, https:\/\/www.opuzen.hr\/grad\/wp-content\/uploads\/2022\/05\/IMG_7495-1-177x118.jpg 177w, https:\/\/www.opuzen.hr\/grad\/wp-content\/uploads\/2022\/05\/IMG_7495-1-150x100.jpg 150w\" sizes=\"(max-width: 1024px) 100vw, 1024px\" \/><\/a><\/figure><\/li><li class=\"blocks-gallery-item\"><figure><a href=\"https:\/\/www.opuzen.hr\/grad\/wp-content\/uploads\/2022\/05\/IMG_7496-1-1024x683.jpg\"><img loading=\"lazy\" decoding=\"async\" width=\"1024\" height=\"683\" src=\"https:\/\/www.opuzen.hr\/grad\/wp-content\/uploads\/2022\/05\/IMG_7496-1-1024x683.jpg\" alt=\"\" data-id=\"42456\" data-link=\"https:\/\/www.opuzen.hr\/grad\/?attachment_id=42456\" class=\"wp-image-42456\" srcset=\"https:\/\/www.opuzen.hr\/grad\/wp-content\/uploads\/2022\/05\/IMG_7496-1-1024x683.jpg 1024w, https:\/\/www.opuzen.hr\/grad\/wp-content\/uploads\/2022\/05\/IMG_7496-1-300x200.jpg 300w, https:\/\/www.opuzen.hr\/grad\/wp-content\/uploads\/2022\/05\/IMG_7496-1-768x512.jpg 768w, https:\/\/www.opuzen.hr\/grad\/wp-content\/uploads\/2022\/05\/IMG_7496-1-600x400.jpg 600w, https:\/\/www.opuzen.hr\/grad\/wp-content\/uploads\/2022\/05\/IMG_7496-1-177x118.jpg 177w, https:\/\/www.opuzen.hr\/grad\/wp-content\/uploads\/2022\/05\/IMG_7496-1-150x100.jpg 150w\" sizes=\"(max-width: 1024px) 100vw, 1024px\" \/><\/a><\/figure><\/li><li class=\"blocks-gallery-item\"><figure><a href=\"https:\/\/www.opuzen.hr\/grad\/wp-content\/uploads\/2022\/05\/IMG_7497-1-1024x683.jpg\"><img loading=\"lazy\" decoding=\"async\" width=\"1024\" height=\"683\" src=\"https:\/\/www.opuzen.hr\/grad\/wp-content\/uploads\/2022\/05\/IMG_7497-1-1024x683.jpg\" alt=\"\" data-id=\"42457\" data-link=\"https:\/\/www.opuzen.hr\/grad\/?attachment_id=42457\" class=\"wp-image-42457\" srcset=\"https:\/\/www.opuzen.hr\/grad\/wp-content\/uploads\/2022\/05\/IMG_7497-1-1024x683.jpg 1024w, https:\/\/www.opuzen.hr\/grad\/wp-content\/uploads\/2022\/05\/IMG_7497-1-300x200.jpg 300w, https:\/\/www.opuzen.hr\/grad\/wp-content\/uploads\/2022\/05\/IMG_7497-1-768x512.jpg 768w, https:\/\/www.opuzen.hr\/grad\/wp-content\/uploads\/2022\/05\/IMG_7497-1-600x400.jpg 600w, https:\/\/www.opuzen.hr\/grad\/wp-content\/uploads\/2022\/05\/IMG_7497-1-177x118.jpg 177w, https:\/\/www.opuzen.hr\/grad\/wp-content\/uploads\/2022\/05\/IMG_7497-1-150x100.jpg 150w\" sizes=\"(max-width: 1024px) 100vw, 1024px\" \/><\/a><\/figure><\/li><li class=\"blocks-gallery-item\"><figure><a href=\"https:\/\/www.opuzen.hr\/grad\/wp-content\/uploads\/2022\/05\/IMG_7499-1-1024x683.jpg\"><img loading=\"lazy\" decoding=\"async\" width=\"1024\" height=\"683\" src=\"https:\/\/www.opuzen.hr\/grad\/wp-content\/uploads\/2022\/05\/IMG_7499-1-1024x683.jpg\" alt=\"\" data-id=\"42458\" data-link=\"https:\/\/www.opuzen.hr\/grad\/?attachment_id=42458\" class=\"wp-image-42458\" srcset=\"https:\/\/www.opuzen.hr\/grad\/wp-content\/uploads\/2022\/05\/IMG_7499-1-1024x683.jpg 1024w, https:\/\/www.opuzen.hr\/grad\/wp-content\/uploads\/2022\/05\/IMG_7499-1-300x200.jpg 300w, https:\/\/www.opuzen.hr\/grad\/wp-content\/uploads\/2022\/05\/IMG_7499-1-768x512.jpg 768w, https:\/\/www.opuzen.hr\/grad\/wp-content\/uploads\/2022\/05\/IMG_7499-1-600x400.jpg 600w, https:\/\/www.opuzen.hr\/grad\/wp-content\/uploads\/2022\/05\/IMG_7499-1-177x118.jpg 177w, https:\/\/www.opuzen.hr\/grad\/wp-content\/uploads\/2022\/05\/IMG_7499-1-150x100.jpg 150w\" sizes=\"(max-width: 1024px) 100vw, 1024px\" \/><\/a><\/figure><\/li><li class=\"blocks-gallery-item\"><figure><a href=\"https:\/\/www.opuzen.hr\/grad\/wp-content\/uploads\/2022\/05\/IMG_7500-1-1024x683.jpg\"><img loading=\"lazy\" decoding=\"async\" width=\"1024\" height=\"683\" src=\"https:\/\/www.opuzen.hr\/grad\/wp-content\/uploads\/2022\/05\/IMG_7500-1-1024x683.jpg\" alt=\"\" data-id=\"42459\" data-link=\"https:\/\/www.opuzen.hr\/grad\/?attachment_id=42459\" class=\"wp-image-42459\" srcset=\"https:\/\/www.opuzen.hr\/grad\/wp-content\/uploads\/2022\/05\/IMG_7500-1-1024x683.jpg 1024w, https:\/\/www.opuzen.hr\/grad\/wp-content\/uploads\/2022\/05\/IMG_7500-1-300x200.jpg 300w, https:\/\/www.opuzen.hr\/grad\/wp-content\/uploads\/2022\/05\/IMG_7500-1-768x512.jpg 768w, https:\/\/www.opuzen.hr\/grad\/wp-content\/uploads\/2022\/05\/IMG_7500-1-600x400.jpg 600w, https:\/\/www.opuzen.hr\/grad\/wp-content\/uploads\/2022\/05\/IMG_7500-1-177x118.jpg 177w, https:\/\/www.opuzen.hr\/grad\/wp-content\/uploads\/2022\/05\/IMG_7500-1-150x100.jpg 150w\" sizes=\"(max-width: 1024px) 100vw, 1024px\" \/><\/a><\/figure><\/li><li class=\"blocks-gallery-item\"><figure><a href=\"https:\/\/www.opuzen.hr\/grad\/wp-content\/uploads\/2022\/05\/IMG_7501-1-1024x683.jpg\"><img loading=\"lazy\" decoding=\"async\" width=\"1024\" height=\"683\" src=\"https:\/\/www.opuzen.hr\/grad\/wp-content\/uploads\/2022\/05\/IMG_7501-1-1024x683.jpg\" alt=\"\" data-id=\"42460\" data-link=\"https:\/\/www.opuzen.hr\/grad\/?attachment_id=42460\" class=\"wp-image-42460\" srcset=\"https:\/\/www.opuzen.hr\/grad\/wp-content\/uploads\/2022\/05\/IMG_7501-1-1024x683.jpg 1024w, https:\/\/www.opuzen.hr\/grad\/wp-content\/uploads\/2022\/05\/IMG_7501-1-300x200.jpg 300w, https:\/\/www.opuzen.hr\/grad\/wp-content\/uploads\/2022\/05\/IMG_7501-1-768x512.jpg 768w, https:\/\/www.opuzen.hr\/grad\/wp-content\/uploads\/2022\/05\/IMG_7501-1-600x400.jpg 600w, https:\/\/www.opuzen.hr\/grad\/wp-content\/uploads\/2022\/05\/IMG_7501-1-177x118.jpg 177w, https:\/\/www.opuzen.hr\/grad\/wp-content\/uploads\/2022\/05\/IMG_7501-1-150x100.jpg 150w\" sizes=\"(max-width: 1024px) 100vw, 1024px\" \/><\/a><\/figure><\/li><li class=\"blocks-gallery-item\"><figure><a href=\"https:\/\/www.opuzen.hr\/grad\/wp-content\/uploads\/2022\/05\/IMG_7502-1-1024x683.jpg\"><img loading=\"lazy\" decoding=\"async\" width=\"1024\" height=\"683\" src=\"https:\/\/www.opuzen.hr\/grad\/wp-content\/uploads\/2022\/05\/IMG_7502-1-1024x683.jpg\" alt=\"\" data-id=\"42461\" data-link=\"https:\/\/www.opuzen.hr\/grad\/?attachment_id=42461\" class=\"wp-image-42461\" srcset=\"https:\/\/www.opuzen.hr\/grad\/wp-content\/uploads\/2022\/05\/IMG_7502-1-1024x683.jpg 1024w, https:\/\/www.opuzen.hr\/grad\/wp-content\/uploads\/2022\/05\/IMG_7502-1-300x200.jpg 300w, https:\/\/www.opuzen.hr\/grad\/wp-content\/uploads\/2022\/05\/IMG_7502-1-768x512.jpg 768w, https:\/\/www.opuzen.hr\/grad\/wp-content\/uploads\/2022\/05\/IMG_7502-1-600x400.jpg 600w, https:\/\/www.opuzen.hr\/grad\/wp-content\/uploads\/2022\/05\/IMG_7502-1-177x118.jpg 177w, https:\/\/www.opuzen.hr\/grad\/wp-content\/uploads\/2022\/05\/IMG_7502-1-150x100.jpg 150w\" sizes=\"(max-width: 1024px) 100vw, 1024px\" \/><\/a><\/figure><\/li><\/ul>\n","protected":false},"excerpt":{"rendered":"<p>U sklopu aktivnosti\u00a0 ZANIMANJA \u00a0djeca iz odgojne skupine \u201eSovice\u201c Dje\u010djeg vrti\u0107a Opuzen pro\u0161li su tjedan&#8230;<\/p>\n","protected":false},"author":3,"featured_media":42462,"comment_status":"closed","ping_status":"closed","sticky":false,"template":"","format":"standard","meta":{"footnotes":""},"categories":[4],"tags":[],"class_list":["post-42432","post","type-post","status-publish","format-standard","has-post-thumbnail","hentry","category-novosti","wpcat-4-id"],"yoast_head":"<!-- This site is optimized with the Yoast SEO plugin v23.1 - https:\/\/yoast.com\/wordpress\/plugins\/seo\/ -->\n<title>\u201e SOVICE \u201c U POSJETI GRADONA\u010cELNIKU - Grad Opuzen<\/title>\n<meta name=\"robots\" content=\"index, follow, max-snippet:-1, max-image-preview:large, max-video-preview:-1\" \/>\n<link rel=\"canonical\" href=\"https:\/\/www.opuzen.hr\/grad\/sovice-u-posjeti-gradonacelniku\/\" \/>\n<meta property=\"og:locale\" content=\"hr_HR\" \/>\n<meta property=\"og:type\" content=\"article\" \/>\n<meta property=\"og:title\" content=\"\u201e SOVICE \u201c U POSJETI GRADONA\u010cELNIKU - Grad Opuzen\" \/>\n<meta property=\"og:description\" content=\"U sklopu aktivnosti\u00a0 ZANIMANJA \u00a0djeca iz odgojne skupine \u201eSovice\u201c Dje\u010djeg vrti\u0107a Opuzen pro\u0161li su tjedan...\" \/>\n<meta property=\"og:url\" content=\"https:\/\/www.opuzen.hr\/grad\/sovice-u-posjeti-gradonacelniku\/\" \/>\n<meta property=\"og:site_name\" content=\"Grad Opuzen\" \/>\n<meta property=\"article:published_time\" content=\"2022-05-16T12:44:56+00:00\" \/>\n<meta property=\"article:modified_time\" content=\"2023-10-12T11:25:55+00:00\" \/>\n<meta property=\"og:image\" content=\"https:\/\/www.opuzen.hr\/grad\/wp-content\/uploads\/2022\/05\/IMG_7504-1-1024x683.jpg\" \/>\n\t<meta property=\"og:image:width\" content=\"1024\" \/>\n\t<meta property=\"og:image:height\" content=\"683\" \/>\n\t<meta property=\"og:image:type\" content=\"image\/jpeg\" \/>\n<meta name=\"author\" content=\"Grad Opuzen\" \/>\n<meta name=\"twitter:card\" content=\"summary_large_image\" \/>\n<meta name=\"twitter:label1\" content=\"Napisao\/la\" \/>\n\t<meta name=\"twitter:data1\" content=\"Grad Opuzen\" \/>\n<script type=\"application\/ld+json\" class=\"yoast-schema-graph\">{\"@context\":\"https:\/\/schema.org\",\"@graph\":[{\"@type\":\"Article\",\"@id\":\"https:\/\/www.opuzen.hr\/grad\/sovice-u-posjeti-gradonacelniku\/#article\",\"isPartOf\":{\"@id\":\"https:\/\/www.opuzen.hr\/grad\/sovice-u-posjeti-gradonacelniku\/\"},\"author\":{\"name\":\"Grad Opuzen\",\"@id\":\"https:\/\/www.opuzen.hr\/grad\/#\/schema\/person\/0a17a9796898e9409a1fa4ca7448a481\"},\"headline\":\"\u201e SOVICE \u201c U POSJETI GRADONA\u010cELNIKU\",\"datePublished\":\"2022-05-16T12:44:56+00:00\",\"dateModified\":\"2023-10-12T11:25:55+00:00\",\"mainEntityOfPage\":{\"@id\":\"https:\/\/www.opuzen.hr\/grad\/sovice-u-posjeti-gradonacelniku\/\"},\"wordCount\":84,\"publisher\":{\"@id\":\"https:\/\/www.opuzen.hr\/grad\/#organization\"},\"image\":{\"@id\":\"https:\/\/www.opuzen.hr\/grad\/sovice-u-posjeti-gradonacelniku\/#primaryimage\"},\"thumbnailUrl\":\"https:\/\/www.opuzen.hr\/grad\/wp-content\/uploads\/2022\/05\/IMG_7504-1.jpg\",\"articleSection\":[\"Novosti\"],\"inLanguage\":\"hr\"},{\"@type\":\"WebPage\",\"@id\":\"https:\/\/www.opuzen.hr\/grad\/sovice-u-posjeti-gradonacelniku\/\",\"url\":\"https:\/\/www.opuzen.hr\/grad\/sovice-u-posjeti-gradonacelniku\/\",\"name\":\"\u201e SOVICE \u201c U POSJETI GRADONA\u010cELNIKU - Grad Opuzen\",\"isPartOf\":{\"@id\":\"https:\/\/www.opuzen.hr\/grad\/#website\"},\"primaryImageOfPage\":{\"@id\":\"https:\/\/www.opuzen.hr\/grad\/sovice-u-posjeti-gradonacelniku\/#primaryimage\"},\"image\":{\"@id\":\"https:\/\/www.opuzen.hr\/grad\/sovice-u-posjeti-gradonacelniku\/#primaryimage\"},\"thumbnailUrl\":\"https:\/\/www.opuzen.hr\/grad\/wp-content\/uploads\/2022\/05\/IMG_7504-1.jpg\",\"datePublished\":\"2022-05-16T12:44:56+00:00\",\"dateModified\":\"2023-10-12T11:25:55+00:00\",\"breadcrumb\":{\"@id\":\"https:\/\/www.opuzen.hr\/grad\/sovice-u-posjeti-gradonacelniku\/#breadcrumb\"},\"inLanguage\":\"hr\",\"potentialAction\":[{\"@type\":\"ReadAction\",\"target\":[\"https:\/\/www.opuzen.hr\/grad\/sovice-u-posjeti-gradonacelniku\/\"]}]},{\"@type\":\"ImageObject\",\"inLanguage\":\"hr\",\"@id\":\"https:\/\/www.opuzen.hr\/grad\/sovice-u-posjeti-gradonacelniku\/#primaryimage\",\"url\":\"https:\/\/www.opuzen.hr\/grad\/wp-content\/uploads\/2022\/05\/IMG_7504-1.jpg\",\"contentUrl\":\"https:\/\/www.opuzen.hr\/grad\/wp-content\/uploads\/2022\/05\/IMG_7504-1.jpg\",\"width\":\"5472\",\"height\":\"3648\"},{\"@type\":\"BreadcrumbList\",\"@id\":\"https:\/\/www.opuzen.hr\/grad\/sovice-u-posjeti-gradonacelniku\/#breadcrumb\",\"itemListElement\":[{\"@type\":\"ListItem\",\"position\":1,\"name\":\"Po\u010detna stranica\",\"item\":\"https:\/\/www.opuzen.hr\/grad\/\"},{\"@type\":\"ListItem\",\"position\":2,\"name\":\"\u201e SOVICE \u201c U POSJETI GRADONA\u010cELNIKU\"}]},{\"@type\":\"WebSite\",\"@id\":\"https:\/\/www.opuzen.hr\/grad\/#website\",\"url\":\"https:\/\/www.opuzen.hr\/grad\/\",\"name\":\"Grad Opuzen\",\"description\":\"Slu\u017ebene mre\u017ene stranice Grada Opuzena\",\"publisher\":{\"@id\":\"https:\/\/www.opuzen.hr\/grad\/#organization\"},\"potentialAction\":[{\"@type\":\"SearchAction\",\"target\":{\"@type\":\"EntryPoint\",\"urlTemplate\":\"https:\/\/www.opuzen.hr\/grad\/?s={search_term_string}\"},\"query-input\":\"required name=search_term_string\"}],\"inLanguage\":\"hr\"},{\"@type\":\"Organization\",\"@id\":\"https:\/\/www.opuzen.hr\/grad\/#organization\",\"name\":\"Grad Opuzen\",\"url\":\"https:\/\/www.opuzen.hr\/grad\/\",\"logo\":{\"@type\":\"ImageObject\",\"inLanguage\":\"hr\",\"@id\":\"https:\/\/www.opuzen.hr\/grad\/#\/schema\/logo\/image\/\",\"url\":\"https:\/\/www.opuzen.hr\/grad\/wp-content\/uploads\/2018\/02\/logo-opuzen.jpg\",\"contentUrl\":\"https:\/\/www.opuzen.hr\/grad\/wp-content\/uploads\/2018\/02\/logo-opuzen.jpg\",\"width\":400,\"height\":400,\"caption\":\"Grad Opuzen\"},\"image\":{\"@id\":\"https:\/\/www.opuzen.hr\/grad\/#\/schema\/logo\/image\/\"}},{\"@type\":\"Person\",\"@id\":\"https:\/\/www.opuzen.hr\/grad\/#\/schema\/person\/0a17a9796898e9409a1fa4ca7448a481\",\"name\":\"Grad Opuzen\",\"image\":{\"@type\":\"ImageObject\",\"inLanguage\":\"hr\",\"@id\":\"https:\/\/www.opuzen.hr\/grad\/#\/schema\/person\/image\/\",\"url\":\"https:\/\/secure.gravatar.com\/avatar\/0c54089de4fcf14c0fe3355109a3ac05?s=96&d=mm&r=g\",\"contentUrl\":\"https:\/\/secure.gravatar.com\/avatar\/0c54089de4fcf14c0fe3355109a3ac05?s=96&d=mm&r=g\",\"caption\":\"Grad Opuzen\"},\"url\":\"https:\/\/www.opuzen.hr\/grad\/author\/admin\/\"}]}<\/script>\n<!-- \/ Yoast SEO plugin. -->","yoast_head_json":{"title":"\u201e SOVICE \u201c U POSJETI GRADONA\u010cELNIKU - Grad Opuzen","robots":{"index":"index","follow":"follow","max-snippet":"max-snippet:-1","max-image-preview":"max-image-preview:large","max-video-preview":"max-video-preview:-1"},"canonical":"https:\/\/www.opuzen.hr\/grad\/sovice-u-posjeti-gradonacelniku\/","og_locale":"hr_HR","og_type":"article","og_title":"\u201e SOVICE \u201c U POSJETI GRADONA\u010cELNIKU - Grad Opuzen","og_description":"U sklopu aktivnosti\u00a0 ZANIMANJA \u00a0djeca iz odgojne skupine \u201eSovice\u201c Dje\u010djeg vrti\u0107a Opuzen pro\u0161li su tjedan...","og_url":"https:\/\/www.opuzen.hr\/grad\/sovice-u-posjeti-gradonacelniku\/","og_site_name":"Grad Opuzen","article_published_time":"2022-05-16T12:44:56+00:00","article_modified_time":"2023-10-12T11:25:55+00:00","og_image":[{"width":1024,"height":683,"url":"https:\/\/www.opuzen.hr\/grad\/wp-content\/uploads\/2022\/05\/IMG_7504-1-1024x683.jpg","type":"image\/jpeg"}],"author":"Grad Opuzen","twitter_card":"summary_large_image","twitter_misc":{"Napisao\/la":"Grad Opuzen"},"schema":{"@context":"https:\/\/schema.org","@graph":[{"@type":"Article","@id":"https:\/\/www.opuzen.hr\/grad\/sovice-u-posjeti-gradonacelniku\/#article","isPartOf":{"@id":"https:\/\/www.opuzen.hr\/grad\/sovice-u-posjeti-gradonacelniku\/"},"author":{"name":"Grad Opuzen","@id":"https:\/\/www.opuzen.hr\/grad\/#\/schema\/person\/0a17a9796898e9409a1fa4ca7448a481"},"headline":"\u201e SOVICE \u201c U POSJETI GRADONA\u010cELNIKU","datePublished":"2022-05-16T12:44:56+00:00","dateModified":"2023-10-12T11:25:55+00:00","mainEntityOfPage":{"@id":"https:\/\/www.opuzen.hr\/grad\/sovice-u-posjeti-gradonacelniku\/"},"wordCount":84,"publisher":{"@id":"https:\/\/www.opuzen.hr\/grad\/#organization"},"image":{"@id":"https:\/\/www.opuzen.hr\/grad\/sovice-u-posjeti-gradonacelniku\/#primaryimage"},"thumbnailUrl":"https:\/\/www.opuzen.hr\/grad\/wp-content\/uploads\/2022\/05\/IMG_7504-1.jpg","articleSection":["Novosti"],"inLanguage":"hr"},{"@type":"WebPage","@id":"https:\/\/www.opuzen.hr\/grad\/sovice-u-posjeti-gradonacelniku\/","url":"https:\/\/www.opuzen.hr\/grad\/sovice-u-posjeti-gradonacelniku\/","name":"\u201e SOVICE \u201c U POSJETI GRADONA\u010cELNIKU - Grad Opuzen","isPartOf":{"@id":"https:\/\/www.opuzen.hr\/grad\/#website"},"primaryImageOfPage":{"@id":"https:\/\/www.opuzen.hr\/grad\/sovice-u-posjeti-gradonacelniku\/#primaryimage"},"image":{"@id":"https:\/\/www.opuzen.hr\/grad\/sovice-u-posjeti-gradonacelniku\/#primaryimage"},"thumbnailUrl":"https:\/\/www.opuzen.hr\/grad\/wp-content\/uploads\/2022\/05\/IMG_7504-1.jpg","datePublished":"2022-05-16T12:44:56+00:00","dateModified":"2023-10-12T11:25:55+00:00","breadcrumb":{"@id":"https:\/\/www.opuzen.hr\/grad\/sovice-u-posjeti-gradonacelniku\/#breadcrumb"},"inLanguage":"hr","potentialAction":[{"@type":"ReadAction","target":["https:\/\/www.opuzen.hr\/grad\/sovice-u-posjeti-gradonacelniku\/"]}]},{"@type":"ImageObject","inLanguage":"hr","@id":"https:\/\/www.opuzen.hr\/grad\/sovice-u-posjeti-gradonacelniku\/#primaryimage","url":"https:\/\/www.opuzen.hr\/grad\/wp-content\/uploads\/2022\/05\/IMG_7504-1.jpg","contentUrl":"https:\/\/www.opuzen.hr\/grad\/wp-content\/uploads\/2022\/05\/IMG_7504-1.jpg","width":"5472","height":"3648"},{"@type":"BreadcrumbList","@id":"https:\/\/www.opuzen.hr\/grad\/sovice-u-posjeti-gradonacelniku\/#breadcrumb","itemListElement":[{"@type":"ListItem","position":1,"name":"Po\u010detna stranica","item":"https:\/\/www.opuzen.hr\/grad\/"},{"@type":"ListItem","position":2,"name":"\u201e SOVICE \u201c U POSJETI GRADONA\u010cELNIKU"}]},{"@type":"WebSite","@id":"https:\/\/www.opuzen.hr\/grad\/#website","url":"https:\/\/www.opuzen.hr\/grad\/","name":"Grad Opuzen","description":"Slu\u017ebene mre\u017ene stranice Grada Opuzena","publisher":{"@id":"https:\/\/www.opuzen.hr\/grad\/#organization"},"potentialAction":[{"@type":"SearchAction","target":{"@type":"EntryPoint","urlTemplate":"https:\/\/www.opuzen.hr\/grad\/?s={search_term_string}"},"query-input":"required name=search_term_string"}],"inLanguage":"hr"},{"@type":"Organization","@id":"https:\/\/www.opuzen.hr\/grad\/#organization","name":"Grad Opuzen","url":"https:\/\/www.opuzen.hr\/grad\/","logo":{"@type":"ImageObject","inLanguage":"hr","@id":"https:\/\/www.opuzen.hr\/grad\/#\/schema\/logo\/image\/","url":"https:\/\/www.opuzen.hr\/grad\/wp-content\/uploads\/2018\/02\/logo-opuzen.jpg","contentUrl":"https:\/\/www.opuzen.hr\/grad\/wp-content\/uploads\/2018\/02\/logo-opuzen.jpg","width":400,"height":400,"caption":"Grad Opuzen"},"image":{"@id":"https:\/\/www.opuzen.hr\/grad\/#\/schema\/logo\/image\/"}},{"@type":"Person","@id":"https:\/\/www.opuzen.hr\/grad\/#\/schema\/person\/0a17a9796898e9409a1fa4ca7448a481","name":"Grad Opuzen","image":{"@type":"ImageObject","inLanguage":"hr","@id":"https:\/\/www.opuzen.hr\/grad\/#\/schema\/person\/image\/","url":"https:\/\/secure.gravatar.com\/avatar\/0c54089de4fcf14c0fe3355109a3ac05?s=96&d=mm&r=g","contentUrl":"https:\/\/secure.gravatar.com\/avatar\/0c54089de4fcf14c0fe3355109a3ac05?s=96&d=mm&r=g","caption":"Grad Opuzen"},"url":"https:\/\/www.opuzen.hr\/grad\/author\/admin\/"}]}},"_links":{"self":[{"href":"https:\/\/www.opuzen.hr\/grad\/wp-json\/wp\/v2\/posts\/42432"}],"collection":[{"href":"https:\/\/www.opuzen.hr\/grad\/wp-json\/wp\/v2\/posts"}],"about":[{"href":"https:\/\/www.opuzen.hr\/grad\/wp-json\/wp\/v2\/types\/post"}],"author":[{"embeddable":true,"href":"https:\/\/www.opuzen.hr\/grad\/wp-json\/wp\/v2\/users\/3"}],"replies":[{"embeddable":true,"href":"https:\/\/www.opuzen.hr\/grad\/wp-json\/wp\/v2\/comments?post=42432"}],"version-history":[{"count":4,"href":"https:\/\/www.opuzen.hr\/grad\/wp-json\/wp\/v2\/posts\/42432\/revisions"}],"predecessor-version":[{"id":42465,"href":"https:\/\/www.opuzen.hr\/grad\/wp-json\/wp\/v2\/posts\/42432\/revisions\/42465"}],"wp:featuredmedia":[{"embeddable":true,"href":"https:\/\/www.opuzen.hr\/grad\/wp-json\/wp\/v2\/media\/42462"}],"wp:attachment":[{"href":"https:\/\/www.opuzen.hr\/grad\/wp-json\/wp\/v2\/media?parent=42432"}],"wp:term":[{"taxonomy":"category","embeddable":true,"href":"https:\/\/www.opuzen.hr\/grad\/wp-json\/wp\/v2\/categories?post=42432"},{"taxonomy":"post_tag","embeddable":true,"href":"https:\/\/www.opuzen.hr\/grad\/wp-json\/wp\/v2\/tags?post=42432"}],"curies":[{"name":"wp","href":"https:\/\/api.w.org\/{rel}","templated":true}]}}