{"id":42519,"date":"2022-05-25T14:24:21","date_gmt":"2022-05-25T12:24:21","guid":{"rendered":"https:\/\/www.opuzen.hr\/grad\/?p=42519"},"modified":"2023-10-12T13:25:45","modified_gmt":"2023-10-12T11:25:45","slug":"pozivnica-na-predavanje-i-javnu-tribinu-za-gradane","status":"publish","type":"post","link":"https:\/\/www.opuzen.hr\/grad\/pozivnica-na-predavanje-i-javnu-tribinu-za-gradane\/","title":{"rendered":"Pozivnica na predavanje i javnu tribinu za gra\u0111ane"},"content":{"rendered":"\n<p>Po\u0161tovana\/po\u0161tovani, pozivamo Vas na predavanje i javnu tribinu o odr\u017eivom gospodarenju otpadom, koje \u0107e se odr\u017eati u utorak, 31.5.2022. godine, u velikoj dvorani Gradske vije\u0107nice Grada Opuzena,<br>Trg kralja Tomislava 1, Opuzen, s po\u010detkom u 16:00 sati.<\/p>\n\n\n\n<p><br>\u25aa Predavanje za gra\u0111ane \u0107e se odr\u017eati u vremenu od 16:00 \u2013 16:45 h.<br>\u25aa Javna tribina za gra\u0111ane \u0107e se odr\u017eati u vremenu od 17:00 \u2013 18:00 h.<\/p>\n\n\n\n<p><br>Obje izobrazno-informativne aktivnosti organiziraju se u okviru projekta<\/p>\n\n\n\n<p><strong> \u201eIzgradnja i opremanje recikla\u017enog dvori\u0161ta Opuzen\u201c<\/strong>, <\/p>\n\n\n\n<p>KK.06.3.1.16.0025 koji je financiran iz bespovratnih sredstava Kohezijskog fonda u sklopu Operativnog programa Konkurentnost i kohezija 2014.-2020. <\/p>\n\n\n\n<p>Nositelj projekta je Grad Opuzen.<\/p>\n\n\n\n<p><br>Predavanje i javna tribina namijenjeni su svim zainteresiranim gra\u0111anima koji \u017eele saznati vi\u0161e o odr\u017eivom gospodarenju otpadom, a odr\u017eat \u0107e ih stru\u010dnjaci iz tvrtke CEDRA Split j.d.o.o. Nadamo se da \u0107ete se odazvati na\u0161em pozivu s obzirom na va\u017enost ove teme za cijelu<br>zajednicu.<br>Srda\u010dan pozdrav, <\/p>\n\n\n\n<p> Grad Opuzen<br>+385 20 671 139<br>&#x6f;&#x70;&#117;z&#x65;&#x6e;&#64;op&#x75;&#x7a;&#101;n&#x2e;&#x68;&#114; <\/p>\n\n\n\n<figure class=\"wp-block-image\"><img fetchpriority=\"high\" decoding=\"async\" width=\"1024\" height=\"225\" src=\"https:\/\/www.opuzen.hr\/grad\/wp-content\/uploads\/2022\/05\/Untitled-1-1024x225.jpg\" alt=\"\" class=\"wp-image-42521\" srcset=\"https:\/\/www.opuzen.hr\/grad\/wp-content\/uploads\/2022\/05\/Untitled-1-1024x225.jpg 1024w, https:\/\/www.opuzen.hr\/grad\/wp-content\/uploads\/2022\/05\/Untitled-1-300x66.jpg 300w, https:\/\/www.opuzen.hr\/grad\/wp-content\/uploads\/2022\/05\/Untitled-1-768x169.jpg 768w, https:\/\/www.opuzen.hr\/grad\/wp-content\/uploads\/2022\/05\/Untitled-1-600x132.jpg 600w, https:\/\/www.opuzen.hr\/grad\/wp-content\/uploads\/2022\/05\/Untitled-1-150x33.jpg 150w\" sizes=\"(max-width: 1024px) 100vw, 1024px\" \/><\/figure>\n","protected":false},"excerpt":{"rendered":"<p>Po\u0161tovana\/po\u0161tovani, pozivamo Vas na predavanje i javnu tribinu o odr\u017eivom gospodarenju otpadom, koje \u0107e se&#8230;<\/p>\n","protected":false},"author":3,"featured_media":8242,"comment_status":"closed","ping_status":"closed","sticky":false,"template":"","format":"standard","meta":{"footnotes":""},"categories":[4,377],"tags":[],"class_list":["post-42519","post","type-post","status-publish","format-standard","has-post-thumbnail","hentry","category-novosti","category-reciklazno-dvoriste-opuzen","wpcat-4-id","wpcat-377-id"],"yoast_head":"<!-- This site is optimized with the Yoast SEO plugin v23.1 - https:\/\/yoast.com\/wordpress\/plugins\/seo\/ -->\n<title>Pozivnica na predavanje i javnu tribinu za gra\u0111ane - Grad Opuzen<\/title>\n<meta name=\"robots\" content=\"index, follow, max-snippet:-1, max-image-preview:large, max-video-preview:-1\" \/>\n<link rel=\"canonical\" href=\"https:\/\/www.opuzen.hr\/grad\/pozivnica-na-predavanje-i-javnu-tribinu-za-gradane\/\" \/>\n<meta property=\"og:locale\" content=\"hr_HR\" \/>\n<meta property=\"og:type\" content=\"article\" \/>\n<meta property=\"og:title\" content=\"Pozivnica na predavanje i javnu tribinu za gra\u0111ane - Grad Opuzen\" \/>\n<meta property=\"og:description\" content=\"Po\u0161tovana\/po\u0161tovani, pozivamo Vas na predavanje i javnu tribinu o odr\u017eivom gospodarenju otpadom, koje \u0107e se...\" \/>\n<meta property=\"og:url\" content=\"https:\/\/www.opuzen.hr\/grad\/pozivnica-na-predavanje-i-javnu-tribinu-za-gradane\/\" \/>\n<meta property=\"og:site_name\" content=\"Grad Opuzen\" \/>\n<meta property=\"article:published_time\" content=\"2022-05-25T12:24:21+00:00\" \/>\n<meta property=\"article:modified_time\" content=\"2023-10-12T11:25:45+00:00\" \/>\n<meta property=\"og:image\" content=\"https:\/\/www.opuzen.hr\/grad\/wp-content\/uploads\/2021\/06\/RDO-logo_vodoravni-1-scaled.jpg\" \/>\n\t<meta property=\"og:image:width\" content=\"2560\" \/>\n\t<meta property=\"og:image:height\" content=\"896\" \/>\n\t<meta property=\"og:image:type\" content=\"image\/jpeg\" \/>\n<meta name=\"author\" content=\"Grad Opuzen\" \/>\n<meta name=\"twitter:card\" content=\"summary_large_image\" \/>\n<meta name=\"twitter:label1\" content=\"Napisao\/la\" \/>\n\t<meta name=\"twitter:data1\" content=\"Grad Opuzen\" \/>\n\t<meta name=\"twitter:label2\" content=\"Procijenjeno vrijeme \u010ditanja\" \/>\n\t<meta name=\"twitter:data2\" content=\"1 minuta\" \/>\n<script type=\"application\/ld+json\" class=\"yoast-schema-graph\">{\"@context\":\"https:\/\/schema.org\",\"@graph\":[{\"@type\":\"Article\",\"@id\":\"https:\/\/www.opuzen.hr\/grad\/pozivnica-na-predavanje-i-javnu-tribinu-za-gradane\/#article\",\"isPartOf\":{\"@id\":\"https:\/\/www.opuzen.hr\/grad\/pozivnica-na-predavanje-i-javnu-tribinu-za-gradane\/\"},\"author\":{\"name\":\"Grad Opuzen\",\"@id\":\"https:\/\/www.opuzen.hr\/grad\/#\/schema\/person\/0a17a9796898e9409a1fa4ca7448a481\"},\"headline\":\"Pozivnica na predavanje i javnu tribinu za gra\u0111ane\",\"datePublished\":\"2022-05-25T12:24:21+00:00\",\"dateModified\":\"2023-10-12T11:25:45+00:00\",\"mainEntityOfPage\":{\"@id\":\"https:\/\/www.opuzen.hr\/grad\/pozivnica-na-predavanje-i-javnu-tribinu-za-gradane\/\"},\"wordCount\":174,\"publisher\":{\"@id\":\"https:\/\/www.opuzen.hr\/grad\/#organization\"},\"image\":{\"@id\":\"https:\/\/www.opuzen.hr\/grad\/pozivnica-na-predavanje-i-javnu-tribinu-za-gradane\/#primaryimage\"},\"thumbnailUrl\":\"https:\/\/www.opuzen.hr\/grad\/wp-content\/uploads\/2021\/06\/RDO-logo_vodoravni-1-scaled.jpg\",\"articleSection\":[\"Novosti\",\"Recikla\u017eno dvori\u0161te opuzen\"],\"inLanguage\":\"hr\"},{\"@type\":\"WebPage\",\"@id\":\"https:\/\/www.opuzen.hr\/grad\/pozivnica-na-predavanje-i-javnu-tribinu-za-gradane\/\",\"url\":\"https:\/\/www.opuzen.hr\/grad\/pozivnica-na-predavanje-i-javnu-tribinu-za-gradane\/\",\"name\":\"Pozivnica na predavanje i javnu tribinu za gra\u0111ane - Grad Opuzen\",\"isPartOf\":{\"@id\":\"https:\/\/www.opuzen.hr\/grad\/#website\"},\"primaryImageOfPage\":{\"@id\":\"https:\/\/www.opuzen.hr\/grad\/pozivnica-na-predavanje-i-javnu-tribinu-za-gradane\/#primaryimage\"},\"image\":{\"@id\":\"https:\/\/www.opuzen.hr\/grad\/pozivnica-na-predavanje-i-javnu-tribinu-za-gradane\/#primaryimage\"},\"thumbnailUrl\":\"https:\/\/www.opuzen.hr\/grad\/wp-content\/uploads\/2021\/06\/RDO-logo_vodoravni-1-scaled.jpg\",\"datePublished\":\"2022-05-25T12:24:21+00:00\",\"dateModified\":\"2023-10-12T11:25:45+00:00\",\"breadcrumb\":{\"@id\":\"https:\/\/www.opuzen.hr\/grad\/pozivnica-na-predavanje-i-javnu-tribinu-za-gradane\/#breadcrumb\"},\"inLanguage\":\"hr\",\"potentialAction\":[{\"@type\":\"ReadAction\",\"target\":[\"https:\/\/www.opuzen.hr\/grad\/pozivnica-na-predavanje-i-javnu-tribinu-za-gradane\/\"]}]},{\"@type\":\"ImageObject\",\"inLanguage\":\"hr\",\"@id\":\"https:\/\/www.opuzen.hr\/grad\/pozivnica-na-predavanje-i-javnu-tribinu-za-gradane\/#primaryimage\",\"url\":\"https:\/\/www.opuzen.hr\/grad\/wp-content\/uploads\/2021\/06\/RDO-logo_vodoravni-1-scaled.jpg\",\"contentUrl\":\"https:\/\/www.opuzen.hr\/grad\/wp-content\/uploads\/2021\/06\/RDO-logo_vodoravni-1-scaled.jpg\",\"width\":2560,\"height\":896},{\"@type\":\"BreadcrumbList\",\"@id\":\"https:\/\/www.opuzen.hr\/grad\/pozivnica-na-predavanje-i-javnu-tribinu-za-gradane\/#breadcrumb\",\"itemListElement\":[{\"@type\":\"ListItem\",\"position\":1,\"name\":\"Po\u010detna stranica\",\"item\":\"https:\/\/www.opuzen.hr\/grad\/\"},{\"@type\":\"ListItem\",\"position\":2,\"name\":\"Pozivnica na predavanje i javnu tribinu za gra\u0111ane\"}]},{\"@type\":\"WebSite\",\"@id\":\"https:\/\/www.opuzen.hr\/grad\/#website\",\"url\":\"https:\/\/www.opuzen.hr\/grad\/\",\"name\":\"Grad Opuzen\",\"description\":\"Slu\u017ebene mre\u017ene stranice Grada Opuzena\",\"publisher\":{\"@id\":\"https:\/\/www.opuzen.hr\/grad\/#organization\"},\"potentialAction\":[{\"@type\":\"SearchAction\",\"target\":{\"@type\":\"EntryPoint\",\"urlTemplate\":\"https:\/\/www.opuzen.hr\/grad\/?s={search_term_string}\"},\"query-input\":\"required name=search_term_string\"}],\"inLanguage\":\"hr\"},{\"@type\":\"Organization\",\"@id\":\"https:\/\/www.opuzen.hr\/grad\/#organization\",\"name\":\"Grad Opuzen\",\"url\":\"https:\/\/www.opuzen.hr\/grad\/\",\"logo\":{\"@type\":\"ImageObject\",\"inLanguage\":\"hr\",\"@id\":\"https:\/\/www.opuzen.hr\/grad\/#\/schema\/logo\/image\/\",\"url\":\"https:\/\/www.opuzen.hr\/grad\/wp-content\/uploads\/2018\/02\/logo-opuzen.jpg\",\"contentUrl\":\"https:\/\/www.opuzen.hr\/grad\/wp-content\/uploads\/2018\/02\/logo-opuzen.jpg\",\"width\":400,\"height\":400,\"caption\":\"Grad Opuzen\"},\"image\":{\"@id\":\"https:\/\/www.opuzen.hr\/grad\/#\/schema\/logo\/image\/\"}},{\"@type\":\"Person\",\"@id\":\"https:\/\/www.opuzen.hr\/grad\/#\/schema\/person\/0a17a9796898e9409a1fa4ca7448a481\",\"name\":\"Grad Opuzen\",\"image\":{\"@type\":\"ImageObject\",\"inLanguage\":\"hr\",\"@id\":\"https:\/\/www.opuzen.hr\/grad\/#\/schema\/person\/image\/\",\"url\":\"https:\/\/secure.gravatar.com\/avatar\/0c54089de4fcf14c0fe3355109a3ac05?s=96&d=mm&r=g\",\"contentUrl\":\"https:\/\/secure.gravatar.com\/avatar\/0c54089de4fcf14c0fe3355109a3ac05?s=96&d=mm&r=g\",\"caption\":\"Grad Opuzen\"},\"url\":\"https:\/\/www.opuzen.hr\/grad\/author\/admin\/\"}]}<\/script>\n<!-- \/ Yoast SEO plugin. -->","yoast_head_json":{"title":"Pozivnica na predavanje i javnu tribinu za gra\u0111ane - Grad Opuzen","robots":{"index":"index","follow":"follow","max-snippet":"max-snippet:-1","max-image-preview":"max-image-preview:large","max-video-preview":"max-video-preview:-1"},"canonical":"https:\/\/www.opuzen.hr\/grad\/pozivnica-na-predavanje-i-javnu-tribinu-za-gradane\/","og_locale":"hr_HR","og_type":"article","og_title":"Pozivnica na predavanje i javnu tribinu za gra\u0111ane - Grad Opuzen","og_description":"Po\u0161tovana\/po\u0161tovani, pozivamo Vas na predavanje i javnu tribinu o odr\u017eivom gospodarenju otpadom, koje \u0107e se...","og_url":"https:\/\/www.opuzen.hr\/grad\/pozivnica-na-predavanje-i-javnu-tribinu-za-gradane\/","og_site_name":"Grad Opuzen","article_published_time":"2022-05-25T12:24:21+00:00","article_modified_time":"2023-10-12T11:25:45+00:00","og_image":[{"width":2560,"height":896,"url":"https:\/\/www.opuzen.hr\/grad\/wp-content\/uploads\/2021\/06\/RDO-logo_vodoravni-1-scaled.jpg","type":"image\/jpeg"}],"author":"Grad Opuzen","twitter_card":"summary_large_image","twitter_misc":{"Napisao\/la":"Grad Opuzen","Procijenjeno vrijeme \u010ditanja":"1 minuta"},"schema":{"@context":"https:\/\/schema.org","@graph":[{"@type":"Article","@id":"https:\/\/www.opuzen.hr\/grad\/pozivnica-na-predavanje-i-javnu-tribinu-za-gradane\/#article","isPartOf":{"@id":"https:\/\/www.opuzen.hr\/grad\/pozivnica-na-predavanje-i-javnu-tribinu-za-gradane\/"},"author":{"name":"Grad Opuzen","@id":"https:\/\/www.opuzen.hr\/grad\/#\/schema\/person\/0a17a9796898e9409a1fa4ca7448a481"},"headline":"Pozivnica na predavanje i javnu tribinu za gra\u0111ane","datePublished":"2022-05-25T12:24:21+00:00","dateModified":"2023-10-12T11:25:45+00:00","mainEntityOfPage":{"@id":"https:\/\/www.opuzen.hr\/grad\/pozivnica-na-predavanje-i-javnu-tribinu-za-gradane\/"},"wordCount":174,"publisher":{"@id":"https:\/\/www.opuzen.hr\/grad\/#organization"},"image":{"@id":"https:\/\/www.opuzen.hr\/grad\/pozivnica-na-predavanje-i-javnu-tribinu-za-gradane\/#primaryimage"},"thumbnailUrl":"https:\/\/www.opuzen.hr\/grad\/wp-content\/uploads\/2021\/06\/RDO-logo_vodoravni-1-scaled.jpg","articleSection":["Novosti","Recikla\u017eno dvori\u0161te opuzen"],"inLanguage":"hr"},{"@type":"WebPage","@id":"https:\/\/www.opuzen.hr\/grad\/pozivnica-na-predavanje-i-javnu-tribinu-za-gradane\/","url":"https:\/\/www.opuzen.hr\/grad\/pozivnica-na-predavanje-i-javnu-tribinu-za-gradane\/","name":"Pozivnica na predavanje i javnu tribinu za gra\u0111ane - Grad Opuzen","isPartOf":{"@id":"https:\/\/www.opuzen.hr\/grad\/#website"},"primaryImageOfPage":{"@id":"https:\/\/www.opuzen.hr\/grad\/pozivnica-na-predavanje-i-javnu-tribinu-za-gradane\/#primaryimage"},"image":{"@id":"https:\/\/www.opuzen.hr\/grad\/pozivnica-na-predavanje-i-javnu-tribinu-za-gradane\/#primaryimage"},"thumbnailUrl":"https:\/\/www.opuzen.hr\/grad\/wp-content\/uploads\/2021\/06\/RDO-logo_vodoravni-1-scaled.jpg","datePublished":"2022-05-25T12:24:21+00:00","dateModified":"2023-10-12T11:25:45+00:00","breadcrumb":{"@id":"https:\/\/www.opuzen.hr\/grad\/pozivnica-na-predavanje-i-javnu-tribinu-za-gradane\/#breadcrumb"},"inLanguage":"hr","potentialAction":[{"@type":"ReadAction","target":["https:\/\/www.opuzen.hr\/grad\/pozivnica-na-predavanje-i-javnu-tribinu-za-gradane\/"]}]},{"@type":"ImageObject","inLanguage":"hr","@id":"https:\/\/www.opuzen.hr\/grad\/pozivnica-na-predavanje-i-javnu-tribinu-za-gradane\/#primaryimage","url":"https:\/\/www.opuzen.hr\/grad\/wp-content\/uploads\/2021\/06\/RDO-logo_vodoravni-1-scaled.jpg","contentUrl":"https:\/\/www.opuzen.hr\/grad\/wp-content\/uploads\/2021\/06\/RDO-logo_vodoravni-1-scaled.jpg","width":2560,"height":896},{"@type":"BreadcrumbList","@id":"https:\/\/www.opuzen.hr\/grad\/pozivnica-na-predavanje-i-javnu-tribinu-za-gradane\/#breadcrumb","itemListElement":[{"@type":"ListItem","position":1,"name":"Po\u010detna stranica","item":"https:\/\/www.opuzen.hr\/grad\/"},{"@type":"ListItem","position":2,"name":"Pozivnica na predavanje i javnu tribinu za gra\u0111ane"}]},{"@type":"WebSite","@id":"https:\/\/www.opuzen.hr\/grad\/#website","url":"https:\/\/www.opuzen.hr\/grad\/","name":"Grad Opuzen","description":"Slu\u017ebene mre\u017ene stranice Grada Opuzena","publisher":{"@id":"https:\/\/www.opuzen.hr\/grad\/#organization"},"potentialAction":[{"@type":"SearchAction","target":{"@type":"EntryPoint","urlTemplate":"https:\/\/www.opuzen.hr\/grad\/?s={search_term_string}"},"query-input":"required name=search_term_string"}],"inLanguage":"hr"},{"@type":"Organization","@id":"https:\/\/www.opuzen.hr\/grad\/#organization","name":"Grad Opuzen","url":"https:\/\/www.opuzen.hr\/grad\/","logo":{"@type":"ImageObject","inLanguage":"hr","@id":"https:\/\/www.opuzen.hr\/grad\/#\/schema\/logo\/image\/","url":"https:\/\/www.opuzen.hr\/grad\/wp-content\/uploads\/2018\/02\/logo-opuzen.jpg","contentUrl":"https:\/\/www.opuzen.hr\/grad\/wp-content\/uploads\/2018\/02\/logo-opuzen.jpg","width":400,"height":400,"caption":"Grad Opuzen"},"image":{"@id":"https:\/\/www.opuzen.hr\/grad\/#\/schema\/logo\/image\/"}},{"@type":"Person","@id":"https:\/\/www.opuzen.hr\/grad\/#\/schema\/person\/0a17a9796898e9409a1fa4ca7448a481","name":"Grad Opuzen","image":{"@type":"ImageObject","inLanguage":"hr","@id":"https:\/\/www.opuzen.hr\/grad\/#\/schema\/person\/image\/","url":"https:\/\/secure.gravatar.com\/avatar\/0c54089de4fcf14c0fe3355109a3ac05?s=96&d=mm&r=g","contentUrl":"https:\/\/secure.gravatar.com\/avatar\/0c54089de4fcf14c0fe3355109a3ac05?s=96&d=mm&r=g","caption":"Grad Opuzen"},"url":"https:\/\/www.opuzen.hr\/grad\/author\/admin\/"}]}},"_links":{"self":[{"href":"https:\/\/www.opuzen.hr\/grad\/wp-json\/wp\/v2\/posts\/42519"}],"collection":[{"href":"https:\/\/www.opuzen.hr\/grad\/wp-json\/wp\/v2\/posts"}],"about":[{"href":"https:\/\/www.opuzen.hr\/grad\/wp-json\/wp\/v2\/types\/post"}],"author":[{"embeddable":true,"href":"https:\/\/www.opuzen.hr\/grad\/wp-json\/wp\/v2\/users\/3"}],"replies":[{"embeddable":true,"href":"https:\/\/www.opuzen.hr\/grad\/wp-json\/wp\/v2\/comments?post=42519"}],"version-history":[{"count":3,"href":"https:\/\/www.opuzen.hr\/grad\/wp-json\/wp\/v2\/posts\/42519\/revisions"}],"predecessor-version":[{"id":42523,"href":"https:\/\/www.opuzen.hr\/grad\/wp-json\/wp\/v2\/posts\/42519\/revisions\/42523"}],"wp:featuredmedia":[{"embeddable":true,"href":"https:\/\/www.opuzen.hr\/grad\/wp-json\/wp\/v2\/media\/8242"}],"wp:attachment":[{"href":"https:\/\/www.opuzen.hr\/grad\/wp-json\/wp\/v2\/media?parent=42519"}],"wp:term":[{"taxonomy":"category","embeddable":true,"href":"https:\/\/www.opuzen.hr\/grad\/wp-json\/wp\/v2\/categories?post=42519"},{"taxonomy":"post_tag","embeddable":true,"href":"https:\/\/www.opuzen.hr\/grad\/wp-json\/wp\/v2\/tags?post=42519"}],"curies":[{"name":"wp","href":"https:\/\/api.w.org\/{rel}","templated":true}]}}