{"id":42835,"date":"2022-07-13T19:44:40","date_gmt":"2022-07-13T17:44:40","guid":{"rendered":"https:\/\/www.opuzen.hr\/grad\/?p=42835"},"modified":"2023-10-12T13:25:34","modified_gmt":"2023-10-12T11:25:34","slug":"javni-poziv-za-sve-vlasnike-korisnike-neregistriranih-vozila-prikolica-brodica-i-drugih-ostavljenih-stvari-na-podrucju-grada-opuzena","status":"publish","type":"post","link":"https:\/\/www.opuzen.hr\/grad\/javni-poziv-za-sve-vlasnike-korisnike-neregistriranih-vozila-prikolica-brodica-i-drugih-ostavljenih-stvari-na-podrucju-grada-opuzena\/","title":{"rendered":"JAVNI POZIV  za sve vlasnike\/korisnike neregistriranih vozila, prikolica, brodica i drugih ostavljenih stvari na podru\u010dju Grada Opuzena"},"content":{"rendered":"\n<p>Pozivamo sve vlasnike\/korisnike ostavljenih neregistriranih vozila, prikolica, brodica i drugih ostavljenih stvari, da u najkra\u0107em mogu\u0107em roku ista uklone s javnih povr\u0161ina i sa povr\u0161ina u privatnom vlasni\u0161tvu koje se nalaze uz javne povr\u0161ine (npr. ceste, parkove, zelene povr\u0161ine i sl.).<\/p>\n\n\n\n<p><br> Komunalni redar \u0107e obi\u0107i podru\u010dje grada Opuzena i svim poznatim i nepoznatim vlasnicima ili korisnicima tako odlo\u017eenih neregistriranih vozila, prikolica, brodica ili drugih ostavljenih stvari ostaviti obavijest o uklanjaju istog s javne povr\u0161ine ili s privatne povr\u0161ine koja grani\u010di s javnom povr\u0161inom, s rokom uklanjanja od 3 (tri) dana sukladno \u010dlanku 123. Odluke o komunalnom redu. <\/p>\n\n\n\n<p><br> <strong>Nakon isteka ostavljenog roka  za uklanjanje vozila (3 dana)<\/strong> , komunalni redar \u0107e izvr\u0161iti ponovni nadzor, te ukoliko utvrdi da vlasnik\/korisnik neregistriranog vozila, prikolica, brodica ili drugih predmeta na javnoj povr\u0161ini  nije isto uklonio, isto \u0107e  biti uklonjeno od strane komunalnog redara, putem tre\u0107e osobe a o tro\u0161ku vlasnika, odnosno korisnika, a vlasnik odnosno korisnik vozila \u0107e uz to biti ka\u017enjeni za po\u010dinjeni prekr\u0161aj.<\/p>\n","protected":false},"excerpt":{"rendered":"<p>Pozivamo sve vlasnike\/korisnike ostavljenih neregistriranih vozila, prikolica, brodica i drugih ostavljenih stvari, da u najkra\u0107em&#8230;<\/p>\n","protected":false},"author":3,"featured_media":28665,"comment_status":"closed","ping_status":"closed","sticky":false,"template":"","format":"standard","meta":{"footnotes":""},"categories":[4],"tags":[],"class_list":["post-42835","post","type-post","status-publish","format-standard","has-post-thumbnail","hentry","category-novosti","wpcat-4-id"],"yoast_head":"<!-- This site is optimized with the Yoast SEO plugin v23.1 - https:\/\/yoast.com\/wordpress\/plugins\/seo\/ -->\n<title>JAVNI POZIV za sve vlasnike\/korisnike neregistriranih vozila, prikolica, brodica i drugih ostavljenih stvari na podru\u010dju Grada Opuzena - Grad Opuzen<\/title>\n<meta name=\"robots\" content=\"index, follow, max-snippet:-1, max-image-preview:large, max-video-preview:-1\" \/>\n<link rel=\"canonical\" href=\"https:\/\/www.opuzen.hr\/grad\/javni-poziv-za-sve-vlasnike-korisnike-neregistriranih-vozila-prikolica-brodica-i-drugih-ostavljenih-stvari-na-podrucju-grada-opuzena\/\" \/>\n<meta property=\"og:locale\" content=\"hr_HR\" \/>\n<meta property=\"og:type\" content=\"article\" \/>\n<meta property=\"og:title\" content=\"JAVNI POZIV za sve vlasnike\/korisnike neregistriranih vozila, prikolica, brodica i drugih ostavljenih stvari na podru\u010dju Grada Opuzena - Grad Opuzen\" \/>\n<meta property=\"og:description\" content=\"Pozivamo sve vlasnike\/korisnike ostavljenih neregistriranih vozila, prikolica, brodica i drugih ostavljenih stvari, da u najkra\u0107em...\" \/>\n<meta property=\"og:url\" content=\"https:\/\/www.opuzen.hr\/grad\/javni-poziv-za-sve-vlasnike-korisnike-neregistriranih-vozila-prikolica-brodica-i-drugih-ostavljenih-stvari-na-podrucju-grada-opuzena\/\" \/>\n<meta property=\"og:site_name\" content=\"Grad Opuzen\" \/>\n<meta property=\"article:published_time\" content=\"2022-07-13T17:44:40+00:00\" \/>\n<meta property=\"article:modified_time\" content=\"2023-10-12T11:25:34+00:00\" \/>\n<meta property=\"og:image\" content=\"https:\/\/www.opuzen.hr\/grad\/wp-content\/uploads\/2021\/10\/JP-Copy.jpg\" \/>\n\t<meta property=\"og:image:width\" content=\"642\" \/>\n\t<meta property=\"og:image:height\" content=\"482\" \/>\n\t<meta property=\"og:image:type\" content=\"image\/jpeg\" \/>\n<meta name=\"author\" content=\"Grad Opuzen\" \/>\n<meta name=\"twitter:card\" content=\"summary_large_image\" \/>\n<meta name=\"twitter:label1\" content=\"Napisao\/la\" \/>\n\t<meta name=\"twitter:data1\" content=\"Grad Opuzen\" \/>\n\t<meta name=\"twitter:label2\" content=\"Procijenjeno vrijeme \u010ditanja\" \/>\n\t<meta name=\"twitter:data2\" content=\"1 minuta\" \/>\n<script type=\"application\/ld+json\" class=\"yoast-schema-graph\">{\"@context\":\"https:\/\/schema.org\",\"@graph\":[{\"@type\":\"Article\",\"@id\":\"https:\/\/www.opuzen.hr\/grad\/javni-poziv-za-sve-vlasnike-korisnike-neregistriranih-vozila-prikolica-brodica-i-drugih-ostavljenih-stvari-na-podrucju-grada-opuzena\/#article\",\"isPartOf\":{\"@id\":\"https:\/\/www.opuzen.hr\/grad\/javni-poziv-za-sve-vlasnike-korisnike-neregistriranih-vozila-prikolica-brodica-i-drugih-ostavljenih-stvari-na-podrucju-grada-opuzena\/\"},\"author\":{\"name\":\"Grad Opuzen\",\"@id\":\"https:\/\/www.opuzen.hr\/grad\/#\/schema\/person\/0a17a9796898e9409a1fa4ca7448a481\"},\"headline\":\"JAVNI POZIV za sve vlasnike\/korisnike neregistriranih vozila, prikolica, brodica i drugih ostavljenih stvari na podru\u010dju Grada Opuzena\",\"datePublished\":\"2022-07-13T17:44:40+00:00\",\"dateModified\":\"2023-10-12T11:25:34+00:00\",\"mainEntityOfPage\":{\"@id\":\"https:\/\/www.opuzen.hr\/grad\/javni-poziv-za-sve-vlasnike-korisnike-neregistriranih-vozila-prikolica-brodica-i-drugih-ostavljenih-stvari-na-podrucju-grada-opuzena\/\"},\"wordCount\":199,\"publisher\":{\"@id\":\"https:\/\/www.opuzen.hr\/grad\/#organization\"},\"image\":{\"@id\":\"https:\/\/www.opuzen.hr\/grad\/javni-poziv-za-sve-vlasnike-korisnike-neregistriranih-vozila-prikolica-brodica-i-drugih-ostavljenih-stvari-na-podrucju-grada-opuzena\/#primaryimage\"},\"thumbnailUrl\":\"https:\/\/www.opuzen.hr\/grad\/wp-content\/uploads\/2021\/10\/JP-Copy.jpg\",\"articleSection\":[\"Novosti\"],\"inLanguage\":\"hr\"},{\"@type\":\"WebPage\",\"@id\":\"https:\/\/www.opuzen.hr\/grad\/javni-poziv-za-sve-vlasnike-korisnike-neregistriranih-vozila-prikolica-brodica-i-drugih-ostavljenih-stvari-na-podrucju-grada-opuzena\/\",\"url\":\"https:\/\/www.opuzen.hr\/grad\/javni-poziv-za-sve-vlasnike-korisnike-neregistriranih-vozila-prikolica-brodica-i-drugih-ostavljenih-stvari-na-podrucju-grada-opuzena\/\",\"name\":\"JAVNI POZIV za sve vlasnike\/korisnike neregistriranih vozila, prikolica, brodica i drugih ostavljenih stvari na podru\u010dju Grada Opuzena - Grad Opuzen\",\"isPartOf\":{\"@id\":\"https:\/\/www.opuzen.hr\/grad\/#website\"},\"primaryImageOfPage\":{\"@id\":\"https:\/\/www.opuzen.hr\/grad\/javni-poziv-za-sve-vlasnike-korisnike-neregistriranih-vozila-prikolica-brodica-i-drugih-ostavljenih-stvari-na-podrucju-grada-opuzena\/#primaryimage\"},\"image\":{\"@id\":\"https:\/\/www.opuzen.hr\/grad\/javni-poziv-za-sve-vlasnike-korisnike-neregistriranih-vozila-prikolica-brodica-i-drugih-ostavljenih-stvari-na-podrucju-grada-opuzena\/#primaryimage\"},\"thumbnailUrl\":\"https:\/\/www.opuzen.hr\/grad\/wp-content\/uploads\/2021\/10\/JP-Copy.jpg\",\"datePublished\":\"2022-07-13T17:44:40+00:00\",\"dateModified\":\"2023-10-12T11:25:34+00:00\",\"breadcrumb\":{\"@id\":\"https:\/\/www.opuzen.hr\/grad\/javni-poziv-za-sve-vlasnike-korisnike-neregistriranih-vozila-prikolica-brodica-i-drugih-ostavljenih-stvari-na-podrucju-grada-opuzena\/#breadcrumb\"},\"inLanguage\":\"hr\",\"potentialAction\":[{\"@type\":\"ReadAction\",\"target\":[\"https:\/\/www.opuzen.hr\/grad\/javni-poziv-za-sve-vlasnike-korisnike-neregistriranih-vozila-prikolica-brodica-i-drugih-ostavljenih-stvari-na-podrucju-grada-opuzena\/\"]}]},{\"@type\":\"ImageObject\",\"inLanguage\":\"hr\",\"@id\":\"https:\/\/www.opuzen.hr\/grad\/javni-poziv-za-sve-vlasnike-korisnike-neregistriranih-vozila-prikolica-brodica-i-drugih-ostavljenih-stvari-na-podrucju-grada-opuzena\/#primaryimage\",\"url\":\"https:\/\/www.opuzen.hr\/grad\/wp-content\/uploads\/2021\/10\/JP-Copy.jpg\",\"contentUrl\":\"https:\/\/www.opuzen.hr\/grad\/wp-content\/uploads\/2021\/10\/JP-Copy.jpg\",\"width\":\"642\",\"height\":\"482\"},{\"@type\":\"BreadcrumbList\",\"@id\":\"https:\/\/www.opuzen.hr\/grad\/javni-poziv-za-sve-vlasnike-korisnike-neregistriranih-vozila-prikolica-brodica-i-drugih-ostavljenih-stvari-na-podrucju-grada-opuzena\/#breadcrumb\",\"itemListElement\":[{\"@type\":\"ListItem\",\"position\":1,\"name\":\"Po\u010detna stranica\",\"item\":\"https:\/\/www.opuzen.hr\/grad\/\"},{\"@type\":\"ListItem\",\"position\":2,\"name\":\"JAVNI POZIV za sve vlasnike\/korisnike neregistriranih vozila, prikolica, brodica i drugih ostavljenih stvari na podru\u010dju Grada Opuzena\"}]},{\"@type\":\"WebSite\",\"@id\":\"https:\/\/www.opuzen.hr\/grad\/#website\",\"url\":\"https:\/\/www.opuzen.hr\/grad\/\",\"name\":\"Grad Opuzen\",\"description\":\"Slu\u017ebene mre\u017ene stranice Grada Opuzena\",\"publisher\":{\"@id\":\"https:\/\/www.opuzen.hr\/grad\/#organization\"},\"potentialAction\":[{\"@type\":\"SearchAction\",\"target\":{\"@type\":\"EntryPoint\",\"urlTemplate\":\"https:\/\/www.opuzen.hr\/grad\/?s={search_term_string}\"},\"query-input\":\"required name=search_term_string\"}],\"inLanguage\":\"hr\"},{\"@type\":\"Organization\",\"@id\":\"https:\/\/www.opuzen.hr\/grad\/#organization\",\"name\":\"Grad Opuzen\",\"url\":\"https:\/\/www.opuzen.hr\/grad\/\",\"logo\":{\"@type\":\"ImageObject\",\"inLanguage\":\"hr\",\"@id\":\"https:\/\/www.opuzen.hr\/grad\/#\/schema\/logo\/image\/\",\"url\":\"https:\/\/www.opuzen.hr\/grad\/wp-content\/uploads\/2018\/02\/logo-opuzen.jpg\",\"contentUrl\":\"https:\/\/www.opuzen.hr\/grad\/wp-content\/uploads\/2018\/02\/logo-opuzen.jpg\",\"width\":400,\"height\":400,\"caption\":\"Grad Opuzen\"},\"image\":{\"@id\":\"https:\/\/www.opuzen.hr\/grad\/#\/schema\/logo\/image\/\"}},{\"@type\":\"Person\",\"@id\":\"https:\/\/www.opuzen.hr\/grad\/#\/schema\/person\/0a17a9796898e9409a1fa4ca7448a481\",\"name\":\"Grad Opuzen\",\"image\":{\"@type\":\"ImageObject\",\"inLanguage\":\"hr\",\"@id\":\"https:\/\/www.opuzen.hr\/grad\/#\/schema\/person\/image\/\",\"url\":\"https:\/\/secure.gravatar.com\/avatar\/0c54089de4fcf14c0fe3355109a3ac05?s=96&d=mm&r=g\",\"contentUrl\":\"https:\/\/secure.gravatar.com\/avatar\/0c54089de4fcf14c0fe3355109a3ac05?s=96&d=mm&r=g\",\"caption\":\"Grad Opuzen\"},\"url\":\"https:\/\/www.opuzen.hr\/grad\/author\/admin\/\"}]}<\/script>\n<!-- \/ Yoast SEO plugin. -->","yoast_head_json":{"title":"JAVNI POZIV za sve vlasnike\/korisnike neregistriranih vozila, prikolica, brodica i drugih ostavljenih stvari na podru\u010dju Grada Opuzena - Grad Opuzen","robots":{"index":"index","follow":"follow","max-snippet":"max-snippet:-1","max-image-preview":"max-image-preview:large","max-video-preview":"max-video-preview:-1"},"canonical":"https:\/\/www.opuzen.hr\/grad\/javni-poziv-za-sve-vlasnike-korisnike-neregistriranih-vozila-prikolica-brodica-i-drugih-ostavljenih-stvari-na-podrucju-grada-opuzena\/","og_locale":"hr_HR","og_type":"article","og_title":"JAVNI POZIV za sve vlasnike\/korisnike neregistriranih vozila, prikolica, brodica i drugih ostavljenih stvari na podru\u010dju Grada Opuzena - Grad Opuzen","og_description":"Pozivamo sve vlasnike\/korisnike ostavljenih neregistriranih vozila, prikolica, brodica i drugih ostavljenih stvari, da u najkra\u0107em...","og_url":"https:\/\/www.opuzen.hr\/grad\/javni-poziv-za-sve-vlasnike-korisnike-neregistriranih-vozila-prikolica-brodica-i-drugih-ostavljenih-stvari-na-podrucju-grada-opuzena\/","og_site_name":"Grad Opuzen","article_published_time":"2022-07-13T17:44:40+00:00","article_modified_time":"2023-10-12T11:25:34+00:00","og_image":[{"width":642,"height":482,"url":"https:\/\/www.opuzen.hr\/grad\/wp-content\/uploads\/2021\/10\/JP-Copy.jpg","type":"image\/jpeg"}],"author":"Grad Opuzen","twitter_card":"summary_large_image","twitter_misc":{"Napisao\/la":"Grad Opuzen","Procijenjeno vrijeme \u010ditanja":"1 minuta"},"schema":{"@context":"https:\/\/schema.org","@graph":[{"@type":"Article","@id":"https:\/\/www.opuzen.hr\/grad\/javni-poziv-za-sve-vlasnike-korisnike-neregistriranih-vozila-prikolica-brodica-i-drugih-ostavljenih-stvari-na-podrucju-grada-opuzena\/#article","isPartOf":{"@id":"https:\/\/www.opuzen.hr\/grad\/javni-poziv-za-sve-vlasnike-korisnike-neregistriranih-vozila-prikolica-brodica-i-drugih-ostavljenih-stvari-na-podrucju-grada-opuzena\/"},"author":{"name":"Grad Opuzen","@id":"https:\/\/www.opuzen.hr\/grad\/#\/schema\/person\/0a17a9796898e9409a1fa4ca7448a481"},"headline":"JAVNI POZIV za sve vlasnike\/korisnike neregistriranih vozila, prikolica, brodica i drugih ostavljenih stvari na podru\u010dju Grada Opuzena","datePublished":"2022-07-13T17:44:40+00:00","dateModified":"2023-10-12T11:25:34+00:00","mainEntityOfPage":{"@id":"https:\/\/www.opuzen.hr\/grad\/javni-poziv-za-sve-vlasnike-korisnike-neregistriranih-vozila-prikolica-brodica-i-drugih-ostavljenih-stvari-na-podrucju-grada-opuzena\/"},"wordCount":199,"publisher":{"@id":"https:\/\/www.opuzen.hr\/grad\/#organization"},"image":{"@id":"https:\/\/www.opuzen.hr\/grad\/javni-poziv-za-sve-vlasnike-korisnike-neregistriranih-vozila-prikolica-brodica-i-drugih-ostavljenih-stvari-na-podrucju-grada-opuzena\/#primaryimage"},"thumbnailUrl":"https:\/\/www.opuzen.hr\/grad\/wp-content\/uploads\/2021\/10\/JP-Copy.jpg","articleSection":["Novosti"],"inLanguage":"hr"},{"@type":"WebPage","@id":"https:\/\/www.opuzen.hr\/grad\/javni-poziv-za-sve-vlasnike-korisnike-neregistriranih-vozila-prikolica-brodica-i-drugih-ostavljenih-stvari-na-podrucju-grada-opuzena\/","url":"https:\/\/www.opuzen.hr\/grad\/javni-poziv-za-sve-vlasnike-korisnike-neregistriranih-vozila-prikolica-brodica-i-drugih-ostavljenih-stvari-na-podrucju-grada-opuzena\/","name":"JAVNI POZIV za sve vlasnike\/korisnike neregistriranih vozila, prikolica, brodica i drugih ostavljenih stvari na podru\u010dju Grada Opuzena - Grad Opuzen","isPartOf":{"@id":"https:\/\/www.opuzen.hr\/grad\/#website"},"primaryImageOfPage":{"@id":"https:\/\/www.opuzen.hr\/grad\/javni-poziv-za-sve-vlasnike-korisnike-neregistriranih-vozila-prikolica-brodica-i-drugih-ostavljenih-stvari-na-podrucju-grada-opuzena\/#primaryimage"},"image":{"@id":"https:\/\/www.opuzen.hr\/grad\/javni-poziv-za-sve-vlasnike-korisnike-neregistriranih-vozila-prikolica-brodica-i-drugih-ostavljenih-stvari-na-podrucju-grada-opuzena\/#primaryimage"},"thumbnailUrl":"https:\/\/www.opuzen.hr\/grad\/wp-content\/uploads\/2021\/10\/JP-Copy.jpg","datePublished":"2022-07-13T17:44:40+00:00","dateModified":"2023-10-12T11:25:34+00:00","breadcrumb":{"@id":"https:\/\/www.opuzen.hr\/grad\/javni-poziv-za-sve-vlasnike-korisnike-neregistriranih-vozila-prikolica-brodica-i-drugih-ostavljenih-stvari-na-podrucju-grada-opuzena\/#breadcrumb"},"inLanguage":"hr","potentialAction":[{"@type":"ReadAction","target":["https:\/\/www.opuzen.hr\/grad\/javni-poziv-za-sve-vlasnike-korisnike-neregistriranih-vozila-prikolica-brodica-i-drugih-ostavljenih-stvari-na-podrucju-grada-opuzena\/"]}]},{"@type":"ImageObject","inLanguage":"hr","@id":"https:\/\/www.opuzen.hr\/grad\/javni-poziv-za-sve-vlasnike-korisnike-neregistriranih-vozila-prikolica-brodica-i-drugih-ostavljenih-stvari-na-podrucju-grada-opuzena\/#primaryimage","url":"https:\/\/www.opuzen.hr\/grad\/wp-content\/uploads\/2021\/10\/JP-Copy.jpg","contentUrl":"https:\/\/www.opuzen.hr\/grad\/wp-content\/uploads\/2021\/10\/JP-Copy.jpg","width":"642","height":"482"},{"@type":"BreadcrumbList","@id":"https:\/\/www.opuzen.hr\/grad\/javni-poziv-za-sve-vlasnike-korisnike-neregistriranih-vozila-prikolica-brodica-i-drugih-ostavljenih-stvari-na-podrucju-grada-opuzena\/#breadcrumb","itemListElement":[{"@type":"ListItem","position":1,"name":"Po\u010detna stranica","item":"https:\/\/www.opuzen.hr\/grad\/"},{"@type":"ListItem","position":2,"name":"JAVNI POZIV za sve vlasnike\/korisnike neregistriranih vozila, prikolica, brodica i drugih ostavljenih stvari na podru\u010dju Grada Opuzena"}]},{"@type":"WebSite","@id":"https:\/\/www.opuzen.hr\/grad\/#website","url":"https:\/\/www.opuzen.hr\/grad\/","name":"Grad Opuzen","description":"Slu\u017ebene mre\u017ene stranice Grada Opuzena","publisher":{"@id":"https:\/\/www.opuzen.hr\/grad\/#organization"},"potentialAction":[{"@type":"SearchAction","target":{"@type":"EntryPoint","urlTemplate":"https:\/\/www.opuzen.hr\/grad\/?s={search_term_string}"},"query-input":"required name=search_term_string"}],"inLanguage":"hr"},{"@type":"Organization","@id":"https:\/\/www.opuzen.hr\/grad\/#organization","name":"Grad Opuzen","url":"https:\/\/www.opuzen.hr\/grad\/","logo":{"@type":"ImageObject","inLanguage":"hr","@id":"https:\/\/www.opuzen.hr\/grad\/#\/schema\/logo\/image\/","url":"https:\/\/www.opuzen.hr\/grad\/wp-content\/uploads\/2018\/02\/logo-opuzen.jpg","contentUrl":"https:\/\/www.opuzen.hr\/grad\/wp-content\/uploads\/2018\/02\/logo-opuzen.jpg","width":400,"height":400,"caption":"Grad Opuzen"},"image":{"@id":"https:\/\/www.opuzen.hr\/grad\/#\/schema\/logo\/image\/"}},{"@type":"Person","@id":"https:\/\/www.opuzen.hr\/grad\/#\/schema\/person\/0a17a9796898e9409a1fa4ca7448a481","name":"Grad Opuzen","image":{"@type":"ImageObject","inLanguage":"hr","@id":"https:\/\/www.opuzen.hr\/grad\/#\/schema\/person\/image\/","url":"https:\/\/secure.gravatar.com\/avatar\/0c54089de4fcf14c0fe3355109a3ac05?s=96&d=mm&r=g","contentUrl":"https:\/\/secure.gravatar.com\/avatar\/0c54089de4fcf14c0fe3355109a3ac05?s=96&d=mm&r=g","caption":"Grad Opuzen"},"url":"https:\/\/www.opuzen.hr\/grad\/author\/admin\/"}]}},"_links":{"self":[{"href":"https:\/\/www.opuzen.hr\/grad\/wp-json\/wp\/v2\/posts\/42835"}],"collection":[{"href":"https:\/\/www.opuzen.hr\/grad\/wp-json\/wp\/v2\/posts"}],"about":[{"href":"https:\/\/www.opuzen.hr\/grad\/wp-json\/wp\/v2\/types\/post"}],"author":[{"embeddable":true,"href":"https:\/\/www.opuzen.hr\/grad\/wp-json\/wp\/v2\/users\/3"}],"replies":[{"embeddable":true,"href":"https:\/\/www.opuzen.hr\/grad\/wp-json\/wp\/v2\/comments?post=42835"}],"version-history":[{"count":1,"href":"https:\/\/www.opuzen.hr\/grad\/wp-json\/wp\/v2\/posts\/42835\/revisions"}],"predecessor-version":[{"id":42836,"href":"https:\/\/www.opuzen.hr\/grad\/wp-json\/wp\/v2\/posts\/42835\/revisions\/42836"}],"wp:featuredmedia":[{"embeddable":true,"href":"https:\/\/www.opuzen.hr\/grad\/wp-json\/wp\/v2\/media\/28665"}],"wp:attachment":[{"href":"https:\/\/www.opuzen.hr\/grad\/wp-json\/wp\/v2\/media?parent=42835"}],"wp:term":[{"taxonomy":"category","embeddable":true,"href":"https:\/\/www.opuzen.hr\/grad\/wp-json\/wp\/v2\/categories?post=42835"},{"taxonomy":"post_tag","embeddable":true,"href":"https:\/\/www.opuzen.hr\/grad\/wp-json\/wp\/v2\/tags?post=42835"}],"curies":[{"name":"wp","href":"https:\/\/api.w.org\/{rel}","templated":true}]}}