{"id":42897,"date":"2022-07-23T12:05:32","date_gmt":"2022-07-23T10:05:32","guid":{"rendered":"https:\/\/www.opuzen.hr\/grad\/?p=42897"},"modified":"2024-08-13T14:46:05","modified_gmt":"2024-08-13T12:46:05","slug":"sazvana-14-sjednica-gradskog-vijeca-grada-opuzena","status":"publish","type":"post","link":"https:\/\/www.opuzen.hr\/grad\/sazvana-14-sjednica-gradskog-vijeca-grada-opuzena\/","title":{"rendered":"Sazvana 14. sjednica Gradskog Vije\u0107a Grada Opuzena"},"content":{"rendered":"\r\n<h4 class=\"wp-block-heading\">XIV. sjednica Gradskog vije\u0107a Grada Opuzena sazvana je <strong>za dan 28. srpnja 2022. godine (\u010detvrtak) s po\u010detkom u 20<sup>00<\/sup> sati<\/strong> <strong>u velikoj dvorani Gradske vije\u0107nice, Trg kralja Tomislava 1.<\/strong><\/h4>\r\n\r\n\r\n\r\n<p><strong>DNEVNI RED<\/strong><\/p>\r\n\r\n\r\n\r\n<ol class=\"wp-block-list\">\r\n<li>Prijedlog zapisnika sa XIII. sjednice Gradskog vije\u0107a<\/li>\r\n<li>Aktualni sat<\/li>\r\n<li>Prijedlog Odluke o izmjeni Poslovnika o radu Gradskog vije\u0107a Grada Opuzena<\/li>\r\n<li>Prijedlog Odluke o povjeravanju poslova upravljanja Recikla\u017enim dvori\u0161tem Opuzen<\/li>\r\n<li>Prijedlog Odluke o jednokratnoj pomo\u0107i sufinanciranja nabavke \u0161kolskog pribora, opreme i radnog materijala u\u010denicima osnovne \u0161kole Opuzen s prebivali\u0161tem na podru\u010dju Grada Opuzena za nastavnu godinu 2022.\/2023.<\/li>\r\n<li>Prijedlog Odluke o dopunama Odluke o koeficijentima za obra\u010dun pla\u0107a slu\u017ebenika i namje\u0161tenika u Jedinstvenom upravnom odjelu Grada Opuzena<\/li>\r\n<li>Prijedlog Odluke o izmjeni Odluke o na\u010dinu i uvjetima sudjelovanja roditelja u cijeni programa Dje\u010djeg vrti\u0107a Opuzen<\/li>\r\n<li>Prijedlog Odluke o izmjeni Odluke o uvjetima i na\u010dinu dr\u017eanja pasa i ma\u010daka kao ku\u0107nih ljubimaca te na\u010dinu postupanja s napu\u0161tenim i izgubljenim \u017eivotinjama na podru\u010dju Grada Opuzena<\/li>\r\n<li>Prijedlog Odluke o javnim priznanjima za 2022. godinu<\/li>\r\n<\/ol>\r\n\r\n\r\n\r\n<p><strong>Sjednice Gradskog vije\u0107a su javne<\/strong><\/p>\r\n\r\n\r\n\r\n<p><strong>Na sjednicama mo\u017ee prisustvovati maksimalno 5 gra\u0111ana <\/strong><\/p>\r\n\r\n\r\n\r\n<p><strong>Ukoliko je broj osoba koje prate rad Gradskog vije\u0107a ve\u0107i od broja raspolo\u017eivih mjesta, predsjednik Gradskog vije\u0107a odre\u0111uje broj osoba koje mogu pratiti rad Gradskog vije\u0107a, u pravilu prema redoslijedu zaprimanja zahtjeva.<\/strong><\/p>\r\n\r\n\r\n\r\n<p><strong>Zahtjevi za prisustvovanje na sjednicama zaprimaju se e-mailom &#111;p&#x75;z&#x65;n&#x40;o&#x70;&#117;&#x7a;&#101;&#x6e;&#46;&#x68;&#114; ili telefonom 020\/671-139, najkasnije 24 sata prije odr\u017eavanja sjednice Gradskog vije\u0107a.<\/strong><\/p>\r\n\r\n\r\n\r\n<ol class=\"wp-block-list\">\r\n<li>\u00a0<\/li>\r\n<\/ol>\r\n<!-- WP Attachments -->\r\n        <div style=\"width:100%;margin:10px 0 10px 0;\">\r\n            <h3>Prilozi sadr\u017eaju:<\/h3>\r\n        <ul class=\"post-attachments\"><li class=\"post-attachment mime-application-msword\">                                \r\n<a target=\"_blank\" href=\"https:\/\/www.opuzen.hr\/grad\/sazvana-14-sjednica-gradskog-vijeca-grada-opuzena\/?download=42898\">1. Zapisnik sa 13. sjednice GV<\/a><div style=\"float:right;\">93 kB \/ Preuzeto: 292<\/div>\r\n<br><small><\/small><\/li><li class=\"post-attachment mime-application-vnd-openxmlformats-officedocument-wordprocessingml-document\">                                \r\n<a target=\"_blank\" href=\"https:\/\/www.opuzen.hr\/grad\/sazvana-14-sjednica-gradskog-vijeca-grada-opuzena\/?download=42899\">4. Odluka o povjeravanju poslova upravljanja recikla\u017enog dvori\u0161ta Opuzen<\/a><div style=\"float:right;\">27 kB \/ Preuzeto: 319<\/div>\r\n<br><small><\/small><\/li><li class=\"post-attachment mime-application-vnd-openxmlformats-officedocument-wordprocessingml-document\">                                \r\n<a target=\"_blank\" href=\"https:\/\/www.opuzen.hr\/grad\/sazvana-14-sjednica-gradskog-vijeca-grada-opuzena\/?download=42900\">5. ODLUKA-o-jednokratnoj-pomo\u0107i-sufinanciranja-nabavke-\u0161kolskog-pribora-opreme-i-radnog-materijala-u\u010denicima-osnovnih-\u0161kola-s-prebivali\u0161tem-na-podru\u010dju<\/a><div style=\"float:right;\">36 kB \/ Preuzeto: 255<\/div>\r\n<br><small><\/small><\/li><li class=\"post-attachment mime-application-msword\">                                \r\n<a target=\"_blank\" href=\"https:\/\/www.opuzen.hr\/grad\/sazvana-14-sjednica-gradskog-vijeca-grada-opuzena\/?download=42901\">6. Dopuna Odluka o koeficijentima za obra\u010dun pla\u0107a slu\u017ebenika i namje\u0161tenika u Jedinstvenom upravnom odjelu Grada Opuzena<\/a><div style=\"float:right;\">40 kB \/ Preuzeto: 321<\/div>\r\n<br><small><\/small><\/li><li class=\"post-attachment mime-application-msword\">                                \r\n<a target=\"_blank\" href=\"https:\/\/www.opuzen.hr\/grad\/sazvana-14-sjednica-gradskog-vijeca-grada-opuzena\/?download=42902\">7. Odluka o izmjeni Odluke o na\u010dinu i uvjetima sudjelovanja roditelja u cijeni programa<\/a><div style=\"float:right;\">44 kB \/ Preuzeto: 287<\/div>\r\n<br><small><\/small><\/li><li class=\"post-attachment mime-application-msword\">                                \r\n<a target=\"_blank\" href=\"https:\/\/www.opuzen.hr\/grad\/sazvana-14-sjednica-gradskog-vijeca-grada-opuzena\/?download=42903\">8. Odluka o Izmjeni odluke o uvjetima i na\u010dinu dr\u017eanja pasa i ma\u010daka kao ku\u0107nih ljubimaca te na\u010dinu postupanja s napu\u0161tenim i izgubljenim \u017eivotinjama na podru\u010dju Grada Opuzena<\/a><div style=\"float:right;\">41 kB \/ Preuzeto: 321<\/div>\r\n<br><small><\/small><\/li><li class=\"post-attachment mime-application-msword\">                                \r\n<a target=\"_blank\" href=\"https:\/\/www.opuzen.hr\/grad\/sazvana-14-sjednica-gradskog-vijeca-grada-opuzena\/?download=42908\">14. sjednica - poziv<\/a><div style=\"float:right;\">61 kB \/ Preuzeto: 248<\/div>\r\n<br><small><\/small><\/li><li class=\"post-attachment mime-application-msword\">                                \r\n<a target=\"_blank\" href=\"https:\/\/www.opuzen.hr\/grad\/sazvana-14-sjednica-gradskog-vijeca-grada-opuzena\/?download=42910\">03.izmjena poslovnika gradsko vije\u0107e(1)<\/a><div style=\"float:right;\">38 kB \/ Preuzeto: 276<\/div>\r\n<br><small><\/small><\/li><\/ul><\/div>","protected":false},"excerpt":{"rendered":"<p>XIV. sjednica Gradskog vije\u0107a Grada Opuzena sazvana je za dan 28. srpnja 2022. godine (\u010detvrtak)&#8230;<\/p>\n","protected":false},"author":3,"featured_media":48897,"comment_status":"closed","ping_status":"closed","sticky":false,"template":"","format":"standard","meta":{"footnotes":""},"categories":[4,393],"tags":[],"class_list":["post-42897","post","type-post","status-publish","format-standard","has-post-thumbnail","hentry","category-novosti","category-sjednice-gradskog-vijeca","wpcat-4-id","wpcat-393-id"],"yoast_head":"<!-- This site is optimized with the Yoast SEO plugin v23.1 - https:\/\/yoast.com\/wordpress\/plugins\/seo\/ -->\n<title>Sazvana 14. sjednica Gradskog Vije\u0107a Grada Opuzena - Grad Opuzen<\/title>\n<meta name=\"robots\" content=\"index, follow, max-snippet:-1, max-image-preview:large, max-video-preview:-1\" \/>\n<link rel=\"canonical\" href=\"https:\/\/www.opuzen.hr\/grad\/sazvana-14-sjednica-gradskog-vijeca-grada-opuzena\/\" \/>\n<meta property=\"og:locale\" content=\"hr_HR\" \/>\n<meta property=\"og:type\" content=\"article\" \/>\n<meta property=\"og:title\" content=\"Sazvana 14. sjednica Gradskog Vije\u0107a Grada Opuzena - Grad Opuzen\" \/>\n<meta property=\"og:description\" content=\"XIV. sjednica Gradskog vije\u0107a Grada Opuzena sazvana je za dan 28. srpnja 2022. godine (\u010detvrtak)...\" \/>\n<meta property=\"og:url\" content=\"https:\/\/www.opuzen.hr\/grad\/sazvana-14-sjednica-gradskog-vijeca-grada-opuzena\/\" \/>\n<meta property=\"og:site_name\" content=\"Grad Opuzen\" \/>\n<meta property=\"article:published_time\" content=\"2022-07-23T10:05:32+00:00\" \/>\n<meta property=\"article:modified_time\" content=\"2024-08-13T12:46:05+00:00\" \/>\n<meta property=\"og:image\" content=\"https:\/\/www.opuzen.hr\/grad\/wp-content\/uploads\/2022\/07\/sjednice9.png\" \/>\n\t<meta property=\"og:image:width\" content=\"1920\" \/>\n\t<meta property=\"og:image:height\" content=\"1080\" \/>\n\t<meta property=\"og:image:type\" content=\"image\/png\" \/>\n<meta name=\"author\" content=\"Grad Opuzen\" \/>\n<meta name=\"twitter:card\" content=\"summary_large_image\" \/>\n<meta name=\"twitter:label1\" content=\"Napisao\/la\" \/>\n\t<meta name=\"twitter:data1\" content=\"Grad Opuzen\" \/>\n\t<meta name=\"twitter:label2\" content=\"Procijenjeno vrijeme \u010ditanja\" \/>\n\t<meta name=\"twitter:data2\" content=\"2 minute\" \/>\n<script type=\"application\/ld+json\" class=\"yoast-schema-graph\">{\"@context\":\"https:\/\/schema.org\",\"@graph\":[{\"@type\":\"Article\",\"@id\":\"https:\/\/www.opuzen.hr\/grad\/sazvana-14-sjednica-gradskog-vijeca-grada-opuzena\/#article\",\"isPartOf\":{\"@id\":\"https:\/\/www.opuzen.hr\/grad\/sazvana-14-sjednica-gradskog-vijeca-grada-opuzena\/\"},\"author\":{\"name\":\"Grad Opuzen\",\"@id\":\"https:\/\/www.opuzen.hr\/grad\/#\/schema\/person\/0a17a9796898e9409a1fa4ca7448a481\"},\"headline\":\"Sazvana 14. sjednica Gradskog Vije\u0107a Grada Opuzena\",\"datePublished\":\"2022-07-23T10:05:32+00:00\",\"dateModified\":\"2024-08-13T12:46:05+00:00\",\"mainEntityOfPage\":{\"@id\":\"https:\/\/www.opuzen.hr\/grad\/sazvana-14-sjednica-gradskog-vijeca-grada-opuzena\/\"},\"wordCount\":260,\"publisher\":{\"@id\":\"https:\/\/www.opuzen.hr\/grad\/#organization\"},\"image\":{\"@id\":\"https:\/\/www.opuzen.hr\/grad\/sazvana-14-sjednica-gradskog-vijeca-grada-opuzena\/#primaryimage\"},\"thumbnailUrl\":\"https:\/\/www.opuzen.hr\/grad\/wp-content\/uploads\/2022\/07\/sjednice9.png\",\"articleSection\":[\"Novosti\",\"Sjednice gradskog vije\u0107a\"],\"inLanguage\":\"hr\"},{\"@type\":\"WebPage\",\"@id\":\"https:\/\/www.opuzen.hr\/grad\/sazvana-14-sjednica-gradskog-vijeca-grada-opuzena\/\",\"url\":\"https:\/\/www.opuzen.hr\/grad\/sazvana-14-sjednica-gradskog-vijeca-grada-opuzena\/\",\"name\":\"Sazvana 14. sjednica Gradskog Vije\u0107a Grada Opuzena - Grad Opuzen\",\"isPartOf\":{\"@id\":\"https:\/\/www.opuzen.hr\/grad\/#website\"},\"primaryImageOfPage\":{\"@id\":\"https:\/\/www.opuzen.hr\/grad\/sazvana-14-sjednica-gradskog-vijeca-grada-opuzena\/#primaryimage\"},\"image\":{\"@id\":\"https:\/\/www.opuzen.hr\/grad\/sazvana-14-sjednica-gradskog-vijeca-grada-opuzena\/#primaryimage\"},\"thumbnailUrl\":\"https:\/\/www.opuzen.hr\/grad\/wp-content\/uploads\/2022\/07\/sjednice9.png\",\"datePublished\":\"2022-07-23T10:05:32+00:00\",\"dateModified\":\"2024-08-13T12:46:05+00:00\",\"breadcrumb\":{\"@id\":\"https:\/\/www.opuzen.hr\/grad\/sazvana-14-sjednica-gradskog-vijeca-grada-opuzena\/#breadcrumb\"},\"inLanguage\":\"hr\",\"potentialAction\":[{\"@type\":\"ReadAction\",\"target\":[\"https:\/\/www.opuzen.hr\/grad\/sazvana-14-sjednica-gradskog-vijeca-grada-opuzena\/\"]}]},{\"@type\":\"ImageObject\",\"inLanguage\":\"hr\",\"@id\":\"https:\/\/www.opuzen.hr\/grad\/sazvana-14-sjednica-gradskog-vijeca-grada-opuzena\/#primaryimage\",\"url\":\"https:\/\/www.opuzen.hr\/grad\/wp-content\/uploads\/2022\/07\/sjednice9.png\",\"contentUrl\":\"https:\/\/www.opuzen.hr\/grad\/wp-content\/uploads\/2022\/07\/sjednice9.png\",\"width\":1920,\"height\":1080},{\"@type\":\"BreadcrumbList\",\"@id\":\"https:\/\/www.opuzen.hr\/grad\/sazvana-14-sjednica-gradskog-vijeca-grada-opuzena\/#breadcrumb\",\"itemListElement\":[{\"@type\":\"ListItem\",\"position\":1,\"name\":\"Po\u010detna stranica\",\"item\":\"https:\/\/www.opuzen.hr\/grad\/\"},{\"@type\":\"ListItem\",\"position\":2,\"name\":\"Sazvana 14. sjednica Gradskog Vije\u0107a Grada Opuzena\"}]},{\"@type\":\"WebSite\",\"@id\":\"https:\/\/www.opuzen.hr\/grad\/#website\",\"url\":\"https:\/\/www.opuzen.hr\/grad\/\",\"name\":\"Grad Opuzen\",\"description\":\"Slu\u017ebene mre\u017ene stranice Grada Opuzena\",\"publisher\":{\"@id\":\"https:\/\/www.opuzen.hr\/grad\/#organization\"},\"potentialAction\":[{\"@type\":\"SearchAction\",\"target\":{\"@type\":\"EntryPoint\",\"urlTemplate\":\"https:\/\/www.opuzen.hr\/grad\/?s={search_term_string}\"},\"query-input\":\"required name=search_term_string\"}],\"inLanguage\":\"hr\"},{\"@type\":\"Organization\",\"@id\":\"https:\/\/www.opuzen.hr\/grad\/#organization\",\"name\":\"Grad Opuzen\",\"url\":\"https:\/\/www.opuzen.hr\/grad\/\",\"logo\":{\"@type\":\"ImageObject\",\"inLanguage\":\"hr\",\"@id\":\"https:\/\/www.opuzen.hr\/grad\/#\/schema\/logo\/image\/\",\"url\":\"https:\/\/www.opuzen.hr\/grad\/wp-content\/uploads\/2018\/02\/logo-opuzen.jpg\",\"contentUrl\":\"https:\/\/www.opuzen.hr\/grad\/wp-content\/uploads\/2018\/02\/logo-opuzen.jpg\",\"width\":400,\"height\":400,\"caption\":\"Grad Opuzen\"},\"image\":{\"@id\":\"https:\/\/www.opuzen.hr\/grad\/#\/schema\/logo\/image\/\"}},{\"@type\":\"Person\",\"@id\":\"https:\/\/www.opuzen.hr\/grad\/#\/schema\/person\/0a17a9796898e9409a1fa4ca7448a481\",\"name\":\"Grad Opuzen\",\"image\":{\"@type\":\"ImageObject\",\"inLanguage\":\"hr\",\"@id\":\"https:\/\/www.opuzen.hr\/grad\/#\/schema\/person\/image\/\",\"url\":\"https:\/\/secure.gravatar.com\/avatar\/0c54089de4fcf14c0fe3355109a3ac05?s=96&d=mm&r=g\",\"contentUrl\":\"https:\/\/secure.gravatar.com\/avatar\/0c54089de4fcf14c0fe3355109a3ac05?s=96&d=mm&r=g\",\"caption\":\"Grad Opuzen\"},\"url\":\"https:\/\/www.opuzen.hr\/grad\/author\/admin\/\"}]}<\/script>\n<!-- \/ Yoast SEO plugin. -->","yoast_head_json":{"title":"Sazvana 14. sjednica Gradskog Vije\u0107a Grada Opuzena - Grad Opuzen","robots":{"index":"index","follow":"follow","max-snippet":"max-snippet:-1","max-image-preview":"max-image-preview:large","max-video-preview":"max-video-preview:-1"},"canonical":"https:\/\/www.opuzen.hr\/grad\/sazvana-14-sjednica-gradskog-vijeca-grada-opuzena\/","og_locale":"hr_HR","og_type":"article","og_title":"Sazvana 14. sjednica Gradskog Vije\u0107a Grada Opuzena - Grad Opuzen","og_description":"XIV. sjednica Gradskog vije\u0107a Grada Opuzena sazvana je za dan 28. srpnja 2022. godine (\u010detvrtak)...","og_url":"https:\/\/www.opuzen.hr\/grad\/sazvana-14-sjednica-gradskog-vijeca-grada-opuzena\/","og_site_name":"Grad Opuzen","article_published_time":"2022-07-23T10:05:32+00:00","article_modified_time":"2024-08-13T12:46:05+00:00","og_image":[{"width":1920,"height":1080,"url":"https:\/\/www.opuzen.hr\/grad\/wp-content\/uploads\/2022\/07\/sjednice9.png","type":"image\/png"}],"author":"Grad Opuzen","twitter_card":"summary_large_image","twitter_misc":{"Napisao\/la":"Grad Opuzen","Procijenjeno vrijeme \u010ditanja":"2 minute"},"schema":{"@context":"https:\/\/schema.org","@graph":[{"@type":"Article","@id":"https:\/\/www.opuzen.hr\/grad\/sazvana-14-sjednica-gradskog-vijeca-grada-opuzena\/#article","isPartOf":{"@id":"https:\/\/www.opuzen.hr\/grad\/sazvana-14-sjednica-gradskog-vijeca-grada-opuzena\/"},"author":{"name":"Grad Opuzen","@id":"https:\/\/www.opuzen.hr\/grad\/#\/schema\/person\/0a17a9796898e9409a1fa4ca7448a481"},"headline":"Sazvana 14. sjednica Gradskog Vije\u0107a Grada Opuzena","datePublished":"2022-07-23T10:05:32+00:00","dateModified":"2024-08-13T12:46:05+00:00","mainEntityOfPage":{"@id":"https:\/\/www.opuzen.hr\/grad\/sazvana-14-sjednica-gradskog-vijeca-grada-opuzena\/"},"wordCount":260,"publisher":{"@id":"https:\/\/www.opuzen.hr\/grad\/#organization"},"image":{"@id":"https:\/\/www.opuzen.hr\/grad\/sazvana-14-sjednica-gradskog-vijeca-grada-opuzena\/#primaryimage"},"thumbnailUrl":"https:\/\/www.opuzen.hr\/grad\/wp-content\/uploads\/2022\/07\/sjednice9.png","articleSection":["Novosti","Sjednice gradskog vije\u0107a"],"inLanguage":"hr"},{"@type":"WebPage","@id":"https:\/\/www.opuzen.hr\/grad\/sazvana-14-sjednica-gradskog-vijeca-grada-opuzena\/","url":"https:\/\/www.opuzen.hr\/grad\/sazvana-14-sjednica-gradskog-vijeca-grada-opuzena\/","name":"Sazvana 14. sjednica Gradskog Vije\u0107a Grada Opuzena - Grad Opuzen","isPartOf":{"@id":"https:\/\/www.opuzen.hr\/grad\/#website"},"primaryImageOfPage":{"@id":"https:\/\/www.opuzen.hr\/grad\/sazvana-14-sjednica-gradskog-vijeca-grada-opuzena\/#primaryimage"},"image":{"@id":"https:\/\/www.opuzen.hr\/grad\/sazvana-14-sjednica-gradskog-vijeca-grada-opuzena\/#primaryimage"},"thumbnailUrl":"https:\/\/www.opuzen.hr\/grad\/wp-content\/uploads\/2022\/07\/sjednice9.png","datePublished":"2022-07-23T10:05:32+00:00","dateModified":"2024-08-13T12:46:05+00:00","breadcrumb":{"@id":"https:\/\/www.opuzen.hr\/grad\/sazvana-14-sjednica-gradskog-vijeca-grada-opuzena\/#breadcrumb"},"inLanguage":"hr","potentialAction":[{"@type":"ReadAction","target":["https:\/\/www.opuzen.hr\/grad\/sazvana-14-sjednica-gradskog-vijeca-grada-opuzena\/"]}]},{"@type":"ImageObject","inLanguage":"hr","@id":"https:\/\/www.opuzen.hr\/grad\/sazvana-14-sjednica-gradskog-vijeca-grada-opuzena\/#primaryimage","url":"https:\/\/www.opuzen.hr\/grad\/wp-content\/uploads\/2022\/07\/sjednice9.png","contentUrl":"https:\/\/www.opuzen.hr\/grad\/wp-content\/uploads\/2022\/07\/sjednice9.png","width":1920,"height":1080},{"@type":"BreadcrumbList","@id":"https:\/\/www.opuzen.hr\/grad\/sazvana-14-sjednica-gradskog-vijeca-grada-opuzena\/#breadcrumb","itemListElement":[{"@type":"ListItem","position":1,"name":"Po\u010detna stranica","item":"https:\/\/www.opuzen.hr\/grad\/"},{"@type":"ListItem","position":2,"name":"Sazvana 14. sjednica Gradskog Vije\u0107a Grada Opuzena"}]},{"@type":"WebSite","@id":"https:\/\/www.opuzen.hr\/grad\/#website","url":"https:\/\/www.opuzen.hr\/grad\/","name":"Grad Opuzen","description":"Slu\u017ebene mre\u017ene stranice Grada Opuzena","publisher":{"@id":"https:\/\/www.opuzen.hr\/grad\/#organization"},"potentialAction":[{"@type":"SearchAction","target":{"@type":"EntryPoint","urlTemplate":"https:\/\/www.opuzen.hr\/grad\/?s={search_term_string}"},"query-input":"required name=search_term_string"}],"inLanguage":"hr"},{"@type":"Organization","@id":"https:\/\/www.opuzen.hr\/grad\/#organization","name":"Grad Opuzen","url":"https:\/\/www.opuzen.hr\/grad\/","logo":{"@type":"ImageObject","inLanguage":"hr","@id":"https:\/\/www.opuzen.hr\/grad\/#\/schema\/logo\/image\/","url":"https:\/\/www.opuzen.hr\/grad\/wp-content\/uploads\/2018\/02\/logo-opuzen.jpg","contentUrl":"https:\/\/www.opuzen.hr\/grad\/wp-content\/uploads\/2018\/02\/logo-opuzen.jpg","width":400,"height":400,"caption":"Grad Opuzen"},"image":{"@id":"https:\/\/www.opuzen.hr\/grad\/#\/schema\/logo\/image\/"}},{"@type":"Person","@id":"https:\/\/www.opuzen.hr\/grad\/#\/schema\/person\/0a17a9796898e9409a1fa4ca7448a481","name":"Grad Opuzen","image":{"@type":"ImageObject","inLanguage":"hr","@id":"https:\/\/www.opuzen.hr\/grad\/#\/schema\/person\/image\/","url":"https:\/\/secure.gravatar.com\/avatar\/0c54089de4fcf14c0fe3355109a3ac05?s=96&d=mm&r=g","contentUrl":"https:\/\/secure.gravatar.com\/avatar\/0c54089de4fcf14c0fe3355109a3ac05?s=96&d=mm&r=g","caption":"Grad Opuzen"},"url":"https:\/\/www.opuzen.hr\/grad\/author\/admin\/"}]}},"_links":{"self":[{"href":"https:\/\/www.opuzen.hr\/grad\/wp-json\/wp\/v2\/posts\/42897"}],"collection":[{"href":"https:\/\/www.opuzen.hr\/grad\/wp-json\/wp\/v2\/posts"}],"about":[{"href":"https:\/\/www.opuzen.hr\/grad\/wp-json\/wp\/v2\/types\/post"}],"author":[{"embeddable":true,"href":"https:\/\/www.opuzen.hr\/grad\/wp-json\/wp\/v2\/users\/3"}],"replies":[{"embeddable":true,"href":"https:\/\/www.opuzen.hr\/grad\/wp-json\/wp\/v2\/comments?post=42897"}],"version-history":[{"count":2,"href":"https:\/\/www.opuzen.hr\/grad\/wp-json\/wp\/v2\/posts\/42897\/revisions"}],"predecessor-version":[{"id":48875,"href":"https:\/\/www.opuzen.hr\/grad\/wp-json\/wp\/v2\/posts\/42897\/revisions\/48875"}],"wp:featuredmedia":[{"embeddable":true,"href":"https:\/\/www.opuzen.hr\/grad\/wp-json\/wp\/v2\/media\/48897"}],"wp:attachment":[{"href":"https:\/\/www.opuzen.hr\/grad\/wp-json\/wp\/v2\/media?parent=42897"}],"wp:term":[{"taxonomy":"category","embeddable":true,"href":"https:\/\/www.opuzen.hr\/grad\/wp-json\/wp\/v2\/categories?post=42897"},{"taxonomy":"post_tag","embeddable":true,"href":"https:\/\/www.opuzen.hr\/grad\/wp-json\/wp\/v2\/tags?post=42897"}],"curies":[{"name":"wp","href":"https:\/\/api.w.org\/{rel}","templated":true}]}}