{"id":42926,"date":"2022-08-06T20:32:48","date_gmt":"2022-08-06T18:32:48","guid":{"rendered":"https:\/\/www.opuzen.hr\/grad\/?p=42926"},"modified":"2023-10-12T13:25:33","modified_gmt":"2023-10-12T11:25:33","slug":"fotogalerija-gradske-glazbe-opuzen-i-orkestra-godba-domzale","status":"publish","type":"post","link":"https:\/\/www.opuzen.hr\/grad\/fotogalerija-gradske-glazbe-opuzen-i-orkestra-godba-domzale\/","title":{"rendered":"Fotogalerija Gradske glazbe Opuzen i orkestra Godba Dom\u017eale"},"content":{"rendered":"\n<p>Fotogalerija sa sino\u0107njeg sve\u010danog koncerta Gradske glazbe Opuzen i orkestra Godba Dom\u017eale povodom Dana pobjede i domovinske zahvalnosti te Dana hrvatskih branitelja, tako\u0111er povodom obilje\u017eavanja 75.obiljetnice postojanja Gradske glazbe Opuzen.<\/p>\n\n\n\n<ul class=\"wp-block-gallery columns-3 is-cropped wp-block-gallery-1 is-layout-flex wp-block-gallery-is-layout-flex\"><li class=\"blocks-gallery-item\"><figure><img fetchpriority=\"high\" decoding=\"async\" width=\"1024\" height=\"683\" src=\"https:\/\/www.opuzen.hr\/grad\/wp-content\/uploads\/2022\/08\/glazba_opuzen_75-godina060822_61-1024x683.jpg\" alt=\"\" data-id=\"42927\" data-link=\"https:\/\/www.opuzen.hr\/grad\/?attachment_id=42927\" class=\"wp-image-42927\" srcset=\"https:\/\/www.opuzen.hr\/grad\/wp-content\/uploads\/2022\/08\/glazba_opuzen_75-godina060822_61-1024x683.jpg 1024w, https:\/\/www.opuzen.hr\/grad\/wp-content\/uploads\/2022\/08\/glazba_opuzen_75-godina060822_61-300x200.jpg 300w, https:\/\/www.opuzen.hr\/grad\/wp-content\/uploads\/2022\/08\/glazba_opuzen_75-godina060822_61-768x512.jpg 768w, https:\/\/www.opuzen.hr\/grad\/wp-content\/uploads\/2022\/08\/glazba_opuzen_75-godina060822_61-600x400.jpg 600w, https:\/\/www.opuzen.hr\/grad\/wp-content\/uploads\/2022\/08\/glazba_opuzen_75-godina060822_61-177x118.jpg 177w, https:\/\/www.opuzen.hr\/grad\/wp-content\/uploads\/2022\/08\/glazba_opuzen_75-godina060822_61-150x100.jpg 150w\" sizes=\"(max-width: 1024px) 100vw, 1024px\" \/><\/figure><\/li><li class=\"blocks-gallery-item\"><figure><img decoding=\"async\" width=\"1024\" height=\"683\" src=\"https:\/\/www.opuzen.hr\/grad\/wp-content\/uploads\/2022\/08\/glazba_opuzen_75-godina060822_59-1024x683.jpg\" alt=\"\" data-id=\"42928\" data-link=\"https:\/\/www.opuzen.hr\/grad\/?attachment_id=42928\" class=\"wp-image-42928\" srcset=\"https:\/\/www.opuzen.hr\/grad\/wp-content\/uploads\/2022\/08\/glazba_opuzen_75-godina060822_59-1024x683.jpg 1024w, https:\/\/www.opuzen.hr\/grad\/wp-content\/uploads\/2022\/08\/glazba_opuzen_75-godina060822_59-300x200.jpg 300w, https:\/\/www.opuzen.hr\/grad\/wp-content\/uploads\/2022\/08\/glazba_opuzen_75-godina060822_59-768x512.jpg 768w, https:\/\/www.opuzen.hr\/grad\/wp-content\/uploads\/2022\/08\/glazba_opuzen_75-godina060822_59-600x400.jpg 600w, https:\/\/www.opuzen.hr\/grad\/wp-content\/uploads\/2022\/08\/glazba_opuzen_75-godina060822_59-177x118.jpg 177w, https:\/\/www.opuzen.hr\/grad\/wp-content\/uploads\/2022\/08\/glazba_opuzen_75-godina060822_59-150x100.jpg 150w\" sizes=\"(max-width: 1024px) 100vw, 1024px\" \/><\/figure><\/li><li class=\"blocks-gallery-item\"><figure><img decoding=\"async\" width=\"1024\" height=\"683\" src=\"https:\/\/www.opuzen.hr\/grad\/wp-content\/uploads\/2022\/08\/glazba_opuzen_75-godina060822_53-1024x683.jpg\" alt=\"\" data-id=\"42929\" data-link=\"https:\/\/www.opuzen.hr\/grad\/?attachment_id=42929\" class=\"wp-image-42929\" srcset=\"https:\/\/www.opuzen.hr\/grad\/wp-content\/uploads\/2022\/08\/glazba_opuzen_75-godina060822_53-1024x683.jpg 1024w, https:\/\/www.opuzen.hr\/grad\/wp-content\/uploads\/2022\/08\/glazba_opuzen_75-godina060822_53-300x200.jpg 300w, https:\/\/www.opuzen.hr\/grad\/wp-content\/uploads\/2022\/08\/glazba_opuzen_75-godina060822_53-768x512.jpg 768w, https:\/\/www.opuzen.hr\/grad\/wp-content\/uploads\/2022\/08\/glazba_opuzen_75-godina060822_53-600x400.jpg 600w, https:\/\/www.opuzen.hr\/grad\/wp-content\/uploads\/2022\/08\/glazba_opuzen_75-godina060822_53-177x118.jpg 177w, https:\/\/www.opuzen.hr\/grad\/wp-content\/uploads\/2022\/08\/glazba_opuzen_75-godina060822_53-150x100.jpg 150w\" sizes=\"(max-width: 1024px) 100vw, 1024px\" \/><\/figure><\/li><li class=\"blocks-gallery-item\"><figure><img loading=\"lazy\" decoding=\"async\" width=\"1024\" height=\"683\" src=\"https:\/\/www.opuzen.hr\/grad\/wp-content\/uploads\/2022\/08\/glazba_opuzen_75-godina060822_40-1024x683.jpg\" alt=\"\" data-id=\"42930\" data-link=\"https:\/\/www.opuzen.hr\/grad\/?attachment_id=42930\" class=\"wp-image-42930\" srcset=\"https:\/\/www.opuzen.hr\/grad\/wp-content\/uploads\/2022\/08\/glazba_opuzen_75-godina060822_40-1024x683.jpg 1024w, https:\/\/www.opuzen.hr\/grad\/wp-content\/uploads\/2022\/08\/glazba_opuzen_75-godina060822_40-300x200.jpg 300w, https:\/\/www.opuzen.hr\/grad\/wp-content\/uploads\/2022\/08\/glazba_opuzen_75-godina060822_40-768x512.jpg 768w, https:\/\/www.opuzen.hr\/grad\/wp-content\/uploads\/2022\/08\/glazba_opuzen_75-godina060822_40-600x400.jpg 600w, https:\/\/www.opuzen.hr\/grad\/wp-content\/uploads\/2022\/08\/glazba_opuzen_75-godina060822_40-177x118.jpg 177w, https:\/\/www.opuzen.hr\/grad\/wp-content\/uploads\/2022\/08\/glazba_opuzen_75-godina060822_40-150x100.jpg 150w\" sizes=\"(max-width: 1024px) 100vw, 1024px\" \/><\/figure><\/li><li class=\"blocks-gallery-item\"><figure><img loading=\"lazy\" decoding=\"async\" width=\"1024\" height=\"683\" src=\"https:\/\/www.opuzen.hr\/grad\/wp-content\/uploads\/2022\/08\/glazba_opuzen_75-godina060822_34-1024x683.jpg\" alt=\"\" data-id=\"42931\" data-link=\"https:\/\/www.opuzen.hr\/grad\/?attachment_id=42931\" class=\"wp-image-42931\" srcset=\"https:\/\/www.opuzen.hr\/grad\/wp-content\/uploads\/2022\/08\/glazba_opuzen_75-godina060822_34-1024x683.jpg 1024w, https:\/\/www.opuzen.hr\/grad\/wp-content\/uploads\/2022\/08\/glazba_opuzen_75-godina060822_34-300x200.jpg 300w, https:\/\/www.opuzen.hr\/grad\/wp-content\/uploads\/2022\/08\/glazba_opuzen_75-godina060822_34-768x512.jpg 768w, https:\/\/www.opuzen.hr\/grad\/wp-content\/uploads\/2022\/08\/glazba_opuzen_75-godina060822_34-600x400.jpg 600w, https:\/\/www.opuzen.hr\/grad\/wp-content\/uploads\/2022\/08\/glazba_opuzen_75-godina060822_34-177x118.jpg 177w, https:\/\/www.opuzen.hr\/grad\/wp-content\/uploads\/2022\/08\/glazba_opuzen_75-godina060822_34-150x100.jpg 150w\" sizes=\"(max-width: 1024px) 100vw, 1024px\" \/><\/figure><\/li><li class=\"blocks-gallery-item\"><figure><img loading=\"lazy\" decoding=\"async\" width=\"1024\" height=\"683\" src=\"https:\/\/www.opuzen.hr\/grad\/wp-content\/uploads\/2022\/08\/glazba_opuzen_75-godina060822_33-1024x683.jpg\" alt=\"\" data-id=\"42932\" data-link=\"https:\/\/www.opuzen.hr\/grad\/?attachment_id=42932\" class=\"wp-image-42932\" srcset=\"https:\/\/www.opuzen.hr\/grad\/wp-content\/uploads\/2022\/08\/glazba_opuzen_75-godina060822_33-1024x683.jpg 1024w, https:\/\/www.opuzen.hr\/grad\/wp-content\/uploads\/2022\/08\/glazba_opuzen_75-godina060822_33-300x200.jpg 300w, https:\/\/www.opuzen.hr\/grad\/wp-content\/uploads\/2022\/08\/glazba_opuzen_75-godina060822_33-768x512.jpg 768w, https:\/\/www.opuzen.hr\/grad\/wp-content\/uploads\/2022\/08\/glazba_opuzen_75-godina060822_33-600x400.jpg 600w, https:\/\/www.opuzen.hr\/grad\/wp-content\/uploads\/2022\/08\/glazba_opuzen_75-godina060822_33-177x118.jpg 177w, https:\/\/www.opuzen.hr\/grad\/wp-content\/uploads\/2022\/08\/glazba_opuzen_75-godina060822_33-150x100.jpg 150w\" sizes=\"(max-width: 1024px) 100vw, 1024px\" \/><\/figure><\/li><li class=\"blocks-gallery-item\"><figure><img loading=\"lazy\" decoding=\"async\" width=\"1024\" height=\"683\" src=\"https:\/\/www.opuzen.hr\/grad\/wp-content\/uploads\/2022\/08\/glazba_opuzen_75-godina060822_22-1024x683.jpg\" alt=\"\" data-id=\"42933\" data-link=\"https:\/\/www.opuzen.hr\/grad\/?attachment_id=42933\" class=\"wp-image-42933\" srcset=\"https:\/\/www.opuzen.hr\/grad\/wp-content\/uploads\/2022\/08\/glazba_opuzen_75-godina060822_22-1024x683.jpg 1024w, https:\/\/www.opuzen.hr\/grad\/wp-content\/uploads\/2022\/08\/glazba_opuzen_75-godina060822_22-300x200.jpg 300w, https:\/\/www.opuzen.hr\/grad\/wp-content\/uploads\/2022\/08\/glazba_opuzen_75-godina060822_22-768x512.jpg 768w, https:\/\/www.opuzen.hr\/grad\/wp-content\/uploads\/2022\/08\/glazba_opuzen_75-godina060822_22-600x400.jpg 600w, https:\/\/www.opuzen.hr\/grad\/wp-content\/uploads\/2022\/08\/glazba_opuzen_75-godina060822_22-177x118.jpg 177w, https:\/\/www.opuzen.hr\/grad\/wp-content\/uploads\/2022\/08\/glazba_opuzen_75-godina060822_22-150x100.jpg 150w\" sizes=\"(max-width: 1024px) 100vw, 1024px\" \/><\/figure><\/li><li class=\"blocks-gallery-item\"><figure><img loading=\"lazy\" decoding=\"async\" width=\"1024\" height=\"683\" src=\"https:\/\/www.opuzen.hr\/grad\/wp-content\/uploads\/2022\/08\/glazba_opuzen_75-godina060822_12-1024x683.jpg\" alt=\"\" data-id=\"42934\" data-link=\"https:\/\/www.opuzen.hr\/grad\/?attachment_id=42934\" class=\"wp-image-42934\" srcset=\"https:\/\/www.opuzen.hr\/grad\/wp-content\/uploads\/2022\/08\/glazba_opuzen_75-godina060822_12-1024x683.jpg 1024w, https:\/\/www.opuzen.hr\/grad\/wp-content\/uploads\/2022\/08\/glazba_opuzen_75-godina060822_12-300x200.jpg 300w, https:\/\/www.opuzen.hr\/grad\/wp-content\/uploads\/2022\/08\/glazba_opuzen_75-godina060822_12-768x512.jpg 768w, https:\/\/www.opuzen.hr\/grad\/wp-content\/uploads\/2022\/08\/glazba_opuzen_75-godina060822_12-600x400.jpg 600w, https:\/\/www.opuzen.hr\/grad\/wp-content\/uploads\/2022\/08\/glazba_opuzen_75-godina060822_12-177x118.jpg 177w, https:\/\/www.opuzen.hr\/grad\/wp-content\/uploads\/2022\/08\/glazba_opuzen_75-godina060822_12-150x100.jpg 150w\" sizes=\"(max-width: 1024px) 100vw, 1024px\" \/><\/figure><\/li><li class=\"blocks-gallery-item\"><figure><img loading=\"lazy\" decoding=\"async\" width=\"1024\" height=\"683\" src=\"https:\/\/www.opuzen.hr\/grad\/wp-content\/uploads\/2022\/08\/glazba_opuzen_75-godina060822_2-1024x683.jpg\" alt=\"\" data-id=\"42935\" data-link=\"https:\/\/www.opuzen.hr\/grad\/?attachment_id=42935\" class=\"wp-image-42935\" srcset=\"https:\/\/www.opuzen.hr\/grad\/wp-content\/uploads\/2022\/08\/glazba_opuzen_75-godina060822_2-1024x683.jpg 1024w, https:\/\/www.opuzen.hr\/grad\/wp-content\/uploads\/2022\/08\/glazba_opuzen_75-godina060822_2-300x200.jpg 300w, https:\/\/www.opuzen.hr\/grad\/wp-content\/uploads\/2022\/08\/glazba_opuzen_75-godina060822_2-768x512.jpg 768w, https:\/\/www.opuzen.hr\/grad\/wp-content\/uploads\/2022\/08\/glazba_opuzen_75-godina060822_2-600x400.jpg 600w, https:\/\/www.opuzen.hr\/grad\/wp-content\/uploads\/2022\/08\/glazba_opuzen_75-godina060822_2-177x118.jpg 177w, https:\/\/www.opuzen.hr\/grad\/wp-content\/uploads\/2022\/08\/glazba_opuzen_75-godina060822_2-150x100.jpg 150w\" sizes=\"(max-width: 1024px) 100vw, 1024px\" \/><\/figure><\/li><\/ul>\n","protected":false},"excerpt":{"rendered":"<p>Fotogalerija sa sino\u0107njeg sve\u010danog koncerta Gradske glazbe Opuzen i orkestra Godba Dom\u017eale povodom Dana pobjede&#8230;<\/p>\n","protected":false},"author":3,"featured_media":42927,"comment_status":"closed","ping_status":"closed","sticky":false,"template":"","format":"standard","meta":{"footnotes":""},"categories":[4],"tags":[],"class_list":["post-42926","post","type-post","status-publish","format-standard","has-post-thumbnail","hentry","category-novosti","wpcat-4-id"],"yoast_head":"<!-- This site is optimized with the Yoast SEO plugin v23.1 - https:\/\/yoast.com\/wordpress\/plugins\/seo\/ -->\n<title>Fotogalerija Gradske glazbe Opuzen i orkestra Godba Dom\u017eale - Grad Opuzen<\/title>\n<meta name=\"robots\" content=\"index, follow, max-snippet:-1, max-image-preview:large, max-video-preview:-1\" \/>\n<link rel=\"canonical\" href=\"https:\/\/www.opuzen.hr\/grad\/fotogalerija-gradske-glazbe-opuzen-i-orkestra-godba-domzale\/\" \/>\n<meta property=\"og:locale\" content=\"hr_HR\" \/>\n<meta property=\"og:type\" content=\"article\" \/>\n<meta property=\"og:title\" content=\"Fotogalerija Gradske glazbe Opuzen i orkestra Godba Dom\u017eale - Grad Opuzen\" \/>\n<meta property=\"og:description\" content=\"Fotogalerija sa sino\u0107njeg sve\u010danog koncerta Gradske glazbe Opuzen i orkestra Godba Dom\u017eale povodom Dana pobjede...\" \/>\n<meta property=\"og:url\" content=\"https:\/\/www.opuzen.hr\/grad\/fotogalerija-gradske-glazbe-opuzen-i-orkestra-godba-domzale\/\" \/>\n<meta property=\"og:site_name\" content=\"Grad Opuzen\" \/>\n<meta property=\"article:published_time\" content=\"2022-08-06T18:32:48+00:00\" \/>\n<meta property=\"article:modified_time\" content=\"2023-10-12T11:25:33+00:00\" \/>\n<meta property=\"og:image\" content=\"https:\/\/www.opuzen.hr\/grad\/wp-content\/uploads\/2022\/08\/glazba_opuzen_75-godina060822_61-1024x683.jpg\" \/>\n\t<meta property=\"og:image:width\" content=\"1024\" \/>\n\t<meta property=\"og:image:height\" content=\"683\" \/>\n\t<meta property=\"og:image:type\" content=\"image\/jpeg\" \/>\n<meta name=\"author\" content=\"Grad Opuzen\" \/>\n<meta name=\"twitter:card\" content=\"summary_large_image\" \/>\n<meta name=\"twitter:label1\" content=\"Napisao\/la\" \/>\n\t<meta name=\"twitter:data1\" content=\"Grad Opuzen\" \/>\n<script type=\"application\/ld+json\" class=\"yoast-schema-graph\">{\"@context\":\"https:\/\/schema.org\",\"@graph\":[{\"@type\":\"Article\",\"@id\":\"https:\/\/www.opuzen.hr\/grad\/fotogalerija-gradske-glazbe-opuzen-i-orkestra-godba-domzale\/#article\",\"isPartOf\":{\"@id\":\"https:\/\/www.opuzen.hr\/grad\/fotogalerija-gradske-glazbe-opuzen-i-orkestra-godba-domzale\/\"},\"author\":{\"name\":\"Grad Opuzen\",\"@id\":\"https:\/\/www.opuzen.hr\/grad\/#\/schema\/person\/0a17a9796898e9409a1fa4ca7448a481\"},\"headline\":\"Fotogalerija Gradske glazbe Opuzen i orkestra Godba Dom\u017eale\",\"datePublished\":\"2022-08-06T18:32:48+00:00\",\"dateModified\":\"2023-10-12T11:25:33+00:00\",\"mainEntityOfPage\":{\"@id\":\"https:\/\/www.opuzen.hr\/grad\/fotogalerija-gradske-glazbe-opuzen-i-orkestra-godba-domzale\/\"},\"wordCount\":44,\"publisher\":{\"@id\":\"https:\/\/www.opuzen.hr\/grad\/#organization\"},\"image\":{\"@id\":\"https:\/\/www.opuzen.hr\/grad\/fotogalerija-gradske-glazbe-opuzen-i-orkestra-godba-domzale\/#primaryimage\"},\"thumbnailUrl\":\"https:\/\/www.opuzen.hr\/grad\/wp-content\/uploads\/2022\/08\/glazba_opuzen_75-godina060822_61.jpg\",\"articleSection\":[\"Novosti\"],\"inLanguage\":\"hr\"},{\"@type\":\"WebPage\",\"@id\":\"https:\/\/www.opuzen.hr\/grad\/fotogalerija-gradske-glazbe-opuzen-i-orkestra-godba-domzale\/\",\"url\":\"https:\/\/www.opuzen.hr\/grad\/fotogalerija-gradske-glazbe-opuzen-i-orkestra-godba-domzale\/\",\"name\":\"Fotogalerija Gradske glazbe Opuzen i orkestra Godba Dom\u017eale - Grad Opuzen\",\"isPartOf\":{\"@id\":\"https:\/\/www.opuzen.hr\/grad\/#website\"},\"primaryImageOfPage\":{\"@id\":\"https:\/\/www.opuzen.hr\/grad\/fotogalerija-gradske-glazbe-opuzen-i-orkestra-godba-domzale\/#primaryimage\"},\"image\":{\"@id\":\"https:\/\/www.opuzen.hr\/grad\/fotogalerija-gradske-glazbe-opuzen-i-orkestra-godba-domzale\/#primaryimage\"},\"thumbnailUrl\":\"https:\/\/www.opuzen.hr\/grad\/wp-content\/uploads\/2022\/08\/glazba_opuzen_75-godina060822_61.jpg\",\"datePublished\":\"2022-08-06T18:32:48+00:00\",\"dateModified\":\"2023-10-12T11:25:33+00:00\",\"breadcrumb\":{\"@id\":\"https:\/\/www.opuzen.hr\/grad\/fotogalerija-gradske-glazbe-opuzen-i-orkestra-godba-domzale\/#breadcrumb\"},\"inLanguage\":\"hr\",\"potentialAction\":[{\"@type\":\"ReadAction\",\"target\":[\"https:\/\/www.opuzen.hr\/grad\/fotogalerija-gradske-glazbe-opuzen-i-orkestra-godba-domzale\/\"]}]},{\"@type\":\"ImageObject\",\"inLanguage\":\"hr\",\"@id\":\"https:\/\/www.opuzen.hr\/grad\/fotogalerija-gradske-glazbe-opuzen-i-orkestra-godba-domzale\/#primaryimage\",\"url\":\"https:\/\/www.opuzen.hr\/grad\/wp-content\/uploads\/2022\/08\/glazba_opuzen_75-godina060822_61.jpg\",\"contentUrl\":\"https:\/\/www.opuzen.hr\/grad\/wp-content\/uploads\/2022\/08\/glazba_opuzen_75-godina060822_61.jpg\",\"width\":\"3872\",\"height\":\"2581\"},{\"@type\":\"BreadcrumbList\",\"@id\":\"https:\/\/www.opuzen.hr\/grad\/fotogalerija-gradske-glazbe-opuzen-i-orkestra-godba-domzale\/#breadcrumb\",\"itemListElement\":[{\"@type\":\"ListItem\",\"position\":1,\"name\":\"Po\u010detna stranica\",\"item\":\"https:\/\/www.opuzen.hr\/grad\/\"},{\"@type\":\"ListItem\",\"position\":2,\"name\":\"Fotogalerija Gradske glazbe Opuzen i orkestra Godba Dom\u017eale\"}]},{\"@type\":\"WebSite\",\"@id\":\"https:\/\/www.opuzen.hr\/grad\/#website\",\"url\":\"https:\/\/www.opuzen.hr\/grad\/\",\"name\":\"Grad Opuzen\",\"description\":\"Slu\u017ebene mre\u017ene stranice Grada Opuzena\",\"publisher\":{\"@id\":\"https:\/\/www.opuzen.hr\/grad\/#organization\"},\"potentialAction\":[{\"@type\":\"SearchAction\",\"target\":{\"@type\":\"EntryPoint\",\"urlTemplate\":\"https:\/\/www.opuzen.hr\/grad\/?s={search_term_string}\"},\"query-input\":\"required name=search_term_string\"}],\"inLanguage\":\"hr\"},{\"@type\":\"Organization\",\"@id\":\"https:\/\/www.opuzen.hr\/grad\/#organization\",\"name\":\"Grad Opuzen\",\"url\":\"https:\/\/www.opuzen.hr\/grad\/\",\"logo\":{\"@type\":\"ImageObject\",\"inLanguage\":\"hr\",\"@id\":\"https:\/\/www.opuzen.hr\/grad\/#\/schema\/logo\/image\/\",\"url\":\"https:\/\/www.opuzen.hr\/grad\/wp-content\/uploads\/2018\/02\/logo-opuzen.jpg\",\"contentUrl\":\"https:\/\/www.opuzen.hr\/grad\/wp-content\/uploads\/2018\/02\/logo-opuzen.jpg\",\"width\":400,\"height\":400,\"caption\":\"Grad Opuzen\"},\"image\":{\"@id\":\"https:\/\/www.opuzen.hr\/grad\/#\/schema\/logo\/image\/\"}},{\"@type\":\"Person\",\"@id\":\"https:\/\/www.opuzen.hr\/grad\/#\/schema\/person\/0a17a9796898e9409a1fa4ca7448a481\",\"name\":\"Grad Opuzen\",\"image\":{\"@type\":\"ImageObject\",\"inLanguage\":\"hr\",\"@id\":\"https:\/\/www.opuzen.hr\/grad\/#\/schema\/person\/image\/\",\"url\":\"https:\/\/secure.gravatar.com\/avatar\/0c54089de4fcf14c0fe3355109a3ac05?s=96&d=mm&r=g\",\"contentUrl\":\"https:\/\/secure.gravatar.com\/avatar\/0c54089de4fcf14c0fe3355109a3ac05?s=96&d=mm&r=g\",\"caption\":\"Grad Opuzen\"},\"url\":\"https:\/\/www.opuzen.hr\/grad\/author\/admin\/\"}]}<\/script>\n<!-- \/ Yoast SEO plugin. -->","yoast_head_json":{"title":"Fotogalerija Gradske glazbe Opuzen i orkestra Godba Dom\u017eale - Grad Opuzen","robots":{"index":"index","follow":"follow","max-snippet":"max-snippet:-1","max-image-preview":"max-image-preview:large","max-video-preview":"max-video-preview:-1"},"canonical":"https:\/\/www.opuzen.hr\/grad\/fotogalerija-gradske-glazbe-opuzen-i-orkestra-godba-domzale\/","og_locale":"hr_HR","og_type":"article","og_title":"Fotogalerija Gradske glazbe Opuzen i orkestra Godba Dom\u017eale - Grad Opuzen","og_description":"Fotogalerija sa sino\u0107njeg sve\u010danog koncerta Gradske glazbe Opuzen i orkestra Godba Dom\u017eale povodom Dana pobjede...","og_url":"https:\/\/www.opuzen.hr\/grad\/fotogalerija-gradske-glazbe-opuzen-i-orkestra-godba-domzale\/","og_site_name":"Grad Opuzen","article_published_time":"2022-08-06T18:32:48+00:00","article_modified_time":"2023-10-12T11:25:33+00:00","og_image":[{"width":1024,"height":683,"url":"https:\/\/www.opuzen.hr\/grad\/wp-content\/uploads\/2022\/08\/glazba_opuzen_75-godina060822_61-1024x683.jpg","type":"image\/jpeg"}],"author":"Grad Opuzen","twitter_card":"summary_large_image","twitter_misc":{"Napisao\/la":"Grad Opuzen"},"schema":{"@context":"https:\/\/schema.org","@graph":[{"@type":"Article","@id":"https:\/\/www.opuzen.hr\/grad\/fotogalerija-gradske-glazbe-opuzen-i-orkestra-godba-domzale\/#article","isPartOf":{"@id":"https:\/\/www.opuzen.hr\/grad\/fotogalerija-gradske-glazbe-opuzen-i-orkestra-godba-domzale\/"},"author":{"name":"Grad Opuzen","@id":"https:\/\/www.opuzen.hr\/grad\/#\/schema\/person\/0a17a9796898e9409a1fa4ca7448a481"},"headline":"Fotogalerija Gradske glazbe Opuzen i orkestra Godba Dom\u017eale","datePublished":"2022-08-06T18:32:48+00:00","dateModified":"2023-10-12T11:25:33+00:00","mainEntityOfPage":{"@id":"https:\/\/www.opuzen.hr\/grad\/fotogalerija-gradske-glazbe-opuzen-i-orkestra-godba-domzale\/"},"wordCount":44,"publisher":{"@id":"https:\/\/www.opuzen.hr\/grad\/#organization"},"image":{"@id":"https:\/\/www.opuzen.hr\/grad\/fotogalerija-gradske-glazbe-opuzen-i-orkestra-godba-domzale\/#primaryimage"},"thumbnailUrl":"https:\/\/www.opuzen.hr\/grad\/wp-content\/uploads\/2022\/08\/glazba_opuzen_75-godina060822_61.jpg","articleSection":["Novosti"],"inLanguage":"hr"},{"@type":"WebPage","@id":"https:\/\/www.opuzen.hr\/grad\/fotogalerija-gradske-glazbe-opuzen-i-orkestra-godba-domzale\/","url":"https:\/\/www.opuzen.hr\/grad\/fotogalerija-gradske-glazbe-opuzen-i-orkestra-godba-domzale\/","name":"Fotogalerija Gradske glazbe Opuzen i orkestra Godba Dom\u017eale - Grad Opuzen","isPartOf":{"@id":"https:\/\/www.opuzen.hr\/grad\/#website"},"primaryImageOfPage":{"@id":"https:\/\/www.opuzen.hr\/grad\/fotogalerija-gradske-glazbe-opuzen-i-orkestra-godba-domzale\/#primaryimage"},"image":{"@id":"https:\/\/www.opuzen.hr\/grad\/fotogalerija-gradske-glazbe-opuzen-i-orkestra-godba-domzale\/#primaryimage"},"thumbnailUrl":"https:\/\/www.opuzen.hr\/grad\/wp-content\/uploads\/2022\/08\/glazba_opuzen_75-godina060822_61.jpg","datePublished":"2022-08-06T18:32:48+00:00","dateModified":"2023-10-12T11:25:33+00:00","breadcrumb":{"@id":"https:\/\/www.opuzen.hr\/grad\/fotogalerija-gradske-glazbe-opuzen-i-orkestra-godba-domzale\/#breadcrumb"},"inLanguage":"hr","potentialAction":[{"@type":"ReadAction","target":["https:\/\/www.opuzen.hr\/grad\/fotogalerija-gradske-glazbe-opuzen-i-orkestra-godba-domzale\/"]}]},{"@type":"ImageObject","inLanguage":"hr","@id":"https:\/\/www.opuzen.hr\/grad\/fotogalerija-gradske-glazbe-opuzen-i-orkestra-godba-domzale\/#primaryimage","url":"https:\/\/www.opuzen.hr\/grad\/wp-content\/uploads\/2022\/08\/glazba_opuzen_75-godina060822_61.jpg","contentUrl":"https:\/\/www.opuzen.hr\/grad\/wp-content\/uploads\/2022\/08\/glazba_opuzen_75-godina060822_61.jpg","width":"3872","height":"2581"},{"@type":"BreadcrumbList","@id":"https:\/\/www.opuzen.hr\/grad\/fotogalerija-gradske-glazbe-opuzen-i-orkestra-godba-domzale\/#breadcrumb","itemListElement":[{"@type":"ListItem","position":1,"name":"Po\u010detna stranica","item":"https:\/\/www.opuzen.hr\/grad\/"},{"@type":"ListItem","position":2,"name":"Fotogalerija Gradske glazbe Opuzen i orkestra Godba Dom\u017eale"}]},{"@type":"WebSite","@id":"https:\/\/www.opuzen.hr\/grad\/#website","url":"https:\/\/www.opuzen.hr\/grad\/","name":"Grad Opuzen","description":"Slu\u017ebene mre\u017ene stranice Grada Opuzena","publisher":{"@id":"https:\/\/www.opuzen.hr\/grad\/#organization"},"potentialAction":[{"@type":"SearchAction","target":{"@type":"EntryPoint","urlTemplate":"https:\/\/www.opuzen.hr\/grad\/?s={search_term_string}"},"query-input":"required name=search_term_string"}],"inLanguage":"hr"},{"@type":"Organization","@id":"https:\/\/www.opuzen.hr\/grad\/#organization","name":"Grad Opuzen","url":"https:\/\/www.opuzen.hr\/grad\/","logo":{"@type":"ImageObject","inLanguage":"hr","@id":"https:\/\/www.opuzen.hr\/grad\/#\/schema\/logo\/image\/","url":"https:\/\/www.opuzen.hr\/grad\/wp-content\/uploads\/2018\/02\/logo-opuzen.jpg","contentUrl":"https:\/\/www.opuzen.hr\/grad\/wp-content\/uploads\/2018\/02\/logo-opuzen.jpg","width":400,"height":400,"caption":"Grad Opuzen"},"image":{"@id":"https:\/\/www.opuzen.hr\/grad\/#\/schema\/logo\/image\/"}},{"@type":"Person","@id":"https:\/\/www.opuzen.hr\/grad\/#\/schema\/person\/0a17a9796898e9409a1fa4ca7448a481","name":"Grad Opuzen","image":{"@type":"ImageObject","inLanguage":"hr","@id":"https:\/\/www.opuzen.hr\/grad\/#\/schema\/person\/image\/","url":"https:\/\/secure.gravatar.com\/avatar\/0c54089de4fcf14c0fe3355109a3ac05?s=96&d=mm&r=g","contentUrl":"https:\/\/secure.gravatar.com\/avatar\/0c54089de4fcf14c0fe3355109a3ac05?s=96&d=mm&r=g","caption":"Grad Opuzen"},"url":"https:\/\/www.opuzen.hr\/grad\/author\/admin\/"}]}},"_links":{"self":[{"href":"https:\/\/www.opuzen.hr\/grad\/wp-json\/wp\/v2\/posts\/42926"}],"collection":[{"href":"https:\/\/www.opuzen.hr\/grad\/wp-json\/wp\/v2\/posts"}],"about":[{"href":"https:\/\/www.opuzen.hr\/grad\/wp-json\/wp\/v2\/types\/post"}],"author":[{"embeddable":true,"href":"https:\/\/www.opuzen.hr\/grad\/wp-json\/wp\/v2\/users\/3"}],"replies":[{"embeddable":true,"href":"https:\/\/www.opuzen.hr\/grad\/wp-json\/wp\/v2\/comments?post=42926"}],"version-history":[{"count":1,"href":"https:\/\/www.opuzen.hr\/grad\/wp-json\/wp\/v2\/posts\/42926\/revisions"}],"predecessor-version":[{"id":42936,"href":"https:\/\/www.opuzen.hr\/grad\/wp-json\/wp\/v2\/posts\/42926\/revisions\/42936"}],"wp:featuredmedia":[{"embeddable":true,"href":"https:\/\/www.opuzen.hr\/grad\/wp-json\/wp\/v2\/media\/42927"}],"wp:attachment":[{"href":"https:\/\/www.opuzen.hr\/grad\/wp-json\/wp\/v2\/media?parent=42926"}],"wp:term":[{"taxonomy":"category","embeddable":true,"href":"https:\/\/www.opuzen.hr\/grad\/wp-json\/wp\/v2\/categories?post=42926"},{"taxonomy":"post_tag","embeddable":true,"href":"https:\/\/www.opuzen.hr\/grad\/wp-json\/wp\/v2\/tags?post=42926"}],"curies":[{"name":"wp","href":"https:\/\/api.w.org\/{rel}","templated":true}]}}