{"id":43276,"date":"2022-09-05T17:12:32","date_gmt":"2022-09-05T15:12:32","guid":{"rendered":"https:\/\/www.opuzen.hr\/grad\/?p=43276"},"modified":"2023-10-12T13:25:21","modified_gmt":"2023-10-12T11:25:21","slug":"prvi-dan-skole","status":"publish","type":"post","link":"https:\/\/www.opuzen.hr\/grad\/prvi-dan-skole\/","title":{"rendered":"PRVI DAN \u0160KOLE !"},"content":{"rendered":"\n<p>05.09.2022 <\/p>\n\n\n\n<p>Sun\u010dano rujansko jutro, uz prvo \u0161kolsko zvono, ozna\u010dilo je dana\u0161nji po\u010detak nove \u0161kolske godine.<\/p>\n\n\n\n<p>Sretno svim \u0161kolarcima u novoj \u0161kolskoj godini, a posebno nasim prva\u0161i\u0107ima na danasnji dan kojima po\u010dinje jedno novo razdoblje u \u017eivotu. \ud83e\uddd1\u200d\ud83c\udfeb\ud83d\udc69\u200d\ud83c\udfeb<\/p>\n\n\n\n<p><strong>Molimo voza\u010de da obrate pozornost na na\u0161e \u0161kolarce da budu oprezni u prometu<\/strong>.<\/p>\n","protected":false},"excerpt":{"rendered":"<p>05.09.2022 Sun\u010dano rujansko jutro, uz prvo \u0161kolsko zvono, ozna\u010dilo je dana\u0161nji po\u010detak nove \u0161kolske godine&#8230;.<\/p>\n","protected":false},"author":3,"featured_media":43277,"comment_status":"closed","ping_status":"closed","sticky":false,"template":"","format":"standard","meta":{"footnotes":""},"categories":[4],"tags":[],"class_list":["post-43276","post","type-post","status-publish","format-standard","has-post-thumbnail","hentry","category-novosti","wpcat-4-id"],"yoast_head":"<!-- This site is optimized with the Yoast SEO plugin v23.1 - https:\/\/yoast.com\/wordpress\/plugins\/seo\/ -->\n<title>PRVI DAN \u0160KOLE ! - Grad Opuzen<\/title>\n<meta name=\"robots\" content=\"index, follow, max-snippet:-1, max-image-preview:large, max-video-preview:-1\" \/>\n<link rel=\"canonical\" href=\"https:\/\/www.opuzen.hr\/grad\/prvi-dan-skole\/\" \/>\n<meta property=\"og:locale\" content=\"hr_HR\" \/>\n<meta property=\"og:type\" content=\"article\" \/>\n<meta property=\"og:title\" content=\"PRVI DAN \u0160KOLE ! - Grad Opuzen\" \/>\n<meta property=\"og:description\" content=\"05.09.2022 Sun\u010dano rujansko jutro, uz prvo \u0161kolsko zvono, ozna\u010dilo je dana\u0161nji po\u010detak nove \u0161kolske godine....\" \/>\n<meta property=\"og:url\" content=\"https:\/\/www.opuzen.hr\/grad\/prvi-dan-skole\/\" \/>\n<meta property=\"og:site_name\" content=\"Grad Opuzen\" \/>\n<meta property=\"article:published_time\" content=\"2022-09-05T15:12:32+00:00\" \/>\n<meta property=\"article:modified_time\" content=\"2023-10-12T11:25:21+00:00\" \/>\n<meta property=\"og:image\" content=\"https:\/\/www.opuzen.hr\/grad\/wp-content\/uploads\/2022\/09\/prvi-dan-s\u030ckole-2022-814x462.jpg\" \/>\n\t<meta property=\"og:image:width\" content=\"814\" \/>\n\t<meta property=\"og:image:height\" content=\"462\" \/>\n\t<meta property=\"og:image:type\" content=\"image\/jpeg\" \/>\n<meta name=\"author\" content=\"Grad Opuzen\" \/>\n<meta name=\"twitter:card\" content=\"summary_large_image\" \/>\n<meta name=\"twitter:label1\" content=\"Napisao\/la\" \/>\n\t<meta name=\"twitter:data1\" content=\"Grad Opuzen\" \/>\n<script type=\"application\/ld+json\" class=\"yoast-schema-graph\">{\"@context\":\"https:\/\/schema.org\",\"@graph\":[{\"@type\":\"Article\",\"@id\":\"https:\/\/www.opuzen.hr\/grad\/prvi-dan-skole\/#article\",\"isPartOf\":{\"@id\":\"https:\/\/www.opuzen.hr\/grad\/prvi-dan-skole\/\"},\"author\":{\"name\":\"Grad Opuzen\",\"@id\":\"https:\/\/www.opuzen.hr\/grad\/#\/schema\/person\/0a17a9796898e9409a1fa4ca7448a481\"},\"headline\":\"PRVI DAN \u0160KOLE !\",\"datePublished\":\"2022-09-05T15:12:32+00:00\",\"dateModified\":\"2023-10-12T11:25:21+00:00\",\"mainEntityOfPage\":{\"@id\":\"https:\/\/www.opuzen.hr\/grad\/prvi-dan-skole\/\"},\"wordCount\":60,\"publisher\":{\"@id\":\"https:\/\/www.opuzen.hr\/grad\/#organization\"},\"image\":{\"@id\":\"https:\/\/www.opuzen.hr\/grad\/prvi-dan-skole\/#primaryimage\"},\"thumbnailUrl\":\"https:\/\/www.opuzen.hr\/grad\/wp-content\/uploads\/2022\/09\/prvi-dan-s\u030ckole-2022-814x462.jpg\",\"articleSection\":[\"Novosti\"],\"inLanguage\":\"hr\"},{\"@type\":\"WebPage\",\"@id\":\"https:\/\/www.opuzen.hr\/grad\/prvi-dan-skole\/\",\"url\":\"https:\/\/www.opuzen.hr\/grad\/prvi-dan-skole\/\",\"name\":\"PRVI DAN \u0160KOLE ! - Grad Opuzen\",\"isPartOf\":{\"@id\":\"https:\/\/www.opuzen.hr\/grad\/#website\"},\"primaryImageOfPage\":{\"@id\":\"https:\/\/www.opuzen.hr\/grad\/prvi-dan-skole\/#primaryimage\"},\"image\":{\"@id\":\"https:\/\/www.opuzen.hr\/grad\/prvi-dan-skole\/#primaryimage\"},\"thumbnailUrl\":\"https:\/\/www.opuzen.hr\/grad\/wp-content\/uploads\/2022\/09\/prvi-dan-s\u030ckole-2022-814x462.jpg\",\"datePublished\":\"2022-09-05T15:12:32+00:00\",\"dateModified\":\"2023-10-12T11:25:21+00:00\",\"breadcrumb\":{\"@id\":\"https:\/\/www.opuzen.hr\/grad\/prvi-dan-skole\/#breadcrumb\"},\"inLanguage\":\"hr\",\"potentialAction\":[{\"@type\":\"ReadAction\",\"target\":[\"https:\/\/www.opuzen.hr\/grad\/prvi-dan-skole\/\"]}]},{\"@type\":\"ImageObject\",\"inLanguage\":\"hr\",\"@id\":\"https:\/\/www.opuzen.hr\/grad\/prvi-dan-skole\/#primaryimage\",\"url\":\"https:\/\/www.opuzen.hr\/grad\/wp-content\/uploads\/2022\/09\/prvi-dan-s\u030ckole-2022-814x462.jpg\",\"contentUrl\":\"https:\/\/www.opuzen.hr\/grad\/wp-content\/uploads\/2022\/09\/prvi-dan-s\u030ckole-2022-814x462.jpg\",\"width\":\"814\",\"height\":\"462\"},{\"@type\":\"BreadcrumbList\",\"@id\":\"https:\/\/www.opuzen.hr\/grad\/prvi-dan-skole\/#breadcrumb\",\"itemListElement\":[{\"@type\":\"ListItem\",\"position\":1,\"name\":\"Po\u010detna stranica\",\"item\":\"https:\/\/www.opuzen.hr\/grad\/\"},{\"@type\":\"ListItem\",\"position\":2,\"name\":\"PRVI DAN \u0160KOLE !\"}]},{\"@type\":\"WebSite\",\"@id\":\"https:\/\/www.opuzen.hr\/grad\/#website\",\"url\":\"https:\/\/www.opuzen.hr\/grad\/\",\"name\":\"Grad Opuzen\",\"description\":\"Slu\u017ebene mre\u017ene stranice Grada Opuzena\",\"publisher\":{\"@id\":\"https:\/\/www.opuzen.hr\/grad\/#organization\"},\"potentialAction\":[{\"@type\":\"SearchAction\",\"target\":{\"@type\":\"EntryPoint\",\"urlTemplate\":\"https:\/\/www.opuzen.hr\/grad\/?s={search_term_string}\"},\"query-input\":\"required name=search_term_string\"}],\"inLanguage\":\"hr\"},{\"@type\":\"Organization\",\"@id\":\"https:\/\/www.opuzen.hr\/grad\/#organization\",\"name\":\"Grad Opuzen\",\"url\":\"https:\/\/www.opuzen.hr\/grad\/\",\"logo\":{\"@type\":\"ImageObject\",\"inLanguage\":\"hr\",\"@id\":\"https:\/\/www.opuzen.hr\/grad\/#\/schema\/logo\/image\/\",\"url\":\"https:\/\/www.opuzen.hr\/grad\/wp-content\/uploads\/2018\/02\/logo-opuzen.jpg\",\"contentUrl\":\"https:\/\/www.opuzen.hr\/grad\/wp-content\/uploads\/2018\/02\/logo-opuzen.jpg\",\"width\":400,\"height\":400,\"caption\":\"Grad Opuzen\"},\"image\":{\"@id\":\"https:\/\/www.opuzen.hr\/grad\/#\/schema\/logo\/image\/\"}},{\"@type\":\"Person\",\"@id\":\"https:\/\/www.opuzen.hr\/grad\/#\/schema\/person\/0a17a9796898e9409a1fa4ca7448a481\",\"name\":\"Grad Opuzen\",\"image\":{\"@type\":\"ImageObject\",\"inLanguage\":\"hr\",\"@id\":\"https:\/\/www.opuzen.hr\/grad\/#\/schema\/person\/image\/\",\"url\":\"https:\/\/secure.gravatar.com\/avatar\/0c54089de4fcf14c0fe3355109a3ac05?s=96&d=mm&r=g\",\"contentUrl\":\"https:\/\/secure.gravatar.com\/avatar\/0c54089de4fcf14c0fe3355109a3ac05?s=96&d=mm&r=g\",\"caption\":\"Grad Opuzen\"},\"url\":\"https:\/\/www.opuzen.hr\/grad\/author\/admin\/\"}]}<\/script>\n<!-- \/ Yoast SEO plugin. -->","yoast_head_json":{"title":"PRVI DAN \u0160KOLE ! - Grad Opuzen","robots":{"index":"index","follow":"follow","max-snippet":"max-snippet:-1","max-image-preview":"max-image-preview:large","max-video-preview":"max-video-preview:-1"},"canonical":"https:\/\/www.opuzen.hr\/grad\/prvi-dan-skole\/","og_locale":"hr_HR","og_type":"article","og_title":"PRVI DAN \u0160KOLE ! - Grad Opuzen","og_description":"05.09.2022 Sun\u010dano rujansko jutro, uz prvo \u0161kolsko zvono, ozna\u010dilo je dana\u0161nji po\u010detak nove \u0161kolske godine....","og_url":"https:\/\/www.opuzen.hr\/grad\/prvi-dan-skole\/","og_site_name":"Grad Opuzen","article_published_time":"2022-09-05T15:12:32+00:00","article_modified_time":"2023-10-12T11:25:21+00:00","og_image":[{"width":814,"height":462,"url":"https:\/\/www.opuzen.hr\/grad\/wp-content\/uploads\/2022\/09\/prvi-dan-s\u030ckole-2022-814x462.jpg","type":"image\/jpeg"}],"author":"Grad Opuzen","twitter_card":"summary_large_image","twitter_misc":{"Napisao\/la":"Grad Opuzen"},"schema":{"@context":"https:\/\/schema.org","@graph":[{"@type":"Article","@id":"https:\/\/www.opuzen.hr\/grad\/prvi-dan-skole\/#article","isPartOf":{"@id":"https:\/\/www.opuzen.hr\/grad\/prvi-dan-skole\/"},"author":{"name":"Grad Opuzen","@id":"https:\/\/www.opuzen.hr\/grad\/#\/schema\/person\/0a17a9796898e9409a1fa4ca7448a481"},"headline":"PRVI DAN \u0160KOLE !","datePublished":"2022-09-05T15:12:32+00:00","dateModified":"2023-10-12T11:25:21+00:00","mainEntityOfPage":{"@id":"https:\/\/www.opuzen.hr\/grad\/prvi-dan-skole\/"},"wordCount":60,"publisher":{"@id":"https:\/\/www.opuzen.hr\/grad\/#organization"},"image":{"@id":"https:\/\/www.opuzen.hr\/grad\/prvi-dan-skole\/#primaryimage"},"thumbnailUrl":"https:\/\/www.opuzen.hr\/grad\/wp-content\/uploads\/2022\/09\/prvi-dan-s\u030ckole-2022-814x462.jpg","articleSection":["Novosti"],"inLanguage":"hr"},{"@type":"WebPage","@id":"https:\/\/www.opuzen.hr\/grad\/prvi-dan-skole\/","url":"https:\/\/www.opuzen.hr\/grad\/prvi-dan-skole\/","name":"PRVI DAN \u0160KOLE ! - Grad Opuzen","isPartOf":{"@id":"https:\/\/www.opuzen.hr\/grad\/#website"},"primaryImageOfPage":{"@id":"https:\/\/www.opuzen.hr\/grad\/prvi-dan-skole\/#primaryimage"},"image":{"@id":"https:\/\/www.opuzen.hr\/grad\/prvi-dan-skole\/#primaryimage"},"thumbnailUrl":"https:\/\/www.opuzen.hr\/grad\/wp-content\/uploads\/2022\/09\/prvi-dan-s\u030ckole-2022-814x462.jpg","datePublished":"2022-09-05T15:12:32+00:00","dateModified":"2023-10-12T11:25:21+00:00","breadcrumb":{"@id":"https:\/\/www.opuzen.hr\/grad\/prvi-dan-skole\/#breadcrumb"},"inLanguage":"hr","potentialAction":[{"@type":"ReadAction","target":["https:\/\/www.opuzen.hr\/grad\/prvi-dan-skole\/"]}]},{"@type":"ImageObject","inLanguage":"hr","@id":"https:\/\/www.opuzen.hr\/grad\/prvi-dan-skole\/#primaryimage","url":"https:\/\/www.opuzen.hr\/grad\/wp-content\/uploads\/2022\/09\/prvi-dan-s\u030ckole-2022-814x462.jpg","contentUrl":"https:\/\/www.opuzen.hr\/grad\/wp-content\/uploads\/2022\/09\/prvi-dan-s\u030ckole-2022-814x462.jpg","width":"814","height":"462"},{"@type":"BreadcrumbList","@id":"https:\/\/www.opuzen.hr\/grad\/prvi-dan-skole\/#breadcrumb","itemListElement":[{"@type":"ListItem","position":1,"name":"Po\u010detna stranica","item":"https:\/\/www.opuzen.hr\/grad\/"},{"@type":"ListItem","position":2,"name":"PRVI DAN \u0160KOLE !"}]},{"@type":"WebSite","@id":"https:\/\/www.opuzen.hr\/grad\/#website","url":"https:\/\/www.opuzen.hr\/grad\/","name":"Grad Opuzen","description":"Slu\u017ebene mre\u017ene stranice Grada Opuzena","publisher":{"@id":"https:\/\/www.opuzen.hr\/grad\/#organization"},"potentialAction":[{"@type":"SearchAction","target":{"@type":"EntryPoint","urlTemplate":"https:\/\/www.opuzen.hr\/grad\/?s={search_term_string}"},"query-input":"required name=search_term_string"}],"inLanguage":"hr"},{"@type":"Organization","@id":"https:\/\/www.opuzen.hr\/grad\/#organization","name":"Grad Opuzen","url":"https:\/\/www.opuzen.hr\/grad\/","logo":{"@type":"ImageObject","inLanguage":"hr","@id":"https:\/\/www.opuzen.hr\/grad\/#\/schema\/logo\/image\/","url":"https:\/\/www.opuzen.hr\/grad\/wp-content\/uploads\/2018\/02\/logo-opuzen.jpg","contentUrl":"https:\/\/www.opuzen.hr\/grad\/wp-content\/uploads\/2018\/02\/logo-opuzen.jpg","width":400,"height":400,"caption":"Grad Opuzen"},"image":{"@id":"https:\/\/www.opuzen.hr\/grad\/#\/schema\/logo\/image\/"}},{"@type":"Person","@id":"https:\/\/www.opuzen.hr\/grad\/#\/schema\/person\/0a17a9796898e9409a1fa4ca7448a481","name":"Grad Opuzen","image":{"@type":"ImageObject","inLanguage":"hr","@id":"https:\/\/www.opuzen.hr\/grad\/#\/schema\/person\/image\/","url":"https:\/\/secure.gravatar.com\/avatar\/0c54089de4fcf14c0fe3355109a3ac05?s=96&d=mm&r=g","contentUrl":"https:\/\/secure.gravatar.com\/avatar\/0c54089de4fcf14c0fe3355109a3ac05?s=96&d=mm&r=g","caption":"Grad Opuzen"},"url":"https:\/\/www.opuzen.hr\/grad\/author\/admin\/"}]}},"_links":{"self":[{"href":"https:\/\/www.opuzen.hr\/grad\/wp-json\/wp\/v2\/posts\/43276"}],"collection":[{"href":"https:\/\/www.opuzen.hr\/grad\/wp-json\/wp\/v2\/posts"}],"about":[{"href":"https:\/\/www.opuzen.hr\/grad\/wp-json\/wp\/v2\/types\/post"}],"author":[{"embeddable":true,"href":"https:\/\/www.opuzen.hr\/grad\/wp-json\/wp\/v2\/users\/3"}],"replies":[{"embeddable":true,"href":"https:\/\/www.opuzen.hr\/grad\/wp-json\/wp\/v2\/comments?post=43276"}],"version-history":[{"count":1,"href":"https:\/\/www.opuzen.hr\/grad\/wp-json\/wp\/v2\/posts\/43276\/revisions"}],"predecessor-version":[{"id":43278,"href":"https:\/\/www.opuzen.hr\/grad\/wp-json\/wp\/v2\/posts\/43276\/revisions\/43278"}],"wp:featuredmedia":[{"embeddable":true,"href":"https:\/\/www.opuzen.hr\/grad\/wp-json\/wp\/v2\/media\/43277"}],"wp:attachment":[{"href":"https:\/\/www.opuzen.hr\/grad\/wp-json\/wp\/v2\/media?parent=43276"}],"wp:term":[{"taxonomy":"category","embeddable":true,"href":"https:\/\/www.opuzen.hr\/grad\/wp-json\/wp\/v2\/categories?post=43276"},{"taxonomy":"post_tag","embeddable":true,"href":"https:\/\/www.opuzen.hr\/grad\/wp-json\/wp\/v2\/tags?post=43276"}],"curies":[{"name":"wp","href":"https:\/\/api.w.org\/{rel}","templated":true}]}}