{"id":43416,"date":"2022-10-12T13:31:18","date_gmt":"2022-10-12T11:31:18","guid":{"rendered":"https:\/\/www.opuzen.hr\/grad\/?p=43416"},"modified":"2023-10-12T13:25:09","modified_gmt":"2023-10-12T11:25:09","slug":"gradu-opuzenu-odobren-projekt-gradska-trznica","status":"publish","type":"post","link":"https:\/\/www.opuzen.hr\/grad\/gradu-opuzenu-odobren-projekt-gradska-trznica\/","title":{"rendered":"Gradu Opuzenu odobren projekt \u201eGradska tr\u017enica\u201c"},"content":{"rendered":"\n<p>Grad Opuzen je u travnju 2022. godine prijavio projekt \u201eGradska tr\u017enica\u201c na natje\u010daj raspisan od strane Lokalne akcijske grupe Neretva pod nazivom \u201eNatje\u010daj za provedbu Mjere 2.1.1. Ulaganja u pokretanje, pobolj\u0161anje ili pro\u0161irenje lokalnih temeljnih usluga za ruralno stanovni\u0161tvo, uklju\u010duju\u0107i slobodno vrijeme i kulturne aktivnosti te povezanu infrastrukturu.<br><\/p>\n\n\n\n<p> Za projekt ukupne vrijednosti 232.125,00 kn, sukladno Pravilniku i Natje\u010daju, zatra\u017eena je i dodijeljena potpora intenziteta 90% prihvatljivih tro\u0161kova te je sukladno navedenom od Upravnog odbora zaprimljena Odluku o odabiru projekta kojom je Gradu Opuzenu dodijeljena potpora u iznosu od 208.912,50 kn\/27.727,45 EUR.<\/p>\n","protected":false},"excerpt":{"rendered":"<p>Grad Opuzen je u travnju 2022. godine prijavio projekt \u201eGradska tr\u017enica\u201c na natje\u010daj raspisan od&#8230;<\/p>\n","protected":false},"author":3,"featured_media":43417,"comment_status":"closed","ping_status":"closed","sticky":false,"template":"","format":"standard","meta":{"footnotes":""},"categories":[4],"tags":[],"class_list":["post-43416","post","type-post","status-publish","format-standard","has-post-thumbnail","hentry","category-novosti","wpcat-4-id"],"yoast_head":"<!-- This site is optimized with the Yoast SEO plugin v23.1 - https:\/\/yoast.com\/wordpress\/plugins\/seo\/ -->\n<title>Gradu Opuzenu odobren projekt \u201eGradska tr\u017enica\u201c - Grad Opuzen<\/title>\n<meta name=\"robots\" content=\"index, follow, max-snippet:-1, max-image-preview:large, max-video-preview:-1\" \/>\n<link rel=\"canonical\" href=\"https:\/\/www.opuzen.hr\/grad\/gradu-opuzenu-odobren-projekt-gradska-trznica\/\" \/>\n<meta property=\"og:locale\" content=\"hr_HR\" \/>\n<meta property=\"og:type\" content=\"article\" \/>\n<meta property=\"og:title\" content=\"Gradu Opuzenu odobren projekt \u201eGradska tr\u017enica\u201c - Grad Opuzen\" \/>\n<meta property=\"og:description\" content=\"Grad Opuzen je u travnju 2022. godine prijavio projekt \u201eGradska tr\u017enica\u201c na natje\u010daj raspisan od...\" \/>\n<meta property=\"og:url\" content=\"https:\/\/www.opuzen.hr\/grad\/gradu-opuzenu-odobren-projekt-gradska-trznica\/\" \/>\n<meta property=\"og:site_name\" content=\"Grad Opuzen\" \/>\n<meta property=\"article:published_time\" content=\"2022-10-12T11:31:18+00:00\" \/>\n<meta property=\"article:modified_time\" content=\"2023-10-12T11:25:09+00:00\" \/>\n<meta property=\"og:image\" content=\"https:\/\/www.opuzen.hr\/grad\/wp-content\/uploads\/2022\/10\/IMG_7428-1024x683.jpg\" \/>\n\t<meta property=\"og:image:width\" content=\"1024\" \/>\n\t<meta property=\"og:image:height\" content=\"683\" \/>\n\t<meta property=\"og:image:type\" content=\"image\/jpeg\" \/>\n<meta name=\"author\" content=\"Grad Opuzen\" \/>\n<meta name=\"twitter:card\" content=\"summary_large_image\" \/>\n<meta name=\"twitter:label1\" content=\"Napisao\/la\" \/>\n\t<meta name=\"twitter:data1\" content=\"Grad Opuzen\" \/>\n<script type=\"application\/ld+json\" class=\"yoast-schema-graph\">{\"@context\":\"https:\/\/schema.org\",\"@graph\":[{\"@type\":\"Article\",\"@id\":\"https:\/\/www.opuzen.hr\/grad\/gradu-opuzenu-odobren-projekt-gradska-trznica\/#article\",\"isPartOf\":{\"@id\":\"https:\/\/www.opuzen.hr\/grad\/gradu-opuzenu-odobren-projekt-gradska-trznica\/\"},\"author\":{\"name\":\"Grad Opuzen\",\"@id\":\"https:\/\/www.opuzen.hr\/grad\/#\/schema\/person\/0a17a9796898e9409a1fa4ca7448a481\"},\"headline\":\"Gradu Opuzenu odobren projekt \u201eGradska tr\u017enica\u201c\",\"datePublished\":\"2022-10-12T11:31:18+00:00\",\"dateModified\":\"2023-10-12T11:25:09+00:00\",\"mainEntityOfPage\":{\"@id\":\"https:\/\/www.opuzen.hr\/grad\/gradu-opuzenu-odobren-projekt-gradska-trznica\/\"},\"wordCount\":104,\"publisher\":{\"@id\":\"https:\/\/www.opuzen.hr\/grad\/#organization\"},\"image\":{\"@id\":\"https:\/\/www.opuzen.hr\/grad\/gradu-opuzenu-odobren-projekt-gradska-trznica\/#primaryimage\"},\"thumbnailUrl\":\"https:\/\/www.opuzen.hr\/grad\/wp-content\/uploads\/2022\/10\/IMG_7428.jpg\",\"articleSection\":[\"Novosti\"],\"inLanguage\":\"hr\"},{\"@type\":\"WebPage\",\"@id\":\"https:\/\/www.opuzen.hr\/grad\/gradu-opuzenu-odobren-projekt-gradska-trznica\/\",\"url\":\"https:\/\/www.opuzen.hr\/grad\/gradu-opuzenu-odobren-projekt-gradska-trznica\/\",\"name\":\"Gradu Opuzenu odobren projekt \u201eGradska tr\u017enica\u201c - Grad Opuzen\",\"isPartOf\":{\"@id\":\"https:\/\/www.opuzen.hr\/grad\/#website\"},\"primaryImageOfPage\":{\"@id\":\"https:\/\/www.opuzen.hr\/grad\/gradu-opuzenu-odobren-projekt-gradska-trznica\/#primaryimage\"},\"image\":{\"@id\":\"https:\/\/www.opuzen.hr\/grad\/gradu-opuzenu-odobren-projekt-gradska-trznica\/#primaryimage\"},\"thumbnailUrl\":\"https:\/\/www.opuzen.hr\/grad\/wp-content\/uploads\/2022\/10\/IMG_7428.jpg\",\"datePublished\":\"2022-10-12T11:31:18+00:00\",\"dateModified\":\"2023-10-12T11:25:09+00:00\",\"breadcrumb\":{\"@id\":\"https:\/\/www.opuzen.hr\/grad\/gradu-opuzenu-odobren-projekt-gradska-trznica\/#breadcrumb\"},\"inLanguage\":\"hr\",\"potentialAction\":[{\"@type\":\"ReadAction\",\"target\":[\"https:\/\/www.opuzen.hr\/grad\/gradu-opuzenu-odobren-projekt-gradska-trznica\/\"]}]},{\"@type\":\"ImageObject\",\"inLanguage\":\"hr\",\"@id\":\"https:\/\/www.opuzen.hr\/grad\/gradu-opuzenu-odobren-projekt-gradska-trznica\/#primaryimage\",\"url\":\"https:\/\/www.opuzen.hr\/grad\/wp-content\/uploads\/2022\/10\/IMG_7428.jpg\",\"contentUrl\":\"https:\/\/www.opuzen.hr\/grad\/wp-content\/uploads\/2022\/10\/IMG_7428.jpg\",\"width\":\"5472\",\"height\":\"3648\"},{\"@type\":\"BreadcrumbList\",\"@id\":\"https:\/\/www.opuzen.hr\/grad\/gradu-opuzenu-odobren-projekt-gradska-trznica\/#breadcrumb\",\"itemListElement\":[{\"@type\":\"ListItem\",\"position\":1,\"name\":\"Po\u010detna stranica\",\"item\":\"https:\/\/www.opuzen.hr\/grad\/\"},{\"@type\":\"ListItem\",\"position\":2,\"name\":\"Gradu Opuzenu odobren projekt \u201eGradska tr\u017enica\u201c\"}]},{\"@type\":\"WebSite\",\"@id\":\"https:\/\/www.opuzen.hr\/grad\/#website\",\"url\":\"https:\/\/www.opuzen.hr\/grad\/\",\"name\":\"Grad Opuzen\",\"description\":\"Slu\u017ebene mre\u017ene stranice Grada Opuzena\",\"publisher\":{\"@id\":\"https:\/\/www.opuzen.hr\/grad\/#organization\"},\"potentialAction\":[{\"@type\":\"SearchAction\",\"target\":{\"@type\":\"EntryPoint\",\"urlTemplate\":\"https:\/\/www.opuzen.hr\/grad\/?s={search_term_string}\"},\"query-input\":\"required name=search_term_string\"}],\"inLanguage\":\"hr\"},{\"@type\":\"Organization\",\"@id\":\"https:\/\/www.opuzen.hr\/grad\/#organization\",\"name\":\"Grad Opuzen\",\"url\":\"https:\/\/www.opuzen.hr\/grad\/\",\"logo\":{\"@type\":\"ImageObject\",\"inLanguage\":\"hr\",\"@id\":\"https:\/\/www.opuzen.hr\/grad\/#\/schema\/logo\/image\/\",\"url\":\"https:\/\/www.opuzen.hr\/grad\/wp-content\/uploads\/2018\/02\/logo-opuzen.jpg\",\"contentUrl\":\"https:\/\/www.opuzen.hr\/grad\/wp-content\/uploads\/2018\/02\/logo-opuzen.jpg\",\"width\":400,\"height\":400,\"caption\":\"Grad Opuzen\"},\"image\":{\"@id\":\"https:\/\/www.opuzen.hr\/grad\/#\/schema\/logo\/image\/\"}},{\"@type\":\"Person\",\"@id\":\"https:\/\/www.opuzen.hr\/grad\/#\/schema\/person\/0a17a9796898e9409a1fa4ca7448a481\",\"name\":\"Grad Opuzen\",\"image\":{\"@type\":\"ImageObject\",\"inLanguage\":\"hr\",\"@id\":\"https:\/\/www.opuzen.hr\/grad\/#\/schema\/person\/image\/\",\"url\":\"https:\/\/secure.gravatar.com\/avatar\/0c54089de4fcf14c0fe3355109a3ac05?s=96&d=mm&r=g\",\"contentUrl\":\"https:\/\/secure.gravatar.com\/avatar\/0c54089de4fcf14c0fe3355109a3ac05?s=96&d=mm&r=g\",\"caption\":\"Grad Opuzen\"},\"url\":\"https:\/\/www.opuzen.hr\/grad\/author\/admin\/\"}]}<\/script>\n<!-- \/ Yoast SEO plugin. -->","yoast_head_json":{"title":"Gradu Opuzenu odobren projekt \u201eGradska tr\u017enica\u201c - Grad Opuzen","robots":{"index":"index","follow":"follow","max-snippet":"max-snippet:-1","max-image-preview":"max-image-preview:large","max-video-preview":"max-video-preview:-1"},"canonical":"https:\/\/www.opuzen.hr\/grad\/gradu-opuzenu-odobren-projekt-gradska-trznica\/","og_locale":"hr_HR","og_type":"article","og_title":"Gradu Opuzenu odobren projekt \u201eGradska tr\u017enica\u201c - Grad Opuzen","og_description":"Grad Opuzen je u travnju 2022. godine prijavio projekt \u201eGradska tr\u017enica\u201c na natje\u010daj raspisan od...","og_url":"https:\/\/www.opuzen.hr\/grad\/gradu-opuzenu-odobren-projekt-gradska-trznica\/","og_site_name":"Grad Opuzen","article_published_time":"2022-10-12T11:31:18+00:00","article_modified_time":"2023-10-12T11:25:09+00:00","og_image":[{"width":1024,"height":683,"url":"https:\/\/www.opuzen.hr\/grad\/wp-content\/uploads\/2022\/10\/IMG_7428-1024x683.jpg","type":"image\/jpeg"}],"author":"Grad Opuzen","twitter_card":"summary_large_image","twitter_misc":{"Napisao\/la":"Grad Opuzen"},"schema":{"@context":"https:\/\/schema.org","@graph":[{"@type":"Article","@id":"https:\/\/www.opuzen.hr\/grad\/gradu-opuzenu-odobren-projekt-gradska-trznica\/#article","isPartOf":{"@id":"https:\/\/www.opuzen.hr\/grad\/gradu-opuzenu-odobren-projekt-gradska-trznica\/"},"author":{"name":"Grad Opuzen","@id":"https:\/\/www.opuzen.hr\/grad\/#\/schema\/person\/0a17a9796898e9409a1fa4ca7448a481"},"headline":"Gradu Opuzenu odobren projekt \u201eGradska tr\u017enica\u201c","datePublished":"2022-10-12T11:31:18+00:00","dateModified":"2023-10-12T11:25:09+00:00","mainEntityOfPage":{"@id":"https:\/\/www.opuzen.hr\/grad\/gradu-opuzenu-odobren-projekt-gradska-trznica\/"},"wordCount":104,"publisher":{"@id":"https:\/\/www.opuzen.hr\/grad\/#organization"},"image":{"@id":"https:\/\/www.opuzen.hr\/grad\/gradu-opuzenu-odobren-projekt-gradska-trznica\/#primaryimage"},"thumbnailUrl":"https:\/\/www.opuzen.hr\/grad\/wp-content\/uploads\/2022\/10\/IMG_7428.jpg","articleSection":["Novosti"],"inLanguage":"hr"},{"@type":"WebPage","@id":"https:\/\/www.opuzen.hr\/grad\/gradu-opuzenu-odobren-projekt-gradska-trznica\/","url":"https:\/\/www.opuzen.hr\/grad\/gradu-opuzenu-odobren-projekt-gradska-trznica\/","name":"Gradu Opuzenu odobren projekt \u201eGradska tr\u017enica\u201c - Grad Opuzen","isPartOf":{"@id":"https:\/\/www.opuzen.hr\/grad\/#website"},"primaryImageOfPage":{"@id":"https:\/\/www.opuzen.hr\/grad\/gradu-opuzenu-odobren-projekt-gradska-trznica\/#primaryimage"},"image":{"@id":"https:\/\/www.opuzen.hr\/grad\/gradu-opuzenu-odobren-projekt-gradska-trznica\/#primaryimage"},"thumbnailUrl":"https:\/\/www.opuzen.hr\/grad\/wp-content\/uploads\/2022\/10\/IMG_7428.jpg","datePublished":"2022-10-12T11:31:18+00:00","dateModified":"2023-10-12T11:25:09+00:00","breadcrumb":{"@id":"https:\/\/www.opuzen.hr\/grad\/gradu-opuzenu-odobren-projekt-gradska-trznica\/#breadcrumb"},"inLanguage":"hr","potentialAction":[{"@type":"ReadAction","target":["https:\/\/www.opuzen.hr\/grad\/gradu-opuzenu-odobren-projekt-gradska-trznica\/"]}]},{"@type":"ImageObject","inLanguage":"hr","@id":"https:\/\/www.opuzen.hr\/grad\/gradu-opuzenu-odobren-projekt-gradska-trznica\/#primaryimage","url":"https:\/\/www.opuzen.hr\/grad\/wp-content\/uploads\/2022\/10\/IMG_7428.jpg","contentUrl":"https:\/\/www.opuzen.hr\/grad\/wp-content\/uploads\/2022\/10\/IMG_7428.jpg","width":"5472","height":"3648"},{"@type":"BreadcrumbList","@id":"https:\/\/www.opuzen.hr\/grad\/gradu-opuzenu-odobren-projekt-gradska-trznica\/#breadcrumb","itemListElement":[{"@type":"ListItem","position":1,"name":"Po\u010detna stranica","item":"https:\/\/www.opuzen.hr\/grad\/"},{"@type":"ListItem","position":2,"name":"Gradu Opuzenu odobren projekt \u201eGradska tr\u017enica\u201c"}]},{"@type":"WebSite","@id":"https:\/\/www.opuzen.hr\/grad\/#website","url":"https:\/\/www.opuzen.hr\/grad\/","name":"Grad Opuzen","description":"Slu\u017ebene mre\u017ene stranice Grada Opuzena","publisher":{"@id":"https:\/\/www.opuzen.hr\/grad\/#organization"},"potentialAction":[{"@type":"SearchAction","target":{"@type":"EntryPoint","urlTemplate":"https:\/\/www.opuzen.hr\/grad\/?s={search_term_string}"},"query-input":"required name=search_term_string"}],"inLanguage":"hr"},{"@type":"Organization","@id":"https:\/\/www.opuzen.hr\/grad\/#organization","name":"Grad Opuzen","url":"https:\/\/www.opuzen.hr\/grad\/","logo":{"@type":"ImageObject","inLanguage":"hr","@id":"https:\/\/www.opuzen.hr\/grad\/#\/schema\/logo\/image\/","url":"https:\/\/www.opuzen.hr\/grad\/wp-content\/uploads\/2018\/02\/logo-opuzen.jpg","contentUrl":"https:\/\/www.opuzen.hr\/grad\/wp-content\/uploads\/2018\/02\/logo-opuzen.jpg","width":400,"height":400,"caption":"Grad Opuzen"},"image":{"@id":"https:\/\/www.opuzen.hr\/grad\/#\/schema\/logo\/image\/"}},{"@type":"Person","@id":"https:\/\/www.opuzen.hr\/grad\/#\/schema\/person\/0a17a9796898e9409a1fa4ca7448a481","name":"Grad Opuzen","image":{"@type":"ImageObject","inLanguage":"hr","@id":"https:\/\/www.opuzen.hr\/grad\/#\/schema\/person\/image\/","url":"https:\/\/secure.gravatar.com\/avatar\/0c54089de4fcf14c0fe3355109a3ac05?s=96&d=mm&r=g","contentUrl":"https:\/\/secure.gravatar.com\/avatar\/0c54089de4fcf14c0fe3355109a3ac05?s=96&d=mm&r=g","caption":"Grad Opuzen"},"url":"https:\/\/www.opuzen.hr\/grad\/author\/admin\/"}]}},"_links":{"self":[{"href":"https:\/\/www.opuzen.hr\/grad\/wp-json\/wp\/v2\/posts\/43416"}],"collection":[{"href":"https:\/\/www.opuzen.hr\/grad\/wp-json\/wp\/v2\/posts"}],"about":[{"href":"https:\/\/www.opuzen.hr\/grad\/wp-json\/wp\/v2\/types\/post"}],"author":[{"embeddable":true,"href":"https:\/\/www.opuzen.hr\/grad\/wp-json\/wp\/v2\/users\/3"}],"replies":[{"embeddable":true,"href":"https:\/\/www.opuzen.hr\/grad\/wp-json\/wp\/v2\/comments?post=43416"}],"version-history":[{"count":3,"href":"https:\/\/www.opuzen.hr\/grad\/wp-json\/wp\/v2\/posts\/43416\/revisions"}],"predecessor-version":[{"id":43420,"href":"https:\/\/www.opuzen.hr\/grad\/wp-json\/wp\/v2\/posts\/43416\/revisions\/43420"}],"wp:featuredmedia":[{"embeddable":true,"href":"https:\/\/www.opuzen.hr\/grad\/wp-json\/wp\/v2\/media\/43417"}],"wp:attachment":[{"href":"https:\/\/www.opuzen.hr\/grad\/wp-json\/wp\/v2\/media?parent=43416"}],"wp:term":[{"taxonomy":"category","embeddable":true,"href":"https:\/\/www.opuzen.hr\/grad\/wp-json\/wp\/v2\/categories?post=43416"},{"taxonomy":"post_tag","embeddable":true,"href":"https:\/\/www.opuzen.hr\/grad\/wp-json\/wp\/v2\/tags?post=43416"}],"curies":[{"name":"wp","href":"https:\/\/api.w.org\/{rel}","templated":true}]}}