{"id":43430,"date":"2022-10-18T20:37:01","date_gmt":"2022-10-18T18:37:01","guid":{"rendered":"https:\/\/www.opuzen.hr\/grad\/?p=43430"},"modified":"2023-10-12T13:25:09","modified_gmt":"2023-10-12T11:25:09","slug":"obavijest-posjednicima-bilja-domacina-sredozemne-vocne-muhe-ceratitis-capitata-wiedemann-2","status":"publish","type":"post","link":"https:\/\/www.opuzen.hr\/grad\/obavijest-posjednicima-bilja-domacina-sredozemne-vocne-muhe-ceratitis-capitata-wiedemann-2\/","title":{"rendered":"Obavijest posjednicima bilja doma\u0107ina sredozemne vo\u0107ne muhe Ceratitis capitata (Wiedemann) !"},"content":{"rendered":"\n<p>Podsje\u0107amo proizvo\u0111a\u010de <strong>agruma <\/strong>na postupanje prema Naredbi o poduzimanju mjera za\nsprje\u010davanje \u0161irenja i suzbijanje <strong>sredozemne\nvo\u0107ne muhe<\/strong> \u2013 <em>Ceratitis capitata\n(Wiedemann)<\/em> <a>NN 73\/18<\/a>. Navedene vo\u0107ne kulture su\ndoma\u0107ini sredozemne vo\u0107ne muhe , a podru\u010dje&nbsp;\nDubrova\u010dko-neretvanske \u017eupanije s naglaskom na dolinu rijeke Neretve je\nod&nbsp; posebnog gospodarskog zna\u010daja.&nbsp; <\/p>\n\n\n\n<p>Posjednici biljaka doma\u0107ina sredozemne vo\u0107ne\nmuhe obvezni su:<\/p>\n\n\n\n<p>(1) Radi sprje\u010davanja \u0161irenja i suzbijanja\nsredozemne vo\u0107ne muhe na ugro\u017eenim podru\u010djima iz \u010dlanka 3. stavka 1. to\u010dke 1.\nove Naredbe, specijalizirani subjekti i osobe koje nisu specijalizirani\nsubjekti, a u \u010dijem su posjedu biljke doma\u0107ini sredozemne vo\u0107ne muhe obvezni\nsu:<\/p>\n\n\n\n<p>1. redovito kr\u010diti samonikle biljke doma\u0107ine\nsredozemne vo\u0107ne muhe na svojim posjedima <\/p>\n\n\n\n<p>2. zapu\u0161teno poljoprivredno zemlji\u0161te privesti\npoljoprivrednoj proizvodnji te ga redovito odr\u017eavati i obra\u0111ivati u skladu s\nodredbama propisa koji ure\u0111uje odr\u017eavanje, za\u0161titu, kori\u0161tenje, namjenu,\nnaknadu i raspolaganje poljoprivrednim zemlji\u0161tem<\/p>\n\n\n\n<p>3. provoditi higijenske mjere prikupljanja i\nzbrinjavanja svih otpalih plodova s tla, odnosno provoditi mjere prikupljanja\nzara\u017eenih, o\u0161te\u0107enih, trulih i odba\u010denih plodova s biljaka doma\u0107ina sredozemne\nvo\u0107ne muhe tijekom berbe ili najkasnije u roku od 24 sata nakon berbe, otkupa,\nsortiranja, pakiranja ili prikupljanja u skladi\u0161tu plodova s biljaka doma\u0107ina\nsredozemne vo\u0107ne muhe te ih zbrinjavati na jedan od sljede\u0107ih na\u010dina kojim \u0107e\nse u\u010dinkovito uni\u0161titi li\u010dinke sredozemne vo\u0107ne muhe:<\/p>\n\n\n\n<p>&#8211; prikupljanjem plodova s biljaka doma\u0107ina sredozemne\nvo\u0107ne muhe i zakopavanjem u roku od 24 sata te pokrivanjem slojem zemlje\ndebljine minimalno 30 centimetara ili<\/p>\n\n\n\n<p>&#8211; prikupljanjem plodova s biljaka doma\u0107ina\nsredozemne vo\u0107ne muhe i dr\u017eanjem u hladnja\u010dama na temperaturi od minimalno 0\u00b0C\nnajmanje 10 dana ili<\/p>\n\n\n\n<p>&#8211; prikupljanjem plodova s biljaka doma\u0107ina\nsredozemne vo\u0107ne muhe u plasti\u010dne vre\u0107e i \u010duvanjem u zatvorenim vre\u0107ama na\notvorenom najmanje 10 dana<\/p>\n\n\n\n<p>4. omogu\u0107iti stru\u010dnjacima Hrvatske agencije za\npoljoprivredu i hranu (u daljnjem tekstu: Agencija) pristup biljkama doma\u0107inima\nsredozemne vo\u0107ne muhe u svrhu pra\u0107enja populacije sredozemne vo\u0107ne muhe.<\/p>\n\n\n\n<p>(2) Radi sprje\u010davanja \u0161irenja i suzbijanja\nsredozemne vo\u0107ne muhe na ugro\u017eenim podru\u010djima iz \u010dlanka 3. stavka 1. to\u010dke 1.\nove Naredbe, specijalizirani subjekti upisani u Slu\u017ebeni registar\nspecijaliziranih subjekata (u daljnjem tekstu: Registar) uz obveze propisane\nstavkom 1. ovoga \u010dlanka obvezni su i:<\/p>\n\n\n\n<p>1. voditi a\u017euran plan posjeda na kojem se\nbiljke doma\u0107ini sredozemne vo\u0107ne muhe, odnosno plodovi biljaka doma\u0107ina\nsredozemne vo\u0107ne muhe proizvode ili prikupljaju u skladi\u0161tu. <\/p>\n\n\n\n<p>2. voditi odgovaraju\u0107u evidenciju o biljkama\ndoma\u0107inima sredozemne vo\u0107ne muhe, odnosno o plodovima biljaka doma\u0107ina\nsredozemne vo\u0107ne muhe i to: o opsegu i vremenu pregleda, utvr\u0111enom zdravstvenom\nstanju i primjeni sredstava za za\u0161titu bilja <\/p>\n\n\n\n<p>3. omogu\u0107iti fitosanitarnom inspektoru\nnesmetano obavljanje pregleda te na njihov zahtjev osigurati uvid u slu\u017ebenu\ndokumentaciju i omogu\u0107iti im uzimanje uzoraka<\/p>\n\n\n\n<p>4. omogu\u0107iti stru\u010dnjacima Agencije nesmetano obavljanje\npregleda i uzimanje uzoraka.<\/p>\n\n\n\n<p>Inspekcijski nadzor nad provedbom mjera propisanih ovom Naredbom provodi Dr\u017eavni inspektorat-Fitosanitarna inspekcija sukladno Zakonu o biljnom zdravstvu.<\/p>\n\n\n\n<p><a href=\"https:\/\/narodne-novine.nn.hr\/clanci\/sluzbeni\/2018_08_73_1515.html\">https:\/\/narodne-novine.nn.hr\/clanci\/sluzbeni\/2018_08_73_1515.html<\/a><\/p>\n\n\n\n<p><em>Ivana Tomac Talaji\u0107 dipl. ing. agr.<\/em><\/p>\n\n\n\n<p><em>&#x49;&#118;&#x61;&#110;a&#x2e;&#84;o&#x6d;&#97;&#x63;&#x2e;T&#x61;&#108;a&#x6a;&#105;&#x63;&#x40;m&#x70;&#115;&#46;&#x68;&#114;<\/em><\/p>\n","protected":false},"excerpt":{"rendered":"<p>Podsje\u0107amo proizvo\u0111a\u010de agruma na postupanje prema Naredbi o poduzimanju mjera za sprje\u010davanje \u0161irenja i suzbijanje&#8230;<\/p>\n","protected":false},"author":3,"featured_media":43431,"comment_status":"closed","ping_status":"closed","sticky":false,"template":"","format":"standard","meta":{"footnotes":""},"categories":[4],"tags":[],"class_list":["post-43430","post","type-post","status-publish","format-standard","has-post-thumbnail","hentry","category-novosti","wpcat-4-id"],"yoast_head":"<!-- This site is optimized with the Yoast SEO plugin v23.1 - https:\/\/yoast.com\/wordpress\/plugins\/seo\/ -->\n<title>Obavijest posjednicima bilja doma\u0107ina sredozemne vo\u0107ne muhe Ceratitis capitata (Wiedemann) ! - Grad Opuzen<\/title>\n<meta name=\"robots\" content=\"index, follow, max-snippet:-1, max-image-preview:large, max-video-preview:-1\" \/>\n<link rel=\"canonical\" href=\"https:\/\/www.opuzen.hr\/grad\/obavijest-posjednicima-bilja-domacina-sredozemne-vocne-muhe-ceratitis-capitata-wiedemann-2\/\" \/>\n<meta property=\"og:locale\" content=\"hr_HR\" \/>\n<meta property=\"og:type\" content=\"article\" \/>\n<meta property=\"og:title\" content=\"Obavijest posjednicima bilja doma\u0107ina sredozemne vo\u0107ne muhe Ceratitis capitata (Wiedemann) ! - Grad Opuzen\" \/>\n<meta property=\"og:description\" content=\"Podsje\u0107amo proizvo\u0111a\u010de agruma na postupanje prema Naredbi o poduzimanju mjera za sprje\u010davanje \u0161irenja i suzbijanje...\" \/>\n<meta property=\"og:url\" content=\"https:\/\/www.opuzen.hr\/grad\/obavijest-posjednicima-bilja-domacina-sredozemne-vocne-muhe-ceratitis-capitata-wiedemann-2\/\" \/>\n<meta property=\"og:site_name\" content=\"Grad Opuzen\" \/>\n<meta property=\"article:published_time\" content=\"2022-10-18T18:37:01+00:00\" \/>\n<meta property=\"article:modified_time\" content=\"2023-10-12T11:25:09+00:00\" \/>\n<meta property=\"og:image\" content=\"https:\/\/www.opuzen.hr\/grad\/wp-content\/uploads\/2022\/10\/Ceratitis_capitata_-_adult.jpg\" \/>\n\t<meta property=\"og:image:width\" content=\"1879\" \/>\n\t<meta property=\"og:image:height\" content=\"1409\" \/>\n\t<meta property=\"og:image:type\" content=\"image\/jpeg\" \/>\n<meta name=\"author\" content=\"Grad Opuzen\" \/>\n<meta name=\"twitter:card\" content=\"summary_large_image\" \/>\n<meta name=\"twitter:label1\" content=\"Napisao\/la\" \/>\n\t<meta name=\"twitter:data1\" content=\"Grad Opuzen\" \/>\n\t<meta name=\"twitter:label2\" content=\"Procijenjeno vrijeme \u010ditanja\" \/>\n\t<meta name=\"twitter:data2\" content=\"3 minute\" \/>\n<script type=\"application\/ld+json\" class=\"yoast-schema-graph\">{\"@context\":\"https:\/\/schema.org\",\"@graph\":[{\"@type\":\"Article\",\"@id\":\"https:\/\/www.opuzen.hr\/grad\/obavijest-posjednicima-bilja-domacina-sredozemne-vocne-muhe-ceratitis-capitata-wiedemann-2\/#article\",\"isPartOf\":{\"@id\":\"https:\/\/www.opuzen.hr\/grad\/obavijest-posjednicima-bilja-domacina-sredozemne-vocne-muhe-ceratitis-capitata-wiedemann-2\/\"},\"author\":{\"name\":\"Grad Opuzen\",\"@id\":\"https:\/\/www.opuzen.hr\/grad\/#\/schema\/person\/0a17a9796898e9409a1fa4ca7448a481\"},\"headline\":\"Obavijest posjednicima bilja doma\u0107ina sredozemne vo\u0107ne muhe Ceratitis capitata (Wiedemann) !\",\"datePublished\":\"2022-10-18T18:37:01+00:00\",\"dateModified\":\"2023-10-12T11:25:09+00:00\",\"mainEntityOfPage\":{\"@id\":\"https:\/\/www.opuzen.hr\/grad\/obavijest-posjednicima-bilja-domacina-sredozemne-vocne-muhe-ceratitis-capitata-wiedemann-2\/\"},\"wordCount\":550,\"publisher\":{\"@id\":\"https:\/\/www.opuzen.hr\/grad\/#organization\"},\"image\":{\"@id\":\"https:\/\/www.opuzen.hr\/grad\/obavijest-posjednicima-bilja-domacina-sredozemne-vocne-muhe-ceratitis-capitata-wiedemann-2\/#primaryimage\"},\"thumbnailUrl\":\"https:\/\/www.opuzen.hr\/grad\/wp-content\/uploads\/2022\/10\/Ceratitis_capitata_-_adult.jpg\",\"articleSection\":[\"Novosti\"],\"inLanguage\":\"hr\"},{\"@type\":\"WebPage\",\"@id\":\"https:\/\/www.opuzen.hr\/grad\/obavijest-posjednicima-bilja-domacina-sredozemne-vocne-muhe-ceratitis-capitata-wiedemann-2\/\",\"url\":\"https:\/\/www.opuzen.hr\/grad\/obavijest-posjednicima-bilja-domacina-sredozemne-vocne-muhe-ceratitis-capitata-wiedemann-2\/\",\"name\":\"Obavijest posjednicima bilja doma\u0107ina sredozemne vo\u0107ne muhe Ceratitis capitata (Wiedemann) ! - Grad Opuzen\",\"isPartOf\":{\"@id\":\"https:\/\/www.opuzen.hr\/grad\/#website\"},\"primaryImageOfPage\":{\"@id\":\"https:\/\/www.opuzen.hr\/grad\/obavijest-posjednicima-bilja-domacina-sredozemne-vocne-muhe-ceratitis-capitata-wiedemann-2\/#primaryimage\"},\"image\":{\"@id\":\"https:\/\/www.opuzen.hr\/grad\/obavijest-posjednicima-bilja-domacina-sredozemne-vocne-muhe-ceratitis-capitata-wiedemann-2\/#primaryimage\"},\"thumbnailUrl\":\"https:\/\/www.opuzen.hr\/grad\/wp-content\/uploads\/2022\/10\/Ceratitis_capitata_-_adult.jpg\",\"datePublished\":\"2022-10-18T18:37:01+00:00\",\"dateModified\":\"2023-10-12T11:25:09+00:00\",\"breadcrumb\":{\"@id\":\"https:\/\/www.opuzen.hr\/grad\/obavijest-posjednicima-bilja-domacina-sredozemne-vocne-muhe-ceratitis-capitata-wiedemann-2\/#breadcrumb\"},\"inLanguage\":\"hr\",\"potentialAction\":[{\"@type\":\"ReadAction\",\"target\":[\"https:\/\/www.opuzen.hr\/grad\/obavijest-posjednicima-bilja-domacina-sredozemne-vocne-muhe-ceratitis-capitata-wiedemann-2\/\"]}]},{\"@type\":\"ImageObject\",\"inLanguage\":\"hr\",\"@id\":\"https:\/\/www.opuzen.hr\/grad\/obavijest-posjednicima-bilja-domacina-sredozemne-vocne-muhe-ceratitis-capitata-wiedemann-2\/#primaryimage\",\"url\":\"https:\/\/www.opuzen.hr\/grad\/wp-content\/uploads\/2022\/10\/Ceratitis_capitata_-_adult.jpg\",\"contentUrl\":\"https:\/\/www.opuzen.hr\/grad\/wp-content\/uploads\/2022\/10\/Ceratitis_capitata_-_adult.jpg\",\"width\":\"1879\",\"height\":\"1409\"},{\"@type\":\"BreadcrumbList\",\"@id\":\"https:\/\/www.opuzen.hr\/grad\/obavijest-posjednicima-bilja-domacina-sredozemne-vocne-muhe-ceratitis-capitata-wiedemann-2\/#breadcrumb\",\"itemListElement\":[{\"@type\":\"ListItem\",\"position\":1,\"name\":\"Po\u010detna stranica\",\"item\":\"https:\/\/www.opuzen.hr\/grad\/\"},{\"@type\":\"ListItem\",\"position\":2,\"name\":\"Obavijest posjednicima bilja doma\u0107ina sredozemne vo\u0107ne muhe Ceratitis capitata (Wiedemann) !\"}]},{\"@type\":\"WebSite\",\"@id\":\"https:\/\/www.opuzen.hr\/grad\/#website\",\"url\":\"https:\/\/www.opuzen.hr\/grad\/\",\"name\":\"Grad Opuzen\",\"description\":\"Slu\u017ebene mre\u017ene stranice Grada Opuzena\",\"publisher\":{\"@id\":\"https:\/\/www.opuzen.hr\/grad\/#organization\"},\"potentialAction\":[{\"@type\":\"SearchAction\",\"target\":{\"@type\":\"EntryPoint\",\"urlTemplate\":\"https:\/\/www.opuzen.hr\/grad\/?s={search_term_string}\"},\"query-input\":\"required name=search_term_string\"}],\"inLanguage\":\"hr\"},{\"@type\":\"Organization\",\"@id\":\"https:\/\/www.opuzen.hr\/grad\/#organization\",\"name\":\"Grad Opuzen\",\"url\":\"https:\/\/www.opuzen.hr\/grad\/\",\"logo\":{\"@type\":\"ImageObject\",\"inLanguage\":\"hr\",\"@id\":\"https:\/\/www.opuzen.hr\/grad\/#\/schema\/logo\/image\/\",\"url\":\"https:\/\/www.opuzen.hr\/grad\/wp-content\/uploads\/2018\/02\/logo-opuzen.jpg\",\"contentUrl\":\"https:\/\/www.opuzen.hr\/grad\/wp-content\/uploads\/2018\/02\/logo-opuzen.jpg\",\"width\":400,\"height\":400,\"caption\":\"Grad Opuzen\"},\"image\":{\"@id\":\"https:\/\/www.opuzen.hr\/grad\/#\/schema\/logo\/image\/\"}},{\"@type\":\"Person\",\"@id\":\"https:\/\/www.opuzen.hr\/grad\/#\/schema\/person\/0a17a9796898e9409a1fa4ca7448a481\",\"name\":\"Grad Opuzen\",\"image\":{\"@type\":\"ImageObject\",\"inLanguage\":\"hr\",\"@id\":\"https:\/\/www.opuzen.hr\/grad\/#\/schema\/person\/image\/\",\"url\":\"https:\/\/secure.gravatar.com\/avatar\/0c54089de4fcf14c0fe3355109a3ac05?s=96&d=mm&r=g\",\"contentUrl\":\"https:\/\/secure.gravatar.com\/avatar\/0c54089de4fcf14c0fe3355109a3ac05?s=96&d=mm&r=g\",\"caption\":\"Grad Opuzen\"},\"url\":\"https:\/\/www.opuzen.hr\/grad\/author\/admin\/\"}]}<\/script>\n<!-- \/ Yoast SEO plugin. -->","yoast_head_json":{"title":"Obavijest posjednicima bilja doma\u0107ina sredozemne vo\u0107ne muhe Ceratitis capitata (Wiedemann) ! - Grad Opuzen","robots":{"index":"index","follow":"follow","max-snippet":"max-snippet:-1","max-image-preview":"max-image-preview:large","max-video-preview":"max-video-preview:-1"},"canonical":"https:\/\/www.opuzen.hr\/grad\/obavijest-posjednicima-bilja-domacina-sredozemne-vocne-muhe-ceratitis-capitata-wiedemann-2\/","og_locale":"hr_HR","og_type":"article","og_title":"Obavijest posjednicima bilja doma\u0107ina sredozemne vo\u0107ne muhe Ceratitis capitata (Wiedemann) ! - Grad Opuzen","og_description":"Podsje\u0107amo proizvo\u0111a\u010de agruma na postupanje prema Naredbi o poduzimanju mjera za sprje\u010davanje \u0161irenja i suzbijanje...","og_url":"https:\/\/www.opuzen.hr\/grad\/obavijest-posjednicima-bilja-domacina-sredozemne-vocne-muhe-ceratitis-capitata-wiedemann-2\/","og_site_name":"Grad Opuzen","article_published_time":"2022-10-18T18:37:01+00:00","article_modified_time":"2023-10-12T11:25:09+00:00","og_image":[{"width":1879,"height":1409,"url":"https:\/\/www.opuzen.hr\/grad\/wp-content\/uploads\/2022\/10\/Ceratitis_capitata_-_adult.jpg","type":"image\/jpeg"}],"author":"Grad Opuzen","twitter_card":"summary_large_image","twitter_misc":{"Napisao\/la":"Grad Opuzen","Procijenjeno vrijeme \u010ditanja":"3 minute"},"schema":{"@context":"https:\/\/schema.org","@graph":[{"@type":"Article","@id":"https:\/\/www.opuzen.hr\/grad\/obavijest-posjednicima-bilja-domacina-sredozemne-vocne-muhe-ceratitis-capitata-wiedemann-2\/#article","isPartOf":{"@id":"https:\/\/www.opuzen.hr\/grad\/obavijest-posjednicima-bilja-domacina-sredozemne-vocne-muhe-ceratitis-capitata-wiedemann-2\/"},"author":{"name":"Grad Opuzen","@id":"https:\/\/www.opuzen.hr\/grad\/#\/schema\/person\/0a17a9796898e9409a1fa4ca7448a481"},"headline":"Obavijest posjednicima bilja doma\u0107ina sredozemne vo\u0107ne muhe Ceratitis capitata (Wiedemann) !","datePublished":"2022-10-18T18:37:01+00:00","dateModified":"2023-10-12T11:25:09+00:00","mainEntityOfPage":{"@id":"https:\/\/www.opuzen.hr\/grad\/obavijest-posjednicima-bilja-domacina-sredozemne-vocne-muhe-ceratitis-capitata-wiedemann-2\/"},"wordCount":550,"publisher":{"@id":"https:\/\/www.opuzen.hr\/grad\/#organization"},"image":{"@id":"https:\/\/www.opuzen.hr\/grad\/obavijest-posjednicima-bilja-domacina-sredozemne-vocne-muhe-ceratitis-capitata-wiedemann-2\/#primaryimage"},"thumbnailUrl":"https:\/\/www.opuzen.hr\/grad\/wp-content\/uploads\/2022\/10\/Ceratitis_capitata_-_adult.jpg","articleSection":["Novosti"],"inLanguage":"hr"},{"@type":"WebPage","@id":"https:\/\/www.opuzen.hr\/grad\/obavijest-posjednicima-bilja-domacina-sredozemne-vocne-muhe-ceratitis-capitata-wiedemann-2\/","url":"https:\/\/www.opuzen.hr\/grad\/obavijest-posjednicima-bilja-domacina-sredozemne-vocne-muhe-ceratitis-capitata-wiedemann-2\/","name":"Obavijest posjednicima bilja doma\u0107ina sredozemne vo\u0107ne muhe Ceratitis capitata (Wiedemann) ! - Grad Opuzen","isPartOf":{"@id":"https:\/\/www.opuzen.hr\/grad\/#website"},"primaryImageOfPage":{"@id":"https:\/\/www.opuzen.hr\/grad\/obavijest-posjednicima-bilja-domacina-sredozemne-vocne-muhe-ceratitis-capitata-wiedemann-2\/#primaryimage"},"image":{"@id":"https:\/\/www.opuzen.hr\/grad\/obavijest-posjednicima-bilja-domacina-sredozemne-vocne-muhe-ceratitis-capitata-wiedemann-2\/#primaryimage"},"thumbnailUrl":"https:\/\/www.opuzen.hr\/grad\/wp-content\/uploads\/2022\/10\/Ceratitis_capitata_-_adult.jpg","datePublished":"2022-10-18T18:37:01+00:00","dateModified":"2023-10-12T11:25:09+00:00","breadcrumb":{"@id":"https:\/\/www.opuzen.hr\/grad\/obavijest-posjednicima-bilja-domacina-sredozemne-vocne-muhe-ceratitis-capitata-wiedemann-2\/#breadcrumb"},"inLanguage":"hr","potentialAction":[{"@type":"ReadAction","target":["https:\/\/www.opuzen.hr\/grad\/obavijest-posjednicima-bilja-domacina-sredozemne-vocne-muhe-ceratitis-capitata-wiedemann-2\/"]}]},{"@type":"ImageObject","inLanguage":"hr","@id":"https:\/\/www.opuzen.hr\/grad\/obavijest-posjednicima-bilja-domacina-sredozemne-vocne-muhe-ceratitis-capitata-wiedemann-2\/#primaryimage","url":"https:\/\/www.opuzen.hr\/grad\/wp-content\/uploads\/2022\/10\/Ceratitis_capitata_-_adult.jpg","contentUrl":"https:\/\/www.opuzen.hr\/grad\/wp-content\/uploads\/2022\/10\/Ceratitis_capitata_-_adult.jpg","width":"1879","height":"1409"},{"@type":"BreadcrumbList","@id":"https:\/\/www.opuzen.hr\/grad\/obavijest-posjednicima-bilja-domacina-sredozemne-vocne-muhe-ceratitis-capitata-wiedemann-2\/#breadcrumb","itemListElement":[{"@type":"ListItem","position":1,"name":"Po\u010detna stranica","item":"https:\/\/www.opuzen.hr\/grad\/"},{"@type":"ListItem","position":2,"name":"Obavijest posjednicima bilja doma\u0107ina sredozemne vo\u0107ne muhe Ceratitis capitata (Wiedemann) !"}]},{"@type":"WebSite","@id":"https:\/\/www.opuzen.hr\/grad\/#website","url":"https:\/\/www.opuzen.hr\/grad\/","name":"Grad Opuzen","description":"Slu\u017ebene mre\u017ene stranice Grada Opuzena","publisher":{"@id":"https:\/\/www.opuzen.hr\/grad\/#organization"},"potentialAction":[{"@type":"SearchAction","target":{"@type":"EntryPoint","urlTemplate":"https:\/\/www.opuzen.hr\/grad\/?s={search_term_string}"},"query-input":"required name=search_term_string"}],"inLanguage":"hr"},{"@type":"Organization","@id":"https:\/\/www.opuzen.hr\/grad\/#organization","name":"Grad Opuzen","url":"https:\/\/www.opuzen.hr\/grad\/","logo":{"@type":"ImageObject","inLanguage":"hr","@id":"https:\/\/www.opuzen.hr\/grad\/#\/schema\/logo\/image\/","url":"https:\/\/www.opuzen.hr\/grad\/wp-content\/uploads\/2018\/02\/logo-opuzen.jpg","contentUrl":"https:\/\/www.opuzen.hr\/grad\/wp-content\/uploads\/2018\/02\/logo-opuzen.jpg","width":400,"height":400,"caption":"Grad Opuzen"},"image":{"@id":"https:\/\/www.opuzen.hr\/grad\/#\/schema\/logo\/image\/"}},{"@type":"Person","@id":"https:\/\/www.opuzen.hr\/grad\/#\/schema\/person\/0a17a9796898e9409a1fa4ca7448a481","name":"Grad Opuzen","image":{"@type":"ImageObject","inLanguage":"hr","@id":"https:\/\/www.opuzen.hr\/grad\/#\/schema\/person\/image\/","url":"https:\/\/secure.gravatar.com\/avatar\/0c54089de4fcf14c0fe3355109a3ac05?s=96&d=mm&r=g","contentUrl":"https:\/\/secure.gravatar.com\/avatar\/0c54089de4fcf14c0fe3355109a3ac05?s=96&d=mm&r=g","caption":"Grad Opuzen"},"url":"https:\/\/www.opuzen.hr\/grad\/author\/admin\/"}]}},"_links":{"self":[{"href":"https:\/\/www.opuzen.hr\/grad\/wp-json\/wp\/v2\/posts\/43430"}],"collection":[{"href":"https:\/\/www.opuzen.hr\/grad\/wp-json\/wp\/v2\/posts"}],"about":[{"href":"https:\/\/www.opuzen.hr\/grad\/wp-json\/wp\/v2\/types\/post"}],"author":[{"embeddable":true,"href":"https:\/\/www.opuzen.hr\/grad\/wp-json\/wp\/v2\/users\/3"}],"replies":[{"embeddable":true,"href":"https:\/\/www.opuzen.hr\/grad\/wp-json\/wp\/v2\/comments?post=43430"}],"version-history":[{"count":1,"href":"https:\/\/www.opuzen.hr\/grad\/wp-json\/wp\/v2\/posts\/43430\/revisions"}],"predecessor-version":[{"id":43432,"href":"https:\/\/www.opuzen.hr\/grad\/wp-json\/wp\/v2\/posts\/43430\/revisions\/43432"}],"wp:featuredmedia":[{"embeddable":true,"href":"https:\/\/www.opuzen.hr\/grad\/wp-json\/wp\/v2\/media\/43431"}],"wp:attachment":[{"href":"https:\/\/www.opuzen.hr\/grad\/wp-json\/wp\/v2\/media?parent=43430"}],"wp:term":[{"taxonomy":"category","embeddable":true,"href":"https:\/\/www.opuzen.hr\/grad\/wp-json\/wp\/v2\/categories?post=43430"},{"taxonomy":"post_tag","embeddable":true,"href":"https:\/\/www.opuzen.hr\/grad\/wp-json\/wp\/v2\/tags?post=43430"}],"curies":[{"name":"wp","href":"https:\/\/api.w.org\/{rel}","templated":true}]}}