{"id":43744,"date":"2022-12-19T13:12:32","date_gmt":"2022-12-19T12:12:32","guid":{"rendered":"https:\/\/www.opuzen.hr\/grad\/?p=43744"},"modified":"2024-08-13T14:42:31","modified_gmt":"2024-08-13T12:42:31","slug":"sazvana-18-sjednica-gradskog-vijeca-grada-opuzena","status":"publish","type":"post","link":"https:\/\/www.opuzen.hr\/grad\/sazvana-18-sjednica-gradskog-vijeca-grada-opuzena\/","title":{"rendered":"Sazvana 18. sjednica Gradskog Vije\u0107a Grada Opuzena"},"content":{"rendered":"\r\n<p><strong>XVIII. sjednica Gradskog vije\u0107a Grada Opuzena<\/strong> <strong>sazvana je <\/strong> <strong>za dan <a>23. prosinca 2022. godine (petak) <\/a>s po\u010detkom u 16<sup>30<\/sup> sati,<\/strong> <strong>u velikoj dvorani Gradske vije\u0107nice, Trg kralja Tomislava 1.<\/strong><\/p>\r\n\r\n\r\n\r\n<p>Dnevni red:<\/p>\r\n\r\n\r\n\r\n<ol class=\"wp-block-list\">\r\n<li>Prijedlog zapisnika sa XVII. sjednice Gradskog vije\u0107a<\/li>\r\n<li>Aktualni sat<\/li>\r\n<li>Prijedlog Odluke o izmjenama i dopunama Prora\u010duna Grada Opuzena za 2022. godinu<\/li>\r\n<li>Prijedlog odluke o izmjeni Programa odr\u017eavanja komunalne infrastrukture u 2022. godini na podru\u010dju Grada Opuzena<\/li>\r\n<li>Prijedlog odluke o izmjeni i dopuni Programa gra\u0111enja komunalne infrastrukture u Gradu Opuzenu za 2022. godinu<\/li>\r\n<li>Prijedlog odluke o izmjeni Programa javnih potreba u kulturi Grada Opuzena za 2022. godinu<\/li>\r\n<li>Prijedlog odluke o izmjeni Programa javnih potreba u sportu Grada Opuzena za 2022. godinu<\/li>\r\n<li>Prijedlog odluke o izmjeni Socijalnog programa Grada Opuzena za 2022. godinu<\/li>\r\n<li>Prijedlog odluke o Prora\u010dunu Grada Opuzena za 2023. godinu s projekcijom za razdoblje od 2024. \u2013 2025. godine\u00a0<\/li>\r\n<li>Prijedlog Odluke o izvr\u0161avanju prora\u010duna Grada Opuzena za 2023. godinu<\/li>\r\n<li>Prijedlog Programa odr\u017eavanja komunalne infrastrukture u 2023. godini na podru\u010dju Grada Opuzena<\/li>\r\n<li>Prijedlog Programa gra\u0111enja objekata i ure\u0111enja komunalne infrastrukture u Gradu Opuzenu za 2023. godinu<\/li>\r\n<li>Prijedlog Programa javnih potreba u kulturi Grada Opuzena za 2023. godinu<\/li>\r\n<li>Prijedlog Programa javnih potreba u sportu Grada Opuzena za 2023. godinu<\/li>\r\n<li>Prijedlog Socijalnog programa Grada Opuzena za 2023. godinu<\/li>\r\n<li>Prijedlog Plana davanja koncesija u 2023. godini<\/li>\r\n<li>Prijedlog Programa kori\u0161tenja sredstava ostvarenih od zakupa poljoprivrednog zemlji\u0161ta u vlasni\u0161tvu Republike Hrvatske na podru\u010dju Grada Opuzena u 2023. godini<\/li>\r\n<li>Prijedlog Odluke o raspore\u0111ivanju sredstava za rad politi\u010dkih stranaka i \u010dlanova izabranih s liste grupe bira\u010da zastupljenih u Gradskom vije\u0107u Grada Opuzena za 2023. godinu<\/li>\r\n<li>Prijedlog Odluke o naknadi predsjedniku i vije\u0107nicima Gradskog vije\u0107a<\/li>\r\n<li>Prijedlog odluke o utvr\u0111ivanju visine godi\u0161njeg pau\u0161alnog poreza na dohodak za iznajmljiva\u010de smje\u0161taja na podru\u010dju Grada Opuzena za 2023. godinu<\/li>\r\n<li>Prijedlog Programa potpora u poljoprivredi za podru\u010dje Grada Opuzena za razdoblje od 2023. \u2013 2025. godine<\/li>\r\n<li>Prijedlog Rje\u0161enja o razrje\u0161enju i imenovanju \u010dlanova Upravnog vije\u0107a Dje\u010djeg vrti\u0107a Opuzen<\/li>\r\n<\/ol>\r\n\r\n\r\n\r\n<p><strong>Sjednice Gradskog vije\u0107a su javne<\/strong>.<\/p>\r\n\r\n\r\n\r\n<p><strong>Na sjednicama mo\u017ee prisustvovati maksimalno 5 gra\u0111ana<\/strong>.<\/p>\r\n\r\n\r\n\r\n<p><strong>Ukoliko je broj osoba koje prate rad Gradskog vije\u0107a ve\u0107i od broja raspolo\u017eivih mjesta, predsjednik Gradskog vije\u0107a odre\u0111uje broj osoba koje mogu pratiti rad Gradskog vije\u0107a, u pravilu prema redoslijedu zaprimanja zahtjeva.<\/strong><\/p>\r\n\r\n\r\n\r\n<p><strong>Zahtjevi za prisustvovanje na sjednicama zaprimaju se e-mailom opu&#122;&#101;&#110;&#x40;&#x6f;&#x70;&#x75;&#x7a;&#x65;n&#46;h&#114; ili telefonom 020\/671-139, najkasnije 24 sata prije odr\u017eavanja sjednice Gradskog vije\u0107a.<\/strong><\/p>\r\n\r\n\r\n\r\n<p>&nbsp;<\/p>\r\n<!-- WP Attachments -->\r\n        <div style=\"width:100%;margin:10px 0 10px 0;\">\r\n            <h3>Prilozi sadr\u017eaju:<\/h3>\r\n        <ul class=\"post-attachments\"><li class=\"post-attachment mime-application-msword\">                                \r\n<a target=\"_blank\" href=\"https:\/\/www.opuzen.hr\/grad\/sazvana-18-sjednica-gradskog-vijeca-grada-opuzena\/?download=43745\">1. 17. sjednica - zapisnik<\/a><div style=\"float:right;\">122 kB \/ Preuzeto: 250<\/div>\r\n<br><small><\/small><\/li><li class=\"post-attachment mime-application-pdf\">                                \r\n<a target=\"_blank\" href=\"https:\/\/www.opuzen.hr\/grad\/sazvana-18-sjednica-gradskog-vijeca-grada-opuzena\/?download=43746\">3. Izmjene i dopune Prora\u010duna Grada Opuzena za 2022- Obrazlo\u017eenje<\/a><div style=\"float:right;\">763 kB \/ Preuzeto: 224<\/div>\r\n<br><small><\/small><\/li><li class=\"post-attachment mime-application-pdf\">                                \r\n<a target=\"_blank\" href=\"https:\/\/www.opuzen.hr\/grad\/sazvana-18-sjednica-gradskog-vijeca-grada-opuzena\/?download=43747\">3. Izmjene i dopune Prora\u010duna Grada Opuzena za 2022- Op\u0107i dio I<\/a><div style=\"float:right;\">134 kB \/ Preuzeto: 188<\/div>\r\n<br><small><\/small><\/li><li class=\"post-attachment mime-application-pdf\">                                \r\n<a target=\"_blank\" href=\"https:\/\/www.opuzen.hr\/grad\/sazvana-18-sjednica-gradskog-vijeca-grada-opuzena\/?download=43748\">3. Izmjene i dopune Prora\u010duna Grada Opuzena za 2022- Op\u0107i dio II<\/a><div style=\"float:right;\">133 kB \/ Preuzeto: 196<\/div>\r\n<br><small><\/small><\/li><li class=\"post-attachment mime-application-pdf\">                                \r\n<a target=\"_blank\" href=\"https:\/\/www.opuzen.hr\/grad\/sazvana-18-sjednica-gradskog-vijeca-grada-opuzena\/?download=43749\">3. Izmjene i dopune Prora\u010duna Grada Opuzena za 2022- Posebni dio<\/a><div style=\"float:right;\">676 kB \/ Preuzeto: 184<\/div>\r\n<br><small><\/small><\/li><li class=\"post-attachment mime-application-pdf\">                                \r\n<a target=\"_blank\" href=\"https:\/\/www.opuzen.hr\/grad\/sazvana-18-sjednica-gradskog-vijeca-grada-opuzena\/?download=43750\">3. PRIJEDLOG PROJEKCIJA PLANA PRORA\u010cUNA GRADA OPUZENA ZA 2023. I 2024. I 2025.- rashodi prema funkcijskoj klasifikaciji<\/a><div style=\"float:right;\">125 kB \/ Preuzeto: 201<\/div>\r\n<br><small><\/small><\/li><li class=\"post-attachment mime-application-msword\">                                \r\n<a target=\"_blank\" href=\"https:\/\/www.opuzen.hr\/grad\/sazvana-18-sjednica-gradskog-vijeca-grada-opuzena\/?download=43751\">4. Odluka o izmjeni Programa odr\u017eavanja komunalne infrastrukture za 2022. godinu (003)<\/a><div style=\"float:right;\">45 kB \/ Preuzeto: 235<\/div>\r\n<br><small><\/small><\/li><li class=\"post-attachment mime-application-pdf\">                                \r\n<a target=\"_blank\" href=\"https:\/\/www.opuzen.hr\/grad\/sazvana-18-sjednica-gradskog-vijeca-grada-opuzena\/?download=43752\">4. PRIJEDLOG PROJEKCIJA PLANA PRORA\u010cUNA GRADA OPUZENA ZA 2023. I 2024. I 2025.- ra\u010dun financiranja<\/a><div style=\"float:right;\">94 kB \/ Preuzeto: 201<\/div>\r\n<br><small><\/small><\/li><li class=\"post-attachment mime-application-msword\">                                \r\n<a target=\"_blank\" href=\"https:\/\/www.opuzen.hr\/grad\/sazvana-18-sjednica-gradskog-vijeca-grada-opuzena\/?download=43753\">5. Odluka o izmjeni Programa gradnje objekata i ure\u0111aja komunalne infrastrukture u gradu Opuzenu za 2022. godinu (003)<\/a><div style=\"float:right;\">45 kB \/ Preuzeto: 198<\/div>\r\n<br><small><\/small><\/li><li class=\"post-attachment mime-application-pdf\">                                \r\n<a target=\"_blank\" href=\"https:\/\/www.opuzen.hr\/grad\/sazvana-18-sjednica-gradskog-vijeca-grada-opuzena\/?download=43754\">5. PRIJEDLOG PROJEKCIJA PLANA PRORA\u010cUNA GRADA OPUZENA ZA 2023. I 2024. I 2025.- posebni dio<\/a><div style=\"float:right;\">858 kB \/ Preuzeto: 229<\/div>\r\n<br><small><\/small><\/li><li class=\"post-attachment mime-application-msword\">                                \r\n<a target=\"_blank\" href=\"https:\/\/www.opuzen.hr\/grad\/sazvana-18-sjednica-gradskog-vijeca-grada-opuzena\/?download=43755\">6. Odluka o izmjeni Programa javnih potreba u kulturi Grada Opuzena za 2022. godinu (003)<\/a><div style=\"float:right;\">39 kB \/ Preuzeto: 206<\/div>\r\n<br><small><\/small><\/li><li class=\"post-attachment mime-application-pdf\">                                \r\n<a target=\"_blank\" href=\"https:\/\/www.opuzen.hr\/grad\/sazvana-18-sjednica-gradskog-vijeca-grada-opuzena\/?download=43756\">6. PRIJEDLOG PROJEKCIJA PLANA PRORA\u010cUNA GRADA OPUZENA ZA 2023. I 2024. I 2025.- obrazlo\u017eenje<\/a><div style=\"float:right;\">966 kB \/ Preuzeto: 213<\/div>\r\n<br><small><\/small><\/li><li class=\"post-attachment mime-application-msword\">                                \r\n<a target=\"_blank\" href=\"https:\/\/www.opuzen.hr\/grad\/sazvana-18-sjednica-gradskog-vijeca-grada-opuzena\/?download=43757\">7. Odluka o izmjeni Programa javnih potreba u sportu za 2022. godinu<\/a><div style=\"float:right;\">36 kB \/ Preuzeto: 241<\/div>\r\n<br><small><\/small><\/li><li class=\"post-attachment mime-application-msword\">                                \r\n<a target=\"_blank\" href=\"https:\/\/www.opuzen.hr\/grad\/sazvana-18-sjednica-gradskog-vijeca-grada-opuzena\/?download=43758\">8. Odluka o izmjeni Socijalnog programa Grada Opuzena za 2022. godinu (003)<\/a><div style=\"float:right;\">46 kB \/ Preuzeto: 189<\/div>\r\n<br><small><\/small><\/li><li class=\"post-attachment mime-application-pdf\">                                \r\n<a target=\"_blank\" href=\"https:\/\/www.opuzen.hr\/grad\/sazvana-18-sjednica-gradskog-vijeca-grada-opuzena\/?download=43759\">9. 1. PRIJEDLOG PROJEKCIJA PLANA PRORA\u010cUNA GRADA OPUZENA ZA 2023. I 2024. I 2025.- op\u0107i dio I<\/a><div style=\"float:right;\">175 kB \/ Preuzeto: 211<\/div>\r\n<br><small><\/small><\/li><li class=\"post-attachment mime-application-pdf\">                                \r\n<a target=\"_blank\" href=\"https:\/\/www.opuzen.hr\/grad\/sazvana-18-sjednica-gradskog-vijeca-grada-opuzena\/?download=43760\">9. 1. PRIJEDLOG PROJEKCIJA PLANA PRORA\u010cUNA GRADA OPUZENA ZA 2023. I 2024. I 2025.- op\u0107i dio II<\/a><div style=\"float:right;\">177 kB \/ Preuzeto: 221<\/div>\r\n<br><small><\/small><\/li><li class=\"post-attachment mime-application-pdf\">                                \r\n<a target=\"_blank\" href=\"https:\/\/www.opuzen.hr\/grad\/sazvana-18-sjednica-gradskog-vijeca-grada-opuzena\/?download=43761\">9. 2. PRIJEDLOG PROJEKCIJA PLANA PRORA\u010cUNA GRADA OPUZENA ZA 2023. I 2024. I 2025.- ra\u010dun prihoda i rashoda<\/a><div style=\"float:right;\">173 kB \/ Preuzeto: 209<\/div>\r\n<br><small><\/small><\/li><li class=\"post-attachment mime-application-vnd-openxmlformats-officedocument-wordprocessingml-document\">                                \r\n<a target=\"_blank\" href=\"https:\/\/www.opuzen.hr\/grad\/sazvana-18-sjednica-gradskog-vijeca-grada-opuzena\/?download=43762\">10. Odluka o izvr\u0161avanju Prora\u010duna Grada Opuzena za 2023. godinu<\/a><div style=\"float:right;\">26 kB \/ Preuzeto: 222<\/div>\r\n<br><small><\/small><\/li><li class=\"post-attachment mime-application-vnd-openxmlformats-officedocument-wordprocessingml-document\">                                \r\n<a target=\"_blank\" href=\"https:\/\/www.opuzen.hr\/grad\/sazvana-18-sjednica-gradskog-vijeca-grada-opuzena\/?download=43763\">11. Program odr\u017eavanja komunalne infrastrukture u 2023. godini na podru\u010dju grada Opuzena (003)<\/a><div style=\"float:right;\">25 kB \/ Preuzeto: 230<\/div>\r\n<br><small><\/small><\/li><li class=\"post-attachment mime-application-vnd-openxmlformats-officedocument-wordprocessingml-document\">                                \r\n<a target=\"_blank\" href=\"https:\/\/www.opuzen.hr\/grad\/sazvana-18-sjednica-gradskog-vijeca-grada-opuzena\/?download=43764\">12. Program gradnje objekata i ure\u0111aja komunalne infrastrukture u Gradu Opuzenu za 2023. godinu (003)<\/a><div style=\"float:right;\">21 kB \/ Preuzeto: 254<\/div>\r\n<br><small><\/small><\/li><li class=\"post-attachment mime-application-vnd-openxmlformats-officedocument-wordprocessingml-document\">                                \r\n<a target=\"_blank\" href=\"https:\/\/www.opuzen.hr\/grad\/sazvana-18-sjednica-gradskog-vijeca-grada-opuzena\/?download=43765\">13. Program javnih potreba u kulturi Grada Opuzena za 2023. godinu (003)<\/a><div style=\"float:right;\">22 kB \/ Preuzeto: 201<\/div>\r\n<br><small><\/small><\/li><li class=\"post-attachment mime-application-vnd-openxmlformats-officedocument-wordprocessingml-document\">                                \r\n<a target=\"_blank\" href=\"https:\/\/www.opuzen.hr\/grad\/sazvana-18-sjednica-gradskog-vijeca-grada-opuzena\/?download=43766\">14. Program javnih potreba u sportu za 2023. godinu (003)<\/a><div style=\"float:right;\">25 kB \/ Preuzeto: 236<\/div>\r\n<br><small><\/small><\/li><li class=\"post-attachment mime-application-vnd-openxmlformats-officedocument-wordprocessingml-document\">                                \r\n<a target=\"_blank\" href=\"https:\/\/www.opuzen.hr\/grad\/sazvana-18-sjednica-gradskog-vijeca-grada-opuzena\/?download=43767\">15. Socijalni program Grada Opuzena za 2023. godinu (003)<\/a><div style=\"float:right;\">28 kB \/ Preuzeto: 230<\/div>\r\n<br><small><\/small><\/li><li class=\"post-attachment mime-application-msword\">                                \r\n<a target=\"_blank\" href=\"https:\/\/www.opuzen.hr\/grad\/sazvana-18-sjednica-gradskog-vijeca-grada-opuzena\/?download=43768\">16. Plan davanja koncesija u 2023. godini<\/a><div style=\"float:right;\">43 kB \/ Preuzeto: 246<\/div>\r\n<br><small><\/small><\/li><li class=\"post-attachment mime-application-msword\">                                \r\n<a target=\"_blank\" href=\"https:\/\/www.opuzen.hr\/grad\/sazvana-18-sjednica-gradskog-vijeca-grada-opuzena\/?download=43769\">17. Program kori\u0161tenja sredstava ostvarenih od zakupa poljoprivrednog zemlji\u0161ta u 2023. godini<\/a><div style=\"float:right;\">44 kB \/ Preuzeto: 216<\/div>\r\n<br><small><\/small><\/li><li class=\"post-attachment mime-application-vnd-openxmlformats-officedocument-wordprocessingml-document\">                                \r\n<a target=\"_blank\" href=\"https:\/\/www.opuzen.hr\/grad\/sazvana-18-sjednica-gradskog-vijeca-grada-opuzena\/?download=43770\">18. Prijedlog Odluke o raspore\u0111ivanju sredstava za rad politi\u010dkih stranaka za 2023. godinu<\/a><div style=\"float:right;\">16 kB \/ Preuzeto: 203<\/div>\r\n<br><small><\/small><\/li><li class=\"post-attachment mime-application-msword\">                                \r\n<a target=\"_blank\" href=\"https:\/\/www.opuzen.hr\/grad\/sazvana-18-sjednica-gradskog-vijeca-grada-opuzena\/?download=43771\">18. sjednica - poziv<\/a><div style=\"float:right;\">67 kB \/ Preuzeto: 217<\/div>\r\n<br><small><\/small><\/li><li class=\"post-attachment mime-application-vnd-openxmlformats-officedocument-wordprocessingml-document\">                                \r\n<a target=\"_blank\" href=\"https:\/\/www.opuzen.hr\/grad\/sazvana-18-sjednica-gradskog-vijeca-grada-opuzena\/?download=43772\">19. Odluka o naknadi vije\u0107nicima<\/a><div style=\"float:right;\">19 kB \/ Preuzeto: 241<\/div>\r\n<br><small><\/small><\/li><li class=\"post-attachment mime-application-vnd-openxmlformats-officedocument-wordprocessingml-document\">                                \r\n<a target=\"_blank\" href=\"https:\/\/www.opuzen.hr\/grad\/sazvana-18-sjednica-gradskog-vijeca-grada-opuzena\/?download=43773\">20. Odluka o utvr\u0111ivanju visine godi\u0161njeg pau\u0161alnog poreza na dohodak za iznajmljiva\u010de smje\u0161taja na podru\u010dju grada Opuzena za 2023. godinu<\/a><div style=\"float:right;\">36 kB \/ Preuzeto: 196<\/div>\r\n<br><small><\/small><\/li><li class=\"post-attachment mime-application-pdf\">                                \r\n<a target=\"_blank\" href=\"https:\/\/www.opuzen.hr\/grad\/sazvana-18-sjednica-gradskog-vijeca-grada-opuzena\/?download=43774\">21. Mi\u0161ljenje Ministarstva poljoprivrede o ukla\u0111enosti potpore male vrijednosti<\/a><div style=\"float:right;\">222 kB \/ Preuzeto: 208<\/div>\r\n<br><small><\/small><\/li><li class=\"post-attachment mime-application-vnd-openxmlformats-officedocument-wordprocessingml-document\">                                \r\n<a target=\"_blank\" href=\"https:\/\/www.opuzen.hr\/grad\/sazvana-18-sjednica-gradskog-vijeca-grada-opuzena\/?download=43775\">21. NACRT PROGRAMA POTPORA U POLJOPRIVREDI_ 2023.-2025._<\/a><div style=\"float:right;\">39 kB \/ Preuzeto: 264<\/div>\r\n<br><small><\/small><\/li><li class=\"post-attachment mime-application-msword\">                                \r\n<a target=\"_blank\" href=\"https:\/\/www.opuzen.hr\/grad\/sazvana-18-sjednica-gradskog-vijeca-grada-opuzena\/?download=43776\">22. Rje\u0161enje o razrje\u0161enju i imenovanju \u010dlanova Upravnog vije\u0107a DV Opuzen<\/a><div style=\"float:right;\">39 kB \/ Preuzeto: 237<\/div>\r\n<br><small><\/small><\/li><\/ul><\/div>","protected":false},"excerpt":{"rendered":"<p>XVIII. sjednica Gradskog vije\u0107a Grada Opuzena sazvana je za dan 23. prosinca 2022. godine (petak)&#8230;<\/p>\n","protected":false},"author":3,"featured_media":48893,"comment_status":"closed","ping_status":"closed","sticky":false,"template":"","format":"standard","meta":{"footnotes":""},"categories":[393],"tags":[],"class_list":["post-43744","post","type-post","status-publish","format-standard","has-post-thumbnail","hentry","category-sjednice-gradskog-vijeca","wpcat-393-id"],"yoast_head":"<!-- This site is optimized with the Yoast SEO plugin v23.1 - https:\/\/yoast.com\/wordpress\/plugins\/seo\/ -->\n<title>Sazvana 18. sjednica Gradskog Vije\u0107a Grada Opuzena - Grad Opuzen<\/title>\n<meta name=\"robots\" content=\"index, follow, max-snippet:-1, max-image-preview:large, max-video-preview:-1\" \/>\n<link rel=\"canonical\" href=\"https:\/\/www.opuzen.hr\/grad\/sazvana-18-sjednica-gradskog-vijeca-grada-opuzena\/\" \/>\n<meta property=\"og:locale\" content=\"hr_HR\" \/>\n<meta property=\"og:type\" content=\"article\" \/>\n<meta property=\"og:title\" content=\"Sazvana 18. sjednica Gradskog Vije\u0107a Grada Opuzena - Grad Opuzen\" \/>\n<meta property=\"og:description\" content=\"XVIII. sjednica Gradskog vije\u0107a Grada Opuzena sazvana je za dan 23. prosinca 2022. godine (petak)...\" \/>\n<meta property=\"og:url\" content=\"https:\/\/www.opuzen.hr\/grad\/sazvana-18-sjednica-gradskog-vijeca-grada-opuzena\/\" \/>\n<meta property=\"og:site_name\" content=\"Grad Opuzen\" \/>\n<meta property=\"article:published_time\" content=\"2022-12-19T12:12:32+00:00\" \/>\n<meta property=\"article:modified_time\" content=\"2024-08-13T12:42:31+00:00\" \/>\n<meta property=\"og:image\" content=\"https:\/\/www.opuzen.hr\/grad\/wp-content\/uploads\/2022\/12\/sjednice5.png\" \/>\n\t<meta property=\"og:image:width\" content=\"1920\" \/>\n\t<meta property=\"og:image:height\" content=\"1080\" \/>\n\t<meta property=\"og:image:type\" content=\"image\/png\" \/>\n<meta name=\"author\" content=\"Grad Opuzen\" \/>\n<meta name=\"twitter:card\" content=\"summary_large_image\" \/>\n<meta name=\"twitter:label1\" content=\"Napisao\/la\" \/>\n\t<meta name=\"twitter:data1\" content=\"Grad Opuzen\" \/>\n\t<meta name=\"twitter:label2\" content=\"Procijenjeno vrijeme \u010ditanja\" \/>\n\t<meta name=\"twitter:data2\" content=\"3 minute\" \/>\n<script type=\"application\/ld+json\" class=\"yoast-schema-graph\">{\"@context\":\"https:\/\/schema.org\",\"@graph\":[{\"@type\":\"Article\",\"@id\":\"https:\/\/www.opuzen.hr\/grad\/sazvana-18-sjednica-gradskog-vijeca-grada-opuzena\/#article\",\"isPartOf\":{\"@id\":\"https:\/\/www.opuzen.hr\/grad\/sazvana-18-sjednica-gradskog-vijeca-grada-opuzena\/\"},\"author\":{\"name\":\"Grad Opuzen\",\"@id\":\"https:\/\/www.opuzen.hr\/grad\/#\/schema\/person\/0a17a9796898e9409a1fa4ca7448a481\"},\"headline\":\"Sazvana 18. sjednica Gradskog Vije\u0107a Grada Opuzena\",\"datePublished\":\"2022-12-19T12:12:32+00:00\",\"dateModified\":\"2024-08-13T12:42:31+00:00\",\"mainEntityOfPage\":{\"@id\":\"https:\/\/www.opuzen.hr\/grad\/sazvana-18-sjednica-gradskog-vijeca-grada-opuzena\/\"},\"wordCount\":408,\"publisher\":{\"@id\":\"https:\/\/www.opuzen.hr\/grad\/#organization\"},\"image\":{\"@id\":\"https:\/\/www.opuzen.hr\/grad\/sazvana-18-sjednica-gradskog-vijeca-grada-opuzena\/#primaryimage\"},\"thumbnailUrl\":\"https:\/\/www.opuzen.hr\/grad\/wp-content\/uploads\/2022\/12\/sjednice5.png\",\"articleSection\":[\"Sjednice gradskog vije\u0107a\"],\"inLanguage\":\"hr\"},{\"@type\":\"WebPage\",\"@id\":\"https:\/\/www.opuzen.hr\/grad\/sazvana-18-sjednica-gradskog-vijeca-grada-opuzena\/\",\"url\":\"https:\/\/www.opuzen.hr\/grad\/sazvana-18-sjednica-gradskog-vijeca-grada-opuzena\/\",\"name\":\"Sazvana 18. sjednica Gradskog Vije\u0107a Grada Opuzena - Grad Opuzen\",\"isPartOf\":{\"@id\":\"https:\/\/www.opuzen.hr\/grad\/#website\"},\"primaryImageOfPage\":{\"@id\":\"https:\/\/www.opuzen.hr\/grad\/sazvana-18-sjednica-gradskog-vijeca-grada-opuzena\/#primaryimage\"},\"image\":{\"@id\":\"https:\/\/www.opuzen.hr\/grad\/sazvana-18-sjednica-gradskog-vijeca-grada-opuzena\/#primaryimage\"},\"thumbnailUrl\":\"https:\/\/www.opuzen.hr\/grad\/wp-content\/uploads\/2022\/12\/sjednice5.png\",\"datePublished\":\"2022-12-19T12:12:32+00:00\",\"dateModified\":\"2024-08-13T12:42:31+00:00\",\"breadcrumb\":{\"@id\":\"https:\/\/www.opuzen.hr\/grad\/sazvana-18-sjednica-gradskog-vijeca-grada-opuzena\/#breadcrumb\"},\"inLanguage\":\"hr\",\"potentialAction\":[{\"@type\":\"ReadAction\",\"target\":[\"https:\/\/www.opuzen.hr\/grad\/sazvana-18-sjednica-gradskog-vijeca-grada-opuzena\/\"]}]},{\"@type\":\"ImageObject\",\"inLanguage\":\"hr\",\"@id\":\"https:\/\/www.opuzen.hr\/grad\/sazvana-18-sjednica-gradskog-vijeca-grada-opuzena\/#primaryimage\",\"url\":\"https:\/\/www.opuzen.hr\/grad\/wp-content\/uploads\/2022\/12\/sjednice5.png\",\"contentUrl\":\"https:\/\/www.opuzen.hr\/grad\/wp-content\/uploads\/2022\/12\/sjednice5.png\",\"width\":1920,\"height\":1080},{\"@type\":\"BreadcrumbList\",\"@id\":\"https:\/\/www.opuzen.hr\/grad\/sazvana-18-sjednica-gradskog-vijeca-grada-opuzena\/#breadcrumb\",\"itemListElement\":[{\"@type\":\"ListItem\",\"position\":1,\"name\":\"Po\u010detna stranica\",\"item\":\"https:\/\/www.opuzen.hr\/grad\/\"},{\"@type\":\"ListItem\",\"position\":2,\"name\":\"Sazvana 18. sjednica Gradskog Vije\u0107a Grada Opuzena\"}]},{\"@type\":\"WebSite\",\"@id\":\"https:\/\/www.opuzen.hr\/grad\/#website\",\"url\":\"https:\/\/www.opuzen.hr\/grad\/\",\"name\":\"Grad Opuzen\",\"description\":\"Slu\u017ebene mre\u017ene stranice Grada Opuzena\",\"publisher\":{\"@id\":\"https:\/\/www.opuzen.hr\/grad\/#organization\"},\"potentialAction\":[{\"@type\":\"SearchAction\",\"target\":{\"@type\":\"EntryPoint\",\"urlTemplate\":\"https:\/\/www.opuzen.hr\/grad\/?s={search_term_string}\"},\"query-input\":\"required name=search_term_string\"}],\"inLanguage\":\"hr\"},{\"@type\":\"Organization\",\"@id\":\"https:\/\/www.opuzen.hr\/grad\/#organization\",\"name\":\"Grad Opuzen\",\"url\":\"https:\/\/www.opuzen.hr\/grad\/\",\"logo\":{\"@type\":\"ImageObject\",\"inLanguage\":\"hr\",\"@id\":\"https:\/\/www.opuzen.hr\/grad\/#\/schema\/logo\/image\/\",\"url\":\"https:\/\/www.opuzen.hr\/grad\/wp-content\/uploads\/2018\/02\/logo-opuzen.jpg\",\"contentUrl\":\"https:\/\/www.opuzen.hr\/grad\/wp-content\/uploads\/2018\/02\/logo-opuzen.jpg\",\"width\":400,\"height\":400,\"caption\":\"Grad Opuzen\"},\"image\":{\"@id\":\"https:\/\/www.opuzen.hr\/grad\/#\/schema\/logo\/image\/\"}},{\"@type\":\"Person\",\"@id\":\"https:\/\/www.opuzen.hr\/grad\/#\/schema\/person\/0a17a9796898e9409a1fa4ca7448a481\",\"name\":\"Grad Opuzen\",\"image\":{\"@type\":\"ImageObject\",\"inLanguage\":\"hr\",\"@id\":\"https:\/\/www.opuzen.hr\/grad\/#\/schema\/person\/image\/\",\"url\":\"https:\/\/secure.gravatar.com\/avatar\/0c54089de4fcf14c0fe3355109a3ac05?s=96&d=mm&r=g\",\"contentUrl\":\"https:\/\/secure.gravatar.com\/avatar\/0c54089de4fcf14c0fe3355109a3ac05?s=96&d=mm&r=g\",\"caption\":\"Grad Opuzen\"},\"url\":\"https:\/\/www.opuzen.hr\/grad\/author\/admin\/\"}]}<\/script>\n<!-- \/ Yoast SEO plugin. -->","yoast_head_json":{"title":"Sazvana 18. sjednica Gradskog Vije\u0107a Grada Opuzena - Grad Opuzen","robots":{"index":"index","follow":"follow","max-snippet":"max-snippet:-1","max-image-preview":"max-image-preview:large","max-video-preview":"max-video-preview:-1"},"canonical":"https:\/\/www.opuzen.hr\/grad\/sazvana-18-sjednica-gradskog-vijeca-grada-opuzena\/","og_locale":"hr_HR","og_type":"article","og_title":"Sazvana 18. sjednica Gradskog Vije\u0107a Grada Opuzena - Grad Opuzen","og_description":"XVIII. sjednica Gradskog vije\u0107a Grada Opuzena sazvana je za dan 23. prosinca 2022. godine (petak)...","og_url":"https:\/\/www.opuzen.hr\/grad\/sazvana-18-sjednica-gradskog-vijeca-grada-opuzena\/","og_site_name":"Grad Opuzen","article_published_time":"2022-12-19T12:12:32+00:00","article_modified_time":"2024-08-13T12:42:31+00:00","og_image":[{"width":1920,"height":1080,"url":"https:\/\/www.opuzen.hr\/grad\/wp-content\/uploads\/2022\/12\/sjednice5.png","type":"image\/png"}],"author":"Grad Opuzen","twitter_card":"summary_large_image","twitter_misc":{"Napisao\/la":"Grad Opuzen","Procijenjeno vrijeme \u010ditanja":"3 minute"},"schema":{"@context":"https:\/\/schema.org","@graph":[{"@type":"Article","@id":"https:\/\/www.opuzen.hr\/grad\/sazvana-18-sjednica-gradskog-vijeca-grada-opuzena\/#article","isPartOf":{"@id":"https:\/\/www.opuzen.hr\/grad\/sazvana-18-sjednica-gradskog-vijeca-grada-opuzena\/"},"author":{"name":"Grad Opuzen","@id":"https:\/\/www.opuzen.hr\/grad\/#\/schema\/person\/0a17a9796898e9409a1fa4ca7448a481"},"headline":"Sazvana 18. sjednica Gradskog Vije\u0107a Grada Opuzena","datePublished":"2022-12-19T12:12:32+00:00","dateModified":"2024-08-13T12:42:31+00:00","mainEntityOfPage":{"@id":"https:\/\/www.opuzen.hr\/grad\/sazvana-18-sjednica-gradskog-vijeca-grada-opuzena\/"},"wordCount":408,"publisher":{"@id":"https:\/\/www.opuzen.hr\/grad\/#organization"},"image":{"@id":"https:\/\/www.opuzen.hr\/grad\/sazvana-18-sjednica-gradskog-vijeca-grada-opuzena\/#primaryimage"},"thumbnailUrl":"https:\/\/www.opuzen.hr\/grad\/wp-content\/uploads\/2022\/12\/sjednice5.png","articleSection":["Sjednice gradskog vije\u0107a"],"inLanguage":"hr"},{"@type":"WebPage","@id":"https:\/\/www.opuzen.hr\/grad\/sazvana-18-sjednica-gradskog-vijeca-grada-opuzena\/","url":"https:\/\/www.opuzen.hr\/grad\/sazvana-18-sjednica-gradskog-vijeca-grada-opuzena\/","name":"Sazvana 18. sjednica Gradskog Vije\u0107a Grada Opuzena - Grad Opuzen","isPartOf":{"@id":"https:\/\/www.opuzen.hr\/grad\/#website"},"primaryImageOfPage":{"@id":"https:\/\/www.opuzen.hr\/grad\/sazvana-18-sjednica-gradskog-vijeca-grada-opuzena\/#primaryimage"},"image":{"@id":"https:\/\/www.opuzen.hr\/grad\/sazvana-18-sjednica-gradskog-vijeca-grada-opuzena\/#primaryimage"},"thumbnailUrl":"https:\/\/www.opuzen.hr\/grad\/wp-content\/uploads\/2022\/12\/sjednice5.png","datePublished":"2022-12-19T12:12:32+00:00","dateModified":"2024-08-13T12:42:31+00:00","breadcrumb":{"@id":"https:\/\/www.opuzen.hr\/grad\/sazvana-18-sjednica-gradskog-vijeca-grada-opuzena\/#breadcrumb"},"inLanguage":"hr","potentialAction":[{"@type":"ReadAction","target":["https:\/\/www.opuzen.hr\/grad\/sazvana-18-sjednica-gradskog-vijeca-grada-opuzena\/"]}]},{"@type":"ImageObject","inLanguage":"hr","@id":"https:\/\/www.opuzen.hr\/grad\/sazvana-18-sjednica-gradskog-vijeca-grada-opuzena\/#primaryimage","url":"https:\/\/www.opuzen.hr\/grad\/wp-content\/uploads\/2022\/12\/sjednice5.png","contentUrl":"https:\/\/www.opuzen.hr\/grad\/wp-content\/uploads\/2022\/12\/sjednice5.png","width":1920,"height":1080},{"@type":"BreadcrumbList","@id":"https:\/\/www.opuzen.hr\/grad\/sazvana-18-sjednica-gradskog-vijeca-grada-opuzena\/#breadcrumb","itemListElement":[{"@type":"ListItem","position":1,"name":"Po\u010detna stranica","item":"https:\/\/www.opuzen.hr\/grad\/"},{"@type":"ListItem","position":2,"name":"Sazvana 18. sjednica Gradskog Vije\u0107a Grada Opuzena"}]},{"@type":"WebSite","@id":"https:\/\/www.opuzen.hr\/grad\/#website","url":"https:\/\/www.opuzen.hr\/grad\/","name":"Grad Opuzen","description":"Slu\u017ebene mre\u017ene stranice Grada Opuzena","publisher":{"@id":"https:\/\/www.opuzen.hr\/grad\/#organization"},"potentialAction":[{"@type":"SearchAction","target":{"@type":"EntryPoint","urlTemplate":"https:\/\/www.opuzen.hr\/grad\/?s={search_term_string}"},"query-input":"required name=search_term_string"}],"inLanguage":"hr"},{"@type":"Organization","@id":"https:\/\/www.opuzen.hr\/grad\/#organization","name":"Grad Opuzen","url":"https:\/\/www.opuzen.hr\/grad\/","logo":{"@type":"ImageObject","inLanguage":"hr","@id":"https:\/\/www.opuzen.hr\/grad\/#\/schema\/logo\/image\/","url":"https:\/\/www.opuzen.hr\/grad\/wp-content\/uploads\/2018\/02\/logo-opuzen.jpg","contentUrl":"https:\/\/www.opuzen.hr\/grad\/wp-content\/uploads\/2018\/02\/logo-opuzen.jpg","width":400,"height":400,"caption":"Grad Opuzen"},"image":{"@id":"https:\/\/www.opuzen.hr\/grad\/#\/schema\/logo\/image\/"}},{"@type":"Person","@id":"https:\/\/www.opuzen.hr\/grad\/#\/schema\/person\/0a17a9796898e9409a1fa4ca7448a481","name":"Grad Opuzen","image":{"@type":"ImageObject","inLanguage":"hr","@id":"https:\/\/www.opuzen.hr\/grad\/#\/schema\/person\/image\/","url":"https:\/\/secure.gravatar.com\/avatar\/0c54089de4fcf14c0fe3355109a3ac05?s=96&d=mm&r=g","contentUrl":"https:\/\/secure.gravatar.com\/avatar\/0c54089de4fcf14c0fe3355109a3ac05?s=96&d=mm&r=g","caption":"Grad Opuzen"},"url":"https:\/\/www.opuzen.hr\/grad\/author\/admin\/"}]}},"_links":{"self":[{"href":"https:\/\/www.opuzen.hr\/grad\/wp-json\/wp\/v2\/posts\/43744"}],"collection":[{"href":"https:\/\/www.opuzen.hr\/grad\/wp-json\/wp\/v2\/posts"}],"about":[{"href":"https:\/\/www.opuzen.hr\/grad\/wp-json\/wp\/v2\/types\/post"}],"author":[{"embeddable":true,"href":"https:\/\/www.opuzen.hr\/grad\/wp-json\/wp\/v2\/users\/3"}],"replies":[{"embeddable":true,"href":"https:\/\/www.opuzen.hr\/grad\/wp-json\/wp\/v2\/comments?post=43744"}],"version-history":[{"count":2,"href":"https:\/\/www.opuzen.hr\/grad\/wp-json\/wp\/v2\/posts\/43744\/revisions"}],"predecessor-version":[{"id":48881,"href":"https:\/\/www.opuzen.hr\/grad\/wp-json\/wp\/v2\/posts\/43744\/revisions\/48881"}],"wp:featuredmedia":[{"embeddable":true,"href":"https:\/\/www.opuzen.hr\/grad\/wp-json\/wp\/v2\/media\/48893"}],"wp:attachment":[{"href":"https:\/\/www.opuzen.hr\/grad\/wp-json\/wp\/v2\/media?parent=43744"}],"wp:term":[{"taxonomy":"category","embeddable":true,"href":"https:\/\/www.opuzen.hr\/grad\/wp-json\/wp\/v2\/categories?post=43744"},{"taxonomy":"post_tag","embeddable":true,"href":"https:\/\/www.opuzen.hr\/grad\/wp-json\/wp\/v2\/tags?post=43744"}],"curies":[{"name":"wp","href":"https:\/\/api.w.org\/{rel}","templated":true}]}}