{"id":43929,"date":"2022-12-28T15:57:18","date_gmt":"2022-12-28T14:57:18","guid":{"rendered":"https:\/\/www.opuzen.hr\/grad\/?p=43929"},"modified":"2023-10-12T13:24:21","modified_gmt":"2023-10-12T11:24:21","slug":"oglas-za-prijam-u-radni-odnos-na-odredeno-vrijeme-na-projektu-zajedno-jaci","status":"publish","type":"post","link":"https:\/\/www.opuzen.hr\/grad\/oglas-za-prijam-u-radni-odnos-na-odredeno-vrijeme-na-projektu-zajedno-jaci\/","title":{"rendered":"OGLAS za prijam u radni odnos na odre\u0111eno vrijeme na projektu \u201eZajedno ja\u010di\u201c"},"content":{"rendered":"\n<p>Na temelju Ugovora o dodjeli bespovratnih sredstava za projekt \u201eZajedno ja\u010di\u201c &#8211; UP.02.1.1.16.0443 u  sklopu natje\u010daja \u201eZa\u017eeli &#8211; program zapo\u0161ljavanja \u017eena &#8211; faza III\u201c, koji se financira iz Europskog socijalnog fonda, Operativnog programa U\u010dinkoviti ljudski potencijali 2014.-2020. godine, \u010diji je nositelj Grad Opuzen te partneri na projektu: Hrvatski zavod za zapo\u0161ljavanje &#8211; Podru\u010dni ured Dubrovnik i Centar za socijalnu skrb Metkovi\u0107, te \u010dlanka 45. Statuta Grada Opuzena (&#8220;Slu\u017eben i glasnik Grada Opuzena&#8221; broj 3\/13, 2\/18 (Statutarna odluka o izmjenama i dopunama Statuta Grada  Opuzena), 2\/21 (Statutarna odluka o izmjenama i dopunama Statuta Grada Opuzena), 3\/21 (pro\u010di\u0161\u0107eni tekst), gradona\u010delnik Grada Opuzena objavljuje<br> <\/p>\n\n\n\n<p><strong>OGLAS za prijam u radni odnos na odre\u0111eno vrijeme na projektu \u201eZajedno ja\u010di\u201c<\/strong><\/p>\n\n\n\n<p>Poziv \u201eZa\u017eeli &#8211; program zapo\u0161ljavanja \u017eena &#8211; faza III\u201c u skladu\nje s europskim i nacionalnim preporukama o unaprje\u0111enju polo\u017eaja \u017eena na\ntr\u017ei\u0161tu rada i za\u0161tite prava \u017eena (Unija ravnopravnosti: Strategija za rodnu\nravnopravnost 2020. &#8211; 2025.) te prijedlogom Odluke Vije\u0107a EU o smjernicama\npolitike zapo\u0161ljavanja dr\u017eava \u010dlanica u kojem se naglasak stavlja na promicanje\nsocijalne uklju\u010denosti i suzbijanje siroma\u0161tva,&nbsp;jer \u0107e kao sudionice ovih\naktivnosti uklju\u010divati \u017eene koje su u najnepovoljnijem polo\u017eaju na tr\u017ei\u0161tu rada\nte koje \u0107e ujedno pobolj\u0161ati kvalitetu \u017eivota krajnjih korisnika.<\/p>\n\n\n\n<p>Projekt je u skladu i s Nacionalnim planom za rad, za\u0161titu na\nradu i zapo\u0161ljavanje za razdoblje od 2021. do 2027. godine u kojem su \u017eene\nprepoznate kao jedna od skupina kojima je iz razli\u010ditih razloga ili okolnosti\npristup tr\u017ei\u0161tu rada ote\u017ean.<\/p>\n\n\n\n<p><strong>1. Broj tra\u017eenih osoba:<\/strong>&nbsp;9<\/p>\n\n\n\n<p><strong>2. Vrsta zaposlenja:<\/strong>&nbsp;predvi\u0111eno trajanje radnog\nodnosa na odre\u0111eno vrijeme &#8211; 6 mjeseci, uz probni rad 3 mjeseca<\/p>\n\n\n\n<p><strong>3. Radno vrijeme:<\/strong>&nbsp;puno radno vrijeme<\/p>\n\n\n\n<p><strong>4. Mjesto rada:<\/strong>&nbsp;podru\u010dje grada Opuzena<\/p>\n\n\n\n<p><strong>5. Opis poslova:<\/strong><\/p>\n\n\n\n<p>&#8211; pomo\u0107 u dostavi namirnica, lijekova i drugih potrep\u0161tina<\/p>\n\n\n\n<p>&#8211; briga o osobnoj higijeni korisnika<\/p>\n\n\n\n<p>&#8211; pomo\u0107 u pripremi obroka u ku\u0107anstvima krajnjih korisnika<\/p>\n\n\n\n<p>&#8211; pomo\u0107 u odr\u017eavanju \u010disto\u0107e stambenog prostora\/domova korisnika<\/p>\n\n\n\n<p>&#8211; pru\u017eanje podr\u0161ke korisnicima kroz razgovore i dru\u017eenje te\nuklju\u010divanje u dru\u0161tvo<\/p>\n\n\n\n<p>&#8211; pratnja i pomo\u0107 u raznim dru\u0161tvenim aktivnostima<\/p>\n\n\n\n<p>&#8211; pomo\u0107 u ostvarivanju raznih prava (pla\u0107anje ra\u010duna, dostava\npomagala i sl.)<\/p>\n\n\n\n<p>&#8211; drugi poslovi vezani uz skrb starijih osoba i osoba u nepovoljnom\npolo\u017eaju.<\/p>\n\n\n\n<p>Svaka zaposlena \u017eena pru\u017eat \u0107e usluge potpore i podr\u0161ke za najmanje \u0161est krajnjih &nbsp;korisnika.<\/p>\n\n\n\n<p>Natje\u010daj na HZZ-u : https:\/\/burzarada.hzz.hr\/RadnoMjesto_Ispis.aspx?WebSifra=129022704<\/p>\n\n\n\n<p>Svi uvjeti natje\u0107aja:<\/p>\n\n\n\n<div class=\"wp-block-file\"><a href=\"https:\/\/www.opuzen.hr\/grad\/wp-content\/uploads\/2023\/01\/OGLAS-za-prijam-u-radni-odnos-na-odre\u0111eno-vrijeme-na-projektu-Zajedno-smo-ja\u010di-UP.02.1.1.16.0443.pdf\">OGLAS-za-prijam-u-radni-odnos-na-odre\u0111eno-vrijeme-na-projektu-Zajedno-smo-ja\u010di-UP.02.1.1.16.0443<\/a><a href=\"https:\/\/www.opuzen.hr\/grad\/wp-content\/uploads\/2023\/01\/OGLAS-za-prijam-u-radni-odnos-na-odre\u0111eno-vrijeme-na-projektu-Zajedno-smo-ja\u010di-UP.02.1.1.16.0443.pdf\" class=\"wp-block-file__button\" download>Preuzmi<\/a><\/div>\n<!-- WP Attachments -->\r\n        <div style=\"width:100%;margin:10px 0 10px 0;\">\r\n            <h3>Prilozi sadr\u017eaju:<\/h3>\r\n        <ul class=\"post-attachments\"><li class=\"post-attachment mime-application-pdf\">                                \r\n<a target=\"_blank\" href=\"https:\/\/www.opuzen.hr\/grad\/oglas-za-prijam-u-radni-odnos-na-odredeno-vrijeme-na-projektu-zajedno-jaci\/?download=43972\">OGLAS-za-prijam-u-radni-odnos-na-odre\u0111eno-vrijeme-na-projektu-Zajedno-smo-ja\u010di-UP.02.1.1.16.0443<\/a><div style=\"float:right;\">214 kB \/ Preuzeto: 164<\/div>\r\n<br><small><\/small><\/li><\/ul><\/div>","protected":false},"excerpt":{"rendered":"<p>Na temelju Ugovora o dodjeli bespovratnih sredstava za projekt \u201eZajedno ja\u010di\u201c &#8211; UP.02.1.1.16.0443 u sklopu&#8230;<\/p>\n","protected":false},"author":3,"featured_media":0,"comment_status":"closed","ping_status":"closed","sticky":false,"template":"","format":"standard","meta":{"footnotes":""},"categories":[4],"tags":[],"class_list":["post-43929","post","type-post","status-publish","format-standard","hentry","category-novosti","wpcat-4-id"],"yoast_head":"<!-- This site is optimized with the Yoast SEO plugin v23.1 - https:\/\/yoast.com\/wordpress\/plugins\/seo\/ -->\n<title>OGLAS za prijam u radni odnos na odre\u0111eno vrijeme na projektu \u201eZajedno ja\u010di\u201c - Grad Opuzen<\/title>\n<meta name=\"robots\" content=\"index, follow, max-snippet:-1, max-image-preview:large, max-video-preview:-1\" \/>\n<link rel=\"canonical\" href=\"https:\/\/www.opuzen.hr\/grad\/oglas-za-prijam-u-radni-odnos-na-odredeno-vrijeme-na-projektu-zajedno-jaci\/\" \/>\n<meta property=\"og:locale\" content=\"hr_HR\" \/>\n<meta property=\"og:type\" content=\"article\" \/>\n<meta property=\"og:title\" content=\"OGLAS za prijam u radni odnos na odre\u0111eno vrijeme na projektu \u201eZajedno ja\u010di\u201c - Grad Opuzen\" \/>\n<meta property=\"og:description\" content=\"Na temelju Ugovora o dodjeli bespovratnih sredstava za projekt \u201eZajedno ja\u010di\u201c &#8211; UP.02.1.1.16.0443 u sklopu...\" \/>\n<meta property=\"og:url\" content=\"https:\/\/www.opuzen.hr\/grad\/oglas-za-prijam-u-radni-odnos-na-odredeno-vrijeme-na-projektu-zajedno-jaci\/\" \/>\n<meta property=\"og:site_name\" content=\"Grad Opuzen\" \/>\n<meta property=\"article:published_time\" content=\"2022-12-28T14:57:18+00:00\" \/>\n<meta property=\"article:modified_time\" content=\"2023-10-12T11:24:21+00:00\" \/>\n<meta name=\"author\" content=\"Grad Opuzen\" \/>\n<meta name=\"twitter:card\" content=\"summary_large_image\" \/>\n<meta name=\"twitter:label1\" content=\"Napisao\/la\" \/>\n\t<meta name=\"twitter:data1\" content=\"Grad Opuzen\" \/>\n\t<meta name=\"twitter:label2\" content=\"Procijenjeno vrijeme \u010ditanja\" \/>\n\t<meta name=\"twitter:data2\" content=\"2 minute\" \/>\n<script type=\"application\/ld+json\" class=\"yoast-schema-graph\">{\"@context\":\"https:\/\/schema.org\",\"@graph\":[{\"@type\":\"Article\",\"@id\":\"https:\/\/www.opuzen.hr\/grad\/oglas-za-prijam-u-radni-odnos-na-odredeno-vrijeme-na-projektu-zajedno-jaci\/#article\",\"isPartOf\":{\"@id\":\"https:\/\/www.opuzen.hr\/grad\/oglas-za-prijam-u-radni-odnos-na-odredeno-vrijeme-na-projektu-zajedno-jaci\/\"},\"author\":{\"name\":\"Grad Opuzen\",\"@id\":\"https:\/\/www.opuzen.hr\/grad\/#\/schema\/person\/0a17a9796898e9409a1fa4ca7448a481\"},\"headline\":\"OGLAS za prijam u radni odnos na odre\u0111eno vrijeme na projektu \u201eZajedno ja\u010di\u201c\",\"datePublished\":\"2022-12-28T14:57:18+00:00\",\"dateModified\":\"2023-10-12T11:24:21+00:00\",\"mainEntityOfPage\":{\"@id\":\"https:\/\/www.opuzen.hr\/grad\/oglas-za-prijam-u-radni-odnos-na-odredeno-vrijeme-na-projektu-zajedno-jaci\/\"},\"wordCount\":450,\"publisher\":{\"@id\":\"https:\/\/www.opuzen.hr\/grad\/#organization\"},\"articleSection\":[\"Novosti\"],\"inLanguage\":\"hr\"},{\"@type\":\"WebPage\",\"@id\":\"https:\/\/www.opuzen.hr\/grad\/oglas-za-prijam-u-radni-odnos-na-odredeno-vrijeme-na-projektu-zajedno-jaci\/\",\"url\":\"https:\/\/www.opuzen.hr\/grad\/oglas-za-prijam-u-radni-odnos-na-odredeno-vrijeme-na-projektu-zajedno-jaci\/\",\"name\":\"OGLAS za prijam u radni odnos na odre\u0111eno vrijeme na projektu \u201eZajedno ja\u010di\u201c - Grad Opuzen\",\"isPartOf\":{\"@id\":\"https:\/\/www.opuzen.hr\/grad\/#website\"},\"datePublished\":\"2022-12-28T14:57:18+00:00\",\"dateModified\":\"2023-10-12T11:24:21+00:00\",\"breadcrumb\":{\"@id\":\"https:\/\/www.opuzen.hr\/grad\/oglas-za-prijam-u-radni-odnos-na-odredeno-vrijeme-na-projektu-zajedno-jaci\/#breadcrumb\"},\"inLanguage\":\"hr\",\"potentialAction\":[{\"@type\":\"ReadAction\",\"target\":[\"https:\/\/www.opuzen.hr\/grad\/oglas-za-prijam-u-radni-odnos-na-odredeno-vrijeme-na-projektu-zajedno-jaci\/\"]}]},{\"@type\":\"BreadcrumbList\",\"@id\":\"https:\/\/www.opuzen.hr\/grad\/oglas-za-prijam-u-radni-odnos-na-odredeno-vrijeme-na-projektu-zajedno-jaci\/#breadcrumb\",\"itemListElement\":[{\"@type\":\"ListItem\",\"position\":1,\"name\":\"Po\u010detna stranica\",\"item\":\"https:\/\/www.opuzen.hr\/grad\/\"},{\"@type\":\"ListItem\",\"position\":2,\"name\":\"OGLAS za prijam u radni odnos na odre\u0111eno vrijeme na projektu \u201eZajedno ja\u010di\u201c\"}]},{\"@type\":\"WebSite\",\"@id\":\"https:\/\/www.opuzen.hr\/grad\/#website\",\"url\":\"https:\/\/www.opuzen.hr\/grad\/\",\"name\":\"Grad Opuzen\",\"description\":\"Slu\u017ebene mre\u017ene stranice Grada Opuzena\",\"publisher\":{\"@id\":\"https:\/\/www.opuzen.hr\/grad\/#organization\"},\"potentialAction\":[{\"@type\":\"SearchAction\",\"target\":{\"@type\":\"EntryPoint\",\"urlTemplate\":\"https:\/\/www.opuzen.hr\/grad\/?s={search_term_string}\"},\"query-input\":\"required name=search_term_string\"}],\"inLanguage\":\"hr\"},{\"@type\":\"Organization\",\"@id\":\"https:\/\/www.opuzen.hr\/grad\/#organization\",\"name\":\"Grad Opuzen\",\"url\":\"https:\/\/www.opuzen.hr\/grad\/\",\"logo\":{\"@type\":\"ImageObject\",\"inLanguage\":\"hr\",\"@id\":\"https:\/\/www.opuzen.hr\/grad\/#\/schema\/logo\/image\/\",\"url\":\"https:\/\/www.opuzen.hr\/grad\/wp-content\/uploads\/2018\/02\/logo-opuzen.jpg\",\"contentUrl\":\"https:\/\/www.opuzen.hr\/grad\/wp-content\/uploads\/2018\/02\/logo-opuzen.jpg\",\"width\":400,\"height\":400,\"caption\":\"Grad Opuzen\"},\"image\":{\"@id\":\"https:\/\/www.opuzen.hr\/grad\/#\/schema\/logo\/image\/\"}},{\"@type\":\"Person\",\"@id\":\"https:\/\/www.opuzen.hr\/grad\/#\/schema\/person\/0a17a9796898e9409a1fa4ca7448a481\",\"name\":\"Grad Opuzen\",\"image\":{\"@type\":\"ImageObject\",\"inLanguage\":\"hr\",\"@id\":\"https:\/\/www.opuzen.hr\/grad\/#\/schema\/person\/image\/\",\"url\":\"https:\/\/secure.gravatar.com\/avatar\/0c54089de4fcf14c0fe3355109a3ac05?s=96&d=mm&r=g\",\"contentUrl\":\"https:\/\/secure.gravatar.com\/avatar\/0c54089de4fcf14c0fe3355109a3ac05?s=96&d=mm&r=g\",\"caption\":\"Grad Opuzen\"},\"url\":\"https:\/\/www.opuzen.hr\/grad\/author\/admin\/\"}]}<\/script>\n<!-- \/ Yoast SEO plugin. -->","yoast_head_json":{"title":"OGLAS za prijam u radni odnos na odre\u0111eno vrijeme na projektu \u201eZajedno ja\u010di\u201c - Grad Opuzen","robots":{"index":"index","follow":"follow","max-snippet":"max-snippet:-1","max-image-preview":"max-image-preview:large","max-video-preview":"max-video-preview:-1"},"canonical":"https:\/\/www.opuzen.hr\/grad\/oglas-za-prijam-u-radni-odnos-na-odredeno-vrijeme-na-projektu-zajedno-jaci\/","og_locale":"hr_HR","og_type":"article","og_title":"OGLAS za prijam u radni odnos na odre\u0111eno vrijeme na projektu \u201eZajedno ja\u010di\u201c - Grad Opuzen","og_description":"Na temelju Ugovora o dodjeli bespovratnih sredstava za projekt \u201eZajedno ja\u010di\u201c &#8211; UP.02.1.1.16.0443 u sklopu...","og_url":"https:\/\/www.opuzen.hr\/grad\/oglas-za-prijam-u-radni-odnos-na-odredeno-vrijeme-na-projektu-zajedno-jaci\/","og_site_name":"Grad Opuzen","article_published_time":"2022-12-28T14:57:18+00:00","article_modified_time":"2023-10-12T11:24:21+00:00","author":"Grad Opuzen","twitter_card":"summary_large_image","twitter_misc":{"Napisao\/la":"Grad Opuzen","Procijenjeno vrijeme \u010ditanja":"2 minute"},"schema":{"@context":"https:\/\/schema.org","@graph":[{"@type":"Article","@id":"https:\/\/www.opuzen.hr\/grad\/oglas-za-prijam-u-radni-odnos-na-odredeno-vrijeme-na-projektu-zajedno-jaci\/#article","isPartOf":{"@id":"https:\/\/www.opuzen.hr\/grad\/oglas-za-prijam-u-radni-odnos-na-odredeno-vrijeme-na-projektu-zajedno-jaci\/"},"author":{"name":"Grad Opuzen","@id":"https:\/\/www.opuzen.hr\/grad\/#\/schema\/person\/0a17a9796898e9409a1fa4ca7448a481"},"headline":"OGLAS za prijam u radni odnos na odre\u0111eno vrijeme na projektu \u201eZajedno ja\u010di\u201c","datePublished":"2022-12-28T14:57:18+00:00","dateModified":"2023-10-12T11:24:21+00:00","mainEntityOfPage":{"@id":"https:\/\/www.opuzen.hr\/grad\/oglas-za-prijam-u-radni-odnos-na-odredeno-vrijeme-na-projektu-zajedno-jaci\/"},"wordCount":450,"publisher":{"@id":"https:\/\/www.opuzen.hr\/grad\/#organization"},"articleSection":["Novosti"],"inLanguage":"hr"},{"@type":"WebPage","@id":"https:\/\/www.opuzen.hr\/grad\/oglas-za-prijam-u-radni-odnos-na-odredeno-vrijeme-na-projektu-zajedno-jaci\/","url":"https:\/\/www.opuzen.hr\/grad\/oglas-za-prijam-u-radni-odnos-na-odredeno-vrijeme-na-projektu-zajedno-jaci\/","name":"OGLAS za prijam u radni odnos na odre\u0111eno vrijeme na projektu \u201eZajedno ja\u010di\u201c - Grad Opuzen","isPartOf":{"@id":"https:\/\/www.opuzen.hr\/grad\/#website"},"datePublished":"2022-12-28T14:57:18+00:00","dateModified":"2023-10-12T11:24:21+00:00","breadcrumb":{"@id":"https:\/\/www.opuzen.hr\/grad\/oglas-za-prijam-u-radni-odnos-na-odredeno-vrijeme-na-projektu-zajedno-jaci\/#breadcrumb"},"inLanguage":"hr","potentialAction":[{"@type":"ReadAction","target":["https:\/\/www.opuzen.hr\/grad\/oglas-za-prijam-u-radni-odnos-na-odredeno-vrijeme-na-projektu-zajedno-jaci\/"]}]},{"@type":"BreadcrumbList","@id":"https:\/\/www.opuzen.hr\/grad\/oglas-za-prijam-u-radni-odnos-na-odredeno-vrijeme-na-projektu-zajedno-jaci\/#breadcrumb","itemListElement":[{"@type":"ListItem","position":1,"name":"Po\u010detna stranica","item":"https:\/\/www.opuzen.hr\/grad\/"},{"@type":"ListItem","position":2,"name":"OGLAS za prijam u radni odnos na odre\u0111eno vrijeme na projektu \u201eZajedno ja\u010di\u201c"}]},{"@type":"WebSite","@id":"https:\/\/www.opuzen.hr\/grad\/#website","url":"https:\/\/www.opuzen.hr\/grad\/","name":"Grad Opuzen","description":"Slu\u017ebene mre\u017ene stranice Grada Opuzena","publisher":{"@id":"https:\/\/www.opuzen.hr\/grad\/#organization"},"potentialAction":[{"@type":"SearchAction","target":{"@type":"EntryPoint","urlTemplate":"https:\/\/www.opuzen.hr\/grad\/?s={search_term_string}"},"query-input":"required name=search_term_string"}],"inLanguage":"hr"},{"@type":"Organization","@id":"https:\/\/www.opuzen.hr\/grad\/#organization","name":"Grad Opuzen","url":"https:\/\/www.opuzen.hr\/grad\/","logo":{"@type":"ImageObject","inLanguage":"hr","@id":"https:\/\/www.opuzen.hr\/grad\/#\/schema\/logo\/image\/","url":"https:\/\/www.opuzen.hr\/grad\/wp-content\/uploads\/2018\/02\/logo-opuzen.jpg","contentUrl":"https:\/\/www.opuzen.hr\/grad\/wp-content\/uploads\/2018\/02\/logo-opuzen.jpg","width":400,"height":400,"caption":"Grad Opuzen"},"image":{"@id":"https:\/\/www.opuzen.hr\/grad\/#\/schema\/logo\/image\/"}},{"@type":"Person","@id":"https:\/\/www.opuzen.hr\/grad\/#\/schema\/person\/0a17a9796898e9409a1fa4ca7448a481","name":"Grad Opuzen","image":{"@type":"ImageObject","inLanguage":"hr","@id":"https:\/\/www.opuzen.hr\/grad\/#\/schema\/person\/image\/","url":"https:\/\/secure.gravatar.com\/avatar\/0c54089de4fcf14c0fe3355109a3ac05?s=96&d=mm&r=g","contentUrl":"https:\/\/secure.gravatar.com\/avatar\/0c54089de4fcf14c0fe3355109a3ac05?s=96&d=mm&r=g","caption":"Grad Opuzen"},"url":"https:\/\/www.opuzen.hr\/grad\/author\/admin\/"}]}},"_links":{"self":[{"href":"https:\/\/www.opuzen.hr\/grad\/wp-json\/wp\/v2\/posts\/43929"}],"collection":[{"href":"https:\/\/www.opuzen.hr\/grad\/wp-json\/wp\/v2\/posts"}],"about":[{"href":"https:\/\/www.opuzen.hr\/grad\/wp-json\/wp\/v2\/types\/post"}],"author":[{"embeddable":true,"href":"https:\/\/www.opuzen.hr\/grad\/wp-json\/wp\/v2\/users\/3"}],"replies":[{"embeddable":true,"href":"https:\/\/www.opuzen.hr\/grad\/wp-json\/wp\/v2\/comments?post=43929"}],"version-history":[{"count":4,"href":"https:\/\/www.opuzen.hr\/grad\/wp-json\/wp\/v2\/posts\/43929\/revisions"}],"predecessor-version":[{"id":43973,"href":"https:\/\/www.opuzen.hr\/grad\/wp-json\/wp\/v2\/posts\/43929\/revisions\/43973"}],"wp:attachment":[{"href":"https:\/\/www.opuzen.hr\/grad\/wp-json\/wp\/v2\/media?parent=43929"}],"wp:term":[{"taxonomy":"category","embeddable":true,"href":"https:\/\/www.opuzen.hr\/grad\/wp-json\/wp\/v2\/categories?post=43929"},{"taxonomy":"post_tag","embeddable":true,"href":"https:\/\/www.opuzen.hr\/grad\/wp-json\/wp\/v2\/tags?post=43929"}],"curies":[{"name":"wp","href":"https:\/\/api.w.org\/{rel}","templated":true}]}}