{"id":44729,"date":"2023-05-16T18:07:36","date_gmt":"2023-05-16T16:07:36","guid":{"rendered":"https:\/\/www.opuzen.hr\/grad\/?p=44729"},"modified":"2023-10-12T13:23:50","modified_gmt":"2023-10-12T11:23:50","slug":"donesen-akcijski-plan-o-poduzimanju-mjera-za-sprjecavanje-sirenja-i-suzbijanje-sredozemne-vocne-muhe","status":"publish","type":"post","link":"https:\/\/www.opuzen.hr\/grad\/donesen-akcijski-plan-o-poduzimanju-mjera-za-sprjecavanje-sirenja-i-suzbijanje-sredozemne-vocne-muhe\/","title":{"rendered":"Donesen Akcijski plan o poduzimanju mjera za sprje\u010davanje \u0161irenja i suzbijanje sredozemne vo\u0107ne muhe"},"content":{"rendered":"\n<p>\nSredozemna vo\u0107na muha muha &#8211; <em>Ceratitis capitata<\/em> (Wiedemann) \ngospodarski je najva\u017eniji \u0161tetni organizam agruma i drugih vo\u0107nih vrsta u\n dolini rijeke Neretve. Zbog velikih gospodarskih \u0161teta koje prouzro\u010di \nna plodovima agruma i drugim biljkama doma\u0107inima na tom podru\u010dju, \ndonesen je <a href=\"https:\/\/poljoprivreda.gov.hr\/UserDocsImages\/dokumenti\/Priopcenja\/AP%20Ceratitis%202023.-2025..pdf\">Akcijski plan o poduzimanju mjera za sprje\u010davanje \u0161irenja i suzbijanje sredozemne vo\u0107ne muhe \u2013 <em>Ceratitis capitata<\/em> (Wiedemann) u dolini rijeke Neretve za razdoblje od 2023. do 2025. godine.<\/a><br><br>\nOvim Akcijskim planom odre\u0111uje se na\u010din sustavne provedbe fitosanitarnih\n mjera za suzbijanje sredozemne vo\u0107ne muhe, imaju\u0107i u vidu njezino \niskorjenjivanje, kao krajnji dugoro\u010dni cilj.<br><br>\nProvoditelji aktivnosti Akcijskog plana su:\n<\/p>\n\n\n\n<ul class=\"wp-block-list\"><li>Uprava za poljoprivredno zemlji\u0161te, biljnu proizvodnju i tr\u017ei\u0161te, Sektor fitosanitarne politike<\/li><li>Uprava za stru\u010dnu podr\u0161ku razvoju poljoprivrede<\/li><li>Dr\u017eavni inspektorat RH, Sektor za nadzor poljoprivrede i fitosanitarni nadzor<\/li><li>Hrvatska agencija za poljoprivredu, hranu i selo, Centar za za\u0161titu bilja<\/li><li>Specijalizirani subjekti i<\/li><li>Jedinice lokalne i podru\u010dne samouprave.<\/li><\/ul>\n\n\n\n<p>Izvor: https:\/\/poljoprivreda.gov.hr\/vijesti\/donesen-akcijski-plan-o-poduzimanju-mjera-za-sprjecavanje-sirenja-i-suzbijanje-sredozemne-vocne-muhe\/6168<\/p>\n","protected":false},"excerpt":{"rendered":"<p>Sredozemna vo\u0107na muha muha &#8211; Ceratitis capitata (Wiedemann) gospodarski je najva\u017eniji \u0161tetni organizam agruma i&#8230;<\/p>\n","protected":false},"author":3,"featured_media":44730,"comment_status":"closed","ping_status":"closed","sticky":false,"template":"","format":"standard","meta":{"footnotes":""},"categories":[298,4],"tags":[],"class_list":["post-44729","post","type-post","status-publish","format-standard","has-post-thumbnail","hentry","category-izdvojeno","category-novosti","wpcat-298-id","wpcat-4-id"],"yoast_head":"<!-- This site is optimized with the Yoast SEO plugin v23.1 - https:\/\/yoast.com\/wordpress\/plugins\/seo\/ -->\n<title>Donesen Akcijski plan o poduzimanju mjera za sprje\u010davanje \u0161irenja i suzbijanje sredozemne vo\u0107ne muhe - Grad Opuzen<\/title>\n<meta name=\"robots\" content=\"index, follow, max-snippet:-1, max-image-preview:large, max-video-preview:-1\" \/>\n<link rel=\"canonical\" href=\"https:\/\/www.opuzen.hr\/grad\/donesen-akcijski-plan-o-poduzimanju-mjera-za-sprjecavanje-sirenja-i-suzbijanje-sredozemne-vocne-muhe\/\" \/>\n<meta property=\"og:locale\" content=\"hr_HR\" \/>\n<meta property=\"og:type\" content=\"article\" \/>\n<meta property=\"og:title\" content=\"Donesen Akcijski plan o poduzimanju mjera za sprje\u010davanje \u0161irenja i suzbijanje sredozemne vo\u0107ne muhe - Grad Opuzen\" \/>\n<meta property=\"og:description\" content=\"Sredozemna vo\u0107na muha muha &#8211; Ceratitis capitata (Wiedemann) gospodarski je najva\u017eniji \u0161tetni organizam agruma i...\" \/>\n<meta property=\"og:url\" content=\"https:\/\/www.opuzen.hr\/grad\/donesen-akcijski-plan-o-poduzimanju-mjera-za-sprjecavanje-sirenja-i-suzbijanje-sredozemne-vocne-muhe\/\" \/>\n<meta property=\"og:site_name\" content=\"Grad Opuzen\" \/>\n<meta property=\"article:published_time\" content=\"2023-05-16T16:07:36+00:00\" \/>\n<meta property=\"article:modified_time\" content=\"2023-10-12T11:23:50+00:00\" \/>\n<meta property=\"og:image\" content=\"https:\/\/www.opuzen.hr\/grad\/wp-content\/uploads\/2023\/05\/VocnaMuha1552023_.jpg\" \/>\n\t<meta property=\"og:image:width\" content=\"750\" \/>\n\t<meta property=\"og:image:height\" content=\"500\" \/>\n\t<meta property=\"og:image:type\" content=\"image\/jpeg\" \/>\n<meta name=\"author\" content=\"Grad Opuzen\" \/>\n<meta name=\"twitter:card\" content=\"summary_large_image\" \/>\n<meta name=\"twitter:label1\" content=\"Napisao\/la\" \/>\n\t<meta name=\"twitter:data1\" content=\"Grad Opuzen\" \/>\n\t<meta name=\"twitter:label2\" content=\"Procijenjeno vrijeme \u010ditanja\" \/>\n\t<meta name=\"twitter:data2\" content=\"1 minuta\" \/>\n<script type=\"application\/ld+json\" class=\"yoast-schema-graph\">{\"@context\":\"https:\/\/schema.org\",\"@graph\":[{\"@type\":\"Article\",\"@id\":\"https:\/\/www.opuzen.hr\/grad\/donesen-akcijski-plan-o-poduzimanju-mjera-za-sprjecavanje-sirenja-i-suzbijanje-sredozemne-vocne-muhe\/#article\",\"isPartOf\":{\"@id\":\"https:\/\/www.opuzen.hr\/grad\/donesen-akcijski-plan-o-poduzimanju-mjera-za-sprjecavanje-sirenja-i-suzbijanje-sredozemne-vocne-muhe\/\"},\"author\":{\"name\":\"Grad Opuzen\",\"@id\":\"https:\/\/www.opuzen.hr\/grad\/#\/schema\/person\/0a17a9796898e9409a1fa4ca7448a481\"},\"headline\":\"Donesen Akcijski plan o poduzimanju mjera za sprje\u010davanje \u0161irenja i suzbijanje sredozemne vo\u0107ne muhe\",\"datePublished\":\"2023-05-16T16:07:36+00:00\",\"dateModified\":\"2023-10-12T11:23:50+00:00\",\"mainEntityOfPage\":{\"@id\":\"https:\/\/www.opuzen.hr\/grad\/donesen-akcijski-plan-o-poduzimanju-mjera-za-sprjecavanje-sirenja-i-suzbijanje-sredozemne-vocne-muhe\/\"},\"wordCount\":184,\"publisher\":{\"@id\":\"https:\/\/www.opuzen.hr\/grad\/#organization\"},\"image\":{\"@id\":\"https:\/\/www.opuzen.hr\/grad\/donesen-akcijski-plan-o-poduzimanju-mjera-za-sprjecavanje-sirenja-i-suzbijanje-sredozemne-vocne-muhe\/#primaryimage\"},\"thumbnailUrl\":\"https:\/\/www.opuzen.hr\/grad\/wp-content\/uploads\/2023\/05\/VocnaMuha1552023_.jpg\",\"articleSection\":[\"Izdvojeno\",\"Novosti\"],\"inLanguage\":\"hr\"},{\"@type\":\"WebPage\",\"@id\":\"https:\/\/www.opuzen.hr\/grad\/donesen-akcijski-plan-o-poduzimanju-mjera-za-sprjecavanje-sirenja-i-suzbijanje-sredozemne-vocne-muhe\/\",\"url\":\"https:\/\/www.opuzen.hr\/grad\/donesen-akcijski-plan-o-poduzimanju-mjera-za-sprjecavanje-sirenja-i-suzbijanje-sredozemne-vocne-muhe\/\",\"name\":\"Donesen Akcijski plan o poduzimanju mjera za sprje\u010davanje \u0161irenja i suzbijanje sredozemne vo\u0107ne muhe - Grad Opuzen\",\"isPartOf\":{\"@id\":\"https:\/\/www.opuzen.hr\/grad\/#website\"},\"primaryImageOfPage\":{\"@id\":\"https:\/\/www.opuzen.hr\/grad\/donesen-akcijski-plan-o-poduzimanju-mjera-za-sprjecavanje-sirenja-i-suzbijanje-sredozemne-vocne-muhe\/#primaryimage\"},\"image\":{\"@id\":\"https:\/\/www.opuzen.hr\/grad\/donesen-akcijski-plan-o-poduzimanju-mjera-za-sprjecavanje-sirenja-i-suzbijanje-sredozemne-vocne-muhe\/#primaryimage\"},\"thumbnailUrl\":\"https:\/\/www.opuzen.hr\/grad\/wp-content\/uploads\/2023\/05\/VocnaMuha1552023_.jpg\",\"datePublished\":\"2023-05-16T16:07:36+00:00\",\"dateModified\":\"2023-10-12T11:23:50+00:00\",\"breadcrumb\":{\"@id\":\"https:\/\/www.opuzen.hr\/grad\/donesen-akcijski-plan-o-poduzimanju-mjera-za-sprjecavanje-sirenja-i-suzbijanje-sredozemne-vocne-muhe\/#breadcrumb\"},\"inLanguage\":\"hr\",\"potentialAction\":[{\"@type\":\"ReadAction\",\"target\":[\"https:\/\/www.opuzen.hr\/grad\/donesen-akcijski-plan-o-poduzimanju-mjera-za-sprjecavanje-sirenja-i-suzbijanje-sredozemne-vocne-muhe\/\"]}]},{\"@type\":\"ImageObject\",\"inLanguage\":\"hr\",\"@id\":\"https:\/\/www.opuzen.hr\/grad\/donesen-akcijski-plan-o-poduzimanju-mjera-za-sprjecavanje-sirenja-i-suzbijanje-sredozemne-vocne-muhe\/#primaryimage\",\"url\":\"https:\/\/www.opuzen.hr\/grad\/wp-content\/uploads\/2023\/05\/VocnaMuha1552023_.jpg\",\"contentUrl\":\"https:\/\/www.opuzen.hr\/grad\/wp-content\/uploads\/2023\/05\/VocnaMuha1552023_.jpg\",\"width\":\"750\",\"height\":\"500\"},{\"@type\":\"BreadcrumbList\",\"@id\":\"https:\/\/www.opuzen.hr\/grad\/donesen-akcijski-plan-o-poduzimanju-mjera-za-sprjecavanje-sirenja-i-suzbijanje-sredozemne-vocne-muhe\/#breadcrumb\",\"itemListElement\":[{\"@type\":\"ListItem\",\"position\":1,\"name\":\"Po\u010detna stranica\",\"item\":\"https:\/\/www.opuzen.hr\/grad\/\"},{\"@type\":\"ListItem\",\"position\":2,\"name\":\"Donesen Akcijski plan o poduzimanju mjera za sprje\u010davanje \u0161irenja i suzbijanje sredozemne vo\u0107ne muhe\"}]},{\"@type\":\"WebSite\",\"@id\":\"https:\/\/www.opuzen.hr\/grad\/#website\",\"url\":\"https:\/\/www.opuzen.hr\/grad\/\",\"name\":\"Grad Opuzen\",\"description\":\"Slu\u017ebene mre\u017ene stranice Grada Opuzena\",\"publisher\":{\"@id\":\"https:\/\/www.opuzen.hr\/grad\/#organization\"},\"potentialAction\":[{\"@type\":\"SearchAction\",\"target\":{\"@type\":\"EntryPoint\",\"urlTemplate\":\"https:\/\/www.opuzen.hr\/grad\/?s={search_term_string}\"},\"query-input\":\"required name=search_term_string\"}],\"inLanguage\":\"hr\"},{\"@type\":\"Organization\",\"@id\":\"https:\/\/www.opuzen.hr\/grad\/#organization\",\"name\":\"Grad Opuzen\",\"url\":\"https:\/\/www.opuzen.hr\/grad\/\",\"logo\":{\"@type\":\"ImageObject\",\"inLanguage\":\"hr\",\"@id\":\"https:\/\/www.opuzen.hr\/grad\/#\/schema\/logo\/image\/\",\"url\":\"https:\/\/www.opuzen.hr\/grad\/wp-content\/uploads\/2018\/02\/logo-opuzen.jpg\",\"contentUrl\":\"https:\/\/www.opuzen.hr\/grad\/wp-content\/uploads\/2018\/02\/logo-opuzen.jpg\",\"width\":400,\"height\":400,\"caption\":\"Grad Opuzen\"},\"image\":{\"@id\":\"https:\/\/www.opuzen.hr\/grad\/#\/schema\/logo\/image\/\"}},{\"@type\":\"Person\",\"@id\":\"https:\/\/www.opuzen.hr\/grad\/#\/schema\/person\/0a17a9796898e9409a1fa4ca7448a481\",\"name\":\"Grad Opuzen\",\"image\":{\"@type\":\"ImageObject\",\"inLanguage\":\"hr\",\"@id\":\"https:\/\/www.opuzen.hr\/grad\/#\/schema\/person\/image\/\",\"url\":\"https:\/\/secure.gravatar.com\/avatar\/0c54089de4fcf14c0fe3355109a3ac05?s=96&d=mm&r=g\",\"contentUrl\":\"https:\/\/secure.gravatar.com\/avatar\/0c54089de4fcf14c0fe3355109a3ac05?s=96&d=mm&r=g\",\"caption\":\"Grad Opuzen\"},\"url\":\"https:\/\/www.opuzen.hr\/grad\/author\/admin\/\"}]}<\/script>\n<!-- \/ Yoast SEO plugin. -->","yoast_head_json":{"title":"Donesen Akcijski plan o poduzimanju mjera za sprje\u010davanje \u0161irenja i suzbijanje sredozemne vo\u0107ne muhe - Grad Opuzen","robots":{"index":"index","follow":"follow","max-snippet":"max-snippet:-1","max-image-preview":"max-image-preview:large","max-video-preview":"max-video-preview:-1"},"canonical":"https:\/\/www.opuzen.hr\/grad\/donesen-akcijski-plan-o-poduzimanju-mjera-za-sprjecavanje-sirenja-i-suzbijanje-sredozemne-vocne-muhe\/","og_locale":"hr_HR","og_type":"article","og_title":"Donesen Akcijski plan o poduzimanju mjera za sprje\u010davanje \u0161irenja i suzbijanje sredozemne vo\u0107ne muhe - Grad Opuzen","og_description":"Sredozemna vo\u0107na muha muha &#8211; Ceratitis capitata (Wiedemann) gospodarski je najva\u017eniji \u0161tetni organizam agruma i...","og_url":"https:\/\/www.opuzen.hr\/grad\/donesen-akcijski-plan-o-poduzimanju-mjera-za-sprjecavanje-sirenja-i-suzbijanje-sredozemne-vocne-muhe\/","og_site_name":"Grad Opuzen","article_published_time":"2023-05-16T16:07:36+00:00","article_modified_time":"2023-10-12T11:23:50+00:00","og_image":[{"width":750,"height":500,"url":"https:\/\/www.opuzen.hr\/grad\/wp-content\/uploads\/2023\/05\/VocnaMuha1552023_.jpg","type":"image\/jpeg"}],"author":"Grad Opuzen","twitter_card":"summary_large_image","twitter_misc":{"Napisao\/la":"Grad Opuzen","Procijenjeno vrijeme \u010ditanja":"1 minuta"},"schema":{"@context":"https:\/\/schema.org","@graph":[{"@type":"Article","@id":"https:\/\/www.opuzen.hr\/grad\/donesen-akcijski-plan-o-poduzimanju-mjera-za-sprjecavanje-sirenja-i-suzbijanje-sredozemne-vocne-muhe\/#article","isPartOf":{"@id":"https:\/\/www.opuzen.hr\/grad\/donesen-akcijski-plan-o-poduzimanju-mjera-za-sprjecavanje-sirenja-i-suzbijanje-sredozemne-vocne-muhe\/"},"author":{"name":"Grad Opuzen","@id":"https:\/\/www.opuzen.hr\/grad\/#\/schema\/person\/0a17a9796898e9409a1fa4ca7448a481"},"headline":"Donesen Akcijski plan o poduzimanju mjera za sprje\u010davanje \u0161irenja i suzbijanje sredozemne vo\u0107ne muhe","datePublished":"2023-05-16T16:07:36+00:00","dateModified":"2023-10-12T11:23:50+00:00","mainEntityOfPage":{"@id":"https:\/\/www.opuzen.hr\/grad\/donesen-akcijski-plan-o-poduzimanju-mjera-za-sprjecavanje-sirenja-i-suzbijanje-sredozemne-vocne-muhe\/"},"wordCount":184,"publisher":{"@id":"https:\/\/www.opuzen.hr\/grad\/#organization"},"image":{"@id":"https:\/\/www.opuzen.hr\/grad\/donesen-akcijski-plan-o-poduzimanju-mjera-za-sprjecavanje-sirenja-i-suzbijanje-sredozemne-vocne-muhe\/#primaryimage"},"thumbnailUrl":"https:\/\/www.opuzen.hr\/grad\/wp-content\/uploads\/2023\/05\/VocnaMuha1552023_.jpg","articleSection":["Izdvojeno","Novosti"],"inLanguage":"hr"},{"@type":"WebPage","@id":"https:\/\/www.opuzen.hr\/grad\/donesen-akcijski-plan-o-poduzimanju-mjera-za-sprjecavanje-sirenja-i-suzbijanje-sredozemne-vocne-muhe\/","url":"https:\/\/www.opuzen.hr\/grad\/donesen-akcijski-plan-o-poduzimanju-mjera-za-sprjecavanje-sirenja-i-suzbijanje-sredozemne-vocne-muhe\/","name":"Donesen Akcijski plan o poduzimanju mjera za sprje\u010davanje \u0161irenja i suzbijanje sredozemne vo\u0107ne muhe - Grad Opuzen","isPartOf":{"@id":"https:\/\/www.opuzen.hr\/grad\/#website"},"primaryImageOfPage":{"@id":"https:\/\/www.opuzen.hr\/grad\/donesen-akcijski-plan-o-poduzimanju-mjera-za-sprjecavanje-sirenja-i-suzbijanje-sredozemne-vocne-muhe\/#primaryimage"},"image":{"@id":"https:\/\/www.opuzen.hr\/grad\/donesen-akcijski-plan-o-poduzimanju-mjera-za-sprjecavanje-sirenja-i-suzbijanje-sredozemne-vocne-muhe\/#primaryimage"},"thumbnailUrl":"https:\/\/www.opuzen.hr\/grad\/wp-content\/uploads\/2023\/05\/VocnaMuha1552023_.jpg","datePublished":"2023-05-16T16:07:36+00:00","dateModified":"2023-10-12T11:23:50+00:00","breadcrumb":{"@id":"https:\/\/www.opuzen.hr\/grad\/donesen-akcijski-plan-o-poduzimanju-mjera-za-sprjecavanje-sirenja-i-suzbijanje-sredozemne-vocne-muhe\/#breadcrumb"},"inLanguage":"hr","potentialAction":[{"@type":"ReadAction","target":["https:\/\/www.opuzen.hr\/grad\/donesen-akcijski-plan-o-poduzimanju-mjera-za-sprjecavanje-sirenja-i-suzbijanje-sredozemne-vocne-muhe\/"]}]},{"@type":"ImageObject","inLanguage":"hr","@id":"https:\/\/www.opuzen.hr\/grad\/donesen-akcijski-plan-o-poduzimanju-mjera-za-sprjecavanje-sirenja-i-suzbijanje-sredozemne-vocne-muhe\/#primaryimage","url":"https:\/\/www.opuzen.hr\/grad\/wp-content\/uploads\/2023\/05\/VocnaMuha1552023_.jpg","contentUrl":"https:\/\/www.opuzen.hr\/grad\/wp-content\/uploads\/2023\/05\/VocnaMuha1552023_.jpg","width":"750","height":"500"},{"@type":"BreadcrumbList","@id":"https:\/\/www.opuzen.hr\/grad\/donesen-akcijski-plan-o-poduzimanju-mjera-za-sprjecavanje-sirenja-i-suzbijanje-sredozemne-vocne-muhe\/#breadcrumb","itemListElement":[{"@type":"ListItem","position":1,"name":"Po\u010detna stranica","item":"https:\/\/www.opuzen.hr\/grad\/"},{"@type":"ListItem","position":2,"name":"Donesen Akcijski plan o poduzimanju mjera za sprje\u010davanje \u0161irenja i suzbijanje sredozemne vo\u0107ne muhe"}]},{"@type":"WebSite","@id":"https:\/\/www.opuzen.hr\/grad\/#website","url":"https:\/\/www.opuzen.hr\/grad\/","name":"Grad Opuzen","description":"Slu\u017ebene mre\u017ene stranice Grada Opuzena","publisher":{"@id":"https:\/\/www.opuzen.hr\/grad\/#organization"},"potentialAction":[{"@type":"SearchAction","target":{"@type":"EntryPoint","urlTemplate":"https:\/\/www.opuzen.hr\/grad\/?s={search_term_string}"},"query-input":"required name=search_term_string"}],"inLanguage":"hr"},{"@type":"Organization","@id":"https:\/\/www.opuzen.hr\/grad\/#organization","name":"Grad Opuzen","url":"https:\/\/www.opuzen.hr\/grad\/","logo":{"@type":"ImageObject","inLanguage":"hr","@id":"https:\/\/www.opuzen.hr\/grad\/#\/schema\/logo\/image\/","url":"https:\/\/www.opuzen.hr\/grad\/wp-content\/uploads\/2018\/02\/logo-opuzen.jpg","contentUrl":"https:\/\/www.opuzen.hr\/grad\/wp-content\/uploads\/2018\/02\/logo-opuzen.jpg","width":400,"height":400,"caption":"Grad Opuzen"},"image":{"@id":"https:\/\/www.opuzen.hr\/grad\/#\/schema\/logo\/image\/"}},{"@type":"Person","@id":"https:\/\/www.opuzen.hr\/grad\/#\/schema\/person\/0a17a9796898e9409a1fa4ca7448a481","name":"Grad Opuzen","image":{"@type":"ImageObject","inLanguage":"hr","@id":"https:\/\/www.opuzen.hr\/grad\/#\/schema\/person\/image\/","url":"https:\/\/secure.gravatar.com\/avatar\/0c54089de4fcf14c0fe3355109a3ac05?s=96&d=mm&r=g","contentUrl":"https:\/\/secure.gravatar.com\/avatar\/0c54089de4fcf14c0fe3355109a3ac05?s=96&d=mm&r=g","caption":"Grad Opuzen"},"url":"https:\/\/www.opuzen.hr\/grad\/author\/admin\/"}]}},"_links":{"self":[{"href":"https:\/\/www.opuzen.hr\/grad\/wp-json\/wp\/v2\/posts\/44729"}],"collection":[{"href":"https:\/\/www.opuzen.hr\/grad\/wp-json\/wp\/v2\/posts"}],"about":[{"href":"https:\/\/www.opuzen.hr\/grad\/wp-json\/wp\/v2\/types\/post"}],"author":[{"embeddable":true,"href":"https:\/\/www.opuzen.hr\/grad\/wp-json\/wp\/v2\/users\/3"}],"replies":[{"embeddable":true,"href":"https:\/\/www.opuzen.hr\/grad\/wp-json\/wp\/v2\/comments?post=44729"}],"version-history":[{"count":1,"href":"https:\/\/www.opuzen.hr\/grad\/wp-json\/wp\/v2\/posts\/44729\/revisions"}],"predecessor-version":[{"id":44731,"href":"https:\/\/www.opuzen.hr\/grad\/wp-json\/wp\/v2\/posts\/44729\/revisions\/44731"}],"wp:featuredmedia":[{"embeddable":true,"href":"https:\/\/www.opuzen.hr\/grad\/wp-json\/wp\/v2\/media\/44730"}],"wp:attachment":[{"href":"https:\/\/www.opuzen.hr\/grad\/wp-json\/wp\/v2\/media?parent=44729"}],"wp:term":[{"taxonomy":"category","embeddable":true,"href":"https:\/\/www.opuzen.hr\/grad\/wp-json\/wp\/v2\/categories?post=44729"},{"taxonomy":"post_tag","embeddable":true,"href":"https:\/\/www.opuzen.hr\/grad\/wp-json\/wp\/v2\/tags?post=44729"}],"curies":[{"name":"wp","href":"https:\/\/api.w.org\/{rel}","templated":true}]}}