{"id":46123,"date":"2023-10-23T12:00:06","date_gmt":"2023-10-23T10:00:06","guid":{"rendered":"https:\/\/www.opuzen.hr\/grad\/?p=46123"},"modified":"2023-11-06T12:02:22","modified_gmt":"2023-11-06T11:02:22","slug":"javni-poziv-za-predlaganje-programa-javnih-potreba-u-kulturi-grada-opuzena-za-2024-godinu","status":"publish","type":"post","link":"https:\/\/www.opuzen.hr\/grad\/javni-poziv-za-predlaganje-programa-javnih-potreba-u-kulturi-grada-opuzena-za-2024-godinu\/","title":{"rendered":"Javni poziv za predlaganje programa javnih potreba u kulturi Grada Opuzena za 2024. godinu"},"content":{"rendered":"<p style=\"text-align: center;\"><span style=\"font-weight: 400;\">I.<\/span><\/p>\n<p><span style=\"font-weight: 400;\">Javne potrebe u kulturi za koje se sredstva osiguravaju iz prora\u010duna Grada Opuzena jesu djelatnosti, programi i projekti, aktivnosti i manifestacije u kulturi od interesa za Grad Opuzen koje se programom utvrde kao javne potrebe.<\/span><\/p>\n<p style=\"text-align: center;\"><span style=\"font-weight: 400;\">II.<\/span><\/p>\n<p><span style=\"font-weight: 400;\">U Program javnih potreba u kulturi Grada Opuzena za 2024. godinu u skladu sa zakonom uvrstit \u0107e se:<\/span><\/p>\n<ul>\n<li style=\"font-weight: 400;\" aria-level=\"1\"><span style=\"font-weight: 400;\">redovne djelatnosti udruga u kulturi<\/span><\/li>\n<li style=\"font-weight: 400;\" aria-level=\"1\"><span style=\"font-weight: 400;\">programi muzejsko &#8211; galerijske\u00a0 djelatnosti<\/span><\/li>\n<li style=\"font-weight: 400;\" aria-level=\"1\"><span style=\"font-weight: 400;\">programi dramske i plesne umjetnosti<\/span><\/li>\n<li style=\"font-weight: 400;\" aria-level=\"1\"><span style=\"font-weight: 400;\">programi glazbene i\u00a0 glazbeno &#8211; scenske umjetnosti<\/span><\/li>\n<li style=\"font-weight: 400;\" aria-level=\"1\"><span style=\"font-weight: 400;\">programi likovne umjetnosti, dizajna i arhitekture<\/span><\/li>\n<li style=\"font-weight: 400;\" aria-level=\"1\"><span style=\"font-weight: 400;\">programi knji\u017eni\u010dne djelatnosti te izdavanje knjiga i \u010dasopisa u kulturi\u00a0<\/span><\/li>\n<li style=\"font-weight: 400;\" aria-level=\"1\"><span style=\"font-weight: 400;\">programi filmske i audiovizualne kulture<\/span><\/li>\n<li style=\"font-weight: 400;\" aria-level=\"1\"><span style=\"font-weight: 400;\">programi kulturno &#8211; umjetni\u010dkog amaterizma<\/span><\/li>\n<li style=\"font-weight: 400;\" aria-level=\"1\"><span style=\"font-weight: 400;\">programi me\u0111unarodne kulturne suradnje\u00a0<\/span><\/li>\n<li style=\"font-weight: 400;\" aria-level=\"1\"><span style=\"font-weight: 400;\">programi rekonstrukcije, adaptacije i opremanja objekata kulture od interesa za Grad Opuzen,<\/span><\/li>\n<li style=\"font-weight: 400;\" aria-level=\"1\"><span style=\"font-weight: 400;\">ostali programi i aktivnosti u kulturi od interesa za Grad Opuzen.\u00a0<\/span><\/li>\n<\/ul>\n<p style=\"text-align: center;\"><span style=\"font-weight: 400;\">III.<\/span><\/p>\n<p><span style=\"font-weight: 400;\">Financiranje programa i projekata po ovom pozivu je u okviru raspolo\u017eivih sredstava Prora\u010duna Grada Opuzena za 2024.godinu.<\/span><\/p>\n<p style=\"text-align: center;\"><span style=\"font-weight: 400;\">IV.<\/span><\/p>\n<p><span style=\"font-weight: 400;\">Pravo podno\u0161enja prijava na ovaj Poziv imaju ustanove u kulturi, udruge, umjetni\u010dke organizacije, umjetnici i druge fizi\u010dke ili pravne osobe koje obavljaju djelatnost u kulturi koje ispunjavaju svojstva prihvatljivih ponuditelja sukladno odredbama dokumentacije za provedbu natje\u010daja.<\/span><\/p>\n<p style=\"text-align: center;\"><span style=\"font-weight: 400;\">V.<\/span><\/p>\n<p><span style=\"font-weight: 400;\">Prijava programa\/projekata treba biti izra\u0111ena sukladno odredbama dokumentacije za provedbu natje\u010daja.<\/span><\/p>\n<p style=\"text-align: center;\"><span style=\"font-weight: 400;\">VI.<\/span><\/p>\n<p><span style=\"font-weight: 400;\">Prijedlozi programa\/projekata dostavljaju se isklju\u010divo na propisanim obrascima, koji su zajedno s Uputama za prijavitelje, dostupni na web stranici Grada Opuzena <\/span><a href=\"http:\/\/www.opuzen.hr\"><span style=\"font-weight: 400;\">www.opuzen.hr<\/span><\/a><span style=\"font-weight: 400;\">.\u00a0<\/span><\/p>\n<p><span style=\"font-weight: 400;\">Natje\u010dajna dokumentacija se predaje u zatvorenoj omotnici koja na vanjskoj strani mora sadr\u017eavati puni naziv i adresu podnositelja prijave, preporu\u010denom po\u0161iljkom ili dostavom u pisarnicu Grada Opuzena, obavezno uz naznaku:<\/span><\/p>\n<p style=\"text-align: center;\"><b><i>PRIJEDLOG PROGRAMA JAVNIH POTREBA U KULTURI GRADA\u00a0<\/i><\/b><\/p>\n<p style=\"text-align: center;\"><b><i>OPUZENA ZA 2024. GODINU \u2013 NE OTVARATI<\/i><\/b><\/p>\n<p><span style=\"font-weight: 400;\">Prijave se \u0161alju na slijede\u0107u adresu:<\/span><\/p>\n<p style=\"text-align: center;\"><b>GRAD OPUZEN<\/b><\/p>\n<p style=\"text-align: center;\"><b>Jedinstveni upravni odjel<\/b><\/p>\n<p style=\"text-align: center;\"><b>Trg kralja Tomislava 1<\/b><\/p>\n<p style=\"text-align: center;\"><b>20355 Opuzen<\/b><\/p>\n<p><span style=\"font-weight: 400;\">Sa prijaviteljima kojima su odobrena financijska sredstva Grad Opuzen \u0107e sklopit ugovor o financiranju najkasnije 30 dana od dana dono\u0161enja odluke o financiranju.<\/span><\/p>\n<p style=\"text-align: center;\"><span style=\"font-weight: 400;\">VII.<\/span><\/p>\n<p><b>Rok za podno\u0161enje prijedloga programa\/projekata je do 13. studenog 2023. godine.<\/b><\/p>\n<p style=\"text-align: center;\"><span style=\"font-weight: 400;\">VIII.<\/span><\/p>\n<p><span style=\"font-weight: 400;\">Kriteriji za vrednovanje programa\/projekata sadr\u017eani su u dokumentaciji za provedbu natje\u010daja.<\/span><\/p>\n<p><span style=\"font-weight: 400;\">Postupak i uvjeti dodjele financijskih sredstava, postupak objave rezultata, postupak podno\u0161enja prigovora, postupak ugovaranja odobrenih sredstava i druga pitanja <\/span><span style=\"font-weight: 400;\">detaljno su opisani u Uputama za prijavitelje.\u00a0<\/span><\/p>\n<p><span style=\"font-weight: 400;\">Na\u010din kori\u0161tenja odobrenih sredstava, na\u010din izvje\u0161tavanja te pra\u0107enja kori\u0161tenja sredstava propisani su pravilnikom.<\/span><\/p>\n<p style=\"text-align: center;\"><span style=\"font-weight: 400;\">IX.<\/span><\/p>\n<p><span style=\"font-weight: 400;\">Nepravodobne i nepotpune prijave, prijave koje nisu izra\u0111ene sukladno odredbama dokumentacije za provedbu natje\u010daja i nisu dostavljene na propisanim obrascima\u00a0 ne\u0107e se razmatrati.<\/span><\/p>\n<p style=\"text-align: center;\"><span style=\"font-weight: 400;\">X.<\/span><\/p>\n<p><span style=\"font-weight: 400;\">Sva pitanja vezana uz ovaj Poziv mogu se postaviti isklju\u010divo elektroni\u010dkim putem, slanjem upita na adresu elektronske po\u0161te: <\/span><a href=\"&#109;&#x61;&#x69;l&#116;&#x6f;:&#111;&#x70;&#x75;&#122;&#x65;&#x6e;&#64;&#111;&#x70;u&#122;&#x65;&#x6e;&#46;&#x68;&#x72;\"><span style=\"font-weight: 400;\">&#111;&#x70;&#x75;&#122;&#x65;&#x6e;&#64;&#x6f;&#x70;&#117;&#x7a;&#x65;&#110;&#x2e;&#x68;&#114;<\/span><\/a><span style=\"font-weight: 400;\">.<\/span><\/p>\n<p><span style=\"font-weight: 400;\">Pro\u010delnica<\/span><\/p>\n<p><span style=\"font-weight: 400;\">Ivona Topi\u0107 \u0106erlek, dipl.oec.<\/span><\/p>\n<p>&nbsp;<\/p>\n<p><a href=\"https:\/\/www.opuzen.hr\/grad\/wp-content\/uploads\/2023\/10\/1.-Javni-poziv-za-predlaganje-programa-javnih-potreba-u-kulturi-Grada-Opuzena-za-2024.-godinu.docx\" target=\"_blank\" rel=\"noopener\">Javni poziv preuzmi ovdje<\/a><\/p>\n<p><a href=\"https:\/\/www.opuzen.hr\/grad\/wp-content\/uploads\/2023\/10\/2.-Upute-za-prijavitelje.docx\" target=\"_blank\" rel=\"noopener\">Upute za prijavitelje preuzmi ovdje<\/a><\/p>\n<p><a href=\"https:\/\/www.opuzen.hr\/grad\/wp-content\/uploads\/2023\/10\/3.Obrazac-opisa-programa-ili-projekta.doc\" target=\"_blank\" rel=\"noopener\">Obrazac opisa programa ili projekta preuzmi ovdje<\/a><\/p>\n<p><a href=\"https:\/\/www.opuzen.hr\/grad\/wp-content\/uploads\/2023\/10\/4.Obrazac-proracuna-programa-ili-projekta.xls\" target=\"_blank\" rel=\"noopener\">Obrazac prora\u010duna programa ili projekta &#8211; XCL preuzmi ovdje<\/a><\/p>\n<p><a href=\"https:\/\/www.opuzen.hr\/grad\/wp-content\/uploads\/2023\/10\/5.Obrazac-izjave-o-nepostojanju-dvostrukog-financiranja.docx\" target=\"_blank\" rel=\"noopener\">Obrazac izjave o nepostojanju dvostrukog financiranja<\/a><\/p>\n<p><a href=\"https:\/\/www.opuzen.hr\/grad\/wp-content\/uploads\/2023\/10\/6.Obrazac-izjave-o-partnerstvu.doc\" target=\"_blank\" rel=\"noopener\">Obrazac izjave o partnerstvu preuzmi ovdje<\/a><\/p>\n<p><a href=\"https:\/\/www.opuzen.hr\/grad\/wp-content\/uploads\/2023\/10\/7.Obrazac-izjave-o-urednom-ispunjavanju-obveza-i-neosudivanosti.doc\">Obrazac izjave o urednom ispunjavanju obveza i neosudivanosti preuzmi ovdje<\/a><\/p>\n<p><a href=\"https:\/\/www.opuzen.hr\/grad\/wp-content\/uploads\/2023\/10\/8.Obrazac-za-procjenu-kvalitete-prijave.doc\" target=\"_blank\" rel=\"noopener\">Obrazac za procjenu kvalitete prijave preuzmi ovdje<\/a><\/p>\n<p><a href=\"https:\/\/www.opuzen.hr\/grad\/wp-content\/uploads\/2023\/10\/9.-Obrazac-ugovora-o-financiranju-programa-ili-projekta.docx\" target=\"_blank\" rel=\"noopener\">Obrazac ugovora o financiranju programa ili projekta preuzmi ovdje<\/a><\/p>\n<p><a href=\"https:\/\/www.opuzen.hr\/grad\/wp-content\/uploads\/2023\/10\/10.Obrazac-opisnog-izvjestaja-program-ili-projekta.doc\" target=\"_blank\" rel=\"noopener\">Obrazac opisnog izvjestaja program ili projekta preuzmi ovdje<\/a><\/p>\n<p><a href=\"https:\/\/www.opuzen.hr\/grad\/wp-content\/uploads\/2023\/10\/11.Obrazac-financ-izvjestaja-programa-ili-projekta.xls\" target=\"_blank\" rel=\"noopener\">Obrazac financijskog izvjestaja programa ili projekta preuzmi ovdje<\/a><\/p>\n","protected":false},"excerpt":{"rendered":"<p>I. Javne potrebe u kulturi za koje se sredstva osiguravaju iz prora\u010duna Grada Opuzena jesu&#8230;<\/p>\n","protected":false},"author":3,"featured_media":46124,"comment_status":"closed","ping_status":"closed","sticky":false,"template":"","format":"standard","meta":{"footnotes":""},"categories":[298,65,4,3],"tags":[],"class_list":["post-46123","post","type-post","status-publish","format-standard","has-post-thumbnail","hentry","category-izdvojeno","category-javni-natjecaji-i-oglasi","category-novosti","category-obavijesti-gradanima","wpcat-298-id","wpcat-65-id","wpcat-4-id","wpcat-3-id"],"yoast_head":"<!-- This site is optimized with the Yoast SEO plugin v23.1 - https:\/\/yoast.com\/wordpress\/plugins\/seo\/ -->\n<title>Javni poziv za predlaganje programa javnih potreba u kulturi Grada Opuzena za 2024. godinu - Grad Opuzen<\/title>\n<meta name=\"robots\" content=\"index, follow, max-snippet:-1, max-image-preview:large, max-video-preview:-1\" \/>\n<link rel=\"canonical\" href=\"https:\/\/www.opuzen.hr\/grad\/javni-poziv-za-predlaganje-programa-javnih-potreba-u-kulturi-grada-opuzena-za-2024-godinu\/\" \/>\n<meta property=\"og:locale\" content=\"hr_HR\" \/>\n<meta property=\"og:type\" content=\"article\" \/>\n<meta property=\"og:title\" content=\"Javni poziv za predlaganje programa javnih potreba u kulturi Grada Opuzena za 2024. godinu - Grad Opuzen\" \/>\n<meta property=\"og:description\" content=\"I. Javne potrebe u kulturi za koje se sredstva osiguravaju iz prora\u010duna Grada Opuzena jesu...\" \/>\n<meta property=\"og:url\" content=\"https:\/\/www.opuzen.hr\/grad\/javni-poziv-za-predlaganje-programa-javnih-potreba-u-kulturi-grada-opuzena-za-2024-godinu\/\" \/>\n<meta property=\"og:site_name\" content=\"Grad Opuzen\" \/>\n<meta property=\"article:published_time\" content=\"2023-10-23T10:00:06+00:00\" \/>\n<meta property=\"article:modified_time\" content=\"2023-11-06T11:02:22+00:00\" \/>\n<meta property=\"og:image\" content=\"https:\/\/www.opuzen.hr\/grad\/wp-content\/uploads\/2023\/10\/naslovnice4.png\" \/>\n\t<meta property=\"og:image:width\" content=\"1200\" \/>\n\t<meta property=\"og:image:height\" content=\"628\" \/>\n\t<meta property=\"og:image:type\" content=\"image\/png\" \/>\n<meta name=\"author\" content=\"Grad Opuzen\" \/>\n<meta name=\"twitter:card\" content=\"summary_large_image\" \/>\n<meta name=\"twitter:label1\" content=\"Napisao\/la\" \/>\n\t<meta name=\"twitter:data1\" content=\"Grad Opuzen\" \/>\n\t<meta name=\"twitter:label2\" content=\"Procijenjeno vrijeme \u010ditanja\" \/>\n\t<meta name=\"twitter:data2\" content=\"3 minute\" \/>\n<script type=\"application\/ld+json\" class=\"yoast-schema-graph\">{\"@context\":\"https:\/\/schema.org\",\"@graph\":[{\"@type\":\"Article\",\"@id\":\"https:\/\/www.opuzen.hr\/grad\/javni-poziv-za-predlaganje-programa-javnih-potreba-u-kulturi-grada-opuzena-za-2024-godinu\/#article\",\"isPartOf\":{\"@id\":\"https:\/\/www.opuzen.hr\/grad\/javni-poziv-za-predlaganje-programa-javnih-potreba-u-kulturi-grada-opuzena-za-2024-godinu\/\"},\"author\":{\"name\":\"Grad Opuzen\",\"@id\":\"https:\/\/www.opuzen.hr\/grad\/#\/schema\/person\/0a17a9796898e9409a1fa4ca7448a481\"},\"headline\":\"Javni poziv za predlaganje programa javnih potreba u kulturi Grada Opuzena za 2024. godinu\",\"datePublished\":\"2023-10-23T10:00:06+00:00\",\"dateModified\":\"2023-11-06T11:02:22+00:00\",\"mainEntityOfPage\":{\"@id\":\"https:\/\/www.opuzen.hr\/grad\/javni-poziv-za-predlaganje-programa-javnih-potreba-u-kulturi-grada-opuzena-za-2024-godinu\/\"},\"wordCount\":548,\"publisher\":{\"@id\":\"https:\/\/www.opuzen.hr\/grad\/#organization\"},\"image\":{\"@id\":\"https:\/\/www.opuzen.hr\/grad\/javni-poziv-za-predlaganje-programa-javnih-potreba-u-kulturi-grada-opuzena-za-2024-godinu\/#primaryimage\"},\"thumbnailUrl\":\"https:\/\/www.opuzen.hr\/grad\/wp-content\/uploads\/2023\/10\/naslovnice4.png\",\"articleSection\":[\"Izdvojeno\",\"Javni natje\u010daji i oglasi\",\"Novosti\",\"Obavijesti gra\u0111anima\"],\"inLanguage\":\"hr\"},{\"@type\":\"WebPage\",\"@id\":\"https:\/\/www.opuzen.hr\/grad\/javni-poziv-za-predlaganje-programa-javnih-potreba-u-kulturi-grada-opuzena-za-2024-godinu\/\",\"url\":\"https:\/\/www.opuzen.hr\/grad\/javni-poziv-za-predlaganje-programa-javnih-potreba-u-kulturi-grada-opuzena-za-2024-godinu\/\",\"name\":\"Javni poziv za predlaganje programa javnih potreba u kulturi Grada Opuzena za 2024. godinu - Grad Opuzen\",\"isPartOf\":{\"@id\":\"https:\/\/www.opuzen.hr\/grad\/#website\"},\"primaryImageOfPage\":{\"@id\":\"https:\/\/www.opuzen.hr\/grad\/javni-poziv-za-predlaganje-programa-javnih-potreba-u-kulturi-grada-opuzena-za-2024-godinu\/#primaryimage\"},\"image\":{\"@id\":\"https:\/\/www.opuzen.hr\/grad\/javni-poziv-za-predlaganje-programa-javnih-potreba-u-kulturi-grada-opuzena-za-2024-godinu\/#primaryimage\"},\"thumbnailUrl\":\"https:\/\/www.opuzen.hr\/grad\/wp-content\/uploads\/2023\/10\/naslovnice4.png\",\"datePublished\":\"2023-10-23T10:00:06+00:00\",\"dateModified\":\"2023-11-06T11:02:22+00:00\",\"breadcrumb\":{\"@id\":\"https:\/\/www.opuzen.hr\/grad\/javni-poziv-za-predlaganje-programa-javnih-potreba-u-kulturi-grada-opuzena-za-2024-godinu\/#breadcrumb\"},\"inLanguage\":\"hr\",\"potentialAction\":[{\"@type\":\"ReadAction\",\"target\":[\"https:\/\/www.opuzen.hr\/grad\/javni-poziv-za-predlaganje-programa-javnih-potreba-u-kulturi-grada-opuzena-za-2024-godinu\/\"]}]},{\"@type\":\"ImageObject\",\"inLanguage\":\"hr\",\"@id\":\"https:\/\/www.opuzen.hr\/grad\/javni-poziv-za-predlaganje-programa-javnih-potreba-u-kulturi-grada-opuzena-za-2024-godinu\/#primaryimage\",\"url\":\"https:\/\/www.opuzen.hr\/grad\/wp-content\/uploads\/2023\/10\/naslovnice4.png\",\"contentUrl\":\"https:\/\/www.opuzen.hr\/grad\/wp-content\/uploads\/2023\/10\/naslovnice4.png\",\"width\":1200,\"height\":628},{\"@type\":\"BreadcrumbList\",\"@id\":\"https:\/\/www.opuzen.hr\/grad\/javni-poziv-za-predlaganje-programa-javnih-potreba-u-kulturi-grada-opuzena-za-2024-godinu\/#breadcrumb\",\"itemListElement\":[{\"@type\":\"ListItem\",\"position\":1,\"name\":\"Po\u010detna stranica\",\"item\":\"https:\/\/www.opuzen.hr\/grad\/\"},{\"@type\":\"ListItem\",\"position\":2,\"name\":\"Javni poziv za predlaganje programa javnih potreba u kulturi Grada Opuzena za 2024. godinu\"}]},{\"@type\":\"WebSite\",\"@id\":\"https:\/\/www.opuzen.hr\/grad\/#website\",\"url\":\"https:\/\/www.opuzen.hr\/grad\/\",\"name\":\"Grad Opuzen\",\"description\":\"Slu\u017ebene mre\u017ene stranice Grada Opuzena\",\"publisher\":{\"@id\":\"https:\/\/www.opuzen.hr\/grad\/#organization\"},\"potentialAction\":[{\"@type\":\"SearchAction\",\"target\":{\"@type\":\"EntryPoint\",\"urlTemplate\":\"https:\/\/www.opuzen.hr\/grad\/?s={search_term_string}\"},\"query-input\":\"required name=search_term_string\"}],\"inLanguage\":\"hr\"},{\"@type\":\"Organization\",\"@id\":\"https:\/\/www.opuzen.hr\/grad\/#organization\",\"name\":\"Grad Opuzen\",\"url\":\"https:\/\/www.opuzen.hr\/grad\/\",\"logo\":{\"@type\":\"ImageObject\",\"inLanguage\":\"hr\",\"@id\":\"https:\/\/www.opuzen.hr\/grad\/#\/schema\/logo\/image\/\",\"url\":\"https:\/\/www.opuzen.hr\/grad\/wp-content\/uploads\/2018\/02\/logo-opuzen.jpg\",\"contentUrl\":\"https:\/\/www.opuzen.hr\/grad\/wp-content\/uploads\/2018\/02\/logo-opuzen.jpg\",\"width\":400,\"height\":400,\"caption\":\"Grad Opuzen\"},\"image\":{\"@id\":\"https:\/\/www.opuzen.hr\/grad\/#\/schema\/logo\/image\/\"}},{\"@type\":\"Person\",\"@id\":\"https:\/\/www.opuzen.hr\/grad\/#\/schema\/person\/0a17a9796898e9409a1fa4ca7448a481\",\"name\":\"Grad Opuzen\",\"image\":{\"@type\":\"ImageObject\",\"inLanguage\":\"hr\",\"@id\":\"https:\/\/www.opuzen.hr\/grad\/#\/schema\/person\/image\/\",\"url\":\"https:\/\/secure.gravatar.com\/avatar\/0c54089de4fcf14c0fe3355109a3ac05?s=96&d=mm&r=g\",\"contentUrl\":\"https:\/\/secure.gravatar.com\/avatar\/0c54089de4fcf14c0fe3355109a3ac05?s=96&d=mm&r=g\",\"caption\":\"Grad Opuzen\"},\"url\":\"https:\/\/www.opuzen.hr\/grad\/author\/admin\/\"}]}<\/script>\n<!-- \/ Yoast SEO plugin. -->","yoast_head_json":{"title":"Javni poziv za predlaganje programa javnih potreba u kulturi Grada Opuzena za 2024. godinu - Grad Opuzen","robots":{"index":"index","follow":"follow","max-snippet":"max-snippet:-1","max-image-preview":"max-image-preview:large","max-video-preview":"max-video-preview:-1"},"canonical":"https:\/\/www.opuzen.hr\/grad\/javni-poziv-za-predlaganje-programa-javnih-potreba-u-kulturi-grada-opuzena-za-2024-godinu\/","og_locale":"hr_HR","og_type":"article","og_title":"Javni poziv za predlaganje programa javnih potreba u kulturi Grada Opuzena za 2024. godinu - Grad Opuzen","og_description":"I. Javne potrebe u kulturi za koje se sredstva osiguravaju iz prora\u010duna Grada Opuzena jesu...","og_url":"https:\/\/www.opuzen.hr\/grad\/javni-poziv-za-predlaganje-programa-javnih-potreba-u-kulturi-grada-opuzena-za-2024-godinu\/","og_site_name":"Grad Opuzen","article_published_time":"2023-10-23T10:00:06+00:00","article_modified_time":"2023-11-06T11:02:22+00:00","og_image":[{"width":1200,"height":628,"url":"https:\/\/www.opuzen.hr\/grad\/wp-content\/uploads\/2023\/10\/naslovnice4.png","type":"image\/png"}],"author":"Grad Opuzen","twitter_card":"summary_large_image","twitter_misc":{"Napisao\/la":"Grad Opuzen","Procijenjeno vrijeme \u010ditanja":"3 minute"},"schema":{"@context":"https:\/\/schema.org","@graph":[{"@type":"Article","@id":"https:\/\/www.opuzen.hr\/grad\/javni-poziv-za-predlaganje-programa-javnih-potreba-u-kulturi-grada-opuzena-za-2024-godinu\/#article","isPartOf":{"@id":"https:\/\/www.opuzen.hr\/grad\/javni-poziv-za-predlaganje-programa-javnih-potreba-u-kulturi-grada-opuzena-za-2024-godinu\/"},"author":{"name":"Grad Opuzen","@id":"https:\/\/www.opuzen.hr\/grad\/#\/schema\/person\/0a17a9796898e9409a1fa4ca7448a481"},"headline":"Javni poziv za predlaganje programa javnih potreba u kulturi Grada Opuzena za 2024. godinu","datePublished":"2023-10-23T10:00:06+00:00","dateModified":"2023-11-06T11:02:22+00:00","mainEntityOfPage":{"@id":"https:\/\/www.opuzen.hr\/grad\/javni-poziv-za-predlaganje-programa-javnih-potreba-u-kulturi-grada-opuzena-za-2024-godinu\/"},"wordCount":548,"publisher":{"@id":"https:\/\/www.opuzen.hr\/grad\/#organization"},"image":{"@id":"https:\/\/www.opuzen.hr\/grad\/javni-poziv-za-predlaganje-programa-javnih-potreba-u-kulturi-grada-opuzena-za-2024-godinu\/#primaryimage"},"thumbnailUrl":"https:\/\/www.opuzen.hr\/grad\/wp-content\/uploads\/2023\/10\/naslovnice4.png","articleSection":["Izdvojeno","Javni natje\u010daji i oglasi","Novosti","Obavijesti gra\u0111anima"],"inLanguage":"hr"},{"@type":"WebPage","@id":"https:\/\/www.opuzen.hr\/grad\/javni-poziv-za-predlaganje-programa-javnih-potreba-u-kulturi-grada-opuzena-za-2024-godinu\/","url":"https:\/\/www.opuzen.hr\/grad\/javni-poziv-za-predlaganje-programa-javnih-potreba-u-kulturi-grada-opuzena-za-2024-godinu\/","name":"Javni poziv za predlaganje programa javnih potreba u kulturi Grada Opuzena za 2024. godinu - Grad Opuzen","isPartOf":{"@id":"https:\/\/www.opuzen.hr\/grad\/#website"},"primaryImageOfPage":{"@id":"https:\/\/www.opuzen.hr\/grad\/javni-poziv-za-predlaganje-programa-javnih-potreba-u-kulturi-grada-opuzena-za-2024-godinu\/#primaryimage"},"image":{"@id":"https:\/\/www.opuzen.hr\/grad\/javni-poziv-za-predlaganje-programa-javnih-potreba-u-kulturi-grada-opuzena-za-2024-godinu\/#primaryimage"},"thumbnailUrl":"https:\/\/www.opuzen.hr\/grad\/wp-content\/uploads\/2023\/10\/naslovnice4.png","datePublished":"2023-10-23T10:00:06+00:00","dateModified":"2023-11-06T11:02:22+00:00","breadcrumb":{"@id":"https:\/\/www.opuzen.hr\/grad\/javni-poziv-za-predlaganje-programa-javnih-potreba-u-kulturi-grada-opuzena-za-2024-godinu\/#breadcrumb"},"inLanguage":"hr","potentialAction":[{"@type":"ReadAction","target":["https:\/\/www.opuzen.hr\/grad\/javni-poziv-za-predlaganje-programa-javnih-potreba-u-kulturi-grada-opuzena-za-2024-godinu\/"]}]},{"@type":"ImageObject","inLanguage":"hr","@id":"https:\/\/www.opuzen.hr\/grad\/javni-poziv-za-predlaganje-programa-javnih-potreba-u-kulturi-grada-opuzena-za-2024-godinu\/#primaryimage","url":"https:\/\/www.opuzen.hr\/grad\/wp-content\/uploads\/2023\/10\/naslovnice4.png","contentUrl":"https:\/\/www.opuzen.hr\/grad\/wp-content\/uploads\/2023\/10\/naslovnice4.png","width":1200,"height":628},{"@type":"BreadcrumbList","@id":"https:\/\/www.opuzen.hr\/grad\/javni-poziv-za-predlaganje-programa-javnih-potreba-u-kulturi-grada-opuzena-za-2024-godinu\/#breadcrumb","itemListElement":[{"@type":"ListItem","position":1,"name":"Po\u010detna stranica","item":"https:\/\/www.opuzen.hr\/grad\/"},{"@type":"ListItem","position":2,"name":"Javni poziv za predlaganje programa javnih potreba u kulturi Grada Opuzena za 2024. godinu"}]},{"@type":"WebSite","@id":"https:\/\/www.opuzen.hr\/grad\/#website","url":"https:\/\/www.opuzen.hr\/grad\/","name":"Grad Opuzen","description":"Slu\u017ebene mre\u017ene stranice Grada Opuzena","publisher":{"@id":"https:\/\/www.opuzen.hr\/grad\/#organization"},"potentialAction":[{"@type":"SearchAction","target":{"@type":"EntryPoint","urlTemplate":"https:\/\/www.opuzen.hr\/grad\/?s={search_term_string}"},"query-input":"required name=search_term_string"}],"inLanguage":"hr"},{"@type":"Organization","@id":"https:\/\/www.opuzen.hr\/grad\/#organization","name":"Grad Opuzen","url":"https:\/\/www.opuzen.hr\/grad\/","logo":{"@type":"ImageObject","inLanguage":"hr","@id":"https:\/\/www.opuzen.hr\/grad\/#\/schema\/logo\/image\/","url":"https:\/\/www.opuzen.hr\/grad\/wp-content\/uploads\/2018\/02\/logo-opuzen.jpg","contentUrl":"https:\/\/www.opuzen.hr\/grad\/wp-content\/uploads\/2018\/02\/logo-opuzen.jpg","width":400,"height":400,"caption":"Grad Opuzen"},"image":{"@id":"https:\/\/www.opuzen.hr\/grad\/#\/schema\/logo\/image\/"}},{"@type":"Person","@id":"https:\/\/www.opuzen.hr\/grad\/#\/schema\/person\/0a17a9796898e9409a1fa4ca7448a481","name":"Grad Opuzen","image":{"@type":"ImageObject","inLanguage":"hr","@id":"https:\/\/www.opuzen.hr\/grad\/#\/schema\/person\/image\/","url":"https:\/\/secure.gravatar.com\/avatar\/0c54089de4fcf14c0fe3355109a3ac05?s=96&d=mm&r=g","contentUrl":"https:\/\/secure.gravatar.com\/avatar\/0c54089de4fcf14c0fe3355109a3ac05?s=96&d=mm&r=g","caption":"Grad Opuzen"},"url":"https:\/\/www.opuzen.hr\/grad\/author\/admin\/"}]}},"_links":{"self":[{"href":"https:\/\/www.opuzen.hr\/grad\/wp-json\/wp\/v2\/posts\/46123"}],"collection":[{"href":"https:\/\/www.opuzen.hr\/grad\/wp-json\/wp\/v2\/posts"}],"about":[{"href":"https:\/\/www.opuzen.hr\/grad\/wp-json\/wp\/v2\/types\/post"}],"author":[{"embeddable":true,"href":"https:\/\/www.opuzen.hr\/grad\/wp-json\/wp\/v2\/users\/3"}],"replies":[{"embeddable":true,"href":"https:\/\/www.opuzen.hr\/grad\/wp-json\/wp\/v2\/comments?post=46123"}],"version-history":[{"count":6,"href":"https:\/\/www.opuzen.hr\/grad\/wp-json\/wp\/v2\/posts\/46123\/revisions"}],"predecessor-version":[{"id":46188,"href":"https:\/\/www.opuzen.hr\/grad\/wp-json\/wp\/v2\/posts\/46123\/revisions\/46188"}],"wp:featuredmedia":[{"embeddable":true,"href":"https:\/\/www.opuzen.hr\/grad\/wp-json\/wp\/v2\/media\/46124"}],"wp:attachment":[{"href":"https:\/\/www.opuzen.hr\/grad\/wp-json\/wp\/v2\/media?parent=46123"}],"wp:term":[{"taxonomy":"category","embeddable":true,"href":"https:\/\/www.opuzen.hr\/grad\/wp-json\/wp\/v2\/categories?post=46123"},{"taxonomy":"post_tag","embeddable":true,"href":"https:\/\/www.opuzen.hr\/grad\/wp-json\/wp\/v2\/tags?post=46123"}],"curies":[{"name":"wp","href":"https:\/\/api.w.org\/{rel}","templated":true}]}}