{"id":46318,"date":"2023-11-18T20:14:42","date_gmt":"2023-11-18T19:14:42","guid":{"rendered":"https:\/\/www.opuzen.hr\/grad\/?p=46318"},"modified":"2023-11-18T20:16:45","modified_gmt":"2023-11-18T19:16:45","slug":"opuzen-i-u-mom-gradu-vukovar-svijetli","status":"publish","type":"post","link":"https:\/\/www.opuzen.hr\/grad\/opuzen-i-u-mom-gradu-vukovar-svijetli\/","title":{"rendered":"Opuzen: &#8220;I u mom gradu Vukovar svijetli!&#8221;"},"content":{"rendered":"<p>U Opuzenu je obilje\u017een Dan sje\u0107anja na \u017ertve Domovinskog rata i Dan sje\u0107anja na \u017ertvu Vukovara i \u0160kabrnje prigodnim paljenjem svije\u0107a na Trgu kralja Tomislava.<\/p>\n<p><img fetchpriority=\"high\" decoding=\"async\" class=\"alignnone size-large wp-image-46320\" src=\"https:\/\/www.opuzen.hr\/grad\/wp-content\/uploads\/2023\/11\/IMG-20231118-WA0007-1024x577.jpg\" alt=\"\" width=\"1024\" height=\"577\" srcset=\"https:\/\/www.opuzen.hr\/grad\/wp-content\/uploads\/2023\/11\/IMG-20231118-WA0007-1024x577.jpg 1024w, https:\/\/www.opuzen.hr\/grad\/wp-content\/uploads\/2023\/11\/IMG-20231118-WA0007-300x169.jpg 300w, https:\/\/www.opuzen.hr\/grad\/wp-content\/uploads\/2023\/11\/IMG-20231118-WA0007-768x432.jpg 768w, https:\/\/www.opuzen.hr\/grad\/wp-content\/uploads\/2023\/11\/IMG-20231118-WA0007-600x338.jpg 600w, https:\/\/www.opuzen.hr\/grad\/wp-content\/uploads\/2023\/11\/IMG-20231118-WA0007-1536x865.jpg 1536w, https:\/\/www.opuzen.hr\/grad\/wp-content\/uploads\/2023\/11\/IMG-20231118-WA0007-1026x578.jpg 1026w, https:\/\/www.opuzen.hr\/grad\/wp-content\/uploads\/2023\/11\/IMG-20231118-WA0007-675x380.jpg 675w, https:\/\/www.opuzen.hr\/grad\/wp-content\/uploads\/2023\/11\/IMG-20231118-WA0007-150x84.jpg 150w, https:\/\/www.opuzen.hr\/grad\/wp-content\/uploads\/2023\/11\/IMG-20231118-WA0007.jpg 2000w\" sizes=\"(max-width: 1024px) 100vw, 1024px\" \/> <img decoding=\"async\" class=\"alignnone size-large wp-image-46321\" src=\"https:\/\/www.opuzen.hr\/grad\/wp-content\/uploads\/2023\/11\/IMG-20231118-WA0010-1024x577.jpg\" alt=\"\" width=\"1024\" height=\"577\" srcset=\"https:\/\/www.opuzen.hr\/grad\/wp-content\/uploads\/2023\/11\/IMG-20231118-WA0010-1024x577.jpg 1024w, https:\/\/www.opuzen.hr\/grad\/wp-content\/uploads\/2023\/11\/IMG-20231118-WA0010-300x169.jpg 300w, https:\/\/www.opuzen.hr\/grad\/wp-content\/uploads\/2023\/11\/IMG-20231118-WA0010-768x432.jpg 768w, https:\/\/www.opuzen.hr\/grad\/wp-content\/uploads\/2023\/11\/IMG-20231118-WA0010-600x338.jpg 600w, https:\/\/www.opuzen.hr\/grad\/wp-content\/uploads\/2023\/11\/IMG-20231118-WA0010-1536x865.jpg 1536w, https:\/\/www.opuzen.hr\/grad\/wp-content\/uploads\/2023\/11\/IMG-20231118-WA0010-1026x578.jpg 1026w, https:\/\/www.opuzen.hr\/grad\/wp-content\/uploads\/2023\/11\/IMG-20231118-WA0010-675x380.jpg 675w, https:\/\/www.opuzen.hr\/grad\/wp-content\/uploads\/2023\/11\/IMG-20231118-WA0010-150x84.jpg 150w, https:\/\/www.opuzen.hr\/grad\/wp-content\/uploads\/2023\/11\/IMG-20231118-WA0010.jpg 2000w\" sizes=\"(max-width: 1024px) 100vw, 1024px\" \/> <img decoding=\"async\" class=\"alignnone size-large wp-image-46322\" src=\"https:\/\/www.opuzen.hr\/grad\/wp-content\/uploads\/2023\/11\/IMG-20231118-WA0009-1024x577.jpg\" alt=\"\" width=\"1024\" height=\"577\" srcset=\"https:\/\/www.opuzen.hr\/grad\/wp-content\/uploads\/2023\/11\/IMG-20231118-WA0009-1024x577.jpg 1024w, https:\/\/www.opuzen.hr\/grad\/wp-content\/uploads\/2023\/11\/IMG-20231118-WA0009-300x169.jpg 300w, https:\/\/www.opuzen.hr\/grad\/wp-content\/uploads\/2023\/11\/IMG-20231118-WA0009-768x432.jpg 768w, https:\/\/www.opuzen.hr\/grad\/wp-content\/uploads\/2023\/11\/IMG-20231118-WA0009-600x338.jpg 600w, https:\/\/www.opuzen.hr\/grad\/wp-content\/uploads\/2023\/11\/IMG-20231118-WA0009-1536x865.jpg 1536w, https:\/\/www.opuzen.hr\/grad\/wp-content\/uploads\/2023\/11\/IMG-20231118-WA0009-1026x578.jpg 1026w, https:\/\/www.opuzen.hr\/grad\/wp-content\/uploads\/2023\/11\/IMG-20231118-WA0009-675x380.jpg 675w, https:\/\/www.opuzen.hr\/grad\/wp-content\/uploads\/2023\/11\/IMG-20231118-WA0009-150x84.jpg 150w, https:\/\/www.opuzen.hr\/grad\/wp-content\/uploads\/2023\/11\/IMG-20231118-WA0009.jpg 2000w\" sizes=\"(max-width: 1024px) 100vw, 1024px\" \/> <img loading=\"lazy\" decoding=\"async\" class=\"alignnone size-large wp-image-46323\" src=\"https:\/\/www.opuzen.hr\/grad\/wp-content\/uploads\/2023\/11\/IMG-20231118-WA0008-1024x768.jpg\" alt=\"\" width=\"1024\" height=\"768\" srcset=\"https:\/\/www.opuzen.hr\/grad\/wp-content\/uploads\/2023\/11\/IMG-20231118-WA0008-1024x768.jpg 1024w, https:\/\/www.opuzen.hr\/grad\/wp-content\/uploads\/2023\/11\/IMG-20231118-WA0008-300x225.jpg 300w, https:\/\/www.opuzen.hr\/grad\/wp-content\/uploads\/2023\/11\/IMG-20231118-WA0008-768x576.jpg 768w, https:\/\/www.opuzen.hr\/grad\/wp-content\/uploads\/2023\/11\/IMG-20231118-WA0008-600x450.jpg 600w, https:\/\/www.opuzen.hr\/grad\/wp-content\/uploads\/2023\/11\/IMG-20231118-WA0008-1536x1152.jpg 1536w, https:\/\/www.opuzen.hr\/grad\/wp-content\/uploads\/2023\/11\/IMG-20231118-WA0008-1026x770.jpg 1026w, https:\/\/www.opuzen.hr\/grad\/wp-content\/uploads\/2023\/11\/IMG-20231118-WA0008-675x506.jpg 675w, https:\/\/www.opuzen.hr\/grad\/wp-content\/uploads\/2023\/11\/IMG-20231118-WA0008-480x360.jpg 480w, https:\/\/www.opuzen.hr\/grad\/wp-content\/uploads\/2023\/11\/IMG-20231118-WA0008-150x113.jpg 150w, https:\/\/www.opuzen.hr\/grad\/wp-content\/uploads\/2023\/11\/IMG-20231118-WA0008.jpg 1600w\" sizes=\"(max-width: 1024px) 100vw, 1024px\" \/><\/p>\n","protected":false},"excerpt":{"rendered":"<p>U Opuzenu je obilje\u017een Dan sje\u0107anja na \u017ertve Domovinskog rata i Dan sje\u0107anja na \u017ertvu&#8230;<\/p>\n","protected":false},"author":3,"featured_media":46319,"comment_status":"closed","ping_status":"closed","sticky":false,"template":"","format":"standard","meta":{"footnotes":""},"categories":[298],"tags":[],"class_list":["post-46318","post","type-post","status-publish","format-standard","has-post-thumbnail","hentry","category-izdvojeno","wpcat-298-id"],"yoast_head":"<!-- This site is optimized with the Yoast SEO plugin v23.1 - https:\/\/yoast.com\/wordpress\/plugins\/seo\/ -->\n<title>Opuzen: &quot;I u mom gradu Vukovar svijetli!&quot; - Grad Opuzen<\/title>\n<meta name=\"robots\" content=\"index, follow, max-snippet:-1, max-image-preview:large, max-video-preview:-1\" \/>\n<link rel=\"canonical\" href=\"https:\/\/www.opuzen.hr\/grad\/opuzen-i-u-mom-gradu-vukovar-svijetli\/\" \/>\n<meta property=\"og:locale\" content=\"hr_HR\" \/>\n<meta property=\"og:type\" content=\"article\" \/>\n<meta property=\"og:title\" content=\"Opuzen: &quot;I u mom gradu Vukovar svijetli!&quot; - Grad Opuzen\" \/>\n<meta property=\"og:description\" content=\"U Opuzenu je obilje\u017een Dan sje\u0107anja na \u017ertve Domovinskog rata i Dan sje\u0107anja na \u017ertvu...\" \/>\n<meta property=\"og:url\" content=\"https:\/\/www.opuzen.hr\/grad\/opuzen-i-u-mom-gradu-vukovar-svijetli\/\" \/>\n<meta property=\"og:site_name\" content=\"Grad Opuzen\" \/>\n<meta property=\"article:published_time\" content=\"2023-11-18T19:14:42+00:00\" \/>\n<meta property=\"article:modified_time\" content=\"2023-11-18T19:16:45+00:00\" \/>\n<meta property=\"og:image\" content=\"https:\/\/www.opuzen.hr\/grad\/wp-content\/uploads\/2023\/11\/IMG-20231118-WA0006.jpg\" \/>\n\t<meta property=\"og:image:width\" content=\"2048\" \/>\n\t<meta property=\"og:image:height\" content=\"1536\" \/>\n\t<meta property=\"og:image:type\" content=\"image\/jpeg\" \/>\n<meta name=\"author\" content=\"Grad Opuzen\" \/>\n<meta name=\"twitter:card\" content=\"summary_large_image\" \/>\n<meta name=\"twitter:label1\" content=\"Napisao\/la\" \/>\n\t<meta name=\"twitter:data1\" content=\"Grad Opuzen\" \/>\n<script type=\"application\/ld+json\" class=\"yoast-schema-graph\">{\"@context\":\"https:\/\/schema.org\",\"@graph\":[{\"@type\":\"Article\",\"@id\":\"https:\/\/www.opuzen.hr\/grad\/opuzen-i-u-mom-gradu-vukovar-svijetli\/#article\",\"isPartOf\":{\"@id\":\"https:\/\/www.opuzen.hr\/grad\/opuzen-i-u-mom-gradu-vukovar-svijetli\/\"},\"author\":{\"name\":\"Grad Opuzen\",\"@id\":\"https:\/\/www.opuzen.hr\/grad\/#\/schema\/person\/0a17a9796898e9409a1fa4ca7448a481\"},\"headline\":\"Opuzen: &#8220;I u mom gradu Vukovar svijetli!&#8221;\",\"datePublished\":\"2023-11-18T19:14:42+00:00\",\"dateModified\":\"2023-11-18T19:16:45+00:00\",\"mainEntityOfPage\":{\"@id\":\"https:\/\/www.opuzen.hr\/grad\/opuzen-i-u-mom-gradu-vukovar-svijetli\/\"},\"wordCount\":36,\"publisher\":{\"@id\":\"https:\/\/www.opuzen.hr\/grad\/#organization\"},\"image\":{\"@id\":\"https:\/\/www.opuzen.hr\/grad\/opuzen-i-u-mom-gradu-vukovar-svijetli\/#primaryimage\"},\"thumbnailUrl\":\"https:\/\/www.opuzen.hr\/grad\/wp-content\/uploads\/2023\/11\/IMG-20231118-WA0006.jpg\",\"articleSection\":[\"Izdvojeno\"],\"inLanguage\":\"hr\"},{\"@type\":\"WebPage\",\"@id\":\"https:\/\/www.opuzen.hr\/grad\/opuzen-i-u-mom-gradu-vukovar-svijetli\/\",\"url\":\"https:\/\/www.opuzen.hr\/grad\/opuzen-i-u-mom-gradu-vukovar-svijetli\/\",\"name\":\"Opuzen: \\\"I u mom gradu Vukovar svijetli!\\\" - Grad Opuzen\",\"isPartOf\":{\"@id\":\"https:\/\/www.opuzen.hr\/grad\/#website\"},\"primaryImageOfPage\":{\"@id\":\"https:\/\/www.opuzen.hr\/grad\/opuzen-i-u-mom-gradu-vukovar-svijetli\/#primaryimage\"},\"image\":{\"@id\":\"https:\/\/www.opuzen.hr\/grad\/opuzen-i-u-mom-gradu-vukovar-svijetli\/#primaryimage\"},\"thumbnailUrl\":\"https:\/\/www.opuzen.hr\/grad\/wp-content\/uploads\/2023\/11\/IMG-20231118-WA0006.jpg\",\"datePublished\":\"2023-11-18T19:14:42+00:00\",\"dateModified\":\"2023-11-18T19:16:45+00:00\",\"breadcrumb\":{\"@id\":\"https:\/\/www.opuzen.hr\/grad\/opuzen-i-u-mom-gradu-vukovar-svijetli\/#breadcrumb\"},\"inLanguage\":\"hr\",\"potentialAction\":[{\"@type\":\"ReadAction\",\"target\":[\"https:\/\/www.opuzen.hr\/grad\/opuzen-i-u-mom-gradu-vukovar-svijetli\/\"]}]},{\"@type\":\"ImageObject\",\"inLanguage\":\"hr\",\"@id\":\"https:\/\/www.opuzen.hr\/grad\/opuzen-i-u-mom-gradu-vukovar-svijetli\/#primaryimage\",\"url\":\"https:\/\/www.opuzen.hr\/grad\/wp-content\/uploads\/2023\/11\/IMG-20231118-WA0006.jpg\",\"contentUrl\":\"https:\/\/www.opuzen.hr\/grad\/wp-content\/uploads\/2023\/11\/IMG-20231118-WA0006.jpg\",\"width\":2048,\"height\":1536},{\"@type\":\"BreadcrumbList\",\"@id\":\"https:\/\/www.opuzen.hr\/grad\/opuzen-i-u-mom-gradu-vukovar-svijetli\/#breadcrumb\",\"itemListElement\":[{\"@type\":\"ListItem\",\"position\":1,\"name\":\"Po\u010detna stranica\",\"item\":\"https:\/\/www.opuzen.hr\/grad\/\"},{\"@type\":\"ListItem\",\"position\":2,\"name\":\"Opuzen: &#8220;I u mom gradu Vukovar svijetli!&#8221;\"}]},{\"@type\":\"WebSite\",\"@id\":\"https:\/\/www.opuzen.hr\/grad\/#website\",\"url\":\"https:\/\/www.opuzen.hr\/grad\/\",\"name\":\"Grad Opuzen\",\"description\":\"Slu\u017ebene mre\u017ene stranice Grada Opuzena\",\"publisher\":{\"@id\":\"https:\/\/www.opuzen.hr\/grad\/#organization\"},\"potentialAction\":[{\"@type\":\"SearchAction\",\"target\":{\"@type\":\"EntryPoint\",\"urlTemplate\":\"https:\/\/www.opuzen.hr\/grad\/?s={search_term_string}\"},\"query-input\":\"required name=search_term_string\"}],\"inLanguage\":\"hr\"},{\"@type\":\"Organization\",\"@id\":\"https:\/\/www.opuzen.hr\/grad\/#organization\",\"name\":\"Grad Opuzen\",\"url\":\"https:\/\/www.opuzen.hr\/grad\/\",\"logo\":{\"@type\":\"ImageObject\",\"inLanguage\":\"hr\",\"@id\":\"https:\/\/www.opuzen.hr\/grad\/#\/schema\/logo\/image\/\",\"url\":\"https:\/\/www.opuzen.hr\/grad\/wp-content\/uploads\/2018\/02\/logo-opuzen.jpg\",\"contentUrl\":\"https:\/\/www.opuzen.hr\/grad\/wp-content\/uploads\/2018\/02\/logo-opuzen.jpg\",\"width\":400,\"height\":400,\"caption\":\"Grad Opuzen\"},\"image\":{\"@id\":\"https:\/\/www.opuzen.hr\/grad\/#\/schema\/logo\/image\/\"}},{\"@type\":\"Person\",\"@id\":\"https:\/\/www.opuzen.hr\/grad\/#\/schema\/person\/0a17a9796898e9409a1fa4ca7448a481\",\"name\":\"Grad Opuzen\",\"image\":{\"@type\":\"ImageObject\",\"inLanguage\":\"hr\",\"@id\":\"https:\/\/www.opuzen.hr\/grad\/#\/schema\/person\/image\/\",\"url\":\"https:\/\/secure.gravatar.com\/avatar\/0c54089de4fcf14c0fe3355109a3ac05?s=96&d=mm&r=g\",\"contentUrl\":\"https:\/\/secure.gravatar.com\/avatar\/0c54089de4fcf14c0fe3355109a3ac05?s=96&d=mm&r=g\",\"caption\":\"Grad Opuzen\"},\"url\":\"https:\/\/www.opuzen.hr\/grad\/author\/admin\/\"}]}<\/script>\n<!-- \/ Yoast SEO plugin. -->","yoast_head_json":{"title":"Opuzen: \"I u mom gradu Vukovar svijetli!\" - Grad Opuzen","robots":{"index":"index","follow":"follow","max-snippet":"max-snippet:-1","max-image-preview":"max-image-preview:large","max-video-preview":"max-video-preview:-1"},"canonical":"https:\/\/www.opuzen.hr\/grad\/opuzen-i-u-mom-gradu-vukovar-svijetli\/","og_locale":"hr_HR","og_type":"article","og_title":"Opuzen: \"I u mom gradu Vukovar svijetli!\" - Grad Opuzen","og_description":"U Opuzenu je obilje\u017een Dan sje\u0107anja na \u017ertve Domovinskog rata i Dan sje\u0107anja na \u017ertvu...","og_url":"https:\/\/www.opuzen.hr\/grad\/opuzen-i-u-mom-gradu-vukovar-svijetli\/","og_site_name":"Grad Opuzen","article_published_time":"2023-11-18T19:14:42+00:00","article_modified_time":"2023-11-18T19:16:45+00:00","og_image":[{"width":2048,"height":1536,"url":"https:\/\/www.opuzen.hr\/grad\/wp-content\/uploads\/2023\/11\/IMG-20231118-WA0006.jpg","type":"image\/jpeg"}],"author":"Grad Opuzen","twitter_card":"summary_large_image","twitter_misc":{"Napisao\/la":"Grad Opuzen"},"schema":{"@context":"https:\/\/schema.org","@graph":[{"@type":"Article","@id":"https:\/\/www.opuzen.hr\/grad\/opuzen-i-u-mom-gradu-vukovar-svijetli\/#article","isPartOf":{"@id":"https:\/\/www.opuzen.hr\/grad\/opuzen-i-u-mom-gradu-vukovar-svijetli\/"},"author":{"name":"Grad Opuzen","@id":"https:\/\/www.opuzen.hr\/grad\/#\/schema\/person\/0a17a9796898e9409a1fa4ca7448a481"},"headline":"Opuzen: &#8220;I u mom gradu Vukovar svijetli!&#8221;","datePublished":"2023-11-18T19:14:42+00:00","dateModified":"2023-11-18T19:16:45+00:00","mainEntityOfPage":{"@id":"https:\/\/www.opuzen.hr\/grad\/opuzen-i-u-mom-gradu-vukovar-svijetli\/"},"wordCount":36,"publisher":{"@id":"https:\/\/www.opuzen.hr\/grad\/#organization"},"image":{"@id":"https:\/\/www.opuzen.hr\/grad\/opuzen-i-u-mom-gradu-vukovar-svijetli\/#primaryimage"},"thumbnailUrl":"https:\/\/www.opuzen.hr\/grad\/wp-content\/uploads\/2023\/11\/IMG-20231118-WA0006.jpg","articleSection":["Izdvojeno"],"inLanguage":"hr"},{"@type":"WebPage","@id":"https:\/\/www.opuzen.hr\/grad\/opuzen-i-u-mom-gradu-vukovar-svijetli\/","url":"https:\/\/www.opuzen.hr\/grad\/opuzen-i-u-mom-gradu-vukovar-svijetli\/","name":"Opuzen: \"I u mom gradu Vukovar svijetli!\" - Grad Opuzen","isPartOf":{"@id":"https:\/\/www.opuzen.hr\/grad\/#website"},"primaryImageOfPage":{"@id":"https:\/\/www.opuzen.hr\/grad\/opuzen-i-u-mom-gradu-vukovar-svijetli\/#primaryimage"},"image":{"@id":"https:\/\/www.opuzen.hr\/grad\/opuzen-i-u-mom-gradu-vukovar-svijetli\/#primaryimage"},"thumbnailUrl":"https:\/\/www.opuzen.hr\/grad\/wp-content\/uploads\/2023\/11\/IMG-20231118-WA0006.jpg","datePublished":"2023-11-18T19:14:42+00:00","dateModified":"2023-11-18T19:16:45+00:00","breadcrumb":{"@id":"https:\/\/www.opuzen.hr\/grad\/opuzen-i-u-mom-gradu-vukovar-svijetli\/#breadcrumb"},"inLanguage":"hr","potentialAction":[{"@type":"ReadAction","target":["https:\/\/www.opuzen.hr\/grad\/opuzen-i-u-mom-gradu-vukovar-svijetli\/"]}]},{"@type":"ImageObject","inLanguage":"hr","@id":"https:\/\/www.opuzen.hr\/grad\/opuzen-i-u-mom-gradu-vukovar-svijetli\/#primaryimage","url":"https:\/\/www.opuzen.hr\/grad\/wp-content\/uploads\/2023\/11\/IMG-20231118-WA0006.jpg","contentUrl":"https:\/\/www.opuzen.hr\/grad\/wp-content\/uploads\/2023\/11\/IMG-20231118-WA0006.jpg","width":2048,"height":1536},{"@type":"BreadcrumbList","@id":"https:\/\/www.opuzen.hr\/grad\/opuzen-i-u-mom-gradu-vukovar-svijetli\/#breadcrumb","itemListElement":[{"@type":"ListItem","position":1,"name":"Po\u010detna stranica","item":"https:\/\/www.opuzen.hr\/grad\/"},{"@type":"ListItem","position":2,"name":"Opuzen: &#8220;I u mom gradu Vukovar svijetli!&#8221;"}]},{"@type":"WebSite","@id":"https:\/\/www.opuzen.hr\/grad\/#website","url":"https:\/\/www.opuzen.hr\/grad\/","name":"Grad Opuzen","description":"Slu\u017ebene mre\u017ene stranice Grada Opuzena","publisher":{"@id":"https:\/\/www.opuzen.hr\/grad\/#organization"},"potentialAction":[{"@type":"SearchAction","target":{"@type":"EntryPoint","urlTemplate":"https:\/\/www.opuzen.hr\/grad\/?s={search_term_string}"},"query-input":"required name=search_term_string"}],"inLanguage":"hr"},{"@type":"Organization","@id":"https:\/\/www.opuzen.hr\/grad\/#organization","name":"Grad Opuzen","url":"https:\/\/www.opuzen.hr\/grad\/","logo":{"@type":"ImageObject","inLanguage":"hr","@id":"https:\/\/www.opuzen.hr\/grad\/#\/schema\/logo\/image\/","url":"https:\/\/www.opuzen.hr\/grad\/wp-content\/uploads\/2018\/02\/logo-opuzen.jpg","contentUrl":"https:\/\/www.opuzen.hr\/grad\/wp-content\/uploads\/2018\/02\/logo-opuzen.jpg","width":400,"height":400,"caption":"Grad Opuzen"},"image":{"@id":"https:\/\/www.opuzen.hr\/grad\/#\/schema\/logo\/image\/"}},{"@type":"Person","@id":"https:\/\/www.opuzen.hr\/grad\/#\/schema\/person\/0a17a9796898e9409a1fa4ca7448a481","name":"Grad Opuzen","image":{"@type":"ImageObject","inLanguage":"hr","@id":"https:\/\/www.opuzen.hr\/grad\/#\/schema\/person\/image\/","url":"https:\/\/secure.gravatar.com\/avatar\/0c54089de4fcf14c0fe3355109a3ac05?s=96&d=mm&r=g","contentUrl":"https:\/\/secure.gravatar.com\/avatar\/0c54089de4fcf14c0fe3355109a3ac05?s=96&d=mm&r=g","caption":"Grad Opuzen"},"url":"https:\/\/www.opuzen.hr\/grad\/author\/admin\/"}]}},"_links":{"self":[{"href":"https:\/\/www.opuzen.hr\/grad\/wp-json\/wp\/v2\/posts\/46318"}],"collection":[{"href":"https:\/\/www.opuzen.hr\/grad\/wp-json\/wp\/v2\/posts"}],"about":[{"href":"https:\/\/www.opuzen.hr\/grad\/wp-json\/wp\/v2\/types\/post"}],"author":[{"embeddable":true,"href":"https:\/\/www.opuzen.hr\/grad\/wp-json\/wp\/v2\/users\/3"}],"replies":[{"embeddable":true,"href":"https:\/\/www.opuzen.hr\/grad\/wp-json\/wp\/v2\/comments?post=46318"}],"version-history":[{"count":2,"href":"https:\/\/www.opuzen.hr\/grad\/wp-json\/wp\/v2\/posts\/46318\/revisions"}],"predecessor-version":[{"id":46325,"href":"https:\/\/www.opuzen.hr\/grad\/wp-json\/wp\/v2\/posts\/46318\/revisions\/46325"}],"wp:featuredmedia":[{"embeddable":true,"href":"https:\/\/www.opuzen.hr\/grad\/wp-json\/wp\/v2\/media\/46319"}],"wp:attachment":[{"href":"https:\/\/www.opuzen.hr\/grad\/wp-json\/wp\/v2\/media?parent=46318"}],"wp:term":[{"taxonomy":"category","embeddable":true,"href":"https:\/\/www.opuzen.hr\/grad\/wp-json\/wp\/v2\/categories?post=46318"},{"taxonomy":"post_tag","embeddable":true,"href":"https:\/\/www.opuzen.hr\/grad\/wp-json\/wp\/v2\/tags?post=46318"}],"curies":[{"name":"wp","href":"https:\/\/api.w.org\/{rel}","templated":true}]}}