{"id":46346,"date":"2023-11-15T12:00:53","date_gmt":"2023-11-15T11:00:53","guid":{"rendered":"https:\/\/www.opuzen.hr\/grad\/?p=46346"},"modified":"2023-11-29T10:02:25","modified_gmt":"2023-11-29T09:02:25","slug":"poziv-za-sve-nositelj-prava-i-ili-njihove-pravne-oponomucenike","status":"publish","type":"post","link":"https:\/\/www.opuzen.hr\/grad\/poziv-za-sve-nositelj-prava-i-ili-njihove-pravne-oponomucenike\/","title":{"rendered":"Poziv za sve nositelj prava i\/ili njihove pravne oponomu\u0107enike"},"content":{"rendered":"<p>Pozivaju se svi nositelji prava (i\/ili njihovi pravni opumo\u0107enici):<\/p>\n<ul>\n<li>1. na k.\u010d. 3013, 3012, 3014, 3004\/1 ,3006\/1, 3019, 3026 u k.o. Opuzen I<\/li>\n<li>2.na k.\u010d. 814 u k.o. Opuzen I<\/li>\n<\/ul>\n<p>na javni uvid u Geodetski Elaborat evidentiranja izvedenog stanja ceste koji \u0107e se odr\u017eati 30.11.2023. u 12 sati u Gradskoj vije\u0107ici Grada Opuzena. Evidentiranje \u0107e se izvr\u0161iti sukladno \u010dlanku 123. \u2013 133. Zakona o cestama (\u201cNarodne novine\u201d broj 84\/11, 22\/13, 54\/13, 148\/13, 92\/14, 110\/19 i 144\/21), temeljem kojeg se nerazvrstane ceste evidentiraju u katastru i upisuju u zemlji\u0161nu knjigu kao \u2013 javno dobro u op\u0107oj uporabi u vlasni\u0161tvu Grada Opuzena.<\/p>\n<p>Izlaganje geodetskog elaborata na javni uvid izvr\u0161it \u0107e ovla\u0161teni in\u017eenjer geodezije iz tvrtke GAPP d.o.o., Opuzen koja je izvo\u0111a\u010d radova izrade geodetskih elaborata izvedenog stanja nerazvrstanih cesta.<\/p>\n","protected":false},"excerpt":{"rendered":"<p>Pozivaju se svi nositelji prava (i\/ili njihovi pravni opumo\u0107enici): 1. na k.\u010d. 3013, 3012, 3014,&#8230;<\/p>\n","protected":false},"author":3,"featured_media":46347,"comment_status":"closed","ping_status":"closed","sticky":false,"template":"","format":"standard","meta":{"footnotes":""},"categories":[397,298,4],"tags":[],"class_list":["post-46346","post","type-post","status-publish","format-standard","has-post-thumbnail","hentry","category-istaknuto","category-izdvojeno","category-novosti","wpcat-397-id","wpcat-298-id","wpcat-4-id"],"yoast_head":"<!-- This site is optimized with the Yoast SEO plugin v23.1 - https:\/\/yoast.com\/wordpress\/plugins\/seo\/ -->\n<title>Poziv za sve nositelj prava i\/ili njihove pravne oponomu\u0107enike - Grad Opuzen<\/title>\n<meta name=\"robots\" content=\"index, follow, max-snippet:-1, max-image-preview:large, max-video-preview:-1\" \/>\n<link rel=\"canonical\" href=\"https:\/\/www.opuzen.hr\/grad\/poziv-za-sve-nositelj-prava-i-ili-njihove-pravne-oponomucenike\/\" \/>\n<meta property=\"og:locale\" content=\"hr_HR\" \/>\n<meta property=\"og:type\" content=\"article\" \/>\n<meta property=\"og:title\" content=\"Poziv za sve nositelj prava i\/ili njihove pravne oponomu\u0107enike - Grad Opuzen\" \/>\n<meta property=\"og:description\" content=\"Pozivaju se svi nositelji prava (i\/ili njihovi pravni opumo\u0107enici): 1. na k.\u010d. 3013, 3012, 3014,...\" \/>\n<meta property=\"og:url\" content=\"https:\/\/www.opuzen.hr\/grad\/poziv-za-sve-nositelj-prava-i-ili-njihove-pravne-oponomucenike\/\" \/>\n<meta property=\"og:site_name\" content=\"Grad Opuzen\" \/>\n<meta property=\"article:published_time\" content=\"2023-11-15T11:00:53+00:00\" \/>\n<meta property=\"article:modified_time\" content=\"2023-11-29T09:02:25+00:00\" \/>\n<meta property=\"og:image\" content=\"https:\/\/www.opuzen.hr\/grad\/wp-content\/uploads\/2023\/11\/OPUZEN.png\" \/>\n\t<meta property=\"og:image:width\" content=\"1200\" \/>\n\t<meta property=\"og:image:height\" content=\"628\" \/>\n\t<meta property=\"og:image:type\" content=\"image\/png\" \/>\n<meta name=\"author\" content=\"Grad Opuzen\" \/>\n<meta name=\"twitter:card\" content=\"summary_large_image\" \/>\n<meta name=\"twitter:label1\" content=\"Napisao\/la\" \/>\n\t<meta name=\"twitter:data1\" content=\"Grad Opuzen\" \/>\n\t<meta name=\"twitter:label2\" content=\"Procijenjeno vrijeme \u010ditanja\" \/>\n\t<meta name=\"twitter:data2\" content=\"1 minuta\" \/>\n<script type=\"application\/ld+json\" class=\"yoast-schema-graph\">{\"@context\":\"https:\/\/schema.org\",\"@graph\":[{\"@type\":\"Article\",\"@id\":\"https:\/\/www.opuzen.hr\/grad\/poziv-za-sve-nositelj-prava-i-ili-njihove-pravne-oponomucenike\/#article\",\"isPartOf\":{\"@id\":\"https:\/\/www.opuzen.hr\/grad\/poziv-za-sve-nositelj-prava-i-ili-njihove-pravne-oponomucenike\/\"},\"author\":{\"name\":\"Grad Opuzen\",\"@id\":\"https:\/\/www.opuzen.hr\/grad\/#\/schema\/person\/0a17a9796898e9409a1fa4ca7448a481\"},\"headline\":\"Poziv za sve nositelj prava i\/ili njihove pravne oponomu\u0107enike\",\"datePublished\":\"2023-11-15T11:00:53+00:00\",\"dateModified\":\"2023-11-29T09:02:25+00:00\",\"mainEntityOfPage\":{\"@id\":\"https:\/\/www.opuzen.hr\/grad\/poziv-za-sve-nositelj-prava-i-ili-njihove-pravne-oponomucenike\/\"},\"wordCount\":132,\"publisher\":{\"@id\":\"https:\/\/www.opuzen.hr\/grad\/#organization\"},\"image\":{\"@id\":\"https:\/\/www.opuzen.hr\/grad\/poziv-za-sve-nositelj-prava-i-ili-njihove-pravne-oponomucenike\/#primaryimage\"},\"thumbnailUrl\":\"https:\/\/www.opuzen.hr\/grad\/wp-content\/uploads\/2023\/11\/OPUZEN.png\",\"articleSection\":[\"Istaknuto\",\"Izdvojeno\",\"Novosti\"],\"inLanguage\":\"hr\"},{\"@type\":\"WebPage\",\"@id\":\"https:\/\/www.opuzen.hr\/grad\/poziv-za-sve-nositelj-prava-i-ili-njihove-pravne-oponomucenike\/\",\"url\":\"https:\/\/www.opuzen.hr\/grad\/poziv-za-sve-nositelj-prava-i-ili-njihove-pravne-oponomucenike\/\",\"name\":\"Poziv za sve nositelj prava i\/ili njihove pravne oponomu\u0107enike - Grad Opuzen\",\"isPartOf\":{\"@id\":\"https:\/\/www.opuzen.hr\/grad\/#website\"},\"primaryImageOfPage\":{\"@id\":\"https:\/\/www.opuzen.hr\/grad\/poziv-za-sve-nositelj-prava-i-ili-njihove-pravne-oponomucenike\/#primaryimage\"},\"image\":{\"@id\":\"https:\/\/www.opuzen.hr\/grad\/poziv-za-sve-nositelj-prava-i-ili-njihove-pravne-oponomucenike\/#primaryimage\"},\"thumbnailUrl\":\"https:\/\/www.opuzen.hr\/grad\/wp-content\/uploads\/2023\/11\/OPUZEN.png\",\"datePublished\":\"2023-11-15T11:00:53+00:00\",\"dateModified\":\"2023-11-29T09:02:25+00:00\",\"breadcrumb\":{\"@id\":\"https:\/\/www.opuzen.hr\/grad\/poziv-za-sve-nositelj-prava-i-ili-njihove-pravne-oponomucenike\/#breadcrumb\"},\"inLanguage\":\"hr\",\"potentialAction\":[{\"@type\":\"ReadAction\",\"target\":[\"https:\/\/www.opuzen.hr\/grad\/poziv-za-sve-nositelj-prava-i-ili-njihove-pravne-oponomucenike\/\"]}]},{\"@type\":\"ImageObject\",\"inLanguage\":\"hr\",\"@id\":\"https:\/\/www.opuzen.hr\/grad\/poziv-za-sve-nositelj-prava-i-ili-njihove-pravne-oponomucenike\/#primaryimage\",\"url\":\"https:\/\/www.opuzen.hr\/grad\/wp-content\/uploads\/2023\/11\/OPUZEN.png\",\"contentUrl\":\"https:\/\/www.opuzen.hr\/grad\/wp-content\/uploads\/2023\/11\/OPUZEN.png\",\"width\":1200,\"height\":628},{\"@type\":\"BreadcrumbList\",\"@id\":\"https:\/\/www.opuzen.hr\/grad\/poziv-za-sve-nositelj-prava-i-ili-njihove-pravne-oponomucenike\/#breadcrumb\",\"itemListElement\":[{\"@type\":\"ListItem\",\"position\":1,\"name\":\"Po\u010detna stranica\",\"item\":\"https:\/\/www.opuzen.hr\/grad\/\"},{\"@type\":\"ListItem\",\"position\":2,\"name\":\"Poziv za sve nositelj prava i\/ili njihove pravne oponomu\u0107enike\"}]},{\"@type\":\"WebSite\",\"@id\":\"https:\/\/www.opuzen.hr\/grad\/#website\",\"url\":\"https:\/\/www.opuzen.hr\/grad\/\",\"name\":\"Grad Opuzen\",\"description\":\"Slu\u017ebene mre\u017ene stranice Grada Opuzena\",\"publisher\":{\"@id\":\"https:\/\/www.opuzen.hr\/grad\/#organization\"},\"potentialAction\":[{\"@type\":\"SearchAction\",\"target\":{\"@type\":\"EntryPoint\",\"urlTemplate\":\"https:\/\/www.opuzen.hr\/grad\/?s={search_term_string}\"},\"query-input\":\"required name=search_term_string\"}],\"inLanguage\":\"hr\"},{\"@type\":\"Organization\",\"@id\":\"https:\/\/www.opuzen.hr\/grad\/#organization\",\"name\":\"Grad Opuzen\",\"url\":\"https:\/\/www.opuzen.hr\/grad\/\",\"logo\":{\"@type\":\"ImageObject\",\"inLanguage\":\"hr\",\"@id\":\"https:\/\/www.opuzen.hr\/grad\/#\/schema\/logo\/image\/\",\"url\":\"https:\/\/www.opuzen.hr\/grad\/wp-content\/uploads\/2018\/02\/logo-opuzen.jpg\",\"contentUrl\":\"https:\/\/www.opuzen.hr\/grad\/wp-content\/uploads\/2018\/02\/logo-opuzen.jpg\",\"width\":400,\"height\":400,\"caption\":\"Grad Opuzen\"},\"image\":{\"@id\":\"https:\/\/www.opuzen.hr\/grad\/#\/schema\/logo\/image\/\"}},{\"@type\":\"Person\",\"@id\":\"https:\/\/www.opuzen.hr\/grad\/#\/schema\/person\/0a17a9796898e9409a1fa4ca7448a481\",\"name\":\"Grad Opuzen\",\"image\":{\"@type\":\"ImageObject\",\"inLanguage\":\"hr\",\"@id\":\"https:\/\/www.opuzen.hr\/grad\/#\/schema\/person\/image\/\",\"url\":\"https:\/\/secure.gravatar.com\/avatar\/0c54089de4fcf14c0fe3355109a3ac05?s=96&d=mm&r=g\",\"contentUrl\":\"https:\/\/secure.gravatar.com\/avatar\/0c54089de4fcf14c0fe3355109a3ac05?s=96&d=mm&r=g\",\"caption\":\"Grad Opuzen\"},\"url\":\"https:\/\/www.opuzen.hr\/grad\/author\/admin\/\"}]}<\/script>\n<!-- \/ Yoast SEO plugin. -->","yoast_head_json":{"title":"Poziv za sve nositelj prava i\/ili njihove pravne oponomu\u0107enike - Grad Opuzen","robots":{"index":"index","follow":"follow","max-snippet":"max-snippet:-1","max-image-preview":"max-image-preview:large","max-video-preview":"max-video-preview:-1"},"canonical":"https:\/\/www.opuzen.hr\/grad\/poziv-za-sve-nositelj-prava-i-ili-njihove-pravne-oponomucenike\/","og_locale":"hr_HR","og_type":"article","og_title":"Poziv za sve nositelj prava i\/ili njihove pravne oponomu\u0107enike - Grad Opuzen","og_description":"Pozivaju se svi nositelji prava (i\/ili njihovi pravni opumo\u0107enici): 1. na k.\u010d. 3013, 3012, 3014,...","og_url":"https:\/\/www.opuzen.hr\/grad\/poziv-za-sve-nositelj-prava-i-ili-njihove-pravne-oponomucenike\/","og_site_name":"Grad Opuzen","article_published_time":"2023-11-15T11:00:53+00:00","article_modified_time":"2023-11-29T09:02:25+00:00","og_image":[{"width":1200,"height":628,"url":"https:\/\/www.opuzen.hr\/grad\/wp-content\/uploads\/2023\/11\/OPUZEN.png","type":"image\/png"}],"author":"Grad Opuzen","twitter_card":"summary_large_image","twitter_misc":{"Napisao\/la":"Grad Opuzen","Procijenjeno vrijeme \u010ditanja":"1 minuta"},"schema":{"@context":"https:\/\/schema.org","@graph":[{"@type":"Article","@id":"https:\/\/www.opuzen.hr\/grad\/poziv-za-sve-nositelj-prava-i-ili-njihove-pravne-oponomucenike\/#article","isPartOf":{"@id":"https:\/\/www.opuzen.hr\/grad\/poziv-za-sve-nositelj-prava-i-ili-njihove-pravne-oponomucenike\/"},"author":{"name":"Grad Opuzen","@id":"https:\/\/www.opuzen.hr\/grad\/#\/schema\/person\/0a17a9796898e9409a1fa4ca7448a481"},"headline":"Poziv za sve nositelj prava i\/ili njihove pravne oponomu\u0107enike","datePublished":"2023-11-15T11:00:53+00:00","dateModified":"2023-11-29T09:02:25+00:00","mainEntityOfPage":{"@id":"https:\/\/www.opuzen.hr\/grad\/poziv-za-sve-nositelj-prava-i-ili-njihove-pravne-oponomucenike\/"},"wordCount":132,"publisher":{"@id":"https:\/\/www.opuzen.hr\/grad\/#organization"},"image":{"@id":"https:\/\/www.opuzen.hr\/grad\/poziv-za-sve-nositelj-prava-i-ili-njihove-pravne-oponomucenike\/#primaryimage"},"thumbnailUrl":"https:\/\/www.opuzen.hr\/grad\/wp-content\/uploads\/2023\/11\/OPUZEN.png","articleSection":["Istaknuto","Izdvojeno","Novosti"],"inLanguage":"hr"},{"@type":"WebPage","@id":"https:\/\/www.opuzen.hr\/grad\/poziv-za-sve-nositelj-prava-i-ili-njihove-pravne-oponomucenike\/","url":"https:\/\/www.opuzen.hr\/grad\/poziv-za-sve-nositelj-prava-i-ili-njihove-pravne-oponomucenike\/","name":"Poziv za sve nositelj prava i\/ili njihove pravne oponomu\u0107enike - Grad Opuzen","isPartOf":{"@id":"https:\/\/www.opuzen.hr\/grad\/#website"},"primaryImageOfPage":{"@id":"https:\/\/www.opuzen.hr\/grad\/poziv-za-sve-nositelj-prava-i-ili-njihove-pravne-oponomucenike\/#primaryimage"},"image":{"@id":"https:\/\/www.opuzen.hr\/grad\/poziv-za-sve-nositelj-prava-i-ili-njihove-pravne-oponomucenike\/#primaryimage"},"thumbnailUrl":"https:\/\/www.opuzen.hr\/grad\/wp-content\/uploads\/2023\/11\/OPUZEN.png","datePublished":"2023-11-15T11:00:53+00:00","dateModified":"2023-11-29T09:02:25+00:00","breadcrumb":{"@id":"https:\/\/www.opuzen.hr\/grad\/poziv-za-sve-nositelj-prava-i-ili-njihove-pravne-oponomucenike\/#breadcrumb"},"inLanguage":"hr","potentialAction":[{"@type":"ReadAction","target":["https:\/\/www.opuzen.hr\/grad\/poziv-za-sve-nositelj-prava-i-ili-njihove-pravne-oponomucenike\/"]}]},{"@type":"ImageObject","inLanguage":"hr","@id":"https:\/\/www.opuzen.hr\/grad\/poziv-za-sve-nositelj-prava-i-ili-njihove-pravne-oponomucenike\/#primaryimage","url":"https:\/\/www.opuzen.hr\/grad\/wp-content\/uploads\/2023\/11\/OPUZEN.png","contentUrl":"https:\/\/www.opuzen.hr\/grad\/wp-content\/uploads\/2023\/11\/OPUZEN.png","width":1200,"height":628},{"@type":"BreadcrumbList","@id":"https:\/\/www.opuzen.hr\/grad\/poziv-za-sve-nositelj-prava-i-ili-njihove-pravne-oponomucenike\/#breadcrumb","itemListElement":[{"@type":"ListItem","position":1,"name":"Po\u010detna stranica","item":"https:\/\/www.opuzen.hr\/grad\/"},{"@type":"ListItem","position":2,"name":"Poziv za sve nositelj prava i\/ili njihove pravne oponomu\u0107enike"}]},{"@type":"WebSite","@id":"https:\/\/www.opuzen.hr\/grad\/#website","url":"https:\/\/www.opuzen.hr\/grad\/","name":"Grad Opuzen","description":"Slu\u017ebene mre\u017ene stranice Grada Opuzena","publisher":{"@id":"https:\/\/www.opuzen.hr\/grad\/#organization"},"potentialAction":[{"@type":"SearchAction","target":{"@type":"EntryPoint","urlTemplate":"https:\/\/www.opuzen.hr\/grad\/?s={search_term_string}"},"query-input":"required name=search_term_string"}],"inLanguage":"hr"},{"@type":"Organization","@id":"https:\/\/www.opuzen.hr\/grad\/#organization","name":"Grad Opuzen","url":"https:\/\/www.opuzen.hr\/grad\/","logo":{"@type":"ImageObject","inLanguage":"hr","@id":"https:\/\/www.opuzen.hr\/grad\/#\/schema\/logo\/image\/","url":"https:\/\/www.opuzen.hr\/grad\/wp-content\/uploads\/2018\/02\/logo-opuzen.jpg","contentUrl":"https:\/\/www.opuzen.hr\/grad\/wp-content\/uploads\/2018\/02\/logo-opuzen.jpg","width":400,"height":400,"caption":"Grad Opuzen"},"image":{"@id":"https:\/\/www.opuzen.hr\/grad\/#\/schema\/logo\/image\/"}},{"@type":"Person","@id":"https:\/\/www.opuzen.hr\/grad\/#\/schema\/person\/0a17a9796898e9409a1fa4ca7448a481","name":"Grad Opuzen","image":{"@type":"ImageObject","inLanguage":"hr","@id":"https:\/\/www.opuzen.hr\/grad\/#\/schema\/person\/image\/","url":"https:\/\/secure.gravatar.com\/avatar\/0c54089de4fcf14c0fe3355109a3ac05?s=96&d=mm&r=g","contentUrl":"https:\/\/secure.gravatar.com\/avatar\/0c54089de4fcf14c0fe3355109a3ac05?s=96&d=mm&r=g","caption":"Grad Opuzen"},"url":"https:\/\/www.opuzen.hr\/grad\/author\/admin\/"}]}},"_links":{"self":[{"href":"https:\/\/www.opuzen.hr\/grad\/wp-json\/wp\/v2\/posts\/46346"}],"collection":[{"href":"https:\/\/www.opuzen.hr\/grad\/wp-json\/wp\/v2\/posts"}],"about":[{"href":"https:\/\/www.opuzen.hr\/grad\/wp-json\/wp\/v2\/types\/post"}],"author":[{"embeddable":true,"href":"https:\/\/www.opuzen.hr\/grad\/wp-json\/wp\/v2\/users\/3"}],"replies":[{"embeddable":true,"href":"https:\/\/www.opuzen.hr\/grad\/wp-json\/wp\/v2\/comments?post=46346"}],"version-history":[{"count":1,"href":"https:\/\/www.opuzen.hr\/grad\/wp-json\/wp\/v2\/posts\/46346\/revisions"}],"predecessor-version":[{"id":46348,"href":"https:\/\/www.opuzen.hr\/grad\/wp-json\/wp\/v2\/posts\/46346\/revisions\/46348"}],"wp:featuredmedia":[{"embeddable":true,"href":"https:\/\/www.opuzen.hr\/grad\/wp-json\/wp\/v2\/media\/46347"}],"wp:attachment":[{"href":"https:\/\/www.opuzen.hr\/grad\/wp-json\/wp\/v2\/media?parent=46346"}],"wp:term":[{"taxonomy":"category","embeddable":true,"href":"https:\/\/www.opuzen.hr\/grad\/wp-json\/wp\/v2\/categories?post=46346"},{"taxonomy":"post_tag","embeddable":true,"href":"https:\/\/www.opuzen.hr\/grad\/wp-json\/wp\/v2\/tags?post=46346"}],"curies":[{"name":"wp","href":"https:\/\/api.w.org\/{rel}","templated":true}]}}