{"id":47548,"date":"2024-02-17T00:42:31","date_gmt":"2024-02-16T23:42:31","guid":{"rendered":"https:\/\/www.opuzen.hr\/grad\/?p=47548"},"modified":"2024-08-13T13:45:29","modified_gmt":"2024-08-13T11:45:29","slug":"poziv-na-28-sjednicu-gradskog-vijeca-grada-opuzena","status":"publish","type":"post","link":"https:\/\/www.opuzen.hr\/grad\/poziv-na-28-sjednicu-gradskog-vijeca-grada-opuzena\/","title":{"rendered":"Poziv na 28. sjednicu Gradskog vije\u0107a Grada Opuzena"},"content":{"rendered":"<p>Sazvana je XXVIII. sjednica Gradskog vije\u0107a Grada Opuzena za dan <strong>22. velja\u010de 2024. godine (\u010detvrtak) s po\u010detkom u 18:00 sati<\/strong>, u velikoj dvorani Gradske vije\u0107nice, Trg kralja Tomislava 1.<\/p>\n<p><strong>Dnevni red<\/strong><\/p>\n<p>1. Prijedlog zapisnika sa XXVII. sjednice Gradskog vije\u0107a<\/p>\n<p>2. Aktualni sat<\/p>\n<p>3. Prijedlog Odluke o izmjenama i dopunama Prora\u010duna Grada Opuzena za 2024. godinu<\/p>\n<p>4. Prijedlog Plana upravljanja pomorskim dobrom na podru\u010dju Grada Opuzena za razdoblje 2024. &#8211; 2028. godine<\/p>\n<p>5. Prijedlog Odluke o raspisivanju javnog natje\u010daja za prodaju zemlji\u0161ta u vlasni\u0161tvu Grada Opuzena<\/p>\n<p>6. Prijedlog Odluke o davanju suglasnosti za provedbu ulaganja na podru\u010dju Grada Opuzena &#8211; rekonstrukcija dijela nerazvrstane ceste na podru\u010dju Grada Opuzena &#8211; Zagreba\u010dka ulica<\/p>\n<p>7. Doga\u0111anje i stanje u dru\u0161tvu \u010cisto\u0107a d.o.o. te zahtijevanje da postupim nezakonito pri potpisu Odluke poslije \u010dega mi je uslijedila Ostavka od strane Predsjednika skup\u0161tine<\/p>\n<!-- WP Attachments -->\r\n        <div style=\"width:100%;margin:10px 0 10px 0;\">\r\n            <h3>Prilozi sadr\u017eaju:<\/h3>\r\n        <ul class=\"post-attachments\"><li class=\"post-attachment mime-application-msword\">                                \r\n<a target=\"_blank\" href=\"https:\/\/www.opuzen.hr\/grad\/poziv-na-28-sjednicu-gradskog-vijeca-grada-opuzena\/?download=47551\">1. 27. sjednica - zapisnik<\/a><div style=\"float:right;\">235 kB \/ Preuzeto: 184<\/div>\r\n<br><small><\/small><\/li><li class=\"post-attachment mime-application-vnd-openxmlformats-officedocument-wordprocessingml-document\">                                \r\n<a target=\"_blank\" href=\"https:\/\/www.opuzen.hr\/grad\/poziv-na-28-sjednicu-gradskog-vijeca-grada-opuzena\/?download=47552\">3. Obrazlo\u017eenje I. Izmjena i dopuna prora\u010duna Grada Opuzena<\/a><div style=\"float:right;\">28 kB \/ Preuzeto: 145<\/div>\r\n<br><small><\/small><\/li><li class=\"post-attachment mime-application-vnd-openxmlformats-officedocument-wordprocessingml-document\">                                \r\n<a target=\"_blank\" href=\"https:\/\/www.opuzen.hr\/grad\/poziv-na-28-sjednicu-gradskog-vijeca-grada-opuzena\/?download=47553\">3. Prijedlog 1. Izmjena i dopuna prora\u010duna Grada Opuzena za 2024.g.-obrazlo\u017eenje stavki promjena iznosa<\/a><div style=\"float:right;\">33 kB \/ Preuzeto: 174<\/div>\r\n<br><small><\/small><\/li><li class=\"post-attachment mime-application-vnd-ms-excel\">                                \r\n<a target=\"_blank\" href=\"https:\/\/www.opuzen.hr\/grad\/poziv-na-28-sjednicu-gradskog-vijeca-grada-opuzena\/?download=47554\">3. Prijedlog Odluke o I. Izmjenama i dopunama prora\u010duna Grada Opuzena<\/a><div style=\"float:right;\">150 kB \/ Preuzeto: 163<\/div>\r\n<br><small><\/small><\/li><li class=\"post-attachment mime-application-pdf\">                                \r\n<a target=\"_blank\" href=\"https:\/\/www.opuzen.hr\/grad\/poziv-na-28-sjednicu-gradskog-vijeca-grada-opuzena\/?download=47555\">4. Plan upravljanja 2024 2028<\/a><div style=\"float:right;\">252 kB \/ Preuzeto: 151<\/div>\r\n<br><small><\/small><\/li><li class=\"post-attachment mime-application-msword\">                                \r\n<a target=\"_blank\" href=\"https:\/\/www.opuzen.hr\/grad\/poziv-na-28-sjednicu-gradskog-vijeca-grada-opuzena\/?download=47556\">4. Prijedlog Plana upravljanja pomorskim dobrom na podru\u010dju Grada Opuzena za razdoblje 2024 2028 godine<\/a><div style=\"float:right;\">68 kB \/ Preuzeto: 146<\/div>\r\n<br><small><\/small><\/li><li class=\"post-attachment mime-application-pdf\">                                \r\n<a target=\"_blank\" href=\"https:\/\/www.opuzen.hr\/grad\/poziv-na-28-sjednicu-gradskog-vijeca-grada-opuzena\/?download=47557\">5. Mi\u0161ljenje DN\u017d za GRAD OPUZEN<\/a><div style=\"float:right;\">184 kB \/ Preuzeto: 142<\/div>\r\n<br><small><\/small><\/li><li class=\"post-attachment mime-application-vnd-openxmlformats-officedocument-wordprocessingml-document\">                                \r\n<a target=\"_blank\" href=\"https:\/\/www.opuzen.hr\/grad\/poziv-na-28-sjednicu-gradskog-vijeca-grada-opuzena\/?download=47558\">5. Prijedlog Odluke o raspisivanju javnog natje\u010daja za prodaju zemlji\u0161ta u vlasni\u0161tvu Grada Opuzen<\/a><div style=\"float:right;\">29 kB \/ Preuzeto: 169<\/div>\r\n<br><small><\/small><\/li><li class=\"post-attachment mime-application-pdf\">                                \r\n<a target=\"_blank\" href=\"https:\/\/www.opuzen.hr\/grad\/poziv-na-28-sjednicu-gradskog-vijeca-grada-opuzena\/?download=47559\">5. Procjembeni ELABORAT k.\u010d.z.1541-1<\/a><div style=\"float:right;\">4 MB \/ Preuzeto: 171<\/div>\r\n<br><small><\/small><\/li><li class=\"post-attachment mime-application-vnd-openxmlformats-officedocument-wordprocessingml-document\">                                \r\n<a target=\"_blank\" href=\"https:\/\/www.opuzen.hr\/grad\/poziv-na-28-sjednicu-gradskog-vijeca-grada-opuzena\/?download=47560\">6. Prijedlog Odluke o davanju suglasnosti za provedbu ulaganja na podru\u010dju Grada Opuzena - rekonstrukcija dijela nerazvr<\/a><div style=\"float:right;\">29 kB \/ Preuzeto: 176<\/div>\r\n<br><small><\/small><\/li><li class=\"post-attachment mime-application-pdf\">                                \r\n<a target=\"_blank\" href=\"https:\/\/www.opuzen.hr\/grad\/poziv-na-28-sjednicu-gradskog-vijeca-grada-opuzena\/?download=47561\">7. Doga\u0111anja i stanje u dru\u0161tvu \u010cisto\u0107a d.o.o.<\/a><div style=\"float:right;\">187 kB \/ Preuzeto: 180<\/div>\r\n<br><small><\/small><\/li><li class=\"post-attachment mime-application-pdf\">                                \r\n<a target=\"_blank\" href=\"https:\/\/www.opuzen.hr\/grad\/poziv-na-28-sjednicu-gradskog-vijeca-grada-opuzena\/?download=47562\">Poziv za XXVIII sjednicu GV<\/a><div style=\"float:right;\">64 kB \/ Preuzeto: 158<\/div>\r\n<br><small><\/small><\/li><li class=\"post-attachment mime-application-pdf\">                                \r\n<a target=\"_blank\" href=\"https:\/\/www.opuzen.hr\/grad\/poziv-na-28-sjednicu-gradskog-vijeca-grada-opuzena\/?download=47563\">Prestanak mirovanja vije\u0107ni\u010dkog mandata_Elvis So\u010de<\/a><div style=\"float:right;\">38 kB \/ Preuzeto: 174<\/div>\r\n<br><small><\/small><\/li><\/ul><\/div>","protected":false},"excerpt":{"rendered":"<p>Sazvana je XXVIII. sjednica Gradskog vije\u0107a Grada Opuzena za dan 22. velja\u010de 2024. godine (\u010detvrtak)&#8230;<\/p>\n","protected":false},"author":3,"featured_media":47567,"comment_status":"closed","ping_status":"closed","sticky":false,"template":"","format":"standard","meta":{"footnotes":""},"categories":[393],"tags":[],"class_list":["post-47548","post","type-post","status-publish","format-standard","has-post-thumbnail","hentry","category-sjednice-gradskog-vijeca","wpcat-393-id"],"yoast_head":"<!-- This site is optimized with the Yoast SEO plugin v23.1 - https:\/\/yoast.com\/wordpress\/plugins\/seo\/ -->\n<title>Poziv na 28. sjednicu Gradskog vije\u0107a Grada Opuzena - Grad Opuzen<\/title>\n<meta name=\"robots\" content=\"index, follow, max-snippet:-1, max-image-preview:large, max-video-preview:-1\" \/>\n<link rel=\"canonical\" href=\"https:\/\/www.opuzen.hr\/grad\/poziv-na-28-sjednicu-gradskog-vijeca-grada-opuzena\/\" \/>\n<meta property=\"og:locale\" content=\"hr_HR\" \/>\n<meta property=\"og:type\" content=\"article\" \/>\n<meta property=\"og:title\" content=\"Poziv na 28. sjednicu Gradskog vije\u0107a Grada Opuzena - Grad Opuzen\" \/>\n<meta property=\"og:description\" content=\"Sazvana je XXVIII. sjednica Gradskog vije\u0107a Grada Opuzena za dan 22. velja\u010de 2024. godine (\u010detvrtak)...\" \/>\n<meta property=\"og:url\" content=\"https:\/\/www.opuzen.hr\/grad\/poziv-na-28-sjednicu-gradskog-vijeca-grada-opuzena\/\" \/>\n<meta property=\"og:site_name\" content=\"Grad Opuzen\" \/>\n<meta property=\"article:published_time\" content=\"2024-02-16T23:42:31+00:00\" \/>\n<meta property=\"article:modified_time\" content=\"2024-08-13T11:45:29+00:00\" \/>\n<meta property=\"og:image\" content=\"https:\/\/www.opuzen.hr\/grad\/wp-content\/uploads\/2024\/02\/Zapisnik-sa-28.-sjednice-Gradskog-vijeca-Grada-Opuzena-1.png\" \/>\n\t<meta property=\"og:image:width\" content=\"1200\" \/>\n\t<meta property=\"og:image:height\" content=\"628\" \/>\n\t<meta property=\"og:image:type\" content=\"image\/png\" \/>\n<meta name=\"author\" content=\"Grad Opuzen\" \/>\n<meta name=\"twitter:card\" content=\"summary_large_image\" \/>\n<meta name=\"twitter:label1\" content=\"Napisao\/la\" \/>\n\t<meta name=\"twitter:data1\" content=\"Grad Opuzen\" \/>\n\t<meta name=\"twitter:label2\" content=\"Procijenjeno vrijeme \u010ditanja\" \/>\n\t<meta name=\"twitter:data2\" content=\"1 minuta\" \/>\n<script type=\"application\/ld+json\" class=\"yoast-schema-graph\">{\"@context\":\"https:\/\/schema.org\",\"@graph\":[{\"@type\":\"Article\",\"@id\":\"https:\/\/www.opuzen.hr\/grad\/poziv-na-28-sjednicu-gradskog-vijeca-grada-opuzena\/#article\",\"isPartOf\":{\"@id\":\"https:\/\/www.opuzen.hr\/grad\/poziv-na-28-sjednicu-gradskog-vijeca-grada-opuzena\/\"},\"author\":{\"name\":\"Grad Opuzen\",\"@id\":\"https:\/\/www.opuzen.hr\/grad\/#\/schema\/person\/0a17a9796898e9409a1fa4ca7448a481\"},\"headline\":\"Poziv na 28. sjednicu Gradskog vije\u0107a Grada Opuzena\",\"datePublished\":\"2024-02-16T23:42:31+00:00\",\"dateModified\":\"2024-08-13T11:45:29+00:00\",\"mainEntityOfPage\":{\"@id\":\"https:\/\/www.opuzen.hr\/grad\/poziv-na-28-sjednicu-gradskog-vijeca-grada-opuzena\/\"},\"wordCount\":149,\"publisher\":{\"@id\":\"https:\/\/www.opuzen.hr\/grad\/#organization\"},\"image\":{\"@id\":\"https:\/\/www.opuzen.hr\/grad\/poziv-na-28-sjednicu-gradskog-vijeca-grada-opuzena\/#primaryimage\"},\"thumbnailUrl\":\"https:\/\/www.opuzen.hr\/grad\/wp-content\/uploads\/2024\/02\/Zapisnik-sa-28.-sjednice-Gradskog-vijeca-Grada-Opuzena-1.png\",\"articleSection\":[\"Sjednice gradskog vije\u0107a\"],\"inLanguage\":\"hr\"},{\"@type\":\"WebPage\",\"@id\":\"https:\/\/www.opuzen.hr\/grad\/poziv-na-28-sjednicu-gradskog-vijeca-grada-opuzena\/\",\"url\":\"https:\/\/www.opuzen.hr\/grad\/poziv-na-28-sjednicu-gradskog-vijeca-grada-opuzena\/\",\"name\":\"Poziv na 28. sjednicu Gradskog vije\u0107a Grada Opuzena - Grad Opuzen\",\"isPartOf\":{\"@id\":\"https:\/\/www.opuzen.hr\/grad\/#website\"},\"primaryImageOfPage\":{\"@id\":\"https:\/\/www.opuzen.hr\/grad\/poziv-na-28-sjednicu-gradskog-vijeca-grada-opuzena\/#primaryimage\"},\"image\":{\"@id\":\"https:\/\/www.opuzen.hr\/grad\/poziv-na-28-sjednicu-gradskog-vijeca-grada-opuzena\/#primaryimage\"},\"thumbnailUrl\":\"https:\/\/www.opuzen.hr\/grad\/wp-content\/uploads\/2024\/02\/Zapisnik-sa-28.-sjednice-Gradskog-vijeca-Grada-Opuzena-1.png\",\"datePublished\":\"2024-02-16T23:42:31+00:00\",\"dateModified\":\"2024-08-13T11:45:29+00:00\",\"breadcrumb\":{\"@id\":\"https:\/\/www.opuzen.hr\/grad\/poziv-na-28-sjednicu-gradskog-vijeca-grada-opuzena\/#breadcrumb\"},\"inLanguage\":\"hr\",\"potentialAction\":[{\"@type\":\"ReadAction\",\"target\":[\"https:\/\/www.opuzen.hr\/grad\/poziv-na-28-sjednicu-gradskog-vijeca-grada-opuzena\/\"]}]},{\"@type\":\"ImageObject\",\"inLanguage\":\"hr\",\"@id\":\"https:\/\/www.opuzen.hr\/grad\/poziv-na-28-sjednicu-gradskog-vijeca-grada-opuzena\/#primaryimage\",\"url\":\"https:\/\/www.opuzen.hr\/grad\/wp-content\/uploads\/2024\/02\/Zapisnik-sa-28.-sjednice-Gradskog-vijeca-Grada-Opuzena-1.png\",\"contentUrl\":\"https:\/\/www.opuzen.hr\/grad\/wp-content\/uploads\/2024\/02\/Zapisnik-sa-28.-sjednice-Gradskog-vijeca-Grada-Opuzena-1.png\",\"width\":1200,\"height\":628},{\"@type\":\"BreadcrumbList\",\"@id\":\"https:\/\/www.opuzen.hr\/grad\/poziv-na-28-sjednicu-gradskog-vijeca-grada-opuzena\/#breadcrumb\",\"itemListElement\":[{\"@type\":\"ListItem\",\"position\":1,\"name\":\"Po\u010detna stranica\",\"item\":\"https:\/\/www.opuzen.hr\/grad\/\"},{\"@type\":\"ListItem\",\"position\":2,\"name\":\"Poziv na 28. sjednicu Gradskog vije\u0107a Grada Opuzena\"}]},{\"@type\":\"WebSite\",\"@id\":\"https:\/\/www.opuzen.hr\/grad\/#website\",\"url\":\"https:\/\/www.opuzen.hr\/grad\/\",\"name\":\"Grad Opuzen\",\"description\":\"Slu\u017ebene mre\u017ene stranice Grada Opuzena\",\"publisher\":{\"@id\":\"https:\/\/www.opuzen.hr\/grad\/#organization\"},\"potentialAction\":[{\"@type\":\"SearchAction\",\"target\":{\"@type\":\"EntryPoint\",\"urlTemplate\":\"https:\/\/www.opuzen.hr\/grad\/?s={search_term_string}\"},\"query-input\":\"required name=search_term_string\"}],\"inLanguage\":\"hr\"},{\"@type\":\"Organization\",\"@id\":\"https:\/\/www.opuzen.hr\/grad\/#organization\",\"name\":\"Grad Opuzen\",\"url\":\"https:\/\/www.opuzen.hr\/grad\/\",\"logo\":{\"@type\":\"ImageObject\",\"inLanguage\":\"hr\",\"@id\":\"https:\/\/www.opuzen.hr\/grad\/#\/schema\/logo\/image\/\",\"url\":\"https:\/\/www.opuzen.hr\/grad\/wp-content\/uploads\/2018\/02\/logo-opuzen.jpg\",\"contentUrl\":\"https:\/\/www.opuzen.hr\/grad\/wp-content\/uploads\/2018\/02\/logo-opuzen.jpg\",\"width\":400,\"height\":400,\"caption\":\"Grad Opuzen\"},\"image\":{\"@id\":\"https:\/\/www.opuzen.hr\/grad\/#\/schema\/logo\/image\/\"}},{\"@type\":\"Person\",\"@id\":\"https:\/\/www.opuzen.hr\/grad\/#\/schema\/person\/0a17a9796898e9409a1fa4ca7448a481\",\"name\":\"Grad Opuzen\",\"image\":{\"@type\":\"ImageObject\",\"inLanguage\":\"hr\",\"@id\":\"https:\/\/www.opuzen.hr\/grad\/#\/schema\/person\/image\/\",\"url\":\"https:\/\/secure.gravatar.com\/avatar\/0c54089de4fcf14c0fe3355109a3ac05?s=96&d=mm&r=g\",\"contentUrl\":\"https:\/\/secure.gravatar.com\/avatar\/0c54089de4fcf14c0fe3355109a3ac05?s=96&d=mm&r=g\",\"caption\":\"Grad Opuzen\"},\"url\":\"https:\/\/www.opuzen.hr\/grad\/author\/admin\/\"}]}<\/script>\n<!-- \/ Yoast SEO plugin. -->","yoast_head_json":{"title":"Poziv na 28. sjednicu Gradskog vije\u0107a Grada Opuzena - Grad Opuzen","robots":{"index":"index","follow":"follow","max-snippet":"max-snippet:-1","max-image-preview":"max-image-preview:large","max-video-preview":"max-video-preview:-1"},"canonical":"https:\/\/www.opuzen.hr\/grad\/poziv-na-28-sjednicu-gradskog-vijeca-grada-opuzena\/","og_locale":"hr_HR","og_type":"article","og_title":"Poziv na 28. sjednicu Gradskog vije\u0107a Grada Opuzena - Grad Opuzen","og_description":"Sazvana je XXVIII. sjednica Gradskog vije\u0107a Grada Opuzena za dan 22. velja\u010de 2024. godine (\u010detvrtak)...","og_url":"https:\/\/www.opuzen.hr\/grad\/poziv-na-28-sjednicu-gradskog-vijeca-grada-opuzena\/","og_site_name":"Grad Opuzen","article_published_time":"2024-02-16T23:42:31+00:00","article_modified_time":"2024-08-13T11:45:29+00:00","og_image":[{"width":1200,"height":628,"url":"https:\/\/www.opuzen.hr\/grad\/wp-content\/uploads\/2024\/02\/Zapisnik-sa-28.-sjednice-Gradskog-vijeca-Grada-Opuzena-1.png","type":"image\/png"}],"author":"Grad Opuzen","twitter_card":"summary_large_image","twitter_misc":{"Napisao\/la":"Grad Opuzen","Procijenjeno vrijeme \u010ditanja":"1 minuta"},"schema":{"@context":"https:\/\/schema.org","@graph":[{"@type":"Article","@id":"https:\/\/www.opuzen.hr\/grad\/poziv-na-28-sjednicu-gradskog-vijeca-grada-opuzena\/#article","isPartOf":{"@id":"https:\/\/www.opuzen.hr\/grad\/poziv-na-28-sjednicu-gradskog-vijeca-grada-opuzena\/"},"author":{"name":"Grad Opuzen","@id":"https:\/\/www.opuzen.hr\/grad\/#\/schema\/person\/0a17a9796898e9409a1fa4ca7448a481"},"headline":"Poziv na 28. sjednicu Gradskog vije\u0107a Grada Opuzena","datePublished":"2024-02-16T23:42:31+00:00","dateModified":"2024-08-13T11:45:29+00:00","mainEntityOfPage":{"@id":"https:\/\/www.opuzen.hr\/grad\/poziv-na-28-sjednicu-gradskog-vijeca-grada-opuzena\/"},"wordCount":149,"publisher":{"@id":"https:\/\/www.opuzen.hr\/grad\/#organization"},"image":{"@id":"https:\/\/www.opuzen.hr\/grad\/poziv-na-28-sjednicu-gradskog-vijeca-grada-opuzena\/#primaryimage"},"thumbnailUrl":"https:\/\/www.opuzen.hr\/grad\/wp-content\/uploads\/2024\/02\/Zapisnik-sa-28.-sjednice-Gradskog-vijeca-Grada-Opuzena-1.png","articleSection":["Sjednice gradskog vije\u0107a"],"inLanguage":"hr"},{"@type":"WebPage","@id":"https:\/\/www.opuzen.hr\/grad\/poziv-na-28-sjednicu-gradskog-vijeca-grada-opuzena\/","url":"https:\/\/www.opuzen.hr\/grad\/poziv-na-28-sjednicu-gradskog-vijeca-grada-opuzena\/","name":"Poziv na 28. sjednicu Gradskog vije\u0107a Grada Opuzena - Grad Opuzen","isPartOf":{"@id":"https:\/\/www.opuzen.hr\/grad\/#website"},"primaryImageOfPage":{"@id":"https:\/\/www.opuzen.hr\/grad\/poziv-na-28-sjednicu-gradskog-vijeca-grada-opuzena\/#primaryimage"},"image":{"@id":"https:\/\/www.opuzen.hr\/grad\/poziv-na-28-sjednicu-gradskog-vijeca-grada-opuzena\/#primaryimage"},"thumbnailUrl":"https:\/\/www.opuzen.hr\/grad\/wp-content\/uploads\/2024\/02\/Zapisnik-sa-28.-sjednice-Gradskog-vijeca-Grada-Opuzena-1.png","datePublished":"2024-02-16T23:42:31+00:00","dateModified":"2024-08-13T11:45:29+00:00","breadcrumb":{"@id":"https:\/\/www.opuzen.hr\/grad\/poziv-na-28-sjednicu-gradskog-vijeca-grada-opuzena\/#breadcrumb"},"inLanguage":"hr","potentialAction":[{"@type":"ReadAction","target":["https:\/\/www.opuzen.hr\/grad\/poziv-na-28-sjednicu-gradskog-vijeca-grada-opuzena\/"]}]},{"@type":"ImageObject","inLanguage":"hr","@id":"https:\/\/www.opuzen.hr\/grad\/poziv-na-28-sjednicu-gradskog-vijeca-grada-opuzena\/#primaryimage","url":"https:\/\/www.opuzen.hr\/grad\/wp-content\/uploads\/2024\/02\/Zapisnik-sa-28.-sjednice-Gradskog-vijeca-Grada-Opuzena-1.png","contentUrl":"https:\/\/www.opuzen.hr\/grad\/wp-content\/uploads\/2024\/02\/Zapisnik-sa-28.-sjednice-Gradskog-vijeca-Grada-Opuzena-1.png","width":1200,"height":628},{"@type":"BreadcrumbList","@id":"https:\/\/www.opuzen.hr\/grad\/poziv-na-28-sjednicu-gradskog-vijeca-grada-opuzena\/#breadcrumb","itemListElement":[{"@type":"ListItem","position":1,"name":"Po\u010detna stranica","item":"https:\/\/www.opuzen.hr\/grad\/"},{"@type":"ListItem","position":2,"name":"Poziv na 28. sjednicu Gradskog vije\u0107a Grada Opuzena"}]},{"@type":"WebSite","@id":"https:\/\/www.opuzen.hr\/grad\/#website","url":"https:\/\/www.opuzen.hr\/grad\/","name":"Grad Opuzen","description":"Slu\u017ebene mre\u017ene stranice Grada Opuzena","publisher":{"@id":"https:\/\/www.opuzen.hr\/grad\/#organization"},"potentialAction":[{"@type":"SearchAction","target":{"@type":"EntryPoint","urlTemplate":"https:\/\/www.opuzen.hr\/grad\/?s={search_term_string}"},"query-input":"required name=search_term_string"}],"inLanguage":"hr"},{"@type":"Organization","@id":"https:\/\/www.opuzen.hr\/grad\/#organization","name":"Grad Opuzen","url":"https:\/\/www.opuzen.hr\/grad\/","logo":{"@type":"ImageObject","inLanguage":"hr","@id":"https:\/\/www.opuzen.hr\/grad\/#\/schema\/logo\/image\/","url":"https:\/\/www.opuzen.hr\/grad\/wp-content\/uploads\/2018\/02\/logo-opuzen.jpg","contentUrl":"https:\/\/www.opuzen.hr\/grad\/wp-content\/uploads\/2018\/02\/logo-opuzen.jpg","width":400,"height":400,"caption":"Grad Opuzen"},"image":{"@id":"https:\/\/www.opuzen.hr\/grad\/#\/schema\/logo\/image\/"}},{"@type":"Person","@id":"https:\/\/www.opuzen.hr\/grad\/#\/schema\/person\/0a17a9796898e9409a1fa4ca7448a481","name":"Grad Opuzen","image":{"@type":"ImageObject","inLanguage":"hr","@id":"https:\/\/www.opuzen.hr\/grad\/#\/schema\/person\/image\/","url":"https:\/\/secure.gravatar.com\/avatar\/0c54089de4fcf14c0fe3355109a3ac05?s=96&d=mm&r=g","contentUrl":"https:\/\/secure.gravatar.com\/avatar\/0c54089de4fcf14c0fe3355109a3ac05?s=96&d=mm&r=g","caption":"Grad Opuzen"},"url":"https:\/\/www.opuzen.hr\/grad\/author\/admin\/"}]}},"_links":{"self":[{"href":"https:\/\/www.opuzen.hr\/grad\/wp-json\/wp\/v2\/posts\/47548"}],"collection":[{"href":"https:\/\/www.opuzen.hr\/grad\/wp-json\/wp\/v2\/posts"}],"about":[{"href":"https:\/\/www.opuzen.hr\/grad\/wp-json\/wp\/v2\/types\/post"}],"author":[{"embeddable":true,"href":"https:\/\/www.opuzen.hr\/grad\/wp-json\/wp\/v2\/users\/3"}],"replies":[{"embeddable":true,"href":"https:\/\/www.opuzen.hr\/grad\/wp-json\/wp\/v2\/comments?post=47548"}],"version-history":[{"count":6,"href":"https:\/\/www.opuzen.hr\/grad\/wp-json\/wp\/v2\/posts\/47548\/revisions"}],"predecessor-version":[{"id":47569,"href":"https:\/\/www.opuzen.hr\/grad\/wp-json\/wp\/v2\/posts\/47548\/revisions\/47569"}],"wp:featuredmedia":[{"embeddable":true,"href":"https:\/\/www.opuzen.hr\/grad\/wp-json\/wp\/v2\/media\/47567"}],"wp:attachment":[{"href":"https:\/\/www.opuzen.hr\/grad\/wp-json\/wp\/v2\/media?parent=47548"}],"wp:term":[{"taxonomy":"category","embeddable":true,"href":"https:\/\/www.opuzen.hr\/grad\/wp-json\/wp\/v2\/categories?post=47548"},{"taxonomy":"post_tag","embeddable":true,"href":"https:\/\/www.opuzen.hr\/grad\/wp-json\/wp\/v2\/tags?post=47548"}],"curies":[{"name":"wp","href":"https:\/\/api.w.org\/{rel}","templated":true}]}}