{"id":47656,"date":"2024-03-23T09:05:47","date_gmt":"2024-03-23T08:05:47","guid":{"rendered":"https:\/\/www.opuzen.hr\/grad\/?p=47656"},"modified":"2024-03-23T09:12:35","modified_gmt":"2024-03-23T08:12:35","slug":"otvorena-izlozba-uskrs-u-mistu-tradicija-i-suvremenost","status":"publish","type":"post","link":"https:\/\/www.opuzen.hr\/grad\/otvorena-izlozba-uskrs-u-mistu-tradicija-i-suvremenost\/","title":{"rendered":"Otvorena izlo\u017eba: Uskrs u Mistu &#8211; tradicija i suvremenost"},"content":{"rendered":"<p>Sino\u0107 je na Trgu kralja Tomislava sve\u010dano otvorena izlo\u017eba &#8220;Uskrs u Mistu &#8211; tradicija i suvremenost&#8221; u organizaciji \u010dlanica i \u010dlanova KUD-a &#8220;Sveti Stipan&#8221; Opuzen.<\/p>\n<p>Sve\u010dano otvorenje su uveli\u010dali \u017denska pjeva\u010dka skupina i Pu\u010dki piva\u010di Dru\u0161tva koji su izveli stare korizmene napjeve Narodi moj ljubljeni, Tiha no\u0107 se evo spusti, O Marijo, Majko i Prosti moj Bo\u017eje.<\/p>\n<p>Pozdravni govor okupljenima je uputio i gradona\u010delnik Opuzena Ivan Mataga.<br \/>\n<img fetchpriority=\"high\" decoding=\"async\" class=\"alignnone size-large wp-image-47664\" src=\"https:\/\/www.opuzen.hr\/grad\/wp-content\/uploads\/2024\/03\/FB_IMG_1711181248841-1024x768.jpg\" alt=\"\" width=\"1024\" height=\"768\" srcset=\"https:\/\/www.opuzen.hr\/grad\/wp-content\/uploads\/2024\/03\/FB_IMG_1711181248841-1024x768.jpg 1024w, https:\/\/www.opuzen.hr\/grad\/wp-content\/uploads\/2024\/03\/FB_IMG_1711181248841-300x225.jpg 300w, https:\/\/www.opuzen.hr\/grad\/wp-content\/uploads\/2024\/03\/FB_IMG_1711181248841-768x576.jpg 768w, https:\/\/www.opuzen.hr\/grad\/wp-content\/uploads\/2024\/03\/FB_IMG_1711181248841-600x450.jpg 600w, https:\/\/www.opuzen.hr\/grad\/wp-content\/uploads\/2024\/03\/FB_IMG_1711181248841-1026x770.jpg 1026w, https:\/\/www.opuzen.hr\/grad\/wp-content\/uploads\/2024\/03\/FB_IMG_1711181248841-675x506.jpg 675w, https:\/\/www.opuzen.hr\/grad\/wp-content\/uploads\/2024\/03\/FB_IMG_1711181248841-480x360.jpg 480w, https:\/\/www.opuzen.hr\/grad\/wp-content\/uploads\/2024\/03\/FB_IMG_1711181248841-150x113.jpg 150w, https:\/\/www.opuzen.hr\/grad\/wp-content\/uploads\/2024\/03\/FB_IMG_1711181248841.jpg 1080w\" sizes=\"(max-width: 1024px) 100vw, 1024px\" \/> <img decoding=\"async\" class=\"alignnone size-large wp-image-47665\" src=\"https:\/\/www.opuzen.hr\/grad\/wp-content\/uploads\/2024\/03\/FB_IMG_1711181245064-1024x768.jpg\" alt=\"\" width=\"1024\" height=\"768\" srcset=\"https:\/\/www.opuzen.hr\/grad\/wp-content\/uploads\/2024\/03\/FB_IMG_1711181245064-1024x768.jpg 1024w, https:\/\/www.opuzen.hr\/grad\/wp-content\/uploads\/2024\/03\/FB_IMG_1711181245064-300x225.jpg 300w, https:\/\/www.opuzen.hr\/grad\/wp-content\/uploads\/2024\/03\/FB_IMG_1711181245064-768x576.jpg 768w, https:\/\/www.opuzen.hr\/grad\/wp-content\/uploads\/2024\/03\/FB_IMG_1711181245064-600x450.jpg 600w, https:\/\/www.opuzen.hr\/grad\/wp-content\/uploads\/2024\/03\/FB_IMG_1711181245064-1026x770.jpg 1026w, https:\/\/www.opuzen.hr\/grad\/wp-content\/uploads\/2024\/03\/FB_IMG_1711181245064-675x506.jpg 675w, https:\/\/www.opuzen.hr\/grad\/wp-content\/uploads\/2024\/03\/FB_IMG_1711181245064-480x360.jpg 480w, https:\/\/www.opuzen.hr\/grad\/wp-content\/uploads\/2024\/03\/FB_IMG_1711181245064-150x113.jpg 150w, https:\/\/www.opuzen.hr\/grad\/wp-content\/uploads\/2024\/03\/FB_IMG_1711181245064.jpg 1080w\" sizes=\"(max-width: 1024px) 100vw, 1024px\" \/> <img decoding=\"async\" class=\"alignnone size-large wp-image-47666\" src=\"https:\/\/www.opuzen.hr\/grad\/wp-content\/uploads\/2024\/03\/FB_IMG_1711181241590-1024x768.jpg\" alt=\"\" width=\"1024\" height=\"768\" srcset=\"https:\/\/www.opuzen.hr\/grad\/wp-content\/uploads\/2024\/03\/FB_IMG_1711181241590-1024x768.jpg 1024w, https:\/\/www.opuzen.hr\/grad\/wp-content\/uploads\/2024\/03\/FB_IMG_1711181241590-300x225.jpg 300w, https:\/\/www.opuzen.hr\/grad\/wp-content\/uploads\/2024\/03\/FB_IMG_1711181241590-768x576.jpg 768w, https:\/\/www.opuzen.hr\/grad\/wp-content\/uploads\/2024\/03\/FB_IMG_1711181241590-600x450.jpg 600w, https:\/\/www.opuzen.hr\/grad\/wp-content\/uploads\/2024\/03\/FB_IMG_1711181241590-1026x770.jpg 1026w, https:\/\/www.opuzen.hr\/grad\/wp-content\/uploads\/2024\/03\/FB_IMG_1711181241590-675x506.jpg 675w, https:\/\/www.opuzen.hr\/grad\/wp-content\/uploads\/2024\/03\/FB_IMG_1711181241590-480x360.jpg 480w, https:\/\/www.opuzen.hr\/grad\/wp-content\/uploads\/2024\/03\/FB_IMG_1711181241590-150x113.jpg 150w, https:\/\/www.opuzen.hr\/grad\/wp-content\/uploads\/2024\/03\/FB_IMG_1711181241590.jpg 1080w\" sizes=\"(max-width: 1024px) 100vw, 1024px\" \/> <img loading=\"lazy\" decoding=\"async\" class=\"alignnone size-large wp-image-47667\" src=\"https:\/\/www.opuzen.hr\/grad\/wp-content\/uploads\/2024\/03\/FB_IMG_1711181235574-1024x768.jpg\" alt=\"\" width=\"1024\" height=\"768\" srcset=\"https:\/\/www.opuzen.hr\/grad\/wp-content\/uploads\/2024\/03\/FB_IMG_1711181235574-1024x768.jpg 1024w, https:\/\/www.opuzen.hr\/grad\/wp-content\/uploads\/2024\/03\/FB_IMG_1711181235574-300x225.jpg 300w, https:\/\/www.opuzen.hr\/grad\/wp-content\/uploads\/2024\/03\/FB_IMG_1711181235574-768x576.jpg 768w, https:\/\/www.opuzen.hr\/grad\/wp-content\/uploads\/2024\/03\/FB_IMG_1711181235574-600x450.jpg 600w, https:\/\/www.opuzen.hr\/grad\/wp-content\/uploads\/2024\/03\/FB_IMG_1711181235574-1026x770.jpg 1026w, https:\/\/www.opuzen.hr\/grad\/wp-content\/uploads\/2024\/03\/FB_IMG_1711181235574-675x506.jpg 675w, https:\/\/www.opuzen.hr\/grad\/wp-content\/uploads\/2024\/03\/FB_IMG_1711181235574-480x360.jpg 480w, https:\/\/www.opuzen.hr\/grad\/wp-content\/uploads\/2024\/03\/FB_IMG_1711181235574-150x113.jpg 150w, https:\/\/www.opuzen.hr\/grad\/wp-content\/uploads\/2024\/03\/FB_IMG_1711181235574.jpg 1080w\" sizes=\"(max-width: 1024px) 100vw, 1024px\" \/><br \/>\n<img loading=\"lazy\" decoding=\"async\" class=\"alignnone size-large wp-image-47659\" src=\"https:\/\/www.opuzen.hr\/grad\/wp-content\/uploads\/2024\/03\/IMG-20240323-WA0000-1024x478.jpg\" alt=\"\" width=\"1024\" height=\"478\" srcset=\"https:\/\/www.opuzen.hr\/grad\/wp-content\/uploads\/2024\/03\/IMG-20240323-WA0000-1024x478.jpg 1024w, https:\/\/www.opuzen.hr\/grad\/wp-content\/uploads\/2024\/03\/IMG-20240323-WA0000-300x140.jpg 300w, https:\/\/www.opuzen.hr\/grad\/wp-content\/uploads\/2024\/03\/IMG-20240323-WA0000-768x359.jpg 768w, https:\/\/www.opuzen.hr\/grad\/wp-content\/uploads\/2024\/03\/IMG-20240323-WA0000-600x280.jpg 600w, https:\/\/www.opuzen.hr\/grad\/wp-content\/uploads\/2024\/03\/IMG-20240323-WA0000-1536x717.jpg 1536w, https:\/\/www.opuzen.hr\/grad\/wp-content\/uploads\/2024\/03\/IMG-20240323-WA0000-1026x479.jpg 1026w, https:\/\/www.opuzen.hr\/grad\/wp-content\/uploads\/2024\/03\/IMG-20240323-WA0000-675x315.jpg 675w, https:\/\/www.opuzen.hr\/grad\/wp-content\/uploads\/2024\/03\/IMG-20240323-WA0000-150x70.jpg 150w, https:\/\/www.opuzen.hr\/grad\/wp-content\/uploads\/2024\/03\/IMG-20240323-WA0000.jpg 2000w\" sizes=\"(max-width: 1024px) 100vw, 1024px\" \/> <img loading=\"lazy\" decoding=\"async\" class=\"alignnone size-large wp-image-47660\" src=\"https:\/\/www.opuzen.hr\/grad\/wp-content\/uploads\/2024\/03\/IMG-20240323-WA0004-1024x478.jpg\" alt=\"\" width=\"1024\" height=\"478\" srcset=\"https:\/\/www.opuzen.hr\/grad\/wp-content\/uploads\/2024\/03\/IMG-20240323-WA0004-1024x478.jpg 1024w, https:\/\/www.opuzen.hr\/grad\/wp-content\/uploads\/2024\/03\/IMG-20240323-WA0004-300x140.jpg 300w, https:\/\/www.opuzen.hr\/grad\/wp-content\/uploads\/2024\/03\/IMG-20240323-WA0004-768x359.jpg 768w, https:\/\/www.opuzen.hr\/grad\/wp-content\/uploads\/2024\/03\/IMG-20240323-WA0004-600x280.jpg 600w, https:\/\/www.opuzen.hr\/grad\/wp-content\/uploads\/2024\/03\/IMG-20240323-WA0004-1536x717.jpg 1536w, https:\/\/www.opuzen.hr\/grad\/wp-content\/uploads\/2024\/03\/IMG-20240323-WA0004-1026x479.jpg 1026w, https:\/\/www.opuzen.hr\/grad\/wp-content\/uploads\/2024\/03\/IMG-20240323-WA0004-675x315.jpg 675w, https:\/\/www.opuzen.hr\/grad\/wp-content\/uploads\/2024\/03\/IMG-20240323-WA0004-150x70.jpg 150w, https:\/\/www.opuzen.hr\/grad\/wp-content\/uploads\/2024\/03\/IMG-20240323-WA0004.jpg 2000w\" sizes=\"(max-width: 1024px) 100vw, 1024px\" \/> <img loading=\"lazy\" decoding=\"async\" class=\"alignnone size-large wp-image-47661\" src=\"https:\/\/www.opuzen.hr\/grad\/wp-content\/uploads\/2024\/03\/IMG-20240323-WA0009-768x1024.jpg\" alt=\"\" width=\"768\" height=\"1024\" srcset=\"https:\/\/www.opuzen.hr\/grad\/wp-content\/uploads\/2024\/03\/IMG-20240323-WA0009-768x1024.jpg 768w, https:\/\/www.opuzen.hr\/grad\/wp-content\/uploads\/2024\/03\/IMG-20240323-WA0009-225x300.jpg 225w, https:\/\/www.opuzen.hr\/grad\/wp-content\/uploads\/2024\/03\/IMG-20240323-WA0009-600x800.jpg 600w, https:\/\/www.opuzen.hr\/grad\/wp-content\/uploads\/2024\/03\/IMG-20240323-WA0009-1026x1368.jpg 1026w, https:\/\/www.opuzen.hr\/grad\/wp-content\/uploads\/2024\/03\/IMG-20240323-WA0009-675x900.jpg 675w, https:\/\/www.opuzen.hr\/grad\/wp-content\/uploads\/2024\/03\/IMG-20240323-WA0009-113x150.jpg 113w, https:\/\/www.opuzen.hr\/grad\/wp-content\/uploads\/2024\/03\/IMG-20240323-WA0009.jpg 1080w\" sizes=\"(max-width: 768px) 100vw, 768px\" \/><\/p>\n","protected":false},"excerpt":{"rendered":"<p>Sino\u0107 je na Trgu kralja Tomislava sve\u010dano otvorena izlo\u017eba &#8220;Uskrs u Mistu &#8211; tradicija i&#8230;<\/p>\n","protected":false},"author":3,"featured_media":47662,"comment_status":"closed","ping_status":"closed","sticky":false,"template":"","format":"standard","meta":{"footnotes":""},"categories":[298,4],"tags":[],"class_list":["post-47656","post","type-post","status-publish","format-standard","has-post-thumbnail","hentry","category-izdvojeno","category-novosti","wpcat-298-id","wpcat-4-id"],"yoast_head":"<!-- This site is optimized with the Yoast SEO plugin v23.1 - https:\/\/yoast.com\/wordpress\/plugins\/seo\/ -->\n<title>Otvorena izlo\u017eba: Uskrs u Mistu - tradicija i suvremenost - Grad Opuzen<\/title>\n<meta name=\"robots\" content=\"index, follow, max-snippet:-1, max-image-preview:large, max-video-preview:-1\" \/>\n<link rel=\"canonical\" href=\"https:\/\/www.opuzen.hr\/grad\/otvorena-izlozba-uskrs-u-mistu-tradicija-i-suvremenost\/\" \/>\n<meta property=\"og:locale\" content=\"hr_HR\" \/>\n<meta property=\"og:type\" content=\"article\" \/>\n<meta property=\"og:title\" content=\"Otvorena izlo\u017eba: Uskrs u Mistu - tradicija i suvremenost - Grad Opuzen\" \/>\n<meta property=\"og:description\" content=\"Sino\u0107 je na Trgu kralja Tomislava sve\u010dano otvorena izlo\u017eba &#8220;Uskrs u Mistu &#8211; tradicija i...\" \/>\n<meta property=\"og:url\" content=\"https:\/\/www.opuzen.hr\/grad\/otvorena-izlozba-uskrs-u-mistu-tradicija-i-suvremenost\/\" \/>\n<meta property=\"og:site_name\" content=\"Grad Opuzen\" \/>\n<meta property=\"article:published_time\" content=\"2024-03-23T08:05:47+00:00\" \/>\n<meta property=\"article:modified_time\" content=\"2024-03-23T08:12:35+00:00\" \/>\n<meta property=\"og:image\" content=\"https:\/\/www.opuzen.hr\/grad\/wp-content\/uploads\/2024\/03\/IMG-20240323-WA0004-1.jpg\" \/>\n\t<meta property=\"og:image:width\" content=\"2000\" \/>\n\t<meta property=\"og:image:height\" content=\"934\" \/>\n\t<meta property=\"og:image:type\" content=\"image\/jpeg\" \/>\n<meta name=\"author\" content=\"Grad Opuzen\" \/>\n<meta name=\"twitter:card\" content=\"summary_large_image\" \/>\n<meta name=\"twitter:label1\" content=\"Napisao\/la\" \/>\n\t<meta name=\"twitter:data1\" content=\"Grad Opuzen\" \/>\n<script type=\"application\/ld+json\" class=\"yoast-schema-graph\">{\"@context\":\"https:\/\/schema.org\",\"@graph\":[{\"@type\":\"Article\",\"@id\":\"https:\/\/www.opuzen.hr\/grad\/otvorena-izlozba-uskrs-u-mistu-tradicija-i-suvremenost\/#article\",\"isPartOf\":{\"@id\":\"https:\/\/www.opuzen.hr\/grad\/otvorena-izlozba-uskrs-u-mistu-tradicija-i-suvremenost\/\"},\"author\":{\"name\":\"Grad Opuzen\",\"@id\":\"https:\/\/www.opuzen.hr\/grad\/#\/schema\/person\/0a17a9796898e9409a1fa4ca7448a481\"},\"headline\":\"Otvorena izlo\u017eba: Uskrs u Mistu &#8211; tradicija i suvremenost\",\"datePublished\":\"2024-03-23T08:05:47+00:00\",\"dateModified\":\"2024-03-23T08:12:35+00:00\",\"mainEntityOfPage\":{\"@id\":\"https:\/\/www.opuzen.hr\/grad\/otvorena-izlozba-uskrs-u-mistu-tradicija-i-suvremenost\/\"},\"wordCount\":87,\"publisher\":{\"@id\":\"https:\/\/www.opuzen.hr\/grad\/#organization\"},\"image\":{\"@id\":\"https:\/\/www.opuzen.hr\/grad\/otvorena-izlozba-uskrs-u-mistu-tradicija-i-suvremenost\/#primaryimage\"},\"thumbnailUrl\":\"https:\/\/www.opuzen.hr\/grad\/wp-content\/uploads\/2024\/03\/IMG-20240323-WA0004-1.jpg\",\"articleSection\":[\"Izdvojeno\",\"Novosti\"],\"inLanguage\":\"hr\"},{\"@type\":\"WebPage\",\"@id\":\"https:\/\/www.opuzen.hr\/grad\/otvorena-izlozba-uskrs-u-mistu-tradicija-i-suvremenost\/\",\"url\":\"https:\/\/www.opuzen.hr\/grad\/otvorena-izlozba-uskrs-u-mistu-tradicija-i-suvremenost\/\",\"name\":\"Otvorena izlo\u017eba: Uskrs u Mistu - tradicija i suvremenost - Grad Opuzen\",\"isPartOf\":{\"@id\":\"https:\/\/www.opuzen.hr\/grad\/#website\"},\"primaryImageOfPage\":{\"@id\":\"https:\/\/www.opuzen.hr\/grad\/otvorena-izlozba-uskrs-u-mistu-tradicija-i-suvremenost\/#primaryimage\"},\"image\":{\"@id\":\"https:\/\/www.opuzen.hr\/grad\/otvorena-izlozba-uskrs-u-mistu-tradicija-i-suvremenost\/#primaryimage\"},\"thumbnailUrl\":\"https:\/\/www.opuzen.hr\/grad\/wp-content\/uploads\/2024\/03\/IMG-20240323-WA0004-1.jpg\",\"datePublished\":\"2024-03-23T08:05:47+00:00\",\"dateModified\":\"2024-03-23T08:12:35+00:00\",\"breadcrumb\":{\"@id\":\"https:\/\/www.opuzen.hr\/grad\/otvorena-izlozba-uskrs-u-mistu-tradicija-i-suvremenost\/#breadcrumb\"},\"inLanguage\":\"hr\",\"potentialAction\":[{\"@type\":\"ReadAction\",\"target\":[\"https:\/\/www.opuzen.hr\/grad\/otvorena-izlozba-uskrs-u-mistu-tradicija-i-suvremenost\/\"]}]},{\"@type\":\"ImageObject\",\"inLanguage\":\"hr\",\"@id\":\"https:\/\/www.opuzen.hr\/grad\/otvorena-izlozba-uskrs-u-mistu-tradicija-i-suvremenost\/#primaryimage\",\"url\":\"https:\/\/www.opuzen.hr\/grad\/wp-content\/uploads\/2024\/03\/IMG-20240323-WA0004-1.jpg\",\"contentUrl\":\"https:\/\/www.opuzen.hr\/grad\/wp-content\/uploads\/2024\/03\/IMG-20240323-WA0004-1.jpg\",\"width\":2000,\"height\":934},{\"@type\":\"BreadcrumbList\",\"@id\":\"https:\/\/www.opuzen.hr\/grad\/otvorena-izlozba-uskrs-u-mistu-tradicija-i-suvremenost\/#breadcrumb\",\"itemListElement\":[{\"@type\":\"ListItem\",\"position\":1,\"name\":\"Po\u010detna stranica\",\"item\":\"https:\/\/www.opuzen.hr\/grad\/\"},{\"@type\":\"ListItem\",\"position\":2,\"name\":\"Otvorena izlo\u017eba: Uskrs u Mistu &#8211; tradicija i suvremenost\"}]},{\"@type\":\"WebSite\",\"@id\":\"https:\/\/www.opuzen.hr\/grad\/#website\",\"url\":\"https:\/\/www.opuzen.hr\/grad\/\",\"name\":\"Grad Opuzen\",\"description\":\"Slu\u017ebene mre\u017ene stranice Grada Opuzena\",\"publisher\":{\"@id\":\"https:\/\/www.opuzen.hr\/grad\/#organization\"},\"potentialAction\":[{\"@type\":\"SearchAction\",\"target\":{\"@type\":\"EntryPoint\",\"urlTemplate\":\"https:\/\/www.opuzen.hr\/grad\/?s={search_term_string}\"},\"query-input\":\"required name=search_term_string\"}],\"inLanguage\":\"hr\"},{\"@type\":\"Organization\",\"@id\":\"https:\/\/www.opuzen.hr\/grad\/#organization\",\"name\":\"Grad Opuzen\",\"url\":\"https:\/\/www.opuzen.hr\/grad\/\",\"logo\":{\"@type\":\"ImageObject\",\"inLanguage\":\"hr\",\"@id\":\"https:\/\/www.opuzen.hr\/grad\/#\/schema\/logo\/image\/\",\"url\":\"https:\/\/www.opuzen.hr\/grad\/wp-content\/uploads\/2018\/02\/logo-opuzen.jpg\",\"contentUrl\":\"https:\/\/www.opuzen.hr\/grad\/wp-content\/uploads\/2018\/02\/logo-opuzen.jpg\",\"width\":400,\"height\":400,\"caption\":\"Grad Opuzen\"},\"image\":{\"@id\":\"https:\/\/www.opuzen.hr\/grad\/#\/schema\/logo\/image\/\"}},{\"@type\":\"Person\",\"@id\":\"https:\/\/www.opuzen.hr\/grad\/#\/schema\/person\/0a17a9796898e9409a1fa4ca7448a481\",\"name\":\"Grad Opuzen\",\"image\":{\"@type\":\"ImageObject\",\"inLanguage\":\"hr\",\"@id\":\"https:\/\/www.opuzen.hr\/grad\/#\/schema\/person\/image\/\",\"url\":\"https:\/\/secure.gravatar.com\/avatar\/0c54089de4fcf14c0fe3355109a3ac05?s=96&d=mm&r=g\",\"contentUrl\":\"https:\/\/secure.gravatar.com\/avatar\/0c54089de4fcf14c0fe3355109a3ac05?s=96&d=mm&r=g\",\"caption\":\"Grad Opuzen\"},\"url\":\"https:\/\/www.opuzen.hr\/grad\/author\/admin\/\"}]}<\/script>\n<!-- \/ Yoast SEO plugin. -->","yoast_head_json":{"title":"Otvorena izlo\u017eba: Uskrs u Mistu - tradicija i suvremenost - Grad Opuzen","robots":{"index":"index","follow":"follow","max-snippet":"max-snippet:-1","max-image-preview":"max-image-preview:large","max-video-preview":"max-video-preview:-1"},"canonical":"https:\/\/www.opuzen.hr\/grad\/otvorena-izlozba-uskrs-u-mistu-tradicija-i-suvremenost\/","og_locale":"hr_HR","og_type":"article","og_title":"Otvorena izlo\u017eba: Uskrs u Mistu - tradicija i suvremenost - Grad Opuzen","og_description":"Sino\u0107 je na Trgu kralja Tomislava sve\u010dano otvorena izlo\u017eba &#8220;Uskrs u Mistu &#8211; tradicija i...","og_url":"https:\/\/www.opuzen.hr\/grad\/otvorena-izlozba-uskrs-u-mistu-tradicija-i-suvremenost\/","og_site_name":"Grad Opuzen","article_published_time":"2024-03-23T08:05:47+00:00","article_modified_time":"2024-03-23T08:12:35+00:00","og_image":[{"width":2000,"height":934,"url":"https:\/\/www.opuzen.hr\/grad\/wp-content\/uploads\/2024\/03\/IMG-20240323-WA0004-1.jpg","type":"image\/jpeg"}],"author":"Grad Opuzen","twitter_card":"summary_large_image","twitter_misc":{"Napisao\/la":"Grad Opuzen"},"schema":{"@context":"https:\/\/schema.org","@graph":[{"@type":"Article","@id":"https:\/\/www.opuzen.hr\/grad\/otvorena-izlozba-uskrs-u-mistu-tradicija-i-suvremenost\/#article","isPartOf":{"@id":"https:\/\/www.opuzen.hr\/grad\/otvorena-izlozba-uskrs-u-mistu-tradicija-i-suvremenost\/"},"author":{"name":"Grad Opuzen","@id":"https:\/\/www.opuzen.hr\/grad\/#\/schema\/person\/0a17a9796898e9409a1fa4ca7448a481"},"headline":"Otvorena izlo\u017eba: Uskrs u Mistu &#8211; tradicija i suvremenost","datePublished":"2024-03-23T08:05:47+00:00","dateModified":"2024-03-23T08:12:35+00:00","mainEntityOfPage":{"@id":"https:\/\/www.opuzen.hr\/grad\/otvorena-izlozba-uskrs-u-mistu-tradicija-i-suvremenost\/"},"wordCount":87,"publisher":{"@id":"https:\/\/www.opuzen.hr\/grad\/#organization"},"image":{"@id":"https:\/\/www.opuzen.hr\/grad\/otvorena-izlozba-uskrs-u-mistu-tradicija-i-suvremenost\/#primaryimage"},"thumbnailUrl":"https:\/\/www.opuzen.hr\/grad\/wp-content\/uploads\/2024\/03\/IMG-20240323-WA0004-1.jpg","articleSection":["Izdvojeno","Novosti"],"inLanguage":"hr"},{"@type":"WebPage","@id":"https:\/\/www.opuzen.hr\/grad\/otvorena-izlozba-uskrs-u-mistu-tradicija-i-suvremenost\/","url":"https:\/\/www.opuzen.hr\/grad\/otvorena-izlozba-uskrs-u-mistu-tradicija-i-suvremenost\/","name":"Otvorena izlo\u017eba: Uskrs u Mistu - tradicija i suvremenost - Grad Opuzen","isPartOf":{"@id":"https:\/\/www.opuzen.hr\/grad\/#website"},"primaryImageOfPage":{"@id":"https:\/\/www.opuzen.hr\/grad\/otvorena-izlozba-uskrs-u-mistu-tradicija-i-suvremenost\/#primaryimage"},"image":{"@id":"https:\/\/www.opuzen.hr\/grad\/otvorena-izlozba-uskrs-u-mistu-tradicija-i-suvremenost\/#primaryimage"},"thumbnailUrl":"https:\/\/www.opuzen.hr\/grad\/wp-content\/uploads\/2024\/03\/IMG-20240323-WA0004-1.jpg","datePublished":"2024-03-23T08:05:47+00:00","dateModified":"2024-03-23T08:12:35+00:00","breadcrumb":{"@id":"https:\/\/www.opuzen.hr\/grad\/otvorena-izlozba-uskrs-u-mistu-tradicija-i-suvremenost\/#breadcrumb"},"inLanguage":"hr","potentialAction":[{"@type":"ReadAction","target":["https:\/\/www.opuzen.hr\/grad\/otvorena-izlozba-uskrs-u-mistu-tradicija-i-suvremenost\/"]}]},{"@type":"ImageObject","inLanguage":"hr","@id":"https:\/\/www.opuzen.hr\/grad\/otvorena-izlozba-uskrs-u-mistu-tradicija-i-suvremenost\/#primaryimage","url":"https:\/\/www.opuzen.hr\/grad\/wp-content\/uploads\/2024\/03\/IMG-20240323-WA0004-1.jpg","contentUrl":"https:\/\/www.opuzen.hr\/grad\/wp-content\/uploads\/2024\/03\/IMG-20240323-WA0004-1.jpg","width":2000,"height":934},{"@type":"BreadcrumbList","@id":"https:\/\/www.opuzen.hr\/grad\/otvorena-izlozba-uskrs-u-mistu-tradicija-i-suvremenost\/#breadcrumb","itemListElement":[{"@type":"ListItem","position":1,"name":"Po\u010detna stranica","item":"https:\/\/www.opuzen.hr\/grad\/"},{"@type":"ListItem","position":2,"name":"Otvorena izlo\u017eba: Uskrs u Mistu &#8211; tradicija i suvremenost"}]},{"@type":"WebSite","@id":"https:\/\/www.opuzen.hr\/grad\/#website","url":"https:\/\/www.opuzen.hr\/grad\/","name":"Grad Opuzen","description":"Slu\u017ebene mre\u017ene stranice Grada Opuzena","publisher":{"@id":"https:\/\/www.opuzen.hr\/grad\/#organization"},"potentialAction":[{"@type":"SearchAction","target":{"@type":"EntryPoint","urlTemplate":"https:\/\/www.opuzen.hr\/grad\/?s={search_term_string}"},"query-input":"required name=search_term_string"}],"inLanguage":"hr"},{"@type":"Organization","@id":"https:\/\/www.opuzen.hr\/grad\/#organization","name":"Grad Opuzen","url":"https:\/\/www.opuzen.hr\/grad\/","logo":{"@type":"ImageObject","inLanguage":"hr","@id":"https:\/\/www.opuzen.hr\/grad\/#\/schema\/logo\/image\/","url":"https:\/\/www.opuzen.hr\/grad\/wp-content\/uploads\/2018\/02\/logo-opuzen.jpg","contentUrl":"https:\/\/www.opuzen.hr\/grad\/wp-content\/uploads\/2018\/02\/logo-opuzen.jpg","width":400,"height":400,"caption":"Grad Opuzen"},"image":{"@id":"https:\/\/www.opuzen.hr\/grad\/#\/schema\/logo\/image\/"}},{"@type":"Person","@id":"https:\/\/www.opuzen.hr\/grad\/#\/schema\/person\/0a17a9796898e9409a1fa4ca7448a481","name":"Grad Opuzen","image":{"@type":"ImageObject","inLanguage":"hr","@id":"https:\/\/www.opuzen.hr\/grad\/#\/schema\/person\/image\/","url":"https:\/\/secure.gravatar.com\/avatar\/0c54089de4fcf14c0fe3355109a3ac05?s=96&d=mm&r=g","contentUrl":"https:\/\/secure.gravatar.com\/avatar\/0c54089de4fcf14c0fe3355109a3ac05?s=96&d=mm&r=g","caption":"Grad Opuzen"},"url":"https:\/\/www.opuzen.hr\/grad\/author\/admin\/"}]}},"_links":{"self":[{"href":"https:\/\/www.opuzen.hr\/grad\/wp-json\/wp\/v2\/posts\/47656"}],"collection":[{"href":"https:\/\/www.opuzen.hr\/grad\/wp-json\/wp\/v2\/posts"}],"about":[{"href":"https:\/\/www.opuzen.hr\/grad\/wp-json\/wp\/v2\/types\/post"}],"author":[{"embeddable":true,"href":"https:\/\/www.opuzen.hr\/grad\/wp-json\/wp\/v2\/users\/3"}],"replies":[{"embeddable":true,"href":"https:\/\/www.opuzen.hr\/grad\/wp-json\/wp\/v2\/comments?post=47656"}],"version-history":[{"count":3,"href":"https:\/\/www.opuzen.hr\/grad\/wp-json\/wp\/v2\/posts\/47656\/revisions"}],"predecessor-version":[{"id":47669,"href":"https:\/\/www.opuzen.hr\/grad\/wp-json\/wp\/v2\/posts\/47656\/revisions\/47669"}],"wp:featuredmedia":[{"embeddable":true,"href":"https:\/\/www.opuzen.hr\/grad\/wp-json\/wp\/v2\/media\/47662"}],"wp:attachment":[{"href":"https:\/\/www.opuzen.hr\/grad\/wp-json\/wp\/v2\/media?parent=47656"}],"wp:term":[{"taxonomy":"category","embeddable":true,"href":"https:\/\/www.opuzen.hr\/grad\/wp-json\/wp\/v2\/categories?post=47656"},{"taxonomy":"post_tag","embeddable":true,"href":"https:\/\/www.opuzen.hr\/grad\/wp-json\/wp\/v2\/tags?post=47656"}],"curies":[{"name":"wp","href":"https:\/\/api.w.org\/{rel}","templated":true}]}}