{"id":47763,"date":"2024-03-26T13:31:28","date_gmt":"2024-03-26T12:31:28","guid":{"rendered":"https:\/\/www.opuzen.hr\/grad\/?p=47763"},"modified":"2024-03-26T13:39:20","modified_gmt":"2024-03-26T12:39:20","slug":"javni-natjecaj-za-izbor-i-imenovanje-direktora-clana-uprave-2","status":"publish","type":"post","link":"https:\/\/www.opuzen.hr\/grad\/javni-natjecaj-za-izbor-i-imenovanje-direktora-clana-uprave-2\/","title":{"rendered":"JAVNI NATJE\u010cAJ za izbor i imenovanje direktora \u2013 \u010dlana Uprave &#8211; \u010cisto\u0107a Opuzen d.o.o."},"content":{"rendered":"<p>Na web stranici \u010cisto\u0107e Opuzen d.o.o. objavljen je natje\u010daj za radno mjesto za izbor i imenovanje direktora.<\/p>\n<p>Vi\u0161e informacija mo\u017eete prona\u0107i na &#8211; <a href=\"https:\/\/cistoca-opuzen.hr\/javni-natjecaj-za-izbor-i-imenovanje-direktora-clana-uprave-3\/\" target=\"_blank\" rel=\"noopener\">https:\/\/cistoca-opuzen.hr\/javni-natjecaj-za-izbor-i-imenovanje-direktora-clana-uprave-3\/<\/a><\/p>\n","protected":false},"excerpt":{"rendered":"<p>Na web stranici \u010cisto\u0107e Opuzen d.o.o. objavljen je natje\u010daj za radno mjesto za izbor i&#8230;<\/p>\n","protected":false},"author":3,"featured_media":47764,"comment_status":"closed","ping_status":"closed","sticky":false,"template":"","format":"standard","meta":{"footnotes":""},"categories":[298,65,4],"tags":[],"class_list":["post-47763","post","type-post","status-publish","format-standard","has-post-thumbnail","hentry","category-izdvojeno","category-javni-natjecaji-i-oglasi","category-novosti","wpcat-298-id","wpcat-65-id","wpcat-4-id"],"yoast_head":"<!-- This site is optimized with the Yoast SEO plugin v23.1 - https:\/\/yoast.com\/wordpress\/plugins\/seo\/ -->\n<title>JAVNI NATJE\u010cAJ za izbor i imenovanje direktora \u2013 \u010dlana Uprave - \u010cisto\u0107a Opuzen d.o.o. - Grad Opuzen<\/title>\n<meta name=\"robots\" content=\"index, follow, max-snippet:-1, max-image-preview:large, max-video-preview:-1\" \/>\n<link rel=\"canonical\" href=\"https:\/\/www.opuzen.hr\/grad\/javni-natjecaj-za-izbor-i-imenovanje-direktora-clana-uprave-2\/\" \/>\n<meta property=\"og:locale\" content=\"hr_HR\" \/>\n<meta property=\"og:type\" content=\"article\" \/>\n<meta property=\"og:title\" content=\"JAVNI NATJE\u010cAJ za izbor i imenovanje direktora \u2013 \u010dlana Uprave - \u010cisto\u0107a Opuzen d.o.o. - Grad Opuzen\" \/>\n<meta property=\"og:description\" content=\"Na web stranici \u010cisto\u0107e Opuzen d.o.o. objavljen je natje\u010daj za radno mjesto za izbor i...\" \/>\n<meta property=\"og:url\" content=\"https:\/\/www.opuzen.hr\/grad\/javni-natjecaj-za-izbor-i-imenovanje-direktora-clana-uprave-2\/\" \/>\n<meta property=\"og:site_name\" content=\"Grad Opuzen\" \/>\n<meta property=\"article:published_time\" content=\"2024-03-26T12:31:28+00:00\" \/>\n<meta property=\"article:modified_time\" content=\"2024-03-26T12:39:20+00:00\" \/>\n<meta property=\"og:image\" content=\"https:\/\/www.opuzen.hr\/grad\/wp-content\/uploads\/2024\/03\/Grad-Opuzen.png\" \/>\n\t<meta property=\"og:image:width\" content=\"1200\" \/>\n\t<meta property=\"og:image:height\" content=\"628\" \/>\n\t<meta property=\"og:image:type\" content=\"image\/png\" \/>\n<meta name=\"author\" content=\"Grad Opuzen\" \/>\n<meta name=\"twitter:card\" content=\"summary_large_image\" \/>\n<meta name=\"twitter:label1\" content=\"Napisao\/la\" \/>\n\t<meta name=\"twitter:data1\" content=\"Grad Opuzen\" \/>\n<script type=\"application\/ld+json\" class=\"yoast-schema-graph\">{\"@context\":\"https:\/\/schema.org\",\"@graph\":[{\"@type\":\"Article\",\"@id\":\"https:\/\/www.opuzen.hr\/grad\/javni-natjecaj-za-izbor-i-imenovanje-direktora-clana-uprave-2\/#article\",\"isPartOf\":{\"@id\":\"https:\/\/www.opuzen.hr\/grad\/javni-natjecaj-za-izbor-i-imenovanje-direktora-clana-uprave-2\/\"},\"author\":{\"name\":\"Grad Opuzen\",\"@id\":\"https:\/\/www.opuzen.hr\/grad\/#\/schema\/person\/0a17a9796898e9409a1fa4ca7448a481\"},\"headline\":\"JAVNI NATJE\u010cAJ za izbor i imenovanje direktora \u2013 \u010dlana Uprave &#8211; \u010cisto\u0107a Opuzen d.o.o.\",\"datePublished\":\"2024-03-26T12:31:28+00:00\",\"dateModified\":\"2024-03-26T12:39:20+00:00\",\"mainEntityOfPage\":{\"@id\":\"https:\/\/www.opuzen.hr\/grad\/javni-natjecaj-za-izbor-i-imenovanje-direktora-clana-uprave-2\/\"},\"wordCount\":51,\"publisher\":{\"@id\":\"https:\/\/www.opuzen.hr\/grad\/#organization\"},\"image\":{\"@id\":\"https:\/\/www.opuzen.hr\/grad\/javni-natjecaj-za-izbor-i-imenovanje-direktora-clana-uprave-2\/#primaryimage\"},\"thumbnailUrl\":\"https:\/\/www.opuzen.hr\/grad\/wp-content\/uploads\/2024\/03\/Grad-Opuzen.png\",\"articleSection\":[\"Izdvojeno\",\"Javni natje\u010daji i oglasi\",\"Novosti\"],\"inLanguage\":\"hr\"},{\"@type\":\"WebPage\",\"@id\":\"https:\/\/www.opuzen.hr\/grad\/javni-natjecaj-za-izbor-i-imenovanje-direktora-clana-uprave-2\/\",\"url\":\"https:\/\/www.opuzen.hr\/grad\/javni-natjecaj-za-izbor-i-imenovanje-direktora-clana-uprave-2\/\",\"name\":\"JAVNI NATJE\u010cAJ za izbor i imenovanje direktora \u2013 \u010dlana Uprave - \u010cisto\u0107a Opuzen d.o.o. - Grad Opuzen\",\"isPartOf\":{\"@id\":\"https:\/\/www.opuzen.hr\/grad\/#website\"},\"primaryImageOfPage\":{\"@id\":\"https:\/\/www.opuzen.hr\/grad\/javni-natjecaj-za-izbor-i-imenovanje-direktora-clana-uprave-2\/#primaryimage\"},\"image\":{\"@id\":\"https:\/\/www.opuzen.hr\/grad\/javni-natjecaj-za-izbor-i-imenovanje-direktora-clana-uprave-2\/#primaryimage\"},\"thumbnailUrl\":\"https:\/\/www.opuzen.hr\/grad\/wp-content\/uploads\/2024\/03\/Grad-Opuzen.png\",\"datePublished\":\"2024-03-26T12:31:28+00:00\",\"dateModified\":\"2024-03-26T12:39:20+00:00\",\"breadcrumb\":{\"@id\":\"https:\/\/www.opuzen.hr\/grad\/javni-natjecaj-za-izbor-i-imenovanje-direktora-clana-uprave-2\/#breadcrumb\"},\"inLanguage\":\"hr\",\"potentialAction\":[{\"@type\":\"ReadAction\",\"target\":[\"https:\/\/www.opuzen.hr\/grad\/javni-natjecaj-za-izbor-i-imenovanje-direktora-clana-uprave-2\/\"]}]},{\"@type\":\"ImageObject\",\"inLanguage\":\"hr\",\"@id\":\"https:\/\/www.opuzen.hr\/grad\/javni-natjecaj-za-izbor-i-imenovanje-direktora-clana-uprave-2\/#primaryimage\",\"url\":\"https:\/\/www.opuzen.hr\/grad\/wp-content\/uploads\/2024\/03\/Grad-Opuzen.png\",\"contentUrl\":\"https:\/\/www.opuzen.hr\/grad\/wp-content\/uploads\/2024\/03\/Grad-Opuzen.png\",\"width\":1200,\"height\":628},{\"@type\":\"BreadcrumbList\",\"@id\":\"https:\/\/www.opuzen.hr\/grad\/javni-natjecaj-za-izbor-i-imenovanje-direktora-clana-uprave-2\/#breadcrumb\",\"itemListElement\":[{\"@type\":\"ListItem\",\"position\":1,\"name\":\"Po\u010detna stranica\",\"item\":\"https:\/\/www.opuzen.hr\/grad\/\"},{\"@type\":\"ListItem\",\"position\":2,\"name\":\"JAVNI NATJE\u010cAJ za izbor i imenovanje direktora \u2013 \u010dlana Uprave &#8211; \u010cisto\u0107a Opuzen d.o.o.\"}]},{\"@type\":\"WebSite\",\"@id\":\"https:\/\/www.opuzen.hr\/grad\/#website\",\"url\":\"https:\/\/www.opuzen.hr\/grad\/\",\"name\":\"Grad Opuzen\",\"description\":\"Slu\u017ebene mre\u017ene stranice Grada Opuzena\",\"publisher\":{\"@id\":\"https:\/\/www.opuzen.hr\/grad\/#organization\"},\"potentialAction\":[{\"@type\":\"SearchAction\",\"target\":{\"@type\":\"EntryPoint\",\"urlTemplate\":\"https:\/\/www.opuzen.hr\/grad\/?s={search_term_string}\"},\"query-input\":\"required name=search_term_string\"}],\"inLanguage\":\"hr\"},{\"@type\":\"Organization\",\"@id\":\"https:\/\/www.opuzen.hr\/grad\/#organization\",\"name\":\"Grad Opuzen\",\"url\":\"https:\/\/www.opuzen.hr\/grad\/\",\"logo\":{\"@type\":\"ImageObject\",\"inLanguage\":\"hr\",\"@id\":\"https:\/\/www.opuzen.hr\/grad\/#\/schema\/logo\/image\/\",\"url\":\"https:\/\/www.opuzen.hr\/grad\/wp-content\/uploads\/2018\/02\/logo-opuzen.jpg\",\"contentUrl\":\"https:\/\/www.opuzen.hr\/grad\/wp-content\/uploads\/2018\/02\/logo-opuzen.jpg\",\"width\":400,\"height\":400,\"caption\":\"Grad Opuzen\"},\"image\":{\"@id\":\"https:\/\/www.opuzen.hr\/grad\/#\/schema\/logo\/image\/\"}},{\"@type\":\"Person\",\"@id\":\"https:\/\/www.opuzen.hr\/grad\/#\/schema\/person\/0a17a9796898e9409a1fa4ca7448a481\",\"name\":\"Grad Opuzen\",\"image\":{\"@type\":\"ImageObject\",\"inLanguage\":\"hr\",\"@id\":\"https:\/\/www.opuzen.hr\/grad\/#\/schema\/person\/image\/\",\"url\":\"https:\/\/secure.gravatar.com\/avatar\/0c54089de4fcf14c0fe3355109a3ac05?s=96&d=mm&r=g\",\"contentUrl\":\"https:\/\/secure.gravatar.com\/avatar\/0c54089de4fcf14c0fe3355109a3ac05?s=96&d=mm&r=g\",\"caption\":\"Grad Opuzen\"},\"url\":\"https:\/\/www.opuzen.hr\/grad\/author\/admin\/\"}]}<\/script>\n<!-- \/ Yoast SEO plugin. -->","yoast_head_json":{"title":"JAVNI NATJE\u010cAJ za izbor i imenovanje direktora \u2013 \u010dlana Uprave - \u010cisto\u0107a Opuzen d.o.o. - Grad Opuzen","robots":{"index":"index","follow":"follow","max-snippet":"max-snippet:-1","max-image-preview":"max-image-preview:large","max-video-preview":"max-video-preview:-1"},"canonical":"https:\/\/www.opuzen.hr\/grad\/javni-natjecaj-za-izbor-i-imenovanje-direktora-clana-uprave-2\/","og_locale":"hr_HR","og_type":"article","og_title":"JAVNI NATJE\u010cAJ za izbor i imenovanje direktora \u2013 \u010dlana Uprave - \u010cisto\u0107a Opuzen d.o.o. - Grad Opuzen","og_description":"Na web stranici \u010cisto\u0107e Opuzen d.o.o. objavljen je natje\u010daj za radno mjesto za izbor i...","og_url":"https:\/\/www.opuzen.hr\/grad\/javni-natjecaj-za-izbor-i-imenovanje-direktora-clana-uprave-2\/","og_site_name":"Grad Opuzen","article_published_time":"2024-03-26T12:31:28+00:00","article_modified_time":"2024-03-26T12:39:20+00:00","og_image":[{"width":1200,"height":628,"url":"https:\/\/www.opuzen.hr\/grad\/wp-content\/uploads\/2024\/03\/Grad-Opuzen.png","type":"image\/png"}],"author":"Grad Opuzen","twitter_card":"summary_large_image","twitter_misc":{"Napisao\/la":"Grad Opuzen"},"schema":{"@context":"https:\/\/schema.org","@graph":[{"@type":"Article","@id":"https:\/\/www.opuzen.hr\/grad\/javni-natjecaj-za-izbor-i-imenovanje-direktora-clana-uprave-2\/#article","isPartOf":{"@id":"https:\/\/www.opuzen.hr\/grad\/javni-natjecaj-za-izbor-i-imenovanje-direktora-clana-uprave-2\/"},"author":{"name":"Grad Opuzen","@id":"https:\/\/www.opuzen.hr\/grad\/#\/schema\/person\/0a17a9796898e9409a1fa4ca7448a481"},"headline":"JAVNI NATJE\u010cAJ za izbor i imenovanje direktora \u2013 \u010dlana Uprave &#8211; \u010cisto\u0107a Opuzen d.o.o.","datePublished":"2024-03-26T12:31:28+00:00","dateModified":"2024-03-26T12:39:20+00:00","mainEntityOfPage":{"@id":"https:\/\/www.opuzen.hr\/grad\/javni-natjecaj-za-izbor-i-imenovanje-direktora-clana-uprave-2\/"},"wordCount":51,"publisher":{"@id":"https:\/\/www.opuzen.hr\/grad\/#organization"},"image":{"@id":"https:\/\/www.opuzen.hr\/grad\/javni-natjecaj-za-izbor-i-imenovanje-direktora-clana-uprave-2\/#primaryimage"},"thumbnailUrl":"https:\/\/www.opuzen.hr\/grad\/wp-content\/uploads\/2024\/03\/Grad-Opuzen.png","articleSection":["Izdvojeno","Javni natje\u010daji i oglasi","Novosti"],"inLanguage":"hr"},{"@type":"WebPage","@id":"https:\/\/www.opuzen.hr\/grad\/javni-natjecaj-za-izbor-i-imenovanje-direktora-clana-uprave-2\/","url":"https:\/\/www.opuzen.hr\/grad\/javni-natjecaj-za-izbor-i-imenovanje-direktora-clana-uprave-2\/","name":"JAVNI NATJE\u010cAJ za izbor i imenovanje direktora \u2013 \u010dlana Uprave - \u010cisto\u0107a Opuzen d.o.o. - Grad Opuzen","isPartOf":{"@id":"https:\/\/www.opuzen.hr\/grad\/#website"},"primaryImageOfPage":{"@id":"https:\/\/www.opuzen.hr\/grad\/javni-natjecaj-za-izbor-i-imenovanje-direktora-clana-uprave-2\/#primaryimage"},"image":{"@id":"https:\/\/www.opuzen.hr\/grad\/javni-natjecaj-za-izbor-i-imenovanje-direktora-clana-uprave-2\/#primaryimage"},"thumbnailUrl":"https:\/\/www.opuzen.hr\/grad\/wp-content\/uploads\/2024\/03\/Grad-Opuzen.png","datePublished":"2024-03-26T12:31:28+00:00","dateModified":"2024-03-26T12:39:20+00:00","breadcrumb":{"@id":"https:\/\/www.opuzen.hr\/grad\/javni-natjecaj-za-izbor-i-imenovanje-direktora-clana-uprave-2\/#breadcrumb"},"inLanguage":"hr","potentialAction":[{"@type":"ReadAction","target":["https:\/\/www.opuzen.hr\/grad\/javni-natjecaj-za-izbor-i-imenovanje-direktora-clana-uprave-2\/"]}]},{"@type":"ImageObject","inLanguage":"hr","@id":"https:\/\/www.opuzen.hr\/grad\/javni-natjecaj-za-izbor-i-imenovanje-direktora-clana-uprave-2\/#primaryimage","url":"https:\/\/www.opuzen.hr\/grad\/wp-content\/uploads\/2024\/03\/Grad-Opuzen.png","contentUrl":"https:\/\/www.opuzen.hr\/grad\/wp-content\/uploads\/2024\/03\/Grad-Opuzen.png","width":1200,"height":628},{"@type":"BreadcrumbList","@id":"https:\/\/www.opuzen.hr\/grad\/javni-natjecaj-za-izbor-i-imenovanje-direktora-clana-uprave-2\/#breadcrumb","itemListElement":[{"@type":"ListItem","position":1,"name":"Po\u010detna stranica","item":"https:\/\/www.opuzen.hr\/grad\/"},{"@type":"ListItem","position":2,"name":"JAVNI NATJE\u010cAJ za izbor i imenovanje direktora \u2013 \u010dlana Uprave &#8211; \u010cisto\u0107a Opuzen d.o.o."}]},{"@type":"WebSite","@id":"https:\/\/www.opuzen.hr\/grad\/#website","url":"https:\/\/www.opuzen.hr\/grad\/","name":"Grad Opuzen","description":"Slu\u017ebene mre\u017ene stranice Grada Opuzena","publisher":{"@id":"https:\/\/www.opuzen.hr\/grad\/#organization"},"potentialAction":[{"@type":"SearchAction","target":{"@type":"EntryPoint","urlTemplate":"https:\/\/www.opuzen.hr\/grad\/?s={search_term_string}"},"query-input":"required name=search_term_string"}],"inLanguage":"hr"},{"@type":"Organization","@id":"https:\/\/www.opuzen.hr\/grad\/#organization","name":"Grad Opuzen","url":"https:\/\/www.opuzen.hr\/grad\/","logo":{"@type":"ImageObject","inLanguage":"hr","@id":"https:\/\/www.opuzen.hr\/grad\/#\/schema\/logo\/image\/","url":"https:\/\/www.opuzen.hr\/grad\/wp-content\/uploads\/2018\/02\/logo-opuzen.jpg","contentUrl":"https:\/\/www.opuzen.hr\/grad\/wp-content\/uploads\/2018\/02\/logo-opuzen.jpg","width":400,"height":400,"caption":"Grad Opuzen"},"image":{"@id":"https:\/\/www.opuzen.hr\/grad\/#\/schema\/logo\/image\/"}},{"@type":"Person","@id":"https:\/\/www.opuzen.hr\/grad\/#\/schema\/person\/0a17a9796898e9409a1fa4ca7448a481","name":"Grad Opuzen","image":{"@type":"ImageObject","inLanguage":"hr","@id":"https:\/\/www.opuzen.hr\/grad\/#\/schema\/person\/image\/","url":"https:\/\/secure.gravatar.com\/avatar\/0c54089de4fcf14c0fe3355109a3ac05?s=96&d=mm&r=g","contentUrl":"https:\/\/secure.gravatar.com\/avatar\/0c54089de4fcf14c0fe3355109a3ac05?s=96&d=mm&r=g","caption":"Grad Opuzen"},"url":"https:\/\/www.opuzen.hr\/grad\/author\/admin\/"}]}},"_links":{"self":[{"href":"https:\/\/www.opuzen.hr\/grad\/wp-json\/wp\/v2\/posts\/47763"}],"collection":[{"href":"https:\/\/www.opuzen.hr\/grad\/wp-json\/wp\/v2\/posts"}],"about":[{"href":"https:\/\/www.opuzen.hr\/grad\/wp-json\/wp\/v2\/types\/post"}],"author":[{"embeddable":true,"href":"https:\/\/www.opuzen.hr\/grad\/wp-json\/wp\/v2\/users\/3"}],"replies":[{"embeddable":true,"href":"https:\/\/www.opuzen.hr\/grad\/wp-json\/wp\/v2\/comments?post=47763"}],"version-history":[{"count":4,"href":"https:\/\/www.opuzen.hr\/grad\/wp-json\/wp\/v2\/posts\/47763\/revisions"}],"predecessor-version":[{"id":47768,"href":"https:\/\/www.opuzen.hr\/grad\/wp-json\/wp\/v2\/posts\/47763\/revisions\/47768"}],"wp:featuredmedia":[{"embeddable":true,"href":"https:\/\/www.opuzen.hr\/grad\/wp-json\/wp\/v2\/media\/47764"}],"wp:attachment":[{"href":"https:\/\/www.opuzen.hr\/grad\/wp-json\/wp\/v2\/media?parent=47763"}],"wp:term":[{"taxonomy":"category","embeddable":true,"href":"https:\/\/www.opuzen.hr\/grad\/wp-json\/wp\/v2\/categories?post=47763"},{"taxonomy":"post_tag","embeddable":true,"href":"https:\/\/www.opuzen.hr\/grad\/wp-json\/wp\/v2\/tags?post=47763"}],"curies":[{"name":"wp","href":"https:\/\/api.w.org\/{rel}","templated":true}]}}