{"id":47964,"date":"2024-06-06T15:12:30","date_gmt":"2024-06-06T13:12:30","guid":{"rendered":"https:\/\/www.opuzen.hr\/grad\/?p=47964"},"modified":"2024-08-13T14:31:50","modified_gmt":"2024-08-13T12:31:50","slug":"poziv-na-30-sjednicu-gradskog-vijeca-grada-opuzena","status":"publish","type":"post","link":"https:\/\/www.opuzen.hr\/grad\/poziv-na-30-sjednicu-gradskog-vijeca-grada-opuzena\/","title":{"rendered":"Poziv na 30. sjednicu Gradskog vije\u0107a Grada Opuzena"},"content":{"rendered":"<p>Sazvana je XXX. sjednica Gradskog vije\u0107a Grada Opuzena za dan <strong>11. lipnja 2024. godine (utorak) s po\u010detkom u 19:30 sati<\/strong>, u velikoj dvorani Gradske vije\u0107nice, Trg kralja Tomislava 1.<\/p>\n<!-- WP Attachments -->\r\n        <div style=\"width:100%;margin:10px 0 10px 0;\">\r\n            <h3>Prilozi sadr\u017eaju:<\/h3>\r\n        <ul class=\"post-attachments\"><li class=\"post-attachment mime-application-pdf\">                                \r\n<a target=\"_blank\" href=\"https:\/\/www.opuzen.hr\/grad\/poziv-na-30-sjednicu-gradskog-vijeca-grada-opuzena\/?download=47965\">ELABORAT-k.\u010d.z.534-1<\/a><div style=\"float:right;\">4 MB \/ Preuzeto: 137<\/div>\r\n<br><small><\/small><\/li><li class=\"post-attachment mime-application-pdf\">                                \r\n<a target=\"_blank\" href=\"https:\/\/www.opuzen.hr\/grad\/poziv-na-30-sjednicu-gradskog-vijeca-grada-opuzena\/?download=47966\">ELABORAT-k.\u010d.z.534-2<\/a><div style=\"float:right;\">5 MB \/ Preuzeto: 115<\/div>\r\n<br><small><\/small><\/li><li class=\"post-attachment mime-application-pdf\">                                \r\n<a target=\"_blank\" href=\"https:\/\/www.opuzen.hr\/grad\/poziv-na-30-sjednicu-gradskog-vijeca-grada-opuzena\/?download=47967\">ELABORAT-k.\u010d.z.534-3<\/a><div style=\"float:right;\">4 MB \/ Preuzeto: 121<\/div>\r\n<br><small><\/small><\/li><li class=\"post-attachment mime-application-vnd-ms-excel\">                                \r\n<a target=\"_blank\" href=\"https:\/\/www.opuzen.hr\/grad\/poziv-na-30-sjednicu-gradskog-vijeca-grada-opuzena\/?download=47968\">Godi\u0161nji izvje\u0161taj o izvr\u0161enju prora\u010duna 2023<\/a><div style=\"float:right;\">384 kB \/ Preuzeto: 112<\/div>\r\n<br><small><\/small><\/li><li class=\"post-attachment mime-application-pdf\">                                \r\n<a target=\"_blank\" href=\"https:\/\/www.opuzen.hr\/grad\/poziv-na-30-sjednicu-gradskog-vijeca-grada-opuzena\/?download=47969\">Grad Opuzen - ponuda2024-PBZ banka d.d. (do 300.000 EUR)<\/a><div style=\"float:right;\">241 kB \/ Preuzeto: 148<\/div>\r\n<br><small><\/small><\/li><li class=\"post-attachment mime-application-pdf\">                                \r\n<a target=\"_blank\" href=\"https:\/\/www.opuzen.hr\/grad\/poziv-na-30-sjednicu-gradskog-vijeca-grada-opuzena\/?download=47970\">Mi\u0161ljenje-vje\u0161taka-o-procjenama- jedna \u010destica k.\u010d.z.542-1-2-i-3<\/a><div style=\"float:right;\">145 kB \/ Preuzeto: 148<\/div>\r\n<br><small><\/small><\/li><li class=\"post-attachment mime-application-vnd-openxmlformats-officedocument-wordprocessingml-document\">                                \r\n<a target=\"_blank\" href=\"https:\/\/www.opuzen.hr\/grad\/poziv-na-30-sjednicu-gradskog-vijeca-grada-opuzena\/?download=47971\">Obrazlo\u017eenje uz godi\u0161nji izvje\u0161taj o izvr\u0161enju prora\u010duna 2023.g.<\/a><div style=\"float:right;\">22 kB \/ Preuzeto: 138<\/div>\r\n<br><small><\/small><\/li><li class=\"post-attachment mime-application-pdf\">                                \r\n<a target=\"_blank\" href=\"https:\/\/www.opuzen.hr\/grad\/poziv-na-30-sjednicu-gradskog-vijeca-grada-opuzena\/?download=47972\">Obrazlo\u017eenje uz prijedlog Odluke o kratkoro\u010dnom zadu\u017eivanju<\/a><div style=\"float:right;\">43 kB \/ Preuzeto: 119<\/div>\r\n<br><small><\/small><\/li><li class=\"post-attachment mime-application-pdf\">                                \r\n<a target=\"_blank\" href=\"https:\/\/www.opuzen.hr\/grad\/poziv-na-30-sjednicu-gradskog-vijeca-grada-opuzena\/?download=47973\">Obrazlo\u017eenje uz Prijedlog Odluke o raspisivanju javnog natje\u010daja za prodaju zemlji\u0161ta u vlasni\u0161tvu Grada Opuzen 2<\/a><div style=\"float:right;\">87 kB \/ Preuzeto: 151<\/div>\r\n<br><small><\/small><\/li><li class=\"post-attachment mime-application-pdf\">                                \r\n<a target=\"_blank\" href=\"https:\/\/www.opuzen.hr\/grad\/poziv-na-30-sjednicu-gradskog-vijeca-grada-opuzena\/?download=47974\">Obrazlo\u017eenje uz Prijedlog Odluke o raspisivanju javnog natje\u010daja za prodaju zemlji\u0161ta u vlasni\u0161tvu Grada Opuzen<\/a><div style=\"float:right;\">59 kB \/ Preuzeto: 135<\/div>\r\n<br><small><\/small><\/li><li class=\"post-attachment mime-application-vnd-openxmlformats-officedocument-wordprocessingml-document\">                                \r\n<a target=\"_blank\" href=\"https:\/\/www.opuzen.hr\/grad\/poziv-na-30-sjednicu-gradskog-vijeca-grada-opuzena\/?download=47975\">odluka GV dozvole pomorsko dobro<\/a><div style=\"float:right;\">23 kB \/ Preuzeto: 153<\/div>\r\n<br><small><\/small><\/li><li class=\"post-attachment mime-application-vnd-openxmlformats-officedocument-wordprocessingml-document\">                                \r\n<a target=\"_blank\" href=\"https:\/\/www.opuzen.hr\/grad\/poziv-na-30-sjednicu-gradskog-vijeca-grada-opuzena\/?download=47976\">Odluka o kratkoro\u010dnom zadu\u017eenju_2024<\/a><div style=\"float:right;\">16 kB \/ Preuzeto: 149<\/div>\r\n<br><small><\/small><\/li><li class=\"post-attachment mime-application-vnd-openxmlformats-officedocument-wordprocessingml-document\">                                \r\n<a target=\"_blank\" href=\"https:\/\/www.opuzen.hr\/grad\/poziv-na-30-sjednicu-gradskog-vijeca-grada-opuzena\/?download=47977\">Odluka-o-lokacijama-za-postavljanje-kioska<\/a><div style=\"float:right;\">17 kB \/ Preuzeto: 103<\/div>\r\n<br><small><\/small><\/li><li class=\"post-attachment mime-application-pdf\">                                \r\n<a target=\"_blank\" href=\"https:\/\/www.opuzen.hr\/grad\/poziv-na-30-sjednicu-gradskog-vijeca-grada-opuzena\/?download=47978\">Ponuda za kratkoro\u010dni kredit-Otp banka d.d.<\/a><div style=\"float:right;\">195 kB \/ Preuzeto: 105<\/div>\r\n<br><small><\/small><\/li><li class=\"post-attachment mime-application-pdf\">                                \r\n<a target=\"_blank\" href=\"https:\/\/www.opuzen.hr\/grad\/poziv-na-30-sjednicu-gradskog-vijeca-grada-opuzena\/?download=47979\">Poziv za 30. sjednicu Gradskog vije\u0107a<\/a><div style=\"float:right;\">70 kB \/ Preuzeto: 126<\/div>\r\n<br><small><\/small><\/li><li class=\"post-attachment mime-application-vnd-openxmlformats-officedocument-wordprocessingml-document\">                                \r\n<a target=\"_blank\" href=\"https:\/\/www.opuzen.hr\/grad\/poziv-na-30-sjednicu-gradskog-vijeca-grada-opuzena\/?download=47980\">Prijedlog odluke o izradi izmjene i dopune prostornog plana (1)<\/a><div style=\"float:right;\">32 kB \/ Preuzeto: 139<\/div>\r\n<br><small><\/small><\/li><li class=\"post-attachment mime-application-vnd-openxmlformats-officedocument-wordprocessingml-document\">                                \r\n<a target=\"_blank\" href=\"https:\/\/www.opuzen.hr\/grad\/poziv-na-30-sjednicu-gradskog-vijeca-grada-opuzena\/?download=47981\">Prijedlog odluke o izradi UPU Poduzetni\u010dka zona II<\/a><div style=\"float:right;\">32 kB \/ Preuzeto: 114<\/div>\r\n<br><small><\/small><\/li><li class=\"post-attachment mime-application-vnd-openxmlformats-officedocument-wordprocessingml-document\">                                \r\n<a target=\"_blank\" href=\"https:\/\/www.opuzen.hr\/grad\/poziv-na-30-sjednicu-gradskog-vijeca-grada-opuzena\/?download=47982\">Prijedlog Odluke o raspisivanju javnog natje\u010daja za prodaju zemlji\u0161ta u vlasni\u0161tvu Grada Opuzena- 534-1 \u010destica<\/a><div style=\"float:right;\">16 kB \/ Preuzeto: 139<\/div>\r\n<br><small><\/small><\/li><li class=\"post-attachment mime-application-vnd-openxmlformats-officedocument-wordprocessingml-document\">                                \r\n<a target=\"_blank\" href=\"https:\/\/www.opuzen.hr\/grad\/poziv-na-30-sjednicu-gradskog-vijeca-grada-opuzena\/?download=47983\">Prijedlog Odluke o raspisivanju javnog natje\u010daja za prodaju zemlji\u0161ta u vlasni\u0161tvu Grada Opuzena<\/a><div style=\"float:right;\">17 kB \/ Preuzeto: 117<\/div>\r\n<br><small><\/small><\/li><li class=\"post-attachment mime-application-pdf\">                                \r\n<a target=\"_blank\" href=\"https:\/\/www.opuzen.hr\/grad\/poziv-na-30-sjednicu-gradskog-vijeca-grada-opuzena\/?download=47984\">Procjekcija-plan otplate- PBZ banka d.d.<\/a><div style=\"float:right;\">103 kB \/ Preuzeto: 128<\/div>\r\n<br><small><\/small><\/li><li class=\"post-attachment mime-application-pdf\">                                \r\n<a target=\"_blank\" href=\"https:\/\/www.opuzen.hr\/grad\/poziv-na-30-sjednicu-gradskog-vijeca-grada-opuzena\/?download=47985\">Skica kiosk 1<\/a><div style=\"float:right;\">3 MB \/ Preuzeto: 108<\/div>\r\n<br><small><\/small><\/li><li class=\"post-attachment mime-application-pdf\">                                \r\n<a target=\"_blank\" href=\"https:\/\/www.opuzen.hr\/grad\/poziv-na-30-sjednicu-gradskog-vijeca-grada-opuzena\/?download=47986\">Skica kiosk 2<\/a><div style=\"float:right;\">2 MB \/ Preuzeto: 125<\/div>\r\n<br><small><\/small><\/li><li class=\"post-attachment mime-application-pdf\">                                \r\n<a target=\"_blank\" href=\"https:\/\/www.opuzen.hr\/grad\/poziv-na-30-sjednicu-gradskog-vijeca-grada-opuzena\/?download=47987\">skica kiosk 3 Zahtjev za suglasnost<\/a><div style=\"float:right;\">130 kB \/ Preuzeto: 130<\/div>\r\n<br><small><\/small><\/li><li class=\"post-attachment mime-application-vnd-openxmlformats-officedocument-wordprocessingml-document\">                                \r\n<a target=\"_blank\" href=\"https:\/\/www.opuzen.hr\/grad\/poziv-na-30-sjednicu-gradskog-vijeca-grada-opuzena\/?download=47988\">Statutarna odluka 2024.<\/a><div style=\"float:right;\">16 kB \/ Preuzeto: 117<\/div>\r\n<br><small><\/small><\/li><li class=\"post-attachment mime-application-msword\">                                \r\n<a target=\"_blank\" href=\"https:\/\/www.opuzen.hr\/grad\/poziv-na-30-sjednicu-gradskog-vijeca-grada-opuzena\/?download=47989\">Zaklju\u010dak o davanju suglasnosti knji\u017enica Opuzen<\/a><div style=\"float:right;\">34 kB \/ Preuzeto: 123<\/div>\r\n<br><small><\/small><\/li><li class=\"post-attachment mime-application-pdf\">                                \r\n<a target=\"_blank\" href=\"https:\/\/www.opuzen.hr\/grad\/poziv-na-30-sjednicu-gradskog-vijeca-grada-opuzena\/?download=47990\">Zaklju\u010dak prodaja-nitko se nije javio<\/a><div style=\"float:right;\">45 kB \/ Preuzeto: 88<\/div>\r\n<br><small><\/small><\/li><li class=\"post-attachment mime-application-pdf\">                                \r\n<a target=\"_blank\" href=\"https:\/\/www.opuzen.hr\/grad\/poziv-na-30-sjednicu-gradskog-vijeca-grada-opuzena\/?download=47991\">Zapisnik povjerenstva dozvole pomorsko dobro<\/a><div style=\"float:right;\">183 kB \/ Preuzeto: 113<\/div>\r\n<br><small><\/small><\/li><li class=\"post-attachment mime-application-pdf\">                                \r\n<a target=\"_blank\" href=\"https:\/\/www.opuzen.hr\/grad\/poziv-na-30-sjednicu-gradskog-vijeca-grada-opuzena\/?download=47992\">zapisnik povjerenstva prodaja-nitko se nije javio<\/a><div style=\"float:right;\">35 kB \/ Preuzeto: 90<\/div>\r\n<br><small><\/small><\/li><li class=\"post-attachment mime-application-pdf\">                                \r\n<a target=\"_blank\" href=\"https:\/\/www.opuzen.hr\/grad\/poziv-na-30-sjednicu-gradskog-vijeca-grada-opuzena\/?download=48001\">Agro Neretva_skica prostornog razmjestaja<\/a><div style=\"float:right;\">2 MB \/ Preuzeto: 147<\/div>\r\n<br><small><\/small><\/li><li class=\"post-attachment mime-application-pdf\">                                \r\n<a target=\"_blank\" href=\"https:\/\/www.opuzen.hr\/grad\/poziv-na-30-sjednicu-gradskog-vijeca-grada-opuzena\/?download=48002\">Misljenje OSPUO<\/a><div style=\"float:right;\">168 kB \/ Preuzeto: 113<\/div>\r\n<br><small><\/small><\/li><li class=\"post-attachment mime-application-pdf\">                                \r\n<a target=\"_blank\" href=\"https:\/\/www.opuzen.hr\/grad\/poziv-na-30-sjednicu-gradskog-vijeca-grada-opuzena\/?download=48003\">Pismo namjene936<\/a><div style=\"float:right;\">440 kB \/ Preuzeto: 133<\/div>\r\n<br><small><\/small><\/li><li class=\"post-attachment mime-application-pdf\">                                \r\n<a target=\"_blank\" href=\"https:\/\/www.opuzen.hr\/grad\/poziv-na-30-sjednicu-gradskog-vijeca-grada-opuzena\/?download=48004\">Uskla\u0111enost prostorno-planske dokumentacije, tra\u017ei se<\/a><div style=\"float:right;\">2 MB \/ Preuzeto: 157<\/div>\r\n<br><small><\/small><\/li><li class=\"post-attachment mime-application-pdf\">                                \r\n<a target=\"_blank\" href=\"https:\/\/www.opuzen.hr\/grad\/poziv-na-30-sjednicu-gradskog-vijeca-grada-opuzena\/?download=48005\">VI IDPPUG Opuzen Mi\u0161ljenje o potrebi SPUO- da nije potrebna<\/a><div style=\"float:right;\">674 kB \/ Preuzeto: 139<\/div>\r\n<br><small><\/small><\/li><li class=\"post-attachment mime-application-pdf\">                                \r\n<a target=\"_blank\" href=\"https:\/\/www.opuzen.hr\/grad\/poziv-na-30-sjednicu-gradskog-vijeca-grada-opuzena\/?download=48006\">ZAHTJE~1<\/a><div style=\"float:right;\">55 kB \/ Preuzeto: 121<\/div>\r\n<br><small><\/small><\/li><li class=\"post-attachment mime-application-pdf\">                                \r\n<a target=\"_blank\" href=\"https:\/\/www.opuzen.hr\/grad\/poziv-na-30-sjednicu-gradskog-vijeca-grada-opuzena\/?download=48007\">00_GRAD_OPUZEN_POSLOVNA_ZONA<\/a><div style=\"float:right;\">3 MB \/ Preuzeto: 112<\/div>\r\n<br><small><\/small><\/li><li class=\"post-attachment mime-application-vnd-ms-excel\">                                \r\n<a target=\"_blank\" href=\"https:\/\/www.opuzen.hr\/grad\/poziv-na-30-sjednicu-gradskog-vijeca-grada-opuzena\/?download=48009\">Tro\u0161kovnik_OPUZEN_ZONA_IDEJNO bez dodatnog spoja na dr\u017eavnu cestu D8-varijanta A<\/a><div style=\"float:right;\">518 kB \/ Preuzeto: 119<\/div>\r\n<br><small><\/small><\/li><li class=\"post-attachment mime-application-vnd-ms-excel\">                                \r\n<a target=\"_blank\" href=\"https:\/\/www.opuzen.hr\/grad\/poziv-na-30-sjednicu-gradskog-vijeca-grada-opuzena\/?download=48010\">Tro\u0161kovnik_OPUZEN_ZONA_IDEJNO s dodatnim spojem na dr\u017eavnu cestu D8-varijanta A<\/a><div style=\"float:right;\">521 kB \/ Preuzeto: 137<\/div>\r\n<br><small><\/small><\/li><li class=\"post-attachment mime-application-vnd-ms-excel\">                                \r\n<a target=\"_blank\" href=\"https:\/\/www.opuzen.hr\/grad\/poziv-na-30-sjednicu-gradskog-vijeca-grada-opuzena\/?download=48011\">Tro\u0161kovnik_OPUZEN_ZONA_IDEJNO_dio-varijanta B<\/a><div style=\"float:right;\">977 kB \/ Preuzeto: 102<\/div>\r\n<br><small><\/small><\/li><li class=\"post-attachment mime-application-pdf\">                                \r\n<a target=\"_blank\" href=\"https:\/\/www.opuzen.hr\/grad\/poziv-na-30-sjednicu-gradskog-vijeca-grada-opuzena\/?download=48012\">Skica prometnice dio-varijanta B (1)<\/a><div style=\"float:right;\">635 kB \/ Preuzeto: 96<\/div>\r\n<br><small><\/small><\/li><li class=\"post-attachment mime-application-pdf\">                                \r\n<a target=\"_blank\" href=\"https:\/\/www.opuzen.hr\/grad\/poziv-na-30-sjednicu-gradskog-vijeca-grada-opuzena\/?download=48013\">Mi\u0161ljenje, daje se za predhodnu ocjenu prihvatljivosti za ekolo\u0161ku mre\u017eu za UPUPZ II u Opuzenu<\/a><div style=\"float:right;\">222 kB \/ Preuzeto: 114<\/div>\r\n<br><small><\/small><\/li><li class=\"post-attachment mime-application-pdf\">                                \r\n<a target=\"_blank\" href=\"https:\/\/www.opuzen.hr\/grad\/poziv-na-30-sjednicu-gradskog-vijeca-grada-opuzena\/?download=48014\">Mi\u0161ljenje, dostavlja se o potrebi strate\u0161ke procjene utjecaja na okoli\u0161 UPUPZ II u Opuzenu<\/a><div style=\"float:right;\">138 kB \/ Preuzeto: 110<\/div>\r\n<br><small><\/small><\/li><li class=\"post-attachment mime-application-vnd-openxmlformats-officedocument-wordprocessingml-document\">                                \r\n<a target=\"_blank\" href=\"https:\/\/www.opuzen.hr\/grad\/poziv-na-30-sjednicu-gradskog-vijeca-grada-opuzena\/?download=48016\">Projektni zadatak UPU Poduzetni\u010dke zone II<\/a><div style=\"float:right;\">36 kB \/ Preuzeto: 94<\/div>\r\n<br><small><\/small><\/li><li class=\"post-attachment mime-application-pdf\">                                \r\n<a target=\"_blank\" href=\"https:\/\/www.opuzen.hr\/grad\/poziv-na-30-sjednicu-gradskog-vijeca-grada-opuzena\/?download=48017\">Projektni zadatak grafika<\/a><div style=\"float:right;\">8 MB \/ Preuzeto: 140<\/div>\r\n<br><small><\/small><\/li><li class=\"post-attachment mime-application-pdf\">                                \r\n<a target=\"_blank\" href=\"https:\/\/www.opuzen.hr\/grad\/poziv-na-30-sjednicu-gradskog-vijeca-grada-opuzena\/?download=48018\">FW_ Grad Opuzen -Ponuda za dugoro\u010dno financiranje<\/a><div style=\"float:right;\">358 kB \/ Preuzeto: 181<\/div>\r\n<br><small><\/small><\/li><li class=\"post-attachment mime-application-msword\">                                \r\n<a target=\"_blank\" href=\"https:\/\/www.opuzen.hr\/grad\/poziv-na-30-sjednicu-gradskog-vijeca-grada-opuzena\/?download=48019\">29. sjednica - zapisnik<\/a><div style=\"float:right;\">144 kB \/ Preuzeto: 148<\/div>\r\n<br><small><\/small><\/li><\/ul><\/div>","protected":false},"excerpt":{"rendered":"<p>Sazvana je XXX. sjednica Gradskog vije\u0107a Grada Opuzena za dan 11. lipnja 2024. godine (utorak)&#8230;<\/p>\n","protected":false},"author":3,"featured_media":47993,"comment_status":"closed","ping_status":"closed","sticky":false,"template":"","format":"standard","meta":{"footnotes":""},"categories":[393],"tags":[],"class_list":["post-47964","post","type-post","status-publish","format-standard","has-post-thumbnail","hentry","category-sjednice-gradskog-vijeca","wpcat-393-id"],"yoast_head":"<!-- This site is optimized with the Yoast SEO plugin v23.1 - https:\/\/yoast.com\/wordpress\/plugins\/seo\/ -->\n<title>Poziv na 30. sjednicu Gradskog vije\u0107a Grada Opuzena - Grad Opuzen<\/title>\n<meta name=\"robots\" content=\"index, follow, max-snippet:-1, max-image-preview:large, max-video-preview:-1\" \/>\n<link rel=\"canonical\" href=\"https:\/\/www.opuzen.hr\/grad\/poziv-na-30-sjednicu-gradskog-vijeca-grada-opuzena\/\" \/>\n<meta property=\"og:locale\" content=\"hr_HR\" \/>\n<meta property=\"og:type\" content=\"article\" \/>\n<meta property=\"og:title\" content=\"Poziv na 30. sjednicu Gradskog vije\u0107a Grada Opuzena - Grad Opuzen\" \/>\n<meta property=\"og:description\" content=\"Sazvana je XXX. sjednica Gradskog vije\u0107a Grada Opuzena za dan 11. lipnja 2024. godine (utorak)...\" \/>\n<meta property=\"og:url\" content=\"https:\/\/www.opuzen.hr\/grad\/poziv-na-30-sjednicu-gradskog-vijeca-grada-opuzena\/\" \/>\n<meta property=\"og:site_name\" content=\"Grad Opuzen\" \/>\n<meta property=\"article:published_time\" content=\"2024-06-06T13:12:30+00:00\" \/>\n<meta property=\"article:modified_time\" content=\"2024-08-13T12:31:50+00:00\" \/>\n<meta property=\"og:image\" content=\"https:\/\/www.opuzen.hr\/grad\/wp-content\/uploads\/2024\/06\/Opuzen.png\" \/>\n\t<meta property=\"og:image:width\" content=\"1920\" \/>\n\t<meta property=\"og:image:height\" content=\"1080\" \/>\n\t<meta property=\"og:image:type\" content=\"image\/png\" \/>\n<meta name=\"author\" content=\"Grad Opuzen\" \/>\n<meta name=\"twitter:card\" content=\"summary_large_image\" \/>\n<meta name=\"twitter:label1\" content=\"Napisao\/la\" \/>\n\t<meta name=\"twitter:data1\" content=\"Grad Opuzen\" \/>\n\t<meta name=\"twitter:label2\" content=\"Procijenjeno vrijeme \u010ditanja\" \/>\n\t<meta name=\"twitter:data2\" content=\"1 minuta\" \/>\n<script type=\"application\/ld+json\" class=\"yoast-schema-graph\">{\"@context\":\"https:\/\/schema.org\",\"@graph\":[{\"@type\":\"Article\",\"@id\":\"https:\/\/www.opuzen.hr\/grad\/poziv-na-30-sjednicu-gradskog-vijeca-grada-opuzena\/#article\",\"isPartOf\":{\"@id\":\"https:\/\/www.opuzen.hr\/grad\/poziv-na-30-sjednicu-gradskog-vijeca-grada-opuzena\/\"},\"author\":{\"name\":\"Grad Opuzen\",\"@id\":\"https:\/\/www.opuzen.hr\/grad\/#\/schema\/person\/0a17a9796898e9409a1fa4ca7448a481\"},\"headline\":\"Poziv na 30. sjednicu Gradskog vije\u0107a Grada Opuzena\",\"datePublished\":\"2024-06-06T13:12:30+00:00\",\"dateModified\":\"2024-08-13T12:31:50+00:00\",\"mainEntityOfPage\":{\"@id\":\"https:\/\/www.opuzen.hr\/grad\/poziv-na-30-sjednicu-gradskog-vijeca-grada-opuzena\/\"},\"wordCount\":36,\"publisher\":{\"@id\":\"https:\/\/www.opuzen.hr\/grad\/#organization\"},\"image\":{\"@id\":\"https:\/\/www.opuzen.hr\/grad\/poziv-na-30-sjednicu-gradskog-vijeca-grada-opuzena\/#primaryimage\"},\"thumbnailUrl\":\"https:\/\/www.opuzen.hr\/grad\/wp-content\/uploads\/2024\/06\/Opuzen.png\",\"articleSection\":[\"Sjednice gradskog vije\u0107a\"],\"inLanguage\":\"hr\"},{\"@type\":\"WebPage\",\"@id\":\"https:\/\/www.opuzen.hr\/grad\/poziv-na-30-sjednicu-gradskog-vijeca-grada-opuzena\/\",\"url\":\"https:\/\/www.opuzen.hr\/grad\/poziv-na-30-sjednicu-gradskog-vijeca-grada-opuzena\/\",\"name\":\"Poziv na 30. sjednicu Gradskog vije\u0107a Grada Opuzena - Grad Opuzen\",\"isPartOf\":{\"@id\":\"https:\/\/www.opuzen.hr\/grad\/#website\"},\"primaryImageOfPage\":{\"@id\":\"https:\/\/www.opuzen.hr\/grad\/poziv-na-30-sjednicu-gradskog-vijeca-grada-opuzena\/#primaryimage\"},\"image\":{\"@id\":\"https:\/\/www.opuzen.hr\/grad\/poziv-na-30-sjednicu-gradskog-vijeca-grada-opuzena\/#primaryimage\"},\"thumbnailUrl\":\"https:\/\/www.opuzen.hr\/grad\/wp-content\/uploads\/2024\/06\/Opuzen.png\",\"datePublished\":\"2024-06-06T13:12:30+00:00\",\"dateModified\":\"2024-08-13T12:31:50+00:00\",\"breadcrumb\":{\"@id\":\"https:\/\/www.opuzen.hr\/grad\/poziv-na-30-sjednicu-gradskog-vijeca-grada-opuzena\/#breadcrumb\"},\"inLanguage\":\"hr\",\"potentialAction\":[{\"@type\":\"ReadAction\",\"target\":[\"https:\/\/www.opuzen.hr\/grad\/poziv-na-30-sjednicu-gradskog-vijeca-grada-opuzena\/\"]}]},{\"@type\":\"ImageObject\",\"inLanguage\":\"hr\",\"@id\":\"https:\/\/www.opuzen.hr\/grad\/poziv-na-30-sjednicu-gradskog-vijeca-grada-opuzena\/#primaryimage\",\"url\":\"https:\/\/www.opuzen.hr\/grad\/wp-content\/uploads\/2024\/06\/Opuzen.png\",\"contentUrl\":\"https:\/\/www.opuzen.hr\/grad\/wp-content\/uploads\/2024\/06\/Opuzen.png\",\"width\":1920,\"height\":1080},{\"@type\":\"BreadcrumbList\",\"@id\":\"https:\/\/www.opuzen.hr\/grad\/poziv-na-30-sjednicu-gradskog-vijeca-grada-opuzena\/#breadcrumb\",\"itemListElement\":[{\"@type\":\"ListItem\",\"position\":1,\"name\":\"Po\u010detna stranica\",\"item\":\"https:\/\/www.opuzen.hr\/grad\/\"},{\"@type\":\"ListItem\",\"position\":2,\"name\":\"Poziv na 30. sjednicu Gradskog vije\u0107a Grada Opuzena\"}]},{\"@type\":\"WebSite\",\"@id\":\"https:\/\/www.opuzen.hr\/grad\/#website\",\"url\":\"https:\/\/www.opuzen.hr\/grad\/\",\"name\":\"Grad Opuzen\",\"description\":\"Slu\u017ebene mre\u017ene stranice Grada Opuzena\",\"publisher\":{\"@id\":\"https:\/\/www.opuzen.hr\/grad\/#organization\"},\"potentialAction\":[{\"@type\":\"SearchAction\",\"target\":{\"@type\":\"EntryPoint\",\"urlTemplate\":\"https:\/\/www.opuzen.hr\/grad\/?s={search_term_string}\"},\"query-input\":\"required name=search_term_string\"}],\"inLanguage\":\"hr\"},{\"@type\":\"Organization\",\"@id\":\"https:\/\/www.opuzen.hr\/grad\/#organization\",\"name\":\"Grad Opuzen\",\"url\":\"https:\/\/www.opuzen.hr\/grad\/\",\"logo\":{\"@type\":\"ImageObject\",\"inLanguage\":\"hr\",\"@id\":\"https:\/\/www.opuzen.hr\/grad\/#\/schema\/logo\/image\/\",\"url\":\"https:\/\/www.opuzen.hr\/grad\/wp-content\/uploads\/2018\/02\/logo-opuzen.jpg\",\"contentUrl\":\"https:\/\/www.opuzen.hr\/grad\/wp-content\/uploads\/2018\/02\/logo-opuzen.jpg\",\"width\":400,\"height\":400,\"caption\":\"Grad Opuzen\"},\"image\":{\"@id\":\"https:\/\/www.opuzen.hr\/grad\/#\/schema\/logo\/image\/\"}},{\"@type\":\"Person\",\"@id\":\"https:\/\/www.opuzen.hr\/grad\/#\/schema\/person\/0a17a9796898e9409a1fa4ca7448a481\",\"name\":\"Grad Opuzen\",\"image\":{\"@type\":\"ImageObject\",\"inLanguage\":\"hr\",\"@id\":\"https:\/\/www.opuzen.hr\/grad\/#\/schema\/person\/image\/\",\"url\":\"https:\/\/secure.gravatar.com\/avatar\/0c54089de4fcf14c0fe3355109a3ac05?s=96&d=mm&r=g\",\"contentUrl\":\"https:\/\/secure.gravatar.com\/avatar\/0c54089de4fcf14c0fe3355109a3ac05?s=96&d=mm&r=g\",\"caption\":\"Grad Opuzen\"},\"url\":\"https:\/\/www.opuzen.hr\/grad\/author\/admin\/\"}]}<\/script>\n<!-- \/ Yoast SEO plugin. -->","yoast_head_json":{"title":"Poziv na 30. sjednicu Gradskog vije\u0107a Grada Opuzena - Grad Opuzen","robots":{"index":"index","follow":"follow","max-snippet":"max-snippet:-1","max-image-preview":"max-image-preview:large","max-video-preview":"max-video-preview:-1"},"canonical":"https:\/\/www.opuzen.hr\/grad\/poziv-na-30-sjednicu-gradskog-vijeca-grada-opuzena\/","og_locale":"hr_HR","og_type":"article","og_title":"Poziv na 30. sjednicu Gradskog vije\u0107a Grada Opuzena - Grad Opuzen","og_description":"Sazvana je XXX. sjednica Gradskog vije\u0107a Grada Opuzena za dan 11. lipnja 2024. godine (utorak)...","og_url":"https:\/\/www.opuzen.hr\/grad\/poziv-na-30-sjednicu-gradskog-vijeca-grada-opuzena\/","og_site_name":"Grad Opuzen","article_published_time":"2024-06-06T13:12:30+00:00","article_modified_time":"2024-08-13T12:31:50+00:00","og_image":[{"width":1920,"height":1080,"url":"https:\/\/www.opuzen.hr\/grad\/wp-content\/uploads\/2024\/06\/Opuzen.png","type":"image\/png"}],"author":"Grad Opuzen","twitter_card":"summary_large_image","twitter_misc":{"Napisao\/la":"Grad Opuzen","Procijenjeno vrijeme \u010ditanja":"1 minuta"},"schema":{"@context":"https:\/\/schema.org","@graph":[{"@type":"Article","@id":"https:\/\/www.opuzen.hr\/grad\/poziv-na-30-sjednicu-gradskog-vijeca-grada-opuzena\/#article","isPartOf":{"@id":"https:\/\/www.opuzen.hr\/grad\/poziv-na-30-sjednicu-gradskog-vijeca-grada-opuzena\/"},"author":{"name":"Grad Opuzen","@id":"https:\/\/www.opuzen.hr\/grad\/#\/schema\/person\/0a17a9796898e9409a1fa4ca7448a481"},"headline":"Poziv na 30. sjednicu Gradskog vije\u0107a Grada Opuzena","datePublished":"2024-06-06T13:12:30+00:00","dateModified":"2024-08-13T12:31:50+00:00","mainEntityOfPage":{"@id":"https:\/\/www.opuzen.hr\/grad\/poziv-na-30-sjednicu-gradskog-vijeca-grada-opuzena\/"},"wordCount":36,"publisher":{"@id":"https:\/\/www.opuzen.hr\/grad\/#organization"},"image":{"@id":"https:\/\/www.opuzen.hr\/grad\/poziv-na-30-sjednicu-gradskog-vijeca-grada-opuzena\/#primaryimage"},"thumbnailUrl":"https:\/\/www.opuzen.hr\/grad\/wp-content\/uploads\/2024\/06\/Opuzen.png","articleSection":["Sjednice gradskog vije\u0107a"],"inLanguage":"hr"},{"@type":"WebPage","@id":"https:\/\/www.opuzen.hr\/grad\/poziv-na-30-sjednicu-gradskog-vijeca-grada-opuzena\/","url":"https:\/\/www.opuzen.hr\/grad\/poziv-na-30-sjednicu-gradskog-vijeca-grada-opuzena\/","name":"Poziv na 30. sjednicu Gradskog vije\u0107a Grada Opuzena - Grad Opuzen","isPartOf":{"@id":"https:\/\/www.opuzen.hr\/grad\/#website"},"primaryImageOfPage":{"@id":"https:\/\/www.opuzen.hr\/grad\/poziv-na-30-sjednicu-gradskog-vijeca-grada-opuzena\/#primaryimage"},"image":{"@id":"https:\/\/www.opuzen.hr\/grad\/poziv-na-30-sjednicu-gradskog-vijeca-grada-opuzena\/#primaryimage"},"thumbnailUrl":"https:\/\/www.opuzen.hr\/grad\/wp-content\/uploads\/2024\/06\/Opuzen.png","datePublished":"2024-06-06T13:12:30+00:00","dateModified":"2024-08-13T12:31:50+00:00","breadcrumb":{"@id":"https:\/\/www.opuzen.hr\/grad\/poziv-na-30-sjednicu-gradskog-vijeca-grada-opuzena\/#breadcrumb"},"inLanguage":"hr","potentialAction":[{"@type":"ReadAction","target":["https:\/\/www.opuzen.hr\/grad\/poziv-na-30-sjednicu-gradskog-vijeca-grada-opuzena\/"]}]},{"@type":"ImageObject","inLanguage":"hr","@id":"https:\/\/www.opuzen.hr\/grad\/poziv-na-30-sjednicu-gradskog-vijeca-grada-opuzena\/#primaryimage","url":"https:\/\/www.opuzen.hr\/grad\/wp-content\/uploads\/2024\/06\/Opuzen.png","contentUrl":"https:\/\/www.opuzen.hr\/grad\/wp-content\/uploads\/2024\/06\/Opuzen.png","width":1920,"height":1080},{"@type":"BreadcrumbList","@id":"https:\/\/www.opuzen.hr\/grad\/poziv-na-30-sjednicu-gradskog-vijeca-grada-opuzena\/#breadcrumb","itemListElement":[{"@type":"ListItem","position":1,"name":"Po\u010detna stranica","item":"https:\/\/www.opuzen.hr\/grad\/"},{"@type":"ListItem","position":2,"name":"Poziv na 30. sjednicu Gradskog vije\u0107a Grada Opuzena"}]},{"@type":"WebSite","@id":"https:\/\/www.opuzen.hr\/grad\/#website","url":"https:\/\/www.opuzen.hr\/grad\/","name":"Grad Opuzen","description":"Slu\u017ebene mre\u017ene stranice Grada Opuzena","publisher":{"@id":"https:\/\/www.opuzen.hr\/grad\/#organization"},"potentialAction":[{"@type":"SearchAction","target":{"@type":"EntryPoint","urlTemplate":"https:\/\/www.opuzen.hr\/grad\/?s={search_term_string}"},"query-input":"required name=search_term_string"}],"inLanguage":"hr"},{"@type":"Organization","@id":"https:\/\/www.opuzen.hr\/grad\/#organization","name":"Grad Opuzen","url":"https:\/\/www.opuzen.hr\/grad\/","logo":{"@type":"ImageObject","inLanguage":"hr","@id":"https:\/\/www.opuzen.hr\/grad\/#\/schema\/logo\/image\/","url":"https:\/\/www.opuzen.hr\/grad\/wp-content\/uploads\/2018\/02\/logo-opuzen.jpg","contentUrl":"https:\/\/www.opuzen.hr\/grad\/wp-content\/uploads\/2018\/02\/logo-opuzen.jpg","width":400,"height":400,"caption":"Grad Opuzen"},"image":{"@id":"https:\/\/www.opuzen.hr\/grad\/#\/schema\/logo\/image\/"}},{"@type":"Person","@id":"https:\/\/www.opuzen.hr\/grad\/#\/schema\/person\/0a17a9796898e9409a1fa4ca7448a481","name":"Grad Opuzen","image":{"@type":"ImageObject","inLanguage":"hr","@id":"https:\/\/www.opuzen.hr\/grad\/#\/schema\/person\/image\/","url":"https:\/\/secure.gravatar.com\/avatar\/0c54089de4fcf14c0fe3355109a3ac05?s=96&d=mm&r=g","contentUrl":"https:\/\/secure.gravatar.com\/avatar\/0c54089de4fcf14c0fe3355109a3ac05?s=96&d=mm&r=g","caption":"Grad Opuzen"},"url":"https:\/\/www.opuzen.hr\/grad\/author\/admin\/"}]}},"_links":{"self":[{"href":"https:\/\/www.opuzen.hr\/grad\/wp-json\/wp\/v2\/posts\/47964"}],"collection":[{"href":"https:\/\/www.opuzen.hr\/grad\/wp-json\/wp\/v2\/posts"}],"about":[{"href":"https:\/\/www.opuzen.hr\/grad\/wp-json\/wp\/v2\/types\/post"}],"author":[{"embeddable":true,"href":"https:\/\/www.opuzen.hr\/grad\/wp-json\/wp\/v2\/users\/3"}],"replies":[{"embeddable":true,"href":"https:\/\/www.opuzen.hr\/grad\/wp-json\/wp\/v2\/comments?post=47964"}],"version-history":[{"count":1,"href":"https:\/\/www.opuzen.hr\/grad\/wp-json\/wp\/v2\/posts\/47964\/revisions"}],"predecessor-version":[{"id":47994,"href":"https:\/\/www.opuzen.hr\/grad\/wp-json\/wp\/v2\/posts\/47964\/revisions\/47994"}],"wp:featuredmedia":[{"embeddable":true,"href":"https:\/\/www.opuzen.hr\/grad\/wp-json\/wp\/v2\/media\/47993"}],"wp:attachment":[{"href":"https:\/\/www.opuzen.hr\/grad\/wp-json\/wp\/v2\/media?parent=47964"}],"wp:term":[{"taxonomy":"category","embeddable":true,"href":"https:\/\/www.opuzen.hr\/grad\/wp-json\/wp\/v2\/categories?post=47964"},{"taxonomy":"post_tag","embeddable":true,"href":"https:\/\/www.opuzen.hr\/grad\/wp-json\/wp\/v2\/tags?post=47964"}],"curies":[{"name":"wp","href":"https:\/\/api.w.org\/{rel}","templated":true}]}}