{"id":48518,"date":"2024-07-24T15:15:39","date_gmt":"2024-07-24T13:15:39","guid":{"rendered":"https:\/\/www.opuzen.hr\/grad\/?p=48518"},"modified":"2024-12-30T20:57:24","modified_gmt":"2024-12-30T19:57:24","slug":"poziv-na-31-sjednicu-gradskog-vijeca-grada-opuzena","status":"publish","type":"post","link":"https:\/\/www.opuzen.hr\/grad\/poziv-na-31-sjednicu-gradskog-vijeca-grada-opuzena\/","title":{"rendered":"Poziv na 31. sjednicu Gradskog vije\u0107a Grada Opuzena"},"content":{"rendered":"<p>Sazvana je XXXI. sjednica Gradskog vije\u0107a Grada Opuzena za dan <strong>29. srpnja 2024. godine (ponedjeljak) s po\u010detkom u 19:30 sati<\/strong>, u velikoj dvorani Gradske vije\u0107nice, Trg kralja Tomislava 1.<\/p>\n<!-- WP Attachments -->\r\n        <div style=\"width:100%;margin:10px 0 10px 0;\">\r\n            <h3>Prilozi sadr\u017eaju:<\/h3>\r\n        <ul class=\"post-attachments\"><li class=\"post-attachment mime-application-msword\">                                \r\n<a target=\"_blank\" href=\"https:\/\/www.opuzen.hr\/grad\/poziv-na-31-sjednicu-gradskog-vijeca-grada-opuzena\/?download=48536\">30. sjednica - zapisnik<\/a><div style=\"float:right;\">169 kB \/ Preuzeto: 123<\/div>\r\n<br><small><\/small><\/li><li class=\"post-attachment mime-application-pdf\">                                \r\n<a target=\"_blank\" href=\"https:\/\/www.opuzen.hr\/grad\/poziv-na-31-sjednicu-gradskog-vijeca-grada-opuzena\/?download=48537\">31. sjednica Gradskog vije\u0107a - poziv<\/a><div style=\"float:right;\">2 MB \/ Preuzeto: 122<\/div>\r\n<br><small><\/small><\/li><li class=\"post-attachment mime-application-pdf\">                                \r\n<a target=\"_blank\" href=\"https:\/\/www.opuzen.hr\/grad\/poziv-na-31-sjednicu-gradskog-vijeca-grada-opuzena\/?download=48538\">dozvole na pomorskom dobru zapisnik<\/a><div style=\"float:right;\">101 kB \/ Preuzeto: 102<\/div>\r\n<br><small><\/small><\/li><li class=\"post-attachment mime-application-pdf\">                                \r\n<a target=\"_blank\" href=\"https:\/\/www.opuzen.hr\/grad\/poziv-na-31-sjednicu-gradskog-vijeca-grada-opuzena\/?download=48539\">Izmjena i dopuna Pravilnika o unutarnjem redu JUO<\/a><div style=\"float:right;\">143 kB \/ Preuzeto: 122<\/div>\r\n<br><small><\/small><\/li><li class=\"post-attachment mime-application-pdf\">                                \r\n<a target=\"_blank\" href=\"https:\/\/www.opuzen.hr\/grad\/poziv-na-31-sjednicu-gradskog-vijeca-grada-opuzena\/?download=48540\">Izvje\u0161\u0107e o radu Gradske knji\u017enice Opuzen za 2023. godinu<\/a><div style=\"float:right;\">210 kB \/ Preuzeto: 86<\/div>\r\n<br><small><\/small><\/li><li class=\"post-attachment mime-application-msword\">                                \r\n<a target=\"_blank\" href=\"https:\/\/www.opuzen.hr\/grad\/poziv-na-31-sjednicu-gradskog-vijeca-grada-opuzena\/?download=48541\">Prijedlog Dopune ODLUKE O REDU NA POMORSKOM DOBRU<\/a><div style=\"float:right;\">39 kB \/ Preuzeto: 86<\/div>\r\n<br><small><\/small><\/li><li class=\"post-attachment mime-application-pdf\">                                \r\n<a target=\"_blank\" href=\"https:\/\/www.opuzen.hr\/grad\/poziv-na-31-sjednicu-gradskog-vijeca-grada-opuzena\/?download=48542\">prijedlog Odluke o davanju suglasnosti za potpisivanje sporazuma o financiranju djelatnosti podru\u010dnog objekta Kula Norins<\/a><div style=\"float:right;\">131 kB \/ Preuzeto: 116<\/div>\r\n<br><small><\/small><\/li><li class=\"post-attachment mime-application-pdf\">                                \r\n<a target=\"_blank\" href=\"https:\/\/www.opuzen.hr\/grad\/poziv-na-31-sjednicu-gradskog-vijeca-grada-opuzena\/?download=48543\">Prijedlog Odluke o dodjeli javnih priznanja Grada Opuzena za 2024. godinu<\/a><div style=\"float:right;\">46 kB \/ Preuzeto: 118<\/div>\r\n<br><small><\/small><\/li><li class=\"post-attachment mime-application-msword\">                                \r\n<a target=\"_blank\" href=\"https:\/\/www.opuzen.hr\/grad\/poziv-na-31-sjednicu-gradskog-vijeca-grada-opuzena\/?download=48544\">Prijedlog Odluke o Izmjeni odluke o koeficijentima za obra\u010dun pla\u0107a<\/a><div style=\"float:right;\">40 kB \/ Preuzeto: 97<\/div>\r\n<br><small><\/small><\/li><li class=\"post-attachment mime-application-vnd-openxmlformats-officedocument-wordprocessingml-document\">                                \r\n<a target=\"_blank\" href=\"https:\/\/www.opuzen.hr\/grad\/poziv-na-31-sjednicu-gradskog-vijeca-grada-opuzena\/?download=48545\">Prijedlog Odluke o na\u010dinu i uvjetima sudjelovanja roditelja u cijeni programa Dje\u010djeg vrti\u0107a Opuzen<\/a><div style=\"float:right;\">18 kB \/ Preuzeto: 182<\/div>\r\n<br><small><\/small><\/li><li class=\"post-attachment mime-application-vnd-openxmlformats-officedocument-wordprocessingml-document\">                                \r\n<a target=\"_blank\" href=\"https:\/\/www.opuzen.hr\/grad\/poziv-na-31-sjednicu-gradskog-vijeca-grada-opuzena\/?download=48546\">PRIJEDLOG ODLUKE O ODABIRU NAJPOVOLJNIJIH PONUDITELJA ZA DODJELU DOZVOLA NA POMORSKOM DOBRU GRADA OPUZENA<\/a><div style=\"float:right;\">21 kB \/ Preuzeto: 120<\/div>\r\n<br><small><\/small><\/li><li class=\"post-attachment mime-application-vnd-openxmlformats-officedocument-wordprocessingml-document\">                                \r\n<a target=\"_blank\" href=\"https:\/\/www.opuzen.hr\/grad\/poziv-na-31-sjednicu-gradskog-vijeca-grada-opuzena\/?download=48547\">Prijedlog sporazuma o financiranju vrti\u0107- Opuzen (003)<\/a><div style=\"float:right;\">21 kB \/ Preuzeto: 99<\/div>\r\n<br><small><\/small><\/li><li class=\"post-attachment mime-application-pdf\">                                \r\n<a target=\"_blank\" href=\"https:\/\/www.opuzen.hr\/grad\/poziv-na-31-sjednicu-gradskog-vijeca-grada-opuzena\/?download=48548\">priznanja zapisnik<\/a><div style=\"float:right;\">155 kB \/ Preuzeto: 89<\/div>\r\n<br><small><\/small><\/li><li class=\"post-attachment mime-application-pdf\">                                \r\n<a target=\"_blank\" href=\"https:\/\/www.opuzen.hr\/grad\/poziv-na-31-sjednicu-gradskog-vijeca-grada-opuzena\/?download=48549\">Priznanja_don Ante Antunovi\u0107<\/a><div style=\"float:right;\">98 kB \/ Preuzeto: 106<\/div>\r\n<br><small><\/small><\/li><li class=\"post-attachment mime-application-pdf\">                                \r\n<a target=\"_blank\" href=\"https:\/\/www.opuzen.hr\/grad\/poziv-na-31-sjednicu-gradskog-vijeca-grada-opuzena\/?download=48550\">Priznanja_Milojko Glasovi\u0107<\/a><div style=\"float:right;\">240 kB \/ Preuzeto: 120<\/div>\r\n<br><small><\/small><\/li><li class=\"post-attachment mime-application-pdf\">                                \r\n<a target=\"_blank\" href=\"https:\/\/www.opuzen.hr\/grad\/poziv-na-31-sjednicu-gradskog-vijeca-grada-opuzena\/?download=48551\">Priznanja_Neven Zonji\u0107<\/a><div style=\"float:right;\">173 kB \/ Preuzeto: 98<\/div>\r\n<br><small><\/small><\/li><li class=\"post-attachment mime-application-pdf\">                                \r\n<a target=\"_blank\" href=\"https:\/\/www.opuzen.hr\/grad\/poziv-na-31-sjednicu-gradskog-vijeca-grada-opuzena\/?download=48552\">to\u010dka 10 i 11<\/a><div style=\"float:right;\">55 kB \/ Preuzeto: 109<\/div>\r\n<br><small><\/small><\/li><li class=\"post-attachment mime-application-msword\">                                \r\n<a target=\"_blank\" href=\"https:\/\/www.opuzen.hr\/grad\/poziv-na-31-sjednicu-gradskog-vijeca-grada-opuzena\/?download=48553\">Zaklju\u010dak o o prihva\u0107anju Izvje\u0161\u0107a o radu i financijskog izvje\u0161\u0107a Gradske knji\u017enice Opuzen 2024<\/a><div style=\"float:right;\">32 kB \/ Preuzeto: 105<\/div>\r\n<br><small><\/small><\/li><\/ul><\/div>","protected":false},"excerpt":{"rendered":"<p>Sazvana je XXXI. sjednica Gradskog vije\u0107a Grada Opuzena za dan 29. srpnja 2024. godine (ponedjeljak)&#8230;<\/p>\n","protected":false},"author":3,"featured_media":48534,"comment_status":"closed","ping_status":"closed","sticky":false,"template":"","format":"standard","meta":{"footnotes":""},"categories":[393],"tags":[],"class_list":["post-48518","post","type-post","status-publish","format-standard","has-post-thumbnail","hentry","category-sjednice-gradskog-vijeca","wpcat-393-id"],"yoast_head":"<!-- This site is optimized with the Yoast SEO plugin v23.1 - https:\/\/yoast.com\/wordpress\/plugins\/seo\/ -->\n<title>Poziv na 31. sjednicu Gradskog vije\u0107a Grada Opuzena - Grad Opuzen<\/title>\n<meta name=\"robots\" content=\"index, follow, max-snippet:-1, max-image-preview:large, max-video-preview:-1\" \/>\n<link rel=\"canonical\" href=\"https:\/\/www.opuzen.hr\/grad\/poziv-na-31-sjednicu-gradskog-vijeca-grada-opuzena\/\" \/>\n<meta property=\"og:locale\" content=\"hr_HR\" \/>\n<meta property=\"og:type\" content=\"article\" \/>\n<meta property=\"og:title\" content=\"Poziv na 31. sjednicu Gradskog vije\u0107a Grada Opuzena - Grad Opuzen\" \/>\n<meta property=\"og:description\" content=\"Sazvana je XXXI. sjednica Gradskog vije\u0107a Grada Opuzena za dan 29. srpnja 2024. godine (ponedjeljak)...\" \/>\n<meta property=\"og:url\" content=\"https:\/\/www.opuzen.hr\/grad\/poziv-na-31-sjednicu-gradskog-vijeca-grada-opuzena\/\" \/>\n<meta property=\"og:site_name\" content=\"Grad Opuzen\" \/>\n<meta property=\"article:published_time\" content=\"2024-07-24T13:15:39+00:00\" \/>\n<meta property=\"article:modified_time\" content=\"2024-12-30T19:57:24+00:00\" \/>\n<meta property=\"og:image\" content=\"https:\/\/www.opuzen.hr\/grad\/wp-content\/uploads\/2024\/07\/poziv_sjednica.jpg\" \/>\n\t<meta property=\"og:image:width\" content=\"1920\" \/>\n\t<meta property=\"og:image:height\" content=\"1080\" \/>\n\t<meta property=\"og:image:type\" content=\"image\/jpeg\" \/>\n<meta name=\"author\" content=\"Grad Opuzen\" \/>\n<meta name=\"twitter:card\" content=\"summary_large_image\" \/>\n<meta name=\"twitter:label1\" content=\"Napisao\/la\" \/>\n\t<meta name=\"twitter:data1\" content=\"Grad Opuzen\" \/>\n\t<meta name=\"twitter:label2\" content=\"Procijenjeno vrijeme \u010ditanja\" \/>\n\t<meta name=\"twitter:data2\" content=\"1 minuta\" \/>\n<script type=\"application\/ld+json\" class=\"yoast-schema-graph\">{\"@context\":\"https:\/\/schema.org\",\"@graph\":[{\"@type\":\"Article\",\"@id\":\"https:\/\/www.opuzen.hr\/grad\/poziv-na-31-sjednicu-gradskog-vijeca-grada-opuzena\/#article\",\"isPartOf\":{\"@id\":\"https:\/\/www.opuzen.hr\/grad\/poziv-na-31-sjednicu-gradskog-vijeca-grada-opuzena\/\"},\"author\":{\"name\":\"Grad Opuzen\",\"@id\":\"https:\/\/www.opuzen.hr\/grad\/#\/schema\/person\/0a17a9796898e9409a1fa4ca7448a481\"},\"headline\":\"Poziv na 31. sjednicu Gradskog vije\u0107a Grada Opuzena\",\"datePublished\":\"2024-07-24T13:15:39+00:00\",\"dateModified\":\"2024-12-30T19:57:24+00:00\",\"mainEntityOfPage\":{\"@id\":\"https:\/\/www.opuzen.hr\/grad\/poziv-na-31-sjednicu-gradskog-vijeca-grada-opuzena\/\"},\"wordCount\":36,\"publisher\":{\"@id\":\"https:\/\/www.opuzen.hr\/grad\/#organization\"},\"image\":{\"@id\":\"https:\/\/www.opuzen.hr\/grad\/poziv-na-31-sjednicu-gradskog-vijeca-grada-opuzena\/#primaryimage\"},\"thumbnailUrl\":\"https:\/\/www.opuzen.hr\/grad\/wp-content\/uploads\/2024\/07\/poziv_sjednica.jpg\",\"articleSection\":[\"Sjednice gradskog vije\u0107a\"],\"inLanguage\":\"hr\"},{\"@type\":\"WebPage\",\"@id\":\"https:\/\/www.opuzen.hr\/grad\/poziv-na-31-sjednicu-gradskog-vijeca-grada-opuzena\/\",\"url\":\"https:\/\/www.opuzen.hr\/grad\/poziv-na-31-sjednicu-gradskog-vijeca-grada-opuzena\/\",\"name\":\"Poziv na 31. sjednicu Gradskog vije\u0107a Grada Opuzena - Grad Opuzen\",\"isPartOf\":{\"@id\":\"https:\/\/www.opuzen.hr\/grad\/#website\"},\"primaryImageOfPage\":{\"@id\":\"https:\/\/www.opuzen.hr\/grad\/poziv-na-31-sjednicu-gradskog-vijeca-grada-opuzena\/#primaryimage\"},\"image\":{\"@id\":\"https:\/\/www.opuzen.hr\/grad\/poziv-na-31-sjednicu-gradskog-vijeca-grada-opuzena\/#primaryimage\"},\"thumbnailUrl\":\"https:\/\/www.opuzen.hr\/grad\/wp-content\/uploads\/2024\/07\/poziv_sjednica.jpg\",\"datePublished\":\"2024-07-24T13:15:39+00:00\",\"dateModified\":\"2024-12-30T19:57:24+00:00\",\"breadcrumb\":{\"@id\":\"https:\/\/www.opuzen.hr\/grad\/poziv-na-31-sjednicu-gradskog-vijeca-grada-opuzena\/#breadcrumb\"},\"inLanguage\":\"hr\",\"potentialAction\":[{\"@type\":\"ReadAction\",\"target\":[\"https:\/\/www.opuzen.hr\/grad\/poziv-na-31-sjednicu-gradskog-vijeca-grada-opuzena\/\"]}]},{\"@type\":\"ImageObject\",\"inLanguage\":\"hr\",\"@id\":\"https:\/\/www.opuzen.hr\/grad\/poziv-na-31-sjednicu-gradskog-vijeca-grada-opuzena\/#primaryimage\",\"url\":\"https:\/\/www.opuzen.hr\/grad\/wp-content\/uploads\/2024\/07\/poziv_sjednica.jpg\",\"contentUrl\":\"https:\/\/www.opuzen.hr\/grad\/wp-content\/uploads\/2024\/07\/poziv_sjednica.jpg\",\"width\":1920,\"height\":1080},{\"@type\":\"BreadcrumbList\",\"@id\":\"https:\/\/www.opuzen.hr\/grad\/poziv-na-31-sjednicu-gradskog-vijeca-grada-opuzena\/#breadcrumb\",\"itemListElement\":[{\"@type\":\"ListItem\",\"position\":1,\"name\":\"Po\u010detna stranica\",\"item\":\"https:\/\/www.opuzen.hr\/grad\/\"},{\"@type\":\"ListItem\",\"position\":2,\"name\":\"Poziv na 31. sjednicu Gradskog vije\u0107a Grada Opuzena\"}]},{\"@type\":\"WebSite\",\"@id\":\"https:\/\/www.opuzen.hr\/grad\/#website\",\"url\":\"https:\/\/www.opuzen.hr\/grad\/\",\"name\":\"Grad Opuzen\",\"description\":\"Slu\u017ebene mre\u017ene stranice Grada Opuzena\",\"publisher\":{\"@id\":\"https:\/\/www.opuzen.hr\/grad\/#organization\"},\"potentialAction\":[{\"@type\":\"SearchAction\",\"target\":{\"@type\":\"EntryPoint\",\"urlTemplate\":\"https:\/\/www.opuzen.hr\/grad\/?s={search_term_string}\"},\"query-input\":\"required name=search_term_string\"}],\"inLanguage\":\"hr\"},{\"@type\":\"Organization\",\"@id\":\"https:\/\/www.opuzen.hr\/grad\/#organization\",\"name\":\"Grad Opuzen\",\"url\":\"https:\/\/www.opuzen.hr\/grad\/\",\"logo\":{\"@type\":\"ImageObject\",\"inLanguage\":\"hr\",\"@id\":\"https:\/\/www.opuzen.hr\/grad\/#\/schema\/logo\/image\/\",\"url\":\"https:\/\/www.opuzen.hr\/grad\/wp-content\/uploads\/2018\/02\/logo-opuzen.jpg\",\"contentUrl\":\"https:\/\/www.opuzen.hr\/grad\/wp-content\/uploads\/2018\/02\/logo-opuzen.jpg\",\"width\":400,\"height\":400,\"caption\":\"Grad Opuzen\"},\"image\":{\"@id\":\"https:\/\/www.opuzen.hr\/grad\/#\/schema\/logo\/image\/\"}},{\"@type\":\"Person\",\"@id\":\"https:\/\/www.opuzen.hr\/grad\/#\/schema\/person\/0a17a9796898e9409a1fa4ca7448a481\",\"name\":\"Grad Opuzen\",\"image\":{\"@type\":\"ImageObject\",\"inLanguage\":\"hr\",\"@id\":\"https:\/\/www.opuzen.hr\/grad\/#\/schema\/person\/image\/\",\"url\":\"https:\/\/secure.gravatar.com\/avatar\/0c54089de4fcf14c0fe3355109a3ac05?s=96&d=mm&r=g\",\"contentUrl\":\"https:\/\/secure.gravatar.com\/avatar\/0c54089de4fcf14c0fe3355109a3ac05?s=96&d=mm&r=g\",\"caption\":\"Grad Opuzen\"},\"url\":\"https:\/\/www.opuzen.hr\/grad\/author\/admin\/\"}]}<\/script>\n<!-- \/ Yoast SEO plugin. -->","yoast_head_json":{"title":"Poziv na 31. sjednicu Gradskog vije\u0107a Grada Opuzena - Grad Opuzen","robots":{"index":"index","follow":"follow","max-snippet":"max-snippet:-1","max-image-preview":"max-image-preview:large","max-video-preview":"max-video-preview:-1"},"canonical":"https:\/\/www.opuzen.hr\/grad\/poziv-na-31-sjednicu-gradskog-vijeca-grada-opuzena\/","og_locale":"hr_HR","og_type":"article","og_title":"Poziv na 31. sjednicu Gradskog vije\u0107a Grada Opuzena - Grad Opuzen","og_description":"Sazvana je XXXI. sjednica Gradskog vije\u0107a Grada Opuzena za dan 29. srpnja 2024. godine (ponedjeljak)...","og_url":"https:\/\/www.opuzen.hr\/grad\/poziv-na-31-sjednicu-gradskog-vijeca-grada-opuzena\/","og_site_name":"Grad Opuzen","article_published_time":"2024-07-24T13:15:39+00:00","article_modified_time":"2024-12-30T19:57:24+00:00","og_image":[{"width":1920,"height":1080,"url":"https:\/\/www.opuzen.hr\/grad\/wp-content\/uploads\/2024\/07\/poziv_sjednica.jpg","type":"image\/jpeg"}],"author":"Grad Opuzen","twitter_card":"summary_large_image","twitter_misc":{"Napisao\/la":"Grad Opuzen","Procijenjeno vrijeme \u010ditanja":"1 minuta"},"schema":{"@context":"https:\/\/schema.org","@graph":[{"@type":"Article","@id":"https:\/\/www.opuzen.hr\/grad\/poziv-na-31-sjednicu-gradskog-vijeca-grada-opuzena\/#article","isPartOf":{"@id":"https:\/\/www.opuzen.hr\/grad\/poziv-na-31-sjednicu-gradskog-vijeca-grada-opuzena\/"},"author":{"name":"Grad Opuzen","@id":"https:\/\/www.opuzen.hr\/grad\/#\/schema\/person\/0a17a9796898e9409a1fa4ca7448a481"},"headline":"Poziv na 31. sjednicu Gradskog vije\u0107a Grada Opuzena","datePublished":"2024-07-24T13:15:39+00:00","dateModified":"2024-12-30T19:57:24+00:00","mainEntityOfPage":{"@id":"https:\/\/www.opuzen.hr\/grad\/poziv-na-31-sjednicu-gradskog-vijeca-grada-opuzena\/"},"wordCount":36,"publisher":{"@id":"https:\/\/www.opuzen.hr\/grad\/#organization"},"image":{"@id":"https:\/\/www.opuzen.hr\/grad\/poziv-na-31-sjednicu-gradskog-vijeca-grada-opuzena\/#primaryimage"},"thumbnailUrl":"https:\/\/www.opuzen.hr\/grad\/wp-content\/uploads\/2024\/07\/poziv_sjednica.jpg","articleSection":["Sjednice gradskog vije\u0107a"],"inLanguage":"hr"},{"@type":"WebPage","@id":"https:\/\/www.opuzen.hr\/grad\/poziv-na-31-sjednicu-gradskog-vijeca-grada-opuzena\/","url":"https:\/\/www.opuzen.hr\/grad\/poziv-na-31-sjednicu-gradskog-vijeca-grada-opuzena\/","name":"Poziv na 31. sjednicu Gradskog vije\u0107a Grada Opuzena - Grad Opuzen","isPartOf":{"@id":"https:\/\/www.opuzen.hr\/grad\/#website"},"primaryImageOfPage":{"@id":"https:\/\/www.opuzen.hr\/grad\/poziv-na-31-sjednicu-gradskog-vijeca-grada-opuzena\/#primaryimage"},"image":{"@id":"https:\/\/www.opuzen.hr\/grad\/poziv-na-31-sjednicu-gradskog-vijeca-grada-opuzena\/#primaryimage"},"thumbnailUrl":"https:\/\/www.opuzen.hr\/grad\/wp-content\/uploads\/2024\/07\/poziv_sjednica.jpg","datePublished":"2024-07-24T13:15:39+00:00","dateModified":"2024-12-30T19:57:24+00:00","breadcrumb":{"@id":"https:\/\/www.opuzen.hr\/grad\/poziv-na-31-sjednicu-gradskog-vijeca-grada-opuzena\/#breadcrumb"},"inLanguage":"hr","potentialAction":[{"@type":"ReadAction","target":["https:\/\/www.opuzen.hr\/grad\/poziv-na-31-sjednicu-gradskog-vijeca-grada-opuzena\/"]}]},{"@type":"ImageObject","inLanguage":"hr","@id":"https:\/\/www.opuzen.hr\/grad\/poziv-na-31-sjednicu-gradskog-vijeca-grada-opuzena\/#primaryimage","url":"https:\/\/www.opuzen.hr\/grad\/wp-content\/uploads\/2024\/07\/poziv_sjednica.jpg","contentUrl":"https:\/\/www.opuzen.hr\/grad\/wp-content\/uploads\/2024\/07\/poziv_sjednica.jpg","width":1920,"height":1080},{"@type":"BreadcrumbList","@id":"https:\/\/www.opuzen.hr\/grad\/poziv-na-31-sjednicu-gradskog-vijeca-grada-opuzena\/#breadcrumb","itemListElement":[{"@type":"ListItem","position":1,"name":"Po\u010detna stranica","item":"https:\/\/www.opuzen.hr\/grad\/"},{"@type":"ListItem","position":2,"name":"Poziv na 31. sjednicu Gradskog vije\u0107a Grada Opuzena"}]},{"@type":"WebSite","@id":"https:\/\/www.opuzen.hr\/grad\/#website","url":"https:\/\/www.opuzen.hr\/grad\/","name":"Grad Opuzen","description":"Slu\u017ebene mre\u017ene stranice Grada Opuzena","publisher":{"@id":"https:\/\/www.opuzen.hr\/grad\/#organization"},"potentialAction":[{"@type":"SearchAction","target":{"@type":"EntryPoint","urlTemplate":"https:\/\/www.opuzen.hr\/grad\/?s={search_term_string}"},"query-input":"required name=search_term_string"}],"inLanguage":"hr"},{"@type":"Organization","@id":"https:\/\/www.opuzen.hr\/grad\/#organization","name":"Grad Opuzen","url":"https:\/\/www.opuzen.hr\/grad\/","logo":{"@type":"ImageObject","inLanguage":"hr","@id":"https:\/\/www.opuzen.hr\/grad\/#\/schema\/logo\/image\/","url":"https:\/\/www.opuzen.hr\/grad\/wp-content\/uploads\/2018\/02\/logo-opuzen.jpg","contentUrl":"https:\/\/www.opuzen.hr\/grad\/wp-content\/uploads\/2018\/02\/logo-opuzen.jpg","width":400,"height":400,"caption":"Grad Opuzen"},"image":{"@id":"https:\/\/www.opuzen.hr\/grad\/#\/schema\/logo\/image\/"}},{"@type":"Person","@id":"https:\/\/www.opuzen.hr\/grad\/#\/schema\/person\/0a17a9796898e9409a1fa4ca7448a481","name":"Grad Opuzen","image":{"@type":"ImageObject","inLanguage":"hr","@id":"https:\/\/www.opuzen.hr\/grad\/#\/schema\/person\/image\/","url":"https:\/\/secure.gravatar.com\/avatar\/0c54089de4fcf14c0fe3355109a3ac05?s=96&d=mm&r=g","contentUrl":"https:\/\/secure.gravatar.com\/avatar\/0c54089de4fcf14c0fe3355109a3ac05?s=96&d=mm&r=g","caption":"Grad Opuzen"},"url":"https:\/\/www.opuzen.hr\/grad\/author\/admin\/"}]}},"_links":{"self":[{"href":"https:\/\/www.opuzen.hr\/grad\/wp-json\/wp\/v2\/posts\/48518"}],"collection":[{"href":"https:\/\/www.opuzen.hr\/grad\/wp-json\/wp\/v2\/posts"}],"about":[{"href":"https:\/\/www.opuzen.hr\/grad\/wp-json\/wp\/v2\/types\/post"}],"author":[{"embeddable":true,"href":"https:\/\/www.opuzen.hr\/grad\/wp-json\/wp\/v2\/users\/3"}],"replies":[{"embeddable":true,"href":"https:\/\/www.opuzen.hr\/grad\/wp-json\/wp\/v2\/comments?post=48518"}],"version-history":[{"count":4,"href":"https:\/\/www.opuzen.hr\/grad\/wp-json\/wp\/v2\/posts\/48518\/revisions"}],"predecessor-version":[{"id":48555,"href":"https:\/\/www.opuzen.hr\/grad\/wp-json\/wp\/v2\/posts\/48518\/revisions\/48555"}],"wp:featuredmedia":[{"embeddable":true,"href":"https:\/\/www.opuzen.hr\/grad\/wp-json\/wp\/v2\/media\/48534"}],"wp:attachment":[{"href":"https:\/\/www.opuzen.hr\/grad\/wp-json\/wp\/v2\/media?parent=48518"}],"wp:term":[{"taxonomy":"category","embeddable":true,"href":"https:\/\/www.opuzen.hr\/grad\/wp-json\/wp\/v2\/categories?post=48518"},{"taxonomy":"post_tag","embeddable":true,"href":"https:\/\/www.opuzen.hr\/grad\/wp-json\/wp\/v2\/tags?post=48518"}],"curies":[{"name":"wp","href":"https:\/\/api.w.org\/{rel}","templated":true}]}}