{"id":4885,"date":"2019-08-07T09:30:48","date_gmt":"2019-08-07T07:30:48","guid":{"rendered":"https:\/\/www.opuzen.hr\/grad\/?p=4885"},"modified":"2023-10-12T13:28:51","modified_gmt":"2023-10-12T11:28:51","slug":"odrzana-svecana-sjednica-gradskog-vijeca-grada-opuzena-2","status":"publish","type":"post","link":"https:\/\/www.opuzen.hr\/grad\/odrzana-svecana-sjednica-gradskog-vijeca-grada-opuzena-2\/","title":{"rendered":"Odr\u017eana sve\u010dana sjednica Gradskog vije\u0107a Grada Opuzena"},"content":{"rendered":"<p>02. kolovoza 2019. na Poljanici Mate Pe\u010di\u0107a odr\u017eana je sve\u010dana sjednica Gradskog vije\u0107a Grada Opuzena povodom dana Grada Opuzena i blagdana sv. Stjepana prvomu\u010denika. Sjednicu je otvorio predsjednik Gradskog vije\u0107a gosp. Mladen \u0160iljeg.<!--more--><br \/>\n<strong>Sjednici su nazo\u010dili:<\/strong><\/p>\n<ul>\n<li>gosp. Branko Ba\u010di\u0107, saborski zastupnik<\/li>\n<li>g\u0111a. Marija Vu\u010dkovi\u0107, ministrica poljoprivrede<\/li>\n<li>gosp. Nikola Dobroslavi\u0107, \u017eupan Dubrova\u010dko- neretvanski<\/li>\n<li>g\u0111a. Nikolina Klai\u0107, dr\u017eavna tajnica u Ministarstvu regionalnog razvoja i fondova EU<\/li>\n<li>g\u0111a. \u017daklina Marevi\u0107, gosp. Jo\u0161ko Cebalo, zamjenici \u017eupana<\/li>\n<li>gradona\u010delnici i na\u010delnici gradova na\u0161e \u017eupanije<\/li>\n<\/ul>\n<p>Prigodan govor, povodom sve\u010danosti, odr\u017eao je gradona\u010delnik grada Opuzena gosp. Ivo Mihaljevi\u0107.<\/p>\n<p>Svim okupljenima obratili su se i \u017eupan Dubrova\u010dko- neretvanski gosp. Nikola Dobroslavi\u0107, g\u0111a. Marija Vu\u010dkovi\u0107 ministrica poljoprivrede i gosp. Branko Ba\u010di\u0107 saborski zastupnik. Najsve\u010daniji dio sjednice bila je dodjela javnih priznanja grada Opuzena za 2019, Gradsko vije\u0107e je dodijelilo nagradu Grada Opuzena za 2019. godini prof. Anti \u017divkovi\u0107u Fo\u0161aru za poseban doprinos kulturnom \u017eivotu grada Opuzena.<\/p>\n<p>Fotografije sa sve\u010dane sjednice Gradskog vije\u0107a mo\u017eete pogledati u nastavku.<\/p>\n<p>&nbsp;<\/p>\n<div id='gallery-1' class='gallery galleryid-4885 gallery-columns-4 gallery-size-cmsmasters-project-full-thumb'><figure class='gallery-item'>\n\t\t\t<div class='gallery-icon landscape'>\n\t\t\t\t<a href='https:\/\/www.opuzen.hr\/grad\/wp-content\/uploads\/2019\/08\/Sl-01-1.jpg'><img fetchpriority=\"high\" decoding=\"async\" width=\"1160\" height=\"650\" src=\"https:\/\/www.opuzen.hr\/grad\/wp-content\/uploads\/2019\/08\/Sl-01-1-1160x650.jpg\" class=\"attachment-cmsmasters-project-full-thumb size-cmsmasters-project-full-thumb\" alt=\"\" \/><\/a>\n\t\t\t<\/div><\/figure><figure class='gallery-item'>\n\t\t\t<div class='gallery-icon portrait'>\n\t\t\t\t<a href='https:\/\/www.opuzen.hr\/grad\/wp-content\/uploads\/2019\/08\/Sl-02-1.jpg'><img decoding=\"async\" width=\"1160\" height=\"650\" src=\"https:\/\/www.opuzen.hr\/grad\/wp-content\/uploads\/2019\/08\/Sl-02-1-1160x650.jpg\" class=\"attachment-cmsmasters-project-full-thumb size-cmsmasters-project-full-thumb\" alt=\"\" \/><\/a>\n\t\t\t<\/div><\/figure><figure class='gallery-item'>\n\t\t\t<div class='gallery-icon landscape'>\n\t\t\t\t<a href='https:\/\/www.opuzen.hr\/grad\/wp-content\/uploads\/2019\/08\/Sl-03-1.jpg'><img decoding=\"async\" width=\"1160\" height=\"650\" src=\"https:\/\/www.opuzen.hr\/grad\/wp-content\/uploads\/2019\/08\/Sl-03-1-1160x650.jpg\" class=\"attachment-cmsmasters-project-full-thumb size-cmsmasters-project-full-thumb\" alt=\"\" \/><\/a>\n\t\t\t<\/div><\/figure><figure class='gallery-item'>\n\t\t\t<div class='gallery-icon landscape'>\n\t\t\t\t<a href='https:\/\/www.opuzen.hr\/grad\/wp-content\/uploads\/2019\/08\/Sl-04-1.jpg'><img loading=\"lazy\" decoding=\"async\" width=\"1160\" height=\"650\" src=\"https:\/\/www.opuzen.hr\/grad\/wp-content\/uploads\/2019\/08\/Sl-04-1-1160x650.jpg\" class=\"attachment-cmsmasters-project-full-thumb size-cmsmasters-project-full-thumb\" alt=\"\" \/><\/a>\n\t\t\t<\/div><\/figure><figure class='gallery-item'>\n\t\t\t<div class='gallery-icon landscape'>\n\t\t\t\t<a href='https:\/\/www.opuzen.hr\/grad\/wp-content\/uploads\/2019\/08\/Sl-05-1.jpg'><img loading=\"lazy\" decoding=\"async\" width=\"1160\" height=\"650\" src=\"https:\/\/www.opuzen.hr\/grad\/wp-content\/uploads\/2019\/08\/Sl-05-1-1160x650.jpg\" class=\"attachment-cmsmasters-project-full-thumb size-cmsmasters-project-full-thumb\" alt=\"\" \/><\/a>\n\t\t\t<\/div><\/figure><figure class='gallery-item'>\n\t\t\t<div class='gallery-icon landscape'>\n\t\t\t\t<a href='https:\/\/www.opuzen.hr\/grad\/wp-content\/uploads\/2019\/08\/Sl-06-1.jpg'><img loading=\"lazy\" decoding=\"async\" width=\"1160\" height=\"650\" src=\"https:\/\/www.opuzen.hr\/grad\/wp-content\/uploads\/2019\/08\/Sl-06-1-1160x650.jpg\" class=\"attachment-cmsmasters-project-full-thumb size-cmsmasters-project-full-thumb\" alt=\"\" \/><\/a>\n\t\t\t<\/div><\/figure><figure class='gallery-item'>\n\t\t\t<div class='gallery-icon landscape'>\n\t\t\t\t<a href='https:\/\/www.opuzen.hr\/grad\/wp-content\/uploads\/2019\/08\/Sl-07-1.jpg'><img loading=\"lazy\" decoding=\"async\" width=\"1160\" height=\"650\" src=\"https:\/\/www.opuzen.hr\/grad\/wp-content\/uploads\/2019\/08\/Sl-07-1-1160x650.jpg\" class=\"attachment-cmsmasters-project-full-thumb size-cmsmasters-project-full-thumb\" alt=\"\" \/><\/a>\n\t\t\t<\/div><\/figure><figure class='gallery-item'>\n\t\t\t<div class='gallery-icon landscape'>\n\t\t\t\t<a href='https:\/\/www.opuzen.hr\/grad\/wp-content\/uploads\/2019\/08\/Sl-08-1.jpg'><img loading=\"lazy\" decoding=\"async\" width=\"1160\" height=\"650\" src=\"https:\/\/www.opuzen.hr\/grad\/wp-content\/uploads\/2019\/08\/Sl-08-1-1160x650.jpg\" class=\"attachment-cmsmasters-project-full-thumb size-cmsmasters-project-full-thumb\" alt=\"\" \/><\/a>\n\t\t\t<\/div><\/figure><figure class='gallery-item'>\n\t\t\t<div class='gallery-icon landscape'>\n\t\t\t\t<a href='https:\/\/www.opuzen.hr\/grad\/wp-content\/uploads\/2019\/08\/Sl-09-1.jpg'><img loading=\"lazy\" decoding=\"async\" width=\"1160\" height=\"650\" src=\"https:\/\/www.opuzen.hr\/grad\/wp-content\/uploads\/2019\/08\/Sl-09-1-1160x650.jpg\" class=\"attachment-cmsmasters-project-full-thumb size-cmsmasters-project-full-thumb\" alt=\"\" \/><\/a>\n\t\t\t<\/div><\/figure><figure class='gallery-item'>\n\t\t\t<div class='gallery-icon landscape'>\n\t\t\t\t<a href='https:\/\/www.opuzen.hr\/grad\/wp-content\/uploads\/2019\/08\/Sl-10-2.jpg'><img loading=\"lazy\" decoding=\"async\" width=\"1160\" height=\"650\" src=\"https:\/\/www.opuzen.hr\/grad\/wp-content\/uploads\/2019\/08\/Sl-10-2-1160x650.jpg\" class=\"attachment-cmsmasters-project-full-thumb size-cmsmasters-project-full-thumb\" alt=\"\" \/><\/a>\n\t\t\t<\/div><\/figure><figure class='gallery-item'>\n\t\t\t<div class='gallery-icon landscape'>\n\t\t\t\t<a href='https:\/\/www.opuzen.hr\/grad\/wp-content\/uploads\/2019\/08\/Sl-11-2.jpg'><img loading=\"lazy\" decoding=\"async\" width=\"1160\" height=\"650\" src=\"https:\/\/www.opuzen.hr\/grad\/wp-content\/uploads\/2019\/08\/Sl-11-2-1160x650.jpg\" class=\"attachment-cmsmasters-project-full-thumb size-cmsmasters-project-full-thumb\" alt=\"\" \/><\/a>\n\t\t\t<\/div><\/figure><figure class='gallery-item'>\n\t\t\t<div class='gallery-icon landscape'>\n\t\t\t\t<a href='https:\/\/www.opuzen.hr\/grad\/wp-content\/uploads\/2019\/08\/Sl-12-2.jpg'><img loading=\"lazy\" decoding=\"async\" width=\"1160\" height=\"650\" src=\"https:\/\/www.opuzen.hr\/grad\/wp-content\/uploads\/2019\/08\/Sl-12-2-1160x650.jpg\" class=\"attachment-cmsmasters-project-full-thumb size-cmsmasters-project-full-thumb\" alt=\"\" \/><\/a>\n\t\t\t<\/div><\/figure><figure class='gallery-item'>\n\t\t\t<div class='gallery-icon landscape'>\n\t\t\t\t<a href='https:\/\/www.opuzen.hr\/grad\/wp-content\/uploads\/2019\/08\/Sl-13-2.jpg'><img loading=\"lazy\" decoding=\"async\" width=\"1160\" height=\"650\" src=\"https:\/\/www.opuzen.hr\/grad\/wp-content\/uploads\/2019\/08\/Sl-13-2-1160x650.jpg\" class=\"attachment-cmsmasters-project-full-thumb size-cmsmasters-project-full-thumb\" alt=\"\" \/><\/a>\n\t\t\t<\/div><\/figure><figure class='gallery-item'>\n\t\t\t<div class='gallery-icon landscape'>\n\t\t\t\t<a href='https:\/\/www.opuzen.hr\/grad\/wp-content\/uploads\/2019\/08\/Sl-14-2.jpg'><img loading=\"lazy\" decoding=\"async\" width=\"1160\" height=\"650\" src=\"https:\/\/www.opuzen.hr\/grad\/wp-content\/uploads\/2019\/08\/Sl-14-2-1160x650.jpg\" class=\"attachment-cmsmasters-project-full-thumb size-cmsmasters-project-full-thumb\" alt=\"\" \/><\/a>\n\t\t\t<\/div><\/figure><figure class='gallery-item'>\n\t\t\t<div class='gallery-icon landscape'>\n\t\t\t\t<a href='https:\/\/www.opuzen.hr\/grad\/wp-content\/uploads\/2019\/08\/Sl-15-2.jpg'><img loading=\"lazy\" decoding=\"async\" width=\"1160\" height=\"650\" src=\"https:\/\/www.opuzen.hr\/grad\/wp-content\/uploads\/2019\/08\/Sl-15-2-1160x650.jpg\" class=\"attachment-cmsmasters-project-full-thumb size-cmsmasters-project-full-thumb\" alt=\"\" \/><\/a>\n\t\t\t<\/div><\/figure><figure class='gallery-item'>\n\t\t\t<div class='gallery-icon landscape'>\n\t\t\t\t<a href='https:\/\/www.opuzen.hr\/grad\/wp-content\/uploads\/2019\/08\/Sl-16-2.jpg'><img loading=\"lazy\" decoding=\"async\" width=\"1160\" height=\"650\" src=\"https:\/\/www.opuzen.hr\/grad\/wp-content\/uploads\/2019\/08\/Sl-16-2-1160x650.jpg\" class=\"attachment-cmsmasters-project-full-thumb size-cmsmasters-project-full-thumb\" alt=\"\" \/><\/a>\n\t\t\t<\/div><\/figure><figure class='gallery-item'>\n\t\t\t<div class='gallery-icon landscape'>\n\t\t\t\t<a href='https:\/\/www.opuzen.hr\/grad\/wp-content\/uploads\/2019\/08\/Sl-17-2.jpg'><img loading=\"lazy\" decoding=\"async\" width=\"1160\" height=\"650\" src=\"https:\/\/www.opuzen.hr\/grad\/wp-content\/uploads\/2019\/08\/Sl-17-2-1160x650.jpg\" class=\"attachment-cmsmasters-project-full-thumb size-cmsmasters-project-full-thumb\" alt=\"\" \/><\/a>\n\t\t\t<\/div><\/figure><figure class='gallery-item'>\n\t\t\t<div class='gallery-icon landscape'>\n\t\t\t\t<a href='https:\/\/www.opuzen.hr\/grad\/wp-content\/uploads\/2019\/08\/Sl-18-2.jpg'><img loading=\"lazy\" decoding=\"async\" width=\"1160\" height=\"650\" src=\"https:\/\/www.opuzen.hr\/grad\/wp-content\/uploads\/2019\/08\/Sl-18-2-1160x650.jpg\" class=\"attachment-cmsmasters-project-full-thumb size-cmsmasters-project-full-thumb\" alt=\"\" \/><\/a>\n\t\t\t<\/div><\/figure><figure class='gallery-item'>\n\t\t\t<div class='gallery-icon landscape'>\n\t\t\t\t<a href='https:\/\/www.opuzen.hr\/grad\/wp-content\/uploads\/2019\/08\/Sl-19-2.jpg'><img loading=\"lazy\" decoding=\"async\" width=\"1160\" height=\"650\" src=\"https:\/\/www.opuzen.hr\/grad\/wp-content\/uploads\/2019\/08\/Sl-19-2-1160x650.jpg\" class=\"attachment-cmsmasters-project-full-thumb size-cmsmasters-project-full-thumb\" alt=\"\" \/><\/a>\n\t\t\t<\/div><\/figure><figure class='gallery-item'>\n\t\t\t<div class='gallery-icon landscape'>\n\t\t\t\t<a href='https:\/\/www.opuzen.hr\/grad\/wp-content\/uploads\/2019\/08\/Sl-20-2.jpg'><img loading=\"lazy\" decoding=\"async\" width=\"1160\" height=\"650\" src=\"https:\/\/www.opuzen.hr\/grad\/wp-content\/uploads\/2019\/08\/Sl-20-2-1160x650.jpg\" class=\"attachment-cmsmasters-project-full-thumb size-cmsmasters-project-full-thumb\" alt=\"\" srcset=\"https:\/\/www.opuzen.hr\/grad\/wp-content\/uploads\/2019\/08\/Sl-20-2-1160x650.jpg 1160w, https:\/\/www.opuzen.hr\/grad\/wp-content\/uploads\/2019\/08\/Sl-20-2-300x169.jpg 300w, https:\/\/www.opuzen.hr\/grad\/wp-content\/uploads\/2019\/08\/Sl-20-2-580x326.jpg 580w\" sizes=\"(max-width: 1160px) 100vw, 1160px\" \/><\/a>\n\t\t\t<\/div><\/figure><figure class='gallery-item'>\n\t\t\t<div class='gallery-icon portrait'>\n\t\t\t\t<a href='https:\/\/www.opuzen.hr\/grad\/wp-content\/uploads\/2019\/08\/Sl-21-2.jpg'><img loading=\"lazy\" decoding=\"async\" width=\"1160\" height=\"650\" src=\"https:\/\/www.opuzen.hr\/grad\/wp-content\/uploads\/2019\/08\/Sl-21-2-1160x650.jpg\" class=\"attachment-cmsmasters-project-full-thumb size-cmsmasters-project-full-thumb\" alt=\"\" \/><\/a>\n\t\t\t<\/div><\/figure><figure class='gallery-item'>\n\t\t\t<div class='gallery-icon landscape'>\n\t\t\t\t<a href='https:\/\/www.opuzen.hr\/grad\/wp-content\/uploads\/2019\/08\/Sl-22-2.jpg'><img loading=\"lazy\" decoding=\"async\" width=\"1160\" height=\"650\" src=\"https:\/\/www.opuzen.hr\/grad\/wp-content\/uploads\/2019\/08\/Sl-22-2-1160x650.jpg\" class=\"attachment-cmsmasters-project-full-thumb size-cmsmasters-project-full-thumb\" alt=\"\" \/><\/a>\n\t\t\t<\/div><\/figure><figure class='gallery-item'>\n\t\t\t<div class='gallery-icon landscape'>\n\t\t\t\t<a href='https:\/\/www.opuzen.hr\/grad\/wp-content\/uploads\/2019\/08\/Sl-23-2.jpg'><img loading=\"lazy\" decoding=\"async\" width=\"1160\" height=\"650\" src=\"https:\/\/www.opuzen.hr\/grad\/wp-content\/uploads\/2019\/08\/Sl-23-2-1160x650.jpg\" class=\"attachment-cmsmasters-project-full-thumb size-cmsmasters-project-full-thumb\" alt=\"\" \/><\/a>\n\t\t\t<\/div><\/figure><figure class='gallery-item'>\n\t\t\t<div class='gallery-icon landscape'>\n\t\t\t\t<a href='https:\/\/www.opuzen.hr\/grad\/wp-content\/uploads\/2019\/08\/Sl-24-2.jpg'><img loading=\"lazy\" decoding=\"async\" width=\"1160\" height=\"650\" src=\"https:\/\/www.opuzen.hr\/grad\/wp-content\/uploads\/2019\/08\/Sl-24-2-1160x650.jpg\" class=\"attachment-cmsmasters-project-full-thumb size-cmsmasters-project-full-thumb\" alt=\"\" \/><\/a>\n\t\t\t<\/div><\/figure><figure class='gallery-item'>\n\t\t\t<div class='gallery-icon landscape'>\n\t\t\t\t<a href='https:\/\/www.opuzen.hr\/grad\/wp-content\/uploads\/2019\/08\/Sl-25-2.jpg'><img loading=\"lazy\" decoding=\"async\" width=\"1160\" height=\"650\" src=\"https:\/\/www.opuzen.hr\/grad\/wp-content\/uploads\/2019\/08\/Sl-25-2-1160x650.jpg\" class=\"attachment-cmsmasters-project-full-thumb size-cmsmasters-project-full-thumb\" alt=\"\" \/><\/a>\n\t\t\t<\/div><\/figure><figure class='gallery-item'>\n\t\t\t<div class='gallery-icon portrait'>\n\t\t\t\t<a href='https:\/\/www.opuzen.hr\/grad\/wp-content\/uploads\/2019\/08\/Sl-26-2.jpg'><img loading=\"lazy\" decoding=\"async\" width=\"1160\" height=\"650\" src=\"https:\/\/www.opuzen.hr\/grad\/wp-content\/uploads\/2019\/08\/Sl-26-2-1160x650.jpg\" class=\"attachment-cmsmasters-project-full-thumb size-cmsmasters-project-full-thumb\" alt=\"\" \/><\/a>\n\t\t\t<\/div><\/figure><figure class='gallery-item'>\n\t\t\t<div class='gallery-icon landscape'>\n\t\t\t\t<a href='https:\/\/www.opuzen.hr\/grad\/wp-content\/uploads\/2019\/08\/Sl-27-2.jpg'><img loading=\"lazy\" decoding=\"async\" width=\"1160\" height=\"650\" src=\"https:\/\/www.opuzen.hr\/grad\/wp-content\/uploads\/2019\/08\/Sl-27-2-1160x650.jpg\" class=\"attachment-cmsmasters-project-full-thumb size-cmsmasters-project-full-thumb\" alt=\"\" \/><\/a>\n\t\t\t<\/div><\/figure><figure class='gallery-item'>\n\t\t\t<div class='gallery-icon landscape'>\n\t\t\t\t<a href='https:\/\/www.opuzen.hr\/grad\/wp-content\/uploads\/2019\/08\/Sl-28-2.jpg'><img loading=\"lazy\" decoding=\"async\" width=\"1160\" height=\"650\" src=\"https:\/\/www.opuzen.hr\/grad\/wp-content\/uploads\/2019\/08\/Sl-28-2-1160x650.jpg\" class=\"attachment-cmsmasters-project-full-thumb size-cmsmasters-project-full-thumb\" alt=\"\" \/><\/a>\n\t\t\t<\/div><\/figure><figure class='gallery-item'>\n\t\t\t<div class='gallery-icon landscape'>\n\t\t\t\t<a href='https:\/\/www.opuzen.hr\/grad\/wp-content\/uploads\/2019\/08\/Sl-29-2.jpg'><img loading=\"lazy\" decoding=\"async\" width=\"1160\" height=\"650\" src=\"https:\/\/www.opuzen.hr\/grad\/wp-content\/uploads\/2019\/08\/Sl-29-2-1160x650.jpg\" class=\"attachment-cmsmasters-project-full-thumb size-cmsmasters-project-full-thumb\" alt=\"\" \/><\/a>\n\t\t\t<\/div><\/figure><figure class='gallery-item'>\n\t\t\t<div class='gallery-icon landscape'>\n\t\t\t\t<a href='https:\/\/www.opuzen.hr\/grad\/wp-content\/uploads\/2019\/08\/Sl-30-2.jpg'><img loading=\"lazy\" decoding=\"async\" width=\"1160\" height=\"650\" src=\"https:\/\/www.opuzen.hr\/grad\/wp-content\/uploads\/2019\/08\/Sl-30-2-1160x650.jpg\" class=\"attachment-cmsmasters-project-full-thumb size-cmsmasters-project-full-thumb\" alt=\"\" \/><\/a>\n\t\t\t<\/div><\/figure><figure class='gallery-item'>\n\t\t\t<div class='gallery-icon landscape'>\n\t\t\t\t<a href='https:\/\/www.opuzen.hr\/grad\/wp-content\/uploads\/2019\/08\/Sl-31-1.jpg'><img loading=\"lazy\" decoding=\"async\" width=\"1160\" height=\"650\" src=\"https:\/\/www.opuzen.hr\/grad\/wp-content\/uploads\/2019\/08\/Sl-31-1-1160x650.jpg\" class=\"attachment-cmsmasters-project-full-thumb size-cmsmasters-project-full-thumb\" alt=\"\" \/><\/a>\n\t\t\t<\/div><\/figure><figure class='gallery-item'>\n\t\t\t<div class='gallery-icon landscape'>\n\t\t\t\t<a href='https:\/\/www.opuzen.hr\/grad\/wp-content\/uploads\/2019\/08\/Sl-32-1.jpg'><img loading=\"lazy\" decoding=\"async\" width=\"1160\" height=\"650\" src=\"https:\/\/www.opuzen.hr\/grad\/wp-content\/uploads\/2019\/08\/Sl-32-1-1160x650.jpg\" class=\"attachment-cmsmasters-project-full-thumb size-cmsmasters-project-full-thumb\" alt=\"\" \/><\/a>\n\t\t\t<\/div><\/figure>\n\t\t<\/div>\n\n<p>&nbsp;<\/p>\n<p>&nbsp;<\/p>\n","protected":false},"excerpt":{"rendered":"<p>02. kolovoza 2019. na Poljanici Mate Pe\u010di\u0107a odr\u017eana je sve\u010dana sjednica Gradskog vije\u0107a Grada Opuzena&#8230;<\/p>\n","protected":false},"author":3,"featured_media":4904,"comment_status":"closed","ping_status":"closed","sticky":false,"template":"","format":"standard","meta":{"footnotes":""},"categories":[27,4,333],"tags":[70,234,332,334],"class_list":["post-4885","post","type-post","status-publish","format-standard","has-post-thumbnail","hentry","category-gradsko-vijece","category-novosti","category-opuzensko-lito-2019","tag-gradsko-vijece","tag-opuzensko-lito","tag-opuzensko-lito-2019","tag-visitopuzen","wpcat-27-id","wpcat-4-id","wpcat-333-id"],"yoast_head":"<!-- This site is optimized with the Yoast SEO plugin v23.1 - https:\/\/yoast.com\/wordpress\/plugins\/seo\/ -->\n<title>Odr\u017eana sve\u010dana sjednica Gradskog vije\u0107a Grada Opuzena - Grad Opuzen<\/title>\n<meta name=\"robots\" content=\"index, follow, max-snippet:-1, max-image-preview:large, max-video-preview:-1\" \/>\n<link rel=\"canonical\" href=\"https:\/\/www.opuzen.hr\/grad\/odrzana-svecana-sjednica-gradskog-vijeca-grada-opuzena-2\/\" \/>\n<meta property=\"og:locale\" content=\"hr_HR\" \/>\n<meta property=\"og:type\" content=\"article\" \/>\n<meta property=\"og:title\" content=\"Odr\u017eana sve\u010dana sjednica Gradskog vije\u0107a Grada Opuzena - Grad Opuzen\" \/>\n<meta property=\"og:description\" content=\"02. kolovoza 2019. na Poljanici Mate Pe\u010di\u0107a odr\u017eana je sve\u010dana sjednica Gradskog vije\u0107a Grada Opuzena...\" \/>\n<meta property=\"og:url\" content=\"https:\/\/www.opuzen.hr\/grad\/odrzana-svecana-sjednica-gradskog-vijeca-grada-opuzena-2\/\" \/>\n<meta property=\"og:site_name\" content=\"Grad Opuzen\" \/>\n<meta property=\"article:published_time\" content=\"2019-08-07T07:30:48+00:00\" \/>\n<meta property=\"article:modified_time\" content=\"2023-10-12T11:28:51+00:00\" \/>\n<meta property=\"og:image\" content=\"https:\/\/www.opuzen.hr\/grad\/wp-content\/uploads\/2019\/08\/Sl-19-2.jpg\" \/>\n\t<meta property=\"og:image:width\" content=\"5807\" \/>\n\t<meta property=\"og:image:height\" content=\"3871\" \/>\n\t<meta property=\"og:image:type\" content=\"image\/jpeg\" \/>\n<meta name=\"author\" content=\"Grad Opuzen\" \/>\n<meta name=\"twitter:card\" content=\"summary_large_image\" \/>\n<meta name=\"twitter:label1\" content=\"Napisao\/la\" \/>\n\t<meta name=\"twitter:data1\" content=\"Grad Opuzen\" \/>\n\t<meta name=\"twitter:label2\" content=\"Procijenjeno vrijeme \u010ditanja\" \/>\n\t<meta name=\"twitter:data2\" content=\"1 minuta\" \/>\n<script type=\"application\/ld+json\" class=\"yoast-schema-graph\">{\"@context\":\"https:\/\/schema.org\",\"@graph\":[{\"@type\":\"Article\",\"@id\":\"https:\/\/www.opuzen.hr\/grad\/odrzana-svecana-sjednica-gradskog-vijeca-grada-opuzena-2\/#article\",\"isPartOf\":{\"@id\":\"https:\/\/www.opuzen.hr\/grad\/odrzana-svecana-sjednica-gradskog-vijeca-grada-opuzena-2\/\"},\"author\":{\"name\":\"Grad Opuzen\",\"@id\":\"https:\/\/www.opuzen.hr\/grad\/#\/schema\/person\/0a17a9796898e9409a1fa4ca7448a481\"},\"headline\":\"Odr\u017eana sve\u010dana sjednica Gradskog vije\u0107a Grada Opuzena\",\"datePublished\":\"2019-08-07T07:30:48+00:00\",\"dateModified\":\"2023-10-12T11:28:51+00:00\",\"mainEntityOfPage\":{\"@id\":\"https:\/\/www.opuzen.hr\/grad\/odrzana-svecana-sjednica-gradskog-vijeca-grada-opuzena-2\/\"},\"wordCount\":205,\"publisher\":{\"@id\":\"https:\/\/www.opuzen.hr\/grad\/#organization\"},\"image\":{\"@id\":\"https:\/\/www.opuzen.hr\/grad\/odrzana-svecana-sjednica-gradskog-vijeca-grada-opuzena-2\/#primaryimage\"},\"thumbnailUrl\":\"https:\/\/www.opuzen.hr\/grad\/wp-content\/uploads\/2019\/08\/Sl-19-2.jpg\",\"keywords\":[\"Gradsko vije\u0107e\",\"Opuzensko lito\",\"Opuzensko lito 2019\",\"visitopuzen\"],\"articleSection\":[\"Gradsko vije\u0107e\",\"Novosti\",\"Opuzensko lito 2019.\"],\"inLanguage\":\"hr\"},{\"@type\":\"WebPage\",\"@id\":\"https:\/\/www.opuzen.hr\/grad\/odrzana-svecana-sjednica-gradskog-vijeca-grada-opuzena-2\/\",\"url\":\"https:\/\/www.opuzen.hr\/grad\/odrzana-svecana-sjednica-gradskog-vijeca-grada-opuzena-2\/\",\"name\":\"Odr\u017eana sve\u010dana sjednica Gradskog vije\u0107a Grada Opuzena - Grad Opuzen\",\"isPartOf\":{\"@id\":\"https:\/\/www.opuzen.hr\/grad\/#website\"},\"primaryImageOfPage\":{\"@id\":\"https:\/\/www.opuzen.hr\/grad\/odrzana-svecana-sjednica-gradskog-vijeca-grada-opuzena-2\/#primaryimage\"},\"image\":{\"@id\":\"https:\/\/www.opuzen.hr\/grad\/odrzana-svecana-sjednica-gradskog-vijeca-grada-opuzena-2\/#primaryimage\"},\"thumbnailUrl\":\"https:\/\/www.opuzen.hr\/grad\/wp-content\/uploads\/2019\/08\/Sl-19-2.jpg\",\"datePublished\":\"2019-08-07T07:30:48+00:00\",\"dateModified\":\"2023-10-12T11:28:51+00:00\",\"breadcrumb\":{\"@id\":\"https:\/\/www.opuzen.hr\/grad\/odrzana-svecana-sjednica-gradskog-vijeca-grada-opuzena-2\/#breadcrumb\"},\"inLanguage\":\"hr\",\"potentialAction\":[{\"@type\":\"ReadAction\",\"target\":[\"https:\/\/www.opuzen.hr\/grad\/odrzana-svecana-sjednica-gradskog-vijeca-grada-opuzena-2\/\"]}]},{\"@type\":\"ImageObject\",\"inLanguage\":\"hr\",\"@id\":\"https:\/\/www.opuzen.hr\/grad\/odrzana-svecana-sjednica-gradskog-vijeca-grada-opuzena-2\/#primaryimage\",\"url\":\"https:\/\/www.opuzen.hr\/grad\/wp-content\/uploads\/2019\/08\/Sl-19-2.jpg\",\"contentUrl\":\"https:\/\/www.opuzen.hr\/grad\/wp-content\/uploads\/2019\/08\/Sl-19-2.jpg\",\"width\":5807,\"height\":3871},{\"@type\":\"BreadcrumbList\",\"@id\":\"https:\/\/www.opuzen.hr\/grad\/odrzana-svecana-sjednica-gradskog-vijeca-grada-opuzena-2\/#breadcrumb\",\"itemListElement\":[{\"@type\":\"ListItem\",\"position\":1,\"name\":\"Po\u010detna stranica\",\"item\":\"https:\/\/www.opuzen.hr\/grad\/\"},{\"@type\":\"ListItem\",\"position\":2,\"name\":\"Odr\u017eana sve\u010dana sjednica Gradskog vije\u0107a Grada Opuzena\"}]},{\"@type\":\"WebSite\",\"@id\":\"https:\/\/www.opuzen.hr\/grad\/#website\",\"url\":\"https:\/\/www.opuzen.hr\/grad\/\",\"name\":\"Grad Opuzen\",\"description\":\"Slu\u017ebene mre\u017ene stranice Grada Opuzena\",\"publisher\":{\"@id\":\"https:\/\/www.opuzen.hr\/grad\/#organization\"},\"potentialAction\":[{\"@type\":\"SearchAction\",\"target\":{\"@type\":\"EntryPoint\",\"urlTemplate\":\"https:\/\/www.opuzen.hr\/grad\/?s={search_term_string}\"},\"query-input\":\"required name=search_term_string\"}],\"inLanguage\":\"hr\"},{\"@type\":\"Organization\",\"@id\":\"https:\/\/www.opuzen.hr\/grad\/#organization\",\"name\":\"Grad Opuzen\",\"url\":\"https:\/\/www.opuzen.hr\/grad\/\",\"logo\":{\"@type\":\"ImageObject\",\"inLanguage\":\"hr\",\"@id\":\"https:\/\/www.opuzen.hr\/grad\/#\/schema\/logo\/image\/\",\"url\":\"https:\/\/www.opuzen.hr\/grad\/wp-content\/uploads\/2018\/02\/logo-opuzen.jpg\",\"contentUrl\":\"https:\/\/www.opuzen.hr\/grad\/wp-content\/uploads\/2018\/02\/logo-opuzen.jpg\",\"width\":400,\"height\":400,\"caption\":\"Grad Opuzen\"},\"image\":{\"@id\":\"https:\/\/www.opuzen.hr\/grad\/#\/schema\/logo\/image\/\"}},{\"@type\":\"Person\",\"@id\":\"https:\/\/www.opuzen.hr\/grad\/#\/schema\/person\/0a17a9796898e9409a1fa4ca7448a481\",\"name\":\"Grad Opuzen\",\"image\":{\"@type\":\"ImageObject\",\"inLanguage\":\"hr\",\"@id\":\"https:\/\/www.opuzen.hr\/grad\/#\/schema\/person\/image\/\",\"url\":\"https:\/\/secure.gravatar.com\/avatar\/0c54089de4fcf14c0fe3355109a3ac05?s=96&d=mm&r=g\",\"contentUrl\":\"https:\/\/secure.gravatar.com\/avatar\/0c54089de4fcf14c0fe3355109a3ac05?s=96&d=mm&r=g\",\"caption\":\"Grad Opuzen\"},\"url\":\"https:\/\/www.opuzen.hr\/grad\/author\/admin\/\"}]}<\/script>\n<!-- \/ Yoast SEO plugin. -->","yoast_head_json":{"title":"Odr\u017eana sve\u010dana sjednica Gradskog vije\u0107a Grada Opuzena - Grad Opuzen","robots":{"index":"index","follow":"follow","max-snippet":"max-snippet:-1","max-image-preview":"max-image-preview:large","max-video-preview":"max-video-preview:-1"},"canonical":"https:\/\/www.opuzen.hr\/grad\/odrzana-svecana-sjednica-gradskog-vijeca-grada-opuzena-2\/","og_locale":"hr_HR","og_type":"article","og_title":"Odr\u017eana sve\u010dana sjednica Gradskog vije\u0107a Grada Opuzena - Grad Opuzen","og_description":"02. kolovoza 2019. na Poljanici Mate Pe\u010di\u0107a odr\u017eana je sve\u010dana sjednica Gradskog vije\u0107a Grada Opuzena...","og_url":"https:\/\/www.opuzen.hr\/grad\/odrzana-svecana-sjednica-gradskog-vijeca-grada-opuzena-2\/","og_site_name":"Grad Opuzen","article_published_time":"2019-08-07T07:30:48+00:00","article_modified_time":"2023-10-12T11:28:51+00:00","og_image":[{"width":5807,"height":3871,"url":"https:\/\/www.opuzen.hr\/grad\/wp-content\/uploads\/2019\/08\/Sl-19-2.jpg","type":"image\/jpeg"}],"author":"Grad Opuzen","twitter_card":"summary_large_image","twitter_misc":{"Napisao\/la":"Grad Opuzen","Procijenjeno vrijeme \u010ditanja":"1 minuta"},"schema":{"@context":"https:\/\/schema.org","@graph":[{"@type":"Article","@id":"https:\/\/www.opuzen.hr\/grad\/odrzana-svecana-sjednica-gradskog-vijeca-grada-opuzena-2\/#article","isPartOf":{"@id":"https:\/\/www.opuzen.hr\/grad\/odrzana-svecana-sjednica-gradskog-vijeca-grada-opuzena-2\/"},"author":{"name":"Grad Opuzen","@id":"https:\/\/www.opuzen.hr\/grad\/#\/schema\/person\/0a17a9796898e9409a1fa4ca7448a481"},"headline":"Odr\u017eana sve\u010dana sjednica Gradskog vije\u0107a Grada Opuzena","datePublished":"2019-08-07T07:30:48+00:00","dateModified":"2023-10-12T11:28:51+00:00","mainEntityOfPage":{"@id":"https:\/\/www.opuzen.hr\/grad\/odrzana-svecana-sjednica-gradskog-vijeca-grada-opuzena-2\/"},"wordCount":205,"publisher":{"@id":"https:\/\/www.opuzen.hr\/grad\/#organization"},"image":{"@id":"https:\/\/www.opuzen.hr\/grad\/odrzana-svecana-sjednica-gradskog-vijeca-grada-opuzena-2\/#primaryimage"},"thumbnailUrl":"https:\/\/www.opuzen.hr\/grad\/wp-content\/uploads\/2019\/08\/Sl-19-2.jpg","keywords":["Gradsko vije\u0107e","Opuzensko lito","Opuzensko lito 2019","visitopuzen"],"articleSection":["Gradsko vije\u0107e","Novosti","Opuzensko lito 2019."],"inLanguage":"hr"},{"@type":"WebPage","@id":"https:\/\/www.opuzen.hr\/grad\/odrzana-svecana-sjednica-gradskog-vijeca-grada-opuzena-2\/","url":"https:\/\/www.opuzen.hr\/grad\/odrzana-svecana-sjednica-gradskog-vijeca-grada-opuzena-2\/","name":"Odr\u017eana sve\u010dana sjednica Gradskog vije\u0107a Grada Opuzena - Grad Opuzen","isPartOf":{"@id":"https:\/\/www.opuzen.hr\/grad\/#website"},"primaryImageOfPage":{"@id":"https:\/\/www.opuzen.hr\/grad\/odrzana-svecana-sjednica-gradskog-vijeca-grada-opuzena-2\/#primaryimage"},"image":{"@id":"https:\/\/www.opuzen.hr\/grad\/odrzana-svecana-sjednica-gradskog-vijeca-grada-opuzena-2\/#primaryimage"},"thumbnailUrl":"https:\/\/www.opuzen.hr\/grad\/wp-content\/uploads\/2019\/08\/Sl-19-2.jpg","datePublished":"2019-08-07T07:30:48+00:00","dateModified":"2023-10-12T11:28:51+00:00","breadcrumb":{"@id":"https:\/\/www.opuzen.hr\/grad\/odrzana-svecana-sjednica-gradskog-vijeca-grada-opuzena-2\/#breadcrumb"},"inLanguage":"hr","potentialAction":[{"@type":"ReadAction","target":["https:\/\/www.opuzen.hr\/grad\/odrzana-svecana-sjednica-gradskog-vijeca-grada-opuzena-2\/"]}]},{"@type":"ImageObject","inLanguage":"hr","@id":"https:\/\/www.opuzen.hr\/grad\/odrzana-svecana-sjednica-gradskog-vijeca-grada-opuzena-2\/#primaryimage","url":"https:\/\/www.opuzen.hr\/grad\/wp-content\/uploads\/2019\/08\/Sl-19-2.jpg","contentUrl":"https:\/\/www.opuzen.hr\/grad\/wp-content\/uploads\/2019\/08\/Sl-19-2.jpg","width":5807,"height":3871},{"@type":"BreadcrumbList","@id":"https:\/\/www.opuzen.hr\/grad\/odrzana-svecana-sjednica-gradskog-vijeca-grada-opuzena-2\/#breadcrumb","itemListElement":[{"@type":"ListItem","position":1,"name":"Po\u010detna stranica","item":"https:\/\/www.opuzen.hr\/grad\/"},{"@type":"ListItem","position":2,"name":"Odr\u017eana sve\u010dana sjednica Gradskog vije\u0107a Grada Opuzena"}]},{"@type":"WebSite","@id":"https:\/\/www.opuzen.hr\/grad\/#website","url":"https:\/\/www.opuzen.hr\/grad\/","name":"Grad Opuzen","description":"Slu\u017ebene mre\u017ene stranice Grada Opuzena","publisher":{"@id":"https:\/\/www.opuzen.hr\/grad\/#organization"},"potentialAction":[{"@type":"SearchAction","target":{"@type":"EntryPoint","urlTemplate":"https:\/\/www.opuzen.hr\/grad\/?s={search_term_string}"},"query-input":"required name=search_term_string"}],"inLanguage":"hr"},{"@type":"Organization","@id":"https:\/\/www.opuzen.hr\/grad\/#organization","name":"Grad Opuzen","url":"https:\/\/www.opuzen.hr\/grad\/","logo":{"@type":"ImageObject","inLanguage":"hr","@id":"https:\/\/www.opuzen.hr\/grad\/#\/schema\/logo\/image\/","url":"https:\/\/www.opuzen.hr\/grad\/wp-content\/uploads\/2018\/02\/logo-opuzen.jpg","contentUrl":"https:\/\/www.opuzen.hr\/grad\/wp-content\/uploads\/2018\/02\/logo-opuzen.jpg","width":400,"height":400,"caption":"Grad Opuzen"},"image":{"@id":"https:\/\/www.opuzen.hr\/grad\/#\/schema\/logo\/image\/"}},{"@type":"Person","@id":"https:\/\/www.opuzen.hr\/grad\/#\/schema\/person\/0a17a9796898e9409a1fa4ca7448a481","name":"Grad Opuzen","image":{"@type":"ImageObject","inLanguage":"hr","@id":"https:\/\/www.opuzen.hr\/grad\/#\/schema\/person\/image\/","url":"https:\/\/secure.gravatar.com\/avatar\/0c54089de4fcf14c0fe3355109a3ac05?s=96&d=mm&r=g","contentUrl":"https:\/\/secure.gravatar.com\/avatar\/0c54089de4fcf14c0fe3355109a3ac05?s=96&d=mm&r=g","caption":"Grad Opuzen"},"url":"https:\/\/www.opuzen.hr\/grad\/author\/admin\/"}]}},"_links":{"self":[{"href":"https:\/\/www.opuzen.hr\/grad\/wp-json\/wp\/v2\/posts\/4885"}],"collection":[{"href":"https:\/\/www.opuzen.hr\/grad\/wp-json\/wp\/v2\/posts"}],"about":[{"href":"https:\/\/www.opuzen.hr\/grad\/wp-json\/wp\/v2\/types\/post"}],"author":[{"embeddable":true,"href":"https:\/\/www.opuzen.hr\/grad\/wp-json\/wp\/v2\/users\/3"}],"replies":[{"embeddable":true,"href":"https:\/\/www.opuzen.hr\/grad\/wp-json\/wp\/v2\/comments?post=4885"}],"version-history":[{"count":1,"href":"https:\/\/www.opuzen.hr\/grad\/wp-json\/wp\/v2\/posts\/4885\/revisions"}],"predecessor-version":[{"id":4918,"href":"https:\/\/www.opuzen.hr\/grad\/wp-json\/wp\/v2\/posts\/4885\/revisions\/4918"}],"wp:featuredmedia":[{"embeddable":true,"href":"https:\/\/www.opuzen.hr\/grad\/wp-json\/wp\/v2\/media\/4904"}],"wp:attachment":[{"href":"https:\/\/www.opuzen.hr\/grad\/wp-json\/wp\/v2\/media?parent=4885"}],"wp:term":[{"taxonomy":"category","embeddable":true,"href":"https:\/\/www.opuzen.hr\/grad\/wp-json\/wp\/v2\/categories?post=4885"},{"taxonomy":"post_tag","embeddable":true,"href":"https:\/\/www.opuzen.hr\/grad\/wp-json\/wp\/v2\/tags?post=4885"}],"curies":[{"name":"wp","href":"https:\/\/api.w.org\/{rel}","templated":true}]}}