{"id":48960,"date":"2024-08-22T13:28:57","date_gmt":"2024-08-22T11:28:57","guid":{"rendered":"https:\/\/www.opuzen.hr\/grad\/?p=48960"},"modified":"2024-08-22T13:28:57","modified_gmt":"2024-08-22T11:28:57","slug":"poziv-na-sudjelovanje-u-edukativnim-radionicama-za-izradu-i-prijavu-eu-projekata-u-sklopu-projekta-eduteka-jacanje-medijske-pismenosti-i-kapaciteta-civilnog-drustva-iz-podrucja-edukacija-u-pripremi-i","status":"publish","type":"post","link":"https:\/\/www.opuzen.hr\/grad\/poziv-na-sudjelovanje-u-edukativnim-radionicama-za-izradu-i-prijavu-eu-projekata-u-sklopu-projekta-eduteka-jacanje-medijske-pismenosti-i-kapaciteta-civilnog-drustva-iz-podrucja-edukacija-u-pripremi-i\/","title":{"rendered":"POZIV NA SUDJELOVANJE U EDUKATIVNIM RADIONICAMA ZA IZRADU I PRIJAVU EU PROJEKATA U SKLOPU PROJEKTA EDUTEKA-JA\u010cANJE MEDIJSKE PISMENOSTI I KAPACITETA CIVILNOG DRU\u0160TVA IZ PODRU\u010cJA EDUKACIJA U PRIPREMI I PROVEDBI EU PROJEKATA U PREKOGRANI\u010cNOM PODRU\u010cJU"},"content":{"rendered":"<p style=\"font-weight: 400;\">Organizator projekta EDUTEKA\u00a0 je\u00a0Udruga Sunce moje malo iz Opuzena u suradnji s udrugom Abduco iz Mostara.<\/p>\n<p style=\"font-weight: 400;\">Radionica za predstavnike civilnog dru\u0161tva i ostale zainteresirane bit \u0107e odr\u017eana u srijedu, <strong>28.kolovoza u Gradskoj vije\u0107nici Opuzen, Trg kralja Tomislava 1 u 19:00 sati<\/strong><\/p>\n<p style=\"font-weight: 400;\">Za dodatne informacije i prijave, slobodno se obratite na mail <a href=\"&#109;&#97;&#x69;&#x6c;&#116;&#111;&#x3a;&#x75;&#100;&#114;&#x75;&#x67;&#97;&#115;&#x75;&#x6e;&#99;&#101;&#x6d;&#x6f;&#106;&#101;&#x6d;&#x61;&#108;&#111;&#x40;&#x67;&#109;&#97;&#x69;&#x6c;&#46;&#99;&#x6f;&#x6d;\">&#x75;&#100;&#114;u&#x67;&#x61;&#115;u&#x6e;&#x63;&#101;m&#x6f;&#x6a;&#101;m&#x61;&#x6c;&#111;&#64;&#x67;&#x6d;&#97;i&#x6c;&#x2e;&#99;&#111;m<\/a>\u00a0ili na <a href=\"tel: 099 46 46 479\">099 46 46 479<\/a><\/p>\n<!-- WP Attachments -->\r\n        <div style=\"width:100%;margin:10px 0 10px 0;\">\r\n            <h3>Prilozi sadr\u017eaju:<\/h3>\r\n        <ul class=\"post-attachments\"><li class=\"post-attachment mime-application-vnd-openxmlformats-officedocument-wordprocessingml-document\">                                \r\n<a target=\"_blank\" href=\"https:\/\/www.opuzen.hr\/grad\/poziv-na-sudjelovanje-u-edukativnim-radionicama-za-izradu-i-prijavu-eu-projekata-u-sklopu-projekta-eduteka-jacanje-medijske-pismenosti-i-kapaciteta-civilnog-drustva-iz-podrucja-edukacija-u-pripremi-i\/?download=48962\">Projekt EDUTEKA po\u010detak_0<\/a><div style=\"float:right;\">116 kB \/ Preuzeto: 110<\/div>\r\n<br><small><\/small><\/li><li class=\"post-attachment mime-application-vnd-openxmlformats-officedocument-wordprocessingml-document\">                                \r\n<a target=\"_blank\" href=\"https:\/\/www.opuzen.hr\/grad\/poziv-na-sudjelovanje-u-edukativnim-radionicama-za-izradu-i-prijavu-eu-projekata-u-sklopu-projekta-eduteka-jacanje-medijske-pismenosti-i-kapaciteta-civilnog-drustva-iz-podrucja-edukacija-u-pripremi-i\/?download=48963\">Projekt EDUTEKA poziv<\/a><div style=\"float:right;\">118 kB \/ Preuzeto: 78<\/div>\r\n<br><small><\/small><\/li><\/ul><\/div>","protected":false},"excerpt":{"rendered":"<p>Organizator projekta EDUTEKA\u00a0 je\u00a0Udruga Sunce moje malo iz Opuzena u suradnji s udrugom Abduco iz&#8230;<\/p>\n","protected":false},"author":3,"featured_media":48961,"comment_status":"closed","ping_status":"closed","sticky":false,"template":"","format":"standard","meta":{"footnotes":""},"categories":[4,241],"tags":[],"class_list":["post-48960","post","type-post","status-publish","format-standard","has-post-thumbnail","hentry","category-novosti","category-radionice","wpcat-4-id","wpcat-241-id"],"yoast_head":"<!-- This site is optimized with the Yoast SEO plugin v23.1 - https:\/\/yoast.com\/wordpress\/plugins\/seo\/ -->\n<title>POZIV NA SUDJELOVANJE U EDUKATIVNIM RADIONICAMA ZA IZRADU I PRIJAVU EU PROJEKATA U SKLOPU PROJEKTA EDUTEKA-JA\u010cANJE MEDIJSKE PISMENOSTI I KAPACITETA CIVILNOG DRU\u0160TVA IZ PODRU\u010cJA EDUKACIJA U PRIPREMI I PROVEDBI EU PROJEKATA U PREKOGRANI\u010cNOM PODRU\u010cJU - Grad Opuzen<\/title>\n<meta name=\"robots\" content=\"index, follow, max-snippet:-1, max-image-preview:large, max-video-preview:-1\" \/>\n<link rel=\"canonical\" href=\"https:\/\/www.opuzen.hr\/grad\/poziv-na-sudjelovanje-u-edukativnim-radionicama-za-izradu-i-prijavu-eu-projekata-u-sklopu-projekta-eduteka-jacanje-medijske-pismenosti-i-kapaciteta-civilnog-drustva-iz-podrucja-edukacija-u-pripremi-i\/\" \/>\n<meta property=\"og:locale\" content=\"hr_HR\" \/>\n<meta property=\"og:type\" content=\"article\" \/>\n<meta property=\"og:title\" content=\"POZIV NA SUDJELOVANJE U EDUKATIVNIM RADIONICAMA ZA IZRADU I PRIJAVU EU PROJEKATA U SKLOPU PROJEKTA EDUTEKA-JA\u010cANJE MEDIJSKE PISMENOSTI I KAPACITETA CIVILNOG DRU\u0160TVA IZ PODRU\u010cJA EDUKACIJA U PRIPREMI I PROVEDBI EU PROJEKATA U PREKOGRANI\u010cNOM PODRU\u010cJU - Grad Opuzen\" \/>\n<meta property=\"og:description\" content=\"Organizator projekta EDUTEKA\u00a0 je\u00a0Udruga Sunce moje malo iz Opuzena u suradnji s udrugom Abduco iz...\" \/>\n<meta property=\"og:url\" content=\"https:\/\/www.opuzen.hr\/grad\/poziv-na-sudjelovanje-u-edukativnim-radionicama-za-izradu-i-prijavu-eu-projekata-u-sklopu-projekta-eduteka-jacanje-medijske-pismenosti-i-kapaciteta-civilnog-drustva-iz-podrucja-edukacija-u-pripremi-i\/\" \/>\n<meta property=\"og:site_name\" content=\"Grad Opuzen\" \/>\n<meta property=\"article:published_time\" content=\"2024-08-22T11:28:57+00:00\" \/>\n<meta property=\"og:image\" content=\"https:\/\/www.opuzen.hr\/grad\/wp-content\/uploads\/2024\/08\/eduteka.png\" \/>\n\t<meta property=\"og:image:width\" content=\"1920\" \/>\n\t<meta property=\"og:image:height\" content=\"1080\" \/>\n\t<meta property=\"og:image:type\" content=\"image\/png\" \/>\n<meta name=\"author\" content=\"Grad Opuzen\" \/>\n<meta name=\"twitter:card\" content=\"summary_large_image\" \/>\n<meta name=\"twitter:label1\" content=\"Napisao\/la\" \/>\n\t<meta name=\"twitter:data1\" content=\"Grad Opuzen\" \/>\n\t<meta name=\"twitter:label2\" content=\"Procijenjeno vrijeme \u010ditanja\" \/>\n\t<meta name=\"twitter:data2\" content=\"1 minuta\" \/>\n<script type=\"application\/ld+json\" class=\"yoast-schema-graph\">{\"@context\":\"https:\/\/schema.org\",\"@graph\":[{\"@type\":\"Article\",\"@id\":\"https:\/\/www.opuzen.hr\/grad\/poziv-na-sudjelovanje-u-edukativnim-radionicama-za-izradu-i-prijavu-eu-projekata-u-sklopu-projekta-eduteka-jacanje-medijske-pismenosti-i-kapaciteta-civilnog-drustva-iz-podrucja-edukacija-u-pripremi-i\/#article\",\"isPartOf\":{\"@id\":\"https:\/\/www.opuzen.hr\/grad\/poziv-na-sudjelovanje-u-edukativnim-radionicama-za-izradu-i-prijavu-eu-projekata-u-sklopu-projekta-eduteka-jacanje-medijske-pismenosti-i-kapaciteta-civilnog-drustva-iz-podrucja-edukacija-u-pripremi-i\/\"},\"author\":{\"name\":\"Grad Opuzen\",\"@id\":\"https:\/\/www.opuzen.hr\/grad\/#\/schema\/person\/0a17a9796898e9409a1fa4ca7448a481\"},\"headline\":\"POZIV NA SUDJELOVANJE U EDUKATIVNIM RADIONICAMA ZA IZRADU I PRIJAVU EU PROJEKATA U SKLOPU PROJEKTA EDUTEKA-JA\u010cANJE MEDIJSKE PISMENOSTI I KAPACITETA CIVILNOG DRU\u0160TVA IZ PODRU\u010cJA EDUKACIJA U PRIPREMI I PROVEDBI EU PROJEKATA U PREKOGRANI\u010cNOM PODRU\u010cJU\",\"datePublished\":\"2024-08-22T11:28:57+00:00\",\"dateModified\":\"2024-08-22T11:28:57+00:00\",\"mainEntityOfPage\":{\"@id\":\"https:\/\/www.opuzen.hr\/grad\/poziv-na-sudjelovanje-u-edukativnim-radionicama-za-izradu-i-prijavu-eu-projekata-u-sklopu-projekta-eduteka-jacanje-medijske-pismenosti-i-kapaciteta-civilnog-drustva-iz-podrucja-edukacija-u-pripremi-i\/\"},\"wordCount\":97,\"publisher\":{\"@id\":\"https:\/\/www.opuzen.hr\/grad\/#organization\"},\"image\":{\"@id\":\"https:\/\/www.opuzen.hr\/grad\/poziv-na-sudjelovanje-u-edukativnim-radionicama-za-izradu-i-prijavu-eu-projekata-u-sklopu-projekta-eduteka-jacanje-medijske-pismenosti-i-kapaciteta-civilnog-drustva-iz-podrucja-edukacija-u-pripremi-i\/#primaryimage\"},\"thumbnailUrl\":\"https:\/\/www.opuzen.hr\/grad\/wp-content\/uploads\/2024\/08\/eduteka.png\",\"articleSection\":[\"Novosti\",\"Radionice\"],\"inLanguage\":\"hr\"},{\"@type\":\"WebPage\",\"@id\":\"https:\/\/www.opuzen.hr\/grad\/poziv-na-sudjelovanje-u-edukativnim-radionicama-za-izradu-i-prijavu-eu-projekata-u-sklopu-projekta-eduteka-jacanje-medijske-pismenosti-i-kapaciteta-civilnog-drustva-iz-podrucja-edukacija-u-pripremi-i\/\",\"url\":\"https:\/\/www.opuzen.hr\/grad\/poziv-na-sudjelovanje-u-edukativnim-radionicama-za-izradu-i-prijavu-eu-projekata-u-sklopu-projekta-eduteka-jacanje-medijske-pismenosti-i-kapaciteta-civilnog-drustva-iz-podrucja-edukacija-u-pripremi-i\/\",\"name\":\"POZIV NA SUDJELOVANJE U EDUKATIVNIM RADIONICAMA ZA IZRADU I PRIJAVU EU PROJEKATA U SKLOPU PROJEKTA EDUTEKA-JA\u010cANJE MEDIJSKE PISMENOSTI I KAPACITETA CIVILNOG DRU\u0160TVA IZ PODRU\u010cJA EDUKACIJA U PRIPREMI I PROVEDBI EU PROJEKATA U PREKOGRANI\u010cNOM PODRU\u010cJU - Grad Opuzen\",\"isPartOf\":{\"@id\":\"https:\/\/www.opuzen.hr\/grad\/#website\"},\"primaryImageOfPage\":{\"@id\":\"https:\/\/www.opuzen.hr\/grad\/poziv-na-sudjelovanje-u-edukativnim-radionicama-za-izradu-i-prijavu-eu-projekata-u-sklopu-projekta-eduteka-jacanje-medijske-pismenosti-i-kapaciteta-civilnog-drustva-iz-podrucja-edukacija-u-pripremi-i\/#primaryimage\"},\"image\":{\"@id\":\"https:\/\/www.opuzen.hr\/grad\/poziv-na-sudjelovanje-u-edukativnim-radionicama-za-izradu-i-prijavu-eu-projekata-u-sklopu-projekta-eduteka-jacanje-medijske-pismenosti-i-kapaciteta-civilnog-drustva-iz-podrucja-edukacija-u-pripremi-i\/#primaryimage\"},\"thumbnailUrl\":\"https:\/\/www.opuzen.hr\/grad\/wp-content\/uploads\/2024\/08\/eduteka.png\",\"datePublished\":\"2024-08-22T11:28:57+00:00\",\"dateModified\":\"2024-08-22T11:28:57+00:00\",\"breadcrumb\":{\"@id\":\"https:\/\/www.opuzen.hr\/grad\/poziv-na-sudjelovanje-u-edukativnim-radionicama-za-izradu-i-prijavu-eu-projekata-u-sklopu-projekta-eduteka-jacanje-medijske-pismenosti-i-kapaciteta-civilnog-drustva-iz-podrucja-edukacija-u-pripremi-i\/#breadcrumb\"},\"inLanguage\":\"hr\",\"potentialAction\":[{\"@type\":\"ReadAction\",\"target\":[\"https:\/\/www.opuzen.hr\/grad\/poziv-na-sudjelovanje-u-edukativnim-radionicama-za-izradu-i-prijavu-eu-projekata-u-sklopu-projekta-eduteka-jacanje-medijske-pismenosti-i-kapaciteta-civilnog-drustva-iz-podrucja-edukacija-u-pripremi-i\/\"]}]},{\"@type\":\"ImageObject\",\"inLanguage\":\"hr\",\"@id\":\"https:\/\/www.opuzen.hr\/grad\/poziv-na-sudjelovanje-u-edukativnim-radionicama-za-izradu-i-prijavu-eu-projekata-u-sklopu-projekta-eduteka-jacanje-medijske-pismenosti-i-kapaciteta-civilnog-drustva-iz-podrucja-edukacija-u-pripremi-i\/#primaryimage\",\"url\":\"https:\/\/www.opuzen.hr\/grad\/wp-content\/uploads\/2024\/08\/eduteka.png\",\"contentUrl\":\"https:\/\/www.opuzen.hr\/grad\/wp-content\/uploads\/2024\/08\/eduteka.png\",\"width\":1920,\"height\":1080},{\"@type\":\"BreadcrumbList\",\"@id\":\"https:\/\/www.opuzen.hr\/grad\/poziv-na-sudjelovanje-u-edukativnim-radionicama-za-izradu-i-prijavu-eu-projekata-u-sklopu-projekta-eduteka-jacanje-medijske-pismenosti-i-kapaciteta-civilnog-drustva-iz-podrucja-edukacija-u-pripremi-i\/#breadcrumb\",\"itemListElement\":[{\"@type\":\"ListItem\",\"position\":1,\"name\":\"Po\u010detna stranica\",\"item\":\"https:\/\/www.opuzen.hr\/grad\/\"},{\"@type\":\"ListItem\",\"position\":2,\"name\":\"POZIV NA SUDJELOVANJE U EDUKATIVNIM RADIONICAMA ZA IZRADU I PRIJAVU EU PROJEKATA U SKLOPU PROJEKTA EDUTEKA-JA\u010cANJE MEDIJSKE PISMENOSTI I KAPACITETA CIVILNOG DRU\u0160TVA IZ PODRU\u010cJA EDUKACIJA U PRIPREMI I PROVEDBI EU PROJEKATA U PREKOGRANI\u010cNOM PODRU\u010cJU\"}]},{\"@type\":\"WebSite\",\"@id\":\"https:\/\/www.opuzen.hr\/grad\/#website\",\"url\":\"https:\/\/www.opuzen.hr\/grad\/\",\"name\":\"Grad Opuzen\",\"description\":\"Slu\u017ebene mre\u017ene stranice Grada Opuzena\",\"publisher\":{\"@id\":\"https:\/\/www.opuzen.hr\/grad\/#organization\"},\"potentialAction\":[{\"@type\":\"SearchAction\",\"target\":{\"@type\":\"EntryPoint\",\"urlTemplate\":\"https:\/\/www.opuzen.hr\/grad\/?s={search_term_string}\"},\"query-input\":\"required name=search_term_string\"}],\"inLanguage\":\"hr\"},{\"@type\":\"Organization\",\"@id\":\"https:\/\/www.opuzen.hr\/grad\/#organization\",\"name\":\"Grad Opuzen\",\"url\":\"https:\/\/www.opuzen.hr\/grad\/\",\"logo\":{\"@type\":\"ImageObject\",\"inLanguage\":\"hr\",\"@id\":\"https:\/\/www.opuzen.hr\/grad\/#\/schema\/logo\/image\/\",\"url\":\"https:\/\/www.opuzen.hr\/grad\/wp-content\/uploads\/2018\/02\/logo-opuzen.jpg\",\"contentUrl\":\"https:\/\/www.opuzen.hr\/grad\/wp-content\/uploads\/2018\/02\/logo-opuzen.jpg\",\"width\":400,\"height\":400,\"caption\":\"Grad Opuzen\"},\"image\":{\"@id\":\"https:\/\/www.opuzen.hr\/grad\/#\/schema\/logo\/image\/\"}},{\"@type\":\"Person\",\"@id\":\"https:\/\/www.opuzen.hr\/grad\/#\/schema\/person\/0a17a9796898e9409a1fa4ca7448a481\",\"name\":\"Grad Opuzen\",\"image\":{\"@type\":\"ImageObject\",\"inLanguage\":\"hr\",\"@id\":\"https:\/\/www.opuzen.hr\/grad\/#\/schema\/person\/image\/\",\"url\":\"https:\/\/secure.gravatar.com\/avatar\/0c54089de4fcf14c0fe3355109a3ac05?s=96&d=mm&r=g\",\"contentUrl\":\"https:\/\/secure.gravatar.com\/avatar\/0c54089de4fcf14c0fe3355109a3ac05?s=96&d=mm&r=g\",\"caption\":\"Grad Opuzen\"},\"url\":\"https:\/\/www.opuzen.hr\/grad\/author\/admin\/\"}]}<\/script>\n<!-- \/ Yoast SEO plugin. -->","yoast_head_json":{"title":"POZIV NA SUDJELOVANJE U EDUKATIVNIM RADIONICAMA ZA IZRADU I PRIJAVU EU PROJEKATA U SKLOPU PROJEKTA EDUTEKA-JA\u010cANJE MEDIJSKE PISMENOSTI I KAPACITETA CIVILNOG DRU\u0160TVA IZ PODRU\u010cJA EDUKACIJA U PRIPREMI I PROVEDBI EU PROJEKATA U PREKOGRANI\u010cNOM PODRU\u010cJU - Grad Opuzen","robots":{"index":"index","follow":"follow","max-snippet":"max-snippet:-1","max-image-preview":"max-image-preview:large","max-video-preview":"max-video-preview:-1"},"canonical":"https:\/\/www.opuzen.hr\/grad\/poziv-na-sudjelovanje-u-edukativnim-radionicama-za-izradu-i-prijavu-eu-projekata-u-sklopu-projekta-eduteka-jacanje-medijske-pismenosti-i-kapaciteta-civilnog-drustva-iz-podrucja-edukacija-u-pripremi-i\/","og_locale":"hr_HR","og_type":"article","og_title":"POZIV NA SUDJELOVANJE U EDUKATIVNIM RADIONICAMA ZA IZRADU I PRIJAVU EU PROJEKATA U SKLOPU PROJEKTA EDUTEKA-JA\u010cANJE MEDIJSKE PISMENOSTI I KAPACITETA CIVILNOG DRU\u0160TVA IZ PODRU\u010cJA EDUKACIJA U PRIPREMI I PROVEDBI EU PROJEKATA U PREKOGRANI\u010cNOM PODRU\u010cJU - Grad Opuzen","og_description":"Organizator projekta EDUTEKA\u00a0 je\u00a0Udruga Sunce moje malo iz Opuzena u suradnji s udrugom Abduco iz...","og_url":"https:\/\/www.opuzen.hr\/grad\/poziv-na-sudjelovanje-u-edukativnim-radionicama-za-izradu-i-prijavu-eu-projekata-u-sklopu-projekta-eduteka-jacanje-medijske-pismenosti-i-kapaciteta-civilnog-drustva-iz-podrucja-edukacija-u-pripremi-i\/","og_site_name":"Grad Opuzen","article_published_time":"2024-08-22T11:28:57+00:00","og_image":[{"width":1920,"height":1080,"url":"https:\/\/www.opuzen.hr\/grad\/wp-content\/uploads\/2024\/08\/eduteka.png","type":"image\/png"}],"author":"Grad Opuzen","twitter_card":"summary_large_image","twitter_misc":{"Napisao\/la":"Grad Opuzen","Procijenjeno vrijeme \u010ditanja":"1 minuta"},"schema":{"@context":"https:\/\/schema.org","@graph":[{"@type":"Article","@id":"https:\/\/www.opuzen.hr\/grad\/poziv-na-sudjelovanje-u-edukativnim-radionicama-za-izradu-i-prijavu-eu-projekata-u-sklopu-projekta-eduteka-jacanje-medijske-pismenosti-i-kapaciteta-civilnog-drustva-iz-podrucja-edukacija-u-pripremi-i\/#article","isPartOf":{"@id":"https:\/\/www.opuzen.hr\/grad\/poziv-na-sudjelovanje-u-edukativnim-radionicama-za-izradu-i-prijavu-eu-projekata-u-sklopu-projekta-eduteka-jacanje-medijske-pismenosti-i-kapaciteta-civilnog-drustva-iz-podrucja-edukacija-u-pripremi-i\/"},"author":{"name":"Grad Opuzen","@id":"https:\/\/www.opuzen.hr\/grad\/#\/schema\/person\/0a17a9796898e9409a1fa4ca7448a481"},"headline":"POZIV NA SUDJELOVANJE U EDUKATIVNIM RADIONICAMA ZA IZRADU I PRIJAVU EU PROJEKATA U SKLOPU PROJEKTA EDUTEKA-JA\u010cANJE MEDIJSKE PISMENOSTI I KAPACITETA CIVILNOG DRU\u0160TVA IZ PODRU\u010cJA EDUKACIJA U PRIPREMI I PROVEDBI EU PROJEKATA U PREKOGRANI\u010cNOM PODRU\u010cJU","datePublished":"2024-08-22T11:28:57+00:00","dateModified":"2024-08-22T11:28:57+00:00","mainEntityOfPage":{"@id":"https:\/\/www.opuzen.hr\/grad\/poziv-na-sudjelovanje-u-edukativnim-radionicama-za-izradu-i-prijavu-eu-projekata-u-sklopu-projekta-eduteka-jacanje-medijske-pismenosti-i-kapaciteta-civilnog-drustva-iz-podrucja-edukacija-u-pripremi-i\/"},"wordCount":97,"publisher":{"@id":"https:\/\/www.opuzen.hr\/grad\/#organization"},"image":{"@id":"https:\/\/www.opuzen.hr\/grad\/poziv-na-sudjelovanje-u-edukativnim-radionicama-za-izradu-i-prijavu-eu-projekata-u-sklopu-projekta-eduteka-jacanje-medijske-pismenosti-i-kapaciteta-civilnog-drustva-iz-podrucja-edukacija-u-pripremi-i\/#primaryimage"},"thumbnailUrl":"https:\/\/www.opuzen.hr\/grad\/wp-content\/uploads\/2024\/08\/eduteka.png","articleSection":["Novosti","Radionice"],"inLanguage":"hr"},{"@type":"WebPage","@id":"https:\/\/www.opuzen.hr\/grad\/poziv-na-sudjelovanje-u-edukativnim-radionicama-za-izradu-i-prijavu-eu-projekata-u-sklopu-projekta-eduteka-jacanje-medijske-pismenosti-i-kapaciteta-civilnog-drustva-iz-podrucja-edukacija-u-pripremi-i\/","url":"https:\/\/www.opuzen.hr\/grad\/poziv-na-sudjelovanje-u-edukativnim-radionicama-za-izradu-i-prijavu-eu-projekata-u-sklopu-projekta-eduteka-jacanje-medijske-pismenosti-i-kapaciteta-civilnog-drustva-iz-podrucja-edukacija-u-pripremi-i\/","name":"POZIV NA SUDJELOVANJE U EDUKATIVNIM RADIONICAMA ZA IZRADU I PRIJAVU EU PROJEKATA U SKLOPU PROJEKTA EDUTEKA-JA\u010cANJE MEDIJSKE PISMENOSTI I KAPACITETA CIVILNOG DRU\u0160TVA IZ PODRU\u010cJA EDUKACIJA U PRIPREMI I PROVEDBI EU PROJEKATA U PREKOGRANI\u010cNOM PODRU\u010cJU - Grad Opuzen","isPartOf":{"@id":"https:\/\/www.opuzen.hr\/grad\/#website"},"primaryImageOfPage":{"@id":"https:\/\/www.opuzen.hr\/grad\/poziv-na-sudjelovanje-u-edukativnim-radionicama-za-izradu-i-prijavu-eu-projekata-u-sklopu-projekta-eduteka-jacanje-medijske-pismenosti-i-kapaciteta-civilnog-drustva-iz-podrucja-edukacija-u-pripremi-i\/#primaryimage"},"image":{"@id":"https:\/\/www.opuzen.hr\/grad\/poziv-na-sudjelovanje-u-edukativnim-radionicama-za-izradu-i-prijavu-eu-projekata-u-sklopu-projekta-eduteka-jacanje-medijske-pismenosti-i-kapaciteta-civilnog-drustva-iz-podrucja-edukacija-u-pripremi-i\/#primaryimage"},"thumbnailUrl":"https:\/\/www.opuzen.hr\/grad\/wp-content\/uploads\/2024\/08\/eduteka.png","datePublished":"2024-08-22T11:28:57+00:00","dateModified":"2024-08-22T11:28:57+00:00","breadcrumb":{"@id":"https:\/\/www.opuzen.hr\/grad\/poziv-na-sudjelovanje-u-edukativnim-radionicama-za-izradu-i-prijavu-eu-projekata-u-sklopu-projekta-eduteka-jacanje-medijske-pismenosti-i-kapaciteta-civilnog-drustva-iz-podrucja-edukacija-u-pripremi-i\/#breadcrumb"},"inLanguage":"hr","potentialAction":[{"@type":"ReadAction","target":["https:\/\/www.opuzen.hr\/grad\/poziv-na-sudjelovanje-u-edukativnim-radionicama-za-izradu-i-prijavu-eu-projekata-u-sklopu-projekta-eduteka-jacanje-medijske-pismenosti-i-kapaciteta-civilnog-drustva-iz-podrucja-edukacija-u-pripremi-i\/"]}]},{"@type":"ImageObject","inLanguage":"hr","@id":"https:\/\/www.opuzen.hr\/grad\/poziv-na-sudjelovanje-u-edukativnim-radionicama-za-izradu-i-prijavu-eu-projekata-u-sklopu-projekta-eduteka-jacanje-medijske-pismenosti-i-kapaciteta-civilnog-drustva-iz-podrucja-edukacija-u-pripremi-i\/#primaryimage","url":"https:\/\/www.opuzen.hr\/grad\/wp-content\/uploads\/2024\/08\/eduteka.png","contentUrl":"https:\/\/www.opuzen.hr\/grad\/wp-content\/uploads\/2024\/08\/eduteka.png","width":1920,"height":1080},{"@type":"BreadcrumbList","@id":"https:\/\/www.opuzen.hr\/grad\/poziv-na-sudjelovanje-u-edukativnim-radionicama-za-izradu-i-prijavu-eu-projekata-u-sklopu-projekta-eduteka-jacanje-medijske-pismenosti-i-kapaciteta-civilnog-drustva-iz-podrucja-edukacija-u-pripremi-i\/#breadcrumb","itemListElement":[{"@type":"ListItem","position":1,"name":"Po\u010detna stranica","item":"https:\/\/www.opuzen.hr\/grad\/"},{"@type":"ListItem","position":2,"name":"POZIV NA SUDJELOVANJE U EDUKATIVNIM RADIONICAMA ZA IZRADU I PRIJAVU EU PROJEKATA U SKLOPU PROJEKTA EDUTEKA-JA\u010cANJE MEDIJSKE PISMENOSTI I KAPACITETA CIVILNOG DRU\u0160TVA IZ PODRU\u010cJA EDUKACIJA U PRIPREMI I PROVEDBI EU PROJEKATA U PREKOGRANI\u010cNOM PODRU\u010cJU"}]},{"@type":"WebSite","@id":"https:\/\/www.opuzen.hr\/grad\/#website","url":"https:\/\/www.opuzen.hr\/grad\/","name":"Grad Opuzen","description":"Slu\u017ebene mre\u017ene stranice Grada Opuzena","publisher":{"@id":"https:\/\/www.opuzen.hr\/grad\/#organization"},"potentialAction":[{"@type":"SearchAction","target":{"@type":"EntryPoint","urlTemplate":"https:\/\/www.opuzen.hr\/grad\/?s={search_term_string}"},"query-input":"required name=search_term_string"}],"inLanguage":"hr"},{"@type":"Organization","@id":"https:\/\/www.opuzen.hr\/grad\/#organization","name":"Grad Opuzen","url":"https:\/\/www.opuzen.hr\/grad\/","logo":{"@type":"ImageObject","inLanguage":"hr","@id":"https:\/\/www.opuzen.hr\/grad\/#\/schema\/logo\/image\/","url":"https:\/\/www.opuzen.hr\/grad\/wp-content\/uploads\/2018\/02\/logo-opuzen.jpg","contentUrl":"https:\/\/www.opuzen.hr\/grad\/wp-content\/uploads\/2018\/02\/logo-opuzen.jpg","width":400,"height":400,"caption":"Grad Opuzen"},"image":{"@id":"https:\/\/www.opuzen.hr\/grad\/#\/schema\/logo\/image\/"}},{"@type":"Person","@id":"https:\/\/www.opuzen.hr\/grad\/#\/schema\/person\/0a17a9796898e9409a1fa4ca7448a481","name":"Grad Opuzen","image":{"@type":"ImageObject","inLanguage":"hr","@id":"https:\/\/www.opuzen.hr\/grad\/#\/schema\/person\/image\/","url":"https:\/\/secure.gravatar.com\/avatar\/0c54089de4fcf14c0fe3355109a3ac05?s=96&d=mm&r=g","contentUrl":"https:\/\/secure.gravatar.com\/avatar\/0c54089de4fcf14c0fe3355109a3ac05?s=96&d=mm&r=g","caption":"Grad Opuzen"},"url":"https:\/\/www.opuzen.hr\/grad\/author\/admin\/"}]}},"_links":{"self":[{"href":"https:\/\/www.opuzen.hr\/grad\/wp-json\/wp\/v2\/posts\/48960"}],"collection":[{"href":"https:\/\/www.opuzen.hr\/grad\/wp-json\/wp\/v2\/posts"}],"about":[{"href":"https:\/\/www.opuzen.hr\/grad\/wp-json\/wp\/v2\/types\/post"}],"author":[{"embeddable":true,"href":"https:\/\/www.opuzen.hr\/grad\/wp-json\/wp\/v2\/users\/3"}],"replies":[{"embeddable":true,"href":"https:\/\/www.opuzen.hr\/grad\/wp-json\/wp\/v2\/comments?post=48960"}],"version-history":[{"count":1,"href":"https:\/\/www.opuzen.hr\/grad\/wp-json\/wp\/v2\/posts\/48960\/revisions"}],"predecessor-version":[{"id":48964,"href":"https:\/\/www.opuzen.hr\/grad\/wp-json\/wp\/v2\/posts\/48960\/revisions\/48964"}],"wp:featuredmedia":[{"embeddable":true,"href":"https:\/\/www.opuzen.hr\/grad\/wp-json\/wp\/v2\/media\/48961"}],"wp:attachment":[{"href":"https:\/\/www.opuzen.hr\/grad\/wp-json\/wp\/v2\/media?parent=48960"}],"wp:term":[{"taxonomy":"category","embeddable":true,"href":"https:\/\/www.opuzen.hr\/grad\/wp-json\/wp\/v2\/categories?post=48960"},{"taxonomy":"post_tag","embeddable":true,"href":"https:\/\/www.opuzen.hr\/grad\/wp-json\/wp\/v2\/tags?post=48960"}],"curies":[{"name":"wp","href":"https:\/\/api.w.org\/{rel}","templated":true}]}}