{"id":49477,"date":"2024-11-29T15:50:05","date_gmt":"2024-11-29T14:50:05","guid":{"rendered":"https:\/\/www.opuzen.hr\/grad\/?p=49477"},"modified":"2024-11-30T12:46:17","modified_gmt":"2024-11-30T11:46:17","slug":"udruga-likovnih-stvaratelja-opuzen-na-pijemu-kod-gradonacelnika-matage","status":"publish","type":"post","link":"https:\/\/www.opuzen.hr\/grad\/udruga-likovnih-stvaratelja-opuzen-na-pijemu-kod-gradonacelnika-matage\/","title":{"rendered":"UDRUGA LIKOVNIH STVARATELJA OPUZEN NA PRIJEMU KOD GRADONA\u010cELNIKA MATAGE"},"content":{"rendered":"<p>U Gradskoj vije\u0107nici Grada Opuzena gradona\u010delnik Ivan Mataga danas je primio \u010dlanove Udruge likovnih stvaratelja Opuzen.\u00a0\u00a0Zahvaljuju\u0107i izvrsnim radovima petorice slikara udruga je osvojila presti\u017enu nagradu i tom prilikom gradona\u010delnik Mataga im je \u010destitao na uspjehu kojeg su ostvarili na ovogodi\u0161njem Saboru kulture Hrvatske.<\/p>\n<p>Prijemu su nazo\u010dili: Predsjednica Udruge likovnih stvaratelj Opuzen Dubravka \u0160e\u0161elj i \u010dlanovi udruge Teo Bilas, Jure Jovica, Milan Salacan, Jure Talajic, Edo Unkovi\u0107 i Zdravko Obradovi\u0107 (Predsjednik skup\u0161tine HSK ( Hrvatskog sabora kulture).<\/p>\n<p>Gradska uprava na \u010delu s Gradona\u010delnikom Matagom Udruzi likovnih stvaratelja Opuzen jo\u0161 jednom upu\u0107uje iskrene \u010destitke.<\/p>\n<p><img fetchpriority=\"high\" decoding=\"async\" class=\"alignnone size-large wp-image-49479\" src=\"https:\/\/www.opuzen.hr\/grad\/wp-content\/uploads\/2024\/11\/42f55e59-6caf-423c-ac19-a68523420b9c-768x1024.jpeg\" alt=\"\" width=\"768\" height=\"1024\" srcset=\"https:\/\/www.opuzen.hr\/grad\/wp-content\/uploads\/2024\/11\/42f55e59-6caf-423c-ac19-a68523420b9c-768x1024.jpeg 768w, https:\/\/www.opuzen.hr\/grad\/wp-content\/uploads\/2024\/11\/42f55e59-6caf-423c-ac19-a68523420b9c-225x300.jpeg 225w, https:\/\/www.opuzen.hr\/grad\/wp-content\/uploads\/2024\/11\/42f55e59-6caf-423c-ac19-a68523420b9c-600x800.jpeg 600w, https:\/\/www.opuzen.hr\/grad\/wp-content\/uploads\/2024\/11\/42f55e59-6caf-423c-ac19-a68523420b9c-1152x1536.jpeg 1152w, https:\/\/www.opuzen.hr\/grad\/wp-content\/uploads\/2024\/11\/42f55e59-6caf-423c-ac19-a68523420b9c-1026x1368.jpeg 1026w, https:\/\/www.opuzen.hr\/grad\/wp-content\/uploads\/2024\/11\/42f55e59-6caf-423c-ac19-a68523420b9c-675x900.jpeg 675w, https:\/\/www.opuzen.hr\/grad\/wp-content\/uploads\/2024\/11\/42f55e59-6caf-423c-ac19-a68523420b9c-113x150.jpeg 113w, https:\/\/www.opuzen.hr\/grad\/wp-content\/uploads\/2024\/11\/42f55e59-6caf-423c-ac19-a68523420b9c.jpeg 1200w\" sizes=\"(max-width: 768px) 100vw, 768px\" \/> <img decoding=\"async\" class=\"alignnone size-large wp-image-49480\" src=\"https:\/\/www.opuzen.hr\/grad\/wp-content\/uploads\/2024\/11\/65685a23-803d-47c8-bcb9-6dec71bf27d9-1024x768.jpeg\" alt=\"\" width=\"1024\" height=\"768\" srcset=\"https:\/\/www.opuzen.hr\/grad\/wp-content\/uploads\/2024\/11\/65685a23-803d-47c8-bcb9-6dec71bf27d9-1024x768.jpeg 1024w, https:\/\/www.opuzen.hr\/grad\/wp-content\/uploads\/2024\/11\/65685a23-803d-47c8-bcb9-6dec71bf27d9-300x225.jpeg 300w, https:\/\/www.opuzen.hr\/grad\/wp-content\/uploads\/2024\/11\/65685a23-803d-47c8-bcb9-6dec71bf27d9-768x576.jpeg 768w, https:\/\/www.opuzen.hr\/grad\/wp-content\/uploads\/2024\/11\/65685a23-803d-47c8-bcb9-6dec71bf27d9-600x450.jpeg 600w, https:\/\/www.opuzen.hr\/grad\/wp-content\/uploads\/2024\/11\/65685a23-803d-47c8-bcb9-6dec71bf27d9-1536x1152.jpeg 1536w, https:\/\/www.opuzen.hr\/grad\/wp-content\/uploads\/2024\/11\/65685a23-803d-47c8-bcb9-6dec71bf27d9-1026x770.jpeg 1026w, https:\/\/www.opuzen.hr\/grad\/wp-content\/uploads\/2024\/11\/65685a23-803d-47c8-bcb9-6dec71bf27d9-675x506.jpeg 675w, https:\/\/www.opuzen.hr\/grad\/wp-content\/uploads\/2024\/11\/65685a23-803d-47c8-bcb9-6dec71bf27d9-480x360.jpeg 480w, https:\/\/www.opuzen.hr\/grad\/wp-content\/uploads\/2024\/11\/65685a23-803d-47c8-bcb9-6dec71bf27d9-150x113.jpeg 150w, https:\/\/www.opuzen.hr\/grad\/wp-content\/uploads\/2024\/11\/65685a23-803d-47c8-bcb9-6dec71bf27d9.jpeg 1600w\" sizes=\"(max-width: 1024px) 100vw, 1024px\" \/> <img decoding=\"async\" class=\"alignnone size-large wp-image-49481\" src=\"https:\/\/www.opuzen.hr\/grad\/wp-content\/uploads\/2024\/11\/ce598165-df1f-4c14-8ea2-0b6815b7e59c-1024x768.jpeg\" alt=\"\" width=\"1024\" height=\"768\" srcset=\"https:\/\/www.opuzen.hr\/grad\/wp-content\/uploads\/2024\/11\/ce598165-df1f-4c14-8ea2-0b6815b7e59c-1024x768.jpeg 1024w, https:\/\/www.opuzen.hr\/grad\/wp-content\/uploads\/2024\/11\/ce598165-df1f-4c14-8ea2-0b6815b7e59c-300x225.jpeg 300w, https:\/\/www.opuzen.hr\/grad\/wp-content\/uploads\/2024\/11\/ce598165-df1f-4c14-8ea2-0b6815b7e59c-768x576.jpeg 768w, https:\/\/www.opuzen.hr\/grad\/wp-content\/uploads\/2024\/11\/ce598165-df1f-4c14-8ea2-0b6815b7e59c-600x450.jpeg 600w, https:\/\/www.opuzen.hr\/grad\/wp-content\/uploads\/2024\/11\/ce598165-df1f-4c14-8ea2-0b6815b7e59c-1536x1152.jpeg 1536w, https:\/\/www.opuzen.hr\/grad\/wp-content\/uploads\/2024\/11\/ce598165-df1f-4c14-8ea2-0b6815b7e59c-1026x770.jpeg 1026w, https:\/\/www.opuzen.hr\/grad\/wp-content\/uploads\/2024\/11\/ce598165-df1f-4c14-8ea2-0b6815b7e59c-675x506.jpeg 675w, https:\/\/www.opuzen.hr\/grad\/wp-content\/uploads\/2024\/11\/ce598165-df1f-4c14-8ea2-0b6815b7e59c-480x360.jpeg 480w, https:\/\/www.opuzen.hr\/grad\/wp-content\/uploads\/2024\/11\/ce598165-df1f-4c14-8ea2-0b6815b7e59c-150x113.jpeg 150w, https:\/\/www.opuzen.hr\/grad\/wp-content\/uploads\/2024\/11\/ce598165-df1f-4c14-8ea2-0b6815b7e59c.jpeg 1600w\" sizes=\"(max-width: 1024px) 100vw, 1024px\" \/> <img loading=\"lazy\" decoding=\"async\" class=\"alignnone size-large wp-image-49482\" src=\"https:\/\/www.opuzen.hr\/grad\/wp-content\/uploads\/2024\/11\/d6455596-8aca-493d-8c84-2d81d85b6f14-1024x701.jpeg\" alt=\"\" width=\"1024\" height=\"701\" srcset=\"https:\/\/www.opuzen.hr\/grad\/wp-content\/uploads\/2024\/11\/d6455596-8aca-493d-8c84-2d81d85b6f14-1024x701.jpeg 1024w, https:\/\/www.opuzen.hr\/grad\/wp-content\/uploads\/2024\/11\/d6455596-8aca-493d-8c84-2d81d85b6f14-300x205.jpeg 300w, https:\/\/www.opuzen.hr\/grad\/wp-content\/uploads\/2024\/11\/d6455596-8aca-493d-8c84-2d81d85b6f14-768x526.jpeg 768w, https:\/\/www.opuzen.hr\/grad\/wp-content\/uploads\/2024\/11\/d6455596-8aca-493d-8c84-2d81d85b6f14-600x411.jpeg 600w, https:\/\/www.opuzen.hr\/grad\/wp-content\/uploads\/2024\/11\/d6455596-8aca-493d-8c84-2d81d85b6f14-1536x1051.jpeg 1536w, https:\/\/www.opuzen.hr\/grad\/wp-content\/uploads\/2024\/11\/d6455596-8aca-493d-8c84-2d81d85b6f14-1026x702.jpeg 1026w, https:\/\/www.opuzen.hr\/grad\/wp-content\/uploads\/2024\/11\/d6455596-8aca-493d-8c84-2d81d85b6f14-675x462.jpeg 675w, https:\/\/www.opuzen.hr\/grad\/wp-content\/uploads\/2024\/11\/d6455596-8aca-493d-8c84-2d81d85b6f14-150x103.jpeg 150w, https:\/\/www.opuzen.hr\/grad\/wp-content\/uploads\/2024\/11\/d6455596-8aca-493d-8c84-2d81d85b6f14.jpeg 1600w\" sizes=\"(max-width: 1024px) 100vw, 1024px\" \/> <img loading=\"lazy\" decoding=\"async\" class=\"alignnone size-large wp-image-49483\" src=\"https:\/\/www.opuzen.hr\/grad\/wp-content\/uploads\/2024\/11\/efcce0e3-8a7b-4b24-9415-5ab7b535653a-1024x768.jpeg\" alt=\"\" width=\"1024\" height=\"768\" srcset=\"https:\/\/www.opuzen.hr\/grad\/wp-content\/uploads\/2024\/11\/efcce0e3-8a7b-4b24-9415-5ab7b535653a-1024x768.jpeg 1024w, https:\/\/www.opuzen.hr\/grad\/wp-content\/uploads\/2024\/11\/efcce0e3-8a7b-4b24-9415-5ab7b535653a-300x225.jpeg 300w, https:\/\/www.opuzen.hr\/grad\/wp-content\/uploads\/2024\/11\/efcce0e3-8a7b-4b24-9415-5ab7b535653a-768x576.jpeg 768w, https:\/\/www.opuzen.hr\/grad\/wp-content\/uploads\/2024\/11\/efcce0e3-8a7b-4b24-9415-5ab7b535653a-600x450.jpeg 600w, https:\/\/www.opuzen.hr\/grad\/wp-content\/uploads\/2024\/11\/efcce0e3-8a7b-4b24-9415-5ab7b535653a-1536x1152.jpeg 1536w, https:\/\/www.opuzen.hr\/grad\/wp-content\/uploads\/2024\/11\/efcce0e3-8a7b-4b24-9415-5ab7b535653a-1026x770.jpeg 1026w, https:\/\/www.opuzen.hr\/grad\/wp-content\/uploads\/2024\/11\/efcce0e3-8a7b-4b24-9415-5ab7b535653a-675x506.jpeg 675w, https:\/\/www.opuzen.hr\/grad\/wp-content\/uploads\/2024\/11\/efcce0e3-8a7b-4b24-9415-5ab7b535653a-480x360.jpeg 480w, https:\/\/www.opuzen.hr\/grad\/wp-content\/uploads\/2024\/11\/efcce0e3-8a7b-4b24-9415-5ab7b535653a-150x113.jpeg 150w, https:\/\/www.opuzen.hr\/grad\/wp-content\/uploads\/2024\/11\/efcce0e3-8a7b-4b24-9415-5ab7b535653a.jpeg 1600w\" sizes=\"(max-width: 1024px) 100vw, 1024px\" \/><\/p>\n<!-- WP Attachments -->\r\n        <div style=\"width:100%;margin:10px 0 10px 0;\">\r\n            <h3>Prilozi sadr\u017eaju:<\/h3>\r\n        <ul class=\"post-attachments\"><li class=\"post-attachment mime-application-zip\">                                \r\n<a target=\"_blank\" href=\"https:\/\/www.opuzen.hr\/grad\/udruga-likovnih-stvaratelja-opuzen-na-pijemu-kod-gradonacelnika-matage\/?download=49478\">prilozi<\/a><div style=\"float:right;\">2 MB \/ Preuzeto: 127<\/div>\r\n<br><small><\/small><\/li><\/ul><\/div>","protected":false},"excerpt":{"rendered":"<p>U Gradskoj vije\u0107nici Grada Opuzena gradona\u010delnik Ivan Mataga danas je primio \u010dlanove Udruge likovnih stvaratelja&#8230;<\/p>\n","protected":false},"author":3,"featured_media":49481,"comment_status":"closed","ping_status":"closed","sticky":false,"template":"","format":"standard","meta":{"footnotes":""},"categories":[397,4],"tags":[],"class_list":["post-49477","post","type-post","status-publish","format-standard","has-post-thumbnail","hentry","category-istaknuto","category-novosti","wpcat-397-id","wpcat-4-id"],"yoast_head":"<!-- This site is optimized with the Yoast SEO plugin v23.1 - https:\/\/yoast.com\/wordpress\/plugins\/seo\/ -->\n<title>UDRUGA LIKOVNIH STVARATELJA OPUZEN NA PRIJEMU KOD GRADONA\u010cELNIKA MATAGE - Grad Opuzen<\/title>\n<meta name=\"robots\" content=\"index, follow, max-snippet:-1, max-image-preview:large, max-video-preview:-1\" \/>\n<link rel=\"canonical\" href=\"https:\/\/www.opuzen.hr\/grad\/udruga-likovnih-stvaratelja-opuzen-na-pijemu-kod-gradonacelnika-matage\/\" \/>\n<meta property=\"og:locale\" content=\"hr_HR\" \/>\n<meta property=\"og:type\" content=\"article\" \/>\n<meta property=\"og:title\" content=\"UDRUGA LIKOVNIH STVARATELJA OPUZEN NA PRIJEMU KOD GRADONA\u010cELNIKA MATAGE - Grad Opuzen\" \/>\n<meta property=\"og:description\" content=\"U Gradskoj vije\u0107nici Grada Opuzena gradona\u010delnik Ivan Mataga danas je primio \u010dlanove Udruge likovnih stvaratelja...\" \/>\n<meta property=\"og:url\" content=\"https:\/\/www.opuzen.hr\/grad\/udruga-likovnih-stvaratelja-opuzen-na-pijemu-kod-gradonacelnika-matage\/\" \/>\n<meta property=\"og:site_name\" content=\"Grad Opuzen\" \/>\n<meta property=\"article:published_time\" content=\"2024-11-29T14:50:05+00:00\" \/>\n<meta property=\"article:modified_time\" content=\"2024-11-30T11:46:17+00:00\" \/>\n<meta property=\"og:image\" content=\"https:\/\/www.opuzen.hr\/grad\/wp-content\/uploads\/2024\/11\/ce598165-df1f-4c14-8ea2-0b6815b7e59c.jpeg\" \/>\n\t<meta property=\"og:image:width\" content=\"1600\" \/>\n\t<meta property=\"og:image:height\" content=\"1200\" \/>\n\t<meta property=\"og:image:type\" content=\"image\/jpeg\" \/>\n<meta name=\"author\" content=\"Grad Opuzen\" \/>\n<meta name=\"twitter:card\" content=\"summary_large_image\" \/>\n<meta name=\"twitter:label1\" content=\"Napisao\/la\" \/>\n\t<meta name=\"twitter:data1\" content=\"Grad Opuzen\" \/>\n\t<meta name=\"twitter:label2\" content=\"Procijenjeno vrijeme \u010ditanja\" \/>\n\t<meta name=\"twitter:data2\" content=\"2 minute\" \/>\n<script type=\"application\/ld+json\" class=\"yoast-schema-graph\">{\"@context\":\"https:\/\/schema.org\",\"@graph\":[{\"@type\":\"Article\",\"@id\":\"https:\/\/www.opuzen.hr\/grad\/udruga-likovnih-stvaratelja-opuzen-na-pijemu-kod-gradonacelnika-matage\/#article\",\"isPartOf\":{\"@id\":\"https:\/\/www.opuzen.hr\/grad\/udruga-likovnih-stvaratelja-opuzen-na-pijemu-kod-gradonacelnika-matage\/\"},\"author\":{\"name\":\"Grad Opuzen\",\"@id\":\"https:\/\/www.opuzen.hr\/grad\/#\/schema\/person\/0a17a9796898e9409a1fa4ca7448a481\"},\"headline\":\"UDRUGA LIKOVNIH STVARATELJA OPUZEN NA PRIJEMU KOD GRADONA\u010cELNIKA MATAGE\",\"datePublished\":\"2024-11-29T14:50:05+00:00\",\"dateModified\":\"2024-11-30T11:46:17+00:00\",\"mainEntityOfPage\":{\"@id\":\"https:\/\/www.opuzen.hr\/grad\/udruga-likovnih-stvaratelja-opuzen-na-pijemu-kod-gradonacelnika-matage\/\"},\"wordCount\":113,\"publisher\":{\"@id\":\"https:\/\/www.opuzen.hr\/grad\/#organization\"},\"image\":{\"@id\":\"https:\/\/www.opuzen.hr\/grad\/udruga-likovnih-stvaratelja-opuzen-na-pijemu-kod-gradonacelnika-matage\/#primaryimage\"},\"thumbnailUrl\":\"https:\/\/www.opuzen.hr\/grad\/wp-content\/uploads\/2024\/11\/ce598165-df1f-4c14-8ea2-0b6815b7e59c.jpeg\",\"articleSection\":[\"Istaknuto\",\"Novosti\"],\"inLanguage\":\"hr\"},{\"@type\":\"WebPage\",\"@id\":\"https:\/\/www.opuzen.hr\/grad\/udruga-likovnih-stvaratelja-opuzen-na-pijemu-kod-gradonacelnika-matage\/\",\"url\":\"https:\/\/www.opuzen.hr\/grad\/udruga-likovnih-stvaratelja-opuzen-na-pijemu-kod-gradonacelnika-matage\/\",\"name\":\"UDRUGA LIKOVNIH STVARATELJA OPUZEN NA PRIJEMU KOD GRADONA\u010cELNIKA MATAGE - Grad Opuzen\",\"isPartOf\":{\"@id\":\"https:\/\/www.opuzen.hr\/grad\/#website\"},\"primaryImageOfPage\":{\"@id\":\"https:\/\/www.opuzen.hr\/grad\/udruga-likovnih-stvaratelja-opuzen-na-pijemu-kod-gradonacelnika-matage\/#primaryimage\"},\"image\":{\"@id\":\"https:\/\/www.opuzen.hr\/grad\/udruga-likovnih-stvaratelja-opuzen-na-pijemu-kod-gradonacelnika-matage\/#primaryimage\"},\"thumbnailUrl\":\"https:\/\/www.opuzen.hr\/grad\/wp-content\/uploads\/2024\/11\/ce598165-df1f-4c14-8ea2-0b6815b7e59c.jpeg\",\"datePublished\":\"2024-11-29T14:50:05+00:00\",\"dateModified\":\"2024-11-30T11:46:17+00:00\",\"breadcrumb\":{\"@id\":\"https:\/\/www.opuzen.hr\/grad\/udruga-likovnih-stvaratelja-opuzen-na-pijemu-kod-gradonacelnika-matage\/#breadcrumb\"},\"inLanguage\":\"hr\",\"potentialAction\":[{\"@type\":\"ReadAction\",\"target\":[\"https:\/\/www.opuzen.hr\/grad\/udruga-likovnih-stvaratelja-opuzen-na-pijemu-kod-gradonacelnika-matage\/\"]}]},{\"@type\":\"ImageObject\",\"inLanguage\":\"hr\",\"@id\":\"https:\/\/www.opuzen.hr\/grad\/udruga-likovnih-stvaratelja-opuzen-na-pijemu-kod-gradonacelnika-matage\/#primaryimage\",\"url\":\"https:\/\/www.opuzen.hr\/grad\/wp-content\/uploads\/2024\/11\/ce598165-df1f-4c14-8ea2-0b6815b7e59c.jpeg\",\"contentUrl\":\"https:\/\/www.opuzen.hr\/grad\/wp-content\/uploads\/2024\/11\/ce598165-df1f-4c14-8ea2-0b6815b7e59c.jpeg\",\"width\":1600,\"height\":1200},{\"@type\":\"BreadcrumbList\",\"@id\":\"https:\/\/www.opuzen.hr\/grad\/udruga-likovnih-stvaratelja-opuzen-na-pijemu-kod-gradonacelnika-matage\/#breadcrumb\",\"itemListElement\":[{\"@type\":\"ListItem\",\"position\":1,\"name\":\"Po\u010detna stranica\",\"item\":\"https:\/\/www.opuzen.hr\/grad\/\"},{\"@type\":\"ListItem\",\"position\":2,\"name\":\"UDRUGA LIKOVNIH STVARATELJA OPUZEN NA PRIJEMU KOD GRADONA\u010cELNIKA MATAGE\"}]},{\"@type\":\"WebSite\",\"@id\":\"https:\/\/www.opuzen.hr\/grad\/#website\",\"url\":\"https:\/\/www.opuzen.hr\/grad\/\",\"name\":\"Grad Opuzen\",\"description\":\"Slu\u017ebene mre\u017ene stranice Grada Opuzena\",\"publisher\":{\"@id\":\"https:\/\/www.opuzen.hr\/grad\/#organization\"},\"potentialAction\":[{\"@type\":\"SearchAction\",\"target\":{\"@type\":\"EntryPoint\",\"urlTemplate\":\"https:\/\/www.opuzen.hr\/grad\/?s={search_term_string}\"},\"query-input\":\"required name=search_term_string\"}],\"inLanguage\":\"hr\"},{\"@type\":\"Organization\",\"@id\":\"https:\/\/www.opuzen.hr\/grad\/#organization\",\"name\":\"Grad Opuzen\",\"url\":\"https:\/\/www.opuzen.hr\/grad\/\",\"logo\":{\"@type\":\"ImageObject\",\"inLanguage\":\"hr\",\"@id\":\"https:\/\/www.opuzen.hr\/grad\/#\/schema\/logo\/image\/\",\"url\":\"https:\/\/www.opuzen.hr\/grad\/wp-content\/uploads\/2018\/02\/logo-opuzen.jpg\",\"contentUrl\":\"https:\/\/www.opuzen.hr\/grad\/wp-content\/uploads\/2018\/02\/logo-opuzen.jpg\",\"width\":400,\"height\":400,\"caption\":\"Grad Opuzen\"},\"image\":{\"@id\":\"https:\/\/www.opuzen.hr\/grad\/#\/schema\/logo\/image\/\"}},{\"@type\":\"Person\",\"@id\":\"https:\/\/www.opuzen.hr\/grad\/#\/schema\/person\/0a17a9796898e9409a1fa4ca7448a481\",\"name\":\"Grad Opuzen\",\"image\":{\"@type\":\"ImageObject\",\"inLanguage\":\"hr\",\"@id\":\"https:\/\/www.opuzen.hr\/grad\/#\/schema\/person\/image\/\",\"url\":\"https:\/\/secure.gravatar.com\/avatar\/0c54089de4fcf14c0fe3355109a3ac05?s=96&d=mm&r=g\",\"contentUrl\":\"https:\/\/secure.gravatar.com\/avatar\/0c54089de4fcf14c0fe3355109a3ac05?s=96&d=mm&r=g\",\"caption\":\"Grad Opuzen\"},\"url\":\"https:\/\/www.opuzen.hr\/grad\/author\/admin\/\"}]}<\/script>\n<!-- \/ Yoast SEO plugin. -->","yoast_head_json":{"title":"UDRUGA LIKOVNIH STVARATELJA OPUZEN NA PRIJEMU KOD GRADONA\u010cELNIKA MATAGE - Grad Opuzen","robots":{"index":"index","follow":"follow","max-snippet":"max-snippet:-1","max-image-preview":"max-image-preview:large","max-video-preview":"max-video-preview:-1"},"canonical":"https:\/\/www.opuzen.hr\/grad\/udruga-likovnih-stvaratelja-opuzen-na-pijemu-kod-gradonacelnika-matage\/","og_locale":"hr_HR","og_type":"article","og_title":"UDRUGA LIKOVNIH STVARATELJA OPUZEN NA PRIJEMU KOD GRADONA\u010cELNIKA MATAGE - Grad Opuzen","og_description":"U Gradskoj vije\u0107nici Grada Opuzena gradona\u010delnik Ivan Mataga danas je primio \u010dlanove Udruge likovnih stvaratelja...","og_url":"https:\/\/www.opuzen.hr\/grad\/udruga-likovnih-stvaratelja-opuzen-na-pijemu-kod-gradonacelnika-matage\/","og_site_name":"Grad Opuzen","article_published_time":"2024-11-29T14:50:05+00:00","article_modified_time":"2024-11-30T11:46:17+00:00","og_image":[{"width":1600,"height":1200,"url":"https:\/\/www.opuzen.hr\/grad\/wp-content\/uploads\/2024\/11\/ce598165-df1f-4c14-8ea2-0b6815b7e59c.jpeg","type":"image\/jpeg"}],"author":"Grad Opuzen","twitter_card":"summary_large_image","twitter_misc":{"Napisao\/la":"Grad Opuzen","Procijenjeno vrijeme \u010ditanja":"2 minute"},"schema":{"@context":"https:\/\/schema.org","@graph":[{"@type":"Article","@id":"https:\/\/www.opuzen.hr\/grad\/udruga-likovnih-stvaratelja-opuzen-na-pijemu-kod-gradonacelnika-matage\/#article","isPartOf":{"@id":"https:\/\/www.opuzen.hr\/grad\/udruga-likovnih-stvaratelja-opuzen-na-pijemu-kod-gradonacelnika-matage\/"},"author":{"name":"Grad Opuzen","@id":"https:\/\/www.opuzen.hr\/grad\/#\/schema\/person\/0a17a9796898e9409a1fa4ca7448a481"},"headline":"UDRUGA LIKOVNIH STVARATELJA OPUZEN NA PRIJEMU KOD GRADONA\u010cELNIKA MATAGE","datePublished":"2024-11-29T14:50:05+00:00","dateModified":"2024-11-30T11:46:17+00:00","mainEntityOfPage":{"@id":"https:\/\/www.opuzen.hr\/grad\/udruga-likovnih-stvaratelja-opuzen-na-pijemu-kod-gradonacelnika-matage\/"},"wordCount":113,"publisher":{"@id":"https:\/\/www.opuzen.hr\/grad\/#organization"},"image":{"@id":"https:\/\/www.opuzen.hr\/grad\/udruga-likovnih-stvaratelja-opuzen-na-pijemu-kod-gradonacelnika-matage\/#primaryimage"},"thumbnailUrl":"https:\/\/www.opuzen.hr\/grad\/wp-content\/uploads\/2024\/11\/ce598165-df1f-4c14-8ea2-0b6815b7e59c.jpeg","articleSection":["Istaknuto","Novosti"],"inLanguage":"hr"},{"@type":"WebPage","@id":"https:\/\/www.opuzen.hr\/grad\/udruga-likovnih-stvaratelja-opuzen-na-pijemu-kod-gradonacelnika-matage\/","url":"https:\/\/www.opuzen.hr\/grad\/udruga-likovnih-stvaratelja-opuzen-na-pijemu-kod-gradonacelnika-matage\/","name":"UDRUGA LIKOVNIH STVARATELJA OPUZEN NA PRIJEMU KOD GRADONA\u010cELNIKA MATAGE - Grad Opuzen","isPartOf":{"@id":"https:\/\/www.opuzen.hr\/grad\/#website"},"primaryImageOfPage":{"@id":"https:\/\/www.opuzen.hr\/grad\/udruga-likovnih-stvaratelja-opuzen-na-pijemu-kod-gradonacelnika-matage\/#primaryimage"},"image":{"@id":"https:\/\/www.opuzen.hr\/grad\/udruga-likovnih-stvaratelja-opuzen-na-pijemu-kod-gradonacelnika-matage\/#primaryimage"},"thumbnailUrl":"https:\/\/www.opuzen.hr\/grad\/wp-content\/uploads\/2024\/11\/ce598165-df1f-4c14-8ea2-0b6815b7e59c.jpeg","datePublished":"2024-11-29T14:50:05+00:00","dateModified":"2024-11-30T11:46:17+00:00","breadcrumb":{"@id":"https:\/\/www.opuzen.hr\/grad\/udruga-likovnih-stvaratelja-opuzen-na-pijemu-kod-gradonacelnika-matage\/#breadcrumb"},"inLanguage":"hr","potentialAction":[{"@type":"ReadAction","target":["https:\/\/www.opuzen.hr\/grad\/udruga-likovnih-stvaratelja-opuzen-na-pijemu-kod-gradonacelnika-matage\/"]}]},{"@type":"ImageObject","inLanguage":"hr","@id":"https:\/\/www.opuzen.hr\/grad\/udruga-likovnih-stvaratelja-opuzen-na-pijemu-kod-gradonacelnika-matage\/#primaryimage","url":"https:\/\/www.opuzen.hr\/grad\/wp-content\/uploads\/2024\/11\/ce598165-df1f-4c14-8ea2-0b6815b7e59c.jpeg","contentUrl":"https:\/\/www.opuzen.hr\/grad\/wp-content\/uploads\/2024\/11\/ce598165-df1f-4c14-8ea2-0b6815b7e59c.jpeg","width":1600,"height":1200},{"@type":"BreadcrumbList","@id":"https:\/\/www.opuzen.hr\/grad\/udruga-likovnih-stvaratelja-opuzen-na-pijemu-kod-gradonacelnika-matage\/#breadcrumb","itemListElement":[{"@type":"ListItem","position":1,"name":"Po\u010detna stranica","item":"https:\/\/www.opuzen.hr\/grad\/"},{"@type":"ListItem","position":2,"name":"UDRUGA LIKOVNIH STVARATELJA OPUZEN NA PRIJEMU KOD GRADONA\u010cELNIKA MATAGE"}]},{"@type":"WebSite","@id":"https:\/\/www.opuzen.hr\/grad\/#website","url":"https:\/\/www.opuzen.hr\/grad\/","name":"Grad Opuzen","description":"Slu\u017ebene mre\u017ene stranice Grada Opuzena","publisher":{"@id":"https:\/\/www.opuzen.hr\/grad\/#organization"},"potentialAction":[{"@type":"SearchAction","target":{"@type":"EntryPoint","urlTemplate":"https:\/\/www.opuzen.hr\/grad\/?s={search_term_string}"},"query-input":"required name=search_term_string"}],"inLanguage":"hr"},{"@type":"Organization","@id":"https:\/\/www.opuzen.hr\/grad\/#organization","name":"Grad Opuzen","url":"https:\/\/www.opuzen.hr\/grad\/","logo":{"@type":"ImageObject","inLanguage":"hr","@id":"https:\/\/www.opuzen.hr\/grad\/#\/schema\/logo\/image\/","url":"https:\/\/www.opuzen.hr\/grad\/wp-content\/uploads\/2018\/02\/logo-opuzen.jpg","contentUrl":"https:\/\/www.opuzen.hr\/grad\/wp-content\/uploads\/2018\/02\/logo-opuzen.jpg","width":400,"height":400,"caption":"Grad Opuzen"},"image":{"@id":"https:\/\/www.opuzen.hr\/grad\/#\/schema\/logo\/image\/"}},{"@type":"Person","@id":"https:\/\/www.opuzen.hr\/grad\/#\/schema\/person\/0a17a9796898e9409a1fa4ca7448a481","name":"Grad Opuzen","image":{"@type":"ImageObject","inLanguage":"hr","@id":"https:\/\/www.opuzen.hr\/grad\/#\/schema\/person\/image\/","url":"https:\/\/secure.gravatar.com\/avatar\/0c54089de4fcf14c0fe3355109a3ac05?s=96&d=mm&r=g","contentUrl":"https:\/\/secure.gravatar.com\/avatar\/0c54089de4fcf14c0fe3355109a3ac05?s=96&d=mm&r=g","caption":"Grad Opuzen"},"url":"https:\/\/www.opuzen.hr\/grad\/author\/admin\/"}]}},"_links":{"self":[{"href":"https:\/\/www.opuzen.hr\/grad\/wp-json\/wp\/v2\/posts\/49477"}],"collection":[{"href":"https:\/\/www.opuzen.hr\/grad\/wp-json\/wp\/v2\/posts"}],"about":[{"href":"https:\/\/www.opuzen.hr\/grad\/wp-json\/wp\/v2\/types\/post"}],"author":[{"embeddable":true,"href":"https:\/\/www.opuzen.hr\/grad\/wp-json\/wp\/v2\/users\/3"}],"replies":[{"embeddable":true,"href":"https:\/\/www.opuzen.hr\/grad\/wp-json\/wp\/v2\/comments?post=49477"}],"version-history":[{"count":3,"href":"https:\/\/www.opuzen.hr\/grad\/wp-json\/wp\/v2\/posts\/49477\/revisions"}],"predecessor-version":[{"id":49493,"href":"https:\/\/www.opuzen.hr\/grad\/wp-json\/wp\/v2\/posts\/49477\/revisions\/49493"}],"wp:featuredmedia":[{"embeddable":true,"href":"https:\/\/www.opuzen.hr\/grad\/wp-json\/wp\/v2\/media\/49481"}],"wp:attachment":[{"href":"https:\/\/www.opuzen.hr\/grad\/wp-json\/wp\/v2\/media?parent=49477"}],"wp:term":[{"taxonomy":"category","embeddable":true,"href":"https:\/\/www.opuzen.hr\/grad\/wp-json\/wp\/v2\/categories?post=49477"},{"taxonomy":"post_tag","embeddable":true,"href":"https:\/\/www.opuzen.hr\/grad\/wp-json\/wp\/v2\/tags?post=49477"}],"curies":[{"name":"wp","href":"https:\/\/api.w.org\/{rel}","templated":true}]}}