{"id":50662,"date":"2025-04-22T20:00:44","date_gmt":"2025-04-22T18:00:44","guid":{"rendered":"https:\/\/www.opuzen.hr\/grad\/?p=50662"},"modified":"2025-04-24T11:31:39","modified_gmt":"2025-04-24T09:31:39","slug":"u-opuzenu-odrzan-24-festival-zudija","status":"publish","type":"post","link":"https:\/\/www.opuzen.hr\/grad\/u-opuzenu-odrzan-24-festival-zudija\/","title":{"rendered":"U OPUZENU ODR\u017dAN 24. FESTIVAL \u017dUDIJA"},"content":{"rendered":"<p>Na Uskrsni ponedjeljak, 21. travnja 2025. u Opuzenu je odr\u017ean 24. Hrvatski festival \u017eudija.<br \/>\nGrad Opuzen zahvaljuje se svima koji su dali svoj doprinos u organizaciji.<\/p>\n<p>&nbsp;<\/p>\n<div id='gallery-1' class='gallery galleryid-50662 gallery-columns-2 gallery-size-medium'><figure class='gallery-item'>\n\t\t\t<div class='gallery-icon landscape'>\n\t\t\t\t<a href='https:\/\/www.opuzen.hr\/grad\/wp-content\/uploads\/2025\/04\/OPUZEN-Festival-zudija-2025-01.jpg'><img fetchpriority=\"high\" decoding=\"async\" width=\"300\" height=\"200\" src=\"https:\/\/www.opuzen.hr\/grad\/wp-content\/uploads\/2025\/04\/OPUZEN-Festival-zudija-2025-01-300x200.jpg\" class=\"attachment-medium size-medium\" alt=\"\" srcset=\"https:\/\/www.opuzen.hr\/grad\/wp-content\/uploads\/2025\/04\/OPUZEN-Festival-zudija-2025-01-300x200.jpg 300w, https:\/\/www.opuzen.hr\/grad\/wp-content\/uploads\/2025\/04\/OPUZEN-Festival-zudija-2025-01-1024x683.jpg 1024w, https:\/\/www.opuzen.hr\/grad\/wp-content\/uploads\/2025\/04\/OPUZEN-Festival-zudija-2025-01-768x512.jpg 768w, https:\/\/www.opuzen.hr\/grad\/wp-content\/uploads\/2025\/04\/OPUZEN-Festival-zudija-2025-01-600x400.jpg 600w, https:\/\/www.opuzen.hr\/grad\/wp-content\/uploads\/2025\/04\/OPUZEN-Festival-zudija-2025-01-1536x1024.jpg 1536w, https:\/\/www.opuzen.hr\/grad\/wp-content\/uploads\/2025\/04\/OPUZEN-Festival-zudija-2025-01-1026x684.jpg 1026w, https:\/\/www.opuzen.hr\/grad\/wp-content\/uploads\/2025\/04\/OPUZEN-Festival-zudija-2025-01-675x450.jpg 675w, https:\/\/www.opuzen.hr\/grad\/wp-content\/uploads\/2025\/04\/OPUZEN-Festival-zudija-2025-01-150x100.jpg 150w, https:\/\/www.opuzen.hr\/grad\/wp-content\/uploads\/2025\/04\/OPUZEN-Festival-zudija-2025-01.jpg 2048w\" sizes=\"(max-width: 300px) 100vw, 300px\" \/><\/a>\n\t\t\t<\/div><\/figure><figure class='gallery-item'>\n\t\t\t<div class='gallery-icon landscape'>\n\t\t\t\t<a href='https:\/\/www.opuzen.hr\/grad\/wp-content\/uploads\/2025\/04\/OPUZEN-Festival-zudija-2025-02.jpg'><img decoding=\"async\" width=\"300\" height=\"200\" src=\"https:\/\/www.opuzen.hr\/grad\/wp-content\/uploads\/2025\/04\/OPUZEN-Festival-zudija-2025-02-300x200.jpg\" class=\"attachment-medium size-medium\" alt=\"\" srcset=\"https:\/\/www.opuzen.hr\/grad\/wp-content\/uploads\/2025\/04\/OPUZEN-Festival-zudija-2025-02-300x200.jpg 300w, https:\/\/www.opuzen.hr\/grad\/wp-content\/uploads\/2025\/04\/OPUZEN-Festival-zudija-2025-02-1024x683.jpg 1024w, https:\/\/www.opuzen.hr\/grad\/wp-content\/uploads\/2025\/04\/OPUZEN-Festival-zudija-2025-02-768x512.jpg 768w, https:\/\/www.opuzen.hr\/grad\/wp-content\/uploads\/2025\/04\/OPUZEN-Festival-zudija-2025-02-600x400.jpg 600w, https:\/\/www.opuzen.hr\/grad\/wp-content\/uploads\/2025\/04\/OPUZEN-Festival-zudija-2025-02-1536x1024.jpg 1536w, https:\/\/www.opuzen.hr\/grad\/wp-content\/uploads\/2025\/04\/OPUZEN-Festival-zudija-2025-02-1026x684.jpg 1026w, https:\/\/www.opuzen.hr\/grad\/wp-content\/uploads\/2025\/04\/OPUZEN-Festival-zudija-2025-02-675x450.jpg 675w, https:\/\/www.opuzen.hr\/grad\/wp-content\/uploads\/2025\/04\/OPUZEN-Festival-zudija-2025-02-150x100.jpg 150w, https:\/\/www.opuzen.hr\/grad\/wp-content\/uploads\/2025\/04\/OPUZEN-Festival-zudija-2025-02.jpg 2048w\" sizes=\"(max-width: 300px) 100vw, 300px\" \/><\/a>\n\t\t\t<\/div><\/figure><figure class='gallery-item'>\n\t\t\t<div class='gallery-icon landscape'>\n\t\t\t\t<a href='https:\/\/www.opuzen.hr\/grad\/wp-content\/uploads\/2025\/04\/OPUZEN-Festival-zudija-2025-03.jpg'><img decoding=\"async\" width=\"300\" height=\"200\" src=\"https:\/\/www.opuzen.hr\/grad\/wp-content\/uploads\/2025\/04\/OPUZEN-Festival-zudija-2025-03-300x200.jpg\" class=\"attachment-medium size-medium\" alt=\"\" srcset=\"https:\/\/www.opuzen.hr\/grad\/wp-content\/uploads\/2025\/04\/OPUZEN-Festival-zudija-2025-03-300x200.jpg 300w, https:\/\/www.opuzen.hr\/grad\/wp-content\/uploads\/2025\/04\/OPUZEN-Festival-zudija-2025-03-1024x683.jpg 1024w, https:\/\/www.opuzen.hr\/grad\/wp-content\/uploads\/2025\/04\/OPUZEN-Festival-zudija-2025-03-768x512.jpg 768w, https:\/\/www.opuzen.hr\/grad\/wp-content\/uploads\/2025\/04\/OPUZEN-Festival-zudija-2025-03-600x400.jpg 600w, https:\/\/www.opuzen.hr\/grad\/wp-content\/uploads\/2025\/04\/OPUZEN-Festival-zudija-2025-03-1026x684.jpg 1026w, https:\/\/www.opuzen.hr\/grad\/wp-content\/uploads\/2025\/04\/OPUZEN-Festival-zudija-2025-03-675x450.jpg 675w, https:\/\/www.opuzen.hr\/grad\/wp-content\/uploads\/2025\/04\/OPUZEN-Festival-zudija-2025-03-150x100.jpg 150w, https:\/\/www.opuzen.hr\/grad\/wp-content\/uploads\/2025\/04\/OPUZEN-Festival-zudija-2025-03.jpg 1296w\" sizes=\"(max-width: 300px) 100vw, 300px\" \/><\/a>\n\t\t\t<\/div><\/figure><figure class='gallery-item'>\n\t\t\t<div class='gallery-icon landscape'>\n\t\t\t\t<a href='https:\/\/www.opuzen.hr\/grad\/wp-content\/uploads\/2025\/04\/OPUZEN-Festival-zudija-2025-04.jpg'><img loading=\"lazy\" decoding=\"async\" width=\"300\" height=\"200\" src=\"https:\/\/www.opuzen.hr\/grad\/wp-content\/uploads\/2025\/04\/OPUZEN-Festival-zudija-2025-04-300x200.jpg\" class=\"attachment-medium size-medium\" alt=\"\" srcset=\"https:\/\/www.opuzen.hr\/grad\/wp-content\/uploads\/2025\/04\/OPUZEN-Festival-zudija-2025-04-300x200.jpg 300w, https:\/\/www.opuzen.hr\/grad\/wp-content\/uploads\/2025\/04\/OPUZEN-Festival-zudija-2025-04-1024x683.jpg 1024w, https:\/\/www.opuzen.hr\/grad\/wp-content\/uploads\/2025\/04\/OPUZEN-Festival-zudija-2025-04-768x512.jpg 768w, https:\/\/www.opuzen.hr\/grad\/wp-content\/uploads\/2025\/04\/OPUZEN-Festival-zudija-2025-04-600x400.jpg 600w, https:\/\/www.opuzen.hr\/grad\/wp-content\/uploads\/2025\/04\/OPUZEN-Festival-zudija-2025-04-1536x1024.jpg 1536w, https:\/\/www.opuzen.hr\/grad\/wp-content\/uploads\/2025\/04\/OPUZEN-Festival-zudija-2025-04-1026x684.jpg 1026w, https:\/\/www.opuzen.hr\/grad\/wp-content\/uploads\/2025\/04\/OPUZEN-Festival-zudija-2025-04-675x450.jpg 675w, https:\/\/www.opuzen.hr\/grad\/wp-content\/uploads\/2025\/04\/OPUZEN-Festival-zudija-2025-04-150x100.jpg 150w, https:\/\/www.opuzen.hr\/grad\/wp-content\/uploads\/2025\/04\/OPUZEN-Festival-zudija-2025-04.jpg 2048w\" sizes=\"(max-width: 300px) 100vw, 300px\" \/><\/a>\n\t\t\t<\/div><\/figure><figure class='gallery-item'>\n\t\t\t<div class='gallery-icon landscape'>\n\t\t\t\t<a href='https:\/\/www.opuzen.hr\/grad\/wp-content\/uploads\/2025\/04\/OPUZEN-Festival-zudija-2025-05.jpg'><img loading=\"lazy\" decoding=\"async\" width=\"300\" height=\"200\" src=\"https:\/\/www.opuzen.hr\/grad\/wp-content\/uploads\/2025\/04\/OPUZEN-Festival-zudija-2025-05-300x200.jpg\" class=\"attachment-medium size-medium\" alt=\"\" srcset=\"https:\/\/www.opuzen.hr\/grad\/wp-content\/uploads\/2025\/04\/OPUZEN-Festival-zudija-2025-05-300x200.jpg 300w, https:\/\/www.opuzen.hr\/grad\/wp-content\/uploads\/2025\/04\/OPUZEN-Festival-zudija-2025-05-1024x683.jpg 1024w, https:\/\/www.opuzen.hr\/grad\/wp-content\/uploads\/2025\/04\/OPUZEN-Festival-zudija-2025-05-768x512.jpg 768w, https:\/\/www.opuzen.hr\/grad\/wp-content\/uploads\/2025\/04\/OPUZEN-Festival-zudija-2025-05-600x400.jpg 600w, https:\/\/www.opuzen.hr\/grad\/wp-content\/uploads\/2025\/04\/OPUZEN-Festival-zudija-2025-05-1536x1024.jpg 1536w, https:\/\/www.opuzen.hr\/grad\/wp-content\/uploads\/2025\/04\/OPUZEN-Festival-zudija-2025-05-1026x684.jpg 1026w, https:\/\/www.opuzen.hr\/grad\/wp-content\/uploads\/2025\/04\/OPUZEN-Festival-zudija-2025-05-675x450.jpg 675w, https:\/\/www.opuzen.hr\/grad\/wp-content\/uploads\/2025\/04\/OPUZEN-Festival-zudija-2025-05-150x100.jpg 150w, https:\/\/www.opuzen.hr\/grad\/wp-content\/uploads\/2025\/04\/OPUZEN-Festival-zudija-2025-05.jpg 2048w\" sizes=\"(max-width: 300px) 100vw, 300px\" \/><\/a>\n\t\t\t<\/div><\/figure><figure class='gallery-item'>\n\t\t\t<div class='gallery-icon landscape'>\n\t\t\t\t<a href='https:\/\/www.opuzen.hr\/grad\/wp-content\/uploads\/2025\/04\/OPUZEN-Festival-zudija-2025-06.jpg'><img loading=\"lazy\" decoding=\"async\" width=\"300\" height=\"200\" src=\"https:\/\/www.opuzen.hr\/grad\/wp-content\/uploads\/2025\/04\/OPUZEN-Festival-zudija-2025-06-300x200.jpg\" class=\"attachment-medium size-medium\" alt=\"\" srcset=\"https:\/\/www.opuzen.hr\/grad\/wp-content\/uploads\/2025\/04\/OPUZEN-Festival-zudija-2025-06-300x200.jpg 300w, https:\/\/www.opuzen.hr\/grad\/wp-content\/uploads\/2025\/04\/OPUZEN-Festival-zudija-2025-06-1024x683.jpg 1024w, https:\/\/www.opuzen.hr\/grad\/wp-content\/uploads\/2025\/04\/OPUZEN-Festival-zudija-2025-06-768x512.jpg 768w, https:\/\/www.opuzen.hr\/grad\/wp-content\/uploads\/2025\/04\/OPUZEN-Festival-zudija-2025-06-600x400.jpg 600w, https:\/\/www.opuzen.hr\/grad\/wp-content\/uploads\/2025\/04\/OPUZEN-Festival-zudija-2025-06-1536x1024.jpg 1536w, https:\/\/www.opuzen.hr\/grad\/wp-content\/uploads\/2025\/04\/OPUZEN-Festival-zudija-2025-06-1026x684.jpg 1026w, https:\/\/www.opuzen.hr\/grad\/wp-content\/uploads\/2025\/04\/OPUZEN-Festival-zudija-2025-06-675x450.jpg 675w, https:\/\/www.opuzen.hr\/grad\/wp-content\/uploads\/2025\/04\/OPUZEN-Festival-zudija-2025-06-150x100.jpg 150w, https:\/\/www.opuzen.hr\/grad\/wp-content\/uploads\/2025\/04\/OPUZEN-Festival-zudija-2025-06.jpg 2048w\" sizes=\"(max-width: 300px) 100vw, 300px\" \/><\/a>\n\t\t\t<\/div><\/figure><figure class='gallery-item'>\n\t\t\t<div class='gallery-icon landscape'>\n\t\t\t\t<a href='https:\/\/www.opuzen.hr\/grad\/wp-content\/uploads\/2025\/04\/OPUZEN-Festival-zudija-2025-07.jpg'><img loading=\"lazy\" decoding=\"async\" width=\"300\" height=\"200\" src=\"https:\/\/www.opuzen.hr\/grad\/wp-content\/uploads\/2025\/04\/OPUZEN-Festival-zudija-2025-07-300x200.jpg\" class=\"attachment-medium size-medium\" alt=\"\" srcset=\"https:\/\/www.opuzen.hr\/grad\/wp-content\/uploads\/2025\/04\/OPUZEN-Festival-zudija-2025-07-300x200.jpg 300w, https:\/\/www.opuzen.hr\/grad\/wp-content\/uploads\/2025\/04\/OPUZEN-Festival-zudija-2025-07-1024x683.jpg 1024w, https:\/\/www.opuzen.hr\/grad\/wp-content\/uploads\/2025\/04\/OPUZEN-Festival-zudija-2025-07-768x512.jpg 768w, https:\/\/www.opuzen.hr\/grad\/wp-content\/uploads\/2025\/04\/OPUZEN-Festival-zudija-2025-07-600x400.jpg 600w, https:\/\/www.opuzen.hr\/grad\/wp-content\/uploads\/2025\/04\/OPUZEN-Festival-zudija-2025-07-1536x1024.jpg 1536w, https:\/\/www.opuzen.hr\/grad\/wp-content\/uploads\/2025\/04\/OPUZEN-Festival-zudija-2025-07-1026x684.jpg 1026w, https:\/\/www.opuzen.hr\/grad\/wp-content\/uploads\/2025\/04\/OPUZEN-Festival-zudija-2025-07-675x450.jpg 675w, https:\/\/www.opuzen.hr\/grad\/wp-content\/uploads\/2025\/04\/OPUZEN-Festival-zudija-2025-07-150x100.jpg 150w, https:\/\/www.opuzen.hr\/grad\/wp-content\/uploads\/2025\/04\/OPUZEN-Festival-zudija-2025-07.jpg 2048w\" sizes=\"(max-width: 300px) 100vw, 300px\" \/><\/a>\n\t\t\t<\/div><\/figure><figure class='gallery-item'>\n\t\t\t<div class='gallery-icon landscape'>\n\t\t\t\t<a href='https:\/\/www.opuzen.hr\/grad\/wp-content\/uploads\/2025\/04\/OPUZEN-Festival-zudija-2025-08.jpg'><img loading=\"lazy\" decoding=\"async\" width=\"300\" height=\"200\" src=\"https:\/\/www.opuzen.hr\/grad\/wp-content\/uploads\/2025\/04\/OPUZEN-Festival-zudija-2025-08-300x200.jpg\" class=\"attachment-medium size-medium\" alt=\"\" srcset=\"https:\/\/www.opuzen.hr\/grad\/wp-content\/uploads\/2025\/04\/OPUZEN-Festival-zudija-2025-08-300x200.jpg 300w, https:\/\/www.opuzen.hr\/grad\/wp-content\/uploads\/2025\/04\/OPUZEN-Festival-zudija-2025-08-1024x683.jpg 1024w, https:\/\/www.opuzen.hr\/grad\/wp-content\/uploads\/2025\/04\/OPUZEN-Festival-zudija-2025-08-768x512.jpg 768w, https:\/\/www.opuzen.hr\/grad\/wp-content\/uploads\/2025\/04\/OPUZEN-Festival-zudija-2025-08-600x400.jpg 600w, https:\/\/www.opuzen.hr\/grad\/wp-content\/uploads\/2025\/04\/OPUZEN-Festival-zudija-2025-08-1536x1024.jpg 1536w, https:\/\/www.opuzen.hr\/grad\/wp-content\/uploads\/2025\/04\/OPUZEN-Festival-zudija-2025-08-1026x684.jpg 1026w, https:\/\/www.opuzen.hr\/grad\/wp-content\/uploads\/2025\/04\/OPUZEN-Festival-zudija-2025-08-675x450.jpg 675w, https:\/\/www.opuzen.hr\/grad\/wp-content\/uploads\/2025\/04\/OPUZEN-Festival-zudija-2025-08-150x100.jpg 150w, https:\/\/www.opuzen.hr\/grad\/wp-content\/uploads\/2025\/04\/OPUZEN-Festival-zudija-2025-08.jpg 2048w\" sizes=\"(max-width: 300px) 100vw, 300px\" \/><\/a>\n\t\t\t<\/div><\/figure><figure class='gallery-item'>\n\t\t\t<div class='gallery-icon landscape'>\n\t\t\t\t<a href='https:\/\/www.opuzen.hr\/grad\/wp-content\/uploads\/2025\/04\/OPUZEN-Festival-zudija-2025-09.jpg'><img loading=\"lazy\" decoding=\"async\" width=\"300\" height=\"200\" src=\"https:\/\/www.opuzen.hr\/grad\/wp-content\/uploads\/2025\/04\/OPUZEN-Festival-zudija-2025-09-300x200.jpg\" class=\"attachment-medium size-medium\" alt=\"\" srcset=\"https:\/\/www.opuzen.hr\/grad\/wp-content\/uploads\/2025\/04\/OPUZEN-Festival-zudija-2025-09-300x200.jpg 300w, https:\/\/www.opuzen.hr\/grad\/wp-content\/uploads\/2025\/04\/OPUZEN-Festival-zudija-2025-09-1024x683.jpg 1024w, https:\/\/www.opuzen.hr\/grad\/wp-content\/uploads\/2025\/04\/OPUZEN-Festival-zudija-2025-09-768x512.jpg 768w, https:\/\/www.opuzen.hr\/grad\/wp-content\/uploads\/2025\/04\/OPUZEN-Festival-zudija-2025-09-600x400.jpg 600w, https:\/\/www.opuzen.hr\/grad\/wp-content\/uploads\/2025\/04\/OPUZEN-Festival-zudija-2025-09-1536x1024.jpg 1536w, https:\/\/www.opuzen.hr\/grad\/wp-content\/uploads\/2025\/04\/OPUZEN-Festival-zudija-2025-09-1026x684.jpg 1026w, https:\/\/www.opuzen.hr\/grad\/wp-content\/uploads\/2025\/04\/OPUZEN-Festival-zudija-2025-09-675x450.jpg 675w, https:\/\/www.opuzen.hr\/grad\/wp-content\/uploads\/2025\/04\/OPUZEN-Festival-zudija-2025-09-150x100.jpg 150w, https:\/\/www.opuzen.hr\/grad\/wp-content\/uploads\/2025\/04\/OPUZEN-Festival-zudija-2025-09.jpg 2048w\" sizes=\"(max-width: 300px) 100vw, 300px\" \/><\/a>\n\t\t\t<\/div><\/figure><figure class='gallery-item'>\n\t\t\t<div class='gallery-icon landscape'>\n\t\t\t\t<a href='https:\/\/www.opuzen.hr\/grad\/wp-content\/uploads\/2025\/04\/OPUZEN-Festival-zudija-2025-10.jpg'><img loading=\"lazy\" decoding=\"async\" width=\"300\" height=\"200\" src=\"https:\/\/www.opuzen.hr\/grad\/wp-content\/uploads\/2025\/04\/OPUZEN-Festival-zudija-2025-10-300x200.jpg\" class=\"attachment-medium size-medium\" alt=\"\" srcset=\"https:\/\/www.opuzen.hr\/grad\/wp-content\/uploads\/2025\/04\/OPUZEN-Festival-zudija-2025-10-300x200.jpg 300w, https:\/\/www.opuzen.hr\/grad\/wp-content\/uploads\/2025\/04\/OPUZEN-Festival-zudija-2025-10-1024x682.jpg 1024w, https:\/\/www.opuzen.hr\/grad\/wp-content\/uploads\/2025\/04\/OPUZEN-Festival-zudija-2025-10-768x512.jpg 768w, https:\/\/www.opuzen.hr\/grad\/wp-content\/uploads\/2025\/04\/OPUZEN-Festival-zudija-2025-10-600x400.jpg 600w, https:\/\/www.opuzen.hr\/grad\/wp-content\/uploads\/2025\/04\/OPUZEN-Festival-zudija-2025-10-1536x1023.jpg 1536w, https:\/\/www.opuzen.hr\/grad\/wp-content\/uploads\/2025\/04\/OPUZEN-Festival-zudija-2025-10-1026x684.jpg 1026w, https:\/\/www.opuzen.hr\/grad\/wp-content\/uploads\/2025\/04\/OPUZEN-Festival-zudija-2025-10-675x450.jpg 675w, https:\/\/www.opuzen.hr\/grad\/wp-content\/uploads\/2025\/04\/OPUZEN-Festival-zudija-2025-10-150x100.jpg 150w, https:\/\/www.opuzen.hr\/grad\/wp-content\/uploads\/2025\/04\/OPUZEN-Festival-zudija-2025-10.jpg 1600w\" sizes=\"(max-width: 300px) 100vw, 300px\" \/><\/a>\n\t\t\t<\/div><\/figure><figure class='gallery-item'>\n\t\t\t<div class='gallery-icon landscape'>\n\t\t\t\t<a href='https:\/\/www.opuzen.hr\/grad\/wp-content\/uploads\/2025\/04\/OPUZEN-Festival-zudija-2025-11.jpg'><img loading=\"lazy\" decoding=\"async\" width=\"300\" height=\"200\" src=\"https:\/\/www.opuzen.hr\/grad\/wp-content\/uploads\/2025\/04\/OPUZEN-Festival-zudija-2025-11-300x200.jpg\" class=\"attachment-medium size-medium\" alt=\"\" srcset=\"https:\/\/www.opuzen.hr\/grad\/wp-content\/uploads\/2025\/04\/OPUZEN-Festival-zudija-2025-11-300x200.jpg 300w, https:\/\/www.opuzen.hr\/grad\/wp-content\/uploads\/2025\/04\/OPUZEN-Festival-zudija-2025-11-1024x682.jpg 1024w, https:\/\/www.opuzen.hr\/grad\/wp-content\/uploads\/2025\/04\/OPUZEN-Festival-zudija-2025-11-768x512.jpg 768w, https:\/\/www.opuzen.hr\/grad\/wp-content\/uploads\/2025\/04\/OPUZEN-Festival-zudija-2025-11-600x400.jpg 600w, https:\/\/www.opuzen.hr\/grad\/wp-content\/uploads\/2025\/04\/OPUZEN-Festival-zudija-2025-11-1536x1023.jpg 1536w, https:\/\/www.opuzen.hr\/grad\/wp-content\/uploads\/2025\/04\/OPUZEN-Festival-zudija-2025-11-1026x684.jpg 1026w, https:\/\/www.opuzen.hr\/grad\/wp-content\/uploads\/2025\/04\/OPUZEN-Festival-zudija-2025-11-675x450.jpg 675w, https:\/\/www.opuzen.hr\/grad\/wp-content\/uploads\/2025\/04\/OPUZEN-Festival-zudija-2025-11-150x100.jpg 150w, https:\/\/www.opuzen.hr\/grad\/wp-content\/uploads\/2025\/04\/OPUZEN-Festival-zudija-2025-11.jpg 1600w\" sizes=\"(max-width: 300px) 100vw, 300px\" \/><\/a>\n\t\t\t<\/div><\/figure><figure class='gallery-item'>\n\t\t\t<div class='gallery-icon landscape'>\n\t\t\t\t<a href='https:\/\/www.opuzen.hr\/grad\/wp-content\/uploads\/2025\/04\/OPUZEN-Festival-zudija-2025-12.jpg'><img loading=\"lazy\" decoding=\"async\" width=\"300\" height=\"200\" src=\"https:\/\/www.opuzen.hr\/grad\/wp-content\/uploads\/2025\/04\/OPUZEN-Festival-zudija-2025-12-300x200.jpg\" class=\"attachment-medium size-medium\" alt=\"\" srcset=\"https:\/\/www.opuzen.hr\/grad\/wp-content\/uploads\/2025\/04\/OPUZEN-Festival-zudija-2025-12-300x200.jpg 300w, https:\/\/www.opuzen.hr\/grad\/wp-content\/uploads\/2025\/04\/OPUZEN-Festival-zudija-2025-12-1024x682.jpg 1024w, https:\/\/www.opuzen.hr\/grad\/wp-content\/uploads\/2025\/04\/OPUZEN-Festival-zudija-2025-12-768x512.jpg 768w, https:\/\/www.opuzen.hr\/grad\/wp-content\/uploads\/2025\/04\/OPUZEN-Festival-zudija-2025-12-600x400.jpg 600w, https:\/\/www.opuzen.hr\/grad\/wp-content\/uploads\/2025\/04\/OPUZEN-Festival-zudija-2025-12-1536x1023.jpg 1536w, https:\/\/www.opuzen.hr\/grad\/wp-content\/uploads\/2025\/04\/OPUZEN-Festival-zudija-2025-12-1026x684.jpg 1026w, https:\/\/www.opuzen.hr\/grad\/wp-content\/uploads\/2025\/04\/OPUZEN-Festival-zudija-2025-12-675x450.jpg 675w, https:\/\/www.opuzen.hr\/grad\/wp-content\/uploads\/2025\/04\/OPUZEN-Festival-zudija-2025-12-150x100.jpg 150w, https:\/\/www.opuzen.hr\/grad\/wp-content\/uploads\/2025\/04\/OPUZEN-Festival-zudija-2025-12.jpg 1600w\" sizes=\"(max-width: 300px) 100vw, 300px\" \/><\/a>\n\t\t\t<\/div><\/figure><figure class='gallery-item'>\n\t\t\t<div class='gallery-icon landscape'>\n\t\t\t\t<a href='https:\/\/www.opuzen.hr\/grad\/wp-content\/uploads\/2025\/04\/OPUZEN-Festival-zudija-2025-13.jpg'><img loading=\"lazy\" decoding=\"async\" width=\"300\" height=\"200\" src=\"https:\/\/www.opuzen.hr\/grad\/wp-content\/uploads\/2025\/04\/OPUZEN-Festival-zudija-2025-13-300x200.jpg\" class=\"attachment-medium size-medium\" alt=\"\" srcset=\"https:\/\/www.opuzen.hr\/grad\/wp-content\/uploads\/2025\/04\/OPUZEN-Festival-zudija-2025-13-300x200.jpg 300w, https:\/\/www.opuzen.hr\/grad\/wp-content\/uploads\/2025\/04\/OPUZEN-Festival-zudija-2025-13-1024x682.jpg 1024w, https:\/\/www.opuzen.hr\/grad\/wp-content\/uploads\/2025\/04\/OPUZEN-Festival-zudija-2025-13-768x512.jpg 768w, https:\/\/www.opuzen.hr\/grad\/wp-content\/uploads\/2025\/04\/OPUZEN-Festival-zudija-2025-13-600x400.jpg 600w, https:\/\/www.opuzen.hr\/grad\/wp-content\/uploads\/2025\/04\/OPUZEN-Festival-zudija-2025-13-1536x1023.jpg 1536w, https:\/\/www.opuzen.hr\/grad\/wp-content\/uploads\/2025\/04\/OPUZEN-Festival-zudija-2025-13-1026x684.jpg 1026w, https:\/\/www.opuzen.hr\/grad\/wp-content\/uploads\/2025\/04\/OPUZEN-Festival-zudija-2025-13-675x450.jpg 675w, https:\/\/www.opuzen.hr\/grad\/wp-content\/uploads\/2025\/04\/OPUZEN-Festival-zudija-2025-13-150x100.jpg 150w, https:\/\/www.opuzen.hr\/grad\/wp-content\/uploads\/2025\/04\/OPUZEN-Festival-zudija-2025-13.jpg 1600w\" sizes=\"(max-width: 300px) 100vw, 300px\" \/><\/a>\n\t\t\t<\/div><\/figure><figure class='gallery-item'>\n\t\t\t<div class='gallery-icon landscape'>\n\t\t\t\t<a href='https:\/\/www.opuzen.hr\/grad\/wp-content\/uploads\/2025\/04\/OPUZEN-Festival-zudija-2025-14.jpg'><img loading=\"lazy\" decoding=\"async\" width=\"300\" height=\"200\" src=\"https:\/\/www.opuzen.hr\/grad\/wp-content\/uploads\/2025\/04\/OPUZEN-Festival-zudija-2025-14-300x200.jpg\" class=\"attachment-medium size-medium\" alt=\"\" srcset=\"https:\/\/www.opuzen.hr\/grad\/wp-content\/uploads\/2025\/04\/OPUZEN-Festival-zudija-2025-14-300x200.jpg 300w, https:\/\/www.opuzen.hr\/grad\/wp-content\/uploads\/2025\/04\/OPUZEN-Festival-zudija-2025-14-1024x682.jpg 1024w, https:\/\/www.opuzen.hr\/grad\/wp-content\/uploads\/2025\/04\/OPUZEN-Festival-zudija-2025-14-768x512.jpg 768w, https:\/\/www.opuzen.hr\/grad\/wp-content\/uploads\/2025\/04\/OPUZEN-Festival-zudija-2025-14-600x400.jpg 600w, https:\/\/www.opuzen.hr\/grad\/wp-content\/uploads\/2025\/04\/OPUZEN-Festival-zudija-2025-14-1536x1023.jpg 1536w, https:\/\/www.opuzen.hr\/grad\/wp-content\/uploads\/2025\/04\/OPUZEN-Festival-zudija-2025-14-1026x684.jpg 1026w, https:\/\/www.opuzen.hr\/grad\/wp-content\/uploads\/2025\/04\/OPUZEN-Festival-zudija-2025-14-675x450.jpg 675w, https:\/\/www.opuzen.hr\/grad\/wp-content\/uploads\/2025\/04\/OPUZEN-Festival-zudija-2025-14-150x100.jpg 150w, https:\/\/www.opuzen.hr\/grad\/wp-content\/uploads\/2025\/04\/OPUZEN-Festival-zudija-2025-14.jpg 1600w\" sizes=\"(max-width: 300px) 100vw, 300px\" \/><\/a>\n\t\t\t<\/div><\/figure><figure class='gallery-item'>\n\t\t\t<div class='gallery-icon landscape'>\n\t\t\t\t<a href='https:\/\/www.opuzen.hr\/grad\/wp-content\/uploads\/2025\/04\/OPUZEN-Festival-zudija-2025-15.jpg'><img loading=\"lazy\" decoding=\"async\" width=\"300\" height=\"200\" src=\"https:\/\/www.opuzen.hr\/grad\/wp-content\/uploads\/2025\/04\/OPUZEN-Festival-zudija-2025-15-300x200.jpg\" class=\"attachment-medium size-medium\" alt=\"\" srcset=\"https:\/\/www.opuzen.hr\/grad\/wp-content\/uploads\/2025\/04\/OPUZEN-Festival-zudija-2025-15-300x200.jpg 300w, https:\/\/www.opuzen.hr\/grad\/wp-content\/uploads\/2025\/04\/OPUZEN-Festival-zudija-2025-15-1024x683.jpg 1024w, https:\/\/www.opuzen.hr\/grad\/wp-content\/uploads\/2025\/04\/OPUZEN-Festival-zudija-2025-15-768x512.jpg 768w, https:\/\/www.opuzen.hr\/grad\/wp-content\/uploads\/2025\/04\/OPUZEN-Festival-zudija-2025-15-600x400.jpg 600w, https:\/\/www.opuzen.hr\/grad\/wp-content\/uploads\/2025\/04\/OPUZEN-Festival-zudija-2025-15-1026x684.jpg 1026w, https:\/\/www.opuzen.hr\/grad\/wp-content\/uploads\/2025\/04\/OPUZEN-Festival-zudija-2025-15-675x450.jpg 675w, https:\/\/www.opuzen.hr\/grad\/wp-content\/uploads\/2025\/04\/OPUZEN-Festival-zudija-2025-15-150x100.jpg 150w, https:\/\/www.opuzen.hr\/grad\/wp-content\/uploads\/2025\/04\/OPUZEN-Festival-zudija-2025-15.jpg 1036w\" sizes=\"(max-width: 300px) 100vw, 300px\" \/><\/a>\n\t\t\t<\/div><\/figure><figure class='gallery-item'>\n\t\t\t<div class='gallery-icon landscape'>\n\t\t\t\t<a href='https:\/\/www.opuzen.hr\/grad\/wp-content\/uploads\/2025\/04\/OPUZEN-Festival-zudija-2025-16.jpg'><img loading=\"lazy\" decoding=\"async\" width=\"300\" height=\"200\" src=\"https:\/\/www.opuzen.hr\/grad\/wp-content\/uploads\/2025\/04\/OPUZEN-Festival-zudija-2025-16-300x200.jpg\" class=\"attachment-medium size-medium\" alt=\"\" srcset=\"https:\/\/www.opuzen.hr\/grad\/wp-content\/uploads\/2025\/04\/OPUZEN-Festival-zudija-2025-16-300x200.jpg 300w, https:\/\/www.opuzen.hr\/grad\/wp-content\/uploads\/2025\/04\/OPUZEN-Festival-zudija-2025-16-1024x682.jpg 1024w, https:\/\/www.opuzen.hr\/grad\/wp-content\/uploads\/2025\/04\/OPUZEN-Festival-zudija-2025-16-768x512.jpg 768w, https:\/\/www.opuzen.hr\/grad\/wp-content\/uploads\/2025\/04\/OPUZEN-Festival-zudija-2025-16-600x400.jpg 600w, https:\/\/www.opuzen.hr\/grad\/wp-content\/uploads\/2025\/04\/OPUZEN-Festival-zudija-2025-16-1536x1023.jpg 1536w, https:\/\/www.opuzen.hr\/grad\/wp-content\/uploads\/2025\/04\/OPUZEN-Festival-zudija-2025-16-1026x684.jpg 1026w, https:\/\/www.opuzen.hr\/grad\/wp-content\/uploads\/2025\/04\/OPUZEN-Festival-zudija-2025-16-675x450.jpg 675w, https:\/\/www.opuzen.hr\/grad\/wp-content\/uploads\/2025\/04\/OPUZEN-Festival-zudija-2025-16-150x100.jpg 150w, https:\/\/www.opuzen.hr\/grad\/wp-content\/uploads\/2025\/04\/OPUZEN-Festival-zudija-2025-16.jpg 1600w\" sizes=\"(max-width: 300px) 100vw, 300px\" \/><\/a>\n\t\t\t<\/div><\/figure><figure class='gallery-item'>\n\t\t\t<div class='gallery-icon landscape'>\n\t\t\t\t<a href='https:\/\/www.opuzen.hr\/grad\/wp-content\/uploads\/2025\/04\/OPUZEN-Festival-zudija-2025-17.jpg'><img loading=\"lazy\" decoding=\"async\" width=\"300\" height=\"200\" src=\"https:\/\/www.opuzen.hr\/grad\/wp-content\/uploads\/2025\/04\/OPUZEN-Festival-zudija-2025-17-300x200.jpg\" class=\"attachment-medium size-medium\" alt=\"\" srcset=\"https:\/\/www.opuzen.hr\/grad\/wp-content\/uploads\/2025\/04\/OPUZEN-Festival-zudija-2025-17-300x200.jpg 300w, https:\/\/www.opuzen.hr\/grad\/wp-content\/uploads\/2025\/04\/OPUZEN-Festival-zudija-2025-17-1024x682.jpg 1024w, https:\/\/www.opuzen.hr\/grad\/wp-content\/uploads\/2025\/04\/OPUZEN-Festival-zudija-2025-17-768x512.jpg 768w, https:\/\/www.opuzen.hr\/grad\/wp-content\/uploads\/2025\/04\/OPUZEN-Festival-zudija-2025-17-600x400.jpg 600w, https:\/\/www.opuzen.hr\/grad\/wp-content\/uploads\/2025\/04\/OPUZEN-Festival-zudija-2025-17-1536x1023.jpg 1536w, https:\/\/www.opuzen.hr\/grad\/wp-content\/uploads\/2025\/04\/OPUZEN-Festival-zudija-2025-17-1026x684.jpg 1026w, https:\/\/www.opuzen.hr\/grad\/wp-content\/uploads\/2025\/04\/OPUZEN-Festival-zudija-2025-17-675x450.jpg 675w, https:\/\/www.opuzen.hr\/grad\/wp-content\/uploads\/2025\/04\/OPUZEN-Festival-zudija-2025-17-150x100.jpg 150w, https:\/\/www.opuzen.hr\/grad\/wp-content\/uploads\/2025\/04\/OPUZEN-Festival-zudija-2025-17.jpg 1600w\" sizes=\"(max-width: 300px) 100vw, 300px\" \/><\/a>\n\t\t\t<\/div><\/figure><figure class='gallery-item'>\n\t\t\t<div class='gallery-icon landscape'>\n\t\t\t\t<a href='https:\/\/www.opuzen.hr\/grad\/wp-content\/uploads\/2025\/04\/OPUZEN-Festival-zudija-2025-18.jpg'><img loading=\"lazy\" decoding=\"async\" width=\"300\" height=\"200\" src=\"https:\/\/www.opuzen.hr\/grad\/wp-content\/uploads\/2025\/04\/OPUZEN-Festival-zudija-2025-18-300x200.jpg\" class=\"attachment-medium size-medium\" alt=\"\" srcset=\"https:\/\/www.opuzen.hr\/grad\/wp-content\/uploads\/2025\/04\/OPUZEN-Festival-zudija-2025-18-300x200.jpg 300w, https:\/\/www.opuzen.hr\/grad\/wp-content\/uploads\/2025\/04\/OPUZEN-Festival-zudija-2025-18-1024x682.jpg 1024w, https:\/\/www.opuzen.hr\/grad\/wp-content\/uploads\/2025\/04\/OPUZEN-Festival-zudija-2025-18-768x512.jpg 768w, https:\/\/www.opuzen.hr\/grad\/wp-content\/uploads\/2025\/04\/OPUZEN-Festival-zudija-2025-18-600x400.jpg 600w, https:\/\/www.opuzen.hr\/grad\/wp-content\/uploads\/2025\/04\/OPUZEN-Festival-zudija-2025-18-1536x1023.jpg 1536w, https:\/\/www.opuzen.hr\/grad\/wp-content\/uploads\/2025\/04\/OPUZEN-Festival-zudija-2025-18-1026x684.jpg 1026w, https:\/\/www.opuzen.hr\/grad\/wp-content\/uploads\/2025\/04\/OPUZEN-Festival-zudija-2025-18-675x450.jpg 675w, https:\/\/www.opuzen.hr\/grad\/wp-content\/uploads\/2025\/04\/OPUZEN-Festival-zudija-2025-18-150x100.jpg 150w, https:\/\/www.opuzen.hr\/grad\/wp-content\/uploads\/2025\/04\/OPUZEN-Festival-zudija-2025-18.jpg 1600w\" sizes=\"(max-width: 300px) 100vw, 300px\" \/><\/a>\n\t\t\t<\/div><\/figure><figure class='gallery-item'>\n\t\t\t<div class='gallery-icon landscape'>\n\t\t\t\t<a href='https:\/\/www.opuzen.hr\/grad\/wp-content\/uploads\/2025\/04\/OPUZEN-Festival-zudija-2025-19.jpg'><img loading=\"lazy\" decoding=\"async\" width=\"300\" height=\"200\" src=\"https:\/\/www.opuzen.hr\/grad\/wp-content\/uploads\/2025\/04\/OPUZEN-Festival-zudija-2025-19-300x200.jpg\" class=\"attachment-medium size-medium\" alt=\"\" srcset=\"https:\/\/www.opuzen.hr\/grad\/wp-content\/uploads\/2025\/04\/OPUZEN-Festival-zudija-2025-19-300x200.jpg 300w, https:\/\/www.opuzen.hr\/grad\/wp-content\/uploads\/2025\/04\/OPUZEN-Festival-zudija-2025-19-1024x682.jpg 1024w, https:\/\/www.opuzen.hr\/grad\/wp-content\/uploads\/2025\/04\/OPUZEN-Festival-zudija-2025-19-768x512.jpg 768w, https:\/\/www.opuzen.hr\/grad\/wp-content\/uploads\/2025\/04\/OPUZEN-Festival-zudija-2025-19-600x400.jpg 600w, https:\/\/www.opuzen.hr\/grad\/wp-content\/uploads\/2025\/04\/OPUZEN-Festival-zudija-2025-19-1536x1023.jpg 1536w, https:\/\/www.opuzen.hr\/grad\/wp-content\/uploads\/2025\/04\/OPUZEN-Festival-zudija-2025-19-1026x684.jpg 1026w, https:\/\/www.opuzen.hr\/grad\/wp-content\/uploads\/2025\/04\/OPUZEN-Festival-zudija-2025-19-675x450.jpg 675w, https:\/\/www.opuzen.hr\/grad\/wp-content\/uploads\/2025\/04\/OPUZEN-Festival-zudija-2025-19-150x100.jpg 150w, https:\/\/www.opuzen.hr\/grad\/wp-content\/uploads\/2025\/04\/OPUZEN-Festival-zudija-2025-19.jpg 1600w\" sizes=\"(max-width: 300px) 100vw, 300px\" \/><\/a>\n\t\t\t<\/div><\/figure><figure class='gallery-item'>\n\t\t\t<div class='gallery-icon landscape'>\n\t\t\t\t<a href='https:\/\/www.opuzen.hr\/grad\/wp-content\/uploads\/2025\/04\/OPUZEN-Festival-zudija-2025-20.jpg'><img loading=\"lazy\" decoding=\"async\" width=\"300\" height=\"200\" src=\"https:\/\/www.opuzen.hr\/grad\/wp-content\/uploads\/2025\/04\/OPUZEN-Festival-zudija-2025-20-300x200.jpg\" class=\"attachment-medium size-medium\" alt=\"\" srcset=\"https:\/\/www.opuzen.hr\/grad\/wp-content\/uploads\/2025\/04\/OPUZEN-Festival-zudija-2025-20-300x200.jpg 300w, https:\/\/www.opuzen.hr\/grad\/wp-content\/uploads\/2025\/04\/OPUZEN-Festival-zudija-2025-20-1024x682.jpg 1024w, https:\/\/www.opuzen.hr\/grad\/wp-content\/uploads\/2025\/04\/OPUZEN-Festival-zudija-2025-20-768x512.jpg 768w, https:\/\/www.opuzen.hr\/grad\/wp-content\/uploads\/2025\/04\/OPUZEN-Festival-zudija-2025-20-600x400.jpg 600w, https:\/\/www.opuzen.hr\/grad\/wp-content\/uploads\/2025\/04\/OPUZEN-Festival-zudija-2025-20-1536x1023.jpg 1536w, https:\/\/www.opuzen.hr\/grad\/wp-content\/uploads\/2025\/04\/OPUZEN-Festival-zudija-2025-20-1026x684.jpg 1026w, https:\/\/www.opuzen.hr\/grad\/wp-content\/uploads\/2025\/04\/OPUZEN-Festival-zudija-2025-20-675x450.jpg 675w, https:\/\/www.opuzen.hr\/grad\/wp-content\/uploads\/2025\/04\/OPUZEN-Festival-zudija-2025-20-150x100.jpg 150w, https:\/\/www.opuzen.hr\/grad\/wp-content\/uploads\/2025\/04\/OPUZEN-Festival-zudija-2025-20.jpg 1600w\" sizes=\"(max-width: 300px) 100vw, 300px\" \/><\/a>\n\t\t\t<\/div><\/figure><figure class='gallery-item'>\n\t\t\t<div class='gallery-icon landscape'>\n\t\t\t\t<a href='https:\/\/www.opuzen.hr\/grad\/wp-content\/uploads\/2025\/04\/OPUZEN-Festival-zudija-2025-21.jpg'><img loading=\"lazy\" decoding=\"async\" width=\"300\" height=\"200\" src=\"https:\/\/www.opuzen.hr\/grad\/wp-content\/uploads\/2025\/04\/OPUZEN-Festival-zudija-2025-21-300x200.jpg\" class=\"attachment-medium size-medium\" alt=\"\" srcset=\"https:\/\/www.opuzen.hr\/grad\/wp-content\/uploads\/2025\/04\/OPUZEN-Festival-zudija-2025-21-300x200.jpg 300w, https:\/\/www.opuzen.hr\/grad\/wp-content\/uploads\/2025\/04\/OPUZEN-Festival-zudija-2025-21-1024x683.jpg 1024w, https:\/\/www.opuzen.hr\/grad\/wp-content\/uploads\/2025\/04\/OPUZEN-Festival-zudija-2025-21-768x512.jpg 768w, https:\/\/www.opuzen.hr\/grad\/wp-content\/uploads\/2025\/04\/OPUZEN-Festival-zudija-2025-21-600x400.jpg 600w, https:\/\/www.opuzen.hr\/grad\/wp-content\/uploads\/2025\/04\/OPUZEN-Festival-zudija-2025-21-1026x684.jpg 1026w, https:\/\/www.opuzen.hr\/grad\/wp-content\/uploads\/2025\/04\/OPUZEN-Festival-zudija-2025-21-675x450.jpg 675w, https:\/\/www.opuzen.hr\/grad\/wp-content\/uploads\/2025\/04\/OPUZEN-Festival-zudija-2025-21-150x100.jpg 150w, https:\/\/www.opuzen.hr\/grad\/wp-content\/uploads\/2025\/04\/OPUZEN-Festival-zudija-2025-21.jpg 1036w\" sizes=\"(max-width: 300px) 100vw, 300px\" \/><\/a>\n\t\t\t<\/div><\/figure><figure class='gallery-item'>\n\t\t\t<div class='gallery-icon landscape'>\n\t\t\t\t<a href='https:\/\/www.opuzen.hr\/grad\/wp-content\/uploads\/2025\/04\/OPUZEN-Festival-zudija-2025-22.jpg'><img loading=\"lazy\" decoding=\"async\" width=\"300\" height=\"200\" src=\"https:\/\/www.opuzen.hr\/grad\/wp-content\/uploads\/2025\/04\/OPUZEN-Festival-zudija-2025-22-300x200.jpg\" class=\"attachment-medium size-medium\" alt=\"\" srcset=\"https:\/\/www.opuzen.hr\/grad\/wp-content\/uploads\/2025\/04\/OPUZEN-Festival-zudija-2025-22-300x200.jpg 300w, https:\/\/www.opuzen.hr\/grad\/wp-content\/uploads\/2025\/04\/OPUZEN-Festival-zudija-2025-22-1024x683.jpg 1024w, https:\/\/www.opuzen.hr\/grad\/wp-content\/uploads\/2025\/04\/OPUZEN-Festival-zudija-2025-22-768x512.jpg 768w, https:\/\/www.opuzen.hr\/grad\/wp-content\/uploads\/2025\/04\/OPUZEN-Festival-zudija-2025-22-600x400.jpg 600w, https:\/\/www.opuzen.hr\/grad\/wp-content\/uploads\/2025\/04\/OPUZEN-Festival-zudija-2025-22-1026x684.jpg 1026w, https:\/\/www.opuzen.hr\/grad\/wp-content\/uploads\/2025\/04\/OPUZEN-Festival-zudija-2025-22-675x450.jpg 675w, https:\/\/www.opuzen.hr\/grad\/wp-content\/uploads\/2025\/04\/OPUZEN-Festival-zudija-2025-22-150x100.jpg 150w, https:\/\/www.opuzen.hr\/grad\/wp-content\/uploads\/2025\/04\/OPUZEN-Festival-zudija-2025-22.jpg 1036w\" sizes=\"(max-width: 300px) 100vw, 300px\" \/><\/a>\n\t\t\t<\/div><\/figure><figure class='gallery-item'>\n\t\t\t<div class='gallery-icon landscape'>\n\t\t\t\t<a href='https:\/\/www.opuzen.hr\/grad\/wp-content\/uploads\/2025\/04\/OPUZEN-Festival-zudija-2025-23.jpg'><img loading=\"lazy\" decoding=\"async\" width=\"300\" height=\"200\" src=\"https:\/\/www.opuzen.hr\/grad\/wp-content\/uploads\/2025\/04\/OPUZEN-Festival-zudija-2025-23-300x200.jpg\" class=\"attachment-medium size-medium\" alt=\"\" srcset=\"https:\/\/www.opuzen.hr\/grad\/wp-content\/uploads\/2025\/04\/OPUZEN-Festival-zudija-2025-23-300x200.jpg 300w, https:\/\/www.opuzen.hr\/grad\/wp-content\/uploads\/2025\/04\/OPUZEN-Festival-zudija-2025-23-1024x683.jpg 1024w, https:\/\/www.opuzen.hr\/grad\/wp-content\/uploads\/2025\/04\/OPUZEN-Festival-zudija-2025-23-768x512.jpg 768w, https:\/\/www.opuzen.hr\/grad\/wp-content\/uploads\/2025\/04\/OPUZEN-Festival-zudija-2025-23-600x400.jpg 600w, https:\/\/www.opuzen.hr\/grad\/wp-content\/uploads\/2025\/04\/OPUZEN-Festival-zudija-2025-23-1026x684.jpg 1026w, https:\/\/www.opuzen.hr\/grad\/wp-content\/uploads\/2025\/04\/OPUZEN-Festival-zudija-2025-23-675x450.jpg 675w, https:\/\/www.opuzen.hr\/grad\/wp-content\/uploads\/2025\/04\/OPUZEN-Festival-zudija-2025-23-150x100.jpg 150w, https:\/\/www.opuzen.hr\/grad\/wp-content\/uploads\/2025\/04\/OPUZEN-Festival-zudija-2025-23.jpg 1036w\" sizes=\"(max-width: 300px) 100vw, 300px\" \/><\/a>\n\t\t\t<\/div><\/figure><figure class='gallery-item'>\n\t\t\t<div class='gallery-icon landscape'>\n\t\t\t\t<a href='https:\/\/www.opuzen.hr\/grad\/wp-content\/uploads\/2025\/04\/OPUZEN-Festival-zudija-2025-24.jpg'><img loading=\"lazy\" decoding=\"async\" width=\"300\" height=\"200\" src=\"https:\/\/www.opuzen.hr\/grad\/wp-content\/uploads\/2025\/04\/OPUZEN-Festival-zudija-2025-24-300x200.jpg\" class=\"attachment-medium size-medium\" alt=\"\" srcset=\"https:\/\/www.opuzen.hr\/grad\/wp-content\/uploads\/2025\/04\/OPUZEN-Festival-zudija-2025-24-300x200.jpg 300w, https:\/\/www.opuzen.hr\/grad\/wp-content\/uploads\/2025\/04\/OPUZEN-Festival-zudija-2025-24-1024x683.jpg 1024w, https:\/\/www.opuzen.hr\/grad\/wp-content\/uploads\/2025\/04\/OPUZEN-Festival-zudija-2025-24-768x512.jpg 768w, https:\/\/www.opuzen.hr\/grad\/wp-content\/uploads\/2025\/04\/OPUZEN-Festival-zudija-2025-24-600x400.jpg 600w, https:\/\/www.opuzen.hr\/grad\/wp-content\/uploads\/2025\/04\/OPUZEN-Festival-zudija-2025-24-1026x684.jpg 1026w, https:\/\/www.opuzen.hr\/grad\/wp-content\/uploads\/2025\/04\/OPUZEN-Festival-zudija-2025-24-675x450.jpg 675w, https:\/\/www.opuzen.hr\/grad\/wp-content\/uploads\/2025\/04\/OPUZEN-Festival-zudija-2025-24-150x100.jpg 150w, https:\/\/www.opuzen.hr\/grad\/wp-content\/uploads\/2025\/04\/OPUZEN-Festival-zudija-2025-24.jpg 1036w\" sizes=\"(max-width: 300px) 100vw, 300px\" \/><\/a>\n\t\t\t<\/div><\/figure><figure class='gallery-item'>\n\t\t\t<div class='gallery-icon landscape'>\n\t\t\t\t<a href='https:\/\/www.opuzen.hr\/grad\/wp-content\/uploads\/2025\/04\/OPUZEN-Festival-zudija-2025-25.jpg'><img loading=\"lazy\" decoding=\"async\" width=\"300\" height=\"200\" src=\"https:\/\/www.opuzen.hr\/grad\/wp-content\/uploads\/2025\/04\/OPUZEN-Festival-zudija-2025-25-300x200.jpg\" class=\"attachment-medium size-medium\" alt=\"\" srcset=\"https:\/\/www.opuzen.hr\/grad\/wp-content\/uploads\/2025\/04\/OPUZEN-Festival-zudija-2025-25-300x200.jpg 300w, https:\/\/www.opuzen.hr\/grad\/wp-content\/uploads\/2025\/04\/OPUZEN-Festival-zudija-2025-25-1024x683.jpg 1024w, https:\/\/www.opuzen.hr\/grad\/wp-content\/uploads\/2025\/04\/OPUZEN-Festival-zudija-2025-25-768x512.jpg 768w, https:\/\/www.opuzen.hr\/grad\/wp-content\/uploads\/2025\/04\/OPUZEN-Festival-zudija-2025-25-600x400.jpg 600w, https:\/\/www.opuzen.hr\/grad\/wp-content\/uploads\/2025\/04\/OPUZEN-Festival-zudija-2025-25-1026x684.jpg 1026w, https:\/\/www.opuzen.hr\/grad\/wp-content\/uploads\/2025\/04\/OPUZEN-Festival-zudija-2025-25-675x450.jpg 675w, https:\/\/www.opuzen.hr\/grad\/wp-content\/uploads\/2025\/04\/OPUZEN-Festival-zudija-2025-25-150x100.jpg 150w, https:\/\/www.opuzen.hr\/grad\/wp-content\/uploads\/2025\/04\/OPUZEN-Festival-zudija-2025-25.jpg 1036w\" sizes=\"(max-width: 300px) 100vw, 300px\" \/><\/a>\n\t\t\t<\/div><\/figure><figure class='gallery-item'>\n\t\t\t<div class='gallery-icon landscape'>\n\t\t\t\t<a href='https:\/\/www.opuzen.hr\/grad\/wp-content\/uploads\/2025\/04\/OPUZEN-Festival-zudija-2025-26.jpg'><img loading=\"lazy\" decoding=\"async\" width=\"300\" height=\"200\" src=\"https:\/\/www.opuzen.hr\/grad\/wp-content\/uploads\/2025\/04\/OPUZEN-Festival-zudija-2025-26-300x200.jpg\" class=\"attachment-medium size-medium\" alt=\"\" srcset=\"https:\/\/www.opuzen.hr\/grad\/wp-content\/uploads\/2025\/04\/OPUZEN-Festival-zudija-2025-26-300x200.jpg 300w, https:\/\/www.opuzen.hr\/grad\/wp-content\/uploads\/2025\/04\/OPUZEN-Festival-zudija-2025-26-1024x683.jpg 1024w, https:\/\/www.opuzen.hr\/grad\/wp-content\/uploads\/2025\/04\/OPUZEN-Festival-zudija-2025-26-768x512.jpg 768w, https:\/\/www.opuzen.hr\/grad\/wp-content\/uploads\/2025\/04\/OPUZEN-Festival-zudija-2025-26-600x400.jpg 600w, https:\/\/www.opuzen.hr\/grad\/wp-content\/uploads\/2025\/04\/OPUZEN-Festival-zudija-2025-26-1026x684.jpg 1026w, https:\/\/www.opuzen.hr\/grad\/wp-content\/uploads\/2025\/04\/OPUZEN-Festival-zudija-2025-26-675x450.jpg 675w, https:\/\/www.opuzen.hr\/grad\/wp-content\/uploads\/2025\/04\/OPUZEN-Festival-zudija-2025-26-150x100.jpg 150w, https:\/\/www.opuzen.hr\/grad\/wp-content\/uploads\/2025\/04\/OPUZEN-Festival-zudija-2025-26.jpg 1036w\" sizes=\"(max-width: 300px) 100vw, 300px\" \/><\/a>\n\t\t\t<\/div><\/figure><figure class='gallery-item'>\n\t\t\t<div class='gallery-icon landscape'>\n\t\t\t\t<a href='https:\/\/www.opuzen.hr\/grad\/wp-content\/uploads\/2025\/04\/OPUZEN-Festival-zudija-2025-27.jpg'><img loading=\"lazy\" decoding=\"async\" width=\"300\" height=\"200\" src=\"https:\/\/www.opuzen.hr\/grad\/wp-content\/uploads\/2025\/04\/OPUZEN-Festival-zudija-2025-27-300x200.jpg\" class=\"attachment-medium size-medium\" alt=\"\" srcset=\"https:\/\/www.opuzen.hr\/grad\/wp-content\/uploads\/2025\/04\/OPUZEN-Festival-zudija-2025-27-300x200.jpg 300w, https:\/\/www.opuzen.hr\/grad\/wp-content\/uploads\/2025\/04\/OPUZEN-Festival-zudija-2025-27-1024x683.jpg 1024w, https:\/\/www.opuzen.hr\/grad\/wp-content\/uploads\/2025\/04\/OPUZEN-Festival-zudija-2025-27-768x512.jpg 768w, https:\/\/www.opuzen.hr\/grad\/wp-content\/uploads\/2025\/04\/OPUZEN-Festival-zudija-2025-27-600x400.jpg 600w, https:\/\/www.opuzen.hr\/grad\/wp-content\/uploads\/2025\/04\/OPUZEN-Festival-zudija-2025-27-1026x684.jpg 1026w, https:\/\/www.opuzen.hr\/grad\/wp-content\/uploads\/2025\/04\/OPUZEN-Festival-zudija-2025-27-675x450.jpg 675w, https:\/\/www.opuzen.hr\/grad\/wp-content\/uploads\/2025\/04\/OPUZEN-Festival-zudija-2025-27-150x100.jpg 150w, https:\/\/www.opuzen.hr\/grad\/wp-content\/uploads\/2025\/04\/OPUZEN-Festival-zudija-2025-27.jpg 1036w\" sizes=\"(max-width: 300px) 100vw, 300px\" \/><\/a>\n\t\t\t<\/div><\/figure><figure class='gallery-item'>\n\t\t\t<div class='gallery-icon landscape'>\n\t\t\t\t<a href='https:\/\/www.opuzen.hr\/grad\/wp-content\/uploads\/2025\/04\/OPUZEN-Festival-zudija-2025-28.jpg'><img loading=\"lazy\" decoding=\"async\" width=\"300\" height=\"200\" src=\"https:\/\/www.opuzen.hr\/grad\/wp-content\/uploads\/2025\/04\/OPUZEN-Festival-zudija-2025-28-300x200.jpg\" class=\"attachment-medium size-medium\" alt=\"\" srcset=\"https:\/\/www.opuzen.hr\/grad\/wp-content\/uploads\/2025\/04\/OPUZEN-Festival-zudija-2025-28-300x200.jpg 300w, https:\/\/www.opuzen.hr\/grad\/wp-content\/uploads\/2025\/04\/OPUZEN-Festival-zudija-2025-28-1024x683.jpg 1024w, https:\/\/www.opuzen.hr\/grad\/wp-content\/uploads\/2025\/04\/OPUZEN-Festival-zudija-2025-28-768x512.jpg 768w, https:\/\/www.opuzen.hr\/grad\/wp-content\/uploads\/2025\/04\/OPUZEN-Festival-zudija-2025-28-600x400.jpg 600w, https:\/\/www.opuzen.hr\/grad\/wp-content\/uploads\/2025\/04\/OPUZEN-Festival-zudija-2025-28-1026x684.jpg 1026w, https:\/\/www.opuzen.hr\/grad\/wp-content\/uploads\/2025\/04\/OPUZEN-Festival-zudija-2025-28-675x450.jpg 675w, https:\/\/www.opuzen.hr\/grad\/wp-content\/uploads\/2025\/04\/OPUZEN-Festival-zudija-2025-28-150x100.jpg 150w, https:\/\/www.opuzen.hr\/grad\/wp-content\/uploads\/2025\/04\/OPUZEN-Festival-zudija-2025-28.jpg 1036w\" sizes=\"(max-width: 300px) 100vw, 300px\" \/><\/a>\n\t\t\t<\/div><\/figure><figure class='gallery-item'>\n\t\t\t<div class='gallery-icon landscape'>\n\t\t\t\t<a href='https:\/\/www.opuzen.hr\/grad\/wp-content\/uploads\/2025\/04\/OPUZEN-Festival-zudija-2025-29.jpg'><img loading=\"lazy\" decoding=\"async\" width=\"300\" height=\"200\" src=\"https:\/\/www.opuzen.hr\/grad\/wp-content\/uploads\/2025\/04\/OPUZEN-Festival-zudija-2025-29-300x200.jpg\" class=\"attachment-medium size-medium\" alt=\"\" srcset=\"https:\/\/www.opuzen.hr\/grad\/wp-content\/uploads\/2025\/04\/OPUZEN-Festival-zudija-2025-29-300x200.jpg 300w, https:\/\/www.opuzen.hr\/grad\/wp-content\/uploads\/2025\/04\/OPUZEN-Festival-zudija-2025-29-1024x683.jpg 1024w, https:\/\/www.opuzen.hr\/grad\/wp-content\/uploads\/2025\/04\/OPUZEN-Festival-zudija-2025-29-768x512.jpg 768w, https:\/\/www.opuzen.hr\/grad\/wp-content\/uploads\/2025\/04\/OPUZEN-Festival-zudija-2025-29-600x400.jpg 600w, https:\/\/www.opuzen.hr\/grad\/wp-content\/uploads\/2025\/04\/OPUZEN-Festival-zudija-2025-29-1026x684.jpg 1026w, https:\/\/www.opuzen.hr\/grad\/wp-content\/uploads\/2025\/04\/OPUZEN-Festival-zudija-2025-29-675x450.jpg 675w, https:\/\/www.opuzen.hr\/grad\/wp-content\/uploads\/2025\/04\/OPUZEN-Festival-zudija-2025-29-150x100.jpg 150w, https:\/\/www.opuzen.hr\/grad\/wp-content\/uploads\/2025\/04\/OPUZEN-Festival-zudija-2025-29.jpg 1036w\" sizes=\"(max-width: 300px) 100vw, 300px\" \/><\/a>\n\t\t\t<\/div><\/figure><figure class='gallery-item'>\n\t\t\t<div class='gallery-icon landscape'>\n\t\t\t\t<a href='https:\/\/www.opuzen.hr\/grad\/wp-content\/uploads\/2025\/04\/OPUZEN-Festival-zudija-2025-30.jpg'><img loading=\"lazy\" decoding=\"async\" width=\"300\" height=\"200\" src=\"https:\/\/www.opuzen.hr\/grad\/wp-content\/uploads\/2025\/04\/OPUZEN-Festival-zudija-2025-30-300x200.jpg\" class=\"attachment-medium size-medium\" alt=\"\" srcset=\"https:\/\/www.opuzen.hr\/grad\/wp-content\/uploads\/2025\/04\/OPUZEN-Festival-zudija-2025-30-300x200.jpg 300w, https:\/\/www.opuzen.hr\/grad\/wp-content\/uploads\/2025\/04\/OPUZEN-Festival-zudija-2025-30-1024x683.jpg 1024w, https:\/\/www.opuzen.hr\/grad\/wp-content\/uploads\/2025\/04\/OPUZEN-Festival-zudija-2025-30-768x512.jpg 768w, https:\/\/www.opuzen.hr\/grad\/wp-content\/uploads\/2025\/04\/OPUZEN-Festival-zudija-2025-30-600x400.jpg 600w, https:\/\/www.opuzen.hr\/grad\/wp-content\/uploads\/2025\/04\/OPUZEN-Festival-zudija-2025-30-1026x684.jpg 1026w, https:\/\/www.opuzen.hr\/grad\/wp-content\/uploads\/2025\/04\/OPUZEN-Festival-zudija-2025-30-675x450.jpg 675w, https:\/\/www.opuzen.hr\/grad\/wp-content\/uploads\/2025\/04\/OPUZEN-Festival-zudija-2025-30-150x100.jpg 150w, https:\/\/www.opuzen.hr\/grad\/wp-content\/uploads\/2025\/04\/OPUZEN-Festival-zudija-2025-30.jpg 1036w\" sizes=\"(max-width: 300px) 100vw, 300px\" \/><\/a>\n\t\t\t<\/div><\/figure>\n\t\t<\/div>\n\n","protected":false},"excerpt":{"rendered":"<p>Na Uskrsni ponedjeljak, 21. travnja 2025. u Opuzenu je odr\u017ean 24. Hrvatski festival \u017eudija. Grad&#8230;<\/p>\n","protected":false},"author":3,"featured_media":50691,"comment_status":"closed","ping_status":"closed","sticky":false,"template":"","format":"standard","meta":{"footnotes":""},"categories":[4],"tags":[436,430],"class_list":["post-50662","post","type-post","status-publish","format-standard","has-post-thumbnail","hentry","category-novosti","tag-24-festival-zudija","tag-festival-zudija","wpcat-4-id"],"yoast_head":"<!-- This site is optimized with the Yoast SEO plugin v23.1 - https:\/\/yoast.com\/wordpress\/plugins\/seo\/ -->\n<title>U OPUZENU ODR\u017dAN 24. FESTIVAL \u017dUDIJA - Grad Opuzen<\/title>\n<meta name=\"robots\" content=\"index, follow, max-snippet:-1, max-image-preview:large, max-video-preview:-1\" \/>\n<link rel=\"canonical\" href=\"https:\/\/www.opuzen.hr\/grad\/u-opuzenu-odrzan-24-festival-zudija\/\" \/>\n<meta property=\"og:locale\" content=\"hr_HR\" \/>\n<meta property=\"og:type\" content=\"article\" \/>\n<meta property=\"og:title\" content=\"U OPUZENU ODR\u017dAN 24. FESTIVAL \u017dUDIJA - Grad Opuzen\" \/>\n<meta property=\"og:description\" content=\"Na Uskrsni ponedjeljak, 21. travnja 2025. u Opuzenu je odr\u017ean 24. Hrvatski festival \u017eudija. Grad...\" \/>\n<meta property=\"og:url\" content=\"https:\/\/www.opuzen.hr\/grad\/u-opuzenu-odrzan-24-festival-zudija\/\" \/>\n<meta property=\"og:site_name\" content=\"Grad Opuzen\" \/>\n<meta property=\"article:published_time\" content=\"2025-04-22T18:00:44+00:00\" \/>\n<meta property=\"article:modified_time\" content=\"2025-04-24T09:31:39+00:00\" \/>\n<meta property=\"og:image\" content=\"https:\/\/www.opuzen.hr\/grad\/wp-content\/uploads\/2025\/04\/OPUZEN-Festival-zudija-2025-29.jpg\" \/>\n\t<meta property=\"og:image:width\" content=\"1036\" \/>\n\t<meta property=\"og:image:height\" content=\"691\" \/>\n\t<meta property=\"og:image:type\" content=\"image\/jpeg\" \/>\n<meta name=\"author\" content=\"Grad Opuzen\" \/>\n<meta name=\"twitter:card\" content=\"summary_large_image\" \/>\n<meta name=\"twitter:label1\" content=\"Napisao\/la\" \/>\n\t<meta name=\"twitter:data1\" content=\"Grad Opuzen\" \/>\n\t<meta name=\"twitter:label2\" content=\"Procijenjeno vrijeme \u010ditanja\" \/>\n\t<meta name=\"twitter:data2\" content=\"1 minuta\" \/>\n<script type=\"application\/ld+json\" class=\"yoast-schema-graph\">{\"@context\":\"https:\/\/schema.org\",\"@graph\":[{\"@type\":\"Article\",\"@id\":\"https:\/\/www.opuzen.hr\/grad\/u-opuzenu-odrzan-24-festival-zudija\/#article\",\"isPartOf\":{\"@id\":\"https:\/\/www.opuzen.hr\/grad\/u-opuzenu-odrzan-24-festival-zudija\/\"},\"author\":{\"name\":\"Grad Opuzen\",\"@id\":\"https:\/\/www.opuzen.hr\/grad\/#\/schema\/person\/0a17a9796898e9409a1fa4ca7448a481\"},\"headline\":\"U OPUZENU ODR\u017dAN 24. FESTIVAL \u017dUDIJA\",\"datePublished\":\"2025-04-22T18:00:44+00:00\",\"dateModified\":\"2025-04-24T09:31:39+00:00\",\"mainEntityOfPage\":{\"@id\":\"https:\/\/www.opuzen.hr\/grad\/u-opuzenu-odrzan-24-festival-zudija\/\"},\"wordCount\":38,\"publisher\":{\"@id\":\"https:\/\/www.opuzen.hr\/grad\/#organization\"},\"image\":{\"@id\":\"https:\/\/www.opuzen.hr\/grad\/u-opuzenu-odrzan-24-festival-zudija\/#primaryimage\"},\"thumbnailUrl\":\"https:\/\/www.opuzen.hr\/grad\/wp-content\/uploads\/2025\/04\/OPUZEN-Festival-zudija-2025-29.jpg\",\"keywords\":[\"24. festival \u017eudija\",\"Festival \u017eudija\"],\"articleSection\":[\"Novosti\"],\"inLanguage\":\"hr\"},{\"@type\":\"WebPage\",\"@id\":\"https:\/\/www.opuzen.hr\/grad\/u-opuzenu-odrzan-24-festival-zudija\/\",\"url\":\"https:\/\/www.opuzen.hr\/grad\/u-opuzenu-odrzan-24-festival-zudija\/\",\"name\":\"U OPUZENU ODR\u017dAN 24. FESTIVAL \u017dUDIJA - Grad Opuzen\",\"isPartOf\":{\"@id\":\"https:\/\/www.opuzen.hr\/grad\/#website\"},\"primaryImageOfPage\":{\"@id\":\"https:\/\/www.opuzen.hr\/grad\/u-opuzenu-odrzan-24-festival-zudija\/#primaryimage\"},\"image\":{\"@id\":\"https:\/\/www.opuzen.hr\/grad\/u-opuzenu-odrzan-24-festival-zudija\/#primaryimage\"},\"thumbnailUrl\":\"https:\/\/www.opuzen.hr\/grad\/wp-content\/uploads\/2025\/04\/OPUZEN-Festival-zudija-2025-29.jpg\",\"datePublished\":\"2025-04-22T18:00:44+00:00\",\"dateModified\":\"2025-04-24T09:31:39+00:00\",\"breadcrumb\":{\"@id\":\"https:\/\/www.opuzen.hr\/grad\/u-opuzenu-odrzan-24-festival-zudija\/#breadcrumb\"},\"inLanguage\":\"hr\",\"potentialAction\":[{\"@type\":\"ReadAction\",\"target\":[\"https:\/\/www.opuzen.hr\/grad\/u-opuzenu-odrzan-24-festival-zudija\/\"]}]},{\"@type\":\"ImageObject\",\"inLanguage\":\"hr\",\"@id\":\"https:\/\/www.opuzen.hr\/grad\/u-opuzenu-odrzan-24-festival-zudija\/#primaryimage\",\"url\":\"https:\/\/www.opuzen.hr\/grad\/wp-content\/uploads\/2025\/04\/OPUZEN-Festival-zudija-2025-29.jpg\",\"contentUrl\":\"https:\/\/www.opuzen.hr\/grad\/wp-content\/uploads\/2025\/04\/OPUZEN-Festival-zudija-2025-29.jpg\",\"width\":1036,\"height\":691},{\"@type\":\"BreadcrumbList\",\"@id\":\"https:\/\/www.opuzen.hr\/grad\/u-opuzenu-odrzan-24-festival-zudija\/#breadcrumb\",\"itemListElement\":[{\"@type\":\"ListItem\",\"position\":1,\"name\":\"Po\u010detna stranica\",\"item\":\"https:\/\/www.opuzen.hr\/grad\/\"},{\"@type\":\"ListItem\",\"position\":2,\"name\":\"U OPUZENU ODR\u017dAN 24. FESTIVAL \u017dUDIJA\"}]},{\"@type\":\"WebSite\",\"@id\":\"https:\/\/www.opuzen.hr\/grad\/#website\",\"url\":\"https:\/\/www.opuzen.hr\/grad\/\",\"name\":\"Grad Opuzen\",\"description\":\"Slu\u017ebene mre\u017ene stranice Grada Opuzena\",\"publisher\":{\"@id\":\"https:\/\/www.opuzen.hr\/grad\/#organization\"},\"potentialAction\":[{\"@type\":\"SearchAction\",\"target\":{\"@type\":\"EntryPoint\",\"urlTemplate\":\"https:\/\/www.opuzen.hr\/grad\/?s={search_term_string}\"},\"query-input\":\"required name=search_term_string\"}],\"inLanguage\":\"hr\"},{\"@type\":\"Organization\",\"@id\":\"https:\/\/www.opuzen.hr\/grad\/#organization\",\"name\":\"Grad Opuzen\",\"url\":\"https:\/\/www.opuzen.hr\/grad\/\",\"logo\":{\"@type\":\"ImageObject\",\"inLanguage\":\"hr\",\"@id\":\"https:\/\/www.opuzen.hr\/grad\/#\/schema\/logo\/image\/\",\"url\":\"https:\/\/www.opuzen.hr\/grad\/wp-content\/uploads\/2018\/02\/logo-opuzen.jpg\",\"contentUrl\":\"https:\/\/www.opuzen.hr\/grad\/wp-content\/uploads\/2018\/02\/logo-opuzen.jpg\",\"width\":400,\"height\":400,\"caption\":\"Grad Opuzen\"},\"image\":{\"@id\":\"https:\/\/www.opuzen.hr\/grad\/#\/schema\/logo\/image\/\"}},{\"@type\":\"Person\",\"@id\":\"https:\/\/www.opuzen.hr\/grad\/#\/schema\/person\/0a17a9796898e9409a1fa4ca7448a481\",\"name\":\"Grad Opuzen\",\"image\":{\"@type\":\"ImageObject\",\"inLanguage\":\"hr\",\"@id\":\"https:\/\/www.opuzen.hr\/grad\/#\/schema\/person\/image\/\",\"url\":\"https:\/\/secure.gravatar.com\/avatar\/0c54089de4fcf14c0fe3355109a3ac05?s=96&d=mm&r=g\",\"contentUrl\":\"https:\/\/secure.gravatar.com\/avatar\/0c54089de4fcf14c0fe3355109a3ac05?s=96&d=mm&r=g\",\"caption\":\"Grad Opuzen\"},\"url\":\"https:\/\/www.opuzen.hr\/grad\/author\/admin\/\"}]}<\/script>\n<!-- \/ Yoast SEO plugin. -->","yoast_head_json":{"title":"U OPUZENU ODR\u017dAN 24. FESTIVAL \u017dUDIJA - Grad Opuzen","robots":{"index":"index","follow":"follow","max-snippet":"max-snippet:-1","max-image-preview":"max-image-preview:large","max-video-preview":"max-video-preview:-1"},"canonical":"https:\/\/www.opuzen.hr\/grad\/u-opuzenu-odrzan-24-festival-zudija\/","og_locale":"hr_HR","og_type":"article","og_title":"U OPUZENU ODR\u017dAN 24. FESTIVAL \u017dUDIJA - Grad Opuzen","og_description":"Na Uskrsni ponedjeljak, 21. travnja 2025. u Opuzenu je odr\u017ean 24. Hrvatski festival \u017eudija. Grad...","og_url":"https:\/\/www.opuzen.hr\/grad\/u-opuzenu-odrzan-24-festival-zudija\/","og_site_name":"Grad Opuzen","article_published_time":"2025-04-22T18:00:44+00:00","article_modified_time":"2025-04-24T09:31:39+00:00","og_image":[{"width":1036,"height":691,"url":"https:\/\/www.opuzen.hr\/grad\/wp-content\/uploads\/2025\/04\/OPUZEN-Festival-zudija-2025-29.jpg","type":"image\/jpeg"}],"author":"Grad Opuzen","twitter_card":"summary_large_image","twitter_misc":{"Napisao\/la":"Grad Opuzen","Procijenjeno vrijeme \u010ditanja":"1 minuta"},"schema":{"@context":"https:\/\/schema.org","@graph":[{"@type":"Article","@id":"https:\/\/www.opuzen.hr\/grad\/u-opuzenu-odrzan-24-festival-zudija\/#article","isPartOf":{"@id":"https:\/\/www.opuzen.hr\/grad\/u-opuzenu-odrzan-24-festival-zudija\/"},"author":{"name":"Grad Opuzen","@id":"https:\/\/www.opuzen.hr\/grad\/#\/schema\/person\/0a17a9796898e9409a1fa4ca7448a481"},"headline":"U OPUZENU ODR\u017dAN 24. FESTIVAL \u017dUDIJA","datePublished":"2025-04-22T18:00:44+00:00","dateModified":"2025-04-24T09:31:39+00:00","mainEntityOfPage":{"@id":"https:\/\/www.opuzen.hr\/grad\/u-opuzenu-odrzan-24-festival-zudija\/"},"wordCount":38,"publisher":{"@id":"https:\/\/www.opuzen.hr\/grad\/#organization"},"image":{"@id":"https:\/\/www.opuzen.hr\/grad\/u-opuzenu-odrzan-24-festival-zudija\/#primaryimage"},"thumbnailUrl":"https:\/\/www.opuzen.hr\/grad\/wp-content\/uploads\/2025\/04\/OPUZEN-Festival-zudija-2025-29.jpg","keywords":["24. festival \u017eudija","Festival \u017eudija"],"articleSection":["Novosti"],"inLanguage":"hr"},{"@type":"WebPage","@id":"https:\/\/www.opuzen.hr\/grad\/u-opuzenu-odrzan-24-festival-zudija\/","url":"https:\/\/www.opuzen.hr\/grad\/u-opuzenu-odrzan-24-festival-zudija\/","name":"U OPUZENU ODR\u017dAN 24. FESTIVAL \u017dUDIJA - Grad Opuzen","isPartOf":{"@id":"https:\/\/www.opuzen.hr\/grad\/#website"},"primaryImageOfPage":{"@id":"https:\/\/www.opuzen.hr\/grad\/u-opuzenu-odrzan-24-festival-zudija\/#primaryimage"},"image":{"@id":"https:\/\/www.opuzen.hr\/grad\/u-opuzenu-odrzan-24-festival-zudija\/#primaryimage"},"thumbnailUrl":"https:\/\/www.opuzen.hr\/grad\/wp-content\/uploads\/2025\/04\/OPUZEN-Festival-zudija-2025-29.jpg","datePublished":"2025-04-22T18:00:44+00:00","dateModified":"2025-04-24T09:31:39+00:00","breadcrumb":{"@id":"https:\/\/www.opuzen.hr\/grad\/u-opuzenu-odrzan-24-festival-zudija\/#breadcrumb"},"inLanguage":"hr","potentialAction":[{"@type":"ReadAction","target":["https:\/\/www.opuzen.hr\/grad\/u-opuzenu-odrzan-24-festival-zudija\/"]}]},{"@type":"ImageObject","inLanguage":"hr","@id":"https:\/\/www.opuzen.hr\/grad\/u-opuzenu-odrzan-24-festival-zudija\/#primaryimage","url":"https:\/\/www.opuzen.hr\/grad\/wp-content\/uploads\/2025\/04\/OPUZEN-Festival-zudija-2025-29.jpg","contentUrl":"https:\/\/www.opuzen.hr\/grad\/wp-content\/uploads\/2025\/04\/OPUZEN-Festival-zudija-2025-29.jpg","width":1036,"height":691},{"@type":"BreadcrumbList","@id":"https:\/\/www.opuzen.hr\/grad\/u-opuzenu-odrzan-24-festival-zudija\/#breadcrumb","itemListElement":[{"@type":"ListItem","position":1,"name":"Po\u010detna stranica","item":"https:\/\/www.opuzen.hr\/grad\/"},{"@type":"ListItem","position":2,"name":"U OPUZENU ODR\u017dAN 24. FESTIVAL \u017dUDIJA"}]},{"@type":"WebSite","@id":"https:\/\/www.opuzen.hr\/grad\/#website","url":"https:\/\/www.opuzen.hr\/grad\/","name":"Grad Opuzen","description":"Slu\u017ebene mre\u017ene stranice Grada Opuzena","publisher":{"@id":"https:\/\/www.opuzen.hr\/grad\/#organization"},"potentialAction":[{"@type":"SearchAction","target":{"@type":"EntryPoint","urlTemplate":"https:\/\/www.opuzen.hr\/grad\/?s={search_term_string}"},"query-input":"required name=search_term_string"}],"inLanguage":"hr"},{"@type":"Organization","@id":"https:\/\/www.opuzen.hr\/grad\/#organization","name":"Grad Opuzen","url":"https:\/\/www.opuzen.hr\/grad\/","logo":{"@type":"ImageObject","inLanguage":"hr","@id":"https:\/\/www.opuzen.hr\/grad\/#\/schema\/logo\/image\/","url":"https:\/\/www.opuzen.hr\/grad\/wp-content\/uploads\/2018\/02\/logo-opuzen.jpg","contentUrl":"https:\/\/www.opuzen.hr\/grad\/wp-content\/uploads\/2018\/02\/logo-opuzen.jpg","width":400,"height":400,"caption":"Grad Opuzen"},"image":{"@id":"https:\/\/www.opuzen.hr\/grad\/#\/schema\/logo\/image\/"}},{"@type":"Person","@id":"https:\/\/www.opuzen.hr\/grad\/#\/schema\/person\/0a17a9796898e9409a1fa4ca7448a481","name":"Grad Opuzen","image":{"@type":"ImageObject","inLanguage":"hr","@id":"https:\/\/www.opuzen.hr\/grad\/#\/schema\/person\/image\/","url":"https:\/\/secure.gravatar.com\/avatar\/0c54089de4fcf14c0fe3355109a3ac05?s=96&d=mm&r=g","contentUrl":"https:\/\/secure.gravatar.com\/avatar\/0c54089de4fcf14c0fe3355109a3ac05?s=96&d=mm&r=g","caption":"Grad Opuzen"},"url":"https:\/\/www.opuzen.hr\/grad\/author\/admin\/"}]}},"_links":{"self":[{"href":"https:\/\/www.opuzen.hr\/grad\/wp-json\/wp\/v2\/posts\/50662"}],"collection":[{"href":"https:\/\/www.opuzen.hr\/grad\/wp-json\/wp\/v2\/posts"}],"about":[{"href":"https:\/\/www.opuzen.hr\/grad\/wp-json\/wp\/v2\/types\/post"}],"author":[{"embeddable":true,"href":"https:\/\/www.opuzen.hr\/grad\/wp-json\/wp\/v2\/users\/3"}],"replies":[{"embeddable":true,"href":"https:\/\/www.opuzen.hr\/grad\/wp-json\/wp\/v2\/comments?post=50662"}],"version-history":[{"count":1,"href":"https:\/\/www.opuzen.hr\/grad\/wp-json\/wp\/v2\/posts\/50662\/revisions"}],"predecessor-version":[{"id":50693,"href":"https:\/\/www.opuzen.hr\/grad\/wp-json\/wp\/v2\/posts\/50662\/revisions\/50693"}],"wp:featuredmedia":[{"embeddable":true,"href":"https:\/\/www.opuzen.hr\/grad\/wp-json\/wp\/v2\/media\/50691"}],"wp:attachment":[{"href":"https:\/\/www.opuzen.hr\/grad\/wp-json\/wp\/v2\/media?parent=50662"}],"wp:term":[{"taxonomy":"category","embeddable":true,"href":"https:\/\/www.opuzen.hr\/grad\/wp-json\/wp\/v2\/categories?post=50662"},{"taxonomy":"post_tag","embeddable":true,"href":"https:\/\/www.opuzen.hr\/grad\/wp-json\/wp\/v2\/tags?post=50662"}],"curies":[{"name":"wp","href":"https:\/\/api.w.org\/{rel}","templated":true}]}}