{"id":51100,"date":"2025-07-22T10:54:43","date_gmt":"2025-07-22T08:54:43","guid":{"rendered":"https:\/\/www.opuzen.hr\/grad\/?p=51100"},"modified":"2025-07-22T10:54:43","modified_gmt":"2025-07-22T08:54:43","slug":"obavijest-vocarima-sredozemna-vocna-muha-ceratitis-capitata","status":"publish","type":"post","link":"https:\/\/www.opuzen.hr\/grad\/obavijest-vocarima-sredozemna-vocna-muha-ceratitis-capitata\/","title":{"rendered":"OBAVIJEST VO\u0106ARIMA \u2013\u00a0 SREDOZEMNA VO\u0106NA MUHA (CERATITIS CAPITATA)\u00a0"},"content":{"rendered":"<p><span data-contrast=\"auto\">Prema dostupnim informacija iz HAPIHA \u2013 CZB (sukladno Akcijskom planu poduzimanja mjera sprje\u010davanja \u0161irenja i suzbijanja Sredozemne vo\u0107ne muhe (<\/span><i><span data-contrast=\"auto\">Ceratitis capitata<\/span><\/i><span data-contrast=\"auto\">) obavje\u0161tavamo poljoprivredne proizvo\u0111a\u010de o <\/span><b><span data-contrast=\"auto\">ranoj<\/span><\/b><span data-contrast=\"auto\"> detekciji prve generacije sredozemne\u00a0 vo\u0107ne muhe u razvojnom stadiju li\u010dinki u plodovima doma\u0107ina (<\/span><b><span data-contrast=\"auto\">breskva, grejp<\/span><\/b><span data-contrast=\"auto\">) na pojedinim lokacijama doline Neretve ( U\u0161\u0107e, Modri\u010d, Vrbovci i Podkraj)<\/span><span data-ccp-props=\"{}\">\u00a0<\/span><\/p>\n<p><span data-contrast=\"auto\">Stoga podsje\u0107amo proizvo\u0111a\u010de doma\u0107ina sredozemne vo\u0107ne muhe na postupanje prema naredbi (NN 79\/2025) o poduzimanju mjera za sprje\u010davanje \u0161irenja i suzbijanja sredozemne vo\u0107ne muhe \u2013 <\/span><i><span data-contrast=\"auto\">Ceratitis capitata<\/span><\/i><span data-contrast=\"auto\"> (Wiedemann).<\/span><span data-ccp-props=\"{}\">\u00a0<\/span><\/p>\n<p><span data-contrast=\"auto\">U nasadima breskve \u010diji plodovi dozrijevaju ovih dana ili traje berba ne preporu\u010dujemo tretiranje kemijskim sredstvima za za\u0161titu bilja, ve\u0107 nakon obavljene berbe poljoprivrednici su <\/span><b><span data-contrast=\"auto\">obvezni:\u00a0<\/span><\/b><span data-ccp-props=\"{}\">\u00a0<\/span><\/p>\n<ul>\n<li aria-setsize=\"-1\" data-leveltext=\"\uf0a7\" data-font=\"Wingdings\" data-listid=\"1\" data-list-defn-props=\"{&quot;335552541&quot;:1,&quot;335559685&quot;:720,&quot;335559991&quot;:360,&quot;469769226&quot;:&quot;Wingdings&quot;,&quot;469769242&quot;:[9642],&quot;469777803&quot;:&quot;left&quot;,&quot;469777804&quot;:&quot;\uf0a7&quot;,&quot;469777815&quot;:&quot;multilevel&quot;}\" data-aria-posinset=\"1\" data-aria-level=\"1\"><span data-contrast=\"none\">provoditi higijenske mjere prikupljanja i zbrinjavanja svih otpalih plodova s tla, odnosno provoditi mjere prikupljanja zara\u017eenih, o\u0161te\u0107enih, trulih i odba\u010denih plodova s biljaka doma\u0107ina sredozemne vo\u0107ne muhe tijekom berbe, a najkasnije u roku od <\/span><b><span data-contrast=\"none\">72 sata nakon<\/span><\/b><span data-contrast=\"none\"> berbe, otkupa, sortiranja, pakiranja ili prikupljanja u skladi\u0161tu te ih zbrinjavati na jedan od sljede\u0107ih na\u010dina kojim \u0107e se u\u010dinkovito uni\u0161titi li\u010dinke sredozemne vo\u0107ne muhe.<\/span><span data-ccp-props=\"{&quot;134233117&quot;:true,&quot;134233118&quot;:true,&quot;201341983&quot;:0,&quot;335557856&quot;:16777215,&quot;335559740&quot;:276}\">\u00a0<\/span><\/li>\n<\/ul>\n<ul>\n<li aria-setsize=\"-1\" data-leveltext=\"\uf0a7\" data-font=\"Wingdings\" data-listid=\"1\" data-list-defn-props=\"{&quot;335552541&quot;:1,&quot;335559685&quot;:720,&quot;335559991&quot;:360,&quot;469769226&quot;:&quot;Wingdings&quot;,&quot;469769242&quot;:[9642],&quot;469777803&quot;:&quot;left&quot;,&quot;469777804&quot;:&quot;\uf0a7&quot;,&quot;469777815&quot;:&quot;multilevel&quot;}\" data-aria-posinset=\"2\" data-aria-level=\"1\"><span data-contrast=\"none\">prikupljanjem plodova s biljaka doma\u0107ina sredozemne vo\u0107ne muhe, zakopavanjem te pokrivanjem slojem zemlje debljine minimalno 30 centimetara<\/span><span data-ccp-props=\"{&quot;134233117&quot;:true,&quot;134233118&quot;:true,&quot;201341983&quot;:0,&quot;335557856&quot;:16777215,&quot;335559740&quot;:276}\">\u00a0<\/span><\/li>\n<\/ul>\n<ul>\n<li aria-setsize=\"-1\" data-leveltext=\"\uf0a7\" data-font=\"Wingdings\" data-listid=\"1\" data-list-defn-props=\"{&quot;335552541&quot;:1,&quot;335559685&quot;:720,&quot;335559991&quot;:360,&quot;469769226&quot;:&quot;Wingdings&quot;,&quot;469769242&quot;:[9642],&quot;469777803&quot;:&quot;left&quot;,&quot;469777804&quot;:&quot;\uf0a7&quot;,&quot;469777815&quot;:&quot;multilevel&quot;}\" data-aria-posinset=\"3\" data-aria-level=\"1\"><span data-contrast=\"none\">prikupljanjem plodova s biljaka doma\u0107ina sredozemne vo\u0107ne muhe i dr\u017eanjem u hladnja\u010dama na temperaturi od minimalno 0 \u00b0C najmanje 10 dana<\/span><span data-ccp-props=\"{&quot;134233117&quot;:true,&quot;134233118&quot;:true,&quot;201341983&quot;:0,&quot;335557856&quot;:16777215,&quot;335559740&quot;:276}\">\u00a0<\/span><\/li>\n<\/ul>\n<ul>\n<li aria-setsize=\"-1\" data-leveltext=\"\uf0a7\" data-font=\"Wingdings\" data-listid=\"1\" data-list-defn-props=\"{&quot;335552541&quot;:1,&quot;335559685&quot;:720,&quot;335559991&quot;:360,&quot;469769226&quot;:&quot;Wingdings&quot;,&quot;469769242&quot;:[9642],&quot;469777803&quot;:&quot;left&quot;,&quot;469777804&quot;:&quot;\uf0a7&quot;,&quot;469777815&quot;:&quot;multilevel&quot;}\" data-aria-posinset=\"4\" data-aria-level=\"1\"><span data-contrast=\"none\">prikupljanjem plodova s biljaka doma\u0107ina sredozemne vo\u0107ne muhe u plasti\u010dne vre\u0107e i \u010duvanjem u zatvorenim vre\u0107ama na otvorenom najmanje 10 dana<\/span><span data-ccp-props=\"{&quot;134233117&quot;:true,&quot;134233118&quot;:true,&quot;201341983&quot;:0,&quot;335557856&quot;:16777215,&quot;335559740&quot;:276}\">\u00a0<\/span><\/li>\n<\/ul>\n<ul>\n<li aria-setsize=\"-1\" data-leveltext=\"\uf0a7\" data-font=\"Wingdings\" data-listid=\"1\" data-list-defn-props=\"{&quot;335552541&quot;:1,&quot;335559685&quot;:720,&quot;335559991&quot;:360,&quot;469769226&quot;:&quot;Wingdings&quot;,&quot;469769242&quot;:[9642],&quot;469777803&quot;:&quot;left&quot;,&quot;469777804&quot;:&quot;\uf0a7&quot;,&quot;469777815&quot;:&quot;multilevel&quot;}\" data-aria-posinset=\"5\" data-aria-level=\"1\"><span data-contrast=\"none\">na mjestima uzgoja biljaka doma\u0107ina sredozemne vo\u0107ne muhe provoditi mjere mehani\u010dkog usitnjavanja (<\/span><b><span data-contrast=\"none\">mal\u010diranja<\/span><\/b><span data-contrast=\"none\">) otpalih plodova s biljaka doma\u0107ina sredozemne vo\u0107ne muhe s tla.<\/span><\/li>\n<\/ul>\n<p>&nbsp;<\/p>\n<p><span data-contrast=\"auto\">A u nasadima breskve sa sortama <\/span><b><span data-contrast=\"auto\">kasnije <\/span><\/b><span data-contrast=\"auto\">epohe dozrijevanja mogu\u0107a je primjena kemijskih pripravaka uz obavezno pridr\u017eavanje propisane karence. Prema definiciji karenca je propisano najkra\u0107e razdoblje izra\u017eeno brojem dana koji mora pro\u0107i od primjene sredstava za za\u0161titu bilja do berbe.\u00a0<\/span><span data-ccp-props=\"{}\">\u00a0<\/span><span data-ccp-props=\"{}\">\u00a0<\/span><\/p>\n<p><span data-contrast=\"auto\">U tablici su prikazani dozvoljeni pripravci prema FISU za suzbijanje sredozemne vo\u0107ne muhe u nasadima breskve:\u00a0<\/span><span data-ccp-props=\"{}\">\u00a0<\/span><\/p>\n<table data-tablestyle=\"Custom\" data-tablelook=\"0\" aria-rowcount=\"8\">\n<tbody>\n<tr aria-rowindex=\"1\">\n<td colspan=\"4\" data-celllook=\"65536\"><span data-ccp-props=\"{&quot;201341983&quot;:0,&quot;335559740&quot;:259}\">\u00a0<\/span><\/p>\n<p><b><span data-contrast=\"auto\">Pripravci dozvoljeni za suzbijanje mediteranske vo\u0107ne muhe u nasadima breskve na dan 21.7.2025. sukladno FISU<\/span><\/b><span data-ccp-props=\"{&quot;201341983&quot;:0,&quot;335557856&quot;:16777215,&quot;335559740&quot;:259}\">\u00a0<\/span><\/p>\n<p><span data-ccp-props=\"{&quot;201341983&quot;:0,&quot;335557856&quot;:16777215,&quot;335559740&quot;:259}\">\u00a0<\/span><\/p>\n<p><b><span data-contrast=\"auto\">https:\/\/fis.mps.hr\/fis\/javna-trazilica-szb\/<\/span><\/b><span data-ccp-props=\"{&quot;201341983&quot;:0,&quot;335557856&quot;:16777215,&quot;335559740&quot;:259}\">\u00a0<\/span><\/p>\n<p><span data-ccp-props=\"{&quot;201341983&quot;:0,&quot;335559740&quot;:259}\">\u00a0<\/span><\/td>\n<\/tr>\n<tr aria-rowindex=\"2\">\n<td data-celllook=\"65536\"><b><span data-contrast=\"auto\">Pripravak<\/span><\/b><span data-ccp-props=\"{&quot;201341983&quot;:0,&quot;335559740&quot;:259}\">\u00a0<\/span><\/p>\n<p><span data-ccp-props=\"{&quot;201341983&quot;:0,&quot;335559740&quot;:259}\">\u00a0<\/span><\/td>\n<td data-celllook=\"65536\"><b><span data-contrast=\"auto\">Aktivna tvar<\/span><\/b><span data-ccp-props=\"{&quot;201341983&quot;:0,&quot;335559740&quot;:259}\">\u00a0<\/span><\/td>\n<td data-celllook=\"65536\"><b><span data-contrast=\"auto\">karenca<\/span><\/b><span data-ccp-props=\"{&quot;201341983&quot;:0,&quot;335559740&quot;:259}\">\u00a0<\/span><\/td>\n<td data-celllook=\"65536\"><b><span data-contrast=\"auto\">Broj tretiranja<\/span><\/b><span data-ccp-props=\"{&quot;201341983&quot;:0,&quot;335559740&quot;:259}\">\u00a0<\/span><\/td>\n<\/tr>\n<tr aria-rowindex=\"3\">\n<td data-celllook=\"0\"><span data-contrast=\"auto\">ESTERELA<\/span><span data-ccp-props=\"{&quot;201341983&quot;:0,&quot;335559740&quot;:259}\">\u00a0<\/span><\/td>\n<td data-celllook=\"65536\"><span data-ccp-props=\"{&quot;201341983&quot;:0,&quot;335559740&quot;:259}\">\u00a0<\/span><\/p>\n<p><span data-contrast=\"auto\">Lambda-cihalotrin<\/span><span data-ccp-props=\"{&quot;201341983&quot;:0,&quot;335559740&quot;:259}\">\u00a0<\/span><\/td>\n<td data-celllook=\"0\"><span data-ccp-props=\"{&quot;201341983&quot;:0,&quot;335559740&quot;:259}\">\u00a0<\/span><\/p>\n<p><span data-contrast=\"auto\">7 dana<\/span><span data-ccp-props=\"{&quot;201341983&quot;:0,&quot;335559740&quot;:259}\">\u00a0<\/span><\/td>\n<td data-celllook=\"0\"><span data-contrast=\"auto\">Dozvoljene najvi\u0161e 2 primjene tijekom vegetacije<\/span><span data-ccp-props=\"{&quot;201341983&quot;:0,&quot;335559740&quot;:259}\">\u00a0<\/span><\/td>\n<\/tr>\n<tr aria-rowindex=\"4\">\n<td data-celllook=\"0\"><span data-contrast=\"auto\">DECIS 100<\/span><span data-ccp-props=\"{&quot;201341983&quot;:0,&quot;335559740&quot;:259}\">\u00a0<\/span><\/td>\n<td data-celllook=\"65536\"><span data-ccp-props=\"{&quot;201341983&quot;:0,&quot;335559740&quot;:259}\">\u00a0<\/span><\/p>\n<p><span data-contrast=\"auto\">Deltametrin<\/span><span data-ccp-props=\"{&quot;201341983&quot;:0,&quot;335559740&quot;:259}\">\u00a0<\/span><\/td>\n<td data-celllook=\"0\"><span data-ccp-props=\"{&quot;201341983&quot;:0,&quot;335559740&quot;:259}\">\u00a0<\/span><\/p>\n<p><span data-contrast=\"auto\">7 dana<\/span><span data-ccp-props=\"{&quot;201341983&quot;:0,&quot;335559740&quot;:259}\">\u00a0<\/span><\/td>\n<td data-celllook=\"0\"><span data-contrast=\"auto\">Dozvoljena je 1 primjena tijekom vegetacije<\/span><span data-ccp-props=\"{&quot;201341983&quot;:0,&quot;335559740&quot;:259}\">\u00a0<\/span><\/td>\n<\/tr>\n<tr aria-rowindex=\"5\">\n<td data-celllook=\"0\"><span data-contrast=\"auto\">ASCOT<\/span><span data-ccp-props=\"{&quot;201341983&quot;:0,&quot;335559740&quot;:259}\">\u00a0<\/span><\/td>\n<td data-celllook=\"65536\"><span data-ccp-props=\"{&quot;201341983&quot;:0,&quot;335559740&quot;:259}\">\u00a0<\/span><\/p>\n<p><span data-contrast=\"auto\">Lambda-cihalotrin<\/span><span data-ccp-props=\"{&quot;201341983&quot;:0,&quot;335559740&quot;:259}\">\u00a0<\/span><\/td>\n<td data-celllook=\"0\"><span data-ccp-props=\"{&quot;201341983&quot;:0,&quot;335559740&quot;:259}\">\u00a0<\/span><\/p>\n<p><span data-contrast=\"auto\">7 dana<\/span><span data-ccp-props=\"{&quot;201341983&quot;:0,&quot;335559740&quot;:259}\">\u00a0<\/span><\/td>\n<td data-celllook=\"0\"><span data-contrast=\"auto\">Dozvoljene su najvi\u0161e dvije primjene tijekom vegetacije u razmaku od najmanje 15 dana<\/span><span data-contrast=\"auto\">.<\/span><span data-ccp-props=\"{&quot;201341983&quot;:0,&quot;335559740&quot;:259}\">\u00a0<\/span><\/td>\n<\/tr>\n<tr aria-rowindex=\"6\">\n<td data-celllook=\"0\"><span data-ccp-props=\"{&quot;201341983&quot;:0,&quot;335559740&quot;:259}\">\u00a0<\/span><\/p>\n<p><span data-contrast=\"auto\">SCATO<\/span><span data-ccp-props=\"{&quot;201341983&quot;:0,&quot;335559740&quot;:259}\">\u00a0<\/span><\/td>\n<td data-celllook=\"65536\"><span data-ccp-props=\"{&quot;201341983&quot;:0,&quot;335559740&quot;:259}\">\u00a0<\/span><\/p>\n<p><span data-contrast=\"auto\">Deltametrin<\/span><span data-ccp-props=\"{&quot;201341983&quot;:0,&quot;335559740&quot;:259}\">\u00a0<\/span><\/td>\n<td data-celllook=\"0\"><span data-ccp-props=\"{&quot;201341983&quot;:0,&quot;335559740&quot;:259}\">\u00a0<\/span><\/p>\n<p><span data-contrast=\"auto\">7 dana<\/span><span data-ccp-props=\"{&quot;201341983&quot;:0,&quot;335559740&quot;:259}\">\u00a0<\/span><\/td>\n<td data-celllook=\"0\"><span data-contrast=\"auto\">Dozvoljena je maksimalno jedna primjena tijekom vegetacije<\/span><span data-contrast=\"auto\">.<\/span><span data-ccp-props=\"{&quot;201341983&quot;:0,&quot;335559740&quot;:259}\">\u00a0<\/span><\/td>\n<\/tr>\n<tr aria-rowindex=\"7\">\n<td data-celllook=\"0\"><span data-contrast=\"auto\">ROTOR SUPER<\/span><span data-ccp-props=\"{&quot;201341983&quot;:0,&quot;335559740&quot;:259}\">\u00a0<\/span><\/p>\n<p><span data-ccp-props=\"{&quot;201341983&quot;:0,&quot;335559740&quot;:259}\">\u00a0<\/span><\/td>\n<td data-celllook=\"0\"><span data-ccp-props=\"{&quot;201341983&quot;:0,&quot;335559740&quot;:259}\">\u00a0<\/span><\/p>\n<p><span data-contrast=\"auto\">Deltametrin<\/span><span data-ccp-props=\"{&quot;201341983&quot;:0,&quot;335559740&quot;:259}\">\u00a0<\/span><\/td>\n<td data-celllook=\"0\"><span data-ccp-props=\"{&quot;201341983&quot;:0,&quot;335559740&quot;:259}\">\u00a0<\/span><\/p>\n<p><span data-contrast=\"auto\">7 dana<\/span><span data-ccp-props=\"{&quot;201341983&quot;:0,&quot;335559740&quot;:259}\">\u00a0<\/span><\/td>\n<td data-celllook=\"0\"><span data-ccp-props=\"{&quot;201341983&quot;:0,&quot;335559740&quot;:259}\">\u00a0<\/span><\/p>\n<p><span data-contrast=\"auto\">Maksimalni broj tretiranja u sezoni:\u202f1<\/span><span data-ccp-props=\"{&quot;201341983&quot;:0,&quot;335559740&quot;:259}\">\u00a0<\/span><\/td>\n<\/tr>\n<tr aria-rowindex=\"8\">\n<td data-celllook=\"0\"><span data-ccp-props=\"{&quot;201341983&quot;:0,&quot;335559740&quot;:259}\">\u00a0<\/span><\/p>\n<p><span data-contrast=\"auto\">DELTAGRI<\/span><span data-ccp-props=\"{&quot;201341983&quot;:0,&quot;335559740&quot;:259}\">\u00a0<\/span><\/td>\n<td data-celllook=\"65536\"><span data-ccp-props=\"{&quot;201341983&quot;:0,&quot;335559740&quot;:259}\">\u00a0<\/span><\/p>\n<p><span data-contrast=\"auto\">Deltametrin<\/span><span data-ccp-props=\"{&quot;201341983&quot;:0,&quot;335559740&quot;:259}\">\u00a0<\/span><\/td>\n<td data-celllook=\"0\"><span data-contrast=\"auto\">\u00a0<\/span><span data-ccp-props=\"{&quot;201341983&quot;:0,&quot;335559740&quot;:259}\">\u00a0<\/span><\/p>\n<p><span data-contrast=\"auto\">7 dana<\/span><span data-ccp-props=\"{&quot;201341983&quot;:0,&quot;335559740&quot;:259}\">\u00a0<\/span><\/td>\n<td data-celllook=\"0\"><span data-ccp-props=\"{&quot;201341983&quot;:0,&quot;335559740&quot;:259}\">\u00a0<\/span><\/p>\n<p><span data-contrast=\"auto\">Maksimalni broj<\/span><span data-contrast=\"auto\"> tretiranja u sezoni:<\/span><span data-contrast=\"auto\">\u202f1<\/span><span data-ccp-props=\"{&quot;201341983&quot;:0,&quot;335559740&quot;:259}\">\u00a0<\/span><\/td>\n<\/tr>\n<\/tbody>\n<\/table>\n<p><span data-ccp-props=\"{}\">\u00a0<\/span><\/p>\n<p><span data-contrast=\"auto\">Registrirani i dozvoljeni pripravci za suzbijanje sredozemne vo\u0107ne muhe u nasadima grejpa dostupni su putem internetske tra\u017eilice na sljede\u0107oj adresi: <\/span><a href=\"https:\/\/fis.mps.hr\/fis\/javna-trazilica-szb\/\"><span data-contrast=\"none\">https:\/\/fis.mps.hr\/fis\/javna-trazilica-szb\/<\/span><\/a><span data-ccp-props=\"{}\">\u00a0<\/span><\/p>\n<p>&nbsp;<\/p>\n<p><b><span data-contrast=\"auto\">Ministarstvo poljoprivrede, \u0161umarstva i ribarstva<\/span><\/b><span data-ccp-props=\"{}\">\u00a0<\/span><\/p>\n<p><b><span data-contrast=\"auto\">Uprava za stru\u010dnu podr\u0161ku razvoju poljoprivrede<\/span><\/b><span data-ccp-props=\"{}\">\u00a0<\/span><\/p>\n","protected":false},"excerpt":{"rendered":"<p>Prema dostupnim informacija iz HAPIHA \u2013 CZB (sukladno Akcijskom planu poduzimanja mjera sprje\u010davanja \u0161irenja i&#8230;<\/p>\n","protected":false},"author":3,"featured_media":74,"comment_status":"closed","ping_status":"closed","sticky":false,"template":"","format":"standard","meta":{"footnotes":""},"categories":[4],"tags":[5,461],"class_list":["post-51100","post","type-post","status-publish","format-standard","has-post-thumbnail","hentry","category-novosti","tag-obavijesti","tag-vocke","wpcat-4-id"],"yoast_head":"<!-- This site is optimized with the Yoast SEO plugin v23.1 - https:\/\/yoast.com\/wordpress\/plugins\/seo\/ -->\n<title>OBAVIJEST VO\u0106ARIMA \u2013\u00a0 SREDOZEMNA VO\u0106NA MUHA (CERATITIS CAPITATA)\u00a0 - Grad Opuzen<\/title>\n<meta name=\"robots\" content=\"index, follow, max-snippet:-1, max-image-preview:large, max-video-preview:-1\" \/>\n<link rel=\"canonical\" href=\"https:\/\/www.opuzen.hr\/grad\/obavijest-vocarima-sredozemna-vocna-muha-ceratitis-capitata\/\" \/>\n<meta property=\"og:locale\" content=\"hr_HR\" \/>\n<meta property=\"og:type\" content=\"article\" \/>\n<meta property=\"og:title\" content=\"OBAVIJEST VO\u0106ARIMA \u2013\u00a0 SREDOZEMNA VO\u0106NA MUHA (CERATITIS CAPITATA)\u00a0 - Grad Opuzen\" \/>\n<meta property=\"og:description\" content=\"Prema dostupnim informacija iz HAPIHA \u2013 CZB (sukladno Akcijskom planu poduzimanja mjera sprje\u010davanja \u0161irenja i...\" \/>\n<meta property=\"og:url\" content=\"https:\/\/www.opuzen.hr\/grad\/obavijest-vocarima-sredozemna-vocna-muha-ceratitis-capitata\/\" \/>\n<meta property=\"og:site_name\" content=\"Grad Opuzen\" \/>\n<meta property=\"article:published_time\" content=\"2025-07-22T08:54:43+00:00\" \/>\n<meta property=\"og:image\" content=\"https:\/\/www.opuzen.hr\/grad\/wp-content\/uploads\/2018\/02\/obavijest-vocarima-e1519552788133.jpeg\" \/>\n\t<meta property=\"og:image:width\" content=\"800\" \/>\n\t<meta property=\"og:image:height\" content=\"496\" \/>\n\t<meta property=\"og:image:type\" content=\"image\/jpeg\" \/>\n<meta name=\"author\" content=\"Grad Opuzen\" \/>\n<meta name=\"twitter:card\" content=\"summary_large_image\" \/>\n<meta name=\"twitter:label1\" content=\"Napisao\/la\" \/>\n\t<meta name=\"twitter:data1\" content=\"Grad Opuzen\" \/>\n\t<meta name=\"twitter:label2\" content=\"Procijenjeno vrijeme \u010ditanja\" \/>\n\t<meta name=\"twitter:data2\" content=\"3 minute\" \/>\n<script type=\"application\/ld+json\" class=\"yoast-schema-graph\">{\"@context\":\"https:\/\/schema.org\",\"@graph\":[{\"@type\":\"Article\",\"@id\":\"https:\/\/www.opuzen.hr\/grad\/obavijest-vocarima-sredozemna-vocna-muha-ceratitis-capitata\/#article\",\"isPartOf\":{\"@id\":\"https:\/\/www.opuzen.hr\/grad\/obavijest-vocarima-sredozemna-vocna-muha-ceratitis-capitata\/\"},\"author\":{\"name\":\"Grad Opuzen\",\"@id\":\"https:\/\/www.opuzen.hr\/grad\/#\/schema\/person\/0a17a9796898e9409a1fa4ca7448a481\"},\"headline\":\"OBAVIJEST VO\u0106ARIMA \u2013\u00a0 SREDOZEMNA VO\u0106NA MUHA (CERATITIS CAPITATA)\u00a0\",\"datePublished\":\"2025-07-22T08:54:43+00:00\",\"dateModified\":\"2025-07-22T08:54:43+00:00\",\"mainEntityOfPage\":{\"@id\":\"https:\/\/www.opuzen.hr\/grad\/obavijest-vocarima-sredozemna-vocna-muha-ceratitis-capitata\/\"},\"wordCount\":492,\"publisher\":{\"@id\":\"https:\/\/www.opuzen.hr\/grad\/#organization\"},\"image\":{\"@id\":\"https:\/\/www.opuzen.hr\/grad\/obavijest-vocarima-sredozemna-vocna-muha-ceratitis-capitata\/#primaryimage\"},\"thumbnailUrl\":\"https:\/\/www.opuzen.hr\/grad\/wp-content\/uploads\/2018\/02\/obavijest-vocarima-e1519552788133.jpeg\",\"keywords\":[\"Obavijesti\",\"Vo\u0107ke\"],\"articleSection\":[\"Novosti\"],\"inLanguage\":\"hr\"},{\"@type\":\"WebPage\",\"@id\":\"https:\/\/www.opuzen.hr\/grad\/obavijest-vocarima-sredozemna-vocna-muha-ceratitis-capitata\/\",\"url\":\"https:\/\/www.opuzen.hr\/grad\/obavijest-vocarima-sredozemna-vocna-muha-ceratitis-capitata\/\",\"name\":\"OBAVIJEST VO\u0106ARIMA \u2013\u00a0 SREDOZEMNA VO\u0106NA MUHA (CERATITIS CAPITATA)\u00a0 - Grad Opuzen\",\"isPartOf\":{\"@id\":\"https:\/\/www.opuzen.hr\/grad\/#website\"},\"primaryImageOfPage\":{\"@id\":\"https:\/\/www.opuzen.hr\/grad\/obavijest-vocarima-sredozemna-vocna-muha-ceratitis-capitata\/#primaryimage\"},\"image\":{\"@id\":\"https:\/\/www.opuzen.hr\/grad\/obavijest-vocarima-sredozemna-vocna-muha-ceratitis-capitata\/#primaryimage\"},\"thumbnailUrl\":\"https:\/\/www.opuzen.hr\/grad\/wp-content\/uploads\/2018\/02\/obavijest-vocarima-e1519552788133.jpeg\",\"datePublished\":\"2025-07-22T08:54:43+00:00\",\"dateModified\":\"2025-07-22T08:54:43+00:00\",\"breadcrumb\":{\"@id\":\"https:\/\/www.opuzen.hr\/grad\/obavijest-vocarima-sredozemna-vocna-muha-ceratitis-capitata\/#breadcrumb\"},\"inLanguage\":\"hr\",\"potentialAction\":[{\"@type\":\"ReadAction\",\"target\":[\"https:\/\/www.opuzen.hr\/grad\/obavijest-vocarima-sredozemna-vocna-muha-ceratitis-capitata\/\"]}]},{\"@type\":\"ImageObject\",\"inLanguage\":\"hr\",\"@id\":\"https:\/\/www.opuzen.hr\/grad\/obavijest-vocarima-sredozemna-vocna-muha-ceratitis-capitata\/#primaryimage\",\"url\":\"https:\/\/www.opuzen.hr\/grad\/wp-content\/uploads\/2018\/02\/obavijest-vocarima-e1519552788133.jpeg\",\"contentUrl\":\"https:\/\/www.opuzen.hr\/grad\/wp-content\/uploads\/2018\/02\/obavijest-vocarima-e1519552788133.jpeg\",\"width\":800,\"height\":496},{\"@type\":\"BreadcrumbList\",\"@id\":\"https:\/\/www.opuzen.hr\/grad\/obavijest-vocarima-sredozemna-vocna-muha-ceratitis-capitata\/#breadcrumb\",\"itemListElement\":[{\"@type\":\"ListItem\",\"position\":1,\"name\":\"Po\u010detna stranica\",\"item\":\"https:\/\/www.opuzen.hr\/grad\/\"},{\"@type\":\"ListItem\",\"position\":2,\"name\":\"OBAVIJEST VO\u0106ARIMA \u2013\u00a0 SREDOZEMNA VO\u0106NA MUHA (CERATITIS CAPITATA)\u00a0\"}]},{\"@type\":\"WebSite\",\"@id\":\"https:\/\/www.opuzen.hr\/grad\/#website\",\"url\":\"https:\/\/www.opuzen.hr\/grad\/\",\"name\":\"Grad Opuzen\",\"description\":\"Slu\u017ebene mre\u017ene stranice Grada Opuzena\",\"publisher\":{\"@id\":\"https:\/\/www.opuzen.hr\/grad\/#organization\"},\"potentialAction\":[{\"@type\":\"SearchAction\",\"target\":{\"@type\":\"EntryPoint\",\"urlTemplate\":\"https:\/\/www.opuzen.hr\/grad\/?s={search_term_string}\"},\"query-input\":\"required name=search_term_string\"}],\"inLanguage\":\"hr\"},{\"@type\":\"Organization\",\"@id\":\"https:\/\/www.opuzen.hr\/grad\/#organization\",\"name\":\"Grad Opuzen\",\"url\":\"https:\/\/www.opuzen.hr\/grad\/\",\"logo\":{\"@type\":\"ImageObject\",\"inLanguage\":\"hr\",\"@id\":\"https:\/\/www.opuzen.hr\/grad\/#\/schema\/logo\/image\/\",\"url\":\"https:\/\/www.opuzen.hr\/grad\/wp-content\/uploads\/2018\/02\/logo-opuzen.jpg\",\"contentUrl\":\"https:\/\/www.opuzen.hr\/grad\/wp-content\/uploads\/2018\/02\/logo-opuzen.jpg\",\"width\":400,\"height\":400,\"caption\":\"Grad Opuzen\"},\"image\":{\"@id\":\"https:\/\/www.opuzen.hr\/grad\/#\/schema\/logo\/image\/\"}},{\"@type\":\"Person\",\"@id\":\"https:\/\/www.opuzen.hr\/grad\/#\/schema\/person\/0a17a9796898e9409a1fa4ca7448a481\",\"name\":\"Grad Opuzen\",\"image\":{\"@type\":\"ImageObject\",\"inLanguage\":\"hr\",\"@id\":\"https:\/\/www.opuzen.hr\/grad\/#\/schema\/person\/image\/\",\"url\":\"https:\/\/secure.gravatar.com\/avatar\/0c54089de4fcf14c0fe3355109a3ac05?s=96&d=mm&r=g\",\"contentUrl\":\"https:\/\/secure.gravatar.com\/avatar\/0c54089de4fcf14c0fe3355109a3ac05?s=96&d=mm&r=g\",\"caption\":\"Grad Opuzen\"},\"url\":\"https:\/\/www.opuzen.hr\/grad\/author\/admin\/\"}]}<\/script>\n<!-- \/ Yoast SEO plugin. -->","yoast_head_json":{"title":"OBAVIJEST VO\u0106ARIMA \u2013\u00a0 SREDOZEMNA VO\u0106NA MUHA (CERATITIS CAPITATA)\u00a0 - Grad Opuzen","robots":{"index":"index","follow":"follow","max-snippet":"max-snippet:-1","max-image-preview":"max-image-preview:large","max-video-preview":"max-video-preview:-1"},"canonical":"https:\/\/www.opuzen.hr\/grad\/obavijest-vocarima-sredozemna-vocna-muha-ceratitis-capitata\/","og_locale":"hr_HR","og_type":"article","og_title":"OBAVIJEST VO\u0106ARIMA \u2013\u00a0 SREDOZEMNA VO\u0106NA MUHA (CERATITIS CAPITATA)\u00a0 - Grad Opuzen","og_description":"Prema dostupnim informacija iz HAPIHA \u2013 CZB (sukladno Akcijskom planu poduzimanja mjera sprje\u010davanja \u0161irenja i...","og_url":"https:\/\/www.opuzen.hr\/grad\/obavijest-vocarima-sredozemna-vocna-muha-ceratitis-capitata\/","og_site_name":"Grad Opuzen","article_published_time":"2025-07-22T08:54:43+00:00","og_image":[{"width":800,"height":496,"url":"https:\/\/www.opuzen.hr\/grad\/wp-content\/uploads\/2018\/02\/obavijest-vocarima-e1519552788133.jpeg","type":"image\/jpeg"}],"author":"Grad Opuzen","twitter_card":"summary_large_image","twitter_misc":{"Napisao\/la":"Grad Opuzen","Procijenjeno vrijeme \u010ditanja":"3 minute"},"schema":{"@context":"https:\/\/schema.org","@graph":[{"@type":"Article","@id":"https:\/\/www.opuzen.hr\/grad\/obavijest-vocarima-sredozemna-vocna-muha-ceratitis-capitata\/#article","isPartOf":{"@id":"https:\/\/www.opuzen.hr\/grad\/obavijest-vocarima-sredozemna-vocna-muha-ceratitis-capitata\/"},"author":{"name":"Grad Opuzen","@id":"https:\/\/www.opuzen.hr\/grad\/#\/schema\/person\/0a17a9796898e9409a1fa4ca7448a481"},"headline":"OBAVIJEST VO\u0106ARIMA \u2013\u00a0 SREDOZEMNA VO\u0106NA MUHA (CERATITIS CAPITATA)\u00a0","datePublished":"2025-07-22T08:54:43+00:00","dateModified":"2025-07-22T08:54:43+00:00","mainEntityOfPage":{"@id":"https:\/\/www.opuzen.hr\/grad\/obavijest-vocarima-sredozemna-vocna-muha-ceratitis-capitata\/"},"wordCount":492,"publisher":{"@id":"https:\/\/www.opuzen.hr\/grad\/#organization"},"image":{"@id":"https:\/\/www.opuzen.hr\/grad\/obavijest-vocarima-sredozemna-vocna-muha-ceratitis-capitata\/#primaryimage"},"thumbnailUrl":"https:\/\/www.opuzen.hr\/grad\/wp-content\/uploads\/2018\/02\/obavijest-vocarima-e1519552788133.jpeg","keywords":["Obavijesti","Vo\u0107ke"],"articleSection":["Novosti"],"inLanguage":"hr"},{"@type":"WebPage","@id":"https:\/\/www.opuzen.hr\/grad\/obavijest-vocarima-sredozemna-vocna-muha-ceratitis-capitata\/","url":"https:\/\/www.opuzen.hr\/grad\/obavijest-vocarima-sredozemna-vocna-muha-ceratitis-capitata\/","name":"OBAVIJEST VO\u0106ARIMA \u2013\u00a0 SREDOZEMNA VO\u0106NA MUHA (CERATITIS CAPITATA)\u00a0 - Grad Opuzen","isPartOf":{"@id":"https:\/\/www.opuzen.hr\/grad\/#website"},"primaryImageOfPage":{"@id":"https:\/\/www.opuzen.hr\/grad\/obavijest-vocarima-sredozemna-vocna-muha-ceratitis-capitata\/#primaryimage"},"image":{"@id":"https:\/\/www.opuzen.hr\/grad\/obavijest-vocarima-sredozemna-vocna-muha-ceratitis-capitata\/#primaryimage"},"thumbnailUrl":"https:\/\/www.opuzen.hr\/grad\/wp-content\/uploads\/2018\/02\/obavijest-vocarima-e1519552788133.jpeg","datePublished":"2025-07-22T08:54:43+00:00","dateModified":"2025-07-22T08:54:43+00:00","breadcrumb":{"@id":"https:\/\/www.opuzen.hr\/grad\/obavijest-vocarima-sredozemna-vocna-muha-ceratitis-capitata\/#breadcrumb"},"inLanguage":"hr","potentialAction":[{"@type":"ReadAction","target":["https:\/\/www.opuzen.hr\/grad\/obavijest-vocarima-sredozemna-vocna-muha-ceratitis-capitata\/"]}]},{"@type":"ImageObject","inLanguage":"hr","@id":"https:\/\/www.opuzen.hr\/grad\/obavijest-vocarima-sredozemna-vocna-muha-ceratitis-capitata\/#primaryimage","url":"https:\/\/www.opuzen.hr\/grad\/wp-content\/uploads\/2018\/02\/obavijest-vocarima-e1519552788133.jpeg","contentUrl":"https:\/\/www.opuzen.hr\/grad\/wp-content\/uploads\/2018\/02\/obavijest-vocarima-e1519552788133.jpeg","width":800,"height":496},{"@type":"BreadcrumbList","@id":"https:\/\/www.opuzen.hr\/grad\/obavijest-vocarima-sredozemna-vocna-muha-ceratitis-capitata\/#breadcrumb","itemListElement":[{"@type":"ListItem","position":1,"name":"Po\u010detna stranica","item":"https:\/\/www.opuzen.hr\/grad\/"},{"@type":"ListItem","position":2,"name":"OBAVIJEST VO\u0106ARIMA \u2013\u00a0 SREDOZEMNA VO\u0106NA MUHA (CERATITIS CAPITATA)\u00a0"}]},{"@type":"WebSite","@id":"https:\/\/www.opuzen.hr\/grad\/#website","url":"https:\/\/www.opuzen.hr\/grad\/","name":"Grad Opuzen","description":"Slu\u017ebene mre\u017ene stranice Grada Opuzena","publisher":{"@id":"https:\/\/www.opuzen.hr\/grad\/#organization"},"potentialAction":[{"@type":"SearchAction","target":{"@type":"EntryPoint","urlTemplate":"https:\/\/www.opuzen.hr\/grad\/?s={search_term_string}"},"query-input":"required name=search_term_string"}],"inLanguage":"hr"},{"@type":"Organization","@id":"https:\/\/www.opuzen.hr\/grad\/#organization","name":"Grad Opuzen","url":"https:\/\/www.opuzen.hr\/grad\/","logo":{"@type":"ImageObject","inLanguage":"hr","@id":"https:\/\/www.opuzen.hr\/grad\/#\/schema\/logo\/image\/","url":"https:\/\/www.opuzen.hr\/grad\/wp-content\/uploads\/2018\/02\/logo-opuzen.jpg","contentUrl":"https:\/\/www.opuzen.hr\/grad\/wp-content\/uploads\/2018\/02\/logo-opuzen.jpg","width":400,"height":400,"caption":"Grad Opuzen"},"image":{"@id":"https:\/\/www.opuzen.hr\/grad\/#\/schema\/logo\/image\/"}},{"@type":"Person","@id":"https:\/\/www.opuzen.hr\/grad\/#\/schema\/person\/0a17a9796898e9409a1fa4ca7448a481","name":"Grad Opuzen","image":{"@type":"ImageObject","inLanguage":"hr","@id":"https:\/\/www.opuzen.hr\/grad\/#\/schema\/person\/image\/","url":"https:\/\/secure.gravatar.com\/avatar\/0c54089de4fcf14c0fe3355109a3ac05?s=96&d=mm&r=g","contentUrl":"https:\/\/secure.gravatar.com\/avatar\/0c54089de4fcf14c0fe3355109a3ac05?s=96&d=mm&r=g","caption":"Grad Opuzen"},"url":"https:\/\/www.opuzen.hr\/grad\/author\/admin\/"}]}},"_links":{"self":[{"href":"https:\/\/www.opuzen.hr\/grad\/wp-json\/wp\/v2\/posts\/51100"}],"collection":[{"href":"https:\/\/www.opuzen.hr\/grad\/wp-json\/wp\/v2\/posts"}],"about":[{"href":"https:\/\/www.opuzen.hr\/grad\/wp-json\/wp\/v2\/types\/post"}],"author":[{"embeddable":true,"href":"https:\/\/www.opuzen.hr\/grad\/wp-json\/wp\/v2\/users\/3"}],"replies":[{"embeddable":true,"href":"https:\/\/www.opuzen.hr\/grad\/wp-json\/wp\/v2\/comments?post=51100"}],"version-history":[{"count":1,"href":"https:\/\/www.opuzen.hr\/grad\/wp-json\/wp\/v2\/posts\/51100\/revisions"}],"predecessor-version":[{"id":51101,"href":"https:\/\/www.opuzen.hr\/grad\/wp-json\/wp\/v2\/posts\/51100\/revisions\/51101"}],"wp:featuredmedia":[{"embeddable":true,"href":"https:\/\/www.opuzen.hr\/grad\/wp-json\/wp\/v2\/media\/74"}],"wp:attachment":[{"href":"https:\/\/www.opuzen.hr\/grad\/wp-json\/wp\/v2\/media?parent=51100"}],"wp:term":[{"taxonomy":"category","embeddable":true,"href":"https:\/\/www.opuzen.hr\/grad\/wp-json\/wp\/v2\/categories?post=51100"},{"taxonomy":"post_tag","embeddable":true,"href":"https:\/\/www.opuzen.hr\/grad\/wp-json\/wp\/v2\/tags?post=51100"}],"curies":[{"name":"wp","href":"https:\/\/api.w.org\/{rel}","templated":true}]}}