{"id":51198,"date":"2025-08-13T11:50:56","date_gmt":"2025-08-13T09:50:56","guid":{"rendered":"https:\/\/www.opuzen.hr\/grad\/?p=51198"},"modified":"2025-08-13T11:59:22","modified_gmt":"2025-08-13T09:59:22","slug":"poziv-za-1-sjednica-gradskog-vijeca-grada-opuzena","status":"publish","type":"post","link":"https:\/\/www.opuzen.hr\/grad\/poziv-za-1-sjednica-gradskog-vijeca-grada-opuzena\/","title":{"rendered":"Poziv za 1.\u00a0sjednica Gradskog vije\u0107a Grada Opuzena"},"content":{"rendered":"<p>Sazvana je<strong> 1. sjednica Gradskog vije\u0107a Grada Opuzena za dan 13. kolovoza 2025. godine (srijeda) s po\u010detkom u 19:00 sati u Gradskoj vije\u0107nici Grada Opuzena, Trg kralja Tomislava 1.<\/strong><\/p>\n<!-- WP Attachments -->\r\n        <div style=\"width:100%;margin:10px 0 10px 0;\">\r\n            <h3>Prilozi sadr\u017eaju:<\/h3>\r\n        <ul class=\"post-attachments\"><li class=\"post-attachment mime-application-pdf\">                                \r\n<a target=\"_blank\" href=\"https:\/\/www.opuzen.hr\/grad\/poziv-za-1-sjednica-gradskog-vijeca-grada-opuzena\/?download=51211\">00 Poziv i dnevni red za 1. sjednicu Gradskog vije\u0107a Grada Opuzena<\/a><div style=\"float:right;\">70 kB \/ Preuzeto: 57<\/div>\r\n<br><small><\/small><\/li><li class=\"post-attachment mime-application-msword\">                                \r\n<a target=\"_blank\" href=\"https:\/\/www.opuzen.hr\/grad\/poziv-za-1-sjednica-gradskog-vijeca-grada-opuzena\/?download=51212\">1. Prijedlog Zapisnika s 3. konstituiraju\u0107e sjednice Gradskog vije\u0107a<\/a><div style=\"float:right;\">71 kB \/ Preuzeto: 66<\/div>\r\n<br><small><\/small><\/li><li class=\"post-attachment mime-application-vnd-openxmlformats-officedocument-wordprocessingml-document\">                                \r\n<a target=\"_blank\" href=\"https:\/\/www.opuzen.hr\/grad\/poziv-za-1-sjednica-gradskog-vijeca-grada-opuzena\/?download=51199\">4. Prijedlog Odluke o imenovanju \u010dlanova Povjerenstva za javna priznanja<\/a><div style=\"float:right;\">16 kB \/ Preuzeto: 80<\/div>\r\n<br><small><\/small><\/li><li class=\"post-attachment mime-application-vnd-openxmlformats-officedocument-wordprocessingml-document\">                                \r\n<a target=\"_blank\" href=\"https:\/\/www.opuzen.hr\/grad\/poziv-za-1-sjednica-gradskog-vijeca-grada-opuzena\/?download=51200\">5. Prijedlog Odluke o imenovanju \u010dlanova Povjerenstva za granice Grada Opuzena<\/a><div style=\"float:right;\">16 kB \/ Preuzeto: 51<\/div>\r\n<br><small><\/small><\/li><li class=\"post-attachment mime-application-vnd-openxmlformats-officedocument-wordprocessingml-document\">                                \r\n<a target=\"_blank\" href=\"https:\/\/www.opuzen.hr\/grad\/poziv-za-1-sjednica-gradskog-vijeca-grada-opuzena\/?download=51201\">6. Prijedlog Odluke o imenovanju Povjerenstva za imenovanje ulica i trgova<\/a><div style=\"float:right;\">16 kB \/ Preuzeto: 52<\/div>\r\n<br><small><\/small><\/li><li class=\"post-attachment mime-application-vnd-openxmlformats-officedocument-wordprocessingml-document\">                                \r\n<a target=\"_blank\" href=\"https:\/\/www.opuzen.hr\/grad\/poziv-za-1-sjednica-gradskog-vijeca-grada-opuzena\/?download=51202\">7. Prijedlog Odluke o imenovanju Povjerenstva za procjenu \u0161tete od elementarnih nepogoda<\/a><div style=\"float:right;\">16 kB \/ Preuzeto: 62<\/div>\r\n<br><small><\/small><\/li><li class=\"post-attachment mime-application-vnd-openxmlformats-officedocument-wordprocessingml-document\">                                \r\n<a target=\"_blank\" href=\"https:\/\/www.opuzen.hr\/grad\/poziv-za-1-sjednica-gradskog-vijeca-grada-opuzena\/?download=51203\">8. Prijedlog Odluke o razrje\u0161enju i imenovanju \u010dlanova Upravnog vije\u0107a Dje\u010djeg vrti\u0107a Opuzen<\/a><div style=\"float:right;\">17 kB \/ Preuzeto: 109<\/div>\r\n<br><small><\/small><\/li><li class=\"post-attachment mime-application-pdf\">                                \r\n<a target=\"_blank\" href=\"https:\/\/www.opuzen.hr\/grad\/poziv-za-1-sjednica-gradskog-vijeca-grada-opuzena\/?download=51204\">8.1.Ostavka na \u010dlanstvo_ Majda Bartulovi\u0107<\/a><div style=\"float:right;\">55 kB \/ Preuzeto: 69<\/div>\r\n<br><small><\/small><\/li><li class=\"post-attachment mime-application-vnd-openxmlformats-officedocument-wordprocessingml-document\">                                \r\n<a target=\"_blank\" href=\"https:\/\/www.opuzen.hr\/grad\/poziv-za-1-sjednica-gradskog-vijeca-grada-opuzena\/?download=51205\">9. Prijedlog Odluke o kratkoro\u010dnom zadu\u017eenju 2025<\/a><div style=\"float:right;\">17 kB \/ Preuzeto: 55<\/div>\r\n<br><small><\/small><\/li><li class=\"post-attachment mime-application-pdf\">                                \r\n<a target=\"_blank\" href=\"https:\/\/www.opuzen.hr\/grad\/poziv-za-1-sjednica-gradskog-vijeca-grada-opuzena\/?download=51206\">9.1. Ponuda OTP Banka<\/a><div style=\"float:right;\">462 kB \/ Preuzeto: 50<\/div>\r\n<br><small><\/small><\/li><li class=\"post-attachment mime-application-pdf\">                                \r\n<a target=\"_blank\" href=\"https:\/\/www.opuzen.hr\/grad\/poziv-za-1-sjednica-gradskog-vijeca-grada-opuzena\/?download=51207\">9.2. Ponuda PBZ<\/a><div style=\"float:right;\">234 kB \/ Preuzeto: 54<\/div>\r\n<br><small><\/small><\/li><li class=\"post-attachment mime-application-pdf\">                                \r\n<a target=\"_blank\" href=\"https:\/\/www.opuzen.hr\/grad\/poziv-za-1-sjednica-gradskog-vijeca-grada-opuzena\/?download=51208\">11.1.ELABORAT k.\u010d.z.1541-1 - ZAVR\u0160EN -<\/a><div style=\"float:right;\">4 MB \/ Preuzeto: 47<\/div>\r\n<br><small><\/small><\/li><li class=\"post-attachment mime-application-pdf\">                                \r\n<a target=\"_blank\" href=\"https:\/\/www.opuzen.hr\/grad\/poziv-za-1-sjednica-gradskog-vijeca-grada-opuzena\/?download=51209\">11.2.Mi\u0161ljenje_Procjeniteljsko povjerenstvo za tr\u017ei\u0161te nekretnina na podru\u010dju DN\u017d<\/a><div style=\"float:right;\">184 kB \/ Preuzeto: 47<\/div>\r\n<br><small><\/small><\/li><li class=\"post-attachment mime-application-pdf\">                                \r\n<a target=\"_blank\" href=\"https:\/\/www.opuzen.hr\/grad\/poziv-za-1-sjednica-gradskog-vijeca-grada-opuzena\/?download=51210\">11.3.Zapisnik 24. sjednica_Procjeniteljsko povjerenstvo za tr\u017ei\u0161te nekretnina na podru\u010dju DN\u017d<\/a><div style=\"float:right;\">5 MB \/ Preuzeto: 69<\/div>\r\n<br><small><\/small><\/li><li class=\"post-attachment mime-application-vnd-openxmlformats-officedocument-wordprocessingml-document\">                                \r\n<a target=\"_blank\" href=\"https:\/\/www.opuzen.hr\/grad\/poziv-za-1-sjednica-gradskog-vijeca-grada-opuzena\/?download=51213\">10. Prijedlog Odluke o dono\u0161enju Urbanisti\u010dkog plana poslovne zone II u Opuzenu<\/a><div style=\"float:right;\">36 kB \/ Preuzeto: 46<\/div>\r\n<br><small><\/small><\/li><li class=\"post-attachment mime-application-pdf\">                                \r\n<a target=\"_blank\" href=\"https:\/\/www.opuzen.hr\/grad\/poziv-za-1-sjednica-gradskog-vijeca-grada-opuzena\/?download=51214\">10.1. Mi\u0161ljenje_ZZUPUDNZ<\/a><div style=\"float:right;\">736 kB \/ Preuzeto: 51<\/div>\r\n<br><small><\/small><\/li><li class=\"post-attachment mime-application-vnd-openxmlformats-officedocument-wordprocessingml-document\">                                \r\n<a target=\"_blank\" href=\"https:\/\/www.opuzen.hr\/grad\/poziv-za-1-sjednica-gradskog-vijeca-grada-opuzena\/?download=51215\">11. Prijedlog Odluke o raspisivanju javnog natje\u010daja za prodaju zemlji\u0161ta u vlasni\u0161tvu Grada Opuzena<\/a><div style=\"float:right;\">17 kB \/ Preuzeto: 55<\/div>\r\n<br><small><\/small><\/li><\/ul><\/div>","protected":false},"excerpt":{"rendered":"<p>Sazvana je 1. sjednica Gradskog vije\u0107a Grada Opuzena za dan 13. kolovoza 2025. godine (srijeda)&#8230;<\/p>\n","protected":false},"author":3,"featured_media":51220,"comment_status":"closed","ping_status":"closed","sticky":false,"template":"","format":"standard","meta":{"footnotes":""},"categories":[393],"tags":[],"class_list":["post-51198","post","type-post","status-publish","format-standard","has-post-thumbnail","hentry","category-sjednice-gradskog-vijeca","wpcat-393-id"],"yoast_head":"<!-- This site is optimized with the Yoast SEO plugin v23.1 - https:\/\/yoast.com\/wordpress\/plugins\/seo\/ -->\n<title>Poziv za 1.\u00a0sjednica Gradskog vije\u0107a Grada Opuzena - Grad Opuzen<\/title>\n<meta name=\"robots\" content=\"index, follow, max-snippet:-1, max-image-preview:large, max-video-preview:-1\" \/>\n<link rel=\"canonical\" href=\"https:\/\/www.opuzen.hr\/grad\/poziv-za-1-sjednica-gradskog-vijeca-grada-opuzena\/\" \/>\n<meta property=\"og:locale\" content=\"hr_HR\" \/>\n<meta property=\"og:type\" content=\"article\" \/>\n<meta property=\"og:title\" content=\"Poziv za 1.\u00a0sjednica Gradskog vije\u0107a Grada Opuzena - Grad Opuzen\" \/>\n<meta property=\"og:description\" content=\"Sazvana je 1. sjednica Gradskog vije\u0107a Grada Opuzena za dan 13. kolovoza 2025. godine (srijeda)...\" \/>\n<meta property=\"og:url\" content=\"https:\/\/www.opuzen.hr\/grad\/poziv-za-1-sjednica-gradskog-vijeca-grada-opuzena\/\" \/>\n<meta property=\"og:site_name\" content=\"Grad Opuzen\" \/>\n<meta property=\"article:published_time\" content=\"2025-08-13T09:50:56+00:00\" \/>\n<meta property=\"article:modified_time\" content=\"2025-08-13T09:59:22+00:00\" \/>\n<meta property=\"og:image\" content=\"https:\/\/www.opuzen.hr\/grad\/wp-content\/uploads\/2025\/08\/Poziv-na-sj-vj-1.png\" \/>\n\t<meta property=\"og:image:width\" content=\"675\" \/>\n\t<meta property=\"og:image:height\" content=\"380\" \/>\n\t<meta property=\"og:image:type\" content=\"image\/png\" \/>\n<meta name=\"author\" content=\"Grad Opuzen\" \/>\n<meta name=\"twitter:card\" content=\"summary_large_image\" \/>\n<meta name=\"twitter:label1\" content=\"Napisao\/la\" \/>\n\t<meta name=\"twitter:data1\" content=\"Grad Opuzen\" \/>\n\t<meta name=\"twitter:label2\" content=\"Procijenjeno vrijeme \u010ditanja\" \/>\n\t<meta name=\"twitter:data2\" content=\"1 minuta\" \/>\n<script type=\"application\/ld+json\" class=\"yoast-schema-graph\">{\"@context\":\"https:\/\/schema.org\",\"@graph\":[{\"@type\":\"Article\",\"@id\":\"https:\/\/www.opuzen.hr\/grad\/poziv-za-1-sjednica-gradskog-vijeca-grada-opuzena\/#article\",\"isPartOf\":{\"@id\":\"https:\/\/www.opuzen.hr\/grad\/poziv-za-1-sjednica-gradskog-vijeca-grada-opuzena\/\"},\"author\":{\"name\":\"Grad Opuzen\",\"@id\":\"https:\/\/www.opuzen.hr\/grad\/#\/schema\/person\/0a17a9796898e9409a1fa4ca7448a481\"},\"headline\":\"Poziv za 1.\u00a0sjednica Gradskog vije\u0107a Grada Opuzena\",\"datePublished\":\"2025-08-13T09:50:56+00:00\",\"dateModified\":\"2025-08-13T09:59:22+00:00\",\"mainEntityOfPage\":{\"@id\":\"https:\/\/www.opuzen.hr\/grad\/poziv-za-1-sjednica-gradskog-vijeca-grada-opuzena\/\"},\"wordCount\":35,\"publisher\":{\"@id\":\"https:\/\/www.opuzen.hr\/grad\/#organization\"},\"image\":{\"@id\":\"https:\/\/www.opuzen.hr\/grad\/poziv-za-1-sjednica-gradskog-vijeca-grada-opuzena\/#primaryimage\"},\"thumbnailUrl\":\"https:\/\/www.opuzen.hr\/grad\/wp-content\/uploads\/2025\/08\/Poziv-na-sj-vj-1.png\",\"articleSection\":[\"Sjednice gradskog vije\u0107a\"],\"inLanguage\":\"hr\"},{\"@type\":\"WebPage\",\"@id\":\"https:\/\/www.opuzen.hr\/grad\/poziv-za-1-sjednica-gradskog-vijeca-grada-opuzena\/\",\"url\":\"https:\/\/www.opuzen.hr\/grad\/poziv-za-1-sjednica-gradskog-vijeca-grada-opuzena\/\",\"name\":\"Poziv za 1.\u00a0sjednica Gradskog vije\u0107a Grada Opuzena - Grad Opuzen\",\"isPartOf\":{\"@id\":\"https:\/\/www.opuzen.hr\/grad\/#website\"},\"primaryImageOfPage\":{\"@id\":\"https:\/\/www.opuzen.hr\/grad\/poziv-za-1-sjednica-gradskog-vijeca-grada-opuzena\/#primaryimage\"},\"image\":{\"@id\":\"https:\/\/www.opuzen.hr\/grad\/poziv-za-1-sjednica-gradskog-vijeca-grada-opuzena\/#primaryimage\"},\"thumbnailUrl\":\"https:\/\/www.opuzen.hr\/grad\/wp-content\/uploads\/2025\/08\/Poziv-na-sj-vj-1.png\",\"datePublished\":\"2025-08-13T09:50:56+00:00\",\"dateModified\":\"2025-08-13T09:59:22+00:00\",\"breadcrumb\":{\"@id\":\"https:\/\/www.opuzen.hr\/grad\/poziv-za-1-sjednica-gradskog-vijeca-grada-opuzena\/#breadcrumb\"},\"inLanguage\":\"hr\",\"potentialAction\":[{\"@type\":\"ReadAction\",\"target\":[\"https:\/\/www.opuzen.hr\/grad\/poziv-za-1-sjednica-gradskog-vijeca-grada-opuzena\/\"]}]},{\"@type\":\"ImageObject\",\"inLanguage\":\"hr\",\"@id\":\"https:\/\/www.opuzen.hr\/grad\/poziv-za-1-sjednica-gradskog-vijeca-grada-opuzena\/#primaryimage\",\"url\":\"https:\/\/www.opuzen.hr\/grad\/wp-content\/uploads\/2025\/08\/Poziv-na-sj-vj-1.png\",\"contentUrl\":\"https:\/\/www.opuzen.hr\/grad\/wp-content\/uploads\/2025\/08\/Poziv-na-sj-vj-1.png\",\"width\":675,\"height\":380},{\"@type\":\"BreadcrumbList\",\"@id\":\"https:\/\/www.opuzen.hr\/grad\/poziv-za-1-sjednica-gradskog-vijeca-grada-opuzena\/#breadcrumb\",\"itemListElement\":[{\"@type\":\"ListItem\",\"position\":1,\"name\":\"Po\u010detna stranica\",\"item\":\"https:\/\/www.opuzen.hr\/grad\/\"},{\"@type\":\"ListItem\",\"position\":2,\"name\":\"Poziv za 1.\u00a0sjednica Gradskog vije\u0107a Grada Opuzena\"}]},{\"@type\":\"WebSite\",\"@id\":\"https:\/\/www.opuzen.hr\/grad\/#website\",\"url\":\"https:\/\/www.opuzen.hr\/grad\/\",\"name\":\"Grad Opuzen\",\"description\":\"Slu\u017ebene mre\u017ene stranice Grada Opuzena\",\"publisher\":{\"@id\":\"https:\/\/www.opuzen.hr\/grad\/#organization\"},\"potentialAction\":[{\"@type\":\"SearchAction\",\"target\":{\"@type\":\"EntryPoint\",\"urlTemplate\":\"https:\/\/www.opuzen.hr\/grad\/?s={search_term_string}\"},\"query-input\":\"required name=search_term_string\"}],\"inLanguage\":\"hr\"},{\"@type\":\"Organization\",\"@id\":\"https:\/\/www.opuzen.hr\/grad\/#organization\",\"name\":\"Grad Opuzen\",\"url\":\"https:\/\/www.opuzen.hr\/grad\/\",\"logo\":{\"@type\":\"ImageObject\",\"inLanguage\":\"hr\",\"@id\":\"https:\/\/www.opuzen.hr\/grad\/#\/schema\/logo\/image\/\",\"url\":\"https:\/\/www.opuzen.hr\/grad\/wp-content\/uploads\/2018\/02\/logo-opuzen.jpg\",\"contentUrl\":\"https:\/\/www.opuzen.hr\/grad\/wp-content\/uploads\/2018\/02\/logo-opuzen.jpg\",\"width\":400,\"height\":400,\"caption\":\"Grad Opuzen\"},\"image\":{\"@id\":\"https:\/\/www.opuzen.hr\/grad\/#\/schema\/logo\/image\/\"}},{\"@type\":\"Person\",\"@id\":\"https:\/\/www.opuzen.hr\/grad\/#\/schema\/person\/0a17a9796898e9409a1fa4ca7448a481\",\"name\":\"Grad Opuzen\",\"image\":{\"@type\":\"ImageObject\",\"inLanguage\":\"hr\",\"@id\":\"https:\/\/www.opuzen.hr\/grad\/#\/schema\/person\/image\/\",\"url\":\"https:\/\/secure.gravatar.com\/avatar\/0c54089de4fcf14c0fe3355109a3ac05?s=96&d=mm&r=g\",\"contentUrl\":\"https:\/\/secure.gravatar.com\/avatar\/0c54089de4fcf14c0fe3355109a3ac05?s=96&d=mm&r=g\",\"caption\":\"Grad Opuzen\"},\"url\":\"https:\/\/www.opuzen.hr\/grad\/author\/admin\/\"}]}<\/script>\n<!-- \/ Yoast SEO plugin. -->","yoast_head_json":{"title":"Poziv za 1.\u00a0sjednica Gradskog vije\u0107a Grada Opuzena - Grad Opuzen","robots":{"index":"index","follow":"follow","max-snippet":"max-snippet:-1","max-image-preview":"max-image-preview:large","max-video-preview":"max-video-preview:-1"},"canonical":"https:\/\/www.opuzen.hr\/grad\/poziv-za-1-sjednica-gradskog-vijeca-grada-opuzena\/","og_locale":"hr_HR","og_type":"article","og_title":"Poziv za 1.\u00a0sjednica Gradskog vije\u0107a Grada Opuzena - Grad Opuzen","og_description":"Sazvana je 1. sjednica Gradskog vije\u0107a Grada Opuzena za dan 13. kolovoza 2025. godine (srijeda)...","og_url":"https:\/\/www.opuzen.hr\/grad\/poziv-za-1-sjednica-gradskog-vijeca-grada-opuzena\/","og_site_name":"Grad Opuzen","article_published_time":"2025-08-13T09:50:56+00:00","article_modified_time":"2025-08-13T09:59:22+00:00","og_image":[{"width":675,"height":380,"url":"https:\/\/www.opuzen.hr\/grad\/wp-content\/uploads\/2025\/08\/Poziv-na-sj-vj-1.png","type":"image\/png"}],"author":"Grad Opuzen","twitter_card":"summary_large_image","twitter_misc":{"Napisao\/la":"Grad Opuzen","Procijenjeno vrijeme \u010ditanja":"1 minuta"},"schema":{"@context":"https:\/\/schema.org","@graph":[{"@type":"Article","@id":"https:\/\/www.opuzen.hr\/grad\/poziv-za-1-sjednica-gradskog-vijeca-grada-opuzena\/#article","isPartOf":{"@id":"https:\/\/www.opuzen.hr\/grad\/poziv-za-1-sjednica-gradskog-vijeca-grada-opuzena\/"},"author":{"name":"Grad Opuzen","@id":"https:\/\/www.opuzen.hr\/grad\/#\/schema\/person\/0a17a9796898e9409a1fa4ca7448a481"},"headline":"Poziv za 1.\u00a0sjednica Gradskog vije\u0107a Grada Opuzena","datePublished":"2025-08-13T09:50:56+00:00","dateModified":"2025-08-13T09:59:22+00:00","mainEntityOfPage":{"@id":"https:\/\/www.opuzen.hr\/grad\/poziv-za-1-sjednica-gradskog-vijeca-grada-opuzena\/"},"wordCount":35,"publisher":{"@id":"https:\/\/www.opuzen.hr\/grad\/#organization"},"image":{"@id":"https:\/\/www.opuzen.hr\/grad\/poziv-za-1-sjednica-gradskog-vijeca-grada-opuzena\/#primaryimage"},"thumbnailUrl":"https:\/\/www.opuzen.hr\/grad\/wp-content\/uploads\/2025\/08\/Poziv-na-sj-vj-1.png","articleSection":["Sjednice gradskog vije\u0107a"],"inLanguage":"hr"},{"@type":"WebPage","@id":"https:\/\/www.opuzen.hr\/grad\/poziv-za-1-sjednica-gradskog-vijeca-grada-opuzena\/","url":"https:\/\/www.opuzen.hr\/grad\/poziv-za-1-sjednica-gradskog-vijeca-grada-opuzena\/","name":"Poziv za 1.\u00a0sjednica Gradskog vije\u0107a Grada Opuzena - Grad Opuzen","isPartOf":{"@id":"https:\/\/www.opuzen.hr\/grad\/#website"},"primaryImageOfPage":{"@id":"https:\/\/www.opuzen.hr\/grad\/poziv-za-1-sjednica-gradskog-vijeca-grada-opuzena\/#primaryimage"},"image":{"@id":"https:\/\/www.opuzen.hr\/grad\/poziv-za-1-sjednica-gradskog-vijeca-grada-opuzena\/#primaryimage"},"thumbnailUrl":"https:\/\/www.opuzen.hr\/grad\/wp-content\/uploads\/2025\/08\/Poziv-na-sj-vj-1.png","datePublished":"2025-08-13T09:50:56+00:00","dateModified":"2025-08-13T09:59:22+00:00","breadcrumb":{"@id":"https:\/\/www.opuzen.hr\/grad\/poziv-za-1-sjednica-gradskog-vijeca-grada-opuzena\/#breadcrumb"},"inLanguage":"hr","potentialAction":[{"@type":"ReadAction","target":["https:\/\/www.opuzen.hr\/grad\/poziv-za-1-sjednica-gradskog-vijeca-grada-opuzena\/"]}]},{"@type":"ImageObject","inLanguage":"hr","@id":"https:\/\/www.opuzen.hr\/grad\/poziv-za-1-sjednica-gradskog-vijeca-grada-opuzena\/#primaryimage","url":"https:\/\/www.opuzen.hr\/grad\/wp-content\/uploads\/2025\/08\/Poziv-na-sj-vj-1.png","contentUrl":"https:\/\/www.opuzen.hr\/grad\/wp-content\/uploads\/2025\/08\/Poziv-na-sj-vj-1.png","width":675,"height":380},{"@type":"BreadcrumbList","@id":"https:\/\/www.opuzen.hr\/grad\/poziv-za-1-sjednica-gradskog-vijeca-grada-opuzena\/#breadcrumb","itemListElement":[{"@type":"ListItem","position":1,"name":"Po\u010detna stranica","item":"https:\/\/www.opuzen.hr\/grad\/"},{"@type":"ListItem","position":2,"name":"Poziv za 1.\u00a0sjednica Gradskog vije\u0107a Grada Opuzena"}]},{"@type":"WebSite","@id":"https:\/\/www.opuzen.hr\/grad\/#website","url":"https:\/\/www.opuzen.hr\/grad\/","name":"Grad Opuzen","description":"Slu\u017ebene mre\u017ene stranice Grada Opuzena","publisher":{"@id":"https:\/\/www.opuzen.hr\/grad\/#organization"},"potentialAction":[{"@type":"SearchAction","target":{"@type":"EntryPoint","urlTemplate":"https:\/\/www.opuzen.hr\/grad\/?s={search_term_string}"},"query-input":"required name=search_term_string"}],"inLanguage":"hr"},{"@type":"Organization","@id":"https:\/\/www.opuzen.hr\/grad\/#organization","name":"Grad Opuzen","url":"https:\/\/www.opuzen.hr\/grad\/","logo":{"@type":"ImageObject","inLanguage":"hr","@id":"https:\/\/www.opuzen.hr\/grad\/#\/schema\/logo\/image\/","url":"https:\/\/www.opuzen.hr\/grad\/wp-content\/uploads\/2018\/02\/logo-opuzen.jpg","contentUrl":"https:\/\/www.opuzen.hr\/grad\/wp-content\/uploads\/2018\/02\/logo-opuzen.jpg","width":400,"height":400,"caption":"Grad Opuzen"},"image":{"@id":"https:\/\/www.opuzen.hr\/grad\/#\/schema\/logo\/image\/"}},{"@type":"Person","@id":"https:\/\/www.opuzen.hr\/grad\/#\/schema\/person\/0a17a9796898e9409a1fa4ca7448a481","name":"Grad Opuzen","image":{"@type":"ImageObject","inLanguage":"hr","@id":"https:\/\/www.opuzen.hr\/grad\/#\/schema\/person\/image\/","url":"https:\/\/secure.gravatar.com\/avatar\/0c54089de4fcf14c0fe3355109a3ac05?s=96&d=mm&r=g","contentUrl":"https:\/\/secure.gravatar.com\/avatar\/0c54089de4fcf14c0fe3355109a3ac05?s=96&d=mm&r=g","caption":"Grad Opuzen"},"url":"https:\/\/www.opuzen.hr\/grad\/author\/admin\/"}]}},"_links":{"self":[{"href":"https:\/\/www.opuzen.hr\/grad\/wp-json\/wp\/v2\/posts\/51198"}],"collection":[{"href":"https:\/\/www.opuzen.hr\/grad\/wp-json\/wp\/v2\/posts"}],"about":[{"href":"https:\/\/www.opuzen.hr\/grad\/wp-json\/wp\/v2\/types\/post"}],"author":[{"embeddable":true,"href":"https:\/\/www.opuzen.hr\/grad\/wp-json\/wp\/v2\/users\/3"}],"replies":[{"embeddable":true,"href":"https:\/\/www.opuzen.hr\/grad\/wp-json\/wp\/v2\/comments?post=51198"}],"version-history":[{"count":1,"href":"https:\/\/www.opuzen.hr\/grad\/wp-json\/wp\/v2\/posts\/51198\/revisions"}],"predecessor-version":[{"id":51216,"href":"https:\/\/www.opuzen.hr\/grad\/wp-json\/wp\/v2\/posts\/51198\/revisions\/51216"}],"wp:featuredmedia":[{"embeddable":true,"href":"https:\/\/www.opuzen.hr\/grad\/wp-json\/wp\/v2\/media\/51220"}],"wp:attachment":[{"href":"https:\/\/www.opuzen.hr\/grad\/wp-json\/wp\/v2\/media?parent=51198"}],"wp:term":[{"taxonomy":"category","embeddable":true,"href":"https:\/\/www.opuzen.hr\/grad\/wp-json\/wp\/v2\/categories?post=51198"},{"taxonomy":"post_tag","embeddable":true,"href":"https:\/\/www.opuzen.hr\/grad\/wp-json\/wp\/v2\/tags?post=51198"}],"curies":[{"name":"wp","href":"https:\/\/api.w.org\/{rel}","templated":true}]}}