{"id":53090,"date":"2026-09-04T10:49:56","date_gmt":"2026-09-04T08:49:56","guid":{"rendered":"https:\/\/www.opuzen.hr\/grad\/?p=53090"},"modified":"2026-09-04T10:50:43","modified_gmt":"2026-09-04T08:50:43","slug":"javni-poziv-mladim-obiteljima-i-mladim-poljoprivrednicima-za-dostavu-prijava-za-koristenje-mjera-iz-programa-potpora-za-unapredenje-uvjeta-stanovanja-mladih-obitelji-i-mladih-poljoprivrednika-na-podru","status":"publish","type":"post","link":"https:\/\/www.opuzen.hr\/grad\/javni-poziv-mladim-obiteljima-i-mladim-poljoprivrednicima-za-dostavu-prijava-za-koristenje-mjera-iz-programa-potpora-za-unapredenje-uvjeta-stanovanja-mladih-obitelji-i-mladih-poljoprivrednika-na-podru\/","title":{"rendered":"Javni poziv mladim obiteljima i mladim poljoprivrednicima za dostavu prijava za kori\u0161tenje mjera iz Programa potpora za unapre\u0111enje uvjeta stanovanja mladih obitelji i mladih poljoprivrednika na podru\u010dju Grada Opuzena za 2026."},"content":{"rendered":"<div class=\"x_elementToProof\" data-ogsc=\"rgb(0, 0, 0)\" data-olk-copy-source=\"MessageBody\">Dana 04. rujna 2026. Gradona\u010delnik Grada Opuzena raspisao je\u00a0<b data-ogsc=\"\">Javni poziv mladim obiteljima i mladim poljoprivrednicima za dostavu prijava za kori\u0161tenje mjera iz Programa potpora za unapre\u0111enje uvjeta stanovanja mladih obitelji i mladih poljoprivrednika na podru\u010dju Grada Opuzena za 2026. Godinu.<\/b><\/div>\n<div class=\"x_elementToProof\" data-ogsc=\"rgb(0, 0, 0)\" data-olk-copy-source=\"MessageBody\"><b data-ogsc=\"\">\u00a0<\/b><\/div>\n<div class=\"x_elementToProof\" data-ogsc=\"rgb(0, 0, 0)\">Prijava na javni poziv podnosi se u pisanom obliku na propisanom obrascu prijave.<\/div>\n<div data-ogsc=\"rgb(0, 0, 0)\"><\/div>\n<div class=\"x_elementToProof\" data-ogsc=\"rgb(0, 0, 0)\">Svi obrasci nalaze se na web stanici Grada Opuzena\u00a0<span data-ogsc=\"rgb(5, 99, 193)\"><a id=\"OWAee66b4bb-efc7-be2e-4859-2018c0d114f4\" class=\"x_OWAAutoLink\" title=\"Izvorni URL: http:\/\/www.opuzen.hr\/. Kliknite ili dodirnite ako ovu vezu smatrate pouzdanom.\" href=\"https:\/\/eur03.safelinks.protection.outlook.com\/?url=http%3A%2F%2Fwww.opuzen.hr%2F&amp;data=05%7C02%7Cdarko.plecas%40lukoc.biz.hr%7Cc1d1083af4e246dd06e808df0a56aabf%7C045c0329da5341018c1a9092087076e4%7C0%7C0%7C639241039710909684%7CUnknown%7CTWFpbGZsb3d8eyJFbXB0eU1hcGkiOnRydWUsIlYiOiIwLjAuMDAwMCIsIlAiOiJXaW4zMiIsIkFOIjoiTWFpbCIsIldUIjoyfQ%3D%3D%7C0%7C%7C%7C&amp;sdata=7p3G%2FOhEA8aZ6VZ5VaBF2Ki8vSHflgQxuDdqA4VrDZk%3D&amp;reserved=0\" target=\"_blank\" rel=\"noopener noreferrer\" data-auth=\"NotApplicable\" data-linkindex=\"0\" data-ogsc=\"rgb(5, 99, 193)\"><u data-ogsc=\"\">www.opuzen.hr<\/u><\/a><\/span>\u00a0kao prilog Javnom pozivu ili se mogu osobno preuzeti u Gradu Opuzenu, Jedinstvenom upravnom odjelu, Trg kralja Tomislava 1, 20355 Opuzen.<\/div>\n<div class=\"x_elementToProof\" data-ogsc=\"rgb(0, 0, 0)\">Javni poziv je\u00a0<b data-ogsc=\"\">otvoren do 22. rujna 2026. godine ili do iskori\u0161tenja sredstava planiranih u Prora\u010dunu Grada Opuzena za 2026. godinu.<\/b><\/div>\n<!-- WP Attachments -->\r\n        <div style=\"width:100%;margin:10px 0 10px 0;\">\r\n            <h3>Prilozi sadr\u017eaju:<\/h3>\r\n        <ul class=\"post-attachments\"><li class=\"post-attachment mime-application-pdf\">                                \r\n<a target=\"_blank\" href=\"https:\/\/www.opuzen.hr\/grad\/javni-poziv-mladim-obiteljima-i-mladim-poljoprivrednicima-za-dostavu-prijava-za-koristenje-mjera-iz-programa-potpora-za-unapredenje-uvjeta-stanovanja-mladih-obitelji-i-mladih-poljoprivrednika-na-podru\/?download=53093\">Javni poziv mladim obiteljima i mladim poljoprivrednicima<\/a><div style=\"float:right;\">588 kB \/ Preuzeto: 81<\/div>\r\n<br><small><\/small><\/li><li class=\"post-attachment mime-application-vnd-openxmlformats-officedocument-wordprocessingml-document\">                                \r\n<a target=\"_blank\" href=\"https:\/\/www.opuzen.hr\/grad\/javni-poziv-mladim-obiteljima-i-mladim-poljoprivrednicima-za-dostavu-prijava-za-koristenje-mjera-iz-programa-potpora-za-unapredenje-uvjeta-stanovanja-mladih-obitelji-i-mladih-poljoprivrednika-na-podru\/?download=53094\">Obrazac-I-1-Izjava-o-vlasni\u0161tvu<\/a><div style=\"float:right;\">16 kB \/ Preuzeto: 5<\/div>\r\n<br><small><\/small><\/li><li class=\"post-attachment mime-application-vnd-openxmlformats-officedocument-wordprocessingml-document\">                                \r\n<a target=\"_blank\" href=\"https:\/\/www.opuzen.hr\/grad\/javni-poziv-mladim-obiteljima-i-mladim-poljoprivrednicima-za-dostavu-prijava-za-koristenje-mjera-iz-programa-potpora-za-unapredenje-uvjeta-stanovanja-mladih-obitelji-i-mladih-poljoprivrednika-na-podru\/?download=53092\">Obrazac-I-2-Izjava-suvlasnika-nekretnine<\/a><div style=\"float:right;\">14 kB \/ Preuzeto: 8<\/div>\r\n<br><small><\/small><\/li><li class=\"post-attachment mime-application-vnd-openxmlformats-officedocument-wordprocessingml-document\">                                \r\n<a target=\"_blank\" href=\"https:\/\/www.opuzen.hr\/grad\/javni-poziv-mladim-obiteljima-i-mladim-poljoprivrednicima-za-dostavu-prijava-za-koristenje-mjera-iz-programa-potpora-za-unapredenje-uvjeta-stanovanja-mladih-obitelji-i-mladih-poljoprivrednika-na-podru\/?download=53091\">OBRAZAC-P-1-prijava-za-Mjeru-1_<\/a><div style=\"float:right;\">19 kB \/ Preuzeto: 12<\/div>\r\n<br><small><\/small><\/li><li class=\"post-attachment mime-application-vnd-openxmlformats-officedocument-wordprocessingml-document\">                                \r\n<a target=\"_blank\" href=\"https:\/\/www.opuzen.hr\/grad\/javni-poziv-mladim-obiteljima-i-mladim-poljoprivrednicima-za-dostavu-prijava-za-koristenje-mjera-iz-programa-potpora-za-unapredenje-uvjeta-stanovanja-mladih-obitelji-i-mladih-poljoprivrednika-na-podru\/?download=53096\">OBRAZAC-P-2-Prijava-za-Mjeru-2_<\/a><div style=\"float:right;\">19 kB \/ Preuzeto: 6<\/div>\r\n<br><small><\/small><\/li><li class=\"post-attachment mime-application-vnd-openxmlformats-officedocument-wordprocessingml-document\">                                \r\n<a target=\"_blank\" href=\"https:\/\/www.opuzen.hr\/grad\/javni-poziv-mladim-obiteljima-i-mladim-poljoprivrednicima-za-dostavu-prijava-za-koristenje-mjera-iz-programa-potpora-za-unapredenje-uvjeta-stanovanja-mladih-obitelji-i-mladih-poljoprivrednika-na-podru\/?download=53095\">OBRAZAC-P-3-Prijava-za-Mjeru-3_<\/a><div style=\"float:right;\">21 kB \/ Preuzeto: 13<\/div>\r\n<br><small><\/small><\/li><\/ul><\/div>","protected":false},"excerpt":{"rendered":"<p>Dana 04. rujna 2026. Gradona\u010delnik Grada Opuzena raspisao je\u00a0Javni poziv mladim obiteljima i mladim poljoprivrednicima&#8230;<\/p>\n","protected":false},"author":3,"featured_media":29,"comment_status":"closed","ping_status":"closed","sticky":false,"template":"","format":"standard","meta":{"footnotes":""},"categories":[4],"tags":[],"class_list":["post-53090","post","type-post","status-publish","format-standard","has-post-thumbnail","hentry","category-novosti","wpcat-4-id"],"yoast_head":"<!-- This site is optimized with the Yoast SEO plugin v23.1 - https:\/\/yoast.com\/wordpress\/plugins\/seo\/ -->\n<title>Javni poziv mladim obiteljima i mladim poljoprivrednicima za dostavu prijava za kori\u0161tenje mjera iz Programa potpora za unapre\u0111enje uvjeta stanovanja mladih obitelji i mladih poljoprivrednika na podru\u010dju Grada Opuzena za 2026. - Grad Opuzen<\/title>\n<meta name=\"robots\" content=\"index, follow, max-snippet:-1, max-image-preview:large, max-video-preview:-1\" \/>\n<link rel=\"canonical\" href=\"https:\/\/www.opuzen.hr\/grad\/javni-poziv-mladim-obiteljima-i-mladim-poljoprivrednicima-za-dostavu-prijava-za-koristenje-mjera-iz-programa-potpora-za-unapredenje-uvjeta-stanovanja-mladih-obitelji-i-mladih-poljoprivrednika-na-podru\/\" \/>\n<meta property=\"og:locale\" content=\"hr_HR\" \/>\n<meta property=\"og:type\" content=\"article\" \/>\n<meta property=\"og:title\" content=\"Javni poziv mladim obiteljima i mladim poljoprivrednicima za dostavu prijava za kori\u0161tenje mjera iz Programa potpora za unapre\u0111enje uvjeta stanovanja mladih obitelji i mladih poljoprivrednika na podru\u010dju Grada Opuzena za 2026. - Grad Opuzen\" \/>\n<meta property=\"og:description\" content=\"Dana 04. rujna 2026. Gradona\u010delnik Grada Opuzena raspisao je\u00a0Javni poziv mladim obiteljima i mladim poljoprivrednicima...\" \/>\n<meta property=\"og:url\" content=\"https:\/\/www.opuzen.hr\/grad\/javni-poziv-mladim-obiteljima-i-mladim-poljoprivrednicima-za-dostavu-prijava-za-koristenje-mjera-iz-programa-potpora-za-unapredenje-uvjeta-stanovanja-mladih-obitelji-i-mladih-poljoprivrednika-na-podru\/\" \/>\n<meta property=\"og:site_name\" content=\"Grad Opuzen\" \/>\n<meta property=\"article:published_time\" content=\"2026-09-04T08:49:56+00:00\" \/>\n<meta property=\"article:modified_time\" content=\"2026-09-04T08:50:43+00:00\" \/>\n<meta property=\"og:image\" content=\"https:\/\/www.opuzen.hr\/grad\/wp-content\/uploads\/2018\/02\/Grad_Opuzen_SLSTR_intro-e1519545580645.jpeg\" \/>\n\t<meta property=\"og:image:width\" content=\"800\" \/>\n\t<meta property=\"og:image:height\" content=\"498\" \/>\n\t<meta property=\"og:image:type\" content=\"image\/jpeg\" \/>\n<meta name=\"author\" content=\"Grad Opuzen\" \/>\n<meta name=\"twitter:card\" content=\"summary_large_image\" \/>\n<meta name=\"twitter:label1\" content=\"Napisao\/la\" \/>\n\t<meta name=\"twitter:data1\" content=\"Grad Opuzen\" \/>\n\t<meta name=\"twitter:label2\" content=\"Procijenjeno vrijeme \u010ditanja\" \/>\n\t<meta name=\"twitter:data2\" content=\"1 minuta\" \/>\n<script type=\"application\/ld+json\" class=\"yoast-schema-graph\">{\"@context\":\"https:\/\/schema.org\",\"@graph\":[{\"@type\":\"Article\",\"@id\":\"https:\/\/www.opuzen.hr\/grad\/javni-poziv-mladim-obiteljima-i-mladim-poljoprivrednicima-za-dostavu-prijava-za-koristenje-mjera-iz-programa-potpora-za-unapredenje-uvjeta-stanovanja-mladih-obitelji-i-mladih-poljoprivrednika-na-podru\/#article\",\"isPartOf\":{\"@id\":\"https:\/\/www.opuzen.hr\/grad\/javni-poziv-mladim-obiteljima-i-mladim-poljoprivrednicima-za-dostavu-prijava-za-koristenje-mjera-iz-programa-potpora-za-unapredenje-uvjeta-stanovanja-mladih-obitelji-i-mladih-poljoprivrednika-na-podru\/\"},\"author\":{\"name\":\"Grad Opuzen\",\"@id\":\"https:\/\/www.opuzen.hr\/grad\/#\/schema\/person\/0a17a9796898e9409a1fa4ca7448a481\"},\"headline\":\"Javni poziv mladim obiteljima i mladim poljoprivrednicima za dostavu prijava za kori\u0161tenje mjera iz Programa potpora za unapre\u0111enje uvjeta stanovanja mladih obitelji i mladih poljoprivrednika na podru\u010dju Grada Opuzena za 2026.\",\"datePublished\":\"2026-09-04T08:49:56+00:00\",\"dateModified\":\"2026-09-04T08:50:43+00:00\",\"mainEntityOfPage\":{\"@id\":\"https:\/\/www.opuzen.hr\/grad\/javni-poziv-mladim-obiteljima-i-mladim-poljoprivrednicima-za-dostavu-prijava-za-koristenje-mjera-iz-programa-potpora-za-unapredenje-uvjeta-stanovanja-mladih-obitelji-i-mladih-poljoprivrednika-na-podru\/\"},\"wordCount\":139,\"publisher\":{\"@id\":\"https:\/\/www.opuzen.hr\/grad\/#organization\"},\"image\":{\"@id\":\"https:\/\/www.opuzen.hr\/grad\/javni-poziv-mladim-obiteljima-i-mladim-poljoprivrednicima-za-dostavu-prijava-za-koristenje-mjera-iz-programa-potpora-za-unapredenje-uvjeta-stanovanja-mladih-obitelji-i-mladih-poljoprivrednika-na-podru\/#primaryimage\"},\"thumbnailUrl\":\"https:\/\/www.opuzen.hr\/grad\/wp-content\/uploads\/2018\/02\/Grad_Opuzen_SLSTR_intro-e1519545580645.jpeg\",\"articleSection\":[\"Novosti\"],\"inLanguage\":\"hr\"},{\"@type\":\"WebPage\",\"@id\":\"https:\/\/www.opuzen.hr\/grad\/javni-poziv-mladim-obiteljima-i-mladim-poljoprivrednicima-za-dostavu-prijava-za-koristenje-mjera-iz-programa-potpora-za-unapredenje-uvjeta-stanovanja-mladih-obitelji-i-mladih-poljoprivrednika-na-podru\/\",\"url\":\"https:\/\/www.opuzen.hr\/grad\/javni-poziv-mladim-obiteljima-i-mladim-poljoprivrednicima-za-dostavu-prijava-za-koristenje-mjera-iz-programa-potpora-za-unapredenje-uvjeta-stanovanja-mladih-obitelji-i-mladih-poljoprivrednika-na-podru\/\",\"name\":\"Javni poziv mladim obiteljima i mladim poljoprivrednicima za dostavu prijava za kori\u0161tenje mjera iz Programa potpora za unapre\u0111enje uvjeta stanovanja mladih obitelji i mladih poljoprivrednika na podru\u010dju Grada Opuzena za 2026. - Grad Opuzen\",\"isPartOf\":{\"@id\":\"https:\/\/www.opuzen.hr\/grad\/#website\"},\"primaryImageOfPage\":{\"@id\":\"https:\/\/www.opuzen.hr\/grad\/javni-poziv-mladim-obiteljima-i-mladim-poljoprivrednicima-za-dostavu-prijava-za-koristenje-mjera-iz-programa-potpora-za-unapredenje-uvjeta-stanovanja-mladih-obitelji-i-mladih-poljoprivrednika-na-podru\/#primaryimage\"},\"image\":{\"@id\":\"https:\/\/www.opuzen.hr\/grad\/javni-poziv-mladim-obiteljima-i-mladim-poljoprivrednicima-za-dostavu-prijava-za-koristenje-mjera-iz-programa-potpora-za-unapredenje-uvjeta-stanovanja-mladih-obitelji-i-mladih-poljoprivrednika-na-podru\/#primaryimage\"},\"thumbnailUrl\":\"https:\/\/www.opuzen.hr\/grad\/wp-content\/uploads\/2018\/02\/Grad_Opuzen_SLSTR_intro-e1519545580645.jpeg\",\"datePublished\":\"2026-09-04T08:49:56+00:00\",\"dateModified\":\"2026-09-04T08:50:43+00:00\",\"breadcrumb\":{\"@id\":\"https:\/\/www.opuzen.hr\/grad\/javni-poziv-mladim-obiteljima-i-mladim-poljoprivrednicima-za-dostavu-prijava-za-koristenje-mjera-iz-programa-potpora-za-unapredenje-uvjeta-stanovanja-mladih-obitelji-i-mladih-poljoprivrednika-na-podru\/#breadcrumb\"},\"inLanguage\":\"hr\",\"potentialAction\":[{\"@type\":\"ReadAction\",\"target\":[\"https:\/\/www.opuzen.hr\/grad\/javni-poziv-mladim-obiteljima-i-mladim-poljoprivrednicima-za-dostavu-prijava-za-koristenje-mjera-iz-programa-potpora-za-unapredenje-uvjeta-stanovanja-mladih-obitelji-i-mladih-poljoprivrednika-na-podru\/\"]}]},{\"@type\":\"ImageObject\",\"inLanguage\":\"hr\",\"@id\":\"https:\/\/www.opuzen.hr\/grad\/javni-poziv-mladim-obiteljima-i-mladim-poljoprivrednicima-za-dostavu-prijava-za-koristenje-mjera-iz-programa-potpora-za-unapredenje-uvjeta-stanovanja-mladih-obitelji-i-mladih-poljoprivrednika-na-podru\/#primaryimage\",\"url\":\"https:\/\/www.opuzen.hr\/grad\/wp-content\/uploads\/2018\/02\/Grad_Opuzen_SLSTR_intro-e1519545580645.jpeg\",\"contentUrl\":\"https:\/\/www.opuzen.hr\/grad\/wp-content\/uploads\/2018\/02\/Grad_Opuzen_SLSTR_intro-e1519545580645.jpeg\",\"width\":800,\"height\":498},{\"@type\":\"BreadcrumbList\",\"@id\":\"https:\/\/www.opuzen.hr\/grad\/javni-poziv-mladim-obiteljima-i-mladim-poljoprivrednicima-za-dostavu-prijava-za-koristenje-mjera-iz-programa-potpora-za-unapredenje-uvjeta-stanovanja-mladih-obitelji-i-mladih-poljoprivrednika-na-podru\/#breadcrumb\",\"itemListElement\":[{\"@type\":\"ListItem\",\"position\":1,\"name\":\"Po\u010detna stranica\",\"item\":\"https:\/\/www.opuzen.hr\/grad\/\"},{\"@type\":\"ListItem\",\"position\":2,\"name\":\"Javni poziv mladim obiteljima i mladim poljoprivrednicima za dostavu prijava za kori\u0161tenje mjera iz Programa potpora za unapre\u0111enje uvjeta stanovanja mladih obitelji i mladih poljoprivrednika na podru\u010dju Grada Opuzena za 2026.\"}]},{\"@type\":\"WebSite\",\"@id\":\"https:\/\/www.opuzen.hr\/grad\/#website\",\"url\":\"https:\/\/www.opuzen.hr\/grad\/\",\"name\":\"Grad Opuzen\",\"description\":\"Slu\u017ebene mre\u017ene stranice Grada Opuzena\",\"publisher\":{\"@id\":\"https:\/\/www.opuzen.hr\/grad\/#organization\"},\"potentialAction\":[{\"@type\":\"SearchAction\",\"target\":{\"@type\":\"EntryPoint\",\"urlTemplate\":\"https:\/\/www.opuzen.hr\/grad\/?s={search_term_string}\"},\"query-input\":\"required name=search_term_string\"}],\"inLanguage\":\"hr\"},{\"@type\":\"Organization\",\"@id\":\"https:\/\/www.opuzen.hr\/grad\/#organization\",\"name\":\"Grad Opuzen\",\"url\":\"https:\/\/www.opuzen.hr\/grad\/\",\"logo\":{\"@type\":\"ImageObject\",\"inLanguage\":\"hr\",\"@id\":\"https:\/\/www.opuzen.hr\/grad\/#\/schema\/logo\/image\/\",\"url\":\"https:\/\/www.opuzen.hr\/grad\/wp-content\/uploads\/2018\/02\/logo-opuzen.jpg\",\"contentUrl\":\"https:\/\/www.opuzen.hr\/grad\/wp-content\/uploads\/2018\/02\/logo-opuzen.jpg\",\"width\":400,\"height\":400,\"caption\":\"Grad Opuzen\"},\"image\":{\"@id\":\"https:\/\/www.opuzen.hr\/grad\/#\/schema\/logo\/image\/\"}},{\"@type\":\"Person\",\"@id\":\"https:\/\/www.opuzen.hr\/grad\/#\/schema\/person\/0a17a9796898e9409a1fa4ca7448a481\",\"name\":\"Grad Opuzen\",\"image\":{\"@type\":\"ImageObject\",\"inLanguage\":\"hr\",\"@id\":\"https:\/\/www.opuzen.hr\/grad\/#\/schema\/person\/image\/\",\"url\":\"https:\/\/secure.gravatar.com\/avatar\/0c54089de4fcf14c0fe3355109a3ac05?s=96&d=mm&r=g\",\"contentUrl\":\"https:\/\/secure.gravatar.com\/avatar\/0c54089de4fcf14c0fe3355109a3ac05?s=96&d=mm&r=g\",\"caption\":\"Grad Opuzen\"},\"url\":\"https:\/\/www.opuzen.hr\/grad\/author\/admin\/\"}]}<\/script>\n<!-- \/ Yoast SEO plugin. -->","yoast_head_json":{"title":"Javni poziv mladim obiteljima i mladim poljoprivrednicima za dostavu prijava za kori\u0161tenje mjera iz Programa potpora za unapre\u0111enje uvjeta stanovanja mladih obitelji i mladih poljoprivrednika na podru\u010dju Grada Opuzena za 2026. - Grad Opuzen","robots":{"index":"index","follow":"follow","max-snippet":"max-snippet:-1","max-image-preview":"max-image-preview:large","max-video-preview":"max-video-preview:-1"},"canonical":"https:\/\/www.opuzen.hr\/grad\/javni-poziv-mladim-obiteljima-i-mladim-poljoprivrednicima-za-dostavu-prijava-za-koristenje-mjera-iz-programa-potpora-za-unapredenje-uvjeta-stanovanja-mladih-obitelji-i-mladih-poljoprivrednika-na-podru\/","og_locale":"hr_HR","og_type":"article","og_title":"Javni poziv mladim obiteljima i mladim poljoprivrednicima za dostavu prijava za kori\u0161tenje mjera iz Programa potpora za unapre\u0111enje uvjeta stanovanja mladih obitelji i mladih poljoprivrednika na podru\u010dju Grada Opuzena za 2026. - Grad Opuzen","og_description":"Dana 04. rujna 2026. Gradona\u010delnik Grada Opuzena raspisao je\u00a0Javni poziv mladim obiteljima i mladim poljoprivrednicima...","og_url":"https:\/\/www.opuzen.hr\/grad\/javni-poziv-mladim-obiteljima-i-mladim-poljoprivrednicima-za-dostavu-prijava-za-koristenje-mjera-iz-programa-potpora-za-unapredenje-uvjeta-stanovanja-mladih-obitelji-i-mladih-poljoprivrednika-na-podru\/","og_site_name":"Grad Opuzen","article_published_time":"2026-09-04T08:49:56+00:00","article_modified_time":"2026-09-04T08:50:43+00:00","og_image":[{"width":800,"height":498,"url":"https:\/\/www.opuzen.hr\/grad\/wp-content\/uploads\/2018\/02\/Grad_Opuzen_SLSTR_intro-e1519545580645.jpeg","type":"image\/jpeg"}],"author":"Grad Opuzen","twitter_card":"summary_large_image","twitter_misc":{"Napisao\/la":"Grad Opuzen","Procijenjeno vrijeme \u010ditanja":"1 minuta"},"schema":{"@context":"https:\/\/schema.org","@graph":[{"@type":"Article","@id":"https:\/\/www.opuzen.hr\/grad\/javni-poziv-mladim-obiteljima-i-mladim-poljoprivrednicima-za-dostavu-prijava-za-koristenje-mjera-iz-programa-potpora-za-unapredenje-uvjeta-stanovanja-mladih-obitelji-i-mladih-poljoprivrednika-na-podru\/#article","isPartOf":{"@id":"https:\/\/www.opuzen.hr\/grad\/javni-poziv-mladim-obiteljima-i-mladim-poljoprivrednicima-za-dostavu-prijava-za-koristenje-mjera-iz-programa-potpora-za-unapredenje-uvjeta-stanovanja-mladih-obitelji-i-mladih-poljoprivrednika-na-podru\/"},"author":{"name":"Grad Opuzen","@id":"https:\/\/www.opuzen.hr\/grad\/#\/schema\/person\/0a17a9796898e9409a1fa4ca7448a481"},"headline":"Javni poziv mladim obiteljima i mladim poljoprivrednicima za dostavu prijava za kori\u0161tenje mjera iz Programa potpora za unapre\u0111enje uvjeta stanovanja mladih obitelji i mladih poljoprivrednika na podru\u010dju Grada Opuzena za 2026.","datePublished":"2026-09-04T08:49:56+00:00","dateModified":"2026-09-04T08:50:43+00:00","mainEntityOfPage":{"@id":"https:\/\/www.opuzen.hr\/grad\/javni-poziv-mladim-obiteljima-i-mladim-poljoprivrednicima-za-dostavu-prijava-za-koristenje-mjera-iz-programa-potpora-za-unapredenje-uvjeta-stanovanja-mladih-obitelji-i-mladih-poljoprivrednika-na-podru\/"},"wordCount":139,"publisher":{"@id":"https:\/\/www.opuzen.hr\/grad\/#organization"},"image":{"@id":"https:\/\/www.opuzen.hr\/grad\/javni-poziv-mladim-obiteljima-i-mladim-poljoprivrednicima-za-dostavu-prijava-za-koristenje-mjera-iz-programa-potpora-za-unapredenje-uvjeta-stanovanja-mladih-obitelji-i-mladih-poljoprivrednika-na-podru\/#primaryimage"},"thumbnailUrl":"https:\/\/www.opuzen.hr\/grad\/wp-content\/uploads\/2018\/02\/Grad_Opuzen_SLSTR_intro-e1519545580645.jpeg","articleSection":["Novosti"],"inLanguage":"hr"},{"@type":"WebPage","@id":"https:\/\/www.opuzen.hr\/grad\/javni-poziv-mladim-obiteljima-i-mladim-poljoprivrednicima-za-dostavu-prijava-za-koristenje-mjera-iz-programa-potpora-za-unapredenje-uvjeta-stanovanja-mladih-obitelji-i-mladih-poljoprivrednika-na-podru\/","url":"https:\/\/www.opuzen.hr\/grad\/javni-poziv-mladim-obiteljima-i-mladim-poljoprivrednicima-za-dostavu-prijava-za-koristenje-mjera-iz-programa-potpora-za-unapredenje-uvjeta-stanovanja-mladih-obitelji-i-mladih-poljoprivrednika-na-podru\/","name":"Javni poziv mladim obiteljima i mladim poljoprivrednicima za dostavu prijava za kori\u0161tenje mjera iz Programa potpora za unapre\u0111enje uvjeta stanovanja mladih obitelji i mladih poljoprivrednika na podru\u010dju Grada Opuzena za 2026. - Grad Opuzen","isPartOf":{"@id":"https:\/\/www.opuzen.hr\/grad\/#website"},"primaryImageOfPage":{"@id":"https:\/\/www.opuzen.hr\/grad\/javni-poziv-mladim-obiteljima-i-mladim-poljoprivrednicima-za-dostavu-prijava-za-koristenje-mjera-iz-programa-potpora-za-unapredenje-uvjeta-stanovanja-mladih-obitelji-i-mladih-poljoprivrednika-na-podru\/#primaryimage"},"image":{"@id":"https:\/\/www.opuzen.hr\/grad\/javni-poziv-mladim-obiteljima-i-mladim-poljoprivrednicima-za-dostavu-prijava-za-koristenje-mjera-iz-programa-potpora-za-unapredenje-uvjeta-stanovanja-mladih-obitelji-i-mladih-poljoprivrednika-na-podru\/#primaryimage"},"thumbnailUrl":"https:\/\/www.opuzen.hr\/grad\/wp-content\/uploads\/2018\/02\/Grad_Opuzen_SLSTR_intro-e1519545580645.jpeg","datePublished":"2026-09-04T08:49:56+00:00","dateModified":"2026-09-04T08:50:43+00:00","breadcrumb":{"@id":"https:\/\/www.opuzen.hr\/grad\/javni-poziv-mladim-obiteljima-i-mladim-poljoprivrednicima-za-dostavu-prijava-za-koristenje-mjera-iz-programa-potpora-za-unapredenje-uvjeta-stanovanja-mladih-obitelji-i-mladih-poljoprivrednika-na-podru\/#breadcrumb"},"inLanguage":"hr","potentialAction":[{"@type":"ReadAction","target":["https:\/\/www.opuzen.hr\/grad\/javni-poziv-mladim-obiteljima-i-mladim-poljoprivrednicima-za-dostavu-prijava-za-koristenje-mjera-iz-programa-potpora-za-unapredenje-uvjeta-stanovanja-mladih-obitelji-i-mladih-poljoprivrednika-na-podru\/"]}]},{"@type":"ImageObject","inLanguage":"hr","@id":"https:\/\/www.opuzen.hr\/grad\/javni-poziv-mladim-obiteljima-i-mladim-poljoprivrednicima-za-dostavu-prijava-za-koristenje-mjera-iz-programa-potpora-za-unapredenje-uvjeta-stanovanja-mladih-obitelji-i-mladih-poljoprivrednika-na-podru\/#primaryimage","url":"https:\/\/www.opuzen.hr\/grad\/wp-content\/uploads\/2018\/02\/Grad_Opuzen_SLSTR_intro-e1519545580645.jpeg","contentUrl":"https:\/\/www.opuzen.hr\/grad\/wp-content\/uploads\/2018\/02\/Grad_Opuzen_SLSTR_intro-e1519545580645.jpeg","width":800,"height":498},{"@type":"BreadcrumbList","@id":"https:\/\/www.opuzen.hr\/grad\/javni-poziv-mladim-obiteljima-i-mladim-poljoprivrednicima-za-dostavu-prijava-za-koristenje-mjera-iz-programa-potpora-za-unapredenje-uvjeta-stanovanja-mladih-obitelji-i-mladih-poljoprivrednika-na-podru\/#breadcrumb","itemListElement":[{"@type":"ListItem","position":1,"name":"Po\u010detna stranica","item":"https:\/\/www.opuzen.hr\/grad\/"},{"@type":"ListItem","position":2,"name":"Javni poziv mladim obiteljima i mladim poljoprivrednicima za dostavu prijava za kori\u0161tenje mjera iz Programa potpora za unapre\u0111enje uvjeta stanovanja mladih obitelji i mladih poljoprivrednika na podru\u010dju Grada Opuzena za 2026."}]},{"@type":"WebSite","@id":"https:\/\/www.opuzen.hr\/grad\/#website","url":"https:\/\/www.opuzen.hr\/grad\/","name":"Grad Opuzen","description":"Slu\u017ebene mre\u017ene stranice Grada Opuzena","publisher":{"@id":"https:\/\/www.opuzen.hr\/grad\/#organization"},"potentialAction":[{"@type":"SearchAction","target":{"@type":"EntryPoint","urlTemplate":"https:\/\/www.opuzen.hr\/grad\/?s={search_term_string}"},"query-input":"required name=search_term_string"}],"inLanguage":"hr"},{"@type":"Organization","@id":"https:\/\/www.opuzen.hr\/grad\/#organization","name":"Grad Opuzen","url":"https:\/\/www.opuzen.hr\/grad\/","logo":{"@type":"ImageObject","inLanguage":"hr","@id":"https:\/\/www.opuzen.hr\/grad\/#\/schema\/logo\/image\/","url":"https:\/\/www.opuzen.hr\/grad\/wp-content\/uploads\/2018\/02\/logo-opuzen.jpg","contentUrl":"https:\/\/www.opuzen.hr\/grad\/wp-content\/uploads\/2018\/02\/logo-opuzen.jpg","width":400,"height":400,"caption":"Grad Opuzen"},"image":{"@id":"https:\/\/www.opuzen.hr\/grad\/#\/schema\/logo\/image\/"}},{"@type":"Person","@id":"https:\/\/www.opuzen.hr\/grad\/#\/schema\/person\/0a17a9796898e9409a1fa4ca7448a481","name":"Grad Opuzen","image":{"@type":"ImageObject","inLanguage":"hr","@id":"https:\/\/www.opuzen.hr\/grad\/#\/schema\/person\/image\/","url":"https:\/\/secure.gravatar.com\/avatar\/0c54089de4fcf14c0fe3355109a3ac05?s=96&d=mm&r=g","contentUrl":"https:\/\/secure.gravatar.com\/avatar\/0c54089de4fcf14c0fe3355109a3ac05?s=96&d=mm&r=g","caption":"Grad Opuzen"},"url":"https:\/\/www.opuzen.hr\/grad\/author\/admin\/"}]}},"_links":{"self":[{"href":"https:\/\/www.opuzen.hr\/grad\/wp-json\/wp\/v2\/posts\/53090"}],"collection":[{"href":"https:\/\/www.opuzen.hr\/grad\/wp-json\/wp\/v2\/posts"}],"about":[{"href":"https:\/\/www.opuzen.hr\/grad\/wp-json\/wp\/v2\/types\/post"}],"author":[{"embeddable":true,"href":"https:\/\/www.opuzen.hr\/grad\/wp-json\/wp\/v2\/users\/3"}],"replies":[{"embeddable":true,"href":"https:\/\/www.opuzen.hr\/grad\/wp-json\/wp\/v2\/comments?post=53090"}],"version-history":[{"count":1,"href":"https:\/\/www.opuzen.hr\/grad\/wp-json\/wp\/v2\/posts\/53090\/revisions"}],"predecessor-version":[{"id":53097,"href":"https:\/\/www.opuzen.hr\/grad\/wp-json\/wp\/v2\/posts\/53090\/revisions\/53097"}],"wp:featuredmedia":[{"embeddable":true,"href":"https:\/\/www.opuzen.hr\/grad\/wp-json\/wp\/v2\/media\/29"}],"wp:attachment":[{"href":"https:\/\/www.opuzen.hr\/grad\/wp-json\/wp\/v2\/media?parent=53090"}],"wp:term":[{"taxonomy":"category","embeddable":true,"href":"https:\/\/www.opuzen.hr\/grad\/wp-json\/wp\/v2\/categories?post=53090"},{"taxonomy":"post_tag","embeddable":true,"href":"https:\/\/www.opuzen.hr\/grad\/wp-json\/wp\/v2\/tags?post=53090"}],"curies":[{"name":"wp","href":"https:\/\/api.w.org\/{rel}","templated":true}]}}